{"id":573901,"date":"2017-12-18T23:19:47","date_gmt":"2017-12-18T23:19:47","guid":{"rendered":"https:\/\/www.pressenza.com\/?p=573901\/"},"modified":"2017-12-18T23:19:47","modified_gmt":"2017-12-18T23:19:47","slug":"tensa-calma-buenos-aires-se-debate-recorte-jubilaciones","status":"publish","type":"post","link":"https:\/\/www.pressenza.com\/es\/2017\/12\/tensa-calma-buenos-aires-se-debate-recorte-jubilaciones\/","title":{"rendered":"Tensa calma en Buenos Aires mientras se debate recorte a jubilaciones"},"content":{"rendered":"<p>Mientras los diputados del oficialismo defienden a capa y espada el proyecto de ley que busca modificar el c\u00e1lculo que regula los aumentos para las jubilaciones, pensiones y dem\u00e1s prestaciones sociales, vendi\u00e9ndola como un beneficio para diez millones de personas, las calles del centro de la Ciudad de Buenos Aires se llenaron de manifestantes que se oponen a este ajuste regresivo.<\/p>\n<p>\u201c\u00bfC\u00f3mo puede ser que si esto les sube las jubilaciones a los adultos mayores, el gobierno se va a ahorrar 120 mil millones de pesos?\u201d, preguntaba uno de los manifestantes a este cronista. \u201c\u00bfC\u00f3mo nos pueden querer convencer que es posible cobrar menos, pero tener mayor poder adquisitivo? \u00a1La soberbia de esta gente no se aguanta m\u00e1s!\u201d, agregaba mientras los camiones hidrantes comenzaban a rociar a las decenas de miles de personas que se hab\u00edan congregado frente al Congreso de los Diputados.<\/p>\n<p>Un grupo minoritario de manifestantes atac\u00f3 a la polic\u00eda y a partir de ah\u00ed se perdi\u00f3 todo el inter\u00e9s por el debate que ocurr\u00eda dentro del recinto legislativo y se produjo en la Argentina una cadena nacional de las piedras. Un pa\u00eds discute de d\u00f3nde vinieron las piedras, a qui\u00e9nes le sirven, para qu\u00e9 se lanzaron, por qu\u00e9 la polic\u00eda actu\u00f3 de tal o cu\u00e1l manera y se pierden de vista las medidas econ\u00f3micas que emprende el gobierno de Mauricio Macri y que afectan a generaciones enteras.<\/p>\n<p>Ya pasaron 6 horas continuadas de discursos en el Congreso, m\u00e1s tiempo lleva el operativo de represi\u00f3n, que no solo persigui\u00f3 a los violentos, sino a todos los que se hubieran desplazado al centro porte\u00f1o. La tensa calma augura una noche imprevisible.<\/p>\n","protected":false},"excerpt":{"rendered":"<p>Mientras los diputados del oficialismo defienden a capa y espada el proyecto de ley que busca modificar el c\u00e1lculo que regula los aumentos para las jubilaciones, pensiones y dem\u00e1s prestaciones sociales, vendi\u00e9ndola como un beneficio para diez millones de personas,&hellip;<\/p>\n","protected":false},"author":96,"featured_media":573902,"comment_status":"closed","ping_status":"closed","sticky":false,"template":"","format":"standard","meta":{"footnotes":""},"categories":[11389,81,74,67],"tags":[19600,26,42531,702],"class_list":["post-573901","post","type-post","status-publish","format-standard","has-post-thumbnail","hentry","category-contenido-original","category-economia-es","category-politica-es","category-sudamerica","tag-ajuste","tag-argentina","tag-recorte-jubilaciones","tag-represion"],"yoast_head":"<!-- This site is optimized with the Yoast SEO plugin v27.1.1 - https:\/\/yoast.com\/product\/yoast-seo-wordpress\/ -->\n<title>Tensa calma en Buenos Aires mientras se debate recorte a jubilaciones<\/title>\n<meta name=\"description\" content=\"Mientras los diputados del oficialismo defienden a capa y espada el proyecto de ley que busca modificar el c\u00e1lculo que regula los aumentos para las\" \/>\n<meta name=\"robots\" content=\"index, follow, max-snippet:-1, max-image-preview:large, max-video-preview:-1\" \/>\n<link rel=\"canonical\" href=\"https:\/\/www.pressenza.com\/es\/2017\/12\/tensa-calma-buenos-aires-se-debate-recorte-jubilaciones\/\" \/>\n<meta property=\"og:locale\" content=\"es_ES\" \/>\n<meta property=\"og:type\" content=\"article\" \/>\n<meta property=\"og:title\" content=\"Tensa calma en Buenos Aires mientras se debate recorte a jubilaciones\" \/>\n<meta property=\"og:description\" content=\"Mientras los diputados del oficialismo defienden a capa y espada el proyecto de ley que busca modificar el c\u00e1lculo que regula los aumentos para las\" \/>\n<meta property=\"og:url\" content=\"https:\/\/www.pressenza.com\/es\/2017\/12\/tensa-calma-buenos-aires-se-debate-recorte-jubilaciones\/\" \/>\n<meta property=\"og:site_name\" content=\"Pressenza\" \/>\n<meta property=\"article:publisher\" content=\"https:\/\/www.facebook.com\/PressenzaItalia\" \/>\n<meta property=\"article:author\" content=\"https:\/\/www.facebook.com\/mariano.quiroga.779\" \/>\n<meta property=\"article:published_time\" content=\"2017-12-18T23:19:47+00:00\" \/>\n<meta property=\"og:image\" content=\"https:\/\/www.pressenza.com\/wp-content\/uploads\/2017\/12\/DSCF4022.jpg\" \/>\n\t<meta property=\"og:image:width\" content=\"2048\" \/>\n\t<meta property=\"og:image:height\" content=\"1365\" \/>\n\t<meta property=\"og:image:type\" content=\"image\/jpeg\" \/>\n<meta name=\"author\" content=\"Mariano Quiroga\" \/>\n<meta name=\"twitter:card\" content=\"summary_large_image\" \/>\n<meta name=\"twitter:creator\" content=\"@MaruchoQuiroga\" \/>\n<meta name=\"twitter:site\" content=\"@PressenzaIPA\" \/>\n<meta name=\"twitter:label1\" content=\"Escrito por\" \/>\n\t<meta name=\"twitter:data1\" content=\"Mariano Quiroga\" \/>\n\t<meta name=\"twitter:label2\" content=\"Tiempo de lectura\" \/>\n\t<meta name=\"twitter:data2\" content=\"1 minuto\" \/>\n<script type=\"application\/ld+json\" class=\"yoast-schema-graph\">{\"@context\":\"https:\/\/schema.org\",\"@graph\":[{\"@type\":\"Article\",\"@id\":\"https:\/\/www.pressenza.com\/es\/2017\/12\/tensa-calma-buenos-aires-se-debate-recorte-jubilaciones\/#article\",\"isPartOf\":{\"@id\":\"https:\/\/www.pressenza.com\/es\/2017\/12\/tensa-calma-buenos-aires-se-debate-recorte-jubilaciones\/\"},\"author\":{\"name\":\"Mariano Quiroga\",\"@id\":\"https:\/\/www.pressenza.com\/es\/#\/schema\/person\/a0856fe41d8234b92503e6b28dc2585e\"},\"headline\":\"Tensa calma en Buenos Aires mientras se debate recorte a jubilaciones\",\"datePublished\":\"2017-12-18T23:19:47+00:00\",\"mainEntityOfPage\":{\"@id\":\"https:\/\/www.pressenza.com\/es\/2017\/12\/tensa-calma-buenos-aires-se-debate-recorte-jubilaciones\/\"},\"wordCount\":300,\"publisher\":{\"@id\":\"https:\/\/www.pressenza.com\/es\/#organization\"},\"image\":{\"@id\":\"https:\/\/www.pressenza.com\/es\/2017\/12\/tensa-calma-buenos-aires-se-debate-recorte-jubilaciones\/#primaryimage\"},\"thumbnailUrl\":\"https:\/\/www.pressenza.com\/wp-content\/uploads\/2017\/12\/DSCF4022.jpg\",\"keywords\":[\"ajuste\",\"Argentina\",\"recorte jubilaciones\",\"represi\u00f3n\"],\"articleSection\":[\"Contenido Original\",\"Econom\u00eda\",\"Pol\u00edtica\",\"Sudam\u00e9rica\"],\"inLanguage\":\"es\"},{\"@type\":\"WebPage\",\"@id\":\"https:\/\/www.pressenza.com\/es\/2017\/12\/tensa-calma-buenos-aires-se-debate-recorte-jubilaciones\/\",\"url\":\"https:\/\/www.pressenza.com\/es\/2017\/12\/tensa-calma-buenos-aires-se-debate-recorte-jubilaciones\/\",\"name\":\"Tensa calma en Buenos Aires mientras se debate recorte a jubilaciones\",\"isPartOf\":{\"@id\":\"https:\/\/www.pressenza.com\/es\/#website\"},\"primaryImageOfPage\":{\"@id\":\"https:\/\/www.pressenza.com\/es\/2017\/12\/tensa-calma-buenos-aires-se-debate-recorte-jubilaciones\/#primaryimage\"},\"image\":{\"@id\":\"https:\/\/www.pressenza.com\/es\/2017\/12\/tensa-calma-buenos-aires-se-debate-recorte-jubilaciones\/#primaryimage\"},\"thumbnailUrl\":\"https:\/\/www.pressenza.com\/wp-content\/uploads\/2017\/12\/DSCF4022.jpg\",\"datePublished\":\"2017-12-18T23:19:47+00:00\",\"description\":\"Mientras los diputados del oficialismo defienden a capa y espada el proyecto de ley que busca modificar el c\u00e1lculo que regula los aumentos para las\",\"breadcrumb\":{\"@id\":\"https:\/\/www.pressenza.com\/es\/2017\/12\/tensa-calma-buenos-aires-se-debate-recorte-jubilaciones\/#breadcrumb\"},\"inLanguage\":\"es\",\"potentialAction\":[{\"@type\":\"ReadAction\",\"target\":[\"https:\/\/www.pressenza.com\/es\/2017\/12\/tensa-calma-buenos-aires-se-debate-recorte-jubilaciones\/\"]}]},{\"@type\":\"ImageObject\",\"inLanguage\":\"es\",\"@id\":\"https:\/\/www.pressenza.com\/es\/2017\/12\/tensa-calma-buenos-aires-se-debate-recorte-jubilaciones\/#primaryimage\",\"url\":\"https:\/\/www.pressenza.com\/wp-content\/uploads\/2017\/12\/DSCF4022.jpg\",\"contentUrl\":\"https:\/\/www.pressenza.com\/wp-content\/uploads\/2017\/12\/DSCF4022.jpg\",\"width\":2048,\"height\":1365},{\"@type\":\"BreadcrumbList\",\"@id\":\"https:\/\/www.pressenza.com\/es\/2017\/12\/tensa-calma-buenos-aires-se-debate-recorte-jubilaciones\/#breadcrumb\",\"itemListElement\":[{\"@type\":\"ListItem\",\"position\":1,\"name\":\"Accueil\",\"item\":\"https:\/\/www.pressenza.com\/es\/\"},{\"@type\":\"ListItem\",\"position\":2,\"name\":\"Tensa calma en Buenos Aires mientras se debate recorte a jubilaciones\"}]},{\"@type\":\"WebSite\",\"@id\":\"https:\/\/www.pressenza.com\/es\/#website\",\"url\":\"https:\/\/www.pressenza.com\/es\/\",\"name\":\"Pressenza\",\"description\":\"International Press Agency\",\"publisher\":{\"@id\":\"https:\/\/www.pressenza.com\/es\/#organization\"},\"potentialAction\":[{\"@type\":\"SearchAction\",\"target\":{\"@type\":\"EntryPoint\",\"urlTemplate\":\"https:\/\/www.pressenza.com\/es\/?s={search_term_string}\"},\"query-input\":{\"@type\":\"PropertyValueSpecification\",\"valueRequired\":true,\"valueName\":\"search_term_string\"}}],\"inLanguage\":\"es\"},{\"@type\":\"Organization\",\"@id\":\"https:\/\/www.pressenza.com\/es\/#organization\",\"name\":\"Pressenza\",\"url\":\"https:\/\/www.pressenza.com\/es\/\",\"logo\":{\"@type\":\"ImageObject\",\"inLanguage\":\"es\",\"@id\":\"https:\/\/www.pressenza.com\/es\/#\/schema\/logo\/image\/\",\"url\":\"https:\/\/www.pressenza.com\/wp-content\/uploads\/2022\/10\/pressenza_logo_200x200.jpg\",\"contentUrl\":\"https:\/\/www.pressenza.com\/wp-content\/uploads\/2022\/10\/pressenza_logo_200x200.jpg\",\"width\":200,\"height\":200,\"caption\":\"Pressenza\"},\"image\":{\"@id\":\"https:\/\/www.pressenza.com\/es\/#\/schema\/logo\/image\/\"},\"sameAs\":[\"https:\/\/www.facebook.com\/PressenzaItalia\",\"https:\/\/x.com\/PressenzaIPA\"]},{\"@type\":\"Person\",\"@id\":\"https:\/\/www.pressenza.com\/es\/#\/schema\/person\/a0856fe41d8234b92503e6b28dc2585e\",\"name\":\"Mariano Quiroga\",\"description\":\"Born in Buenos Aires, Argentina, in 1976, Mariano is a journalist, poet and international editor for Pressenza. His career includes publications in different countries and languages. Currently he is presenter on radio programmes in Ecuador and Argentina. A humanist communicator specialising in international politics, his vocation has led him to seek to build bridges that allow relationships to be made between data, events, people and contexts in order to create an inclusive look that synthesises the noblest searches for social justice and humanisation of the planet.\",\"sameAs\":[\"https:\/\/www.facebook.com\/mariano.quiroga.779\",\"https:\/\/x.com\/MaruchoQuiroga\"],\"url\":\"https:\/\/www.pressenza.com\/es\/author\/mariano-quiroga\/\"}]}<\/script>\n<!-- \/ Yoast SEO plugin. -->","yoast_head_json":{"title":"Tensa calma en Buenos Aires mientras se debate recorte a jubilaciones","description":"Mientras los diputados del oficialismo defienden a capa y espada el proyecto de ley que busca modificar el c\u00e1lculo que regula los aumentos para las","robots":{"index":"index","follow":"follow","max-snippet":"max-snippet:-1","max-image-preview":"max-image-preview:large","max-video-preview":"max-video-preview:-1"},"canonical":"https:\/\/www.pressenza.com\/es\/2017\/12\/tensa-calma-buenos-aires-se-debate-recorte-jubilaciones\/","og_locale":"es_ES","og_type":"article","og_title":"Tensa calma en Buenos Aires mientras se debate recorte a jubilaciones","og_description":"Mientras los diputados del oficialismo defienden a capa y espada el proyecto de ley que busca modificar el c\u00e1lculo que regula los aumentos para las","og_url":"https:\/\/www.pressenza.com\/es\/2017\/12\/tensa-calma-buenos-aires-se-debate-recorte-jubilaciones\/","og_site_name":"Pressenza","article_publisher":"https:\/\/www.facebook.com\/PressenzaItalia","article_author":"https:\/\/www.facebook.com\/mariano.quiroga.779","article_published_time":"2017-12-18T23:19:47+00:00","og_image":[{"width":2048,"height":1365,"url":"https:\/\/www.pressenza.com\/wp-content\/uploads\/2017\/12\/DSCF4022.jpg","type":"image\/jpeg"}],"author":"Mariano Quiroga","twitter_card":"summary_large_image","twitter_creator":"@MaruchoQuiroga","twitter_site":"@PressenzaIPA","twitter_misc":{"Escrito por":"Mariano Quiroga","Tiempo de lectura":"1 minuto"},"schema":{"@context":"https:\/\/schema.org","@graph":[{"@type":"Article","@id":"https:\/\/www.pressenza.com\/es\/2017\/12\/tensa-calma-buenos-aires-se-debate-recorte-jubilaciones\/#article","isPartOf":{"@id":"https:\/\/www.pressenza.com\/es\/2017\/12\/tensa-calma-buenos-aires-se-debate-recorte-jubilaciones\/"},"author":{"name":"Mariano Quiroga","@id":"https:\/\/www.pressenza.com\/es\/#\/schema\/person\/a0856fe41d8234b92503e6b28dc2585e"},"headline":"Tensa calma en Buenos Aires mientras se debate recorte a jubilaciones","datePublished":"2017-12-18T23:19:47+00:00","mainEntityOfPage":{"@id":"https:\/\/www.pressenza.com\/es\/2017\/12\/tensa-calma-buenos-aires-se-debate-recorte-jubilaciones\/"},"wordCount":300,"publisher":{"@id":"https:\/\/www.pressenza.com\/es\/#organization"},"image":{"@id":"https:\/\/www.pressenza.com\/es\/2017\/12\/tensa-calma-buenos-aires-se-debate-recorte-jubilaciones\/#primaryimage"},"thumbnailUrl":"https:\/\/www.pressenza.com\/wp-content\/uploads\/2017\/12\/DSCF4022.jpg","keywords":["ajuste","Argentina","recorte jubilaciones","represi\u00f3n"],"articleSection":["Contenido Original","Econom\u00eda","Pol\u00edtica","Sudam\u00e9rica"],"inLanguage":"es"},{"@type":"WebPage","@id":"https:\/\/www.pressenza.com\/es\/2017\/12\/tensa-calma-buenos-aires-se-debate-recorte-jubilaciones\/","url":"https:\/\/www.pressenza.com\/es\/2017\/12\/tensa-calma-buenos-aires-se-debate-recorte-jubilaciones\/","name":"Tensa calma en Buenos Aires mientras se debate recorte a jubilaciones","isPartOf":{"@id":"https:\/\/www.pressenza.com\/es\/#website"},"primaryImageOfPage":{"@id":"https:\/\/www.pressenza.com\/es\/2017\/12\/tensa-calma-buenos-aires-se-debate-recorte-jubilaciones\/#primaryimage"},"image":{"@id":"https:\/\/www.pressenza.com\/es\/2017\/12\/tensa-calma-buenos-aires-se-debate-recorte-jubilaciones\/#primaryimage"},"thumbnailUrl":"https:\/\/www.pressenza.com\/wp-content\/uploads\/2017\/12\/DSCF4022.jpg","datePublished":"2017-12-18T23:19:47+00:00","description":"Mientras los diputados del oficialismo defienden a capa y espada el proyecto de ley que busca modificar el c\u00e1lculo que regula los aumentos para las","breadcrumb":{"@id":"https:\/\/www.pressenza.com\/es\/2017\/12\/tensa-calma-buenos-aires-se-debate-recorte-jubilaciones\/#breadcrumb"},"inLanguage":"es","potentialAction":[{"@type":"ReadAction","target":["https:\/\/www.pressenza.com\/es\/2017\/12\/tensa-calma-buenos-aires-se-debate-recorte-jubilaciones\/"]}]},{"@type":"ImageObject","inLanguage":"es","@id":"https:\/\/www.pressenza.com\/es\/2017\/12\/tensa-calma-buenos-aires-se-debate-recorte-jubilaciones\/#primaryimage","url":"https:\/\/www.pressenza.com\/wp-content\/uploads\/2017\/12\/DSCF4022.jpg","contentUrl":"https:\/\/www.pressenza.com\/wp-content\/uploads\/2017\/12\/DSCF4022.jpg","width":2048,"height":1365},{"@type":"BreadcrumbList","@id":"https:\/\/www.pressenza.com\/es\/2017\/12\/tensa-calma-buenos-aires-se-debate-recorte-jubilaciones\/#breadcrumb","itemListElement":[{"@type":"ListItem","position":1,"name":"Accueil","item":"https:\/\/www.pressenza.com\/es\/"},{"@type":"ListItem","position":2,"name":"Tensa calma en Buenos Aires mientras se debate recorte a jubilaciones"}]},{"@type":"WebSite","@id":"https:\/\/www.pressenza.com\/es\/#website","url":"https:\/\/www.pressenza.com\/es\/","name":"Pressenza","description":"International Press Agency","publisher":{"@id":"https:\/\/www.pressenza.com\/es\/#organization"},"potentialAction":[{"@type":"SearchAction","target":{"@type":"EntryPoint","urlTemplate":"https:\/\/www.pressenza.com\/es\/?s={search_term_string}"},"query-input":{"@type":"PropertyValueSpecification","valueRequired":true,"valueName":"search_term_string"}}],"inLanguage":"es"},{"@type":"Organization","@id":"https:\/\/www.pressenza.com\/es\/#organization","name":"Pressenza","url":"https:\/\/www.pressenza.com\/es\/","logo":{"@type":"ImageObject","inLanguage":"es","@id":"https:\/\/www.pressenza.com\/es\/#\/schema\/logo\/image\/","url":"https:\/\/www.pressenza.com\/wp-content\/uploads\/2022\/10\/pressenza_logo_200x200.jpg","contentUrl":"https:\/\/www.pressenza.com\/wp-content\/uploads\/2022\/10\/pressenza_logo_200x200.jpg","width":200,"height":200,"caption":"Pressenza"},"image":{"@id":"https:\/\/www.pressenza.com\/es\/#\/schema\/logo\/image\/"},"sameAs":["https:\/\/www.facebook.com\/PressenzaItalia","https:\/\/x.com\/PressenzaIPA"]},{"@type":"Person","@id":"https:\/\/www.pressenza.com\/es\/#\/schema\/person\/a0856fe41d8234b92503e6b28dc2585e","name":"Mariano Quiroga","description":"Born in Buenos Aires, Argentina, in 1976, Mariano is a journalist, poet and international editor for Pressenza. His career includes publications in different countries and languages. Currently he is presenter on radio programmes in Ecuador and Argentina. A humanist communicator specialising in international politics, his vocation has led him to seek to build bridges that allow relationships to be made between data, events, people and contexts in order to create an inclusive look that synthesises the noblest searches for social justice and humanisation of the planet.","sameAs":["https:\/\/www.facebook.com\/mariano.quiroga.779","https:\/\/x.com\/MaruchoQuiroga"],"url":"https:\/\/www.pressenza.com\/es\/author\/mariano-quiroga\/"}]}},"place":"Ciudad de Buenos Aires, Argentina","original_article_url":"","_links":{"self":[{"href":"https:\/\/www.pressenza.com\/es\/wp-json\/wp\/v2\/posts\/573901","targetHints":{"allow":["GET"]}}],"collection":[{"href":"https:\/\/www.pressenza.com\/es\/wp-json\/wp\/v2\/posts"}],"about":[{"href":"https:\/\/www.pressenza.com\/es\/wp-json\/wp\/v2\/types\/post"}],"author":[{"embeddable":true,"href":"https:\/\/www.pressenza.com\/es\/wp-json\/wp\/v2\/users\/96"}],"replies":[{"embeddable":true,"href":"https:\/\/www.pressenza.com\/es\/wp-json\/wp\/v2\/comments?post=573901"}],"version-history":[{"count":0,"href":"https:\/\/www.pressenza.com\/es\/wp-json\/wp\/v2\/posts\/573901\/revisions"}],"wp:featuredmedia":[{"embeddable":true,"href":"https:\/\/www.pressenza.com\/es\/wp-json\/wp\/v2\/media\/573902"}],"wp:attachment":[{"href":"https:\/\/www.pressenza.com\/es\/wp-json\/wp\/v2\/media?parent=573901"}],"wp:term":[{"taxonomy":"category","embeddable":true,"href":"https:\/\/www.pressenza.com\/es\/wp-json\/wp\/v2\/categories?post=573901"},{"taxonomy":"post_tag","embeddable":true,"href":"https:\/\/www.pressenza.com\/es\/wp-json\/wp\/v2\/tags?post=573901"}],"curies":[{"name":"wp","href":"https:\/\/api.w.org\/{rel}","templated":true}]}}