{"id":573437,"date":"2017-12-18T02:12:42","date_gmt":"2017-12-18T02:12:42","guid":{"rendered":"https:\/\/www.pressenza.com\/?p=573437\/"},"modified":"2017-12-18T02:12:42","modified_gmt":"2017-12-18T02:12:42","slug":"chile-gana-abstencion-pinera-presidente","status":"publish","type":"post","link":"https:\/\/www.pressenza.com\/es\/2017\/12\/chile-gana-abstencion-pinera-presidente\/","title":{"rendered":"Chile. Gana abstenci\u00f3n y Pi\u00f1era es presidente"},"content":{"rendered":"<p>Por Andr\u00e9s Figueroa Cornejo<\/p>\n<div>\n<p><strong>Nuevamente triunf\u00f3 la abstenci\u00f3n en las elecciones presidenciales 2017 con m\u00e1s de un 50 % de personas habilitadas para sufragar que no lo hicieron. Chile reafirma su liderazgo de menor participaci\u00f3n electoral en Am\u00e9rica Latina, y segundo en el mundo luego de Madagascar.<\/strong><\/p>\n<p>De acuerdo al \u00faltimo informe emitido por el Servicio Electoral de Chile, Servel, escrutado el 92 % de los votos, s\u00f3lo 6.325.858 de un universo de\u00a014.308.151, sufragaron. Esto es, un 44 %. De la minor\u00eda que vot\u00f3, un 54.5 % se inclin\u00f3 por el candidato liberal ortodoxo en lo econ\u00f3mico y ultra conservador en el campo &#8216;val\u00f3rico&#8217;, y ya presidente en el per\u00edodo 2010-2014, Sebasti\u00e1n Pi\u00f1era Eche\u00f1ique. S\u00f3lo un 45.5 % de la minor\u00eda lo hizo por el candidato de Nueva Mayor\u00eda (ex Concertaci\u00f3n), Alejandro Guillier \u00c1lvarez.<\/p>\n<p>Sebasti\u00e1n Pi\u00f1era, hermano de Jos\u00e9 Pi\u00f1era, uno de los m\u00e1s ac\u00e9rrimos colaboradores civiles de la tiran\u00eda de Augusto Pinochet, no solamente es uno de los individuos m\u00e1s ricos de Chile y el planeta (con una fortuna &#8216;oficial y legalizada&#8217; cifrada en m\u00e1s de 2 mil millones de d\u00f3lares, seg\u00fan la revista Forbes), sino que se encuentra directamente comprometido con delitos de corrupci\u00f3n bancaria, financiera, dineros en para\u00edsos fiscales y colusi\u00f3n corporativa, entre otros il\u00edcitos.<\/p>\n<p><strong>Republicanos y dem\u00f3cratas<\/strong><\/p>\n<p>El Estado chileno, vanguardia y ejemplo capitalista mundial de las estrategias pol\u00edticas antipopulares, de los llamados ajustes estructurales y de la guerra en contra de cualquier opresi\u00f3n social organizada que se exprese como disidencia activa, cuenta con un sistema pol\u00edtico institucional similar al de los EEUU de Norteam\u00e9rica. En otras palabras, Sebasti\u00e1n Pi\u00f1era encarna al Partido Republicano, mientras que Alejandro Guillier, el social liberalismo del Partido Dem\u00f3crata. Un duopolio de matices invisibles que ha administrado y profundizado los intereses y la dictadura del capital desde el 11 de septiembre de 1973, siendo continuidad intensificada desde 1990 de las transformaciones org\u00e1nicas impuestas mediante la violencia criminal de la tiran\u00eda pinochetista a lo largo de sus 17 a\u00f1os.<\/p>\n<p><strong>El problema no es la votaci\u00f3n voluntaria<\/strong><\/p>\n<p>Llamada casta o clase pol\u00edtica (por su impermeabilidad y constituci\u00f3n estructural como grupo de inter\u00e9s espec\u00edfico), una y otra componenda en el Ejecutivo, aparentando &#8216;cambios&#8217; a los que muy pocos dan cr\u00e9dito, se han turnado para beneficio del capital sobre todo en sus momentos financieros y extractivistas. Humanidad y naturaleza, explotaci\u00f3n y expoliaci\u00f3n, son las dimensiones que han pagado los costos de una lucha feroz y sin tregua ante los intereses de las y los trabajadores y los pueblos (mestizos e ind\u00edgenas).<\/p>\n<p>En Chile no se trata \u00fanicamente de la hegemon\u00eda, a\u00fan sin contrapesos, de un r\u00e9gimen nepotista e incestuoso. Los asalariados y populares del pa\u00eds deben hacer frente a un tutelaje civilizatorio que ha convertido todas las relaciones sociales en valor de cambio y mercanc\u00eda. Asimismo, en el pa\u00eds se presentan desde las m\u00e1s brutales hasta las m\u00e1s sofisticadas formas y estrategias de alienaci\u00f3n y disciplinamiento social. Esto es, la reproducci\u00f3n simb\u00f3lica incesante de la espectacularizaci\u00f3n y el fetiche de la mercanc\u00eda, manifestadas en las familias, los colegios, el trabajo, los medios masivos de comunicaci\u00f3n, las tecnolog\u00edas, el modo de la organizaci\u00f3n urban\u00edstica, la relaci\u00f3n campo \/ ciudad, la deidificaci\u00f3n de la propiedad privada, y la cultura en general.<\/p>\n<p>Por la ma\u00f1ana del 17 de diciembre de 2017, antes de conocerse el resultado electoral, la actual presidanta Michelle Bachelet, quien debe abandonar La Moneda en marzo de 2018, se\u00f1al\u00f3 estar arrepentida de haber aprobado el voto voluntario y la inscripci\u00f3n autom\u00e1tica. Nuevamente la derrota de la Nueva mayor\u00eda ser\u00eda responsabilidad \u00abdel sill\u00f3n de don Otto\u00bb. Bachelet para intentar explicar la crisis de la democracia representativa y antipopular chilena, s\u00f3lo establece como variable determinante la implementaci\u00f3n del voto voluntario y la inscripci\u00f3n autom\u00e1tica. O sea, tal cual las consideraciones cl\u00e1sicas de la oligarqu\u00eda hist\u00f3rica de Chile, la inmensa mayor\u00eda de la sociedad es catalogada como \u201cinmadura e ignorante\u201d a la hora de votar por los mismos candidatos y programas desde hace 27 a\u00f1os, impuestos por arriba y sin ninguna participaci\u00f3n popular. Bachelet no quiere reconocer que los pueblos en Chile simplemente no van a votar porque despu\u00e9s de cada elecci\u00f3n no cambia en nada su vida concreta. Y tampoco la mandataria da cuenta del fen\u00f3meno de la corrupci\u00f3n que recorre pr\u00e1cticamente todas las instituciones del pa\u00eds. Al parecer, a Bachelet s\u00f3lo le molesta \u201clo feo que se ve\u201d Chile ante el contexto internacional.<\/p>\n<p>En fin. Mientras se escribe atropelladamente la presente nota, para las y los empobrecidos, los asalariados, la autodenominada \u00abclase media\u00bb, los endeudados, los ind\u00edgenas, las antipatriarcales, los j\u00f3venes sin porvenir, el ambientalismo consecuente, la vejez en la miseria, la disidencia sexual y los pueblos sin derechos sociales que habitan Chile, tendremos que continuar bregando, como desde hace tanto, para volvernos una sola mano. Porque la mano reunida es la condici\u00f3n necesaria del pu\u00f1o blindado capaz de destruir el zapato del amo y superar un modo de existencia inhumano.<\/p>\n<p>Fotos de la jornada electoral de Dalia Chiu:<\/p>\n<div class=\"post-gallery\">\n\t\t\t<figure class=\"post-gallery-item\">\n\t\t\t\t<img decoding=\"async\" src=\"https:\/\/www.pressenza.com\/wp-content\/uploads\/2017\/12\/Elecciones-presidenciales-2017-1_2592x1728-720x480.jpg\" loading=\"lazy\">\n\t\t\t\t<figcaption>\n\t\t\t\t\t\n\t\t\t\t<\/figcaption>\n\t\t\t<\/figure>\n\t\t\t<figure class=\"post-gallery-item\">\n\t\t\t\t<img decoding=\"async\" src=\"https:\/\/www.pressenza.com\/wp-content\/uploads\/2017\/12\/Elecciones-presidenciales-2017-2_2592x1728-720x480.jpg\" loading=\"lazy\">\n\t\t\t\t<figcaption>\n\t\t\t\t\t\n\t\t\t\t<\/figcaption>\n\t\t\t<\/figure>\n\t\t\t<figure class=\"post-gallery-item\">\n\t\t\t\t<img decoding=\"async\" src=\"https:\/\/www.pressenza.com\/wp-content\/uploads\/2017\/12\/Elecciones-presidenciales-2017-3_2592x1728-720x480.jpg\" loading=\"lazy\">\n\t\t\t\t<figcaption>\n\t\t\t\t\t\n\t\t\t\t<\/figcaption>\n\t\t\t<\/figure>\n\t\t\t<figure class=\"post-gallery-item\">\n\t\t\t\t<img decoding=\"async\" src=\"https:\/\/www.pressenza.com\/wp-content\/uploads\/2017\/12\/Elecciones-presidenciales-2017-4_2592x1728-720x480.jpg\" loading=\"lazy\">\n\t\t\t\t<figcaption>\n\t\t\t\t\t\n\t\t\t\t<\/figcaption>\n\t\t\t<\/figure>\n\t\t\t<figure class=\"post-gallery-item\">\n\t\t\t\t<img decoding=\"async\" src=\"https:\/\/www.pressenza.com\/wp-content\/uploads\/2017\/12\/Elecciones-presidenciales-2017-5_2592x1728-720x480.jpg\" loading=\"lazy\">\n\t\t\t\t<figcaption>\n\t\t\t\t\t\n\t\t\t\t<\/figcaption>\n\t\t\t<\/figure>\n\t\t\t<figure class=\"post-gallery-item\">\n\t\t\t\t<img decoding=\"async\" src=\"https:\/\/www.pressenza.com\/wp-content\/uploads\/2017\/12\/Elecciones-presidenciales-2017-7_2592x1728-720x480.jpg\" loading=\"lazy\">\n\t\t\t\t<figcaption>\n\t\t\t\t\t\n\t\t\t\t<\/figcaption>\n\t\t\t<\/figure><\/div>\n<\/div>\n<p>&nbsp;<\/p>\n","protected":false},"excerpt":{"rendered":"<p>Por Andr\u00e9s Figueroa Cornejo Nuevamente triunf\u00f3 la abstenci\u00f3n en las elecciones presidenciales 2017 con m\u00e1s de un 50 % de personas habilitadas para sufragar que no lo hicieron. Chile reafirma su liderazgo de menor participaci\u00f3n electoral en Am\u00e9rica Latina, y&hellip;<\/p>\n","protected":false},"author":43,"featured_media":573448,"comment_status":"closed","ping_status":"closed","sticky":false,"template":"","format":"standard","meta":{"footnotes":""},"categories":[11389,161,74,67],"tags":[1270,29,403,652],"class_list":["post-573437","post","type-post","status-publish","format-standard","has-post-thumbnail","hentry","category-contenido-original","category-opiniones","category-politica-es","category-sudamerica","tag-abstencion","tag-chile","tag-elecciones","tag-sebastian-pinera"],"yoast_head":"<!-- This site is optimized with the Yoast SEO plugin v27.1.1 - https:\/\/yoast.com\/product\/yoast-seo-wordpress\/ -->\n<title>Chile. Gana abstenci\u00f3n y Pi\u00f1era es presidente<\/title>\n<meta name=\"description\" content=\"Por Andr\u00e9s Figueroa Cornejo Nuevamente triunf\u00f3 la abstenci\u00f3n en las elecciones presidenciales 2017 con m\u00e1s de un 50 % de personas habilitadas para\" \/>\n<meta name=\"robots\" content=\"index, follow, max-snippet:-1, max-image-preview:large, max-video-preview:-1\" \/>\n<link rel=\"canonical\" href=\"https:\/\/www.pressenza.com\/es\/2017\/12\/chile-gana-abstencion-pinera-presidente\/\" \/>\n<meta property=\"og:locale\" content=\"es_ES\" \/>\n<meta property=\"og:type\" content=\"article\" \/>\n<meta property=\"og:title\" content=\"Chile. Gana abstenci\u00f3n y Pi\u00f1era es presidente\" \/>\n<meta property=\"og:description\" content=\"Por Andr\u00e9s Figueroa Cornejo Nuevamente triunf\u00f3 la abstenci\u00f3n en las elecciones presidenciales 2017 con m\u00e1s de un 50 % de personas habilitadas para\" \/>\n<meta property=\"og:url\" content=\"https:\/\/www.pressenza.com\/es\/2017\/12\/chile-gana-abstencion-pinera-presidente\/\" \/>\n<meta property=\"og:site_name\" content=\"Pressenza\" \/>\n<meta property=\"article:publisher\" content=\"https:\/\/www.facebook.com\/PressenzaItalia\" \/>\n<meta property=\"article:author\" content=\"https:\/\/www.facebook.com\/pressenza\" \/>\n<meta property=\"article:published_time\" content=\"2017-12-18T02:12:42+00:00\" \/>\n<meta property=\"og:image\" content=\"https:\/\/www.pressenza.com\/wp-content\/uploads\/2017\/12\/Elecciones-presidenciales-2017-6_2592x1728.jpg\" \/>\n\t<meta property=\"og:image:width\" content=\"2048\" \/>\n\t<meta property=\"og:image:height\" content=\"1365\" \/>\n\t<meta property=\"og:image:type\" content=\"image\/jpeg\" \/>\n<meta name=\"author\" content=\"Redacci\u00f3n Chile\" \/>\n<meta name=\"twitter:card\" content=\"summary_large_image\" \/>\n<meta name=\"twitter:creator\" content=\"@pressenza\" \/>\n<meta name=\"twitter:site\" content=\"@PressenzaIPA\" \/>\n<meta name=\"twitter:label1\" content=\"Escrito por\" \/>\n\t<meta name=\"twitter:data1\" content=\"Redacci\u00f3n Chile\" \/>\n\t<meta name=\"twitter:label2\" content=\"Tiempo de lectura\" \/>\n\t<meta name=\"twitter:data2\" content=\"5 minutos\" \/>\n<script type=\"application\/ld+json\" class=\"yoast-schema-graph\">{\"@context\":\"https:\/\/schema.org\",\"@graph\":[{\"@type\":\"Article\",\"@id\":\"https:\/\/www.pressenza.com\/es\/2017\/12\/chile-gana-abstencion-pinera-presidente\/#article\",\"isPartOf\":{\"@id\":\"https:\/\/www.pressenza.com\/es\/2017\/12\/chile-gana-abstencion-pinera-presidente\/\"},\"author\":{\"name\":\"Redacci\u00f3n Chile\",\"@id\":\"https:\/\/www.pressenza.com\/es\/#\/schema\/person\/d7db40df35d6698ba69ba9ee260944ed\"},\"headline\":\"Chile. Gana abstenci\u00f3n y Pi\u00f1era es presidente\",\"datePublished\":\"2017-12-18T02:12:42+00:00\",\"mainEntityOfPage\":{\"@id\":\"https:\/\/www.pressenza.com\/es\/2017\/12\/chile-gana-abstencion-pinera-presidente\/\"},\"wordCount\":911,\"publisher\":{\"@id\":\"https:\/\/www.pressenza.com\/es\/#organization\"},\"image\":{\"@id\":\"https:\/\/www.pressenza.com\/es\/2017\/12\/chile-gana-abstencion-pinera-presidente\/#primaryimage\"},\"thumbnailUrl\":\"https:\/\/www.pressenza.com\/wp-content\/uploads\/2017\/12\/Elecciones-presidenciales-2017-6_2592x1728.jpg\",\"keywords\":[\"abstenci\u00f3n\",\"Chile\",\"elecciones\",\"Sebasti\u00e1n Pi\u00f1era\"],\"articleSection\":[\"Contenido Original\",\"Opiniones\",\"Pol\u00edtica\",\"Sudam\u00e9rica\"],\"inLanguage\":\"es\"},{\"@type\":\"WebPage\",\"@id\":\"https:\/\/www.pressenza.com\/es\/2017\/12\/chile-gana-abstencion-pinera-presidente\/\",\"url\":\"https:\/\/www.pressenza.com\/es\/2017\/12\/chile-gana-abstencion-pinera-presidente\/\",\"name\":\"Chile. Gana abstenci\u00f3n y Pi\u00f1era es presidente\",\"isPartOf\":{\"@id\":\"https:\/\/www.pressenza.com\/es\/#website\"},\"primaryImageOfPage\":{\"@id\":\"https:\/\/www.pressenza.com\/es\/2017\/12\/chile-gana-abstencion-pinera-presidente\/#primaryimage\"},\"image\":{\"@id\":\"https:\/\/www.pressenza.com\/es\/2017\/12\/chile-gana-abstencion-pinera-presidente\/#primaryimage\"},\"thumbnailUrl\":\"https:\/\/www.pressenza.com\/wp-content\/uploads\/2017\/12\/Elecciones-presidenciales-2017-6_2592x1728.jpg\",\"datePublished\":\"2017-12-18T02:12:42+00:00\",\"description\":\"Por Andr\u00e9s Figueroa Cornejo Nuevamente triunf\u00f3 la abstenci\u00f3n en las elecciones presidenciales 2017 con m\u00e1s de un 50 % de personas habilitadas para\",\"breadcrumb\":{\"@id\":\"https:\/\/www.pressenza.com\/es\/2017\/12\/chile-gana-abstencion-pinera-presidente\/#breadcrumb\"},\"inLanguage\":\"es\",\"potentialAction\":[{\"@type\":\"ReadAction\",\"target\":[\"https:\/\/www.pressenza.com\/es\/2017\/12\/chile-gana-abstencion-pinera-presidente\/\"]}]},{\"@type\":\"ImageObject\",\"inLanguage\":\"es\",\"@id\":\"https:\/\/www.pressenza.com\/es\/2017\/12\/chile-gana-abstencion-pinera-presidente\/#primaryimage\",\"url\":\"https:\/\/www.pressenza.com\/wp-content\/uploads\/2017\/12\/Elecciones-presidenciales-2017-6_2592x1728.jpg\",\"contentUrl\":\"https:\/\/www.pressenza.com\/wp-content\/uploads\/2017\/12\/Elecciones-presidenciales-2017-6_2592x1728.jpg\",\"width\":2048,\"height\":1365},{\"@type\":\"BreadcrumbList\",\"@id\":\"https:\/\/www.pressenza.com\/es\/2017\/12\/chile-gana-abstencion-pinera-presidente\/#breadcrumb\",\"itemListElement\":[{\"@type\":\"ListItem\",\"position\":1,\"name\":\"Accueil\",\"item\":\"https:\/\/www.pressenza.com\/es\/\"},{\"@type\":\"ListItem\",\"position\":2,\"name\":\"Chile. Gana abstenci\u00f3n y Pi\u00f1era es presidente\"}]},{\"@type\":\"WebSite\",\"@id\":\"https:\/\/www.pressenza.com\/es\/#website\",\"url\":\"https:\/\/www.pressenza.com\/es\/\",\"name\":\"Pressenza\",\"description\":\"International Press Agency\",\"publisher\":{\"@id\":\"https:\/\/www.pressenza.com\/es\/#organization\"},\"potentialAction\":[{\"@type\":\"SearchAction\",\"target\":{\"@type\":\"EntryPoint\",\"urlTemplate\":\"https:\/\/www.pressenza.com\/es\/?s={search_term_string}\"},\"query-input\":{\"@type\":\"PropertyValueSpecification\",\"valueRequired\":true,\"valueName\":\"search_term_string\"}}],\"inLanguage\":\"es\"},{\"@type\":\"Organization\",\"@id\":\"https:\/\/www.pressenza.com\/es\/#organization\",\"name\":\"Pressenza\",\"url\":\"https:\/\/www.pressenza.com\/es\/\",\"logo\":{\"@type\":\"ImageObject\",\"inLanguage\":\"es\",\"@id\":\"https:\/\/www.pressenza.com\/es\/#\/schema\/logo\/image\/\",\"url\":\"https:\/\/www.pressenza.com\/wp-content\/uploads\/2022\/10\/pressenza_logo_200x200.jpg\",\"contentUrl\":\"https:\/\/www.pressenza.com\/wp-content\/uploads\/2022\/10\/pressenza_logo_200x200.jpg\",\"width\":200,\"height\":200,\"caption\":\"Pressenza\"},\"image\":{\"@id\":\"https:\/\/www.pressenza.com\/es\/#\/schema\/logo\/image\/\"},\"sameAs\":[\"https:\/\/www.facebook.com\/PressenzaItalia\",\"https:\/\/x.com\/PressenzaIPA\"]},{\"@type\":\"Person\",\"@id\":\"https:\/\/www.pressenza.com\/es\/#\/schema\/person\/d7db40df35d6698ba69ba9ee260944ed\",\"name\":\"Redacci\u00f3n Chile\",\"description\":\"News from the Pressenza Bureau in Chile\",\"sameAs\":[\"https:\/\/www.facebook.com\/pressenza\",\"https:\/\/x.com\/pressenza\"],\"url\":\"https:\/\/www.pressenza.com\/es\/author\/redaccion-chile\/\"}]}<\/script>\n<!-- \/ Yoast SEO plugin. -->","yoast_head_json":{"title":"Chile. Gana abstenci\u00f3n y Pi\u00f1era es presidente","description":"Por Andr\u00e9s Figueroa Cornejo Nuevamente triunf\u00f3 la abstenci\u00f3n en las elecciones presidenciales 2017 con m\u00e1s de un 50 % de personas habilitadas para","robots":{"index":"index","follow":"follow","max-snippet":"max-snippet:-1","max-image-preview":"max-image-preview:large","max-video-preview":"max-video-preview:-1"},"canonical":"https:\/\/www.pressenza.com\/es\/2017\/12\/chile-gana-abstencion-pinera-presidente\/","og_locale":"es_ES","og_type":"article","og_title":"Chile. Gana abstenci\u00f3n y Pi\u00f1era es presidente","og_description":"Por Andr\u00e9s Figueroa Cornejo Nuevamente triunf\u00f3 la abstenci\u00f3n en las elecciones presidenciales 2017 con m\u00e1s de un 50 % de personas habilitadas para","og_url":"https:\/\/www.pressenza.com\/es\/2017\/12\/chile-gana-abstencion-pinera-presidente\/","og_site_name":"Pressenza","article_publisher":"https:\/\/www.facebook.com\/PressenzaItalia","article_author":"https:\/\/www.facebook.com\/pressenza","article_published_time":"2017-12-18T02:12:42+00:00","og_image":[{"width":2048,"height":1365,"url":"https:\/\/www.pressenza.com\/wp-content\/uploads\/2017\/12\/Elecciones-presidenciales-2017-6_2592x1728.jpg","type":"image\/jpeg"}],"author":"Redacci\u00f3n Chile","twitter_card":"summary_large_image","twitter_creator":"@pressenza","twitter_site":"@PressenzaIPA","twitter_misc":{"Escrito por":"Redacci\u00f3n Chile","Tiempo de lectura":"5 minutos"},"schema":{"@context":"https:\/\/schema.org","@graph":[{"@type":"Article","@id":"https:\/\/www.pressenza.com\/es\/2017\/12\/chile-gana-abstencion-pinera-presidente\/#article","isPartOf":{"@id":"https:\/\/www.pressenza.com\/es\/2017\/12\/chile-gana-abstencion-pinera-presidente\/"},"author":{"name":"Redacci\u00f3n Chile","@id":"https:\/\/www.pressenza.com\/es\/#\/schema\/person\/d7db40df35d6698ba69ba9ee260944ed"},"headline":"Chile. Gana abstenci\u00f3n y Pi\u00f1era es presidente","datePublished":"2017-12-18T02:12:42+00:00","mainEntityOfPage":{"@id":"https:\/\/www.pressenza.com\/es\/2017\/12\/chile-gana-abstencion-pinera-presidente\/"},"wordCount":911,"publisher":{"@id":"https:\/\/www.pressenza.com\/es\/#organization"},"image":{"@id":"https:\/\/www.pressenza.com\/es\/2017\/12\/chile-gana-abstencion-pinera-presidente\/#primaryimage"},"thumbnailUrl":"https:\/\/www.pressenza.com\/wp-content\/uploads\/2017\/12\/Elecciones-presidenciales-2017-6_2592x1728.jpg","keywords":["abstenci\u00f3n","Chile","elecciones","Sebasti\u00e1n Pi\u00f1era"],"articleSection":["Contenido Original","Opiniones","Pol\u00edtica","Sudam\u00e9rica"],"inLanguage":"es"},{"@type":"WebPage","@id":"https:\/\/www.pressenza.com\/es\/2017\/12\/chile-gana-abstencion-pinera-presidente\/","url":"https:\/\/www.pressenza.com\/es\/2017\/12\/chile-gana-abstencion-pinera-presidente\/","name":"Chile. Gana abstenci\u00f3n y Pi\u00f1era es presidente","isPartOf":{"@id":"https:\/\/www.pressenza.com\/es\/#website"},"primaryImageOfPage":{"@id":"https:\/\/www.pressenza.com\/es\/2017\/12\/chile-gana-abstencion-pinera-presidente\/#primaryimage"},"image":{"@id":"https:\/\/www.pressenza.com\/es\/2017\/12\/chile-gana-abstencion-pinera-presidente\/#primaryimage"},"thumbnailUrl":"https:\/\/www.pressenza.com\/wp-content\/uploads\/2017\/12\/Elecciones-presidenciales-2017-6_2592x1728.jpg","datePublished":"2017-12-18T02:12:42+00:00","description":"Por Andr\u00e9s Figueroa Cornejo Nuevamente triunf\u00f3 la abstenci\u00f3n en las elecciones presidenciales 2017 con m\u00e1s de un 50 % de personas habilitadas para","breadcrumb":{"@id":"https:\/\/www.pressenza.com\/es\/2017\/12\/chile-gana-abstencion-pinera-presidente\/#breadcrumb"},"inLanguage":"es","potentialAction":[{"@type":"ReadAction","target":["https:\/\/www.pressenza.com\/es\/2017\/12\/chile-gana-abstencion-pinera-presidente\/"]}]},{"@type":"ImageObject","inLanguage":"es","@id":"https:\/\/www.pressenza.com\/es\/2017\/12\/chile-gana-abstencion-pinera-presidente\/#primaryimage","url":"https:\/\/www.pressenza.com\/wp-content\/uploads\/2017\/12\/Elecciones-presidenciales-2017-6_2592x1728.jpg","contentUrl":"https:\/\/www.pressenza.com\/wp-content\/uploads\/2017\/12\/Elecciones-presidenciales-2017-6_2592x1728.jpg","width":2048,"height":1365},{"@type":"BreadcrumbList","@id":"https:\/\/www.pressenza.com\/es\/2017\/12\/chile-gana-abstencion-pinera-presidente\/#breadcrumb","itemListElement":[{"@type":"ListItem","position":1,"name":"Accueil","item":"https:\/\/www.pressenza.com\/es\/"},{"@type":"ListItem","position":2,"name":"Chile. Gana abstenci\u00f3n y Pi\u00f1era es presidente"}]},{"@type":"WebSite","@id":"https:\/\/www.pressenza.com\/es\/#website","url":"https:\/\/www.pressenza.com\/es\/","name":"Pressenza","description":"International Press Agency","publisher":{"@id":"https:\/\/www.pressenza.com\/es\/#organization"},"potentialAction":[{"@type":"SearchAction","target":{"@type":"EntryPoint","urlTemplate":"https:\/\/www.pressenza.com\/es\/?s={search_term_string}"},"query-input":{"@type":"PropertyValueSpecification","valueRequired":true,"valueName":"search_term_string"}}],"inLanguage":"es"},{"@type":"Organization","@id":"https:\/\/www.pressenza.com\/es\/#organization","name":"Pressenza","url":"https:\/\/www.pressenza.com\/es\/","logo":{"@type":"ImageObject","inLanguage":"es","@id":"https:\/\/www.pressenza.com\/es\/#\/schema\/logo\/image\/","url":"https:\/\/www.pressenza.com\/wp-content\/uploads\/2022\/10\/pressenza_logo_200x200.jpg","contentUrl":"https:\/\/www.pressenza.com\/wp-content\/uploads\/2022\/10\/pressenza_logo_200x200.jpg","width":200,"height":200,"caption":"Pressenza"},"image":{"@id":"https:\/\/www.pressenza.com\/es\/#\/schema\/logo\/image\/"},"sameAs":["https:\/\/www.facebook.com\/PressenzaItalia","https:\/\/x.com\/PressenzaIPA"]},{"@type":"Person","@id":"https:\/\/www.pressenza.com\/es\/#\/schema\/person\/d7db40df35d6698ba69ba9ee260944ed","name":"Redacci\u00f3n Chile","description":"News from the Pressenza Bureau in Chile","sameAs":["https:\/\/www.facebook.com\/pressenza","https:\/\/x.com\/pressenza"],"url":"https:\/\/www.pressenza.com\/es\/author\/redaccion-chile\/"}]}},"place":"Santiago de Chile","original_article_url":"","_links":{"self":[{"href":"https:\/\/www.pressenza.com\/es\/wp-json\/wp\/v2\/posts\/573437","targetHints":{"allow":["GET"]}}],"collection":[{"href":"https:\/\/www.pressenza.com\/es\/wp-json\/wp\/v2\/posts"}],"about":[{"href":"https:\/\/www.pressenza.com\/es\/wp-json\/wp\/v2\/types\/post"}],"author":[{"embeddable":true,"href":"https:\/\/www.pressenza.com\/es\/wp-json\/wp\/v2\/users\/43"}],"replies":[{"embeddable":true,"href":"https:\/\/www.pressenza.com\/es\/wp-json\/wp\/v2\/comments?post=573437"}],"version-history":[{"count":0,"href":"https:\/\/www.pressenza.com\/es\/wp-json\/wp\/v2\/posts\/573437\/revisions"}],"wp:featuredmedia":[{"embeddable":true,"href":"https:\/\/www.pressenza.com\/es\/wp-json\/wp\/v2\/media\/573448"}],"wp:attachment":[{"href":"https:\/\/www.pressenza.com\/es\/wp-json\/wp\/v2\/media?parent=573437"}],"wp:term":[{"taxonomy":"category","embeddable":true,"href":"https:\/\/www.pressenza.com\/es\/wp-json\/wp\/v2\/categories?post=573437"},{"taxonomy":"post_tag","embeddable":true,"href":"https:\/\/www.pressenza.com\/es\/wp-json\/wp\/v2\/tags?post=573437"}],"curies":[{"name":"wp","href":"https:\/\/api.w.org\/{rel}","templated":true}]}}