{"id":572655,"date":"2017-12-15T20:30:14","date_gmt":"2017-12-15T20:30:14","guid":{"rendered":"https:\/\/www.pressenza.com\/?p=572655\/"},"modified":"2017-12-15T20:30:14","modified_gmt":"2017-12-15T20:30:14","slug":"los-empresarios-los-estan-detras-los-asesinatos-lideres-del-atrato-uraba","status":"publish","type":"post","link":"https:\/\/www.pressenza.com\/es\/2017\/12\/los-empresarios-los-estan-detras-los-asesinatos-lideres-del-atrato-uraba\/","title":{"rendered":"\u201cLos empresarios son los que est\u00e1n detr\u00e1s de los asesinatos\u201d: L\u00edderes del Bajo Atrato y Urab\u00e1"},"content":{"rendered":"<p><em><strong>Por <a href=\"http:\/\/www.contagioradio.com\/hasta-cuando-y-cuantos-mas-continuan-la-violencia-contra-lideres-sociales-del-bajo-atrato-y-uraba-articulo-49970\/\">Contagio Radio<\/a><\/strong><\/em><\/p>\n<p>Veinticinco\u00a0l\u00edderes y lideresas sociales del Bajo Atrato Chocoano y el Urab\u00e1 Antioque\u00f1o\u00a0amenazados de muerte\u00a0y familiares de l\u00edderes que han sido asesinados, se reunieron en Bogot\u00e1 para exigir garant\u00edas\u00a0y poder retornar a sus territorios.\u00a0Aseguran que detr\u00e1s de los asesinatos, hay intereses de empresarios que han ocupado sus tierras y que a finales de los 90, los despojaron y desplazaron de sus tierras.<\/p>\n<p>De acuerdo con la Comisi\u00f3n Intereclesial de Justicia y Paz, los l\u00edderes sociales \u201cest\u00e1n amenazados de muerte\u00a0por una estrategia determinada\u00a0por empresarios vinculados a la criminalidad en la regi\u00f3n, que han sido se\u00f1alados en diferentes instancias judiciales y que han sido denunciados ante diferentes instancias\u201d. Recordaron que en menos de 10 d\u00edas, fueron asesinados dos l\u00edderes de la regi\u00f3n, Mario Casta\u00f1o y Hern\u00e1n Bedoya.<\/p>\n<p><strong>Detr\u00e1s de los asesinatos y amenazas, hay intereses pol\u00edticos y econ\u00f3micos<\/strong><\/p>\n<p>Estos l\u00edderes llevan m\u00e1s de 20 a\u00f1os luchando por retornar y proteger su territorio. En repetidas ocasiones han manifestado que debido a las denuncias que han realizado han atentado contra su integridad,\u00a0\u201cnos han quitado la vida\u201d,\u00a0afirmaron. Ellos y ellas han dicho que son los empresarios palmeros, ganaderos, plataneros, mineros y bananeros los que se apropiaron del territorio.\u00a0Asimismo, manifiestan una complicidad de la fuerza p\u00fablica, instituciones gubernamentales y representantes de empresas como la Asociaci\u00f3n Agropecuaria Campesina AGROMAR S.A, con la que se enfrent\u00f3 toda su vida Mario Casta\u00f1o(Le puede interesar:\u00a0<a href=\"http:\/\/www.contagioradio.com\/la-navidad-sin-mario-castano-articulo-49650\/\">\u201cLa navidad sin Mario Casta\u00f1o\u201d<\/a>)<\/p>\n<p>Los l\u00edderes asesinados hab\u00edan denunciado las actuaciones de mala fe de empresarios y representantes de empresas como\u00a0Baldoyno Mosquera Palacios, Javier Restrepo y Juan Guillermo Gonz\u00e1lez,\u00a0de quienes los integrantes de las comunidades han recibido amenazas directas de muerte.\u00a0\u201c\u00bfHasta cu\u00e1ndo nos van a escuchar?\u201d,\u00a0se preguntan las personas.<\/p>\n<p>En ese mismo sentido indican que\u00a0desde 1997 ha existido una estrategia para tomar los territoriosque les pertenece a las comunidades. Indicaron que \u201cel Gobierno Nacional se ha encargado de tergiversar la realidad, dicen que son ajustes de cuentas entre empresarios contra la comunidad, pero \u00bfqu\u00e9 cuentas tenemos nosotros con los empresarios? Ninguna\u201d. Ante los medios de comunicaci\u00f3n reiteraron que, en esa regi\u00f3n, hay poderes pol\u00edticos y econ\u00f3micos \u201cmuy poderosos que est\u00e1n acabando con la vida de quienes reclaman los derechos\u201d. (Le puede interesar:\u00a0<a href=\"http:\/\/www.contagioradio.com\/asesinan-a-mario-castano-lider-reclamante-de-tierras-en-el-choco-articulo-49479\/\">\u201cAsesinan a Mario Casta\u00f1o, l\u00edder reclamante de tierras en Choc\u00f3\u201d<\/a>)<\/p>\n<p><strong>Paramilitares y la fuerza p\u00fablica protegen a los empresarios<\/strong><\/p>\n<p>Ante el anuncio de las Autodefensas Gaitanistas de Colombia sobre el\u00a0cese al fuego unilateral, los l\u00edderes del Bajo Atrato y Urab\u00e1, indicaron que \u201ces una medida que llena de esperanza\u201d, pero que los autores intelectuales de los asesinatos son estructuras armadas contratas directamente por empresarios, \u201cque est\u00e1n pagando para que nos maten\u201d. (Le puede interesar:\u00a0<a href=\"http:\/\/www.contagioradio.com\/asesinado-reclamante-de-tierras-hernan-bedoya-articulo-49820\/\">\u201cAsesinado l\u00edder reclamante de tierras Hern\u00e1n Bedoya en Choc\u00f3\u201d<\/a>)<\/p>\n<p>Adem\u00e1s, han denunciado que pese a las directrices dadas desde los altos mandos de las AGC, los integrantes de bajo mando de esa estructura operan como sicarios en el territorio. \u201cPor cualquier 300.000\u00a0o 500.000 pesos\u00a0matan a cualquiera\u201d, expresan.<\/p>\n<p>Por otra parte, les sorprende que a\u00fan con la presencia de la Fuerza P\u00fablica contin\u00faen sucediendo estos asesinatos. En esa l\u00ednea, aseveraron que el Batall\u00f3n de selva No. 54, que se encuentra en\u00a0Llano Rico, acompa\u00f1a al empresario cuando llega a la comunidad, \u201cel ej\u00e9rcito lo cuida cuando se dirige a las tierras que le ha quitado a la comunidad. Los militares lo acompa\u00f1an a hacer todos los procedimientos ilegales\u201d.<\/p>\n<p><strong>\u201cPartidos pol\u00edticos deben abstenerse de recibir dinero de empresas involucradas en asesinatos a l\u00edderes\u00bb<\/strong><\/p>\n<p>Teniendo de presente el inicio de la carrera electoral, los l\u00edderes y lideresas fueron enf\u00e1ticos en manifestar que los pol\u00edticos,\u00a0\u201ctienen que dejarnos a los campesinos en nuestras tierras tranquilos\u201d. Afirmaron que la sociedad \u201cno puede seguir eligiendo a los mismos de siempre\u201d y que los partidos pol\u00edticos deber\u00eda abstenerse de recibir recursos para sus campa\u00f1a de las empresas que est\u00e1n comprometidas en el asesinato de l\u00edderes. (Le puede interesar:\u00a0<a href=\"http:\/\/www.contagioradio.com\/el-choco-continua-sin-saber-que-es-la-paz-articulo-49422\/\">\u201cEl Choc\u00f3 contin\u00faa sin saber qu\u00e9 es la paz\u201d<\/a>)<\/p>\n<p>Diferentes organizaciones sociales han instado a los partidos pol\u00edticos a que act\u00faen de manera transparente para que, en el futuro, \u201cno queden atrapados y dirigidos por los intereses de esas empresas\u201d. Finalmente, los l\u00edderes exigieron una reuni\u00f3n con Guillermo Rivera, Ministro del Interior y con el vicepresidente \u00d3scar Naranjo, para que se de una respuesta clara sobre la situaci\u00f3n de las tierras y la protecci\u00f3n de las comunidades, y\u00a0\u201cno tengamos que volver a unas exequias nunca m\u00e1s\u201d.<\/p>\n","protected":false},"excerpt":{"rendered":"<p>Por Contagio Radio Veinticinco\u00a0l\u00edderes y lideresas sociales del Bajo Atrato Chocoano y el Urab\u00e1 Antioque\u00f1o\u00a0amenazados de muerte\u00a0y familiares de l\u00edderes que han sido asesinados, se reunieron en Bogot\u00e1 para exigir garant\u00edas\u00a0y poder retornar a sus territorios.\u00a0Aseguran que detr\u00e1s de los&hellip;<\/p>\n","protected":false},"author":1053,"featured_media":572658,"comment_status":"closed","ping_status":"closed","sticky":false,"template":"","format":"standard","meta":{"footnotes":""},"categories":[79,74,67],"tags":[30,20205,42486,14611,631],"class_list":["post-572655","post","type-post","status-publish","format-standard","has-post-thumbnail","hentry","category-derechos-humanos","category-politica-es","category-sudamerica","tag-colombia","tag-crimenes","tag-empresarios","tag-paramilitares","tag-violencia-economica"],"yoast_head":"<!-- This site is optimized with the Yoast SEO plugin v27.1.1 - https:\/\/yoast.com\/product\/yoast-seo-wordpress\/ -->\n<title>\u201cLos empresarios son los que est\u00e1n detr\u00e1s de los asesinatos\u201d: L\u00edderes del Bajo Atrato y Urab\u00e1<\/title>\n<meta name=\"description\" content=\"Por Contagio Radio Veinticinco\u00a0l\u00edderes y lideresas sociales del Bajo Atrato Chocoano y el Urab\u00e1 Antioque\u00f1o\u00a0amenazados de muerte\u00a0y familiares de l\u00edderes\" \/>\n<meta name=\"robots\" content=\"index, follow, max-snippet:-1, max-image-preview:large, max-video-preview:-1\" \/>\n<link rel=\"canonical\" href=\"https:\/\/www.pressenza.com\/es\/2017\/12\/los-empresarios-los-estan-detras-los-asesinatos-lideres-del-atrato-uraba\/\" \/>\n<meta property=\"og:locale\" content=\"es_ES\" \/>\n<meta property=\"og:type\" content=\"article\" \/>\n<meta property=\"og:title\" content=\"\u201cLos empresarios son los que est\u00e1n detr\u00e1s de los asesinatos\u201d: L\u00edderes del Bajo Atrato y Urab\u00e1\" \/>\n<meta property=\"og:description\" content=\"Por Contagio Radio Veinticinco\u00a0l\u00edderes y lideresas sociales del Bajo Atrato Chocoano y el Urab\u00e1 Antioque\u00f1o\u00a0amenazados de muerte\u00a0y familiares de l\u00edderes\" \/>\n<meta property=\"og:url\" content=\"https:\/\/www.pressenza.com\/es\/2017\/12\/los-empresarios-los-estan-detras-los-asesinatos-lideres-del-atrato-uraba\/\" \/>\n<meta property=\"og:site_name\" content=\"Pressenza\" \/>\n<meta property=\"article:publisher\" content=\"https:\/\/www.facebook.com\/PressenzaItalia\" \/>\n<meta property=\"article:published_time\" content=\"2017-12-15T20:30:14+00:00\" \/>\n<meta property=\"og:image\" content=\"https:\/\/www.pressenza.com\/wp-content\/uploads\/2017\/12\/colombia-jenny-fonseca.jpg\" \/>\n\t<meta property=\"og:image:width\" content=\"2048\" \/>\n\t<meta property=\"og:image:height\" content=\"1329\" \/>\n\t<meta property=\"og:image:type\" content=\"image\/jpeg\" \/>\n<meta name=\"author\" content=\"Redacci\u00f3n Colombia\" \/>\n<meta name=\"twitter:card\" content=\"summary_large_image\" \/>\n<meta name=\"twitter:creator\" content=\"@PressenzaIPA\" \/>\n<meta name=\"twitter:site\" content=\"@PressenzaIPA\" \/>\n<meta name=\"twitter:label1\" content=\"Escrito por\" \/>\n\t<meta name=\"twitter:data1\" content=\"Redacci\u00f3n Colombia\" \/>\n\t<meta name=\"twitter:label2\" content=\"Tiempo de lectura\" \/>\n\t<meta name=\"twitter:data2\" content=\"4 minutos\" \/>\n<script type=\"application\/ld+json\" class=\"yoast-schema-graph\">{\"@context\":\"https:\/\/schema.org\",\"@graph\":[{\"@type\":\"Article\",\"@id\":\"https:\/\/www.pressenza.com\/es\/2017\/12\/los-empresarios-los-estan-detras-los-asesinatos-lideres-del-atrato-uraba\/#article\",\"isPartOf\":{\"@id\":\"https:\/\/www.pressenza.com\/es\/2017\/12\/los-empresarios-los-estan-detras-los-asesinatos-lideres-del-atrato-uraba\/\"},\"author\":{\"name\":\"Redacci\u00f3n Colombia\",\"@id\":\"https:\/\/www.pressenza.com\/es\/#\/schema\/person\/7c8ee170a4502d638436c91e385315f2\"},\"headline\":\"\u201cLos empresarios son los que est\u00e1n detr\u00e1s de los asesinatos\u201d: L\u00edderes del Bajo Atrato y Urab\u00e1\",\"datePublished\":\"2017-12-15T20:30:14+00:00\",\"mainEntityOfPage\":{\"@id\":\"https:\/\/www.pressenza.com\/es\/2017\/12\/los-empresarios-los-estan-detras-los-asesinatos-lideres-del-atrato-uraba\/\"},\"wordCount\":822,\"publisher\":{\"@id\":\"https:\/\/www.pressenza.com\/es\/#organization\"},\"image\":{\"@id\":\"https:\/\/www.pressenza.com\/es\/2017\/12\/los-empresarios-los-estan-detras-los-asesinatos-lideres-del-atrato-uraba\/#primaryimage\"},\"thumbnailUrl\":\"https:\/\/www.pressenza.com\/wp-content\/uploads\/2017\/12\/colombia-jenny-fonseca.jpg\",\"keywords\":[\"Colombia\",\"cr\u00edmenes\",\"empresarios\",\"Paramilitares\",\"Violencia econ\u00f3mica\"],\"articleSection\":[\"Derechos Humanos\",\"Pol\u00edtica\",\"Sudam\u00e9rica\"],\"inLanguage\":\"es\"},{\"@type\":\"WebPage\",\"@id\":\"https:\/\/www.pressenza.com\/es\/2017\/12\/los-empresarios-los-estan-detras-los-asesinatos-lideres-del-atrato-uraba\/\",\"url\":\"https:\/\/www.pressenza.com\/es\/2017\/12\/los-empresarios-los-estan-detras-los-asesinatos-lideres-del-atrato-uraba\/\",\"name\":\"\u201cLos empresarios son los que est\u00e1n detr\u00e1s de los asesinatos\u201d: L\u00edderes del Bajo Atrato y Urab\u00e1\",\"isPartOf\":{\"@id\":\"https:\/\/www.pressenza.com\/es\/#website\"},\"primaryImageOfPage\":{\"@id\":\"https:\/\/www.pressenza.com\/es\/2017\/12\/los-empresarios-los-estan-detras-los-asesinatos-lideres-del-atrato-uraba\/#primaryimage\"},\"image\":{\"@id\":\"https:\/\/www.pressenza.com\/es\/2017\/12\/los-empresarios-los-estan-detras-los-asesinatos-lideres-del-atrato-uraba\/#primaryimage\"},\"thumbnailUrl\":\"https:\/\/www.pressenza.com\/wp-content\/uploads\/2017\/12\/colombia-jenny-fonseca.jpg\",\"datePublished\":\"2017-12-15T20:30:14+00:00\",\"description\":\"Por Contagio Radio Veinticinco\u00a0l\u00edderes y lideresas sociales del Bajo Atrato Chocoano y el Urab\u00e1 Antioque\u00f1o\u00a0amenazados de muerte\u00a0y familiares de l\u00edderes\",\"breadcrumb\":{\"@id\":\"https:\/\/www.pressenza.com\/es\/2017\/12\/los-empresarios-los-estan-detras-los-asesinatos-lideres-del-atrato-uraba\/#breadcrumb\"},\"inLanguage\":\"es\",\"potentialAction\":[{\"@type\":\"ReadAction\",\"target\":[\"https:\/\/www.pressenza.com\/es\/2017\/12\/los-empresarios-los-estan-detras-los-asesinatos-lideres-del-atrato-uraba\/\"]}]},{\"@type\":\"ImageObject\",\"inLanguage\":\"es\",\"@id\":\"https:\/\/www.pressenza.com\/es\/2017\/12\/los-empresarios-los-estan-detras-los-asesinatos-lideres-del-atrato-uraba\/#primaryimage\",\"url\":\"https:\/\/www.pressenza.com\/wp-content\/uploads\/2017\/12\/colombia-jenny-fonseca.jpg\",\"contentUrl\":\"https:\/\/www.pressenza.com\/wp-content\/uploads\/2017\/12\/colombia-jenny-fonseca.jpg\",\"width\":2048,\"height\":1329},{\"@type\":\"BreadcrumbList\",\"@id\":\"https:\/\/www.pressenza.com\/es\/2017\/12\/los-empresarios-los-estan-detras-los-asesinatos-lideres-del-atrato-uraba\/#breadcrumb\",\"itemListElement\":[{\"@type\":\"ListItem\",\"position\":1,\"name\":\"Accueil\",\"item\":\"https:\/\/www.pressenza.com\/es\/\"},{\"@type\":\"ListItem\",\"position\":2,\"name\":\"\u201cLos empresarios son los que est\u00e1n detr\u00e1s de los asesinatos\u201d: L\u00edderes del Bajo Atrato y Urab\u00e1\"}]},{\"@type\":\"WebSite\",\"@id\":\"https:\/\/www.pressenza.com\/es\/#website\",\"url\":\"https:\/\/www.pressenza.com\/es\/\",\"name\":\"Pressenza\",\"description\":\"International Press Agency\",\"publisher\":{\"@id\":\"https:\/\/www.pressenza.com\/es\/#organization\"},\"potentialAction\":[{\"@type\":\"SearchAction\",\"target\":{\"@type\":\"EntryPoint\",\"urlTemplate\":\"https:\/\/www.pressenza.com\/es\/?s={search_term_string}\"},\"query-input\":{\"@type\":\"PropertyValueSpecification\",\"valueRequired\":true,\"valueName\":\"search_term_string\"}}],\"inLanguage\":\"es\"},{\"@type\":\"Organization\",\"@id\":\"https:\/\/www.pressenza.com\/es\/#organization\",\"name\":\"Pressenza\",\"url\":\"https:\/\/www.pressenza.com\/es\/\",\"logo\":{\"@type\":\"ImageObject\",\"inLanguage\":\"es\",\"@id\":\"https:\/\/www.pressenza.com\/es\/#\/schema\/logo\/image\/\",\"url\":\"https:\/\/www.pressenza.com\/wp-content\/uploads\/2022\/10\/pressenza_logo_200x200.jpg\",\"contentUrl\":\"https:\/\/www.pressenza.com\/wp-content\/uploads\/2022\/10\/pressenza_logo_200x200.jpg\",\"width\":200,\"height\":200,\"caption\":\"Pressenza\"},\"image\":{\"@id\":\"https:\/\/www.pressenza.com\/es\/#\/schema\/logo\/image\/\"},\"sameAs\":[\"https:\/\/www.facebook.com\/PressenzaItalia\",\"https:\/\/x.com\/PressenzaIPA\"]},{\"@type\":\"Person\",\"@id\":\"https:\/\/www.pressenza.com\/es\/#\/schema\/person\/7c8ee170a4502d638436c91e385315f2\",\"name\":\"Redacci\u00f3n Colombia\",\"description\":\"News published by the Pressenza bureau in Colombia\",\"url\":\"https:\/\/www.pressenza.com\/es\/author\/redaccion-colombia\/\"}]}<\/script>\n<!-- \/ Yoast SEO plugin. -->","yoast_head_json":{"title":"\u201cLos empresarios son los que est\u00e1n detr\u00e1s de los asesinatos\u201d: L\u00edderes del Bajo Atrato y Urab\u00e1","description":"Por Contagio Radio Veinticinco\u00a0l\u00edderes y lideresas sociales del Bajo Atrato Chocoano y el Urab\u00e1 Antioque\u00f1o\u00a0amenazados de muerte\u00a0y familiares de l\u00edderes","robots":{"index":"index","follow":"follow","max-snippet":"max-snippet:-1","max-image-preview":"max-image-preview:large","max-video-preview":"max-video-preview:-1"},"canonical":"https:\/\/www.pressenza.com\/es\/2017\/12\/los-empresarios-los-estan-detras-los-asesinatos-lideres-del-atrato-uraba\/","og_locale":"es_ES","og_type":"article","og_title":"\u201cLos empresarios son los que est\u00e1n detr\u00e1s de los asesinatos\u201d: L\u00edderes del Bajo Atrato y Urab\u00e1","og_description":"Por Contagio Radio Veinticinco\u00a0l\u00edderes y lideresas sociales del Bajo Atrato Chocoano y el Urab\u00e1 Antioque\u00f1o\u00a0amenazados de muerte\u00a0y familiares de l\u00edderes","og_url":"https:\/\/www.pressenza.com\/es\/2017\/12\/los-empresarios-los-estan-detras-los-asesinatos-lideres-del-atrato-uraba\/","og_site_name":"Pressenza","article_publisher":"https:\/\/www.facebook.com\/PressenzaItalia","article_published_time":"2017-12-15T20:30:14+00:00","og_image":[{"width":2048,"height":1329,"url":"https:\/\/www.pressenza.com\/wp-content\/uploads\/2017\/12\/colombia-jenny-fonseca.jpg","type":"image\/jpeg"}],"author":"Redacci\u00f3n Colombia","twitter_card":"summary_large_image","twitter_creator":"@PressenzaIPA","twitter_site":"@PressenzaIPA","twitter_misc":{"Escrito por":"Redacci\u00f3n Colombia","Tiempo de lectura":"4 minutos"},"schema":{"@context":"https:\/\/schema.org","@graph":[{"@type":"Article","@id":"https:\/\/www.pressenza.com\/es\/2017\/12\/los-empresarios-los-estan-detras-los-asesinatos-lideres-del-atrato-uraba\/#article","isPartOf":{"@id":"https:\/\/www.pressenza.com\/es\/2017\/12\/los-empresarios-los-estan-detras-los-asesinatos-lideres-del-atrato-uraba\/"},"author":{"name":"Redacci\u00f3n Colombia","@id":"https:\/\/www.pressenza.com\/es\/#\/schema\/person\/7c8ee170a4502d638436c91e385315f2"},"headline":"\u201cLos empresarios son los que est\u00e1n detr\u00e1s de los asesinatos\u201d: L\u00edderes del Bajo Atrato y Urab\u00e1","datePublished":"2017-12-15T20:30:14+00:00","mainEntityOfPage":{"@id":"https:\/\/www.pressenza.com\/es\/2017\/12\/los-empresarios-los-estan-detras-los-asesinatos-lideres-del-atrato-uraba\/"},"wordCount":822,"publisher":{"@id":"https:\/\/www.pressenza.com\/es\/#organization"},"image":{"@id":"https:\/\/www.pressenza.com\/es\/2017\/12\/los-empresarios-los-estan-detras-los-asesinatos-lideres-del-atrato-uraba\/#primaryimage"},"thumbnailUrl":"https:\/\/www.pressenza.com\/wp-content\/uploads\/2017\/12\/colombia-jenny-fonseca.jpg","keywords":["Colombia","cr\u00edmenes","empresarios","Paramilitares","Violencia econ\u00f3mica"],"articleSection":["Derechos Humanos","Pol\u00edtica","Sudam\u00e9rica"],"inLanguage":"es"},{"@type":"WebPage","@id":"https:\/\/www.pressenza.com\/es\/2017\/12\/los-empresarios-los-estan-detras-los-asesinatos-lideres-del-atrato-uraba\/","url":"https:\/\/www.pressenza.com\/es\/2017\/12\/los-empresarios-los-estan-detras-los-asesinatos-lideres-del-atrato-uraba\/","name":"\u201cLos empresarios son los que est\u00e1n detr\u00e1s de los asesinatos\u201d: L\u00edderes del Bajo Atrato y Urab\u00e1","isPartOf":{"@id":"https:\/\/www.pressenza.com\/es\/#website"},"primaryImageOfPage":{"@id":"https:\/\/www.pressenza.com\/es\/2017\/12\/los-empresarios-los-estan-detras-los-asesinatos-lideres-del-atrato-uraba\/#primaryimage"},"image":{"@id":"https:\/\/www.pressenza.com\/es\/2017\/12\/los-empresarios-los-estan-detras-los-asesinatos-lideres-del-atrato-uraba\/#primaryimage"},"thumbnailUrl":"https:\/\/www.pressenza.com\/wp-content\/uploads\/2017\/12\/colombia-jenny-fonseca.jpg","datePublished":"2017-12-15T20:30:14+00:00","description":"Por Contagio Radio Veinticinco\u00a0l\u00edderes y lideresas sociales del Bajo Atrato Chocoano y el Urab\u00e1 Antioque\u00f1o\u00a0amenazados de muerte\u00a0y familiares de l\u00edderes","breadcrumb":{"@id":"https:\/\/www.pressenza.com\/es\/2017\/12\/los-empresarios-los-estan-detras-los-asesinatos-lideres-del-atrato-uraba\/#breadcrumb"},"inLanguage":"es","potentialAction":[{"@type":"ReadAction","target":["https:\/\/www.pressenza.com\/es\/2017\/12\/los-empresarios-los-estan-detras-los-asesinatos-lideres-del-atrato-uraba\/"]}]},{"@type":"ImageObject","inLanguage":"es","@id":"https:\/\/www.pressenza.com\/es\/2017\/12\/los-empresarios-los-estan-detras-los-asesinatos-lideres-del-atrato-uraba\/#primaryimage","url":"https:\/\/www.pressenza.com\/wp-content\/uploads\/2017\/12\/colombia-jenny-fonseca.jpg","contentUrl":"https:\/\/www.pressenza.com\/wp-content\/uploads\/2017\/12\/colombia-jenny-fonseca.jpg","width":2048,"height":1329},{"@type":"BreadcrumbList","@id":"https:\/\/www.pressenza.com\/es\/2017\/12\/los-empresarios-los-estan-detras-los-asesinatos-lideres-del-atrato-uraba\/#breadcrumb","itemListElement":[{"@type":"ListItem","position":1,"name":"Accueil","item":"https:\/\/www.pressenza.com\/es\/"},{"@type":"ListItem","position":2,"name":"\u201cLos empresarios son los que est\u00e1n detr\u00e1s de los asesinatos\u201d: L\u00edderes del Bajo Atrato y Urab\u00e1"}]},{"@type":"WebSite","@id":"https:\/\/www.pressenza.com\/es\/#website","url":"https:\/\/www.pressenza.com\/es\/","name":"Pressenza","description":"International Press Agency","publisher":{"@id":"https:\/\/www.pressenza.com\/es\/#organization"},"potentialAction":[{"@type":"SearchAction","target":{"@type":"EntryPoint","urlTemplate":"https:\/\/www.pressenza.com\/es\/?s={search_term_string}"},"query-input":{"@type":"PropertyValueSpecification","valueRequired":true,"valueName":"search_term_string"}}],"inLanguage":"es"},{"@type":"Organization","@id":"https:\/\/www.pressenza.com\/es\/#organization","name":"Pressenza","url":"https:\/\/www.pressenza.com\/es\/","logo":{"@type":"ImageObject","inLanguage":"es","@id":"https:\/\/www.pressenza.com\/es\/#\/schema\/logo\/image\/","url":"https:\/\/www.pressenza.com\/wp-content\/uploads\/2022\/10\/pressenza_logo_200x200.jpg","contentUrl":"https:\/\/www.pressenza.com\/wp-content\/uploads\/2022\/10\/pressenza_logo_200x200.jpg","width":200,"height":200,"caption":"Pressenza"},"image":{"@id":"https:\/\/www.pressenza.com\/es\/#\/schema\/logo\/image\/"},"sameAs":["https:\/\/www.facebook.com\/PressenzaItalia","https:\/\/x.com\/PressenzaIPA"]},{"@type":"Person","@id":"https:\/\/www.pressenza.com\/es\/#\/schema\/person\/7c8ee170a4502d638436c91e385315f2","name":"Redacci\u00f3n Colombia","description":"News published by the Pressenza bureau in Colombia","url":"https:\/\/www.pressenza.com\/es\/author\/redaccion-colombia\/"}]}},"place":"ALBA Movimientos","original_article_url":"http:\/\/www.albamovimientos.org\/2017\/12\/colombia-los-empresarios-son-los-que-estan-detras-de-los-asesinatos-lideres-del-bajo-atrato-y-uraba\/?#","_links":{"self":[{"href":"https:\/\/www.pressenza.com\/es\/wp-json\/wp\/v2\/posts\/572655","targetHints":{"allow":["GET"]}}],"collection":[{"href":"https:\/\/www.pressenza.com\/es\/wp-json\/wp\/v2\/posts"}],"about":[{"href":"https:\/\/www.pressenza.com\/es\/wp-json\/wp\/v2\/types\/post"}],"author":[{"embeddable":true,"href":"https:\/\/www.pressenza.com\/es\/wp-json\/wp\/v2\/users\/1053"}],"replies":[{"embeddable":true,"href":"https:\/\/www.pressenza.com\/es\/wp-json\/wp\/v2\/comments?post=572655"}],"version-history":[{"count":0,"href":"https:\/\/www.pressenza.com\/es\/wp-json\/wp\/v2\/posts\/572655\/revisions"}],"wp:featuredmedia":[{"embeddable":true,"href":"https:\/\/www.pressenza.com\/es\/wp-json\/wp\/v2\/media\/572658"}],"wp:attachment":[{"href":"https:\/\/www.pressenza.com\/es\/wp-json\/wp\/v2\/media?parent=572655"}],"wp:term":[{"taxonomy":"category","embeddable":true,"href":"https:\/\/www.pressenza.com\/es\/wp-json\/wp\/v2\/categories?post=572655"},{"taxonomy":"post_tag","embeddable":true,"href":"https:\/\/www.pressenza.com\/es\/wp-json\/wp\/v2\/tags?post=572655"}],"curies":[{"name":"wp","href":"https:\/\/api.w.org\/{rel}","templated":true}]}}