{"id":5725,"date":"2011-06-09T00:00:00","date_gmt":"2011-06-09T00:00:00","guid":{"rendered":""},"modified":"2011-06-09T08:30:16","modified_gmt":"2011-06-09T08:30:16","slug":"xque-entendemos-hoy-por-periodismox","status":"publish","type":"post","link":"https:\/\/www.pressenza.com\/es\/2011\/06\/xque-entendemos-hoy-por-periodismox\/","title":{"rendered":"\u00bfQue entendemos hoy por periodismo?"},"content":{"rendered":"<p>Para comenzar vayamos al diccionario, all\u00ed las siguientes definiciones:<\/p>\n<p>Periodismo: Captaci\u00f3n y tratamiento, escrito, oral, visual o gr\u00e1fico, de la informaci\u00f3n en cualquiera de sus formas y variedades.<\/p>\n<p>Periodista: Persona profesionalmente dedicada en un peri\u00f3dico o en un medio audiovisual a tareas literarias o gr\u00e1ficas de informaci\u00f3n o de creaci\u00f3n de opini\u00f3n.<\/p>\n<p>\u00bfDe donde venimos?<\/p>\n<p>Desde mi visi\u00f3n estas definiciones est\u00e1n bastante alejadas de la realidad de los medios masivos de comunicaci\u00f3n.<br \/>\nEl circo de los medios hoy es f\u00e1cilmente perceptible. Se puede observar a la gente que sufre, alegrarse con personajes maquiav\u00e9licos como Marcelo Tinelli o cualquier gladiador de este circo.<\/p>\n<p>Cientos de programas y revistas divierten a la gente mostrando mujeres desnudas haciendo comentarios incoherentes de escasa inteligencia, ridiculizando a la mujer, mientras la banca hace destrozos econ\u00f3micos en todo el planeta y EE.UU. invade alg\u00fan pa\u00eds asi\u00e1tico a designar. El entretenimiento \u201cculo-teta\u201d direcciona las conciencias hacia lo bajo, hacia lo crepuscular. All\u00ed queda la creatividad de las personas, en la nada misma. A esto habr\u00eda que sumarle la manipulaci\u00f3n de la informaci\u00f3n que ejercen noticieros, diarios y programas de radio, que ocultan, tergiversan y deforman todo lo que pasa a nuestro alrededor, nos mienten y alargan de esta forma la vida del sistema. Son c\u00f3mplices de los poderosos, son c\u00f3mplices de la violencia, del sufrimiento, de la discriminaci\u00f3n, de la chatura, del individualismo y de la incomunicaci\u00f3n. Es esta ultima resultado de la idiotez que generan estos medios a la gente que mira TV por horas; puede caer un meteorito al lado, que ellos siguen atrapados como si estuviesen dormidos o muertos.<\/p>\n<p>Por tanto, el ser humano debe diferenciar realidad de lo que es la subjetividad de los medios, se debe entender que la vida no es lo que se muestra. Es importante ver a estos medios de comunicaci\u00f3n como una herramienta mas de este sistema decadente, de hecho son una de las \u00faltimas armas de un sistema anti-humanista que morir\u00e1 irremediablemente con el despertar de las personas.<\/p>\n<p>Debemos construir otro tipo de periodismo, el cual act\u00fae con la mirada puesta en el futuro; mediante otra sensibilidad y construyendo y difundiendo a trav\u00e9s del valor central de la sociedad que viene, el ser humano.<\/p>\n<p>Entender que el dinero es lo que mueve hoy a los medios, es la base para comprender que somos t\u00edteres de este circo medi\u00e1tico.<br \/>\nSilo, pensador y filosofo humanista del siglo XX, en \u201cLa mirada interna\u201d, dice: \u201cNo importa en que bando te hallan puesto los acontecimientos, lo que importa es que comprendas que no has elegido ning\u00fan bando\u201d. Esta es la pieza clave para denunciar la discriminaci\u00f3n y la subjetividad con la que se mueven los medios en los diferentes conflictos, tomando partida por los poderosos, tildando al rebelde de violento, a los reclamos de absurdos, a los estudiantes de \u201cquilomberos\u201d, a los extranjeros de ilegales, al hambriento de criminal y a los fascistas de republicanos. Tapando tal o cual informaci\u00f3n, adormeciendo de esta manera fen\u00f3menos sociales que pueden adquirir grandes magnitudes; agigantando temores de la sociedad: como el de la inseguridad, para acrecentar rencor u odio, para inmovilizar y para desviar conflictos y problem\u00e1ticas.<\/p>\n<p>Los medios imponen supuestas verdades absolutas. Debemos pregonar por el fin de las mentiras de los nuevos envenenadores de la vida, aquellos que desde un lugar que llega a millones de personas, llevan un mensaje que no tiene sentido, que no suma, resta y que lo hacen desde la estupidez, el ego\u00edsmo y el dinero, por lo tanto tenemos que presionar para que esto cambie.<\/p>\n<p>Aun no puedo comprender como por algunas migajas mis colegas vendan su alma para defender monopolios, censurar o ser censurado, manipular la informaci\u00f3n, entre diferentes acciones que ponderan al dinero por sobre el ser humano y su derecho a la informaci\u00f3n.<\/p>\n<p>\u00bfHacia donde vamos?<\/p>\n<p>Vamos al futuro. Por esto apoye la nueva ley de medios, especialmente por su esencia anti-monop\u00f3lica. Como persona, como humanista y como periodista apoye y difund\u00ed esta ley que reemplazaba la arcaica e ilegal ley de la dictadura.<br \/>\nLa Ley de Medios Audiovisuales fue aprobada por el parlamento argentino en Octubre de 2009. Un a\u00f1o y medio despu\u00e9s aun no se ven grandes efectos en su aplicaci\u00f3n, Clar\u00edn y sus socios han intentado frenar la ley con recursos de amparo de jueces amigos del establishment. Sin embargo la poblaci\u00f3n ya no cree el discurso de los medios hegem\u00f3nicos que se ve claramente con diferentes voces que se alzan en contra del \u201cgran diario argentino\u201d y con la baja en las ventas del peri\u00f3dico.<\/p>\n<p>La vigencia de la ley, la desmonopolizaci\u00f3n, la creaci\u00f3n de nuevos medios de comunicaci\u00f3n y de nuevos puestos de trabajo ser\u00e1 crucial para el armado de un nuevo periodismo y es inminente.<\/p>\n<p>Por otro lado el crecimiento del periodismo cibern\u00e9tico plenamente libre, con sus p\u00e1ginas, blogs y redes sociales no se podr\u00e1 detener con nada y es un gran avance hacia la libertad y la diversidad<br \/>\nEl \u201cviejo\u201d periodismo esta  muriendo y lo festejo. Pero solo con la nueva ley de medios no alcanza. Hago un llamado a aquellos periodistas, estudiantes y gente vinculada a la comunicaci\u00f3n a avanzar. Este es el momento para alzar las voces, este es el momento para hacer valer el derecho a la informaci\u00f3n, la libertad de expresi\u00f3n, de diferenciar informaci\u00f3n de opini\u00f3n, de crecer y dejar de ser manipulado y violentado por el poder.<\/p>\n<p>Construyamos otros medios de comunicaci\u00f3n, construyamos un nuevo periodismo, un periodismo humano y no-violento.<\/p>\n<p>Construyamos un compromiso con el futuro, con la causa justa, con la superaci\u00f3n del sufrimiento, con el Ser Humano, su libertad y evoluci\u00f3n.<\/p>\n<p>Y sepamos que existe otro tipo de periodismo, que quiz\u00e1 no esta en las grandes radios o en los grandes canales de TV, que desde peque\u00f1as publicaciones, desde radios barriales o desde Internet construyen todos los d\u00edas otra forma de llevar adelante nuestra profesi\u00f3n.<\/p>\n","protected":false},"excerpt":{"rendered":"<p>Esta nota intenta ser un conjunto de reflexiones sobre la profesi\u00f3n en el d\u00eda del periodista; en un nuevo aniversario del nacimiento de \u201cLa Gazeta de Buenos Aires\u201d, el peri\u00f3dico fundado por Mariano Moreno, un d\u00eda como hoy de 1810. \u00abConstruyamos otros medios de comunicaci\u00f3n, construyamos un nuevo periodismo, un periodismo humano y no-violento\u00bb, es una propuesta central. <\/p>\n","protected":false},"author":418,"featured_media":0,"comment_status":"closed","ping_status":"open","sticky":false,"template":"","format":"standard","meta":{"footnotes":""},"categories":[161,74,67],"tags":[],"class_list":["post-5725","post","type-post","status-publish","format-standard","hentry","category-opiniones","category-politica-es","category-sudamerica"],"yoast_head":"<!-- This site is optimized with the Yoast SEO plugin v27.1.1 - https:\/\/yoast.com\/product\/yoast-seo-wordpress\/ -->\n<title>\u00bfQue entendemos hoy por periodismo?<\/title>\n<meta name=\"description\" content=\"Esta nota intenta ser un conjunto de reflexiones sobre la profesi\u00f3n en el d\u00eda del periodista; en un nuevo aniversario del nacimiento de \u201cLa Gazeta de Buenos Aires\u201d, el peri\u00f3dico fundado por Mariano Moreno, un d\u00eda como hoy de 1810. &quot;Construyamos otros medios de comunicaci\u00f3n, construyamos un nuevo periodismo, un periodismo humano y no-violento&quot;, es una propuesta central.\" \/>\n<meta name=\"robots\" content=\"index, follow, max-snippet:-1, max-image-preview:large, max-video-preview:-1\" \/>\n<link rel=\"canonical\" href=\"https:\/\/www.pressenza.com\/es\/2011\/06\/xque-entendemos-hoy-por-periodismox\/\" \/>\n<meta property=\"og:locale\" content=\"es_ES\" \/>\n<meta property=\"og:type\" content=\"article\" \/>\n<meta property=\"og:title\" content=\"\u00bfQue entendemos hoy por periodismo?\" \/>\n<meta property=\"og:description\" content=\"Esta nota intenta ser un conjunto de reflexiones sobre la profesi\u00f3n en el d\u00eda del periodista; en un nuevo aniversario del nacimiento de \u201cLa Gazeta de Buenos Aires\u201d, el peri\u00f3dico fundado por Mariano Moreno, un d\u00eda como hoy de 1810. &quot;Construyamos otros medios de comunicaci\u00f3n, construyamos un nuevo periodismo, un periodismo humano y no-violento&quot;, es una propuesta central.\" \/>\n<meta property=\"og:url\" content=\"https:\/\/www.pressenza.com\/es\/2011\/06\/xque-entendemos-hoy-por-periodismox\/\" \/>\n<meta property=\"og:site_name\" content=\"Pressenza\" \/>\n<meta property=\"article:publisher\" content=\"https:\/\/www.facebook.com\/PressenzaItalia\" \/>\n<meta property=\"article:published_time\" content=\"2011-06-09T00:00:00+00:00\" \/>\n<meta property=\"article:modified_time\" content=\"2011-06-09T08:30:16+00:00\" \/>\n<meta name=\"author\" content=\"Gabriel Yastrubni\" \/>\n<meta name=\"twitter:card\" content=\"summary_large_image\" \/>\n<meta name=\"twitter:creator\" content=\"@PressenzaIPA\" \/>\n<meta name=\"twitter:site\" content=\"@PressenzaIPA\" \/>\n<meta name=\"twitter:label1\" content=\"Escrito por\" \/>\n\t<meta name=\"twitter:data1\" content=\"Gabriel Yastrubni\" \/>\n\t<meta name=\"twitter:label2\" content=\"Tiempo de lectura\" \/>\n\t<meta name=\"twitter:data2\" content=\"5 minutos\" \/>\n<script type=\"application\/ld+json\" class=\"yoast-schema-graph\">{\"@context\":\"https:\/\/schema.org\",\"@graph\":[{\"@type\":\"Article\",\"@id\":\"https:\/\/www.pressenza.com\/es\/2011\/06\/xque-entendemos-hoy-por-periodismox\/#article\",\"isPartOf\":{\"@id\":\"https:\/\/www.pressenza.com\/es\/2011\/06\/xque-entendemos-hoy-por-periodismox\/\"},\"author\":{\"name\":\"Gabriel Yastrubni\",\"@id\":\"https:\/\/www.pressenza.com\/es\/#\/schema\/person\/65eb65319257d673fb477db5b553da47\"},\"headline\":\"\u00bfQue entendemos hoy por periodismo?\",\"datePublished\":\"2011-06-09T00:00:00+00:00\",\"dateModified\":\"2011-06-09T08:30:16+00:00\",\"mainEntityOfPage\":{\"@id\":\"https:\/\/www.pressenza.com\/es\/2011\/06\/xque-entendemos-hoy-por-periodismox\/\"},\"wordCount\":1042,\"publisher\":{\"@id\":\"https:\/\/www.pressenza.com\/es\/#organization\"},\"articleSection\":[\"Opiniones\",\"Pol\u00edtica\",\"Sudam\u00e9rica\"],\"inLanguage\":\"es\"},{\"@type\":\"WebPage\",\"@id\":\"https:\/\/www.pressenza.com\/es\/2011\/06\/xque-entendemos-hoy-por-periodismox\/\",\"url\":\"https:\/\/www.pressenza.com\/es\/2011\/06\/xque-entendemos-hoy-por-periodismox\/\",\"name\":\"\u00bfQue entendemos hoy por periodismo?\",\"isPartOf\":{\"@id\":\"https:\/\/www.pressenza.com\/es\/#website\"},\"datePublished\":\"2011-06-09T00:00:00+00:00\",\"dateModified\":\"2011-06-09T08:30:16+00:00\",\"description\":\"Esta nota intenta ser un conjunto de reflexiones sobre la profesi\u00f3n en el d\u00eda del periodista; en un nuevo aniversario del nacimiento de \u201cLa Gazeta de Buenos Aires\u201d, el peri\u00f3dico fundado por Mariano Moreno, un d\u00eda como hoy de 1810. \\\"Construyamos otros medios de comunicaci\u00f3n, construyamos un nuevo periodismo, un periodismo humano y no-violento\\\", es una propuesta central.\",\"breadcrumb\":{\"@id\":\"https:\/\/www.pressenza.com\/es\/2011\/06\/xque-entendemos-hoy-por-periodismox\/#breadcrumb\"},\"inLanguage\":\"es\",\"potentialAction\":[{\"@type\":\"ReadAction\",\"target\":[\"https:\/\/www.pressenza.com\/es\/2011\/06\/xque-entendemos-hoy-por-periodismox\/\"]}]},{\"@type\":\"BreadcrumbList\",\"@id\":\"https:\/\/www.pressenza.com\/es\/2011\/06\/xque-entendemos-hoy-por-periodismox\/#breadcrumb\",\"itemListElement\":[{\"@type\":\"ListItem\",\"position\":1,\"name\":\"Accueil\",\"item\":\"https:\/\/www.pressenza.com\/es\/\"},{\"@type\":\"ListItem\",\"position\":2,\"name\":\"\u00bfQue entendemos hoy por periodismo?\"}]},{\"@type\":\"WebSite\",\"@id\":\"https:\/\/www.pressenza.com\/es\/#website\",\"url\":\"https:\/\/www.pressenza.com\/es\/\",\"name\":\"Pressenza\",\"description\":\"International Press Agency\",\"publisher\":{\"@id\":\"https:\/\/www.pressenza.com\/es\/#organization\"},\"potentialAction\":[{\"@type\":\"SearchAction\",\"target\":{\"@type\":\"EntryPoint\",\"urlTemplate\":\"https:\/\/www.pressenza.com\/es\/?s={search_term_string}\"},\"query-input\":{\"@type\":\"PropertyValueSpecification\",\"valueRequired\":true,\"valueName\":\"search_term_string\"}}],\"inLanguage\":\"es\"},{\"@type\":\"Organization\",\"@id\":\"https:\/\/www.pressenza.com\/es\/#organization\",\"name\":\"Pressenza\",\"url\":\"https:\/\/www.pressenza.com\/es\/\",\"logo\":{\"@type\":\"ImageObject\",\"inLanguage\":\"es\",\"@id\":\"https:\/\/www.pressenza.com\/es\/#\/schema\/logo\/image\/\",\"url\":\"https:\/\/www.pressenza.com\/wp-content\/uploads\/2022\/10\/pressenza_logo_200x200.jpg\",\"contentUrl\":\"https:\/\/www.pressenza.com\/wp-content\/uploads\/2022\/10\/pressenza_logo_200x200.jpg\",\"width\":200,\"height\":200,\"caption\":\"Pressenza\"},\"image\":{\"@id\":\"https:\/\/www.pressenza.com\/es\/#\/schema\/logo\/image\/\"},\"sameAs\":[\"https:\/\/www.facebook.com\/PressenzaItalia\",\"https:\/\/x.com\/PressenzaIPA\"]},{\"@type\":\"Person\",\"@id\":\"https:\/\/www.pressenza.com\/es\/#\/schema\/person\/65eb65319257d673fb477db5b553da47\",\"name\":\"Gabriel Yastrubni\",\"url\":\"https:\/\/www.pressenza.com\/es\/author\/gabriel-yastrubni\/\"}]}<\/script>\n<!-- \/ Yoast SEO plugin. -->","yoast_head_json":{"title":"\u00bfQue entendemos hoy por periodismo?","description":"Esta nota intenta ser un conjunto de reflexiones sobre la profesi\u00f3n en el d\u00eda del periodista; en un nuevo aniversario del nacimiento de \u201cLa Gazeta de Buenos Aires\u201d, el peri\u00f3dico fundado por Mariano Moreno, un d\u00eda como hoy de 1810. \"Construyamos otros medios de comunicaci\u00f3n, construyamos un nuevo periodismo, un periodismo humano y no-violento\", es una propuesta central.","robots":{"index":"index","follow":"follow","max-snippet":"max-snippet:-1","max-image-preview":"max-image-preview:large","max-video-preview":"max-video-preview:-1"},"canonical":"https:\/\/www.pressenza.com\/es\/2011\/06\/xque-entendemos-hoy-por-periodismox\/","og_locale":"es_ES","og_type":"article","og_title":"\u00bfQue entendemos hoy por periodismo?","og_description":"Esta nota intenta ser un conjunto de reflexiones sobre la profesi\u00f3n en el d\u00eda del periodista; en un nuevo aniversario del nacimiento de \u201cLa Gazeta de Buenos Aires\u201d, el peri\u00f3dico fundado por Mariano Moreno, un d\u00eda como hoy de 1810. \"Construyamos otros medios de comunicaci\u00f3n, construyamos un nuevo periodismo, un periodismo humano y no-violento\", es una propuesta central.","og_url":"https:\/\/www.pressenza.com\/es\/2011\/06\/xque-entendemos-hoy-por-periodismox\/","og_site_name":"Pressenza","article_publisher":"https:\/\/www.facebook.com\/PressenzaItalia","article_published_time":"2011-06-09T00:00:00+00:00","article_modified_time":"2011-06-09T08:30:16+00:00","author":"Gabriel Yastrubni","twitter_card":"summary_large_image","twitter_creator":"@PressenzaIPA","twitter_site":"@PressenzaIPA","twitter_misc":{"Escrito por":"Gabriel Yastrubni","Tiempo de lectura":"5 minutos"},"schema":{"@context":"https:\/\/schema.org","@graph":[{"@type":"Article","@id":"https:\/\/www.pressenza.com\/es\/2011\/06\/xque-entendemos-hoy-por-periodismox\/#article","isPartOf":{"@id":"https:\/\/www.pressenza.com\/es\/2011\/06\/xque-entendemos-hoy-por-periodismox\/"},"author":{"name":"Gabriel Yastrubni","@id":"https:\/\/www.pressenza.com\/es\/#\/schema\/person\/65eb65319257d673fb477db5b553da47"},"headline":"\u00bfQue entendemos hoy por periodismo?","datePublished":"2011-06-09T00:00:00+00:00","dateModified":"2011-06-09T08:30:16+00:00","mainEntityOfPage":{"@id":"https:\/\/www.pressenza.com\/es\/2011\/06\/xque-entendemos-hoy-por-periodismox\/"},"wordCount":1042,"publisher":{"@id":"https:\/\/www.pressenza.com\/es\/#organization"},"articleSection":["Opiniones","Pol\u00edtica","Sudam\u00e9rica"],"inLanguage":"es"},{"@type":"WebPage","@id":"https:\/\/www.pressenza.com\/es\/2011\/06\/xque-entendemos-hoy-por-periodismox\/","url":"https:\/\/www.pressenza.com\/es\/2011\/06\/xque-entendemos-hoy-por-periodismox\/","name":"\u00bfQue entendemos hoy por periodismo?","isPartOf":{"@id":"https:\/\/www.pressenza.com\/es\/#website"},"datePublished":"2011-06-09T00:00:00+00:00","dateModified":"2011-06-09T08:30:16+00:00","description":"Esta nota intenta ser un conjunto de reflexiones sobre la profesi\u00f3n en el d\u00eda del periodista; en un nuevo aniversario del nacimiento de \u201cLa Gazeta de Buenos Aires\u201d, el peri\u00f3dico fundado por Mariano Moreno, un d\u00eda como hoy de 1810. \"Construyamos otros medios de comunicaci\u00f3n, construyamos un nuevo periodismo, un periodismo humano y no-violento\", es una propuesta central.","breadcrumb":{"@id":"https:\/\/www.pressenza.com\/es\/2011\/06\/xque-entendemos-hoy-por-periodismox\/#breadcrumb"},"inLanguage":"es","potentialAction":[{"@type":"ReadAction","target":["https:\/\/www.pressenza.com\/es\/2011\/06\/xque-entendemos-hoy-por-periodismox\/"]}]},{"@type":"BreadcrumbList","@id":"https:\/\/www.pressenza.com\/es\/2011\/06\/xque-entendemos-hoy-por-periodismox\/#breadcrumb","itemListElement":[{"@type":"ListItem","position":1,"name":"Accueil","item":"https:\/\/www.pressenza.com\/es\/"},{"@type":"ListItem","position":2,"name":"\u00bfQue entendemos hoy por periodismo?"}]},{"@type":"WebSite","@id":"https:\/\/www.pressenza.com\/es\/#website","url":"https:\/\/www.pressenza.com\/es\/","name":"Pressenza","description":"International Press Agency","publisher":{"@id":"https:\/\/www.pressenza.com\/es\/#organization"},"potentialAction":[{"@type":"SearchAction","target":{"@type":"EntryPoint","urlTemplate":"https:\/\/www.pressenza.com\/es\/?s={search_term_string}"},"query-input":{"@type":"PropertyValueSpecification","valueRequired":true,"valueName":"search_term_string"}}],"inLanguage":"es"},{"@type":"Organization","@id":"https:\/\/www.pressenza.com\/es\/#organization","name":"Pressenza","url":"https:\/\/www.pressenza.com\/es\/","logo":{"@type":"ImageObject","inLanguage":"es","@id":"https:\/\/www.pressenza.com\/es\/#\/schema\/logo\/image\/","url":"https:\/\/www.pressenza.com\/wp-content\/uploads\/2022\/10\/pressenza_logo_200x200.jpg","contentUrl":"https:\/\/www.pressenza.com\/wp-content\/uploads\/2022\/10\/pressenza_logo_200x200.jpg","width":200,"height":200,"caption":"Pressenza"},"image":{"@id":"https:\/\/www.pressenza.com\/es\/#\/schema\/logo\/image\/"},"sameAs":["https:\/\/www.facebook.com\/PressenzaItalia","https:\/\/x.com\/PressenzaIPA"]},{"@type":"Person","@id":"https:\/\/www.pressenza.com\/es\/#\/schema\/person\/65eb65319257d673fb477db5b553da47","name":"Gabriel Yastrubni","url":"https:\/\/www.pressenza.com\/es\/author\/gabriel-yastrubni\/"}]}},"place":"Buenos Aires","original_article_url":"","_links":{"self":[{"href":"https:\/\/www.pressenza.com\/es\/wp-json\/wp\/v2\/posts\/5725","targetHints":{"allow":["GET"]}}],"collection":[{"href":"https:\/\/www.pressenza.com\/es\/wp-json\/wp\/v2\/posts"}],"about":[{"href":"https:\/\/www.pressenza.com\/es\/wp-json\/wp\/v2\/types\/post"}],"author":[{"embeddable":true,"href":"https:\/\/www.pressenza.com\/es\/wp-json\/wp\/v2\/users\/418"}],"replies":[{"embeddable":true,"href":"https:\/\/www.pressenza.com\/es\/wp-json\/wp\/v2\/comments?post=5725"}],"version-history":[{"count":0,"href":"https:\/\/www.pressenza.com\/es\/wp-json\/wp\/v2\/posts\/5725\/revisions"}],"wp:attachment":[{"href":"https:\/\/www.pressenza.com\/es\/wp-json\/wp\/v2\/media?parent=5725"}],"wp:term":[{"taxonomy":"category","embeddable":true,"href":"https:\/\/www.pressenza.com\/es\/wp-json\/wp\/v2\/categories?post=5725"},{"taxonomy":"post_tag","embeddable":true,"href":"https:\/\/www.pressenza.com\/es\/wp-json\/wp\/v2\/tags?post=5725"}],"curies":[{"name":"wp","href":"https:\/\/api.w.org\/{rel}","templated":true}]}}