{"id":572406,"date":"2017-12-15T18:53:53","date_gmt":"2017-12-15T18:53:53","guid":{"rendered":"https:\/\/www.pressenza.com\/?p=572406\/"},"modified":"2017-12-15T19:04:30","modified_gmt":"2017-12-15T19:04:30","slug":"pueblo-argentino-marcho-recortes-jubilados","status":"publish","type":"post","link":"https:\/\/www.pressenza.com\/es\/2017\/12\/pueblo-argentino-marcho-recortes-jubilados\/","title":{"rendered":"Pueblo argentino march\u00f3 contra recortes a jubilados"},"content":{"rendered":"<p><em><strong>Fotos de Javier Mart\u00ednez<\/strong><\/em><\/p>\n<p>Ayer hubo marchas en diferentes ciudades de la Argentina para mostrarle al gobierno de Mauricio Macri que lo que ellos llaman \u201creforma previsional\u201d, es lisa y llanamente un robo a los pensionados, jubilados, ni\u00f1os, discapacitados y trabajadores. Un intento de retrotraer el sistema distributivo argentino y ajustarlo a las normas del Fondo Monetario Internacional (FMI).<\/p>\n<p>Frente al congreso de los diputados decenas de miles de personas se congregaron para evitar que se sancione esta ley, que ya contaba con la aprobaci\u00f3n de la c\u00e1mara de senadores, en lo que se considera por muchos sectores como una \u201ctraici\u00f3n a la patria\u201d.<\/p>\n<p>El Congreso permaneci\u00f3 vallado y con un operativo de seguridad jam\u00e1s visto en la Argentina, con cuerpos represivos de todas las fuerzas de seguridad, incluidas aquellas que no tienen ninguna formaci\u00f3n en la contenci\u00f3n de manifestaciones masivas.<\/p>\n<p>La sesi\u00f3n legislativa ten\u00eda como hora de comienzo las 14 horas y al mismo tiempo comenzaron los disparos contra los manifestantes, en una sincron\u00eda macabra.<\/p>\n<p>Al no obtener el qu\u00f3rum y descubrirse el intento del oficialismo de formar qu\u00f3rum de manera ilegal, la sesi\u00f3n legislativa se suspendi\u00f3. Varios de los diputados hab\u00edan sido agredidos por la misma polic\u00eda al intentar entrar al recinto y en los alrededores del edificio las fuerzas de seguridad realizaban una cacer\u00eda de posibles manifestantes.<\/p>\n<p><img loading=\"lazy\" decoding=\"async\" class=\"alignleft size-large wp-image-572408\" src=\"https:\/\/www.pressenza.com\/wp-content\/uploads\/2017\/12\/1-1-720x480.jpg\" alt=\"\" width=\"720\" height=\"480\" srcset=\"https:\/\/www.pressenza.com\/wp-content\/uploads\/2017\/12\/1-1-720x480.jpg 720w, https:\/\/www.pressenza.com\/wp-content\/uploads\/2017\/12\/1-1-300x200.jpg 300w, https:\/\/www.pressenza.com\/wp-content\/uploads\/2017\/12\/1-1-768x512.jpg 768w, https:\/\/www.pressenza.com\/wp-content\/uploads\/2017\/12\/1-1.jpg 2048w\" sizes=\"auto, (max-width: 720px) 100vw, 720px\" \/> <img loading=\"lazy\" decoding=\"async\" class=\"alignleft size-large wp-image-572436\" src=\"https:\/\/www.pressenza.com\/wp-content\/uploads\/2017\/12\/2-1-720x480.jpg\" alt=\"\" width=\"720\" height=\"480\" srcset=\"https:\/\/www.pressenza.com\/wp-content\/uploads\/2017\/12\/2-1-720x480.jpg 720w, https:\/\/www.pressenza.com\/wp-content\/uploads\/2017\/12\/2-1-300x200.jpg 300w, https:\/\/www.pressenza.com\/wp-content\/uploads\/2017\/12\/2-1-768x512.jpg 768w, https:\/\/www.pressenza.com\/wp-content\/uploads\/2017\/12\/2-1.jpg 2048w\" sizes=\"auto, (max-width: 720px) 100vw, 720px\" \/> <img loading=\"lazy\" decoding=\"async\" class=\"alignleft size-large wp-image-572445\" src=\"https:\/\/www.pressenza.com\/wp-content\/uploads\/2017\/12\/3-1-720x480.jpg\" alt=\"\" width=\"720\" height=\"480\" srcset=\"https:\/\/www.pressenza.com\/wp-content\/uploads\/2017\/12\/3-1-720x480.jpg 720w, https:\/\/www.pressenza.com\/wp-content\/uploads\/2017\/12\/3-1-300x200.jpg 300w, https:\/\/www.pressenza.com\/wp-content\/uploads\/2017\/12\/3-1-768x512.jpg 768w, https:\/\/www.pressenza.com\/wp-content\/uploads\/2017\/12\/3-1.jpg 2048w\" sizes=\"auto, (max-width: 720px) 100vw, 720px\" \/> <img loading=\"lazy\" decoding=\"async\" class=\"alignleft size-large wp-image-572454\" src=\"https:\/\/www.pressenza.com\/wp-content\/uploads\/2017\/12\/4-1-720x480.jpg\" alt=\"\" width=\"720\" height=\"480\" srcset=\"https:\/\/www.pressenza.com\/wp-content\/uploads\/2017\/12\/4-1-720x480.jpg 720w, https:\/\/www.pressenza.com\/wp-content\/uploads\/2017\/12\/4-1-300x200.jpg 300w, https:\/\/www.pressenza.com\/wp-content\/uploads\/2017\/12\/4-1-768x512.jpg 768w, https:\/\/www.pressenza.com\/wp-content\/uploads\/2017\/12\/4-1.jpg 2048w\" sizes=\"auto, (max-width: 720px) 100vw, 720px\" \/><\/p>\n<p>\u201cSi quieren que declaren el estado de sitio, pero esto es una locura\u201d, denunciaba el diputado Horacio Pietragalla segundos antes de ser atacado con gas pimienta por efectivos de la gendarmer\u00eda nacional.<\/p>\n<p>Por la tarde se anunci\u00f3 que el presidente dar\u00eda un mensaje a la poblaci\u00f3n en el que informar\u00eda de la aprobaci\u00f3n de la ley de ajuste a trav\u00e9s de un decreto de necesidad y urgencia. La reacci\u00f3n de los propios correligionarios del presidente millonario, hizo que finalmente se desistiera de esta medida que podr\u00eda haber generado una reacci\u00f3n popular incontrolable.<\/p>\n<p>En el d\u00eda de hoy gobernadores provinciales les contaron a periodistas que directivos del grupo medi\u00e1tico Clar\u00edn, amenazan en nombre del gobierno para que se apruebe esta ley, ya que dicen que la econom\u00eda argentina podr\u00eda colapsar en pocos meses si no se reducen las partidas presupuestarias. Lo parad\u00f3jico de esto es que el gobierno no para de ejecutar medidas que reducen la recaudaci\u00f3n del Estado, como las exportaciones de granos libres de impuestos, la eliminaci\u00f3n de grav\u00e1menes a las mineras, desaparici\u00f3n del impuesto a los coches de alta gama, el champ\u00e1n o sobre las patronales, por citar algunos ejemplos.<\/p>\n<p><img loading=\"lazy\" decoding=\"async\" class=\"alignleft size-large wp-image-572547\" src=\"https:\/\/www.pressenza.com\/wp-content\/uploads\/2017\/12\/5-1-720x480.jpg\" alt=\"\" width=\"720\" height=\"480\" srcset=\"https:\/\/www.pressenza.com\/wp-content\/uploads\/2017\/12\/5-1-720x480.jpg 720w, https:\/\/www.pressenza.com\/wp-content\/uploads\/2017\/12\/5-1-300x200.jpg 300w, https:\/\/www.pressenza.com\/wp-content\/uploads\/2017\/12\/5-1-768x512.jpg 768w, https:\/\/www.pressenza.com\/wp-content\/uploads\/2017\/12\/5-1.jpg 2048w\" sizes=\"auto, (max-width: 720px) 100vw, 720px\" \/> <img loading=\"lazy\" decoding=\"async\" class=\"alignleft size-large wp-image-572557\" src=\"https:\/\/www.pressenza.com\/wp-content\/uploads\/2017\/12\/6-720x480.jpg\" alt=\"\" width=\"720\" height=\"480\" srcset=\"https:\/\/www.pressenza.com\/wp-content\/uploads\/2017\/12\/6-720x480.jpg 720w, https:\/\/www.pressenza.com\/wp-content\/uploads\/2017\/12\/6-300x200.jpg 300w, https:\/\/www.pressenza.com\/wp-content\/uploads\/2017\/12\/6-768x512.jpg 768w, https:\/\/www.pressenza.com\/wp-content\/uploads\/2017\/12\/6.jpg 2048w\" sizes=\"auto, (max-width: 720px) 100vw, 720px\" \/> <img loading=\"lazy\" decoding=\"async\" class=\"alignleft size-large wp-image-572566\" src=\"https:\/\/www.pressenza.com\/wp-content\/uploads\/2017\/12\/7-720x480.jpg\" alt=\"\" width=\"720\" height=\"480\" srcset=\"https:\/\/www.pressenza.com\/wp-content\/uploads\/2017\/12\/7-720x480.jpg 720w, https:\/\/www.pressenza.com\/wp-content\/uploads\/2017\/12\/7-300x200.jpg 300w, https:\/\/www.pressenza.com\/wp-content\/uploads\/2017\/12\/7-768x512.jpg 768w, https:\/\/www.pressenza.com\/wp-content\/uploads\/2017\/12\/7.jpg 2048w\" sizes=\"auto, (max-width: 720px) 100vw, 720px\" \/> <img loading=\"lazy\" decoding=\"async\" class=\"alignleft size-large wp-image-572575\" src=\"https:\/\/www.pressenza.com\/wp-content\/uploads\/2017\/12\/8-720x480.jpg\" alt=\"\" width=\"720\" height=\"480\" srcset=\"https:\/\/www.pressenza.com\/wp-content\/uploads\/2017\/12\/8-720x480.jpg 720w, https:\/\/www.pressenza.com\/wp-content\/uploads\/2017\/12\/8-300x200.jpg 300w, https:\/\/www.pressenza.com\/wp-content\/uploads\/2017\/12\/8-768x512.jpg 768w, https:\/\/www.pressenza.com\/wp-content\/uploads\/2017\/12\/8.jpg 2048w\" sizes=\"auto, (max-width: 720px) 100vw, 720px\" \/> <img loading=\"lazy\" decoding=\"async\" class=\"alignleft size-large wp-image-572586\" src=\"https:\/\/www.pressenza.com\/wp-content\/uploads\/2017\/12\/9-720x480.jpg\" alt=\"\" width=\"720\" height=\"480\" srcset=\"https:\/\/www.pressenza.com\/wp-content\/uploads\/2017\/12\/9-720x480.jpg 720w, https:\/\/www.pressenza.com\/wp-content\/uploads\/2017\/12\/9-300x200.jpg 300w, https:\/\/www.pressenza.com\/wp-content\/uploads\/2017\/12\/9-768x512.jpg 768w, https:\/\/www.pressenza.com\/wp-content\/uploads\/2017\/12\/9.jpg 2048w\" sizes=\"auto, (max-width: 720px) 100vw, 720px\" \/> <img loading=\"lazy\" decoding=\"async\" class=\"alignleft size-large wp-image-572595\" src=\"https:\/\/www.pressenza.com\/wp-content\/uploads\/2017\/12\/10-720x480.jpg\" alt=\"\" width=\"720\" height=\"480\" srcset=\"https:\/\/www.pressenza.com\/wp-content\/uploads\/2017\/12\/10-720x480.jpg 720w, https:\/\/www.pressenza.com\/wp-content\/uploads\/2017\/12\/10-300x200.jpg 300w, https:\/\/www.pressenza.com\/wp-content\/uploads\/2017\/12\/10-768x512.jpg 768w, https:\/\/www.pressenza.com\/wp-content\/uploads\/2017\/12\/10.jpg 2048w\" sizes=\"auto, (max-width: 720px) 100vw, 720px\" \/> <img loading=\"lazy\" decoding=\"async\" class=\"alignleft size-large wp-image-572604\" src=\"https:\/\/www.pressenza.com\/wp-content\/uploads\/2017\/12\/11-720x480.jpg\" alt=\"\" width=\"720\" height=\"480\" srcset=\"https:\/\/www.pressenza.com\/wp-content\/uploads\/2017\/12\/11-720x480.jpg 720w, https:\/\/www.pressenza.com\/wp-content\/uploads\/2017\/12\/11-300x200.jpg 300w, https:\/\/www.pressenza.com\/wp-content\/uploads\/2017\/12\/11-768x512.jpg 768w, https:\/\/www.pressenza.com\/wp-content\/uploads\/2017\/12\/11.jpg 2048w\" sizes=\"auto, (max-width: 720px) 100vw, 720px\" \/><\/p>\n","protected":false},"excerpt":{"rendered":"<p>Fotos de Javier Mart\u00ednez Ayer hubo marchas en diferentes ciudades de la Argentina para mostrarle al gobierno de Mauricio Macri que lo que ellos llaman \u201creforma previsional\u201d, es lisa y llanamente un robo a los pensionados, jubilados, ni\u00f1os, discapacitados y&hellip;<\/p>\n","protected":false},"author":96,"featured_media":572616,"comment_status":"closed","ping_status":"closed","sticky":false,"template":"","format":"standard","meta":{"footnotes":""},"categories":[11389,79,5667,74,67],"tags":[19600,26,526,25779,512,702,397,729],"class_list":["post-572406","post","type-post","status-publish","format-standard","has-post-thumbnail","hentry","category-contenido-original","category-derechos-humanos","category-foto-reportajes","category-politica-es","category-sudamerica","tag-ajuste","tag-argentina","tag-manifestacion","tag-protesta-social","tag-recortes","tag-represion","tag-violencia-estatal","tag-violencia-policial"],"yoast_head":"<!-- This site is optimized with the Yoast SEO plugin v27.1.1 - https:\/\/yoast.com\/product\/yoast-seo-wordpress\/ -->\n<title>Pueblo argentino march\u00f3 contra recortes a jubilados<\/title>\n<meta name=\"description\" content=\"Fotos de Javier Mart\u00ednez Ayer hubo marchas en diferentes ciudades de la Argentina para mostrarle al gobierno de Mauricio Macri que lo que ellos llaman\" \/>\n<meta name=\"robots\" content=\"index, follow, max-snippet:-1, max-image-preview:large, max-video-preview:-1\" \/>\n<link rel=\"canonical\" href=\"https:\/\/www.pressenza.com\/es\/2017\/12\/pueblo-argentino-marcho-recortes-jubilados\/\" \/>\n<meta property=\"og:locale\" content=\"es_ES\" \/>\n<meta property=\"og:type\" content=\"article\" \/>\n<meta property=\"og:title\" content=\"Pueblo argentino march\u00f3 contra recortes a jubilados\" \/>\n<meta property=\"og:description\" content=\"Fotos de Javier Mart\u00ednez Ayer hubo marchas en diferentes ciudades de la Argentina para mostrarle al gobierno de Mauricio Macri que lo que ellos llaman\" \/>\n<meta property=\"og:url\" content=\"https:\/\/www.pressenza.com\/es\/2017\/12\/pueblo-argentino-marcho-recortes-jubilados\/\" \/>\n<meta property=\"og:site_name\" content=\"Pressenza\" \/>\n<meta property=\"article:publisher\" content=\"https:\/\/www.facebook.com\/PressenzaItalia\" \/>\n<meta property=\"article:author\" content=\"https:\/\/www.facebook.com\/mariano.quiroga.779\" \/>\n<meta property=\"article:published_time\" content=\"2017-12-15T18:53:53+00:00\" \/>\n<meta property=\"article:modified_time\" content=\"2017-12-15T19:04:30+00:00\" \/>\n<meta property=\"og:image\" content=\"https:\/\/www.pressenza.com\/wp-content\/uploads\/2017\/12\/DSCF0004.jpg\" \/>\n\t<meta property=\"og:image:width\" content=\"2048\" \/>\n\t<meta property=\"og:image:height\" content=\"1365\" \/>\n\t<meta property=\"og:image:type\" content=\"image\/jpeg\" \/>\n<meta name=\"author\" content=\"Mariano Quiroga\" \/>\n<meta name=\"twitter:card\" content=\"summary_large_image\" \/>\n<meta name=\"twitter:creator\" content=\"@MaruchoQuiroga\" \/>\n<meta name=\"twitter:site\" content=\"@PressenzaIPA\" \/>\n<meta name=\"twitter:label1\" content=\"Escrito por\" \/>\n\t<meta name=\"twitter:data1\" content=\"Mariano Quiroga\" \/>\n\t<meta name=\"twitter:label2\" content=\"Tiempo de lectura\" \/>\n\t<meta name=\"twitter:data2\" content=\"2 minutos\" \/>\n<script type=\"application\/ld+json\" class=\"yoast-schema-graph\">{\"@context\":\"https:\/\/schema.org\",\"@graph\":[{\"@type\":\"Article\",\"@id\":\"https:\/\/www.pressenza.com\/es\/2017\/12\/pueblo-argentino-marcho-recortes-jubilados\/#article\",\"isPartOf\":{\"@id\":\"https:\/\/www.pressenza.com\/es\/2017\/12\/pueblo-argentino-marcho-recortes-jubilados\/\"},\"author\":{\"name\":\"Mariano Quiroga\",\"@id\":\"https:\/\/www.pressenza.com\/es\/#\/schema\/person\/a0856fe41d8234b92503e6b28dc2585e\"},\"headline\":\"Pueblo argentino march\u00f3 contra recortes a jubilados\",\"datePublished\":\"2017-12-15T18:53:53+00:00\",\"dateModified\":\"2017-12-15T19:04:30+00:00\",\"mainEntityOfPage\":{\"@id\":\"https:\/\/www.pressenza.com\/es\/2017\/12\/pueblo-argentino-marcho-recortes-jubilados\/\"},\"wordCount\":455,\"publisher\":{\"@id\":\"https:\/\/www.pressenza.com\/es\/#organization\"},\"image\":{\"@id\":\"https:\/\/www.pressenza.com\/es\/2017\/12\/pueblo-argentino-marcho-recortes-jubilados\/#primaryimage\"},\"thumbnailUrl\":\"https:\/\/www.pressenza.com\/wp-content\/uploads\/2017\/12\/DSCF0004.jpg\",\"keywords\":[\"ajuste\",\"Argentina\",\"manifestaci\u00f3n\",\"protesta social\",\"recortes\",\"represi\u00f3n\",\"Violencia estatal\",\"Violencia policial\"],\"articleSection\":[\"Contenido Original\",\"Derechos Humanos\",\"Fotorreportajes\",\"Pol\u00edtica\",\"Sudam\u00e9rica\"],\"inLanguage\":\"es\"},{\"@type\":\"WebPage\",\"@id\":\"https:\/\/www.pressenza.com\/es\/2017\/12\/pueblo-argentino-marcho-recortes-jubilados\/\",\"url\":\"https:\/\/www.pressenza.com\/es\/2017\/12\/pueblo-argentino-marcho-recortes-jubilados\/\",\"name\":\"Pueblo argentino march\u00f3 contra recortes a jubilados\",\"isPartOf\":{\"@id\":\"https:\/\/www.pressenza.com\/es\/#website\"},\"primaryImageOfPage\":{\"@id\":\"https:\/\/www.pressenza.com\/es\/2017\/12\/pueblo-argentino-marcho-recortes-jubilados\/#primaryimage\"},\"image\":{\"@id\":\"https:\/\/www.pressenza.com\/es\/2017\/12\/pueblo-argentino-marcho-recortes-jubilados\/#primaryimage\"},\"thumbnailUrl\":\"https:\/\/www.pressenza.com\/wp-content\/uploads\/2017\/12\/DSCF0004.jpg\",\"datePublished\":\"2017-12-15T18:53:53+00:00\",\"dateModified\":\"2017-12-15T19:04:30+00:00\",\"description\":\"Fotos de Javier Mart\u00ednez Ayer hubo marchas en diferentes ciudades de la Argentina para mostrarle al gobierno de Mauricio Macri que lo que ellos llaman\",\"breadcrumb\":{\"@id\":\"https:\/\/www.pressenza.com\/es\/2017\/12\/pueblo-argentino-marcho-recortes-jubilados\/#breadcrumb\"},\"inLanguage\":\"es\",\"potentialAction\":[{\"@type\":\"ReadAction\",\"target\":[\"https:\/\/www.pressenza.com\/es\/2017\/12\/pueblo-argentino-marcho-recortes-jubilados\/\"]}]},{\"@type\":\"ImageObject\",\"inLanguage\":\"es\",\"@id\":\"https:\/\/www.pressenza.com\/es\/2017\/12\/pueblo-argentino-marcho-recortes-jubilados\/#primaryimage\",\"url\":\"https:\/\/www.pressenza.com\/wp-content\/uploads\/2017\/12\/DSCF0004.jpg\",\"contentUrl\":\"https:\/\/www.pressenza.com\/wp-content\/uploads\/2017\/12\/DSCF0004.jpg\",\"width\":2048,\"height\":1365},{\"@type\":\"BreadcrumbList\",\"@id\":\"https:\/\/www.pressenza.com\/es\/2017\/12\/pueblo-argentino-marcho-recortes-jubilados\/#breadcrumb\",\"itemListElement\":[{\"@type\":\"ListItem\",\"position\":1,\"name\":\"Accueil\",\"item\":\"https:\/\/www.pressenza.com\/es\/\"},{\"@type\":\"ListItem\",\"position\":2,\"name\":\"Pueblo argentino march\u00f3 contra recortes a jubilados\"}]},{\"@type\":\"WebSite\",\"@id\":\"https:\/\/www.pressenza.com\/es\/#website\",\"url\":\"https:\/\/www.pressenza.com\/es\/\",\"name\":\"Pressenza\",\"description\":\"International Press Agency\",\"publisher\":{\"@id\":\"https:\/\/www.pressenza.com\/es\/#organization\"},\"potentialAction\":[{\"@type\":\"SearchAction\",\"target\":{\"@type\":\"EntryPoint\",\"urlTemplate\":\"https:\/\/www.pressenza.com\/es\/?s={search_term_string}\"},\"query-input\":{\"@type\":\"PropertyValueSpecification\",\"valueRequired\":true,\"valueName\":\"search_term_string\"}}],\"inLanguage\":\"es\"},{\"@type\":\"Organization\",\"@id\":\"https:\/\/www.pressenza.com\/es\/#organization\",\"name\":\"Pressenza\",\"url\":\"https:\/\/www.pressenza.com\/es\/\",\"logo\":{\"@type\":\"ImageObject\",\"inLanguage\":\"es\",\"@id\":\"https:\/\/www.pressenza.com\/es\/#\/schema\/logo\/image\/\",\"url\":\"https:\/\/www.pressenza.com\/wp-content\/uploads\/2022\/10\/pressenza_logo_200x200.jpg\",\"contentUrl\":\"https:\/\/www.pressenza.com\/wp-content\/uploads\/2022\/10\/pressenza_logo_200x200.jpg\",\"width\":200,\"height\":200,\"caption\":\"Pressenza\"},\"image\":{\"@id\":\"https:\/\/www.pressenza.com\/es\/#\/schema\/logo\/image\/\"},\"sameAs\":[\"https:\/\/www.facebook.com\/PressenzaItalia\",\"https:\/\/x.com\/PressenzaIPA\"]},{\"@type\":\"Person\",\"@id\":\"https:\/\/www.pressenza.com\/es\/#\/schema\/person\/a0856fe41d8234b92503e6b28dc2585e\",\"name\":\"Mariano Quiroga\",\"description\":\"Born in Buenos Aires, Argentina, in 1976, Mariano is a journalist, poet and international editor for Pressenza. His career includes publications in different countries and languages. Currently he is presenter on radio programmes in Ecuador and Argentina. A humanist communicator specialising in international politics, his vocation has led him to seek to build bridges that allow relationships to be made between data, events, people and contexts in order to create an inclusive look that synthesises the noblest searches for social justice and humanisation of the planet.\",\"sameAs\":[\"https:\/\/www.facebook.com\/mariano.quiroga.779\",\"https:\/\/x.com\/MaruchoQuiroga\"],\"url\":\"https:\/\/www.pressenza.com\/es\/author\/mariano-quiroga\/\"}]}<\/script>\n<!-- \/ Yoast SEO plugin. -->","yoast_head_json":{"title":"Pueblo argentino march\u00f3 contra recortes a jubilados","description":"Fotos de Javier Mart\u00ednez Ayer hubo marchas en diferentes ciudades de la Argentina para mostrarle al gobierno de Mauricio Macri que lo que ellos llaman","robots":{"index":"index","follow":"follow","max-snippet":"max-snippet:-1","max-image-preview":"max-image-preview:large","max-video-preview":"max-video-preview:-1"},"canonical":"https:\/\/www.pressenza.com\/es\/2017\/12\/pueblo-argentino-marcho-recortes-jubilados\/","og_locale":"es_ES","og_type":"article","og_title":"Pueblo argentino march\u00f3 contra recortes a jubilados","og_description":"Fotos de Javier Mart\u00ednez Ayer hubo marchas en diferentes ciudades de la Argentina para mostrarle al gobierno de Mauricio Macri que lo que ellos llaman","og_url":"https:\/\/www.pressenza.com\/es\/2017\/12\/pueblo-argentino-marcho-recortes-jubilados\/","og_site_name":"Pressenza","article_publisher":"https:\/\/www.facebook.com\/PressenzaItalia","article_author":"https:\/\/www.facebook.com\/mariano.quiroga.779","article_published_time":"2017-12-15T18:53:53+00:00","article_modified_time":"2017-12-15T19:04:30+00:00","og_image":[{"width":2048,"height":1365,"url":"https:\/\/www.pressenza.com\/wp-content\/uploads\/2017\/12\/DSCF0004.jpg","type":"image\/jpeg"}],"author":"Mariano Quiroga","twitter_card":"summary_large_image","twitter_creator":"@MaruchoQuiroga","twitter_site":"@PressenzaIPA","twitter_misc":{"Escrito por":"Mariano Quiroga","Tiempo de lectura":"2 minutos"},"schema":{"@context":"https:\/\/schema.org","@graph":[{"@type":"Article","@id":"https:\/\/www.pressenza.com\/es\/2017\/12\/pueblo-argentino-marcho-recortes-jubilados\/#article","isPartOf":{"@id":"https:\/\/www.pressenza.com\/es\/2017\/12\/pueblo-argentino-marcho-recortes-jubilados\/"},"author":{"name":"Mariano Quiroga","@id":"https:\/\/www.pressenza.com\/es\/#\/schema\/person\/a0856fe41d8234b92503e6b28dc2585e"},"headline":"Pueblo argentino march\u00f3 contra recortes a jubilados","datePublished":"2017-12-15T18:53:53+00:00","dateModified":"2017-12-15T19:04:30+00:00","mainEntityOfPage":{"@id":"https:\/\/www.pressenza.com\/es\/2017\/12\/pueblo-argentino-marcho-recortes-jubilados\/"},"wordCount":455,"publisher":{"@id":"https:\/\/www.pressenza.com\/es\/#organization"},"image":{"@id":"https:\/\/www.pressenza.com\/es\/2017\/12\/pueblo-argentino-marcho-recortes-jubilados\/#primaryimage"},"thumbnailUrl":"https:\/\/www.pressenza.com\/wp-content\/uploads\/2017\/12\/DSCF0004.jpg","keywords":["ajuste","Argentina","manifestaci\u00f3n","protesta social","recortes","represi\u00f3n","Violencia estatal","Violencia policial"],"articleSection":["Contenido Original","Derechos Humanos","Fotorreportajes","Pol\u00edtica","Sudam\u00e9rica"],"inLanguage":"es"},{"@type":"WebPage","@id":"https:\/\/www.pressenza.com\/es\/2017\/12\/pueblo-argentino-marcho-recortes-jubilados\/","url":"https:\/\/www.pressenza.com\/es\/2017\/12\/pueblo-argentino-marcho-recortes-jubilados\/","name":"Pueblo argentino march\u00f3 contra recortes a jubilados","isPartOf":{"@id":"https:\/\/www.pressenza.com\/es\/#website"},"primaryImageOfPage":{"@id":"https:\/\/www.pressenza.com\/es\/2017\/12\/pueblo-argentino-marcho-recortes-jubilados\/#primaryimage"},"image":{"@id":"https:\/\/www.pressenza.com\/es\/2017\/12\/pueblo-argentino-marcho-recortes-jubilados\/#primaryimage"},"thumbnailUrl":"https:\/\/www.pressenza.com\/wp-content\/uploads\/2017\/12\/DSCF0004.jpg","datePublished":"2017-12-15T18:53:53+00:00","dateModified":"2017-12-15T19:04:30+00:00","description":"Fotos de Javier Mart\u00ednez Ayer hubo marchas en diferentes ciudades de la Argentina para mostrarle al gobierno de Mauricio Macri que lo que ellos llaman","breadcrumb":{"@id":"https:\/\/www.pressenza.com\/es\/2017\/12\/pueblo-argentino-marcho-recortes-jubilados\/#breadcrumb"},"inLanguage":"es","potentialAction":[{"@type":"ReadAction","target":["https:\/\/www.pressenza.com\/es\/2017\/12\/pueblo-argentino-marcho-recortes-jubilados\/"]}]},{"@type":"ImageObject","inLanguage":"es","@id":"https:\/\/www.pressenza.com\/es\/2017\/12\/pueblo-argentino-marcho-recortes-jubilados\/#primaryimage","url":"https:\/\/www.pressenza.com\/wp-content\/uploads\/2017\/12\/DSCF0004.jpg","contentUrl":"https:\/\/www.pressenza.com\/wp-content\/uploads\/2017\/12\/DSCF0004.jpg","width":2048,"height":1365},{"@type":"BreadcrumbList","@id":"https:\/\/www.pressenza.com\/es\/2017\/12\/pueblo-argentino-marcho-recortes-jubilados\/#breadcrumb","itemListElement":[{"@type":"ListItem","position":1,"name":"Accueil","item":"https:\/\/www.pressenza.com\/es\/"},{"@type":"ListItem","position":2,"name":"Pueblo argentino march\u00f3 contra recortes a jubilados"}]},{"@type":"WebSite","@id":"https:\/\/www.pressenza.com\/es\/#website","url":"https:\/\/www.pressenza.com\/es\/","name":"Pressenza","description":"International Press Agency","publisher":{"@id":"https:\/\/www.pressenza.com\/es\/#organization"},"potentialAction":[{"@type":"SearchAction","target":{"@type":"EntryPoint","urlTemplate":"https:\/\/www.pressenza.com\/es\/?s={search_term_string}"},"query-input":{"@type":"PropertyValueSpecification","valueRequired":true,"valueName":"search_term_string"}}],"inLanguage":"es"},{"@type":"Organization","@id":"https:\/\/www.pressenza.com\/es\/#organization","name":"Pressenza","url":"https:\/\/www.pressenza.com\/es\/","logo":{"@type":"ImageObject","inLanguage":"es","@id":"https:\/\/www.pressenza.com\/es\/#\/schema\/logo\/image\/","url":"https:\/\/www.pressenza.com\/wp-content\/uploads\/2022\/10\/pressenza_logo_200x200.jpg","contentUrl":"https:\/\/www.pressenza.com\/wp-content\/uploads\/2022\/10\/pressenza_logo_200x200.jpg","width":200,"height":200,"caption":"Pressenza"},"image":{"@id":"https:\/\/www.pressenza.com\/es\/#\/schema\/logo\/image\/"},"sameAs":["https:\/\/www.facebook.com\/PressenzaItalia","https:\/\/x.com\/PressenzaIPA"]},{"@type":"Person","@id":"https:\/\/www.pressenza.com\/es\/#\/schema\/person\/a0856fe41d8234b92503e6b28dc2585e","name":"Mariano Quiroga","description":"Born in Buenos Aires, Argentina, in 1976, Mariano is a journalist, poet and international editor for Pressenza. His career includes publications in different countries and languages. Currently he is presenter on radio programmes in Ecuador and Argentina. A humanist communicator specialising in international politics, his vocation has led him to seek to build bridges that allow relationships to be made between data, events, people and contexts in order to create an inclusive look that synthesises the noblest searches for social justice and humanisation of the planet.","sameAs":["https:\/\/www.facebook.com\/mariano.quiroga.779","https:\/\/x.com\/MaruchoQuiroga"],"url":"https:\/\/www.pressenza.com\/es\/author\/mariano-quiroga\/"}]}},"place":"Ciudad de Buenos Aires, Argentina","original_article_url":"http:\/\/www.pichinchauniversal.com.ec\/?p=10917#","_links":{"self":[{"href":"https:\/\/www.pressenza.com\/es\/wp-json\/wp\/v2\/posts\/572406","targetHints":{"allow":["GET"]}}],"collection":[{"href":"https:\/\/www.pressenza.com\/es\/wp-json\/wp\/v2\/posts"}],"about":[{"href":"https:\/\/www.pressenza.com\/es\/wp-json\/wp\/v2\/types\/post"}],"author":[{"embeddable":true,"href":"https:\/\/www.pressenza.com\/es\/wp-json\/wp\/v2\/users\/96"}],"replies":[{"embeddable":true,"href":"https:\/\/www.pressenza.com\/es\/wp-json\/wp\/v2\/comments?post=572406"}],"version-history":[{"count":0,"href":"https:\/\/www.pressenza.com\/es\/wp-json\/wp\/v2\/posts\/572406\/revisions"}],"wp:featuredmedia":[{"embeddable":true,"href":"https:\/\/www.pressenza.com\/es\/wp-json\/wp\/v2\/media\/572616"}],"wp:attachment":[{"href":"https:\/\/www.pressenza.com\/es\/wp-json\/wp\/v2\/media?parent=572406"}],"wp:term":[{"taxonomy":"category","embeddable":true,"href":"https:\/\/www.pressenza.com\/es\/wp-json\/wp\/v2\/categories?post=572406"},{"taxonomy":"post_tag","embeddable":true,"href":"https:\/\/www.pressenza.com\/es\/wp-json\/wp\/v2\/tags?post=572406"}],"curies":[{"name":"wp","href":"https:\/\/api.w.org\/{rel}","templated":true}]}}