{"id":572,"date":"2009-06-22T00:00:00","date_gmt":"2009-06-22T00:00:00","guid":{"rendered":""},"modified":"2009-06-22T13:08:11","modified_gmt":"2009-06-22T13:08:11","slug":"estados-mexicanos-promueven-la-semana-de-la-paz-y-de-la-no-violencia","status":"publish","type":"post","link":"https:\/\/www.pressenza.com\/es\/2009\/06\/estados-mexicanos-promueven-la-semana-de-la-paz-y-de-la-no-violencia\/","title":{"rendered":"Estados mexicanos promueven la Semana de la Paz y de la No-Violencia"},"content":{"rendered":"<p>En el marco del \u00abEncuentro de Educadores en V\u00edsperas del Bicentenario en el Marco  de las Reformas Educativas\u00bb celebrado los d\u00edas 11, 12 y 13 de Junio del presente, el Maestro Eduardo Delgado Gurrola Presidente del Club UNESCO Tamaulipas convoc\u00f3 a los Estados participantes a adherirse  a la propuesta de declarar  la semana del 28 al 3 de Octubre del presente a\u00f1o como  la \u00abSemana de la Paz y la No Violencia\u00bb en la intenci\u00f3n de  *\u201cesforzarnos para que esta declaraci\u00f3n sea Nacional, adem\u00e1s de promover que en cada estado participante se marche el 2 de octubre en adhesi\u00f3n a la Marcha Mundial por la Paz y la No-Violencia\u201d*, agreg\u00f3. La propuesta tuvo muy favorable recepci\u00f3n en el parecer del acad\u00e9mico. <\/p>\n<p>En dicho Encuentro estuvieron presentes los Coordinadores de la Red de Escuelas Asociadas a la UNESCO del Estado de M\u00e9xico, del Estado de Durango, del Estado de Zacatecas y de Tamaulipas.  Tambi\u00e9n se cont\u00f3 con la presencia del Consultor de Educaci\u00f3n de la UNESCO en M\u00e9xico el Dr. Ricardo Guerrero Morales, el Secretario T\u00e9cnico de la Comisi\u00f3n Mexicana de Cooperaci\u00f3n con la UNESCO, el Lic. Jos\u00e9 Arturo Ya\u00f1ez L\u00f3pez y otras personalidades que expresaron su adhesi\u00f3n a la Marcha Mundial por la Paz y la No-Violencia.<\/p>\n<p>El acad\u00e9mico agreg\u00f3 que *\u201cel compromiso es extender  la convocatoria a las coordinaciones de la Red de Escuelas Asociadas de todos los Estados de la Rep\u00fablica, a la Sociedad Civil, y en general que se pudiera declarar a nivel nacional\u201d*. <\/p>\n<p>En el evento, la Mtra. Josefina Borrego, Coordinadora de la Red de Escuelas Asociadas a la UNESCO en el Estado de Durango y a su vez directora de Consejo T\u00e9cnico de educaci\u00f3n de mismo Estado as\u00ed como parte la coordinaci\u00f3n de los festejos del  bicentenario de la Independencia y el centenario de la Revoluci\u00f3n Mexicana dio lectura en el pleno a los compromisos de extender la convocatoria a las coordinaciones de la Red de Escuelas Asociadas de todos los estados del a Rep\u00fablica, a la Sociedad Civil, y en general para que se declare a nivel nacional la semana del 28 al 3 de Octubre del presente a\u00f1o como la \u00abSemana de la Paz y la No Violencia.<\/p>\n","protected":false},"excerpt":{"rendered":"<p>Educadores promueven declarar la semana del 28 de septiembre al 3 de octubre como la Semana de la Paz y de la No-Violencia en M\u00e9xico<\/p>\n","protected":false},"author":19,"featured_media":0,"comment_status":"closed","ping_status":"open","sticky":false,"template":"","format":"standard","meta":{"footnotes":""},"categories":[75,39,68],"tags":[],"class_list":["post-572","post","type-post","status-publish","format-standard","hentry","category-cultura-es","category-internacional","category-norteamerica"],"yoast_head":"<!-- This site is optimized with the Yoast SEO plugin v27.1.1 - https:\/\/yoast.com\/product\/yoast-seo-wordpress\/ -->\n<title>Estados mexicanos promueven la Semana de la Paz y de la No-Violencia<\/title>\n<meta name=\"description\" content=\"Educadores promueven declarar la semana del 28 de septiembre al 3 de octubre como la Semana de la Paz y de la No-Violencia en M\u00e9xico\" \/>\n<meta name=\"robots\" content=\"index, follow, max-snippet:-1, max-image-preview:large, max-video-preview:-1\" \/>\n<link rel=\"canonical\" href=\"https:\/\/www.pressenza.com\/es\/2009\/06\/estados-mexicanos-promueven-la-semana-de-la-paz-y-de-la-no-violencia\/\" \/>\n<meta property=\"og:locale\" content=\"es_ES\" \/>\n<meta property=\"og:type\" content=\"article\" \/>\n<meta property=\"og:title\" content=\"Estados mexicanos promueven la Semana de la Paz y de la No-Violencia\" \/>\n<meta property=\"og:description\" content=\"Educadores promueven declarar la semana del 28 de septiembre al 3 de octubre como la Semana de la Paz y de la No-Violencia en M\u00e9xico\" \/>\n<meta property=\"og:url\" content=\"https:\/\/www.pressenza.com\/es\/2009\/06\/estados-mexicanos-promueven-la-semana-de-la-paz-y-de-la-no-violencia\/\" \/>\n<meta property=\"og:site_name\" content=\"Pressenza\" \/>\n<meta property=\"article:publisher\" content=\"https:\/\/www.facebook.com\/PressenzaItalia\" \/>\n<meta property=\"article:author\" content=\"https:\/\/www.facebook.com\/pressenza\" \/>\n<meta property=\"article:published_time\" content=\"2009-06-22T00:00:00+00:00\" \/>\n<meta property=\"article:modified_time\" content=\"2009-06-22T13:08:11+00:00\" \/>\n<meta name=\"author\" content=\"Pressenza IPA\" \/>\n<meta name=\"twitter:card\" content=\"summary_large_image\" \/>\n<meta name=\"twitter:creator\" content=\"@PressenzaIPA\" \/>\n<meta name=\"twitter:site\" content=\"@PressenzaIPA\" \/>\n<meta name=\"twitter:label1\" content=\"Escrito por\" \/>\n\t<meta name=\"twitter:data1\" content=\"Pressenza IPA\" \/>\n\t<meta name=\"twitter:label2\" content=\"Tiempo de lectura\" \/>\n\t<meta name=\"twitter:data2\" content=\"2 minutos\" \/>\n<script type=\"application\/ld+json\" class=\"yoast-schema-graph\">{\"@context\":\"https:\/\/schema.org\",\"@graph\":[{\"@type\":\"Article\",\"@id\":\"https:\/\/www.pressenza.com\/es\/2009\/06\/estados-mexicanos-promueven-la-semana-de-la-paz-y-de-la-no-violencia\/#article\",\"isPartOf\":{\"@id\":\"https:\/\/www.pressenza.com\/es\/2009\/06\/estados-mexicanos-promueven-la-semana-de-la-paz-y-de-la-no-violencia\/\"},\"author\":{\"name\":\"Pressenza IPA\",\"@id\":\"https:\/\/www.pressenza.com\/es\/#\/schema\/person\/010e5d02bcf40965427a1289a4cc8d75\"},\"headline\":\"Estados mexicanos promueven la Semana de la Paz y de la No-Violencia\",\"datePublished\":\"2009-06-22T00:00:00+00:00\",\"dateModified\":\"2009-06-22T13:08:11+00:00\",\"mainEntityOfPage\":{\"@id\":\"https:\/\/www.pressenza.com\/es\/2009\/06\/estados-mexicanos-promueven-la-semana-de-la-paz-y-de-la-no-violencia\/\"},\"wordCount\":396,\"publisher\":{\"@id\":\"https:\/\/www.pressenza.com\/es\/#organization\"},\"articleSection\":[\"Cultura y Medios\",\"Internacional\",\"Norteam\u00e9rica\"],\"inLanguage\":\"es\"},{\"@type\":\"WebPage\",\"@id\":\"https:\/\/www.pressenza.com\/es\/2009\/06\/estados-mexicanos-promueven-la-semana-de-la-paz-y-de-la-no-violencia\/\",\"url\":\"https:\/\/www.pressenza.com\/es\/2009\/06\/estados-mexicanos-promueven-la-semana-de-la-paz-y-de-la-no-violencia\/\",\"name\":\"Estados mexicanos promueven la Semana de la Paz y de la No-Violencia\",\"isPartOf\":{\"@id\":\"https:\/\/www.pressenza.com\/es\/#website\"},\"datePublished\":\"2009-06-22T00:00:00+00:00\",\"dateModified\":\"2009-06-22T13:08:11+00:00\",\"description\":\"Educadores promueven declarar la semana del 28 de septiembre al 3 de octubre como la Semana de la Paz y de la No-Violencia en M\u00e9xico\",\"breadcrumb\":{\"@id\":\"https:\/\/www.pressenza.com\/es\/2009\/06\/estados-mexicanos-promueven-la-semana-de-la-paz-y-de-la-no-violencia\/#breadcrumb\"},\"inLanguage\":\"es\",\"potentialAction\":[{\"@type\":\"ReadAction\",\"target\":[\"https:\/\/www.pressenza.com\/es\/2009\/06\/estados-mexicanos-promueven-la-semana-de-la-paz-y-de-la-no-violencia\/\"]}]},{\"@type\":\"BreadcrumbList\",\"@id\":\"https:\/\/www.pressenza.com\/es\/2009\/06\/estados-mexicanos-promueven-la-semana-de-la-paz-y-de-la-no-violencia\/#breadcrumb\",\"itemListElement\":[{\"@type\":\"ListItem\",\"position\":1,\"name\":\"Accueil\",\"item\":\"https:\/\/www.pressenza.com\/es\/\"},{\"@type\":\"ListItem\",\"position\":2,\"name\":\"Estados mexicanos promueven la Semana de la Paz y de la No-Violencia\"}]},{\"@type\":\"WebSite\",\"@id\":\"https:\/\/www.pressenza.com\/es\/#website\",\"url\":\"https:\/\/www.pressenza.com\/es\/\",\"name\":\"Pressenza\",\"description\":\"International Press Agency\",\"publisher\":{\"@id\":\"https:\/\/www.pressenza.com\/es\/#organization\"},\"potentialAction\":[{\"@type\":\"SearchAction\",\"target\":{\"@type\":\"EntryPoint\",\"urlTemplate\":\"https:\/\/www.pressenza.com\/es\/?s={search_term_string}\"},\"query-input\":{\"@type\":\"PropertyValueSpecification\",\"valueRequired\":true,\"valueName\":\"search_term_string\"}}],\"inLanguage\":\"es\"},{\"@type\":\"Organization\",\"@id\":\"https:\/\/www.pressenza.com\/es\/#organization\",\"name\":\"Pressenza\",\"url\":\"https:\/\/www.pressenza.com\/es\/\",\"logo\":{\"@type\":\"ImageObject\",\"inLanguage\":\"es\",\"@id\":\"https:\/\/www.pressenza.com\/es\/#\/schema\/logo\/image\/\",\"url\":\"https:\/\/www.pressenza.com\/wp-content\/uploads\/2022\/10\/pressenza_logo_200x200.jpg\",\"contentUrl\":\"https:\/\/www.pressenza.com\/wp-content\/uploads\/2022\/10\/pressenza_logo_200x200.jpg\",\"width\":200,\"height\":200,\"caption\":\"Pressenza\"},\"image\":{\"@id\":\"https:\/\/www.pressenza.com\/es\/#\/schema\/logo\/image\/\"},\"sameAs\":[\"https:\/\/www.facebook.com\/PressenzaItalia\",\"https:\/\/x.com\/PressenzaIPA\"]},{\"@type\":\"Person\",\"@id\":\"https:\/\/www.pressenza.com\/es\/#\/schema\/person\/010e5d02bcf40965427a1289a4cc8d75\",\"name\":\"Pressenza IPA\",\"description\":\"News from Pressenza IPA correspondents\",\"sameAs\":[\"https:\/\/www.facebook.com\/pressenza\",\"https:\/\/x.com\/PressenzaIPA\"],\"url\":\"https:\/\/www.pressenza.com\/es\/author\/pressenza-ipa\/\"}]}<\/script>\n<!-- \/ Yoast SEO plugin. -->","yoast_head_json":{"title":"Estados mexicanos promueven la Semana de la Paz y de la No-Violencia","description":"Educadores promueven declarar la semana del 28 de septiembre al 3 de octubre como la Semana de la Paz y de la No-Violencia en M\u00e9xico","robots":{"index":"index","follow":"follow","max-snippet":"max-snippet:-1","max-image-preview":"max-image-preview:large","max-video-preview":"max-video-preview:-1"},"canonical":"https:\/\/www.pressenza.com\/es\/2009\/06\/estados-mexicanos-promueven-la-semana-de-la-paz-y-de-la-no-violencia\/","og_locale":"es_ES","og_type":"article","og_title":"Estados mexicanos promueven la Semana de la Paz y de la No-Violencia","og_description":"Educadores promueven declarar la semana del 28 de septiembre al 3 de octubre como la Semana de la Paz y de la No-Violencia en M\u00e9xico","og_url":"https:\/\/www.pressenza.com\/es\/2009\/06\/estados-mexicanos-promueven-la-semana-de-la-paz-y-de-la-no-violencia\/","og_site_name":"Pressenza","article_publisher":"https:\/\/www.facebook.com\/PressenzaItalia","article_author":"https:\/\/www.facebook.com\/pressenza","article_published_time":"2009-06-22T00:00:00+00:00","article_modified_time":"2009-06-22T13:08:11+00:00","author":"Pressenza IPA","twitter_card":"summary_large_image","twitter_creator":"@PressenzaIPA","twitter_site":"@PressenzaIPA","twitter_misc":{"Escrito por":"Pressenza IPA","Tiempo de lectura":"2 minutos"},"schema":{"@context":"https:\/\/schema.org","@graph":[{"@type":"Article","@id":"https:\/\/www.pressenza.com\/es\/2009\/06\/estados-mexicanos-promueven-la-semana-de-la-paz-y-de-la-no-violencia\/#article","isPartOf":{"@id":"https:\/\/www.pressenza.com\/es\/2009\/06\/estados-mexicanos-promueven-la-semana-de-la-paz-y-de-la-no-violencia\/"},"author":{"name":"Pressenza IPA","@id":"https:\/\/www.pressenza.com\/es\/#\/schema\/person\/010e5d02bcf40965427a1289a4cc8d75"},"headline":"Estados mexicanos promueven la Semana de la Paz y de la No-Violencia","datePublished":"2009-06-22T00:00:00+00:00","dateModified":"2009-06-22T13:08:11+00:00","mainEntityOfPage":{"@id":"https:\/\/www.pressenza.com\/es\/2009\/06\/estados-mexicanos-promueven-la-semana-de-la-paz-y-de-la-no-violencia\/"},"wordCount":396,"publisher":{"@id":"https:\/\/www.pressenza.com\/es\/#organization"},"articleSection":["Cultura y Medios","Internacional","Norteam\u00e9rica"],"inLanguage":"es"},{"@type":"WebPage","@id":"https:\/\/www.pressenza.com\/es\/2009\/06\/estados-mexicanos-promueven-la-semana-de-la-paz-y-de-la-no-violencia\/","url":"https:\/\/www.pressenza.com\/es\/2009\/06\/estados-mexicanos-promueven-la-semana-de-la-paz-y-de-la-no-violencia\/","name":"Estados mexicanos promueven la Semana de la Paz y de la No-Violencia","isPartOf":{"@id":"https:\/\/www.pressenza.com\/es\/#website"},"datePublished":"2009-06-22T00:00:00+00:00","dateModified":"2009-06-22T13:08:11+00:00","description":"Educadores promueven declarar la semana del 28 de septiembre al 3 de octubre como la Semana de la Paz y de la No-Violencia en M\u00e9xico","breadcrumb":{"@id":"https:\/\/www.pressenza.com\/es\/2009\/06\/estados-mexicanos-promueven-la-semana-de-la-paz-y-de-la-no-violencia\/#breadcrumb"},"inLanguage":"es","potentialAction":[{"@type":"ReadAction","target":["https:\/\/www.pressenza.com\/es\/2009\/06\/estados-mexicanos-promueven-la-semana-de-la-paz-y-de-la-no-violencia\/"]}]},{"@type":"BreadcrumbList","@id":"https:\/\/www.pressenza.com\/es\/2009\/06\/estados-mexicanos-promueven-la-semana-de-la-paz-y-de-la-no-violencia\/#breadcrumb","itemListElement":[{"@type":"ListItem","position":1,"name":"Accueil","item":"https:\/\/www.pressenza.com\/es\/"},{"@type":"ListItem","position":2,"name":"Estados mexicanos promueven la Semana de la Paz y de la No-Violencia"}]},{"@type":"WebSite","@id":"https:\/\/www.pressenza.com\/es\/#website","url":"https:\/\/www.pressenza.com\/es\/","name":"Pressenza","description":"International Press Agency","publisher":{"@id":"https:\/\/www.pressenza.com\/es\/#organization"},"potentialAction":[{"@type":"SearchAction","target":{"@type":"EntryPoint","urlTemplate":"https:\/\/www.pressenza.com\/es\/?s={search_term_string}"},"query-input":{"@type":"PropertyValueSpecification","valueRequired":true,"valueName":"search_term_string"}}],"inLanguage":"es"},{"@type":"Organization","@id":"https:\/\/www.pressenza.com\/es\/#organization","name":"Pressenza","url":"https:\/\/www.pressenza.com\/es\/","logo":{"@type":"ImageObject","inLanguage":"es","@id":"https:\/\/www.pressenza.com\/es\/#\/schema\/logo\/image\/","url":"https:\/\/www.pressenza.com\/wp-content\/uploads\/2022\/10\/pressenza_logo_200x200.jpg","contentUrl":"https:\/\/www.pressenza.com\/wp-content\/uploads\/2022\/10\/pressenza_logo_200x200.jpg","width":200,"height":200,"caption":"Pressenza"},"image":{"@id":"https:\/\/www.pressenza.com\/es\/#\/schema\/logo\/image\/"},"sameAs":["https:\/\/www.facebook.com\/PressenzaItalia","https:\/\/x.com\/PressenzaIPA"]},{"@type":"Person","@id":"https:\/\/www.pressenza.com\/es\/#\/schema\/person\/010e5d02bcf40965427a1289a4cc8d75","name":"Pressenza IPA","description":"News from Pressenza IPA correspondents","sameAs":["https:\/\/www.facebook.com\/pressenza","https:\/\/x.com\/PressenzaIPA"],"url":"https:\/\/www.pressenza.com\/es\/author\/pressenza-ipa\/"}]}},"place":"Durango","original_article_url":"","_links":{"self":[{"href":"https:\/\/www.pressenza.com\/es\/wp-json\/wp\/v2\/posts\/572","targetHints":{"allow":["GET"]}}],"collection":[{"href":"https:\/\/www.pressenza.com\/es\/wp-json\/wp\/v2\/posts"}],"about":[{"href":"https:\/\/www.pressenza.com\/es\/wp-json\/wp\/v2\/types\/post"}],"author":[{"embeddable":true,"href":"https:\/\/www.pressenza.com\/es\/wp-json\/wp\/v2\/users\/19"}],"replies":[{"embeddable":true,"href":"https:\/\/www.pressenza.com\/es\/wp-json\/wp\/v2\/comments?post=572"}],"version-history":[{"count":0,"href":"https:\/\/www.pressenza.com\/es\/wp-json\/wp\/v2\/posts\/572\/revisions"}],"wp:attachment":[{"href":"https:\/\/www.pressenza.com\/es\/wp-json\/wp\/v2\/media?parent=572"}],"wp:term":[{"taxonomy":"category","embeddable":true,"href":"https:\/\/www.pressenza.com\/es\/wp-json\/wp\/v2\/categories?post=572"},{"taxonomy":"post_tag","embeddable":true,"href":"https:\/\/www.pressenza.com\/es\/wp-json\/wp\/v2\/tags?post=572"}],"curies":[{"name":"wp","href":"https:\/\/api.w.org\/{rel}","templated":true}]}}