{"id":570385,"date":"2017-12-11T16:32:24","date_gmt":"2017-12-11T16:32:24","guid":{"rendered":"https:\/\/www.pressenza.com\/?p=570385\/"},"modified":"2017-12-11T16:32:24","modified_gmt":"2017-12-11T16:32:24","slug":"tribunal-superior-justicia-cordoba-avalo-la-municipalizacion-del-agua-la-coopi-apelara-ante-la-corte-suprema","status":"publish","type":"post","link":"https:\/\/www.pressenza.com\/es\/2017\/12\/tribunal-superior-justicia-cordoba-avalo-la-municipalizacion-del-agua-la-coopi-apelara-ante-la-corte-suprema\/","title":{"rendered":"El Tribunal Superior de Justicia de C\u00f3rdoba aval\u00f3 la municipalizaci\u00f3n del agua y la Coopi apelar\u00e1 ante la Corte Suprema"},"content":{"rendered":"<p><em>El cuerpo social de la Cooperativa Integral de Villa Carlos Paz vive con profunda preocupaci\u00f3n el intento del municipio de quitarle la concesi\u00f3n de los servicios que presta, poniendo en riesgo 300 puestos de trabajo y el futuro de una instituci\u00f3n que lleva 54 a\u00f1os gestionando de manera solidaria los servicios.<\/em><\/p>\n<p><em><strong><a href=\"http:\/\/agencia.farco.org.ar\/noticias\/el-tribunal-superior-de-justicia-de-cordoba-avalo-la-municipalizacion-del-agua-y-la-coopi-apelara-ante-la-corte-suprema\/\">Escuchar\/Descargar<\/a> el reporte de Villanos Radio, desde Villa Carlos Paz<\/strong><\/em><\/p>\n<p>A trav\u00e9s de su resoluci\u00f3n n\u00famero 129, el\u00a0<em>Tribunal Superior de Justicia de C\u00f3rdoba<\/em>aval\u00f3 el decreto del intendente de Villa Carlos Paz,\u00a0Esteban Avil\u00e9s, que dispone\u00a0la municipalizaci\u00f3n del servicio de agua. EL TSJ sostiene en su fallo que la municipalidad actu\u00f3\u00a0<em>\u201cconforme a derecho\u201d<\/em>\u00a0al haber dispuesto la extinci\u00f3n y cese del contrato de concesi\u00f3n porque los plazos del acuerdo se encontraban<em>\u00a0\u201cclaramente extinguidos\u201d<\/em>\u00a0(la \u00faltima pr\u00f3rroga venci\u00f3 en mayo de 2012). Como consecuencia, corresponde al municipio \u201c<em>asumir la prestaci\u00f3n efectiva e inmediata del servicio de provisi\u00f3n de agua potable\u201d<\/em>.<\/p>\n<p>Se trata de un fallo por mayor\u00eda que si bien ratifica el decreto municipal, contempla tambi\u00e9n que el\u00a0<em>Concejo de Representantes\u00a0<\/em>de la localidad\u00a0<em>\u201cpodr\u00e1 perfeccionar lo resuelto por el Departamento Ejecutivo Municipal o, bien, optar por otra modalidad de prestaci\u00f3n del servicio dentro de los l\u00edmites dispuestos por la Carta Org\u00e1nica municipal\u201d.<\/em><\/p>\n<p>En su voto en disidencia, el vocal\u00a0Luis Rubio\u00a0sostuvo que el propio ordenamiento municipal acuerda \u201c<em>las formalidades que deben cumplir las ordenanzas que aprobaran el modo de gesti\u00f3n de cualquier servicio p\u00fablico local\u201d.<\/em><\/p>\n<p>En ese sentido, precis\u00f3 que la Carta Org\u00e1nica<em>\u00a0\u201cpreserv\u00f3 la decisi\u00f3n de definir el modo de gesti\u00f3n de los servicios p\u00fablicos locales\u201d<\/em>, y la ubic\u00f3 entre las \u201c<em>cuestiones que merecen ser reflexionadas con mayor deliberaci\u00f3n y participaci\u00f3n ciudadana<\/em>\u201d mediante el mecanismo de \u201c<em>doble lectura y mayor\u00edas agravadas<\/em>\u201d en el Concejo de Representantes para disponer su aprobaci\u00f3n.<\/p>\n<p>Desde la\u00a0Cooperativa Integral, en tanto, ya se adelant\u00f3 que el fallo ser\u00e1 apelado ante la\u00a0Corte Suprema de Justicia de la Naci\u00f3n.\u00a0<em>\u201cEsta decisi\u00f3n del TSJ ser\u00e1 apelada por la Coopi en todas las instancias correspondientes hasta la Corte Suprema de Justicia de la Naci\u00f3n\u201d<\/em>, afirma el documento y advierte que la situaci\u00f3n<em>\u00a0\u201crepresenta una total amenaza para el futuro de la Coopi\u201d.<\/em><\/p>\n<p><em>\u201cLa quita del servicio de agua y despu\u00e9s el de cloacas, representa su quiebra y su desaparici\u00f3n como instituci\u00f3n. Significa quitarle el objeto social para el cual la Coopi naci\u00f3 hace 54 a\u00f1os\u201d<\/em>, afirma.<\/p>\n<p><em>\u201cEl fallo contradice el mandato de la Carta Org\u00e1nica Municipal, que en su art\u00edculo 134, dictamina que es el Concejo de Representantes de esta ciudad el que debe resolver en este tema\u201d,<\/em>\u00a0se\u00f1ala m\u00e1s adelante.<\/p>\n<p>Y agrega:\u00a0<em>\u201cPrivar a la Coopi de la posibilidad de gestionar todas sus actividades con la l\u00f3gica de integraci\u00f3n de recursos, que por otro lado, se avala y permite a las empresas del capital lucrativo, significa la p\u00e9rdida de 300 fuentes laborales, 300 familias que pierden su ingreso econ\u00f3mico principal. Elimina 54 a\u00f1os de trabajo cooperativo aplicado a servicios p\u00fablicos como el agua y las cloacas que tendr\u00e1n su impacto en el turismo y la salud p\u00fablica de la Villa y la Regi\u00f3n. Tambi\u00e9n sentencia m\u00e1s de cinco d\u00e9cadas de accionar solidario aplicado a la cultura, la educaci\u00f3n, la salud y al operar en conjunto con la sociedad de la que la Coopi forma parte\u201d.<\/em><\/p>\n<p><strong>Sobre el servicio de\u00a0cloacas<\/strong><\/p>\n<p>Otra de las resoluciones tomada por el TSJ tiene que ver con el servicio de cloacas. El Tribunal dispuso que\u00a0<em>\u201cla C\u00e1mara Contencioso Administrativa de Primera Nominaci\u00f3n deber\u00e1 sustanciar la causa en la que la Cooperativa Integral de Provisi\u00f3n de Servicios P\u00fablicos, Vivienda y Consumo de Villa Carlos (Coopi) cuestiona la decisi\u00f3n de la Municipalidad de esa ciudad de dar por extinguido el contrato de concesi\u00f3n de desag\u00fces cloacales una vez vencido el plazo de concesi\u00f3n\u201d.<\/em><\/p>\n<p>Como consecuencia, mientras se desarrolle el proceso y hasta que recaiga una resoluci\u00f3n sobre el fondo de la cuesti\u00f3n, la Coopi seguir\u00e1 a cargo de dicho servicio. Por mayor\u00eda, el Alto Cuerpo hizo lugar al recurso de apelaci\u00f3n promovido por la Coopi\u00a0y orden\u00f3 que las actuaciones bajen a la C\u00e1mara para que contin\u00fae el proceso.<\/p>\n<p>Cabe recordar que el mi\u00e9rcoles 6 de diciembre una comitiva municipal se hizo presente en la planta de tratamiento de l\u00edquidos cloacales con la intenci\u00f3n de proceder a la toma provisoria del servicio, atento a que el 26 de noviembre venci\u00f3 el contrato.<\/p>\n<p>La comitiva municipal se volvi\u00f3 con un categ\u00f3rico rechazo de las autoridades y de los trabajadores de la Coopi, que se encontraban presentes en la planta. Desde la Coopi se argument\u00f3 que el procedimiento es ileg\u00edtimo ya que no respeta lo dispuesto por la Carta Org\u00e1nica en cuanto es el Concejo de Representantes quien tiene facultades para resolver la municipalizaci\u00f3n de los servicios.<\/p>\n<p>Los trabajadores, en tanto, siguen en estado de asamblea permanente y movilizaci\u00f3n.\u00a0<em>\u201cEstamos unidos en defensa no s\u00f3lo del servicio de cloacas, sino de todos los servicios que brinda la cooperativa. Si la Coopi pierde un servicio, se produce un efecto domin\u00f3 para el resto de los servicio, con el peligro que significa perder las fuentes de trabajo de los otros servicios tambi\u00e9n\u201d<\/em>, advirti\u00f3\u00a0Jos\u00e9 Ipolito, secretario general del<em>\u00a0Sindicato de Trabajadores de la Coopi\u00a0<\/em>y secretario gremial del\u00a0Sindicato del Personal de Obras Sanitarias.<\/p>\n","protected":false},"excerpt":{"rendered":"<p>El cuerpo social de la Cooperativa Integral de Villa Carlos Paz vive con profunda preocupaci\u00f3n el intento del municipio de quitarle la concesi\u00f3n de los servicios que presta, poniendo en riesgo 300 puestos de trabajo y el futuro de una&hellip;<\/p>\n","protected":false},"author":577,"featured_media":570386,"comment_status":"closed","ping_status":"closed","sticky":false,"template":"","format":"standard","meta":{"footnotes":""},"categories":[81,22754,67],"tags":[26,22756,5794,2567,25779],"class_list":["post-570385","post","type-post","status-publish","format-standard","has-post-thumbnail","hentry","category-economia-es","category-radio-es","category-sudamerica","tag-argentina","tag-cooperativistas","tag-cordoba","tag-privatizacion","tag-protesta-social"],"yoast_head":"<!-- This site is optimized with the Yoast SEO plugin v27.1.1 - https:\/\/yoast.com\/product\/yoast-seo-wordpress\/ -->\n<title>El Tribunal Superior de Justicia de C\u00f3rdoba aval\u00f3 la municipalizaci\u00f3n del agua y la Coopi apelar\u00e1 ante la Corte Suprema<\/title>\n<meta name=\"description\" content=\"El cuerpo social de la Cooperativa Integral de Villa Carlos Paz vive con profunda preocupaci\u00f3n el intento del municipio de quitarle la concesi\u00f3n de los\" \/>\n<meta name=\"robots\" content=\"index, follow, max-snippet:-1, max-image-preview:large, max-video-preview:-1\" \/>\n<link rel=\"canonical\" href=\"https:\/\/www.pressenza.com\/es\/2017\/12\/tribunal-superior-justicia-cordoba-avalo-la-municipalizacion-del-agua-la-coopi-apelara-ante-la-corte-suprema\/\" \/>\n<meta property=\"og:locale\" content=\"es_ES\" \/>\n<meta property=\"og:type\" content=\"article\" \/>\n<meta property=\"og:title\" content=\"El Tribunal Superior de Justicia de C\u00f3rdoba aval\u00f3 la municipalizaci\u00f3n del agua y la Coopi apelar\u00e1 ante la Corte Suprema\" \/>\n<meta property=\"og:description\" content=\"El cuerpo social de la Cooperativa Integral de Villa Carlos Paz vive con profunda preocupaci\u00f3n el intento del municipio de quitarle la concesi\u00f3n de los\" \/>\n<meta property=\"og:url\" content=\"https:\/\/www.pressenza.com\/es\/2017\/12\/tribunal-superior-justicia-cordoba-avalo-la-municipalizacion-del-agua-la-coopi-apelara-ante-la-corte-suprema\/\" \/>\n<meta property=\"og:site_name\" content=\"Pressenza\" \/>\n<meta property=\"article:publisher\" content=\"https:\/\/www.facebook.com\/PressenzaItalia\" \/>\n<meta property=\"article:published_time\" content=\"2017-12-11T16:32:24+00:00\" \/>\n<meta property=\"og:image\" content=\"https:\/\/www.pressenza.com\/wp-content\/uploads\/2017\/12\/protesta-coopi-04-12-10.jpg\" \/>\n\t<meta property=\"og:image:width\" content=\"960\" \/>\n\t<meta property=\"og:image:height\" content=\"540\" \/>\n\t<meta property=\"og:image:type\" content=\"image\/jpeg\" \/>\n<meta name=\"author\" content=\"FARCO Foro Argentino de Radios Comunitarias\" \/>\n<meta name=\"twitter:card\" content=\"summary_large_image\" \/>\n<meta name=\"twitter:creator\" content=\"@PressenzaIPA\" \/>\n<meta name=\"twitter:site\" content=\"@PressenzaIPA\" \/>\n<meta name=\"twitter:label1\" content=\"Escrito por\" \/>\n\t<meta name=\"twitter:data1\" content=\"FARCO Foro Argentino de Radios Comunitarias\" \/>\n\t<meta name=\"twitter:label2\" content=\"Tiempo de lectura\" \/>\n\t<meta name=\"twitter:data2\" content=\"5 minutos\" \/>\n<script type=\"application\/ld+json\" class=\"yoast-schema-graph\">{\"@context\":\"https:\/\/schema.org\",\"@graph\":[{\"@type\":\"Article\",\"@id\":\"https:\/\/www.pressenza.com\/es\/2017\/12\/tribunal-superior-justicia-cordoba-avalo-la-municipalizacion-del-agua-la-coopi-apelara-ante-la-corte-suprema\/#article\",\"isPartOf\":{\"@id\":\"https:\/\/www.pressenza.com\/es\/2017\/12\/tribunal-superior-justicia-cordoba-avalo-la-municipalizacion-del-agua-la-coopi-apelara-ante-la-corte-suprema\/\"},\"author\":{\"name\":\"FARCO Foro Argentino de Radios Comunitarias\",\"@id\":\"https:\/\/www.pressenza.com\/es\/#\/schema\/person\/20869ee409603e5be876b3a9b1f9e8a3\"},\"headline\":\"El Tribunal Superior de Justicia de C\u00f3rdoba aval\u00f3 la municipalizaci\u00f3n del agua y la Coopi apelar\u00e1 ante la Corte Suprema\",\"datePublished\":\"2017-12-11T16:32:24+00:00\",\"mainEntityOfPage\":{\"@id\":\"https:\/\/www.pressenza.com\/es\/2017\/12\/tribunal-superior-justicia-cordoba-avalo-la-municipalizacion-del-agua-la-coopi-apelara-ante-la-corte-suprema\/\"},\"wordCount\":962,\"publisher\":{\"@id\":\"https:\/\/www.pressenza.com\/es\/#organization\"},\"image\":{\"@id\":\"https:\/\/www.pressenza.com\/es\/2017\/12\/tribunal-superior-justicia-cordoba-avalo-la-municipalizacion-del-agua-la-coopi-apelara-ante-la-corte-suprema\/#primaryimage\"},\"thumbnailUrl\":\"https:\/\/www.pressenza.com\/wp-content\/uploads\/2017\/12\/protesta-coopi-04-12-10.jpg\",\"keywords\":[\"Argentina\",\"cooperativistas\",\"Cordoba\",\"Privatizaci\u00f3n\",\"protesta social\"],\"articleSection\":[\"Econom\u00eda\",\"Radio\",\"Sudam\u00e9rica\"],\"inLanguage\":\"es\"},{\"@type\":\"WebPage\",\"@id\":\"https:\/\/www.pressenza.com\/es\/2017\/12\/tribunal-superior-justicia-cordoba-avalo-la-municipalizacion-del-agua-la-coopi-apelara-ante-la-corte-suprema\/\",\"url\":\"https:\/\/www.pressenza.com\/es\/2017\/12\/tribunal-superior-justicia-cordoba-avalo-la-municipalizacion-del-agua-la-coopi-apelara-ante-la-corte-suprema\/\",\"name\":\"El Tribunal Superior de Justicia de C\u00f3rdoba aval\u00f3 la municipalizaci\u00f3n del agua y la Coopi apelar\u00e1 ante la Corte Suprema\",\"isPartOf\":{\"@id\":\"https:\/\/www.pressenza.com\/es\/#website\"},\"primaryImageOfPage\":{\"@id\":\"https:\/\/www.pressenza.com\/es\/2017\/12\/tribunal-superior-justicia-cordoba-avalo-la-municipalizacion-del-agua-la-coopi-apelara-ante-la-corte-suprema\/#primaryimage\"},\"image\":{\"@id\":\"https:\/\/www.pressenza.com\/es\/2017\/12\/tribunal-superior-justicia-cordoba-avalo-la-municipalizacion-del-agua-la-coopi-apelara-ante-la-corte-suprema\/#primaryimage\"},\"thumbnailUrl\":\"https:\/\/www.pressenza.com\/wp-content\/uploads\/2017\/12\/protesta-coopi-04-12-10.jpg\",\"datePublished\":\"2017-12-11T16:32:24+00:00\",\"description\":\"El cuerpo social de la Cooperativa Integral de Villa Carlos Paz vive con profunda preocupaci\u00f3n el intento del municipio de quitarle la concesi\u00f3n de los\",\"breadcrumb\":{\"@id\":\"https:\/\/www.pressenza.com\/es\/2017\/12\/tribunal-superior-justicia-cordoba-avalo-la-municipalizacion-del-agua-la-coopi-apelara-ante-la-corte-suprema\/#breadcrumb\"},\"inLanguage\":\"es\",\"potentialAction\":[{\"@type\":\"ReadAction\",\"target\":[\"https:\/\/www.pressenza.com\/es\/2017\/12\/tribunal-superior-justicia-cordoba-avalo-la-municipalizacion-del-agua-la-coopi-apelara-ante-la-corte-suprema\/\"]}]},{\"@type\":\"ImageObject\",\"inLanguage\":\"es\",\"@id\":\"https:\/\/www.pressenza.com\/es\/2017\/12\/tribunal-superior-justicia-cordoba-avalo-la-municipalizacion-del-agua-la-coopi-apelara-ante-la-corte-suprema\/#primaryimage\",\"url\":\"https:\/\/www.pressenza.com\/wp-content\/uploads\/2017\/12\/protesta-coopi-04-12-10.jpg\",\"contentUrl\":\"https:\/\/www.pressenza.com\/wp-content\/uploads\/2017\/12\/protesta-coopi-04-12-10.jpg\",\"width\":960,\"height\":540},{\"@type\":\"BreadcrumbList\",\"@id\":\"https:\/\/www.pressenza.com\/es\/2017\/12\/tribunal-superior-justicia-cordoba-avalo-la-municipalizacion-del-agua-la-coopi-apelara-ante-la-corte-suprema\/#breadcrumb\",\"itemListElement\":[{\"@type\":\"ListItem\",\"position\":1,\"name\":\"Accueil\",\"item\":\"https:\/\/www.pressenza.com\/es\/\"},{\"@type\":\"ListItem\",\"position\":2,\"name\":\"El Tribunal Superior de Justicia de C\u00f3rdoba aval\u00f3 la municipalizaci\u00f3n del agua y la Coopi apelar\u00e1 ante la Corte Suprema\"}]},{\"@type\":\"WebSite\",\"@id\":\"https:\/\/www.pressenza.com\/es\/#website\",\"url\":\"https:\/\/www.pressenza.com\/es\/\",\"name\":\"Pressenza\",\"description\":\"International Press Agency\",\"publisher\":{\"@id\":\"https:\/\/www.pressenza.com\/es\/#organization\"},\"potentialAction\":[{\"@type\":\"SearchAction\",\"target\":{\"@type\":\"EntryPoint\",\"urlTemplate\":\"https:\/\/www.pressenza.com\/es\/?s={search_term_string}\"},\"query-input\":{\"@type\":\"PropertyValueSpecification\",\"valueRequired\":true,\"valueName\":\"search_term_string\"}}],\"inLanguage\":\"es\"},{\"@type\":\"Organization\",\"@id\":\"https:\/\/www.pressenza.com\/es\/#organization\",\"name\":\"Pressenza\",\"url\":\"https:\/\/www.pressenza.com\/es\/\",\"logo\":{\"@type\":\"ImageObject\",\"inLanguage\":\"es\",\"@id\":\"https:\/\/www.pressenza.com\/es\/#\/schema\/logo\/image\/\",\"url\":\"https:\/\/www.pressenza.com\/wp-content\/uploads\/2022\/10\/pressenza_logo_200x200.jpg\",\"contentUrl\":\"https:\/\/www.pressenza.com\/wp-content\/uploads\/2022\/10\/pressenza_logo_200x200.jpg\",\"width\":200,\"height\":200,\"caption\":\"Pressenza\"},\"image\":{\"@id\":\"https:\/\/www.pressenza.com\/es\/#\/schema\/logo\/image\/\"},\"sameAs\":[\"https:\/\/www.facebook.com\/PressenzaItalia\",\"https:\/\/x.com\/PressenzaIPA\"]},{\"@type\":\"Person\",\"@id\":\"https:\/\/www.pressenza.com\/es\/#\/schema\/person\/20869ee409603e5be876b3a9b1f9e8a3\",\"name\":\"FARCO Foro Argentino de Radios Comunitarias\",\"url\":\"https:\/\/www.pressenza.com\/es\/author\/farco-foro-argentino-de-radios-comunitarias\/\"}]}<\/script>\n<!-- \/ Yoast SEO plugin. -->","yoast_head_json":{"title":"El Tribunal Superior de Justicia de C\u00f3rdoba aval\u00f3 la municipalizaci\u00f3n del agua y la Coopi apelar\u00e1 ante la Corte Suprema","description":"El cuerpo social de la Cooperativa Integral de Villa Carlos Paz vive con profunda preocupaci\u00f3n el intento del municipio de quitarle la concesi\u00f3n de los","robots":{"index":"index","follow":"follow","max-snippet":"max-snippet:-1","max-image-preview":"max-image-preview:large","max-video-preview":"max-video-preview:-1"},"canonical":"https:\/\/www.pressenza.com\/es\/2017\/12\/tribunal-superior-justicia-cordoba-avalo-la-municipalizacion-del-agua-la-coopi-apelara-ante-la-corte-suprema\/","og_locale":"es_ES","og_type":"article","og_title":"El Tribunal Superior de Justicia de C\u00f3rdoba aval\u00f3 la municipalizaci\u00f3n del agua y la Coopi apelar\u00e1 ante la Corte Suprema","og_description":"El cuerpo social de la Cooperativa Integral de Villa Carlos Paz vive con profunda preocupaci\u00f3n el intento del municipio de quitarle la concesi\u00f3n de los","og_url":"https:\/\/www.pressenza.com\/es\/2017\/12\/tribunal-superior-justicia-cordoba-avalo-la-municipalizacion-del-agua-la-coopi-apelara-ante-la-corte-suprema\/","og_site_name":"Pressenza","article_publisher":"https:\/\/www.facebook.com\/PressenzaItalia","article_published_time":"2017-12-11T16:32:24+00:00","og_image":[{"width":960,"height":540,"url":"https:\/\/www.pressenza.com\/wp-content\/uploads\/2017\/12\/protesta-coopi-04-12-10.jpg","type":"image\/jpeg"}],"author":"FARCO Foro Argentino de Radios Comunitarias","twitter_card":"summary_large_image","twitter_creator":"@PressenzaIPA","twitter_site":"@PressenzaIPA","twitter_misc":{"Escrito por":"FARCO Foro Argentino de Radios Comunitarias","Tiempo de lectura":"5 minutos"},"schema":{"@context":"https:\/\/schema.org","@graph":[{"@type":"Article","@id":"https:\/\/www.pressenza.com\/es\/2017\/12\/tribunal-superior-justicia-cordoba-avalo-la-municipalizacion-del-agua-la-coopi-apelara-ante-la-corte-suprema\/#article","isPartOf":{"@id":"https:\/\/www.pressenza.com\/es\/2017\/12\/tribunal-superior-justicia-cordoba-avalo-la-municipalizacion-del-agua-la-coopi-apelara-ante-la-corte-suprema\/"},"author":{"name":"FARCO Foro Argentino de Radios Comunitarias","@id":"https:\/\/www.pressenza.com\/es\/#\/schema\/person\/20869ee409603e5be876b3a9b1f9e8a3"},"headline":"El Tribunal Superior de Justicia de C\u00f3rdoba aval\u00f3 la municipalizaci\u00f3n del agua y la Coopi apelar\u00e1 ante la Corte Suprema","datePublished":"2017-12-11T16:32:24+00:00","mainEntityOfPage":{"@id":"https:\/\/www.pressenza.com\/es\/2017\/12\/tribunal-superior-justicia-cordoba-avalo-la-municipalizacion-del-agua-la-coopi-apelara-ante-la-corte-suprema\/"},"wordCount":962,"publisher":{"@id":"https:\/\/www.pressenza.com\/es\/#organization"},"image":{"@id":"https:\/\/www.pressenza.com\/es\/2017\/12\/tribunal-superior-justicia-cordoba-avalo-la-municipalizacion-del-agua-la-coopi-apelara-ante-la-corte-suprema\/#primaryimage"},"thumbnailUrl":"https:\/\/www.pressenza.com\/wp-content\/uploads\/2017\/12\/protesta-coopi-04-12-10.jpg","keywords":["Argentina","cooperativistas","Cordoba","Privatizaci\u00f3n","protesta social"],"articleSection":["Econom\u00eda","Radio","Sudam\u00e9rica"],"inLanguage":"es"},{"@type":"WebPage","@id":"https:\/\/www.pressenza.com\/es\/2017\/12\/tribunal-superior-justicia-cordoba-avalo-la-municipalizacion-del-agua-la-coopi-apelara-ante-la-corte-suprema\/","url":"https:\/\/www.pressenza.com\/es\/2017\/12\/tribunal-superior-justicia-cordoba-avalo-la-municipalizacion-del-agua-la-coopi-apelara-ante-la-corte-suprema\/","name":"El Tribunal Superior de Justicia de C\u00f3rdoba aval\u00f3 la municipalizaci\u00f3n del agua y la Coopi apelar\u00e1 ante la Corte Suprema","isPartOf":{"@id":"https:\/\/www.pressenza.com\/es\/#website"},"primaryImageOfPage":{"@id":"https:\/\/www.pressenza.com\/es\/2017\/12\/tribunal-superior-justicia-cordoba-avalo-la-municipalizacion-del-agua-la-coopi-apelara-ante-la-corte-suprema\/#primaryimage"},"image":{"@id":"https:\/\/www.pressenza.com\/es\/2017\/12\/tribunal-superior-justicia-cordoba-avalo-la-municipalizacion-del-agua-la-coopi-apelara-ante-la-corte-suprema\/#primaryimage"},"thumbnailUrl":"https:\/\/www.pressenza.com\/wp-content\/uploads\/2017\/12\/protesta-coopi-04-12-10.jpg","datePublished":"2017-12-11T16:32:24+00:00","description":"El cuerpo social de la Cooperativa Integral de Villa Carlos Paz vive con profunda preocupaci\u00f3n el intento del municipio de quitarle la concesi\u00f3n de los","breadcrumb":{"@id":"https:\/\/www.pressenza.com\/es\/2017\/12\/tribunal-superior-justicia-cordoba-avalo-la-municipalizacion-del-agua-la-coopi-apelara-ante-la-corte-suprema\/#breadcrumb"},"inLanguage":"es","potentialAction":[{"@type":"ReadAction","target":["https:\/\/www.pressenza.com\/es\/2017\/12\/tribunal-superior-justicia-cordoba-avalo-la-municipalizacion-del-agua-la-coopi-apelara-ante-la-corte-suprema\/"]}]},{"@type":"ImageObject","inLanguage":"es","@id":"https:\/\/www.pressenza.com\/es\/2017\/12\/tribunal-superior-justicia-cordoba-avalo-la-municipalizacion-del-agua-la-coopi-apelara-ante-la-corte-suprema\/#primaryimage","url":"https:\/\/www.pressenza.com\/wp-content\/uploads\/2017\/12\/protesta-coopi-04-12-10.jpg","contentUrl":"https:\/\/www.pressenza.com\/wp-content\/uploads\/2017\/12\/protesta-coopi-04-12-10.jpg","width":960,"height":540},{"@type":"BreadcrumbList","@id":"https:\/\/www.pressenza.com\/es\/2017\/12\/tribunal-superior-justicia-cordoba-avalo-la-municipalizacion-del-agua-la-coopi-apelara-ante-la-corte-suprema\/#breadcrumb","itemListElement":[{"@type":"ListItem","position":1,"name":"Accueil","item":"https:\/\/www.pressenza.com\/es\/"},{"@type":"ListItem","position":2,"name":"El Tribunal Superior de Justicia de C\u00f3rdoba aval\u00f3 la municipalizaci\u00f3n del agua y la Coopi apelar\u00e1 ante la Corte Suprema"}]},{"@type":"WebSite","@id":"https:\/\/www.pressenza.com\/es\/#website","url":"https:\/\/www.pressenza.com\/es\/","name":"Pressenza","description":"International Press Agency","publisher":{"@id":"https:\/\/www.pressenza.com\/es\/#organization"},"potentialAction":[{"@type":"SearchAction","target":{"@type":"EntryPoint","urlTemplate":"https:\/\/www.pressenza.com\/es\/?s={search_term_string}"},"query-input":{"@type":"PropertyValueSpecification","valueRequired":true,"valueName":"search_term_string"}}],"inLanguage":"es"},{"@type":"Organization","@id":"https:\/\/www.pressenza.com\/es\/#organization","name":"Pressenza","url":"https:\/\/www.pressenza.com\/es\/","logo":{"@type":"ImageObject","inLanguage":"es","@id":"https:\/\/www.pressenza.com\/es\/#\/schema\/logo\/image\/","url":"https:\/\/www.pressenza.com\/wp-content\/uploads\/2022\/10\/pressenza_logo_200x200.jpg","contentUrl":"https:\/\/www.pressenza.com\/wp-content\/uploads\/2022\/10\/pressenza_logo_200x200.jpg","width":200,"height":200,"caption":"Pressenza"},"image":{"@id":"https:\/\/www.pressenza.com\/es\/#\/schema\/logo\/image\/"},"sameAs":["https:\/\/www.facebook.com\/PressenzaItalia","https:\/\/x.com\/PressenzaIPA"]},{"@type":"Person","@id":"https:\/\/www.pressenza.com\/es\/#\/schema\/person\/20869ee409603e5be876b3a9b1f9e8a3","name":"FARCO Foro Argentino de Radios Comunitarias","url":"https:\/\/www.pressenza.com\/es\/author\/farco-foro-argentino-de-radios-comunitarias\/"}]}},"place":"Villa Carlos Paz, Argentina","original_article_url":"http:\/\/agencia.farco.org.ar\/noticias\/el-tribunal-superior-de-justicia-de-cordoba-avalo-la-municipalizacion-del-agua-y-la-coopi-apelara-ante-la-corte-suprema\/?#","_links":{"self":[{"href":"https:\/\/www.pressenza.com\/es\/wp-json\/wp\/v2\/posts\/570385","targetHints":{"allow":["GET"]}}],"collection":[{"href":"https:\/\/www.pressenza.com\/es\/wp-json\/wp\/v2\/posts"}],"about":[{"href":"https:\/\/www.pressenza.com\/es\/wp-json\/wp\/v2\/types\/post"}],"author":[{"embeddable":true,"href":"https:\/\/www.pressenza.com\/es\/wp-json\/wp\/v2\/users\/577"}],"replies":[{"embeddable":true,"href":"https:\/\/www.pressenza.com\/es\/wp-json\/wp\/v2\/comments?post=570385"}],"version-history":[{"count":0,"href":"https:\/\/www.pressenza.com\/es\/wp-json\/wp\/v2\/posts\/570385\/revisions"}],"wp:featuredmedia":[{"embeddable":true,"href":"https:\/\/www.pressenza.com\/es\/wp-json\/wp\/v2\/media\/570386"}],"wp:attachment":[{"href":"https:\/\/www.pressenza.com\/es\/wp-json\/wp\/v2\/media?parent=570385"}],"wp:term":[{"taxonomy":"category","embeddable":true,"href":"https:\/\/www.pressenza.com\/es\/wp-json\/wp\/v2\/categories?post=570385"},{"taxonomy":"post_tag","embeddable":true,"href":"https:\/\/www.pressenza.com\/es\/wp-json\/wp\/v2\/tags?post=570385"}],"curies":[{"name":"wp","href":"https:\/\/api.w.org\/{rel}","templated":true}]}}