{"id":569650,"date":"2017-12-10T17:58:45","date_gmt":"2017-12-10T17:58:45","guid":{"rendered":"https:\/\/www.pressenza.com\/?p=569650\/"},"modified":"2017-12-10T17:58:45","modified_gmt":"2017-12-10T17:58:45","slug":"discurso-de-jeremy-corbyn-en-la-sede-de-la-onu-en-ginebra","status":"publish","type":"post","link":"https:\/\/www.pressenza.com\/es\/2017\/12\/discurso-de-jeremy-corbyn-en-la-sede-de-la-onu-en-ginebra\/","title":{"rendered":"Discurso de Jeremy Corbyn en la sede de la ONU en Ginebra"},"content":{"rendered":"<p><iframe loading=\"lazy\" title=\"Jeremy Corbyn speech at the United Nations\u2019 Geneva headquarters\" width=\"500\" height=\"281\" src=\"https:\/\/www.youtube.com\/embed\/zQx-4EXofTQ?feature=oembed\" frameborder=\"0\" allow=\"accelerometer; autoplay; clipboard-write; encrypted-media; gyroscope; picture-in-picture; web-share\" referrerpolicy=\"strict-origin-when-cross-origin\" allowfullscreen><\/iframe><\/p>\n<p>Derechos humanos, desigualdad, para\u00edsos fiscales, militarismo, cambio clim\u00e1tico. Un llamado para un mundo mejor por parte del l\u00edder del Partido Laborista del Reino Unido.<\/p>\n<p>Traducci\u00f3n de la transcripci\u00f3n<\/p>\n<p>El d\u00eda de hoy, al dirigirse a la sede de las Naciones Unidas en Ginebra, Jeremy Corbyn MP, l\u00edder del partido laborista, dijo:<\/p>\n<p>Gracias Paul por esa introducci\u00f3n<\/p>\n<p>Y perm\u00edtanme agradecer de forma especial al Instituto de investigaci\u00f3n de las Naciones Unidas para el Desarrollo Social.<\/p>\n<p>Su trabajo brinda una plataforma importante a las voces marginadas por la justicia social para que puedan desafiar a los creadores de pol\u00edticas y para hacer campa\u00f1a por el cambio.<\/p>\n<p>Doy la bienvenida a la presi\u00f3n tanto en mi partido, el Partido Laborista Brit\u00e1nico, como en mi liderazgo, para poner la justicia social en primer plano en rodo lo que hacemos.<\/p>\n<p>As\u00ed que gracias por invitarme a hablar aqu\u00ed, en este lugar hist\u00f3rico, el <em>Palais des Nations<\/em> en Ginebra, una ciudad que ha sido lugar de refugio y filosof\u00eda desde el tiempo de Rousseau.<\/p>\n<p>Antes de la Segunda Guerra Mundial, la sede de la desdichada Liga de las Naciones, que ahora alberga a las Naciones Unidas.<\/p>\n<p>Es un privilegio especial el poder hablar aqu\u00ed, ya que la constituci\u00f3n de nuestro partido incluye un compromiso de apoyo a las Naciones Unidas, una promesa \u201cpara asegurar la paz, la libertad, la democracia, la seguridad econ\u00f3mica y la protecci\u00f3n del medio ambiente para todos\u201d.<\/p>\n<p>Me gustar\u00eda tambi\u00e9n agradecer a mis compa\u00f1eros panelistas, Arancha Gonzalez y Nikhil Seth, y la <em>Shadow Attorney General <\/em>del Partido Laborista Shami Chakrabarti, que me ha acompa\u00f1ado aqu\u00ed.<\/p>\n<p>Ella ha sido una destacada activista y un gran activo para el movimiento internacional por los derechos humanos.<\/p>\n<p>Por \u00faltimo, perm\u00edtanme agradecer a todos ustedes por estar aqu\u00ed el d\u00eda de hoy.<\/p>\n<p>Me gustar\u00eda aprovechar esta oportunidad en el per\u00edodo previo al D\u00eda internacional de los Derechos Humanos para centrarme en las mayores amenazas hacia nuestra humanidad en com\u00fan, y en por qu\u00e9 los estados necesitan dar su apoyo a la cooperaci\u00f3n internacional genuina y a los derechos humanos tanto individuales como colectivos, sociales y econ\u00f3micos, as\u00ed como legales y constitucionales en el pa\u00eds y en el extranjero si queremos encontrarnos y superar esas amenazas.<\/p>\n<p>Mi propio pa\u00eds est\u00e1 en una encrucijada. La decisi\u00f3n del pueblo brit\u00e1nico de dejar la Uni\u00f3n Europea en el refer\u00e9ndum del a\u00f1o pasado significa que debemos reconsiderar nuestro papel en el mundo.<\/p>\n<p>Algunos quieren usar el Brexit para hacer que Gran Breta\u00f1a se encierre en s\u00ed misma, rechazando al mundo exterior y viendo a todos los dem\u00e1s como competidores temidos.<\/p>\n<p>Otros quieren usar el Brexit para reforzar las inseguridades y desigualdades de nuestro sistema econ\u00f3mico actual, convirtiendo a Gran Breta\u00f1a en un para\u00edso fiscal corporativo sin regulaciones con bajos salarios, derechos limitados y servicios p\u00fablicos a precios reducidos en una carrera destructiva hacia el abismo.<\/p>\n<p>Mi partido representa un futuro completamente diferente cuando salimos de la UE, recurriendo a las mejores tradiciones internacionalistas del movimiento obrero y de nuestro pa\u00eds.<\/p>\n<p>Queremos ver relaciones cercanas y cooperativas con nuestros vecinos europeos, fuera de la UE, bas\u00e1ndonos en la solidaridad as\u00ed como en el beneficio mutuo y el comercio justo, as\u00ed como un internacionalismo m\u00e1s amplio y proactivo a trav\u00e9s del mundo.<\/p>\n<p>Estamos orgullosos de que Gran Breta\u00f1a haya sido un signatario original del Convenio Europeo de los Derechos Humanos y que nuestra Ley de los Derechos Humanos de 1998 lo consagre en nuestra legislaci\u00f3n.<\/p>\n<p>As\u00ed que el Partido Laborista continuara trabajando con otros estados europeos y con partidos y movimientos progresistas a trav\u00e9s del Consejo de Europa para asegurar que nuestro pa\u00eds as\u00ed como otros mantengan sus obligaciones internacionales.<\/p>\n<p>As\u00ed como el trabajo del Consejo de Derechos Humanos de la ONU ayuda a garantizar que pa\u00edses como el nuestro cumplan con nuestros compromisos, como los derechos de las personas con discapacidad, donde el informe de este a\u00f1o encontr\u00f3 que est\u00e1bamos fallando.<\/p>\n<p>La cooperaci\u00f3n internacional, la solidaridad y las acciones colectivas son valores que estamos determinados a proyectar en nuestra pol\u00edtica exterior.<\/p>\n<p>Esos valores informar\u00e1n todo lo que haga el pr\u00f3ximo gobierno laborista en el escenario mundial, usando la diplomacia para expandir un sistema internacional progresivo y basado en reglas, que provea justicia y seguridad para todos.<\/p>\n<p>Dichos valores deben ser genuinamente universales y deber\u00e1n aplicarse tanto a los fuertes como a los d\u00e9biles si quieren obtener apoyo y confianza global.<\/p>\n<p>No pueden usarse para disciplinar a los d\u00e9biles mientras que los fuertes hacen lo que quieren o ser\u00e1n desacreditados como una herramienta del poder, no de la justicia.<\/p>\n<p>Es por eso que debemos asegurarnos de que los poderosos respeten y mantengan las reglas internacionales y el derecho internacional.<\/p>\n<p>Si no lo hacemos, los ideales de la Declaraci\u00f3n Universal de los Derechos humanos de 1948 ser\u00e1 siendo una aspiraci\u00f3n en lugar de una realidad, y las reglas internacionales ser\u00e1n vistas como un men\u00fa de selecci\u00f3n para los poderosos en el mundo que toman las decisiones internacionales.<\/p>\n<p>De forma m\u00e1s urgente debemos trabajar con otros pa\u00edses para avanzar en la causa de los derechos humanos, las cuatro amenazas m\u00e1s grandes e interconectadas que enfrenta nuestra humanidad com\u00fan.<\/p>\n<p>En primer lugar, la creciente concentraci\u00f3n irresponsable de riqueza y poder en manos de una peque\u00f1a \u00e9lite corporativa, un sistema que muchos llaman neoliberalismo, que ha aumentado dr\u00e1sticamente la desigualdad, la marginaci\u00f3n, la inseguridad y la ira en todo el mundo.<\/p>\n<p>En segundo lugar el cambio clim\u00e1tico, que est\u00e1 creando inestabilidad, alimentando el conflicto en todo el mundo y amenazando todos nuestros futuros.<\/p>\n<p>En tercer lugar, la cantidad sin precedentes de personas que huyen del conflicto, la persecuci\u00f3n, los abusos a los derechos humanos, el colapso social y los desastres naturales.<\/p>\n<p>Por \u00faltimo, el uso de la acci\u00f3n e intervenci\u00f3n unilateral militar en lugar de la diplomacia y la negociaci\u00f3n para resolver las disputas y los cambios de gobierno.<\/p>\n<p>El sistema de dominio econ\u00f3mico global est\u00e1 roto.<\/p>\n<p>Est\u00e1 creando un mundo en donde unos pocos ricos controlan en 90 % de los recursos globales.<\/p>\n<p>Un mundo de creciente inseguridad y niveles grotescos de desigualdad dentro de y entre las naciones, en donde se estima que los pa\u00edses en desarrollo pierden m\u00e1s de 100 mil millones de d\u00f3lares al a\u00f1o por la evasi\u00f3n de impuestos corporativos.<\/p>\n<p>En donde $1 trill\u00f3n de d\u00f3lares al a\u00f1o son absorbidos del Hemisferio Sur a trav\u00e9s de flujos financieros il\u00edcitos.<\/p>\n<p>Esto es un esc\u00e1ndalo global.<\/p>\n<p>No se deber\u00eda permitir que las corporaciones internacionales m\u00e1s poderosas contin\u00faen dictando c\u00f3mo y para qui\u00e9n se maneja nuestro mundo.<\/p>\n<p>Treinta a\u00f1os despu\u00e9s de que los programas de ajuste estructural devastaron por primera vez gran parte del mundo y una d\u00e9cada despu\u00e9s de la quiebra financiera del 2008, la ortodoxia neoliberal que los liber\u00f3 se est\u00e1 desmoronando.<\/p>\n<p>En este momento, una crisis de confianza en un sistema econ\u00f3mico en bancarrota y en el orden social nos presenta una oportunidad \u00fanica que ocurre una vez cada generaci\u00f3n para construir un nuevo consenso econ\u00f3mico y social que da prioridad a los intereses de la mayor\u00eda.<\/p>\n<p>Pero el desmoronamiento del sistema de la \u00e9lite global y su prerrogativa de imponer el control indiscutible ha llevado a algunos pol\u00edticos a alimentar el miedo y la divisi\u00f3n, y a ridiculizar la cooperaci\u00f3n internacional como capitulaci\u00f3n nacional.<\/p>\n<p>El vergonzoso veto musulm\u00e1n del presidente Trump y su ret\u00f3rica antimexicana ha alimentado la incitaci\u00f3n racista y la misoginia, y ha desviado la atenci\u00f3n de lo que realmente est\u00e1 haciendo su administraci\u00f3n dominada por Wall Street.<\/p>\n<p>En Gran Breta\u00f1a, donde los sueldos se han reducido para la mayor\u00eda de personas en la \u00faltima d\u00e9cada mientras las corporaciones y los m\u00e1s ricos han recibido miles de millones en recortes tributarios, nuestra primera ministra ha seguido un enfoque menos extremo que tambi\u00e9n busca desviar la atenci\u00f3n de los errores de su gobierno y de su agenda real.<\/p>\n<p>Ella amenaza con desechar la Ley de Derechos Humanos, que garantiza todos los derechos civiles y pol\u00edticos del pueblo y que ha beneficiado a todos en nuestro pa\u00eds. Incluso ha dicho que \u201csi crees que eres un ciudadano del mundo, entonces no eres ciudadano de ning\u00fan lado\u201d.<\/p>\n<p>Existe una alternativa a este orden da\u00f1ino y en bancarrota. No se puede permitir que los bancos y las corporaciones m\u00e1s grandes del mundo escriban las reglas y arreglen el sistema por su cuenta.<\/p>\n<p>La econom\u00eda del mundo puede y debe velar por el bien com\u00fan y por la mayor\u00eda de las personas. Pero eso significar\u00eda un cambio estructural real a nivel internacional.<\/p>\n<p>La ONU tiene un papel fundamental que desempe\u00f1ar para avanzar a un nuevo consenso y un terreno com\u00fan basado en la solidaridad, el respeto por los derechos humanos y la regulaci\u00f3n y cooperaci\u00f3n internacional.<\/p>\n<p>Eso incluye una plataforma para que los l\u00edderes democr\u00e1ticos digan la verdad sobre el poder irresponsable.<\/p>\n<p>Uno de esos momentos tuvo lugar el 4 de diciembre de 1972, cuando el presidente Salvador Allende de Chile, que fue elegido a pesar de la fuerte oposici\u00f3n y la interferencia de los Estados Unidos, subi\u00f3 al podio de la Asamblea General de las Naciones Unidas en Nueva York.<\/p>\n<p>Pidi\u00f3 una acci\u00f3n global contra la amenaza de las corporaciones transnacionales, que no rinden cuentas ante ning\u00fan estado, parlamento u organizaci\u00f3n que represente el inter\u00e9s com\u00fan.<\/p>\n<p>Nueve meses despu\u00e9s, Allende fue asesinado en el golpe de estado del general Augusto Pinochet, lo que marc\u00f3 el comienzo de una brutal dictadura que dur\u00f3 17 a\u00f1os y que convirti\u00f3 a Chile en un laboratorio del fundamentalismo del libre mercado.<\/p>\n<p>Pero 44 a\u00f1os despu\u00e9s, en todo el mundo la gente se est\u00e1 levantando y dici\u00e9ndole basta al poder desencadenado de las compa\u00f1\u00edas multinacionales para evadir impuestos, tomar tierra y recursos a bajo precio y arrancarle el coraz\u00f3n a las fuerzas laborales y a las comunidades.<\/p>\n<p>Es por eso que hoy me comprometo ante ustedes para que el pr\u00f3ximo gobierno laborista en Gran Breta\u00f1a apoye activamente los esfuerzos del Consejo de Derechos Humanos de la ONU para que cree un tratado legalmente vinculante que regule las corporaciones transnacionales bajo las leyes internacionales de derechos humanos.<\/p>\n<p>La responsabilidad corporativa genuina debe aplicarse a todas las actividades de sus subsidiarias y proveedoras.<\/p>\n<p>La impunidad para las empresas que violen los derechos humanos o destruyan nuestro medio ambiente, como en los conflictos impulsados por los minerales en la Rep\u00fablica Democr\u00e1tica del Congo, deben terminarse.<\/p>\n<p>Por mucho tiempo, el desarrollo ha sido impulsado por el dogma infundado de que los mercados sin restricciones y las empresas multinacionales que no rinden cuentas son la clave para resolver los problemas mundiales.<\/p>\n<p>As\u00ed que bajo el pr\u00f3ximo gobierno laborista, el Departamento para el Desarrollo Internacional tendr\u00e1 la doble misi\u00f3n de no solo erradicar la pobreza, sino tambi\u00e9n de reducir la desigualdad en todo el mundo.<\/p>\n<p>Para llegar a esta meta debemos actuar en contra del esc\u00e1ndalo global de la evasi\u00f3n de impuestos y la mala facturaci\u00f3n comercial; robar a los pa\u00edses en desarrollo y agotar los recursos de nuestros propios servicios p\u00fablicos.<\/p>\n<p>Solo en \u00c1frica se estima que se pierden 35 mil millones de d\u00f3lares debido a la evasi\u00f3n de impuestos y 50 millones debido a flujos financieros il\u00edcitos, que superan con creces a los 30 mil millones de d\u00f3lares que ingresan al continente como ayuda.<\/p>\n<p>Ya que los <em>Paradise Papers<\/em> y <em>Panama Papers<\/em> han demostrado que no se puede confiar en que los s\u00faper ricos y los poderosos vayan a regularse a s\u00ed mismos, se debe exigir a las empresas multinacionales que realicen informes por pa\u00eds, mientras que los pa\u00edses del Hemisferio Sur necesitan apoyo ahora para retener los miles de millones que se les ha robado a su gente.<\/p>\n<p>As\u00ed que el pr\u00f3ximo gobierno laborista buscar\u00e1 trabajar con las autoridades tributarias en pa\u00edses en desarrollo, como lo hizo Zambia con NORAD (la agencia de ayuda Noruega) para ayudarles a detener el saqueo.<\/p>\n<p>Ma\u00f1ana es el D\u00eda Internacional contra la Corrupci\u00f3n. La corrupci\u00f3n no es algo que ocurre \u201call\u00e1\u201d. Nuestro gobierno ha tenido un papel central en permitir la corrupci\u00f3n que socava la democracia y viola los derechos humanos. Es un problema mundial que requiere una respuesta mundial.<\/p>\n<p>Cuando las personas se mantienen en la pobreza, mientras los pol\u00edticos canalizan fondos p\u00fablicos hacia los para\u00edsos fiscales, eso es corrupci\u00f3n, y un gobierno laborista actuar\u00e1 decididamente en los para\u00edsos fiscales, introduciendo est\u00e1ndares estrictos de transparencia para las dependencias de la corona y los territorios de ultramar al incluir un registro p\u00fablico de propietarios, directores, accionistas importantes y beneficiarios reales&#8230; para todas las compa\u00f1\u00edas y fideicomisos.<\/p>\n<p>El cambio clim\u00e1tico es la segunda gran amenaza a nuestra humanidad com\u00fan. Nuestro planeta est\u00e1 en peligro. El calentamiento global en innegable; el n\u00famero de desastres naturales se ha cuadruplicado desde 1970.<\/p>\n<p>Los huracanes como los que recientemente golpearon el Caribe son m\u00e1s grandes porque absorben la humedad de mares m\u00e1s c\u00e1lidos.<\/p>\n<p>Es el cambio clim\u00e1tico lo que est\u00e1 calentando los mares, causado principalmente por las emisiones de los pa\u00edses m\u00e1s ricos del mundo.<\/p>\n<p>Sin embargo, los pa\u00edses que menos contaminan, que en su mayor\u00eda son las naciones en desarrollo, est\u00e1n en el extremo del desastre que desata el cambio clim\u00e1tico, con el da\u00f1o ambiental avivando la inseguridad alimentaria y la dislocaci\u00f3n social.<\/p>\n<p>Debemos apoyarlos y ser solidarios. Hace dos meses, le promet\u00ed al primer ministro de Antigua y Barbuda, Gaston Browne, que usar\u00eda esta plataforma para dejar este mensaje en claro.<\/p>\n<p>La comunidad internacional debe movilizar recursos y los mayores contaminadores del mundo soportar la mayor carga.<\/p>\n<p>As\u00ed que pido a los gobiernos en los pa\u00edses m\u00e1s contaminantes, incluyendo al Reino Unido:<\/p>\n<p>Primero, que expandan su capacidad para responder a los desastres en el mundo. Nuestras fuerzas armada, algunas de las m\u00e1s capacitadas y mejor entrenadas del mundo, deber\u00edan poder utilizar su experiencia para responder a las emergencias humanitarias. Italia se encuentra entre los que lideran el camino con su armada, convirti\u00e9ndose en una fuerza m\u00e1s vers\u00e1til y multifac\u00e9tica.<\/p>\n<p>Segundo, para tener en cuenta los costos de la degradaci\u00f3n ambiental en la previsi\u00f3n financiera como el Partido Laborista se ha comprometido a hacer con la Oficina de Responsabilidad Presupuestaria de Gran Breta\u00f1a.<\/p>\n<p>Tercero, respaldar firmemente los Acuerdos Clim\u00e1ticos de Par\u00eds.<\/p>\n<p>Y finalmente, tomar medidas serias y urgentes sobre el alivio y la cancelaci\u00f3n de la deuda.<\/p>\n<p>Necesitamos actuar como una comunidad internacional en contra la injusticia de los pa\u00edses que intentan recuperarse de las crisis clim\u00e1ticas que no crearon mientras luchan por pagar deudas internacionales.<\/p>\n<p>Vale la pena recordar las palabras de Thomas Sankara, presidente de Burkina Faso, dichas ante la Organizaci\u00f3n para la Unidad Africana en 1987, unos meses antes de que \u00e9l tambi\u00e9n fuera asesinado en un golpe de estado.<\/p>\n<p>\u201cLa deuda no puede pagarse\u201d dijo, \u201cprimero porque si no pagamos, los prestamistas no morir\u00e1n. Pero si la pagamos\u2026 nosotros vamos a morir\u201d.<\/p>\n<p>La creciente crisis clim\u00e1tica agrava el ya sin precedente n\u00famero de personas que escapan del conflicto y la desesperaci\u00f3n.<\/p>\n<p>Existen ahora m\u00e1s personas refugiadas y desplazadas en el mundo que en cualquier otra \u00e9poca desde la Segunda Guerra Mundial.<\/p>\n<p>Los refugiados son personas como nosotros.<\/p>\n<p>Pero a diferencia de nosotros, ellos se han visto forzados por la violencia, la persecuci\u00f3n y el cambio clim\u00e1tico a huir de sus hogares.<\/p>\n<p>Una de las pruebas morales m\u00e1s grandes de nuestro tiempo es como cumplimos con el esp\u00edritu de la Convenci\u00f3n de Refugiados de 1951.<\/p>\n<p>Su principio b\u00e1sico era simple: proteger a los refugiados.<\/p>\n<p>Aun as\u00ed diez pa\u00edses, que representan solo el 2,5% de la econom\u00eda global est\u00e1n acogiendo a m\u00e1s de la mitad de los refugiados del mundo.<\/p>\n<p>Es hora de que los pa\u00edses m\u00e1s ricos del mundo den un paso adelante y muestren nuestra humanidad com\u00fan.<\/p>\n<p>El fracaso significa millones de sirios desplazados dentro de su patria destruida o refugiados fuera de ella; refugiados rohiny\u00e1s devueltos a Myanmar sin garant\u00edas de ciudadan\u00eda ni protecci\u00f3n contra la violencia estatal y refugiados detenidos por tiempo indefinido en campamentos impropios para la habitaci\u00f3n humana como en Pap\u00faa Nueva Guinea o Nauru; y refugiados africanos vendidos para la esclavitud en una Libia devastada por la guerra.<\/p>\n<p>Esta realidad deber\u00eda ofender nuestro sentido de humanidad y de solidaridad.<\/p>\n<p>Los pa\u00edses europeos pueden, y deben, hacer m\u00e1s a medida que aumenta el n\u00famero de migrantes y refugiados que fallecen al cruzar el Mediterr\u00e1neo.<\/p>\n<p>Y debemos tomar medidas m\u00e1s efectivas contra los traficantes de personas.<\/p>\n<p>Pero seamos claros: la respuesta a largo plazo es la cooperaci\u00f3n internacional genuina basada en los derechos humanos, que confronta las ra\u00edces del conflicto, la persecuci\u00f3n y la desigualdad.<\/p>\n<p>He pasado la mayor parte de mi vida, junto con muchos otros, defendiendo la diplomacia y el di\u00e1logo&#8230;sobre la guerra y el conflicto, a menudo frente a la hostilidad.<\/p>\n<p>Pero sigo convencido de que es la \u00fanica manera de ofrecer seguridad genuina y duradera para todos.<\/p>\n<p>Incluso despu\u00e9s de las desastrosas invasiones y ocupaciones de los \u00faltimos a\u00f1os, existe otra vez una presi\u00f3n renovada para optar por la fuerza militar, \u201cAm\u00e9rica Primero\u201d o \u201cImperio 2.0\u201d como el camino hacia la seguridad global.<\/p>\n<p>S\u00e9 que la gente de Gran Breta\u00f1a no es insensible al sufrimiento de otros ni est\u00e1 ciega ante el impacto y el retroceso de las guerras extranjeras imprudentes de nuestro pa\u00eds.<\/p>\n<p>Las guerras de cambio de r\u00e9gimen, las invasiones, las intervenciones y ocupaciones en Irak, Afganist\u00e1n y Libia y Somalia han fracasado en sus propios t\u00e9rminos, han devastado los pa\u00edses y regiones y han hecho de gran Breta\u00f1a y el mundo un lugar m\u00e1s peligroso.<\/p>\n<p>Y aunque el gobierno del Reino Unido defiende algunos temas de derechos humanos, en otros guarda silencio, si no es c\u00f3mplice de su violaci\u00f3n.<\/p>\n<p>Demasiados se han hecho la vista gorda ante los abusos flagrantes y a gran escala de los derechos humanos que est\u00e1n sucediendo en Yemen, alimentados por la venta de armas en Arabia Saudita algo que valen miles de millones de libras.<\/p>\n<p>El no ver el mal, no escuchar el mal, no hablar el mal socava nuestra credibilidad y la capacidad de actuar sobre otros abusos hacia los derechos humanos.<\/p>\n<p>La ayuda total del gobierno brit\u00e1nico a Yemen el a\u00f1o pasado fue de menos de \u00a3150 millones, menos que los beneficios obtenidos por las compa\u00f1\u00edas de armas brit\u00e1nicas que venden armas a Arabia Saudita. \u00bfQu\u00e9 dice esto sobre las prioridades de nuestro pa\u00eds o sobre el papel de nuestro gobierno en el desastre humanitario que ahora afecta a Yemen?<\/p>\n<p>Nuestra credibilidad para hablar en contra de la limpieza \u00e9tnica de los musulmanes rohiny\u00e1s se ve severamente afectada cuando el gobierno brit\u00e1nico ha estado brindando apoyo al ej\u00e9rcito de Myanmar.<\/p>\n<p>Y nuestros gobiernos rinden homenaje a un acuerdo completo y dos soluciones estatales para el conflicto entre Israel y Palestina, pero no hacen nada para utilizar la influencia que tienen para terminar con la opresi\u00f3n y el despojo del pueblo palestino.<\/p>\n<p>Setenta a\u00f1os despu\u00e9s de que la Asamblea General de las Naciones Unidas vot\u00f3 para crear un estado palestino junto a lo que se convertir\u00eda en Israel, y medio siglo desde que Israel ocup\u00f3 toda la Palestina hist\u00f3rica, deben asumir el liderazgo de los activistas por la paz israel\u00edes como <em>Gush Shalom<\/em> y <em>Peace Now<\/em>, y exigir el fin de los m\u00faltiples abusos hacia los derechos humanos que los palestinos enfrentan a diario. La ocupaci\u00f3n continua y los abusos ilegales son violaciones al derecho internacional y son una barrera para la paz.<\/p>\n<p>El anuncio del presidente de los Estados Unidos de que su administraci\u00f3n reconocer\u00e1 a Jerusal\u00e9n como la capital de Israel, incluido el territorio palestino ocupado, es una amenaza a la paz que con justa raz\u00f3n ha sido recibida con una abrumadora condena internacional.<\/p>\n<p>Esta decisi\u00f3n no solo es imprudente y provocadora, sino que tambi\u00e9n puede retrasar cualquier posibilidad de un arreglo pol\u00edtico del conflicto entre Israel y Palestina.<\/p>\n<p>El discurso del presidente Trump en la Asamblea General de la ONU en septiembre se\u00f1al\u00f3 una amenaza m\u00e1s amplia para la paz. Su ataque contra el multilateralismo, los derechos humanos y el derecho internacional deber\u00edan perturbarnos a todos.<\/p>\n<p>Y este no es el momento para rechazar el acuerdo nuclear con Ir\u00e1n, un logro significativo acordado entre Ir\u00e1n y un grupo de poder mundial para reducir las tensiones.<\/p>\n<p>Es amenaza no solo al Medio Oriente sino tambi\u00e9n a la Pen\u00ednsula de Corea. \u00bfQu\u00e9 incentivos hay para que Pyongyang crea que el desarme traer\u00e1 beneficios cuando Estados Unidos abandone su acuerdo nuclear con Teher\u00e1n?<\/p>\n<p>Trump y Kim Jong-un amenazan con una terrible confrontaci\u00f3n nuclear con sus insultos absurdos y belicosos.<\/p>\n<p>Al igual que casi toda la humanidad, les digo a los l\u00edderes: esto no es un juego; den marcha atr\u00e1s ahora.<\/p>\n<p>Se sabe ya que la guerra y la violencia no resuelven los problemas del mundo. La violencia genera m\u00e1s violencia. En 2016, casi tres cuartas partes de todas las muertes debidas al terrorismo sucedieron en cinco estados: Irak, Afganist\u00e1n, Siria, Nigeria y Somalia.<\/p>\n<p>As\u00ed que defendamos a las v\u00edctimas de la guerra y el terrorismo y hagamos realidad la justicia internacional.<\/p>\n<p>Y exijamos que todos los exportadores de armas aseguren que todas las exportaciones de armas sean consistentes, no solo legalmente, sino tambi\u00e9n con sus obligaciones morales.<\/p>\n<p>Eso significa que no habr\u00e1 m\u00e1s licencias de exportaci\u00f3n de armas cuando exista un claro riesgo de que sean utilizadas para cometer abusos contra los derechos humanos o cr\u00edmenes de lesa humanidad.<\/p>\n<p>El Reino Unido es uno de los mayores exportadores de armas del mundo, por lo que debemos cumplir nuestras obligaciones internacionales mientras exploramos formas de convertir la producci\u00f3n de armas en otras industrias socialmente \u00fatiles, altamente capacitadas y de alta tecnolog\u00eda.<\/p>\n<p>Es por eso que doy la bienvenida a la reciente resoluci\u00f3n bipartidista de la C\u00e1mara de Representantes de los Estados Unidos que hace dos cosas sin precedentes.<\/p>\n<p>En primer lugar reconoce el papel de los Estados Unidos en la destrucci\u00f3n de Yemen, incluido el reabastecimiento de combustible en el aire de los aviones de la coalici\u00f3n encabezados por Arabia Saudita, esenciales para su campa\u00f1a de bombardeos y para ayudar a seleccionar objetivos.<\/p>\n<p>En segundo lugar, deja en claro que el Congreso no ha autorizado esta participaci\u00f3n militar.<\/p>\n<p>Yemen es una cat\u00e1strofe humanitaria desesperada con el peor brote de c\u00f3lera de la historia.<\/p>\n<p>El peso de la opini\u00f3n de la comunidad internacional debe centrarse en quienes apoyan la guerra de Arabia Saudita en Yemen, incluido el gobierno de Theresa May, para cumplir con nuestras obligaciones legales y morales en la venta de armas y negociar un alto al fuego urgente y la soluci\u00f3n de este conflicto devastador.<\/p>\n<p>Si hablamos en serio de apoyar la paz, debemos fortalecer la cooperaci\u00f3n internacional y el mantenimiento de la paz. Gran Breta\u00f1a tiene un papel importante que desempe\u00f1ar despu\u00e9s de no contribuir con un n\u00famero significativo de tropas en los \u00faltimos a\u00f1os.<\/p>\n<p>Estamos decididos a aprovechar la oportunidad de ser una fuerza para el bien en el mantenimiento de la paz, la diplomacia y el apoyo a los derechos humanos.<\/p>\n<p>El partido laborista se compromete a invertir en nuestras capacidades diplom\u00e1ticas y servicios consulares, y volveremos a presentar asesores en materia de derechos humanos en nuestras embajadas de todo el mundo.<\/p>\n<p>Los derechos humanos y la justicia estar\u00e1n en el coraz\u00f3n de nuestra pol\u00edtica exterior junto con un compromiso de apoyar a las Naciones Unidas.<\/p>\n<p>La ONU proporciona una plataforma \u00fanica para la cooperaci\u00f3n y acci\u00f3n internacional. Y para que sea efectiva, necesitamos que los estados miembros respalden la agenda de reformas establecidas por el Secretario General Guterres.<\/p>\n<p>El mundo exige que el Consejo de Seguridad de la ONU responda, se vuelva m\u00e1s representativo y desempe\u00f1e el papel que se le asign\u00f3 en materia de paz y seguridad.<\/p>\n<p>Podemos vivir en un mundo m\u00e1s pac\u00edfico. El deseo de ayudar a crear una vida mejor para todos est\u00e1 dentro de todos nosotros.<\/p>\n<p>Los gobiernos, la sociedad civil, los movimientos sociales y las organizaciones y movimientos internacionales pueden ayudar a cumplir estas metas.<\/p>\n<p>Necesitamos redoblar nuestros esfuerzos para crear un sistema global basado en reglas que se aplique a todos y funcione para muchos, no para pocos.<\/p>\n<p>No m\u00e1s bombas primero y pensar y hablar m\u00e1s tarde.<\/p>\n<p>No m\u00e1s dobles est\u00e1ndares en la pol\u00edtica exterior.<\/p>\n<p>No m\u00e1s chivos expiatorios de las instituciones globales por el hecho de marcar puntos pol\u00edticos en sus pa\u00edses.<\/p>\n<p>En su lugar: la solidaridad, el liderazgo tranquilo y la cooperaci\u00f3n. Juntos podemos:<\/p>\n<p>Construir un nuevo sistema social y econ\u00f3mico con derechos humanos y justicia en su centro.<\/p>\n<p>Ofrecer justicia clim\u00e1tica y una mejor manera de vivir juntos en este planeta.<\/p>\n<p>Reconocer la humanidad de los refugiados y ofrecerles un lugar seguro.<\/p>\n<p>Trabajar por la paz, la seguridad y el entendimiento.<\/p>\n<p>La supervivencia de nuestra humanidad com\u00fan requiere nada menos.<\/p>\n<p>Necesitamos reconocer y rendir homenaje a los defensores de los derechos humanos en todo el mundo, a quienes arriesgan sus vidas por los dem\u00e1s; nuestra voz debe ser su voz.<\/p>\n<p>Gracias.<\/p>\n<p><em>Traducido del ingl\u00e9s por Valeria Torres<\/em><\/p>\n","protected":false},"excerpt":{"rendered":"<p>Derechos humanos, desigualdad, para\u00edsos fiscales, militarismo, cambio clim\u00e1tico. Un llamado para un mundo mejor por parte del l\u00edder del Partido Laborista del Reino Unido. Traducci\u00f3n de la transcripci\u00f3n El d\u00eda de hoy, al dirigirse a la sede de las Naciones&hellip;<\/p>\n","protected":false},"author":1013,"featured_media":569132,"comment_status":"closed","ping_status":"closed","sticky":false,"template":"","format":"standard","meta":{"footnotes":""},"categories":[79,78,66,1243],"tags":[26192,24437],"class_list":["post-569650","post","type-post","status-publish","format-standard","has-post-thumbnail","hentry","category-derechos-humanos","category-medio-ambiente-ecologia","category-europa-es","category-paz-desarme","tag-jeremy-corbyn-es","tag-ru"],"yoast_head":"<!-- This site is optimized with the Yoast SEO plugin v27.1.1 - https:\/\/yoast.com\/product\/yoast-seo-wordpress\/ -->\n<title>Discurso de Jeremy Corbyn en la sede de la ONU en Ginebra<\/title>\n<meta name=\"description\" content=\"Derechos humanos, desigualdad, para\u00edsos fiscales, militarismo, cambio clim\u00e1tico. Un llamado para un mundo mejor por parte del l\u00edder del Partido Laborista\" \/>\n<meta name=\"robots\" content=\"index, follow, max-snippet:-1, max-image-preview:large, max-video-preview:-1\" \/>\n<link rel=\"canonical\" href=\"https:\/\/www.pressenza.com\/es\/2017\/12\/discurso-de-jeremy-corbyn-en-la-sede-de-la-onu-en-ginebra\/\" \/>\n<meta property=\"og:locale\" content=\"es_ES\" \/>\n<meta property=\"og:type\" content=\"article\" \/>\n<meta property=\"og:title\" content=\"Discurso de Jeremy Corbyn en la sede de la ONU en Ginebra\" \/>\n<meta property=\"og:description\" content=\"Derechos humanos, desigualdad, para\u00edsos fiscales, militarismo, cambio clim\u00e1tico. Un llamado para un mundo mejor por parte del l\u00edder del Partido Laborista\" \/>\n<meta property=\"og:url\" content=\"https:\/\/www.pressenza.com\/es\/2017\/12\/discurso-de-jeremy-corbyn-en-la-sede-de-la-onu-en-ginebra\/\" \/>\n<meta property=\"og:site_name\" content=\"Pressenza\" \/>\n<meta property=\"article:publisher\" content=\"https:\/\/www.facebook.com\/PressenzaItalia\" \/>\n<meta property=\"article:author\" content=\"https:\/\/www.facebook.com\/PressenzaEnglish\/\" \/>\n<meta property=\"article:published_time\" content=\"2017-12-10T17:58:45+00:00\" \/>\n<meta property=\"og:image\" content=\"https:\/\/www.pressenza.com\/wp-content\/uploads\/2017\/12\/3F5420A4-8937-4D28-8804-7634298491F1.jpeg\" \/>\n\t<meta property=\"og:image:width\" content=\"1769\" \/>\n\t<meta property=\"og:image:height\" content=\"1064\" \/>\n\t<meta property=\"og:image:type\" content=\"image\/jpeg\" \/>\n<meta name=\"author\" content=\"Pressenza London\" \/>\n<meta name=\"twitter:card\" content=\"summary_large_image\" \/>\n<meta name=\"twitter:creator\" content=\"@PressenzaIPA\" \/>\n<meta name=\"twitter:site\" content=\"@PressenzaIPA\" \/>\n<meta name=\"twitter:label1\" content=\"Escrito por\" \/>\n\t<meta name=\"twitter:data1\" content=\"Pressenza London\" \/>\n\t<meta name=\"twitter:label2\" content=\"Tiempo de lectura\" \/>\n\t<meta name=\"twitter:data2\" content=\"22 minutos\" \/>\n<script type=\"application\/ld+json\" class=\"yoast-schema-graph\">{\"@context\":\"https:\/\/schema.org\",\"@graph\":[{\"@type\":\"Article\",\"@id\":\"https:\/\/www.pressenza.com\/es\/2017\/12\/discurso-de-jeremy-corbyn-en-la-sede-de-la-onu-en-ginebra\/#article\",\"isPartOf\":{\"@id\":\"https:\/\/www.pressenza.com\/es\/2017\/12\/discurso-de-jeremy-corbyn-en-la-sede-de-la-onu-en-ginebra\/\"},\"author\":{\"name\":\"Pressenza London\",\"@id\":\"https:\/\/www.pressenza.com\/es\/#\/schema\/person\/17c976cc856ec7e8e3f8cdd1a45eb1b0\"},\"headline\":\"Discurso de Jeremy Corbyn en la sede de la ONU en Ginebra\",\"datePublished\":\"2017-12-10T17:58:45+00:00\",\"mainEntityOfPage\":{\"@id\":\"https:\/\/www.pressenza.com\/es\/2017\/12\/discurso-de-jeremy-corbyn-en-la-sede-de-la-onu-en-ginebra\/\"},\"wordCount\":4469,\"publisher\":{\"@id\":\"https:\/\/www.pressenza.com\/es\/#organization\"},\"image\":{\"@id\":\"https:\/\/www.pressenza.com\/es\/2017\/12\/discurso-de-jeremy-corbyn-en-la-sede-de-la-onu-en-ginebra\/#primaryimage\"},\"thumbnailUrl\":\"https:\/\/www.pressenza.com\/wp-content\/uploads\/2017\/12\/3F5420A4-8937-4D28-8804-7634298491F1.jpeg\",\"keywords\":[\"Jeremy Corbyn\",\"RU\"],\"articleSection\":[\"Derechos Humanos\",\"Ecolog\u00eda y Medio Ambiente\",\"Europa\",\"Paz y Desarme\"],\"inLanguage\":\"es\"},{\"@type\":\"WebPage\",\"@id\":\"https:\/\/www.pressenza.com\/es\/2017\/12\/discurso-de-jeremy-corbyn-en-la-sede-de-la-onu-en-ginebra\/\",\"url\":\"https:\/\/www.pressenza.com\/es\/2017\/12\/discurso-de-jeremy-corbyn-en-la-sede-de-la-onu-en-ginebra\/\",\"name\":\"Discurso de Jeremy Corbyn en la sede de la ONU en Ginebra\",\"isPartOf\":{\"@id\":\"https:\/\/www.pressenza.com\/es\/#website\"},\"primaryImageOfPage\":{\"@id\":\"https:\/\/www.pressenza.com\/es\/2017\/12\/discurso-de-jeremy-corbyn-en-la-sede-de-la-onu-en-ginebra\/#primaryimage\"},\"image\":{\"@id\":\"https:\/\/www.pressenza.com\/es\/2017\/12\/discurso-de-jeremy-corbyn-en-la-sede-de-la-onu-en-ginebra\/#primaryimage\"},\"thumbnailUrl\":\"https:\/\/www.pressenza.com\/wp-content\/uploads\/2017\/12\/3F5420A4-8937-4D28-8804-7634298491F1.jpeg\",\"datePublished\":\"2017-12-10T17:58:45+00:00\",\"description\":\"Derechos humanos, desigualdad, para\u00edsos fiscales, militarismo, cambio clim\u00e1tico. Un llamado para un mundo mejor por parte del l\u00edder del Partido Laborista\",\"breadcrumb\":{\"@id\":\"https:\/\/www.pressenza.com\/es\/2017\/12\/discurso-de-jeremy-corbyn-en-la-sede-de-la-onu-en-ginebra\/#breadcrumb\"},\"inLanguage\":\"es\",\"potentialAction\":[{\"@type\":\"ReadAction\",\"target\":[\"https:\/\/www.pressenza.com\/es\/2017\/12\/discurso-de-jeremy-corbyn-en-la-sede-de-la-onu-en-ginebra\/\"]}]},{\"@type\":\"ImageObject\",\"inLanguage\":\"es\",\"@id\":\"https:\/\/www.pressenza.com\/es\/2017\/12\/discurso-de-jeremy-corbyn-en-la-sede-de-la-onu-en-ginebra\/#primaryimage\",\"url\":\"https:\/\/www.pressenza.com\/wp-content\/uploads\/2017\/12\/3F5420A4-8937-4D28-8804-7634298491F1.jpeg\",\"contentUrl\":\"https:\/\/www.pressenza.com\/wp-content\/uploads\/2017\/12\/3F5420A4-8937-4D28-8804-7634298491F1.jpeg\",\"width\":1769,\"height\":1064},{\"@type\":\"BreadcrumbList\",\"@id\":\"https:\/\/www.pressenza.com\/es\/2017\/12\/discurso-de-jeremy-corbyn-en-la-sede-de-la-onu-en-ginebra\/#breadcrumb\",\"itemListElement\":[{\"@type\":\"ListItem\",\"position\":1,\"name\":\"Accueil\",\"item\":\"https:\/\/www.pressenza.com\/es\/\"},{\"@type\":\"ListItem\",\"position\":2,\"name\":\"Discurso de Jeremy Corbyn en la sede de la ONU en Ginebra\"}]},{\"@type\":\"WebSite\",\"@id\":\"https:\/\/www.pressenza.com\/es\/#website\",\"url\":\"https:\/\/www.pressenza.com\/es\/\",\"name\":\"Pressenza\",\"description\":\"International Press Agency\",\"publisher\":{\"@id\":\"https:\/\/www.pressenza.com\/es\/#organization\"},\"potentialAction\":[{\"@type\":\"SearchAction\",\"target\":{\"@type\":\"EntryPoint\",\"urlTemplate\":\"https:\/\/www.pressenza.com\/es\/?s={search_term_string}\"},\"query-input\":{\"@type\":\"PropertyValueSpecification\",\"valueRequired\":true,\"valueName\":\"search_term_string\"}}],\"inLanguage\":\"es\"},{\"@type\":\"Organization\",\"@id\":\"https:\/\/www.pressenza.com\/es\/#organization\",\"name\":\"Pressenza\",\"url\":\"https:\/\/www.pressenza.com\/es\/\",\"logo\":{\"@type\":\"ImageObject\",\"inLanguage\":\"es\",\"@id\":\"https:\/\/www.pressenza.com\/es\/#\/schema\/logo\/image\/\",\"url\":\"https:\/\/www.pressenza.com\/wp-content\/uploads\/2022\/10\/pressenza_logo_200x200.jpg\",\"contentUrl\":\"https:\/\/www.pressenza.com\/wp-content\/uploads\/2022\/10\/pressenza_logo_200x200.jpg\",\"width\":200,\"height\":200,\"caption\":\"Pressenza\"},\"image\":{\"@id\":\"https:\/\/www.pressenza.com\/es\/#\/schema\/logo\/image\/\"},\"sameAs\":[\"https:\/\/www.facebook.com\/PressenzaItalia\",\"https:\/\/x.com\/PressenzaIPA\"]},{\"@type\":\"Person\",\"@id\":\"https:\/\/www.pressenza.com\/es\/#\/schema\/person\/17c976cc856ec7e8e3f8cdd1a45eb1b0\",\"name\":\"Pressenza London\",\"description\":\"News published by the Pressenza Bureau in London, United Kingdom\",\"sameAs\":[\"https:\/\/www.facebook.com\/PressenzaEnglish\/\",\"https:\/\/x.com\/PressenzaIPA\"],\"url\":\"https:\/\/www.pressenza.com\/es\/author\/pressenza-london\/\"}]}<\/script>\n<!-- \/ Yoast SEO plugin. -->","yoast_head_json":{"title":"Discurso de Jeremy Corbyn en la sede de la ONU en Ginebra","description":"Derechos humanos, desigualdad, para\u00edsos fiscales, militarismo, cambio clim\u00e1tico. Un llamado para un mundo mejor por parte del l\u00edder del Partido Laborista","robots":{"index":"index","follow":"follow","max-snippet":"max-snippet:-1","max-image-preview":"max-image-preview:large","max-video-preview":"max-video-preview:-1"},"canonical":"https:\/\/www.pressenza.com\/es\/2017\/12\/discurso-de-jeremy-corbyn-en-la-sede-de-la-onu-en-ginebra\/","og_locale":"es_ES","og_type":"article","og_title":"Discurso de Jeremy Corbyn en la sede de la ONU en Ginebra","og_description":"Derechos humanos, desigualdad, para\u00edsos fiscales, militarismo, cambio clim\u00e1tico. Un llamado para un mundo mejor por parte del l\u00edder del Partido Laborista","og_url":"https:\/\/www.pressenza.com\/es\/2017\/12\/discurso-de-jeremy-corbyn-en-la-sede-de-la-onu-en-ginebra\/","og_site_name":"Pressenza","article_publisher":"https:\/\/www.facebook.com\/PressenzaItalia","article_author":"https:\/\/www.facebook.com\/PressenzaEnglish\/","article_published_time":"2017-12-10T17:58:45+00:00","og_image":[{"width":1769,"height":1064,"url":"https:\/\/www.pressenza.com\/wp-content\/uploads\/2017\/12\/3F5420A4-8937-4D28-8804-7634298491F1.jpeg","type":"image\/jpeg"}],"author":"Pressenza London","twitter_card":"summary_large_image","twitter_creator":"@PressenzaIPA","twitter_site":"@PressenzaIPA","twitter_misc":{"Escrito por":"Pressenza London","Tiempo de lectura":"22 minutos"},"schema":{"@context":"https:\/\/schema.org","@graph":[{"@type":"Article","@id":"https:\/\/www.pressenza.com\/es\/2017\/12\/discurso-de-jeremy-corbyn-en-la-sede-de-la-onu-en-ginebra\/#article","isPartOf":{"@id":"https:\/\/www.pressenza.com\/es\/2017\/12\/discurso-de-jeremy-corbyn-en-la-sede-de-la-onu-en-ginebra\/"},"author":{"name":"Pressenza London","@id":"https:\/\/www.pressenza.com\/es\/#\/schema\/person\/17c976cc856ec7e8e3f8cdd1a45eb1b0"},"headline":"Discurso de Jeremy Corbyn en la sede de la ONU en Ginebra","datePublished":"2017-12-10T17:58:45+00:00","mainEntityOfPage":{"@id":"https:\/\/www.pressenza.com\/es\/2017\/12\/discurso-de-jeremy-corbyn-en-la-sede-de-la-onu-en-ginebra\/"},"wordCount":4469,"publisher":{"@id":"https:\/\/www.pressenza.com\/es\/#organization"},"image":{"@id":"https:\/\/www.pressenza.com\/es\/2017\/12\/discurso-de-jeremy-corbyn-en-la-sede-de-la-onu-en-ginebra\/#primaryimage"},"thumbnailUrl":"https:\/\/www.pressenza.com\/wp-content\/uploads\/2017\/12\/3F5420A4-8937-4D28-8804-7634298491F1.jpeg","keywords":["Jeremy Corbyn","RU"],"articleSection":["Derechos Humanos","Ecolog\u00eda y Medio Ambiente","Europa","Paz y Desarme"],"inLanguage":"es"},{"@type":"WebPage","@id":"https:\/\/www.pressenza.com\/es\/2017\/12\/discurso-de-jeremy-corbyn-en-la-sede-de-la-onu-en-ginebra\/","url":"https:\/\/www.pressenza.com\/es\/2017\/12\/discurso-de-jeremy-corbyn-en-la-sede-de-la-onu-en-ginebra\/","name":"Discurso de Jeremy Corbyn en la sede de la ONU en Ginebra","isPartOf":{"@id":"https:\/\/www.pressenza.com\/es\/#website"},"primaryImageOfPage":{"@id":"https:\/\/www.pressenza.com\/es\/2017\/12\/discurso-de-jeremy-corbyn-en-la-sede-de-la-onu-en-ginebra\/#primaryimage"},"image":{"@id":"https:\/\/www.pressenza.com\/es\/2017\/12\/discurso-de-jeremy-corbyn-en-la-sede-de-la-onu-en-ginebra\/#primaryimage"},"thumbnailUrl":"https:\/\/www.pressenza.com\/wp-content\/uploads\/2017\/12\/3F5420A4-8937-4D28-8804-7634298491F1.jpeg","datePublished":"2017-12-10T17:58:45+00:00","description":"Derechos humanos, desigualdad, para\u00edsos fiscales, militarismo, cambio clim\u00e1tico. Un llamado para un mundo mejor por parte del l\u00edder del Partido Laborista","breadcrumb":{"@id":"https:\/\/www.pressenza.com\/es\/2017\/12\/discurso-de-jeremy-corbyn-en-la-sede-de-la-onu-en-ginebra\/#breadcrumb"},"inLanguage":"es","potentialAction":[{"@type":"ReadAction","target":["https:\/\/www.pressenza.com\/es\/2017\/12\/discurso-de-jeremy-corbyn-en-la-sede-de-la-onu-en-ginebra\/"]}]},{"@type":"ImageObject","inLanguage":"es","@id":"https:\/\/www.pressenza.com\/es\/2017\/12\/discurso-de-jeremy-corbyn-en-la-sede-de-la-onu-en-ginebra\/#primaryimage","url":"https:\/\/www.pressenza.com\/wp-content\/uploads\/2017\/12\/3F5420A4-8937-4D28-8804-7634298491F1.jpeg","contentUrl":"https:\/\/www.pressenza.com\/wp-content\/uploads\/2017\/12\/3F5420A4-8937-4D28-8804-7634298491F1.jpeg","width":1769,"height":1064},{"@type":"BreadcrumbList","@id":"https:\/\/www.pressenza.com\/es\/2017\/12\/discurso-de-jeremy-corbyn-en-la-sede-de-la-onu-en-ginebra\/#breadcrumb","itemListElement":[{"@type":"ListItem","position":1,"name":"Accueil","item":"https:\/\/www.pressenza.com\/es\/"},{"@type":"ListItem","position":2,"name":"Discurso de Jeremy Corbyn en la sede de la ONU en Ginebra"}]},{"@type":"WebSite","@id":"https:\/\/www.pressenza.com\/es\/#website","url":"https:\/\/www.pressenza.com\/es\/","name":"Pressenza","description":"International Press Agency","publisher":{"@id":"https:\/\/www.pressenza.com\/es\/#organization"},"potentialAction":[{"@type":"SearchAction","target":{"@type":"EntryPoint","urlTemplate":"https:\/\/www.pressenza.com\/es\/?s={search_term_string}"},"query-input":{"@type":"PropertyValueSpecification","valueRequired":true,"valueName":"search_term_string"}}],"inLanguage":"es"},{"@type":"Organization","@id":"https:\/\/www.pressenza.com\/es\/#organization","name":"Pressenza","url":"https:\/\/www.pressenza.com\/es\/","logo":{"@type":"ImageObject","inLanguage":"es","@id":"https:\/\/www.pressenza.com\/es\/#\/schema\/logo\/image\/","url":"https:\/\/www.pressenza.com\/wp-content\/uploads\/2022\/10\/pressenza_logo_200x200.jpg","contentUrl":"https:\/\/www.pressenza.com\/wp-content\/uploads\/2022\/10\/pressenza_logo_200x200.jpg","width":200,"height":200,"caption":"Pressenza"},"image":{"@id":"https:\/\/www.pressenza.com\/es\/#\/schema\/logo\/image\/"},"sameAs":["https:\/\/www.facebook.com\/PressenzaItalia","https:\/\/x.com\/PressenzaIPA"]},{"@type":"Person","@id":"https:\/\/www.pressenza.com\/es\/#\/schema\/person\/17c976cc856ec7e8e3f8cdd1a45eb1b0","name":"Pressenza London","description":"News published by the Pressenza Bureau in London, United Kingdom","sameAs":["https:\/\/www.facebook.com\/PressenzaEnglish\/","https:\/\/x.com\/PressenzaIPA"],"url":"https:\/\/www.pressenza.com\/es\/author\/pressenza-london\/"}]}},"place":"","original_article_url":"","_links":{"self":[{"href":"https:\/\/www.pressenza.com\/es\/wp-json\/wp\/v2\/posts\/569650","targetHints":{"allow":["GET"]}}],"collection":[{"href":"https:\/\/www.pressenza.com\/es\/wp-json\/wp\/v2\/posts"}],"about":[{"href":"https:\/\/www.pressenza.com\/es\/wp-json\/wp\/v2\/types\/post"}],"author":[{"embeddable":true,"href":"https:\/\/www.pressenza.com\/es\/wp-json\/wp\/v2\/users\/1013"}],"replies":[{"embeddable":true,"href":"https:\/\/www.pressenza.com\/es\/wp-json\/wp\/v2\/comments?post=569650"}],"version-history":[{"count":0,"href":"https:\/\/www.pressenza.com\/es\/wp-json\/wp\/v2\/posts\/569650\/revisions"}],"wp:featuredmedia":[{"embeddable":true,"href":"https:\/\/www.pressenza.com\/es\/wp-json\/wp\/v2\/media\/569132"}],"wp:attachment":[{"href":"https:\/\/www.pressenza.com\/es\/wp-json\/wp\/v2\/media?parent=569650"}],"wp:term":[{"taxonomy":"category","embeddable":true,"href":"https:\/\/www.pressenza.com\/es\/wp-json\/wp\/v2\/categories?post=569650"},{"taxonomy":"post_tag","embeddable":true,"href":"https:\/\/www.pressenza.com\/es\/wp-json\/wp\/v2\/tags?post=569650"}],"curies":[{"name":"wp","href":"https:\/\/api.w.org\/{rel}","templated":true}]}}