{"id":568872,"date":"2017-12-08T21:10:45","date_gmt":"2017-12-08T21:10:45","guid":{"rendered":"https:\/\/www.pressenza.com\/?p=568872\/"},"modified":"2017-12-08T21:10:45","modified_gmt":"2017-12-08T21:10:45","slug":"felix-gonzalez-diputado-electo-del-frente-amplio-partido-ecologista-verde-facil-verdes-cuando-no-se-tocan-intereses-economicos","status":"publish","type":"post","link":"https:\/\/www.pressenza.com\/es\/2017\/12\/felix-gonzalez-diputado-electo-del-frente-amplio-partido-ecologista-verde-facil-verdes-cuando-no-se-tocan-intereses-economicos\/","title":{"rendered":"F\u00e9lix Gonz\u00e1lez, Diputado electo del Frente Amplio por el Partido Ecologista Verde: \u201cEs muy f\u00e1cil ser verdes cuando no se tocan intereses econ\u00f3micos\u201d"},"content":{"rendered":"<p>En entrevista concedida a Radio Universidad de Chile y publicada por diversos medios aliados como El Ciudadano, el Diputado reci\u00e9n electo por el Frente Amplio, F\u00e9lix Gonz\u00e1lez, coment\u00f3 el reconocimiento que otorgara esta semana la ONU Medio Ambiente a la presidenta Michelle Bachelet por su labor en la defensa de las \u00e1reas marinas protegidas y el impulso de las energ\u00edas renovables, convirti\u00e9ndose as\u00ed en la primera mujer y Jefa de Estado en recibir este premio.<br \/>\nSin embargo, este \u201cpremio\u201d contrasta con la delicada situaci\u00f3n que vive nuestro pa\u00eds en t\u00e9rminos de conflictos socio-ambientales. El funcionamiento de termoel\u00e9ctricas, construcciones de puertos gas\u00edferos, la instalaci\u00f3n de una carretera de torres de alta tensi\u00f3n, la autorizaci\u00f3n de proyectos de centrales hidroel\u00e9ctricas de paso de forma fragmentada y regiones en sequ\u00eda, con un c\u00f3digo de aguas que privilegia la propiedad privada.<\/p>\n<p>A ello se suma la existencia de varias comunidades en zonas de sacrificio, como Tocopilla y Mejillones en la Regi\u00f3n de Antofagasta, Huasco en la Regi\u00f3n de Atacama, Puchuncav\u00ed \u2013 Quintero en la Regi\u00f3n de Valpara\u00edso y Coronel en la Regi\u00f3n del B\u00edo B\u00edo. Todas, han levantado la voz para pedir que no se contin\u00faen autorizando proyectos industriales en estas localidades, donde las condiciones de vida son cada vez m\u00e1s complejas por la creciente cantidad de enfermedades que padecen ni\u00f1os y adultos mayores debido a la alta contaminaci\u00f3n.<\/p>\n<p>El presidente del Partido Ecologista Verde y diputado electo F\u00e9lix Gonz\u00e1lez dice que: \u201ccuando Bachelet va a la ONU y en el panel de cambio clim\u00e1tico ofrece como compromiso de Chile eliminar las bolsas pl\u00e1sticas de los sectores costeros, es que no ha entendido lo que es el cambio clim\u00e1tico. Lo l\u00f3gico es que se comprometiera, y es lo que le hemos pedido siempre, a no construir m\u00e1s termoel\u00e9ctricas a carb\u00f3n, ya que en sus periodos fueron construidas m\u00e1s de cuarenta. Deber\u00eda pensar en desmantelarlas de manera de no estar emitiendo gases de efecto invernadero, porque de eso se trata el cambio clim\u00e1tico, no de las bolsas. Entonces, es muy f\u00e1cil ser verdes cuando no se tocan intereses econ\u00f3micos, pero cuando s\u00ed se tocan, como el caso de las termoel\u00e9ctricas, ah\u00ed nos quedamos los ecologistas de verdad defendiendo el medio ambiente\u201d, se\u00f1ala Gonz\u00e1lez.<\/p>\n<p>El avanzar a econom\u00edas circulares en las que los desechos sean cada vez menos, parece ser una mejor estrategia que acopiar basura en vertederos. As\u00ed lo expone Gonzalez cuando explica que \u201cel pa\u00eds debe avanzar hacia pol\u00edticas de basura cero y entender que el desecho es una anomal\u00eda desde el punto de vista ambiental y econ\u00f3mico, por lo que hay que avanzar hacia econom\u00edas circulares donde se eliminen todas las formas de desecho, para que lo que sale del proceso productivo, sea reintroducido a trav\u00e9s del reciclaje\u201d.<\/p>\n<p><strong>Institucionalidad medioambiental y comunidades<\/strong><\/p>\n<p>En discusiones como Dominga, GNL Penco Lirqu\u00e9n o el proyecto de Sistema de Transmisi\u00f3n Adicional de Los R\u00edos, en el que la comunidad entreg\u00f3 m\u00e1s de tres mil observaciones al Servicio de Evaluaci\u00f3n Ambiental, la posici\u00f3n de las comunidades ha sido siempre tomada como un insumo, pero no relevada al espacio de horizontalidad con que deber\u00eda ser considerada. Esta ha sido una de las constantes cr\u00edticas en los diferentes casos de conflicto socio ambiental donde las personas que habitan el territorio defienden su derecho a seguir viviendo libre de contaminaci\u00f3n.<\/p>\n<p>En este sentido, el abogado Luis Mariano Rend\u00f3n dice que \u201clas comunidades deben ser las primeras llamadas a defender su territorio y deben ser o\u00eddas en un cierto plano de igualdad respecto de quienes proponen los proyectos de intervenci\u00f3n. Eso no ocurre. Las comunidades no tienen la asesor\u00eda necesaria para enfrentarse al an\u00e1lisis de un estudio de impacto ambiental, entonces ah\u00ed hay una desigualdad de trato, sin embargo, yo creo que las observaciones de las comunidades deben ser respondidas y tratadas adecuadamente, pero no deben ser vinculantes. En esto, voy en contra de la idea com\u00fan que se puede haber instalado en este tema\u201d.<\/p>\n<p>El jurista declara esto \u00faltimo porque considera que \u201clas comunidades a veces pueden ser las defensoras de su territorio, pero a veces pueden oponerse a proyectos de inter\u00e9s ambiental sencillamente, porque no quieren tener una molestia cerca, por ejemplo: la oposici\u00f3n a plantas e\u00f3licas o plantas solares, que son necesarias para nuestro pa\u00eds porque hay que cambiar la matriz energ\u00e9tica\u201d.<\/p>\n<p>\u201cLo que falta en este punto es traspasar el poder de decisi\u00f3n en materia ambiental, a las instancias descentralizadas del pa\u00eds en las regiones, ya que las decisiones que toma la Comisi\u00f3n de Evaluaci\u00f3n Ambiental lo hace con funcionarios que son dependientes de la presidencia de la rep\u00fablica: los seremi e intendentes. Esto deber\u00eda pasar por los gobiernos regionales, que hoy son elegidos de forma directa por la ciudadan\u00eda y que en esa instancia pol\u00edtica descentralizada se tomen las decisiones de los proyectos que van a afectar el territorio. Es muy diferente que \u00e9stas sean tomadas por autoridades que tienen que responder al presidente de la rep\u00fablica\u201d, finaliza el abogado.<\/p>\n","protected":false},"excerpt":{"rendered":"<p>En entrevista concedida a Radio Universidad de Chile y publicada por diversos medios aliados como El Ciudadano, el Diputado reci\u00e9n electo por el Frente Amplio, F\u00e9lix Gonz\u00e1lez, coment\u00f3 el reconocimiento que otorgara esta semana la ONU Medio Ambiente a la&hellip;<\/p>\n","protected":false},"author":43,"featured_media":568875,"comment_status":"closed","ping_status":"closed","sticky":false,"template":"","format":"standard","meta":{"footnotes":""},"categories":[11389,78,155,67],"tags":[42316,38213,8242,42317],"class_list":["post-568872","post","type-post","status-publish","format-standard","has-post-thumbnail","hentry","category-contenido-original","category-medio-ambiente-ecologia","category-entrevistas","category-sudamerica","tag-felix-gonzalez","tag-frente-amplio","tag-michelle-bachelet-es","tag-onu-medio-ambiente"],"yoast_head":"<!-- This site is optimized with the Yoast SEO plugin v27.1.1 - https:\/\/yoast.com\/product\/yoast-seo-wordpress\/ -->\n<title>F\u00e9lix Gonz\u00e1lez, Diputado electo del Frente Amplio por el Partido Ecologista Verde: \u201cEs muy f\u00e1cil ser verdes cuando no se tocan intereses econ\u00f3micos\u201d<\/title>\n<meta name=\"description\" content=\"En entrevista concedida a Radio Universidad de Chile y publicada por diversos medios aliados como El Ciudadano, el Diputado reci\u00e9n electo por el Frente\" \/>\n<meta name=\"robots\" content=\"index, follow, max-snippet:-1, max-image-preview:large, max-video-preview:-1\" \/>\n<link rel=\"canonical\" href=\"https:\/\/www.pressenza.com\/es\/2017\/12\/felix-gonzalez-diputado-electo-del-frente-amplio-partido-ecologista-verde-facil-verdes-cuando-no-se-tocan-intereses-economicos\/\" \/>\n<meta property=\"og:locale\" content=\"es_ES\" \/>\n<meta property=\"og:type\" content=\"article\" \/>\n<meta property=\"og:title\" content=\"F\u00e9lix Gonz\u00e1lez, Diputado electo del Frente Amplio por el Partido Ecologista Verde: \u201cEs muy f\u00e1cil ser verdes cuando no se tocan intereses econ\u00f3micos\u201d\" \/>\n<meta property=\"og:description\" content=\"En entrevista concedida a Radio Universidad de Chile y publicada por diversos medios aliados como El Ciudadano, el Diputado reci\u00e9n electo por el Frente\" \/>\n<meta property=\"og:url\" content=\"https:\/\/www.pressenza.com\/es\/2017\/12\/felix-gonzalez-diputado-electo-del-frente-amplio-partido-ecologista-verde-facil-verdes-cuando-no-se-tocan-intereses-economicos\/\" \/>\n<meta property=\"og:site_name\" content=\"Pressenza\" \/>\n<meta property=\"article:publisher\" content=\"https:\/\/www.facebook.com\/PressenzaItalia\" \/>\n<meta property=\"article:author\" content=\"https:\/\/www.facebook.com\/pressenza\" \/>\n<meta property=\"article:published_time\" content=\"2017-12-08T21:10:45+00:00\" \/>\n<meta property=\"og:image\" content=\"https:\/\/www.pressenza.com\/wp-content\/uploads\/2017\/12\/Felix-Gonzalez-ecologista-verde-678x330.jpg\" \/>\n\t<meta property=\"og:image:width\" content=\"678\" \/>\n\t<meta property=\"og:image:height\" content=\"330\" \/>\n\t<meta property=\"og:image:type\" content=\"image\/jpeg\" \/>\n<meta name=\"author\" content=\"Redacci\u00f3n Chile\" \/>\n<meta name=\"twitter:card\" content=\"summary_large_image\" \/>\n<meta name=\"twitter:creator\" content=\"@pressenza\" \/>\n<meta name=\"twitter:site\" content=\"@PressenzaIPA\" \/>\n<meta name=\"twitter:label1\" content=\"Escrito por\" \/>\n\t<meta name=\"twitter:data1\" content=\"Redacci\u00f3n Chile\" \/>\n\t<meta name=\"twitter:label2\" content=\"Tiempo de lectura\" \/>\n\t<meta name=\"twitter:data2\" content=\"5 minutos\" \/>\n<script type=\"application\/ld+json\" class=\"yoast-schema-graph\">{\"@context\":\"https:\/\/schema.org\",\"@graph\":[{\"@type\":\"Article\",\"@id\":\"https:\/\/www.pressenza.com\/es\/2017\/12\/felix-gonzalez-diputado-electo-del-frente-amplio-partido-ecologista-verde-facil-verdes-cuando-no-se-tocan-intereses-economicos\/#article\",\"isPartOf\":{\"@id\":\"https:\/\/www.pressenza.com\/es\/2017\/12\/felix-gonzalez-diputado-electo-del-frente-amplio-partido-ecologista-verde-facil-verdes-cuando-no-se-tocan-intereses-economicos\/\"},\"author\":{\"name\":\"Redacci\u00f3n Chile\",\"@id\":\"https:\/\/www.pressenza.com\/es\/#\/schema\/person\/d7db40df35d6698ba69ba9ee260944ed\"},\"headline\":\"F\u00e9lix Gonz\u00e1lez, Diputado electo del Frente Amplio por el Partido Ecologista Verde: \u201cEs muy f\u00e1cil ser verdes cuando no se tocan intereses econ\u00f3micos\u201d\",\"datePublished\":\"2017-12-08T21:10:45+00:00\",\"mainEntityOfPage\":{\"@id\":\"https:\/\/www.pressenza.com\/es\/2017\/12\/felix-gonzalez-diputado-electo-del-frente-amplio-partido-ecologista-verde-facil-verdes-cuando-no-se-tocan-intereses-economicos\/\"},\"wordCount\":929,\"publisher\":{\"@id\":\"https:\/\/www.pressenza.com\/es\/#organization\"},\"image\":{\"@id\":\"https:\/\/www.pressenza.com\/es\/2017\/12\/felix-gonzalez-diputado-electo-del-frente-amplio-partido-ecologista-verde-facil-verdes-cuando-no-se-tocan-intereses-economicos\/#primaryimage\"},\"thumbnailUrl\":\"https:\/\/www.pressenza.com\/wp-content\/uploads\/2017\/12\/Felix-Gonzalez-ecologista-verde-678x330.jpg\",\"keywords\":[\"F\u00e9lix Gonz\u00e1lez\",\"Frente Amplio\",\"Michelle Bachelet\",\"ONU Medio Ambiente\"],\"articleSection\":[\"Contenido Original\",\"Ecolog\u00eda y Medio Ambiente\",\"Entrevistas\",\"Sudam\u00e9rica\"],\"inLanguage\":\"es\"},{\"@type\":\"WebPage\",\"@id\":\"https:\/\/www.pressenza.com\/es\/2017\/12\/felix-gonzalez-diputado-electo-del-frente-amplio-partido-ecologista-verde-facil-verdes-cuando-no-se-tocan-intereses-economicos\/\",\"url\":\"https:\/\/www.pressenza.com\/es\/2017\/12\/felix-gonzalez-diputado-electo-del-frente-amplio-partido-ecologista-verde-facil-verdes-cuando-no-se-tocan-intereses-economicos\/\",\"name\":\"F\u00e9lix Gonz\u00e1lez, Diputado electo del Frente Amplio por el Partido Ecologista Verde: \u201cEs muy f\u00e1cil ser verdes cuando no se tocan intereses econ\u00f3micos\u201d\",\"isPartOf\":{\"@id\":\"https:\/\/www.pressenza.com\/es\/#website\"},\"primaryImageOfPage\":{\"@id\":\"https:\/\/www.pressenza.com\/es\/2017\/12\/felix-gonzalez-diputado-electo-del-frente-amplio-partido-ecologista-verde-facil-verdes-cuando-no-se-tocan-intereses-economicos\/#primaryimage\"},\"image\":{\"@id\":\"https:\/\/www.pressenza.com\/es\/2017\/12\/felix-gonzalez-diputado-electo-del-frente-amplio-partido-ecologista-verde-facil-verdes-cuando-no-se-tocan-intereses-economicos\/#primaryimage\"},\"thumbnailUrl\":\"https:\/\/www.pressenza.com\/wp-content\/uploads\/2017\/12\/Felix-Gonzalez-ecologista-verde-678x330.jpg\",\"datePublished\":\"2017-12-08T21:10:45+00:00\",\"description\":\"En entrevista concedida a Radio Universidad de Chile y publicada por diversos medios aliados como El Ciudadano, el Diputado reci\u00e9n electo por el Frente\",\"breadcrumb\":{\"@id\":\"https:\/\/www.pressenza.com\/es\/2017\/12\/felix-gonzalez-diputado-electo-del-frente-amplio-partido-ecologista-verde-facil-verdes-cuando-no-se-tocan-intereses-economicos\/#breadcrumb\"},\"inLanguage\":\"es\",\"potentialAction\":[{\"@type\":\"ReadAction\",\"target\":[\"https:\/\/www.pressenza.com\/es\/2017\/12\/felix-gonzalez-diputado-electo-del-frente-amplio-partido-ecologista-verde-facil-verdes-cuando-no-se-tocan-intereses-economicos\/\"]}]},{\"@type\":\"ImageObject\",\"inLanguage\":\"es\",\"@id\":\"https:\/\/www.pressenza.com\/es\/2017\/12\/felix-gonzalez-diputado-electo-del-frente-amplio-partido-ecologista-verde-facil-verdes-cuando-no-se-tocan-intereses-economicos\/#primaryimage\",\"url\":\"https:\/\/www.pressenza.com\/wp-content\/uploads\/2017\/12\/Felix-Gonzalez-ecologista-verde-678x330.jpg\",\"contentUrl\":\"https:\/\/www.pressenza.com\/wp-content\/uploads\/2017\/12\/Felix-Gonzalez-ecologista-verde-678x330.jpg\",\"width\":678,\"height\":330},{\"@type\":\"BreadcrumbList\",\"@id\":\"https:\/\/www.pressenza.com\/es\/2017\/12\/felix-gonzalez-diputado-electo-del-frente-amplio-partido-ecologista-verde-facil-verdes-cuando-no-se-tocan-intereses-economicos\/#breadcrumb\",\"itemListElement\":[{\"@type\":\"ListItem\",\"position\":1,\"name\":\"Accueil\",\"item\":\"https:\/\/www.pressenza.com\/es\/\"},{\"@type\":\"ListItem\",\"position\":2,\"name\":\"F\u00e9lix Gonz\u00e1lez, Diputado electo del Frente Amplio por el Partido Ecologista Verde: \u201cEs muy f\u00e1cil ser verdes cuando no se tocan intereses econ\u00f3micos\u201d\"}]},{\"@type\":\"WebSite\",\"@id\":\"https:\/\/www.pressenza.com\/es\/#website\",\"url\":\"https:\/\/www.pressenza.com\/es\/\",\"name\":\"Pressenza\",\"description\":\"International Press Agency\",\"publisher\":{\"@id\":\"https:\/\/www.pressenza.com\/es\/#organization\"},\"potentialAction\":[{\"@type\":\"SearchAction\",\"target\":{\"@type\":\"EntryPoint\",\"urlTemplate\":\"https:\/\/www.pressenza.com\/es\/?s={search_term_string}\"},\"query-input\":{\"@type\":\"PropertyValueSpecification\",\"valueRequired\":true,\"valueName\":\"search_term_string\"}}],\"inLanguage\":\"es\"},{\"@type\":\"Organization\",\"@id\":\"https:\/\/www.pressenza.com\/es\/#organization\",\"name\":\"Pressenza\",\"url\":\"https:\/\/www.pressenza.com\/es\/\",\"logo\":{\"@type\":\"ImageObject\",\"inLanguage\":\"es\",\"@id\":\"https:\/\/www.pressenza.com\/es\/#\/schema\/logo\/image\/\",\"url\":\"https:\/\/www.pressenza.com\/wp-content\/uploads\/2022\/10\/pressenza_logo_200x200.jpg\",\"contentUrl\":\"https:\/\/www.pressenza.com\/wp-content\/uploads\/2022\/10\/pressenza_logo_200x200.jpg\",\"width\":200,\"height\":200,\"caption\":\"Pressenza\"},\"image\":{\"@id\":\"https:\/\/www.pressenza.com\/es\/#\/schema\/logo\/image\/\"},\"sameAs\":[\"https:\/\/www.facebook.com\/PressenzaItalia\",\"https:\/\/x.com\/PressenzaIPA\"]},{\"@type\":\"Person\",\"@id\":\"https:\/\/www.pressenza.com\/es\/#\/schema\/person\/d7db40df35d6698ba69ba9ee260944ed\",\"name\":\"Redacci\u00f3n Chile\",\"description\":\"News from the Pressenza Bureau in Chile\",\"sameAs\":[\"https:\/\/www.facebook.com\/pressenza\",\"https:\/\/x.com\/pressenza\"],\"url\":\"https:\/\/www.pressenza.com\/es\/author\/redaccion-chile\/\"}]}<\/script>\n<!-- \/ Yoast SEO plugin. -->","yoast_head_json":{"title":"F\u00e9lix Gonz\u00e1lez, Diputado electo del Frente Amplio por el Partido Ecologista Verde: \u201cEs muy f\u00e1cil ser verdes cuando no se tocan intereses econ\u00f3micos\u201d","description":"En entrevista concedida a Radio Universidad de Chile y publicada por diversos medios aliados como El Ciudadano, el Diputado reci\u00e9n electo por el Frente","robots":{"index":"index","follow":"follow","max-snippet":"max-snippet:-1","max-image-preview":"max-image-preview:large","max-video-preview":"max-video-preview:-1"},"canonical":"https:\/\/www.pressenza.com\/es\/2017\/12\/felix-gonzalez-diputado-electo-del-frente-amplio-partido-ecologista-verde-facil-verdes-cuando-no-se-tocan-intereses-economicos\/","og_locale":"es_ES","og_type":"article","og_title":"F\u00e9lix Gonz\u00e1lez, Diputado electo del Frente Amplio por el Partido Ecologista Verde: \u201cEs muy f\u00e1cil ser verdes cuando no se tocan intereses econ\u00f3micos\u201d","og_description":"En entrevista concedida a Radio Universidad de Chile y publicada por diversos medios aliados como El Ciudadano, el Diputado reci\u00e9n electo por el Frente","og_url":"https:\/\/www.pressenza.com\/es\/2017\/12\/felix-gonzalez-diputado-electo-del-frente-amplio-partido-ecologista-verde-facil-verdes-cuando-no-se-tocan-intereses-economicos\/","og_site_name":"Pressenza","article_publisher":"https:\/\/www.facebook.com\/PressenzaItalia","article_author":"https:\/\/www.facebook.com\/pressenza","article_published_time":"2017-12-08T21:10:45+00:00","og_image":[{"width":678,"height":330,"url":"https:\/\/www.pressenza.com\/wp-content\/uploads\/2017\/12\/Felix-Gonzalez-ecologista-verde-678x330.jpg","type":"image\/jpeg"}],"author":"Redacci\u00f3n Chile","twitter_card":"summary_large_image","twitter_creator":"@pressenza","twitter_site":"@PressenzaIPA","twitter_misc":{"Escrito por":"Redacci\u00f3n Chile","Tiempo de lectura":"5 minutos"},"schema":{"@context":"https:\/\/schema.org","@graph":[{"@type":"Article","@id":"https:\/\/www.pressenza.com\/es\/2017\/12\/felix-gonzalez-diputado-electo-del-frente-amplio-partido-ecologista-verde-facil-verdes-cuando-no-se-tocan-intereses-economicos\/#article","isPartOf":{"@id":"https:\/\/www.pressenza.com\/es\/2017\/12\/felix-gonzalez-diputado-electo-del-frente-amplio-partido-ecologista-verde-facil-verdes-cuando-no-se-tocan-intereses-economicos\/"},"author":{"name":"Redacci\u00f3n Chile","@id":"https:\/\/www.pressenza.com\/es\/#\/schema\/person\/d7db40df35d6698ba69ba9ee260944ed"},"headline":"F\u00e9lix Gonz\u00e1lez, Diputado electo del Frente Amplio por el Partido Ecologista Verde: \u201cEs muy f\u00e1cil ser verdes cuando no se tocan intereses econ\u00f3micos\u201d","datePublished":"2017-12-08T21:10:45+00:00","mainEntityOfPage":{"@id":"https:\/\/www.pressenza.com\/es\/2017\/12\/felix-gonzalez-diputado-electo-del-frente-amplio-partido-ecologista-verde-facil-verdes-cuando-no-se-tocan-intereses-economicos\/"},"wordCount":929,"publisher":{"@id":"https:\/\/www.pressenza.com\/es\/#organization"},"image":{"@id":"https:\/\/www.pressenza.com\/es\/2017\/12\/felix-gonzalez-diputado-electo-del-frente-amplio-partido-ecologista-verde-facil-verdes-cuando-no-se-tocan-intereses-economicos\/#primaryimage"},"thumbnailUrl":"https:\/\/www.pressenza.com\/wp-content\/uploads\/2017\/12\/Felix-Gonzalez-ecologista-verde-678x330.jpg","keywords":["F\u00e9lix Gonz\u00e1lez","Frente Amplio","Michelle Bachelet","ONU Medio Ambiente"],"articleSection":["Contenido Original","Ecolog\u00eda y Medio Ambiente","Entrevistas","Sudam\u00e9rica"],"inLanguage":"es"},{"@type":"WebPage","@id":"https:\/\/www.pressenza.com\/es\/2017\/12\/felix-gonzalez-diputado-electo-del-frente-amplio-partido-ecologista-verde-facil-verdes-cuando-no-se-tocan-intereses-economicos\/","url":"https:\/\/www.pressenza.com\/es\/2017\/12\/felix-gonzalez-diputado-electo-del-frente-amplio-partido-ecologista-verde-facil-verdes-cuando-no-se-tocan-intereses-economicos\/","name":"F\u00e9lix Gonz\u00e1lez, Diputado electo del Frente Amplio por el Partido Ecologista Verde: \u201cEs muy f\u00e1cil ser verdes cuando no se tocan intereses econ\u00f3micos\u201d","isPartOf":{"@id":"https:\/\/www.pressenza.com\/es\/#website"},"primaryImageOfPage":{"@id":"https:\/\/www.pressenza.com\/es\/2017\/12\/felix-gonzalez-diputado-electo-del-frente-amplio-partido-ecologista-verde-facil-verdes-cuando-no-se-tocan-intereses-economicos\/#primaryimage"},"image":{"@id":"https:\/\/www.pressenza.com\/es\/2017\/12\/felix-gonzalez-diputado-electo-del-frente-amplio-partido-ecologista-verde-facil-verdes-cuando-no-se-tocan-intereses-economicos\/#primaryimage"},"thumbnailUrl":"https:\/\/www.pressenza.com\/wp-content\/uploads\/2017\/12\/Felix-Gonzalez-ecologista-verde-678x330.jpg","datePublished":"2017-12-08T21:10:45+00:00","description":"En entrevista concedida a Radio Universidad de Chile y publicada por diversos medios aliados como El Ciudadano, el Diputado reci\u00e9n electo por el Frente","breadcrumb":{"@id":"https:\/\/www.pressenza.com\/es\/2017\/12\/felix-gonzalez-diputado-electo-del-frente-amplio-partido-ecologista-verde-facil-verdes-cuando-no-se-tocan-intereses-economicos\/#breadcrumb"},"inLanguage":"es","potentialAction":[{"@type":"ReadAction","target":["https:\/\/www.pressenza.com\/es\/2017\/12\/felix-gonzalez-diputado-electo-del-frente-amplio-partido-ecologista-verde-facil-verdes-cuando-no-se-tocan-intereses-economicos\/"]}]},{"@type":"ImageObject","inLanguage":"es","@id":"https:\/\/www.pressenza.com\/es\/2017\/12\/felix-gonzalez-diputado-electo-del-frente-amplio-partido-ecologista-verde-facil-verdes-cuando-no-se-tocan-intereses-economicos\/#primaryimage","url":"https:\/\/www.pressenza.com\/wp-content\/uploads\/2017\/12\/Felix-Gonzalez-ecologista-verde-678x330.jpg","contentUrl":"https:\/\/www.pressenza.com\/wp-content\/uploads\/2017\/12\/Felix-Gonzalez-ecologista-verde-678x330.jpg","width":678,"height":330},{"@type":"BreadcrumbList","@id":"https:\/\/www.pressenza.com\/es\/2017\/12\/felix-gonzalez-diputado-electo-del-frente-amplio-partido-ecologista-verde-facil-verdes-cuando-no-se-tocan-intereses-economicos\/#breadcrumb","itemListElement":[{"@type":"ListItem","position":1,"name":"Accueil","item":"https:\/\/www.pressenza.com\/es\/"},{"@type":"ListItem","position":2,"name":"F\u00e9lix Gonz\u00e1lez, Diputado electo del Frente Amplio por el Partido Ecologista Verde: \u201cEs muy f\u00e1cil ser verdes cuando no se tocan intereses econ\u00f3micos\u201d"}]},{"@type":"WebSite","@id":"https:\/\/www.pressenza.com\/es\/#website","url":"https:\/\/www.pressenza.com\/es\/","name":"Pressenza","description":"International Press Agency","publisher":{"@id":"https:\/\/www.pressenza.com\/es\/#organization"},"potentialAction":[{"@type":"SearchAction","target":{"@type":"EntryPoint","urlTemplate":"https:\/\/www.pressenza.com\/es\/?s={search_term_string}"},"query-input":{"@type":"PropertyValueSpecification","valueRequired":true,"valueName":"search_term_string"}}],"inLanguage":"es"},{"@type":"Organization","@id":"https:\/\/www.pressenza.com\/es\/#organization","name":"Pressenza","url":"https:\/\/www.pressenza.com\/es\/","logo":{"@type":"ImageObject","inLanguage":"es","@id":"https:\/\/www.pressenza.com\/es\/#\/schema\/logo\/image\/","url":"https:\/\/www.pressenza.com\/wp-content\/uploads\/2022\/10\/pressenza_logo_200x200.jpg","contentUrl":"https:\/\/www.pressenza.com\/wp-content\/uploads\/2022\/10\/pressenza_logo_200x200.jpg","width":200,"height":200,"caption":"Pressenza"},"image":{"@id":"https:\/\/www.pressenza.com\/es\/#\/schema\/logo\/image\/"},"sameAs":["https:\/\/www.facebook.com\/PressenzaItalia","https:\/\/x.com\/PressenzaIPA"]},{"@type":"Person","@id":"https:\/\/www.pressenza.com\/es\/#\/schema\/person\/d7db40df35d6698ba69ba9ee260944ed","name":"Redacci\u00f3n Chile","description":"News from the Pressenza Bureau in Chile","sameAs":["https:\/\/www.facebook.com\/pressenza","https:\/\/x.com\/pressenza"],"url":"https:\/\/www.pressenza.com\/es\/author\/redaccion-chile\/"}]}},"place":"Santiago de Chile","original_article_url":"http:\/\/www.elciudadano.cl\/medio-ambiente\/felix-gonzalez-del-partido-ecologista-verde-y-reconocimiento-ambiental-a-bachelet-es-muy-facil-ser-verdes-cuando-no-se-tocan-intereses-economicos\/12\/08\/?#","_links":{"self":[{"href":"https:\/\/www.pressenza.com\/es\/wp-json\/wp\/v2\/posts\/568872","targetHints":{"allow":["GET"]}}],"collection":[{"href":"https:\/\/www.pressenza.com\/es\/wp-json\/wp\/v2\/posts"}],"about":[{"href":"https:\/\/www.pressenza.com\/es\/wp-json\/wp\/v2\/types\/post"}],"author":[{"embeddable":true,"href":"https:\/\/www.pressenza.com\/es\/wp-json\/wp\/v2\/users\/43"}],"replies":[{"embeddable":true,"href":"https:\/\/www.pressenza.com\/es\/wp-json\/wp\/v2\/comments?post=568872"}],"version-history":[{"count":0,"href":"https:\/\/www.pressenza.com\/es\/wp-json\/wp\/v2\/posts\/568872\/revisions"}],"wp:featuredmedia":[{"embeddable":true,"href":"https:\/\/www.pressenza.com\/es\/wp-json\/wp\/v2\/media\/568875"}],"wp:attachment":[{"href":"https:\/\/www.pressenza.com\/es\/wp-json\/wp\/v2\/media?parent=568872"}],"wp:term":[{"taxonomy":"category","embeddable":true,"href":"https:\/\/www.pressenza.com\/es\/wp-json\/wp\/v2\/categories?post=568872"},{"taxonomy":"post_tag","embeddable":true,"href":"https:\/\/www.pressenza.com\/es\/wp-json\/wp\/v2\/tags?post=568872"}],"curies":[{"name":"wp","href":"https:\/\/api.w.org\/{rel}","templated":true}]}}