{"id":567822,"date":"2017-12-07T01:08:45","date_gmt":"2017-12-07T01:08:45","guid":{"rendered":"https:\/\/www.pressenza.com\/?p=567822\/"},"modified":"2017-12-07T01:08:45","modified_gmt":"2017-12-07T01:08:45","slug":"dictador-te-metiste-con-la-generacion-equivocada-leonel-ayala-en-regional-y-popular-sobre-el-fraude-y-la-irrupcion-de-los-jovenes-contra-la-dictadura-en-honduras","status":"publish","type":"post","link":"https:\/\/www.pressenza.com\/es\/2017\/12\/dictador-te-metiste-con-la-generacion-equivocada-leonel-ayala-en-regional-y-popular-sobre-el-fraude-y-la-irrupcion-de-los-jovenes-contra-la-dictadura-en-honduras\/","title":{"rendered":"\u00abDictador, te metiste con la generaci\u00f3n equivocada\u00bb. Leonel Ayala en Regional y Popular sobre el fraude y la irrupci\u00f3n de los j\u00f3venes contra la dictadura en Honduras."},"content":{"rendered":"<p>El pueblo de Honduras, cansado de tanta pobreza, violencia y corrupci\u00f3n decidi\u00f3 volcarse en las elecciones del d\u00eda 26 de Noviembre por el candidato de la Alianza de Oposici\u00f3n contra la Dictadura Salvador Nasralla. Sin embargo, el gobierno se niega a reconocer el resultado e intenta imponer su voluntad fraguando una votaci\u00f3n favorable.<\/p>\n<p>El pueblo sali\u00f3 a las calles a repudiar el fraude, a pesar del toque de queda decretado por el gobierno y el ambiente represivo que suscit\u00f3 la medida.<\/p>\n<p>En un giro sorpresivo, un sector de la polic\u00eda se acuartel\u00f3, se declar\u00f3 en huelga de brazos ca\u00eddos y manifest\u00f3 p\u00fablicamente que no iba a reprimir las leg\u00edtimas protestas populares.<\/p>\n<p>Es una situaci\u00f3n in\u00e9dita para este pa\u00eds, se dieron incluso escenas de gran emotividad, polic\u00edas y manifestantes cantando y abraz\u00e1ndose en las calles.<\/p>\n<p>Decisiva es la actuaci\u00f3n de los j\u00f3venes, una nueva generaci\u00f3n que se comunica a trav\u00e9s de los medios digitales y no est\u00e1 dispuesta a avalar la reelecci\u00f3n\u00a0inconstitucional y un nuevo golpe de estado esta vez simulado con supuestos guarismos electorales.<\/p>\n<p>Regional y Popular, el programa semanal de Pressenza que emite Radio La Ranchada de C\u00f3rdoba, Argentina, convers\u00f3 con Leonel Ayala, corresponsal de Pressenza en Honduras sobre la situaci\u00f3n actual en ese pa\u00eds.<\/p>\n<p>\u00abAqu\u00ed no se rinde nadie\u00bb, dice Leonel. Aqu\u00ed la entrevista completa<\/p>\n<p><iframe loading=\"lazy\" id=\"audio_22513879\" style=\"border: 1px solid #EEE; box-sizing: border-box; width: 100%;\" src=\"https:\/\/ar.ivoox.com\/es\/player_ej_22513879_4_1.html?c1=ff6600\" width=\"300\" height=\"200\" frameborder=\"0\" scrolling=\"no\" allowfullscreen=\"allowfullscreen\"><\/iframe><\/p>\n","protected":false},"excerpt":{"rendered":"<p>El pueblo de Honduras, cansado de tanta pobreza, violencia y corrupci\u00f3n decidi\u00f3 volcarse en las elecciones del d\u00eda 26 de Noviembre por el candidato de la Alianza de Oposici\u00f3n contra la Dictadura Salvador Nasralla. Sin embargo, el gobierno se niega&hellip;<\/p>\n","protected":false},"author":970,"featured_media":567826,"comment_status":"closed","ping_status":"closed","sticky":false,"template":"","format":"standard","meta":{"footnotes":""},"categories":[69,11389,155,1242,74,22754],"tags":[2762,4341,42158,15144,25779],"class_list":["post-567822","post","type-post","status-publish","format-standard","has-post-thumbnail","hentry","category-america-central","category-contenido-original","category-entrevistas","category-noviolencia-tema","category-politica-es","category-radio-es","tag-fraude","tag-honduras-es","tag-joh","tag-nuevas-generaciones","tag-protesta-social"],"yoast_head":"<!-- This site is optimized with the Yoast SEO plugin v27.1.1 - https:\/\/yoast.com\/product\/yoast-seo-wordpress\/ -->\n<title>&quot;Dictador, te metiste con la generaci\u00f3n equivocada&quot;. Leonel Ayala en Regional y Popular sobre el fraude y la irrupci\u00f3n de los j\u00f3venes contra la dictadura en Honduras.<\/title>\n<meta name=\"description\" content=\"El pueblo de Honduras, cansado de tanta pobreza, violencia y corrupci\u00f3n decidi\u00f3 volcarse en las elecciones del d\u00eda 26 de Noviembre por el candidato de la\" \/>\n<meta name=\"robots\" content=\"index, follow, max-snippet:-1, max-image-preview:large, max-video-preview:-1\" \/>\n<link rel=\"canonical\" href=\"https:\/\/www.pressenza.com\/es\/2017\/12\/dictador-te-metiste-con-la-generacion-equivocada-leonel-ayala-en-regional-y-popular-sobre-el-fraude-y-la-irrupcion-de-los-jovenes-contra-la-dictadura-en-honduras\/\" \/>\n<meta property=\"og:locale\" content=\"es_ES\" \/>\n<meta property=\"og:type\" content=\"article\" \/>\n<meta property=\"og:title\" content=\"&quot;Dictador, te metiste con la generaci\u00f3n equivocada&quot;. Leonel Ayala en Regional y Popular sobre el fraude y la irrupci\u00f3n de los j\u00f3venes contra la dictadura en Honduras.\" \/>\n<meta property=\"og:description\" content=\"El pueblo de Honduras, cansado de tanta pobreza, violencia y corrupci\u00f3n decidi\u00f3 volcarse en las elecciones del d\u00eda 26 de Noviembre por el candidato de la\" \/>\n<meta property=\"og:url\" content=\"https:\/\/www.pressenza.com\/es\/2017\/12\/dictador-te-metiste-con-la-generacion-equivocada-leonel-ayala-en-regional-y-popular-sobre-el-fraude-y-la-irrupcion-de-los-jovenes-contra-la-dictadura-en-honduras\/\" \/>\n<meta property=\"og:site_name\" content=\"Pressenza\" \/>\n<meta property=\"article:publisher\" content=\"https:\/\/www.facebook.com\/PressenzaItalia\" \/>\n<meta property=\"article:author\" content=\"https:\/\/www.facebook.com\/javier.tolcachier?fref=ts\" \/>\n<meta property=\"article:published_time\" content=\"2017-12-07T01:08:45+00:00\" \/>\n<meta property=\"og:image\" content=\"https:\/\/www.pressenza.com\/wp-content\/uploads\/2017\/12\/policia-honduras.jpg\" \/>\n\t<meta property=\"og:image:width\" content=\"960\" \/>\n\t<meta property=\"og:image:height\" content=\"634\" \/>\n\t<meta property=\"og:image:type\" content=\"image\/jpeg\" \/>\n<meta name=\"author\" content=\"Javier Tolcachier\" \/>\n<meta name=\"twitter:card\" content=\"summary_large_image\" \/>\n<meta name=\"twitter:creator\" content=\"@jtolcachier\" \/>\n<meta name=\"twitter:site\" content=\"@PressenzaIPA\" \/>\n<meta name=\"twitter:label1\" content=\"Escrito por\" \/>\n\t<meta name=\"twitter:data1\" content=\"Javier Tolcachier\" \/>\n\t<meta name=\"twitter:label2\" content=\"Tiempo de lectura\" \/>\n\t<meta name=\"twitter:data2\" content=\"1 minuto\" \/>\n<script type=\"application\/ld+json\" class=\"yoast-schema-graph\">{\"@context\":\"https:\/\/schema.org\",\"@graph\":[{\"@type\":\"Article\",\"@id\":\"https:\/\/www.pressenza.com\/es\/2017\/12\/dictador-te-metiste-con-la-generacion-equivocada-leonel-ayala-en-regional-y-popular-sobre-el-fraude-y-la-irrupcion-de-los-jovenes-contra-la-dictadura-en-honduras\/#article\",\"isPartOf\":{\"@id\":\"https:\/\/www.pressenza.com\/es\/2017\/12\/dictador-te-metiste-con-la-generacion-equivocada-leonel-ayala-en-regional-y-popular-sobre-el-fraude-y-la-irrupcion-de-los-jovenes-contra-la-dictadura-en-honduras\/\"},\"author\":{\"name\":\"Javier Tolcachier\",\"@id\":\"https:\/\/www.pressenza.com\/es\/#\/schema\/person\/f353f6d4eed144101dedba60e6227564\"},\"headline\":\"\u00abDictador, te metiste con la generaci\u00f3n equivocada\u00bb. Leonel Ayala en Regional y Popular sobre el fraude y la irrupci\u00f3n de los j\u00f3venes contra la dictadura en Honduras.\",\"datePublished\":\"2017-12-07T01:08:45+00:00\",\"mainEntityOfPage\":{\"@id\":\"https:\/\/www.pressenza.com\/es\/2017\/12\/dictador-te-metiste-con-la-generacion-equivocada-leonel-ayala-en-regional-y-popular-sobre-el-fraude-y-la-irrupcion-de-los-jovenes-contra-la-dictadura-en-honduras\/\"},\"wordCount\":268,\"publisher\":{\"@id\":\"https:\/\/www.pressenza.com\/es\/#organization\"},\"image\":{\"@id\":\"https:\/\/www.pressenza.com\/es\/2017\/12\/dictador-te-metiste-con-la-generacion-equivocada-leonel-ayala-en-regional-y-popular-sobre-el-fraude-y-la-irrupcion-de-los-jovenes-contra-la-dictadura-en-honduras\/#primaryimage\"},\"thumbnailUrl\":\"https:\/\/www.pressenza.com\/wp-content\/uploads\/2017\/12\/policia-honduras.jpg\",\"keywords\":[\"Fraude\",\"Honduras\",\"JOH\",\"Nuevas Generaciones\",\"protesta social\"],\"articleSection\":[\"Am\u00e9rica Central\",\"Contenido Original\",\"Entrevistas\",\"Noviolencia\",\"Pol\u00edtica\",\"Radio\"],\"inLanguage\":\"es\"},{\"@type\":\"WebPage\",\"@id\":\"https:\/\/www.pressenza.com\/es\/2017\/12\/dictador-te-metiste-con-la-generacion-equivocada-leonel-ayala-en-regional-y-popular-sobre-el-fraude-y-la-irrupcion-de-los-jovenes-contra-la-dictadura-en-honduras\/\",\"url\":\"https:\/\/www.pressenza.com\/es\/2017\/12\/dictador-te-metiste-con-la-generacion-equivocada-leonel-ayala-en-regional-y-popular-sobre-el-fraude-y-la-irrupcion-de-los-jovenes-contra-la-dictadura-en-honduras\/\",\"name\":\"\\\"Dictador, te metiste con la generaci\u00f3n equivocada\\\". Leonel Ayala en Regional y Popular sobre el fraude y la irrupci\u00f3n de los j\u00f3venes contra la dictadura en Honduras.\",\"isPartOf\":{\"@id\":\"https:\/\/www.pressenza.com\/es\/#website\"},\"primaryImageOfPage\":{\"@id\":\"https:\/\/www.pressenza.com\/es\/2017\/12\/dictador-te-metiste-con-la-generacion-equivocada-leonel-ayala-en-regional-y-popular-sobre-el-fraude-y-la-irrupcion-de-los-jovenes-contra-la-dictadura-en-honduras\/#primaryimage\"},\"image\":{\"@id\":\"https:\/\/www.pressenza.com\/es\/2017\/12\/dictador-te-metiste-con-la-generacion-equivocada-leonel-ayala-en-regional-y-popular-sobre-el-fraude-y-la-irrupcion-de-los-jovenes-contra-la-dictadura-en-honduras\/#primaryimage\"},\"thumbnailUrl\":\"https:\/\/www.pressenza.com\/wp-content\/uploads\/2017\/12\/policia-honduras.jpg\",\"datePublished\":\"2017-12-07T01:08:45+00:00\",\"description\":\"El pueblo de Honduras, cansado de tanta pobreza, violencia y corrupci\u00f3n decidi\u00f3 volcarse en las elecciones del d\u00eda 26 de Noviembre por el candidato de la\",\"breadcrumb\":{\"@id\":\"https:\/\/www.pressenza.com\/es\/2017\/12\/dictador-te-metiste-con-la-generacion-equivocada-leonel-ayala-en-regional-y-popular-sobre-el-fraude-y-la-irrupcion-de-los-jovenes-contra-la-dictadura-en-honduras\/#breadcrumb\"},\"inLanguage\":\"es\",\"potentialAction\":[{\"@type\":\"ReadAction\",\"target\":[\"https:\/\/www.pressenza.com\/es\/2017\/12\/dictador-te-metiste-con-la-generacion-equivocada-leonel-ayala-en-regional-y-popular-sobre-el-fraude-y-la-irrupcion-de-los-jovenes-contra-la-dictadura-en-honduras\/\"]}]},{\"@type\":\"ImageObject\",\"inLanguage\":\"es\",\"@id\":\"https:\/\/www.pressenza.com\/es\/2017\/12\/dictador-te-metiste-con-la-generacion-equivocada-leonel-ayala-en-regional-y-popular-sobre-el-fraude-y-la-irrupcion-de-los-jovenes-contra-la-dictadura-en-honduras\/#primaryimage\",\"url\":\"https:\/\/www.pressenza.com\/wp-content\/uploads\/2017\/12\/policia-honduras.jpg\",\"contentUrl\":\"https:\/\/www.pressenza.com\/wp-content\/uploads\/2017\/12\/policia-honduras.jpg\",\"width\":960,\"height\":634},{\"@type\":\"BreadcrumbList\",\"@id\":\"https:\/\/www.pressenza.com\/es\/2017\/12\/dictador-te-metiste-con-la-generacion-equivocada-leonel-ayala-en-regional-y-popular-sobre-el-fraude-y-la-irrupcion-de-los-jovenes-contra-la-dictadura-en-honduras\/#breadcrumb\",\"itemListElement\":[{\"@type\":\"ListItem\",\"position\":1,\"name\":\"Accueil\",\"item\":\"https:\/\/www.pressenza.com\/es\/\"},{\"@type\":\"ListItem\",\"position\":2,\"name\":\"\u00abDictador, te metiste con la generaci\u00f3n equivocada\u00bb. Leonel Ayala en Regional y Popular sobre el fraude y la irrupci\u00f3n de los j\u00f3venes contra la dictadura en Honduras.\"}]},{\"@type\":\"WebSite\",\"@id\":\"https:\/\/www.pressenza.com\/es\/#website\",\"url\":\"https:\/\/www.pressenza.com\/es\/\",\"name\":\"Pressenza\",\"description\":\"International Press Agency\",\"publisher\":{\"@id\":\"https:\/\/www.pressenza.com\/es\/#organization\"},\"potentialAction\":[{\"@type\":\"SearchAction\",\"target\":{\"@type\":\"EntryPoint\",\"urlTemplate\":\"https:\/\/www.pressenza.com\/es\/?s={search_term_string}\"},\"query-input\":{\"@type\":\"PropertyValueSpecification\",\"valueRequired\":true,\"valueName\":\"search_term_string\"}}],\"inLanguage\":\"es\"},{\"@type\":\"Organization\",\"@id\":\"https:\/\/www.pressenza.com\/es\/#organization\",\"name\":\"Pressenza\",\"url\":\"https:\/\/www.pressenza.com\/es\/\",\"logo\":{\"@type\":\"ImageObject\",\"inLanguage\":\"es\",\"@id\":\"https:\/\/www.pressenza.com\/es\/#\/schema\/logo\/image\/\",\"url\":\"https:\/\/www.pressenza.com\/wp-content\/uploads\/2022\/10\/pressenza_logo_200x200.jpg\",\"contentUrl\":\"https:\/\/www.pressenza.com\/wp-content\/uploads\/2022\/10\/pressenza_logo_200x200.jpg\",\"width\":200,\"height\":200,\"caption\":\"Pressenza\"},\"image\":{\"@id\":\"https:\/\/www.pressenza.com\/es\/#\/schema\/logo\/image\/\"},\"sameAs\":[\"https:\/\/www.facebook.com\/PressenzaItalia\",\"https:\/\/x.com\/PressenzaIPA\"]},{\"@type\":\"Person\",\"@id\":\"https:\/\/www.pressenza.com\/es\/#\/schema\/person\/f353f6d4eed144101dedba60e6227564\",\"name\":\"Javier Tolcachier\",\"description\":\"Javier Tolcachier is a researcher from the World Centre of Humanist Studies, an organism of the Humanist Movement. Mail: javiertolcachier@disroot.org Twitter: @jtolcachier\",\"sameAs\":[\"https:\/\/www.facebook.com\/javier.tolcachier?fref=ts\",\"https:\/\/x.com\/jtolcachier\"],\"url\":\"https:\/\/www.pressenza.com\/es\/author\/javier-tolcachier\/\"}]}<\/script>\n<!-- \/ Yoast SEO plugin. -->","yoast_head_json":{"title":"\"Dictador, te metiste con la generaci\u00f3n equivocada\". Leonel Ayala en Regional y Popular sobre el fraude y la irrupci\u00f3n de los j\u00f3venes contra la dictadura en Honduras.","description":"El pueblo de Honduras, cansado de tanta pobreza, violencia y corrupci\u00f3n decidi\u00f3 volcarse en las elecciones del d\u00eda 26 de Noviembre por el candidato de la","robots":{"index":"index","follow":"follow","max-snippet":"max-snippet:-1","max-image-preview":"max-image-preview:large","max-video-preview":"max-video-preview:-1"},"canonical":"https:\/\/www.pressenza.com\/es\/2017\/12\/dictador-te-metiste-con-la-generacion-equivocada-leonel-ayala-en-regional-y-popular-sobre-el-fraude-y-la-irrupcion-de-los-jovenes-contra-la-dictadura-en-honduras\/","og_locale":"es_ES","og_type":"article","og_title":"\"Dictador, te metiste con la generaci\u00f3n equivocada\". Leonel Ayala en Regional y Popular sobre el fraude y la irrupci\u00f3n de los j\u00f3venes contra la dictadura en Honduras.","og_description":"El pueblo de Honduras, cansado de tanta pobreza, violencia y corrupci\u00f3n decidi\u00f3 volcarse en las elecciones del d\u00eda 26 de Noviembre por el candidato de la","og_url":"https:\/\/www.pressenza.com\/es\/2017\/12\/dictador-te-metiste-con-la-generacion-equivocada-leonel-ayala-en-regional-y-popular-sobre-el-fraude-y-la-irrupcion-de-los-jovenes-contra-la-dictadura-en-honduras\/","og_site_name":"Pressenza","article_publisher":"https:\/\/www.facebook.com\/PressenzaItalia","article_author":"https:\/\/www.facebook.com\/javier.tolcachier?fref=ts","article_published_time":"2017-12-07T01:08:45+00:00","og_image":[{"width":960,"height":634,"url":"https:\/\/www.pressenza.com\/wp-content\/uploads\/2017\/12\/policia-honduras.jpg","type":"image\/jpeg"}],"author":"Javier Tolcachier","twitter_card":"summary_large_image","twitter_creator":"@jtolcachier","twitter_site":"@PressenzaIPA","twitter_misc":{"Escrito por":"Javier Tolcachier","Tiempo de lectura":"1 minuto"},"schema":{"@context":"https:\/\/schema.org","@graph":[{"@type":"Article","@id":"https:\/\/www.pressenza.com\/es\/2017\/12\/dictador-te-metiste-con-la-generacion-equivocada-leonel-ayala-en-regional-y-popular-sobre-el-fraude-y-la-irrupcion-de-los-jovenes-contra-la-dictadura-en-honduras\/#article","isPartOf":{"@id":"https:\/\/www.pressenza.com\/es\/2017\/12\/dictador-te-metiste-con-la-generacion-equivocada-leonel-ayala-en-regional-y-popular-sobre-el-fraude-y-la-irrupcion-de-los-jovenes-contra-la-dictadura-en-honduras\/"},"author":{"name":"Javier Tolcachier","@id":"https:\/\/www.pressenza.com\/es\/#\/schema\/person\/f353f6d4eed144101dedba60e6227564"},"headline":"\u00abDictador, te metiste con la generaci\u00f3n equivocada\u00bb. Leonel Ayala en Regional y Popular sobre el fraude y la irrupci\u00f3n de los j\u00f3venes contra la dictadura en Honduras.","datePublished":"2017-12-07T01:08:45+00:00","mainEntityOfPage":{"@id":"https:\/\/www.pressenza.com\/es\/2017\/12\/dictador-te-metiste-con-la-generacion-equivocada-leonel-ayala-en-regional-y-popular-sobre-el-fraude-y-la-irrupcion-de-los-jovenes-contra-la-dictadura-en-honduras\/"},"wordCount":268,"publisher":{"@id":"https:\/\/www.pressenza.com\/es\/#organization"},"image":{"@id":"https:\/\/www.pressenza.com\/es\/2017\/12\/dictador-te-metiste-con-la-generacion-equivocada-leonel-ayala-en-regional-y-popular-sobre-el-fraude-y-la-irrupcion-de-los-jovenes-contra-la-dictadura-en-honduras\/#primaryimage"},"thumbnailUrl":"https:\/\/www.pressenza.com\/wp-content\/uploads\/2017\/12\/policia-honduras.jpg","keywords":["Fraude","Honduras","JOH","Nuevas Generaciones","protesta social"],"articleSection":["Am\u00e9rica Central","Contenido Original","Entrevistas","Noviolencia","Pol\u00edtica","Radio"],"inLanguage":"es"},{"@type":"WebPage","@id":"https:\/\/www.pressenza.com\/es\/2017\/12\/dictador-te-metiste-con-la-generacion-equivocada-leonel-ayala-en-regional-y-popular-sobre-el-fraude-y-la-irrupcion-de-los-jovenes-contra-la-dictadura-en-honduras\/","url":"https:\/\/www.pressenza.com\/es\/2017\/12\/dictador-te-metiste-con-la-generacion-equivocada-leonel-ayala-en-regional-y-popular-sobre-el-fraude-y-la-irrupcion-de-los-jovenes-contra-la-dictadura-en-honduras\/","name":"\"Dictador, te metiste con la generaci\u00f3n equivocada\". Leonel Ayala en Regional y Popular sobre el fraude y la irrupci\u00f3n de los j\u00f3venes contra la dictadura en Honduras.","isPartOf":{"@id":"https:\/\/www.pressenza.com\/es\/#website"},"primaryImageOfPage":{"@id":"https:\/\/www.pressenza.com\/es\/2017\/12\/dictador-te-metiste-con-la-generacion-equivocada-leonel-ayala-en-regional-y-popular-sobre-el-fraude-y-la-irrupcion-de-los-jovenes-contra-la-dictadura-en-honduras\/#primaryimage"},"image":{"@id":"https:\/\/www.pressenza.com\/es\/2017\/12\/dictador-te-metiste-con-la-generacion-equivocada-leonel-ayala-en-regional-y-popular-sobre-el-fraude-y-la-irrupcion-de-los-jovenes-contra-la-dictadura-en-honduras\/#primaryimage"},"thumbnailUrl":"https:\/\/www.pressenza.com\/wp-content\/uploads\/2017\/12\/policia-honduras.jpg","datePublished":"2017-12-07T01:08:45+00:00","description":"El pueblo de Honduras, cansado de tanta pobreza, violencia y corrupci\u00f3n decidi\u00f3 volcarse en las elecciones del d\u00eda 26 de Noviembre por el candidato de la","breadcrumb":{"@id":"https:\/\/www.pressenza.com\/es\/2017\/12\/dictador-te-metiste-con-la-generacion-equivocada-leonel-ayala-en-regional-y-popular-sobre-el-fraude-y-la-irrupcion-de-los-jovenes-contra-la-dictadura-en-honduras\/#breadcrumb"},"inLanguage":"es","potentialAction":[{"@type":"ReadAction","target":["https:\/\/www.pressenza.com\/es\/2017\/12\/dictador-te-metiste-con-la-generacion-equivocada-leonel-ayala-en-regional-y-popular-sobre-el-fraude-y-la-irrupcion-de-los-jovenes-contra-la-dictadura-en-honduras\/"]}]},{"@type":"ImageObject","inLanguage":"es","@id":"https:\/\/www.pressenza.com\/es\/2017\/12\/dictador-te-metiste-con-la-generacion-equivocada-leonel-ayala-en-regional-y-popular-sobre-el-fraude-y-la-irrupcion-de-los-jovenes-contra-la-dictadura-en-honduras\/#primaryimage","url":"https:\/\/www.pressenza.com\/wp-content\/uploads\/2017\/12\/policia-honduras.jpg","contentUrl":"https:\/\/www.pressenza.com\/wp-content\/uploads\/2017\/12\/policia-honduras.jpg","width":960,"height":634},{"@type":"BreadcrumbList","@id":"https:\/\/www.pressenza.com\/es\/2017\/12\/dictador-te-metiste-con-la-generacion-equivocada-leonel-ayala-en-regional-y-popular-sobre-el-fraude-y-la-irrupcion-de-los-jovenes-contra-la-dictadura-en-honduras\/#breadcrumb","itemListElement":[{"@type":"ListItem","position":1,"name":"Accueil","item":"https:\/\/www.pressenza.com\/es\/"},{"@type":"ListItem","position":2,"name":"\u00abDictador, te metiste con la generaci\u00f3n equivocada\u00bb. Leonel Ayala en Regional y Popular sobre el fraude y la irrupci\u00f3n de los j\u00f3venes contra la dictadura en Honduras."}]},{"@type":"WebSite","@id":"https:\/\/www.pressenza.com\/es\/#website","url":"https:\/\/www.pressenza.com\/es\/","name":"Pressenza","description":"International Press Agency","publisher":{"@id":"https:\/\/www.pressenza.com\/es\/#organization"},"potentialAction":[{"@type":"SearchAction","target":{"@type":"EntryPoint","urlTemplate":"https:\/\/www.pressenza.com\/es\/?s={search_term_string}"},"query-input":{"@type":"PropertyValueSpecification","valueRequired":true,"valueName":"search_term_string"}}],"inLanguage":"es"},{"@type":"Organization","@id":"https:\/\/www.pressenza.com\/es\/#organization","name":"Pressenza","url":"https:\/\/www.pressenza.com\/es\/","logo":{"@type":"ImageObject","inLanguage":"es","@id":"https:\/\/www.pressenza.com\/es\/#\/schema\/logo\/image\/","url":"https:\/\/www.pressenza.com\/wp-content\/uploads\/2022\/10\/pressenza_logo_200x200.jpg","contentUrl":"https:\/\/www.pressenza.com\/wp-content\/uploads\/2022\/10\/pressenza_logo_200x200.jpg","width":200,"height":200,"caption":"Pressenza"},"image":{"@id":"https:\/\/www.pressenza.com\/es\/#\/schema\/logo\/image\/"},"sameAs":["https:\/\/www.facebook.com\/PressenzaItalia","https:\/\/x.com\/PressenzaIPA"]},{"@type":"Person","@id":"https:\/\/www.pressenza.com\/es\/#\/schema\/person\/f353f6d4eed144101dedba60e6227564","name":"Javier Tolcachier","description":"Javier Tolcachier is a researcher from the World Centre of Humanist Studies, an organism of the Humanist Movement. Mail: javiertolcachier@disroot.org Twitter: @jtolcachier","sameAs":["https:\/\/www.facebook.com\/javier.tolcachier?fref=ts","https:\/\/x.com\/jtolcachier"],"url":"https:\/\/www.pressenza.com\/es\/author\/javier-tolcachier\/"}]}},"place":"C\u00f3rdoba, Argentina - Tegucigalpa, Honduras","original_article_url":"","_links":{"self":[{"href":"https:\/\/www.pressenza.com\/es\/wp-json\/wp\/v2\/posts\/567822","targetHints":{"allow":["GET"]}}],"collection":[{"href":"https:\/\/www.pressenza.com\/es\/wp-json\/wp\/v2\/posts"}],"about":[{"href":"https:\/\/www.pressenza.com\/es\/wp-json\/wp\/v2\/types\/post"}],"author":[{"embeddable":true,"href":"https:\/\/www.pressenza.com\/es\/wp-json\/wp\/v2\/users\/970"}],"replies":[{"embeddable":true,"href":"https:\/\/www.pressenza.com\/es\/wp-json\/wp\/v2\/comments?post=567822"}],"version-history":[{"count":0,"href":"https:\/\/www.pressenza.com\/es\/wp-json\/wp\/v2\/posts\/567822\/revisions"}],"wp:featuredmedia":[{"embeddable":true,"href":"https:\/\/www.pressenza.com\/es\/wp-json\/wp\/v2\/media\/567826"}],"wp:attachment":[{"href":"https:\/\/www.pressenza.com\/es\/wp-json\/wp\/v2\/media?parent=567822"}],"wp:term":[{"taxonomy":"category","embeddable":true,"href":"https:\/\/www.pressenza.com\/es\/wp-json\/wp\/v2\/categories?post=567822"},{"taxonomy":"post_tag","embeddable":true,"href":"https:\/\/www.pressenza.com\/es\/wp-json\/wp\/v2\/tags?post=567822"}],"curies":[{"name":"wp","href":"https:\/\/api.w.org\/{rel}","templated":true}]}}