{"id":567264,"date":"2017-12-05T17:15:30","date_gmt":"2017-12-05T17:15:30","guid":{"rendered":"https:\/\/www.pressenza.com\/?p=567264\/"},"modified":"2017-12-05T17:15:30","modified_gmt":"2017-12-05T17:15:30","slug":"restituyen-la-identidad-la-nieta-126","status":"publish","type":"post","link":"https:\/\/www.pressenza.com\/es\/2017\/12\/restituyen-la-identidad-la-nieta-126\/","title":{"rendered":"Restituyen la identidad a la nieta 126"},"content":{"rendered":"<p><strong><em>Por D\u00e9bora Mabaires para Radio Hache<\/em><\/strong><\/p>\n<p>Como si hubiera sido el embarazo m\u00e1s largo de la historia, luego de 40 a\u00f1os, Blanca D\u00edaz de Garnier recuper\u00f3 a su nieta Vanessa.<\/p>\n<p>Vanessa Garnier Ortolani es hija de Violeta, quien fue secuestrada el 14 de diciembre de 1976, cuando ten\u00eda 23 a\u00f1os y con ocho meses de embarazo. \u201cEdgardo busc\u00f3 por todos lados a su mujer hasta que el 8 de febrero de 1977 tambi\u00e9n \u00e9l fue secuestrado. Su familia continu\u00f3 la b\u00fasqueda y fue una de las primeras en hacer la denuncia, pero nunca hubo ning\u00fan dato concreto sobre la pareja ni el ni\u00f1o o ni\u00f1a nacida en cautiverio\u2026 hasta ahora\u201d cont\u00f3 con emoci\u00f3n Estela de Carlotto.<\/p>\n<p>Blanca D\u00edaz de Garnier , la orgullosa abuela de 86 a\u00f1os, expres\u00f3 por su parte que \u201cno esperaba tener esta alegr\u00eda. Ve\u00eda recuperar a otros nietos y me dec\u00eda \u2018a m\u00ed nunca me toca\u00b4. M\u00e1s gozo no puedo pedir\u201d y complet\u00f3: \u201cTuve 40 a\u00f1os de espera. Estamos con una alegr\u00eda que no cabemos en nuestra persona\u201d.<\/p>\n<p>Vanessa, a\u00fan shockeada por encontrarse con una familia que la estuvo buscando siempre, dijo: \u201cLa sensaci\u00f3n fue muy distinta de haber sido regalada, abandonada, de haber sido una persona muy querida y muy buscada. Y tengo una abuela. Con 40 a\u00f1os tengo una abuela, que es una genia. Hoy habl\u00e9 con ella. Y ya la quiero. Se nota que es hermosa por dentro y por fuera\u201d.<\/p>\n<p>Este renacer, la encuentra siendo abogada y cuando quienes la criaron ya est\u00e1n fallecidos. Hace algunas semanas se present\u00f3 voluntariamente ante el Banco Nacional de Datos Gen\u00e9ticos para realizarse estudios de ADN y descubri\u00f3 su aut\u00e9ntica filiaci\u00f3n: es la hija de Edgardo Roberto Garnier y Violeta Graciela Ortolani, quienes se hab\u00edan conocido en La Plata, adonde ambos estudiaban, formaban parte del Fondo de Apoyo a la Educaci\u00f3n P\u00fablica (FAEP), colaboraban en el comedor de una villa y militaban en la organizaci\u00f3n Montoneros.<\/p>\n<p>Pudieron cortar las flores, pero no terminaron con la primavera. Hoy, Vanessa, hija de Violeta y Edgardo, conoce la verdad.<\/p>\n<p><img loading=\"lazy\" decoding=\"async\" class=\"alignleft size-large wp-image-567275\" src=\"https:\/\/www.pressenza.com\/wp-content\/uploads\/2017\/12\/WhatsApp-Image-2017-12-05-at-14.09.38-720x540.jpeg\" alt=\"\" width=\"720\" height=\"540\" srcset=\"https:\/\/www.pressenza.com\/wp-content\/uploads\/2017\/12\/WhatsApp-Image-2017-12-05-at-14.09.38-720x540.jpeg 720w, https:\/\/www.pressenza.com\/wp-content\/uploads\/2017\/12\/WhatsApp-Image-2017-12-05-at-14.09.38-300x225.jpeg 300w, https:\/\/www.pressenza.com\/wp-content\/uploads\/2017\/12\/WhatsApp-Image-2017-12-05-at-14.09.38-768x576.jpeg 768w, https:\/\/www.pressenza.com\/wp-content\/uploads\/2017\/12\/WhatsApp-Image-2017-12-05-at-14.09.38.jpeg 1280w\" sizes=\"auto, (max-width: 720px) 100vw, 720px\" \/><\/p>\n","protected":false},"excerpt":{"rendered":"<p>Por D\u00e9bora Mabaires para Radio Hache Como si hubiera sido el embarazo m\u00e1s largo de la historia, luego de 40 a\u00f1os, Blanca D\u00edaz de Garnier recuper\u00f3 a su nieta Vanessa. Vanessa Garnier Ortolani es hija de Violeta, quien fue secuestrada&hellip;<\/p>\n","protected":false},"author":87,"featured_media":567266,"comment_status":"closed","ping_status":"closed","sticky":false,"template":"","format":"standard","meta":{"footnotes":""},"categories":[11389,79,67],"tags":[42250,1028,26,398,868,42249,1030],"class_list":["post-567264","post","type-post","status-publish","format-standard","has-post-thumbnail","hentry","category-contenido-original","category-derechos-humanos","category-sudamerica","tag-42250","tag-abuelas-de-plaza-de-mayo","tag-argentina","tag-justicia","tag-memoria","tag-nieta-restituida","tag-verdad-y-justicia"],"yoast_head":"<!-- This site is optimized with the Yoast SEO plugin v27.1.1 - https:\/\/yoast.com\/product\/yoast-seo-wordpress\/ -->\n<title>Restituyen la identidad a la nieta 126<\/title>\n<meta name=\"description\" content=\"Por D\u00e9bora Mabaires para Radio Hache Como si hubiera sido el embarazo m\u00e1s largo de la historia, luego de 40 a\u00f1os, Blanca D\u00edaz de Garnier recuper\u00f3 a su\" \/>\n<meta name=\"robots\" content=\"index, follow, max-snippet:-1, max-image-preview:large, max-video-preview:-1\" \/>\n<link rel=\"canonical\" href=\"https:\/\/www.pressenza.com\/es\/2017\/12\/restituyen-la-identidad-la-nieta-126\/\" \/>\n<meta property=\"og:locale\" content=\"es_ES\" \/>\n<meta property=\"og:type\" content=\"article\" \/>\n<meta property=\"og:title\" content=\"Restituyen la identidad a la nieta 126\" \/>\n<meta property=\"og:description\" content=\"Por D\u00e9bora Mabaires para Radio Hache Como si hubiera sido el embarazo m\u00e1s largo de la historia, luego de 40 a\u00f1os, Blanca D\u00edaz de Garnier recuper\u00f3 a su\" \/>\n<meta property=\"og:url\" content=\"https:\/\/www.pressenza.com\/es\/2017\/12\/restituyen-la-identidad-la-nieta-126\/\" \/>\n<meta property=\"og:site_name\" content=\"Pressenza\" \/>\n<meta property=\"article:publisher\" content=\"https:\/\/www.facebook.com\/PressenzaItalia\" \/>\n<meta property=\"article:published_time\" content=\"2017-12-05T17:15:30+00:00\" \/>\n<meta property=\"og:image\" content=\"https:\/\/www.pressenza.com\/wp-content\/uploads\/2017\/12\/WhatsApp-Image-2017-12-05-at-13.24.39.jpeg\" \/>\n\t<meta property=\"og:image:width\" content=\"1280\" \/>\n\t<meta property=\"og:image:height\" content=\"960\" \/>\n\t<meta property=\"og:image:type\" content=\"image\/jpeg\" \/>\n<meta name=\"author\" content=\"Redacci\u00f3n Argentina\" \/>\n<meta name=\"twitter:card\" content=\"summary_large_image\" \/>\n<meta name=\"twitter:creator\" content=\"@pressenza\" \/>\n<meta name=\"twitter:site\" content=\"@PressenzaIPA\" \/>\n<meta name=\"twitter:label1\" content=\"Escrito por\" \/>\n\t<meta name=\"twitter:data1\" content=\"Redacci\u00f3n Argentina\" \/>\n\t<meta name=\"twitter:label2\" content=\"Tiempo de lectura\" \/>\n\t<meta name=\"twitter:data2\" content=\"2 minutos\" \/>\n<script type=\"application\/ld+json\" class=\"yoast-schema-graph\">{\"@context\":\"https:\/\/schema.org\",\"@graph\":[{\"@type\":\"Article\",\"@id\":\"https:\/\/www.pressenza.com\/es\/2017\/12\/restituyen-la-identidad-la-nieta-126\/#article\",\"isPartOf\":{\"@id\":\"https:\/\/www.pressenza.com\/es\/2017\/12\/restituyen-la-identidad-la-nieta-126\/\"},\"author\":{\"name\":\"Redacci\u00f3n Argentina\",\"@id\":\"https:\/\/www.pressenza.com\/es\/#\/schema\/person\/0dda7d1b68267ad95b1e1d83abc98c89\"},\"headline\":\"Restituyen la identidad a la nieta 126\",\"datePublished\":\"2017-12-05T17:15:30+00:00\",\"mainEntityOfPage\":{\"@id\":\"https:\/\/www.pressenza.com\/es\/2017\/12\/restituyen-la-identidad-la-nieta-126\/\"},\"wordCount\":367,\"publisher\":{\"@id\":\"https:\/\/www.pressenza.com\/es\/#organization\"},\"image\":{\"@id\":\"https:\/\/www.pressenza.com\/es\/2017\/12\/restituyen-la-identidad-la-nieta-126\/#primaryimage\"},\"thumbnailUrl\":\"https:\/\/www.pressenza.com\/wp-content\/uploads\/2017\/12\/WhatsApp-Image-2017-12-05-at-13.24.39.jpeg\",\"keywords\":[\"126\",\"Abuelas de Plaza de Mayo\",\"Argentina\",\"justicia\",\"memoria\",\"nieta restituida\",\"Verdad y Justicia\"],\"articleSection\":[\"Contenido Original\",\"Derechos Humanos\",\"Sudam\u00e9rica\"],\"inLanguage\":\"es\"},{\"@type\":\"WebPage\",\"@id\":\"https:\/\/www.pressenza.com\/es\/2017\/12\/restituyen-la-identidad-la-nieta-126\/\",\"url\":\"https:\/\/www.pressenza.com\/es\/2017\/12\/restituyen-la-identidad-la-nieta-126\/\",\"name\":\"Restituyen la identidad a la nieta 126\",\"isPartOf\":{\"@id\":\"https:\/\/www.pressenza.com\/es\/#website\"},\"primaryImageOfPage\":{\"@id\":\"https:\/\/www.pressenza.com\/es\/2017\/12\/restituyen-la-identidad-la-nieta-126\/#primaryimage\"},\"image\":{\"@id\":\"https:\/\/www.pressenza.com\/es\/2017\/12\/restituyen-la-identidad-la-nieta-126\/#primaryimage\"},\"thumbnailUrl\":\"https:\/\/www.pressenza.com\/wp-content\/uploads\/2017\/12\/WhatsApp-Image-2017-12-05-at-13.24.39.jpeg\",\"datePublished\":\"2017-12-05T17:15:30+00:00\",\"description\":\"Por D\u00e9bora Mabaires para Radio Hache Como si hubiera sido el embarazo m\u00e1s largo de la historia, luego de 40 a\u00f1os, Blanca D\u00edaz de Garnier recuper\u00f3 a su\",\"breadcrumb\":{\"@id\":\"https:\/\/www.pressenza.com\/es\/2017\/12\/restituyen-la-identidad-la-nieta-126\/#breadcrumb\"},\"inLanguage\":\"es\",\"potentialAction\":[{\"@type\":\"ReadAction\",\"target\":[\"https:\/\/www.pressenza.com\/es\/2017\/12\/restituyen-la-identidad-la-nieta-126\/\"]}]},{\"@type\":\"ImageObject\",\"inLanguage\":\"es\",\"@id\":\"https:\/\/www.pressenza.com\/es\/2017\/12\/restituyen-la-identidad-la-nieta-126\/#primaryimage\",\"url\":\"https:\/\/www.pressenza.com\/wp-content\/uploads\/2017\/12\/WhatsApp-Image-2017-12-05-at-13.24.39.jpeg\",\"contentUrl\":\"https:\/\/www.pressenza.com\/wp-content\/uploads\/2017\/12\/WhatsApp-Image-2017-12-05-at-13.24.39.jpeg\",\"width\":1280,\"height\":960},{\"@type\":\"BreadcrumbList\",\"@id\":\"https:\/\/www.pressenza.com\/es\/2017\/12\/restituyen-la-identidad-la-nieta-126\/#breadcrumb\",\"itemListElement\":[{\"@type\":\"ListItem\",\"position\":1,\"name\":\"Accueil\",\"item\":\"https:\/\/www.pressenza.com\/es\/\"},{\"@type\":\"ListItem\",\"position\":2,\"name\":\"Restituyen la identidad a la nieta 126\"}]},{\"@type\":\"WebSite\",\"@id\":\"https:\/\/www.pressenza.com\/es\/#website\",\"url\":\"https:\/\/www.pressenza.com\/es\/\",\"name\":\"Pressenza\",\"description\":\"International Press Agency\",\"publisher\":{\"@id\":\"https:\/\/www.pressenza.com\/es\/#organization\"},\"potentialAction\":[{\"@type\":\"SearchAction\",\"target\":{\"@type\":\"EntryPoint\",\"urlTemplate\":\"https:\/\/www.pressenza.com\/es\/?s={search_term_string}\"},\"query-input\":{\"@type\":\"PropertyValueSpecification\",\"valueRequired\":true,\"valueName\":\"search_term_string\"}}],\"inLanguage\":\"es\"},{\"@type\":\"Organization\",\"@id\":\"https:\/\/www.pressenza.com\/es\/#organization\",\"name\":\"Pressenza\",\"url\":\"https:\/\/www.pressenza.com\/es\/\",\"logo\":{\"@type\":\"ImageObject\",\"inLanguage\":\"es\",\"@id\":\"https:\/\/www.pressenza.com\/es\/#\/schema\/logo\/image\/\",\"url\":\"https:\/\/www.pressenza.com\/wp-content\/uploads\/2022\/10\/pressenza_logo_200x200.jpg\",\"contentUrl\":\"https:\/\/www.pressenza.com\/wp-content\/uploads\/2022\/10\/pressenza_logo_200x200.jpg\",\"width\":200,\"height\":200,\"caption\":\"Pressenza\"},\"image\":{\"@id\":\"https:\/\/www.pressenza.com\/es\/#\/schema\/logo\/image\/\"},\"sameAs\":[\"https:\/\/www.facebook.com\/PressenzaItalia\",\"https:\/\/x.com\/PressenzaIPA\"]},{\"@type\":\"Person\",\"@id\":\"https:\/\/www.pressenza.com\/es\/#\/schema\/person\/0dda7d1b68267ad95b1e1d83abc98c89\",\"name\":\"Redacci\u00f3n Argentina\",\"description\":\"News from the Pressenza Bureau in Argentina.\",\"sameAs\":[\"https:\/\/x.com\/pressenza\"],\"url\":\"https:\/\/www.pressenza.com\/es\/author\/redaccion-argentina\/\"}]}<\/script>\n<!-- \/ Yoast SEO plugin. -->","yoast_head_json":{"title":"Restituyen la identidad a la nieta 126","description":"Por D\u00e9bora Mabaires para Radio Hache Como si hubiera sido el embarazo m\u00e1s largo de la historia, luego de 40 a\u00f1os, Blanca D\u00edaz de Garnier recuper\u00f3 a su","robots":{"index":"index","follow":"follow","max-snippet":"max-snippet:-1","max-image-preview":"max-image-preview:large","max-video-preview":"max-video-preview:-1"},"canonical":"https:\/\/www.pressenza.com\/es\/2017\/12\/restituyen-la-identidad-la-nieta-126\/","og_locale":"es_ES","og_type":"article","og_title":"Restituyen la identidad a la nieta 126","og_description":"Por D\u00e9bora Mabaires para Radio Hache Como si hubiera sido el embarazo m\u00e1s largo de la historia, luego de 40 a\u00f1os, Blanca D\u00edaz de Garnier recuper\u00f3 a su","og_url":"https:\/\/www.pressenza.com\/es\/2017\/12\/restituyen-la-identidad-la-nieta-126\/","og_site_name":"Pressenza","article_publisher":"https:\/\/www.facebook.com\/PressenzaItalia","article_published_time":"2017-12-05T17:15:30+00:00","og_image":[{"width":1280,"height":960,"url":"https:\/\/www.pressenza.com\/wp-content\/uploads\/2017\/12\/WhatsApp-Image-2017-12-05-at-13.24.39.jpeg","type":"image\/jpeg"}],"author":"Redacci\u00f3n Argentina","twitter_card":"summary_large_image","twitter_creator":"@pressenza","twitter_site":"@PressenzaIPA","twitter_misc":{"Escrito por":"Redacci\u00f3n Argentina","Tiempo de lectura":"2 minutos"},"schema":{"@context":"https:\/\/schema.org","@graph":[{"@type":"Article","@id":"https:\/\/www.pressenza.com\/es\/2017\/12\/restituyen-la-identidad-la-nieta-126\/#article","isPartOf":{"@id":"https:\/\/www.pressenza.com\/es\/2017\/12\/restituyen-la-identidad-la-nieta-126\/"},"author":{"name":"Redacci\u00f3n Argentina","@id":"https:\/\/www.pressenza.com\/es\/#\/schema\/person\/0dda7d1b68267ad95b1e1d83abc98c89"},"headline":"Restituyen la identidad a la nieta 126","datePublished":"2017-12-05T17:15:30+00:00","mainEntityOfPage":{"@id":"https:\/\/www.pressenza.com\/es\/2017\/12\/restituyen-la-identidad-la-nieta-126\/"},"wordCount":367,"publisher":{"@id":"https:\/\/www.pressenza.com\/es\/#organization"},"image":{"@id":"https:\/\/www.pressenza.com\/es\/2017\/12\/restituyen-la-identidad-la-nieta-126\/#primaryimage"},"thumbnailUrl":"https:\/\/www.pressenza.com\/wp-content\/uploads\/2017\/12\/WhatsApp-Image-2017-12-05-at-13.24.39.jpeg","keywords":["126","Abuelas de Plaza de Mayo","Argentina","justicia","memoria","nieta restituida","Verdad y Justicia"],"articleSection":["Contenido Original","Derechos Humanos","Sudam\u00e9rica"],"inLanguage":"es"},{"@type":"WebPage","@id":"https:\/\/www.pressenza.com\/es\/2017\/12\/restituyen-la-identidad-la-nieta-126\/","url":"https:\/\/www.pressenza.com\/es\/2017\/12\/restituyen-la-identidad-la-nieta-126\/","name":"Restituyen la identidad a la nieta 126","isPartOf":{"@id":"https:\/\/www.pressenza.com\/es\/#website"},"primaryImageOfPage":{"@id":"https:\/\/www.pressenza.com\/es\/2017\/12\/restituyen-la-identidad-la-nieta-126\/#primaryimage"},"image":{"@id":"https:\/\/www.pressenza.com\/es\/2017\/12\/restituyen-la-identidad-la-nieta-126\/#primaryimage"},"thumbnailUrl":"https:\/\/www.pressenza.com\/wp-content\/uploads\/2017\/12\/WhatsApp-Image-2017-12-05-at-13.24.39.jpeg","datePublished":"2017-12-05T17:15:30+00:00","description":"Por D\u00e9bora Mabaires para Radio Hache Como si hubiera sido el embarazo m\u00e1s largo de la historia, luego de 40 a\u00f1os, Blanca D\u00edaz de Garnier recuper\u00f3 a su","breadcrumb":{"@id":"https:\/\/www.pressenza.com\/es\/2017\/12\/restituyen-la-identidad-la-nieta-126\/#breadcrumb"},"inLanguage":"es","potentialAction":[{"@type":"ReadAction","target":["https:\/\/www.pressenza.com\/es\/2017\/12\/restituyen-la-identidad-la-nieta-126\/"]}]},{"@type":"ImageObject","inLanguage":"es","@id":"https:\/\/www.pressenza.com\/es\/2017\/12\/restituyen-la-identidad-la-nieta-126\/#primaryimage","url":"https:\/\/www.pressenza.com\/wp-content\/uploads\/2017\/12\/WhatsApp-Image-2017-12-05-at-13.24.39.jpeg","contentUrl":"https:\/\/www.pressenza.com\/wp-content\/uploads\/2017\/12\/WhatsApp-Image-2017-12-05-at-13.24.39.jpeg","width":1280,"height":960},{"@type":"BreadcrumbList","@id":"https:\/\/www.pressenza.com\/es\/2017\/12\/restituyen-la-identidad-la-nieta-126\/#breadcrumb","itemListElement":[{"@type":"ListItem","position":1,"name":"Accueil","item":"https:\/\/www.pressenza.com\/es\/"},{"@type":"ListItem","position":2,"name":"Restituyen la identidad a la nieta 126"}]},{"@type":"WebSite","@id":"https:\/\/www.pressenza.com\/es\/#website","url":"https:\/\/www.pressenza.com\/es\/","name":"Pressenza","description":"International Press Agency","publisher":{"@id":"https:\/\/www.pressenza.com\/es\/#organization"},"potentialAction":[{"@type":"SearchAction","target":{"@type":"EntryPoint","urlTemplate":"https:\/\/www.pressenza.com\/es\/?s={search_term_string}"},"query-input":{"@type":"PropertyValueSpecification","valueRequired":true,"valueName":"search_term_string"}}],"inLanguage":"es"},{"@type":"Organization","@id":"https:\/\/www.pressenza.com\/es\/#organization","name":"Pressenza","url":"https:\/\/www.pressenza.com\/es\/","logo":{"@type":"ImageObject","inLanguage":"es","@id":"https:\/\/www.pressenza.com\/es\/#\/schema\/logo\/image\/","url":"https:\/\/www.pressenza.com\/wp-content\/uploads\/2022\/10\/pressenza_logo_200x200.jpg","contentUrl":"https:\/\/www.pressenza.com\/wp-content\/uploads\/2022\/10\/pressenza_logo_200x200.jpg","width":200,"height":200,"caption":"Pressenza"},"image":{"@id":"https:\/\/www.pressenza.com\/es\/#\/schema\/logo\/image\/"},"sameAs":["https:\/\/www.facebook.com\/PressenzaItalia","https:\/\/x.com\/PressenzaIPA"]},{"@type":"Person","@id":"https:\/\/www.pressenza.com\/es\/#\/schema\/person\/0dda7d1b68267ad95b1e1d83abc98c89","name":"Redacci\u00f3n Argentina","description":"News from the Pressenza Bureau in Argentina.","sameAs":["https:\/\/x.com\/pressenza"],"url":"https:\/\/www.pressenza.com\/es\/author\/redaccion-argentina\/"}]}},"place":"Ciudad de Buenos Aires, Argentina","original_article_url":"http:\/\/radiohache.com.ar\/restituyen-la-identidad-a-la-nieta-126\/?#","_links":{"self":[{"href":"https:\/\/www.pressenza.com\/es\/wp-json\/wp\/v2\/posts\/567264","targetHints":{"allow":["GET"]}}],"collection":[{"href":"https:\/\/www.pressenza.com\/es\/wp-json\/wp\/v2\/posts"}],"about":[{"href":"https:\/\/www.pressenza.com\/es\/wp-json\/wp\/v2\/types\/post"}],"author":[{"embeddable":true,"href":"https:\/\/www.pressenza.com\/es\/wp-json\/wp\/v2\/users\/87"}],"replies":[{"embeddable":true,"href":"https:\/\/www.pressenza.com\/es\/wp-json\/wp\/v2\/comments?post=567264"}],"version-history":[{"count":0,"href":"https:\/\/www.pressenza.com\/es\/wp-json\/wp\/v2\/posts\/567264\/revisions"}],"wp:featuredmedia":[{"embeddable":true,"href":"https:\/\/www.pressenza.com\/es\/wp-json\/wp\/v2\/media\/567266"}],"wp:attachment":[{"href":"https:\/\/www.pressenza.com\/es\/wp-json\/wp\/v2\/media?parent=567264"}],"wp:term":[{"taxonomy":"category","embeddable":true,"href":"https:\/\/www.pressenza.com\/es\/wp-json\/wp\/v2\/categories?post=567264"},{"taxonomy":"post_tag","embeddable":true,"href":"https:\/\/www.pressenza.com\/es\/wp-json\/wp\/v2\/tags?post=567264"}],"curies":[{"name":"wp","href":"https:\/\/api.w.org\/{rel}","templated":true}]}}