{"id":566974,"date":"2017-12-05T01:31:35","date_gmt":"2017-12-05T01:31:35","guid":{"rendered":"https:\/\/www.pressenza.com\/?p=566974\/"},"modified":"2017-12-05T01:31:35","modified_gmt":"2017-12-05T01:31:35","slug":"beatriz-sanchez-anuncia-apoyo-guillier-hoy-voto-pinera","status":"publish","type":"post","link":"https:\/\/www.pressenza.com\/es\/2017\/12\/beatriz-sanchez-anuncia-apoyo-guillier-hoy-voto-pinera\/","title":{"rendered":"Beatriz S\u00e1nchez anuncia apoyo a Guillier: \u201cHoy mi voto es contra Pi\u00f1era\u201d"},"content":{"rendered":"<p>La ex candidata presidencial del Frente Amplio dijo que el candidato de Chile Vamos super\u00f3 todos los l\u00edmites y es un \u00abriesgo\u00bb para el pa\u00eds.<\/p>\n<p>La pol\u00e9mica por los votos marcados tiene un nuevo cap\u00edtulo. Esta vez fue<strong> Beatriz S\u00e1nchez<\/strong>, quien fustig\u00f3 al candidato de Chile Vamos y, adem\u00e1s de esto, entreg\u00f3 su apoyo a <strong>Alejandro Guillier<\/strong> de cara a la segunda vuelta.<\/p>\n<p>\u201cQuiero decir claramente por qui\u00e9n voy a votar, hoy mi voto es contra Sebasti\u00e1n Pi\u00f1era\u201d, se\u00f1al\u00f3 la ex candidata a la presidencia al dar su apoyo a Alejandro Guiller.<\/p>\n<p>Del candidato de Fuerza de Mayor\u00eda, S\u00e1nchez dijo que \u201c<strong>tiene que hacer m\u00e1s para conquistar los votos del Frente Amplio<\/strong>\u201c.<\/p>\n<p>\u201cQuiero dejar en claro que Pi\u00f1era pas\u00f3 un l\u00edmite y es un riesgo para Chile, es una decisi\u00f3n personal. <strong>Soy yo la que hoy d\u00eda creo que hay que poner l\u00edmites \u00a0al discurso de Sebastian Pi\u00f1era<\/strong>\u201c, enfatiz\u00f3 y agreg\u00f3 que \u201cno es una negociaci\u00f3n, no busco cargos, pero hoy esta en juego Chile y la democracia\u201d.<\/p>\n<p>La periodista expres\u00f3 que seg\u00fan su visi\u00f3n el proceso electoral fue impecable. \u201cEste no es un llamado a votar por, y como lo dijimos en el comunicado yo no soy due\u00f1a de los votos, <strong>las personas son due\u00f1as de sus votos<\/strong> y cada uno deber\u00e1 tomar una decisi\u00f3n u otra\u201d, argument\u00f3.<\/p>\n<p>El candidato de Fuerza de Mayor\u00eda, Alejandro Guillier agradeci\u00f3 el apoyo de la figura del Frente Amplio en redes sociales. \u201cAprecio enormemente tu apoyo y la unidad para construir un Chile m\u00e1s justo\u201d, expres\u00f3 el senador.<\/p>\n","protected":false},"excerpt":{"rendered":"<p>La ex candidata presidencial del Frente Amplio dijo que el candidato de Chile Vamos super\u00f3 todos los l\u00edmites y es un \u00abriesgo\u00bb para el pa\u00eds. La pol\u00e9mica por los votos marcados tiene un nuevo cap\u00edtulo. Esta vez fue Beatriz S\u00e1nchez,&hellip;<\/p>\n","protected":false},"author":1470,"featured_media":566975,"comment_status":"closed","ping_status":"closed","sticky":false,"template":"","format":"standard","meta":{"footnotes":""},"categories":[74,67],"tags":[41073,35915,29,38213,652],"class_list":["post-566974","post","type-post","status-publish","format-standard","has-post-thumbnail","hentry","category-politica-es","category-sudamerica","tag-alejandro-guillier","tag-beatriz-sanchez","tag-chile","tag-frente-amplio","tag-sebastian-pinera"],"yoast_head":"<!-- This site is optimized with the Yoast SEO plugin v27.1.1 - https:\/\/yoast.com\/product\/yoast-seo-wordpress\/ -->\n<title>Beatriz S\u00e1nchez anuncia apoyo a Guillier: \u201cHoy mi voto es contra Pi\u00f1era\u201d<\/title>\n<meta name=\"description\" content=\"La ex candidata presidencial del Frente Amplio dijo que el candidato de Chile Vamos super\u00f3 todos los l\u00edmites y es un &quot;riesgo&quot; para el pa\u00eds. La pol\u00e9mica\" \/>\n<meta name=\"robots\" content=\"index, follow, max-snippet:-1, max-image-preview:large, max-video-preview:-1\" \/>\n<link rel=\"canonical\" href=\"https:\/\/www.pressenza.com\/es\/2017\/12\/beatriz-sanchez-anuncia-apoyo-guillier-hoy-voto-pinera\/\" \/>\n<meta property=\"og:locale\" content=\"es_ES\" \/>\n<meta property=\"og:type\" content=\"article\" \/>\n<meta property=\"og:title\" content=\"Beatriz S\u00e1nchez anuncia apoyo a Guillier: \u201cHoy mi voto es contra Pi\u00f1era\u201d\" \/>\n<meta property=\"og:description\" content=\"La ex candidata presidencial del Frente Amplio dijo que el candidato de Chile Vamos super\u00f3 todos los l\u00edmites y es un &quot;riesgo&quot; para el pa\u00eds. La pol\u00e9mica\" \/>\n<meta property=\"og:url\" content=\"https:\/\/www.pressenza.com\/es\/2017\/12\/beatriz-sanchez-anuncia-apoyo-guillier-hoy-voto-pinera\/\" \/>\n<meta property=\"og:site_name\" content=\"Pressenza\" \/>\n<meta property=\"article:publisher\" content=\"https:\/\/www.facebook.com\/PressenzaItalia\" \/>\n<meta property=\"article:published_time\" content=\"2017-12-05T01:31:35+00:00\" \/>\n<meta property=\"og:image\" content=\"https:\/\/www.pressenza.com\/wp-content\/uploads\/2017\/12\/beatriz-s--nchez-580x350.jpg\" \/>\n\t<meta property=\"og:image:width\" content=\"580\" \/>\n\t<meta property=\"og:image:height\" content=\"350\" \/>\n\t<meta property=\"og:image:type\" content=\"image\/jpeg\" \/>\n<meta name=\"author\" content=\"El Desconcierto\" \/>\n<meta name=\"twitter:card\" content=\"summary_large_image\" \/>\n<meta name=\"twitter:creator\" content=\"@PressenzaIPA\" \/>\n<meta name=\"twitter:site\" content=\"@PressenzaIPA\" \/>\n<meta name=\"twitter:label1\" content=\"Escrito por\" \/>\n\t<meta name=\"twitter:data1\" content=\"El Desconcierto\" \/>\n\t<meta name=\"twitter:label2\" content=\"Tiempo de lectura\" \/>\n\t<meta name=\"twitter:data2\" content=\"1 minuto\" \/>\n<script type=\"application\/ld+json\" class=\"yoast-schema-graph\">{\"@context\":\"https:\/\/schema.org\",\"@graph\":[{\"@type\":\"Article\",\"@id\":\"https:\/\/www.pressenza.com\/es\/2017\/12\/beatriz-sanchez-anuncia-apoyo-guillier-hoy-voto-pinera\/#article\",\"isPartOf\":{\"@id\":\"https:\/\/www.pressenza.com\/es\/2017\/12\/beatriz-sanchez-anuncia-apoyo-guillier-hoy-voto-pinera\/\"},\"author\":{\"name\":\"El Desconcierto\",\"@id\":\"https:\/\/www.pressenza.com\/es\/#\/schema\/person\/d5cdd4d29826f1ed6d2d96525259c965\"},\"headline\":\"Beatriz S\u00e1nchez anuncia apoyo a Guillier: \u201cHoy mi voto es contra Pi\u00f1era\u201d\",\"datePublished\":\"2017-12-05T01:31:35+00:00\",\"mainEntityOfPage\":{\"@id\":\"https:\/\/www.pressenza.com\/es\/2017\/12\/beatriz-sanchez-anuncia-apoyo-guillier-hoy-voto-pinera\/\"},\"wordCount\":296,\"publisher\":{\"@id\":\"https:\/\/www.pressenza.com\/es\/#organization\"},\"image\":{\"@id\":\"https:\/\/www.pressenza.com\/es\/2017\/12\/beatriz-sanchez-anuncia-apoyo-guillier-hoy-voto-pinera\/#primaryimage\"},\"thumbnailUrl\":\"https:\/\/www.pressenza.com\/wp-content\/uploads\/2017\/12\/beatriz-s--nchez-580x350.jpg\",\"keywords\":[\"Alejandro Guillier\",\"Beatriz S\u00e1nchez\",\"Chile\",\"Frente Amplio\",\"Sebasti\u00e1n Pi\u00f1era\"],\"articleSection\":[\"Pol\u00edtica\",\"Sudam\u00e9rica\"],\"inLanguage\":\"es\"},{\"@type\":\"WebPage\",\"@id\":\"https:\/\/www.pressenza.com\/es\/2017\/12\/beatriz-sanchez-anuncia-apoyo-guillier-hoy-voto-pinera\/\",\"url\":\"https:\/\/www.pressenza.com\/es\/2017\/12\/beatriz-sanchez-anuncia-apoyo-guillier-hoy-voto-pinera\/\",\"name\":\"Beatriz S\u00e1nchez anuncia apoyo a Guillier: \u201cHoy mi voto es contra Pi\u00f1era\u201d\",\"isPartOf\":{\"@id\":\"https:\/\/www.pressenza.com\/es\/#website\"},\"primaryImageOfPage\":{\"@id\":\"https:\/\/www.pressenza.com\/es\/2017\/12\/beatriz-sanchez-anuncia-apoyo-guillier-hoy-voto-pinera\/#primaryimage\"},\"image\":{\"@id\":\"https:\/\/www.pressenza.com\/es\/2017\/12\/beatriz-sanchez-anuncia-apoyo-guillier-hoy-voto-pinera\/#primaryimage\"},\"thumbnailUrl\":\"https:\/\/www.pressenza.com\/wp-content\/uploads\/2017\/12\/beatriz-s--nchez-580x350.jpg\",\"datePublished\":\"2017-12-05T01:31:35+00:00\",\"description\":\"La ex candidata presidencial del Frente Amplio dijo que el candidato de Chile Vamos super\u00f3 todos los l\u00edmites y es un \\\"riesgo\\\" para el pa\u00eds. La pol\u00e9mica\",\"breadcrumb\":{\"@id\":\"https:\/\/www.pressenza.com\/es\/2017\/12\/beatriz-sanchez-anuncia-apoyo-guillier-hoy-voto-pinera\/#breadcrumb\"},\"inLanguage\":\"es\",\"potentialAction\":[{\"@type\":\"ReadAction\",\"target\":[\"https:\/\/www.pressenza.com\/es\/2017\/12\/beatriz-sanchez-anuncia-apoyo-guillier-hoy-voto-pinera\/\"]}]},{\"@type\":\"ImageObject\",\"inLanguage\":\"es\",\"@id\":\"https:\/\/www.pressenza.com\/es\/2017\/12\/beatriz-sanchez-anuncia-apoyo-guillier-hoy-voto-pinera\/#primaryimage\",\"url\":\"https:\/\/www.pressenza.com\/wp-content\/uploads\/2017\/12\/beatriz-s--nchez-580x350.jpg\",\"contentUrl\":\"https:\/\/www.pressenza.com\/wp-content\/uploads\/2017\/12\/beatriz-s--nchez-580x350.jpg\",\"width\":580,\"height\":350},{\"@type\":\"BreadcrumbList\",\"@id\":\"https:\/\/www.pressenza.com\/es\/2017\/12\/beatriz-sanchez-anuncia-apoyo-guillier-hoy-voto-pinera\/#breadcrumb\",\"itemListElement\":[{\"@type\":\"ListItem\",\"position\":1,\"name\":\"Accueil\",\"item\":\"https:\/\/www.pressenza.com\/es\/\"},{\"@type\":\"ListItem\",\"position\":2,\"name\":\"Beatriz S\u00e1nchez anuncia apoyo a Guillier: \u201cHoy mi voto es contra Pi\u00f1era\u201d\"}]},{\"@type\":\"WebSite\",\"@id\":\"https:\/\/www.pressenza.com\/es\/#website\",\"url\":\"https:\/\/www.pressenza.com\/es\/\",\"name\":\"Pressenza\",\"description\":\"International Press Agency\",\"publisher\":{\"@id\":\"https:\/\/www.pressenza.com\/es\/#organization\"},\"potentialAction\":[{\"@type\":\"SearchAction\",\"target\":{\"@type\":\"EntryPoint\",\"urlTemplate\":\"https:\/\/www.pressenza.com\/es\/?s={search_term_string}\"},\"query-input\":{\"@type\":\"PropertyValueSpecification\",\"valueRequired\":true,\"valueName\":\"search_term_string\"}}],\"inLanguage\":\"es\"},{\"@type\":\"Organization\",\"@id\":\"https:\/\/www.pressenza.com\/es\/#organization\",\"name\":\"Pressenza\",\"url\":\"https:\/\/www.pressenza.com\/es\/\",\"logo\":{\"@type\":\"ImageObject\",\"inLanguage\":\"es\",\"@id\":\"https:\/\/www.pressenza.com\/es\/#\/schema\/logo\/image\/\",\"url\":\"https:\/\/www.pressenza.com\/wp-content\/uploads\/2022\/10\/pressenza_logo_200x200.jpg\",\"contentUrl\":\"https:\/\/www.pressenza.com\/wp-content\/uploads\/2022\/10\/pressenza_logo_200x200.jpg\",\"width\":200,\"height\":200,\"caption\":\"Pressenza\"},\"image\":{\"@id\":\"https:\/\/www.pressenza.com\/es\/#\/schema\/logo\/image\/\"},\"sameAs\":[\"https:\/\/www.facebook.com\/PressenzaItalia\",\"https:\/\/x.com\/PressenzaIPA\"]},{\"@type\":\"Person\",\"@id\":\"https:\/\/www.pressenza.com\/es\/#\/schema\/person\/d5cdd4d29826f1ed6d2d96525259c965\",\"name\":\"El Desconcierto\",\"description\":\"Somos un grupo de profesionales del \u00e1mbito de las ciencias sociales y la industria editorial, que nos reunimos a fines del 2011 con el objetivo de levantar un medio de comunicaci\u00f3n digital conectado con las principales tendencias transformadoras de la sociedad del siglo 21. Nuestros principales focos son las noticias sobre derechos sociales y medio ambiente; los debates de pol\u00edtica, educaci\u00f3n, g\u00e9nero y diversidad sexual; los temas de cultura, transparencia y pueblos originarios. Desarrollamos un periodismo riguroso orientado a personas que valoran contenidos que les permitan reflexionar y descubrir nuevos horizontes de pensamiento, vinculados al fortalecimiento de la democracia participativa, la sustentabilidad y el buen vivir en el planeta. Para hacer sostenible este medio de comunicaci\u00f3n pluralista e independiente hemos lanzado la campa\u00f1a \u2018Hazte Socio\u2019 cuya finalidad es co-crear una comunidad de lectores\/as m\u00e1s cr\u00edtica y propositiva que desea participar colaborativamente en la construcci\u00f3n de un mundo mejor. El periodismo independiente y sin censura en Chile es necesario para todas y todos.\",\"sameAs\":[\"http:\/\/www.eldesconcierto.cl\/\"],\"url\":\"https:\/\/www.pressenza.com\/es\/author\/el-desconcierto\/\"}]}<\/script>\n<!-- \/ Yoast SEO plugin. -->","yoast_head_json":{"title":"Beatriz S\u00e1nchez anuncia apoyo a Guillier: \u201cHoy mi voto es contra Pi\u00f1era\u201d","description":"La ex candidata presidencial del Frente Amplio dijo que el candidato de Chile Vamos super\u00f3 todos los l\u00edmites y es un \"riesgo\" para el pa\u00eds. La pol\u00e9mica","robots":{"index":"index","follow":"follow","max-snippet":"max-snippet:-1","max-image-preview":"max-image-preview:large","max-video-preview":"max-video-preview:-1"},"canonical":"https:\/\/www.pressenza.com\/es\/2017\/12\/beatriz-sanchez-anuncia-apoyo-guillier-hoy-voto-pinera\/","og_locale":"es_ES","og_type":"article","og_title":"Beatriz S\u00e1nchez anuncia apoyo a Guillier: \u201cHoy mi voto es contra Pi\u00f1era\u201d","og_description":"La ex candidata presidencial del Frente Amplio dijo que el candidato de Chile Vamos super\u00f3 todos los l\u00edmites y es un \"riesgo\" para el pa\u00eds. La pol\u00e9mica","og_url":"https:\/\/www.pressenza.com\/es\/2017\/12\/beatriz-sanchez-anuncia-apoyo-guillier-hoy-voto-pinera\/","og_site_name":"Pressenza","article_publisher":"https:\/\/www.facebook.com\/PressenzaItalia","article_published_time":"2017-12-05T01:31:35+00:00","og_image":[{"width":580,"height":350,"url":"https:\/\/www.pressenza.com\/wp-content\/uploads\/2017\/12\/beatriz-s--nchez-580x350.jpg","type":"image\/jpeg"}],"author":"El Desconcierto","twitter_card":"summary_large_image","twitter_creator":"@PressenzaIPA","twitter_site":"@PressenzaIPA","twitter_misc":{"Escrito por":"El Desconcierto","Tiempo de lectura":"1 minuto"},"schema":{"@context":"https:\/\/schema.org","@graph":[{"@type":"Article","@id":"https:\/\/www.pressenza.com\/es\/2017\/12\/beatriz-sanchez-anuncia-apoyo-guillier-hoy-voto-pinera\/#article","isPartOf":{"@id":"https:\/\/www.pressenza.com\/es\/2017\/12\/beatriz-sanchez-anuncia-apoyo-guillier-hoy-voto-pinera\/"},"author":{"name":"El Desconcierto","@id":"https:\/\/www.pressenza.com\/es\/#\/schema\/person\/d5cdd4d29826f1ed6d2d96525259c965"},"headline":"Beatriz S\u00e1nchez anuncia apoyo a Guillier: \u201cHoy mi voto es contra Pi\u00f1era\u201d","datePublished":"2017-12-05T01:31:35+00:00","mainEntityOfPage":{"@id":"https:\/\/www.pressenza.com\/es\/2017\/12\/beatriz-sanchez-anuncia-apoyo-guillier-hoy-voto-pinera\/"},"wordCount":296,"publisher":{"@id":"https:\/\/www.pressenza.com\/es\/#organization"},"image":{"@id":"https:\/\/www.pressenza.com\/es\/2017\/12\/beatriz-sanchez-anuncia-apoyo-guillier-hoy-voto-pinera\/#primaryimage"},"thumbnailUrl":"https:\/\/www.pressenza.com\/wp-content\/uploads\/2017\/12\/beatriz-s--nchez-580x350.jpg","keywords":["Alejandro Guillier","Beatriz S\u00e1nchez","Chile","Frente Amplio","Sebasti\u00e1n Pi\u00f1era"],"articleSection":["Pol\u00edtica","Sudam\u00e9rica"],"inLanguage":"es"},{"@type":"WebPage","@id":"https:\/\/www.pressenza.com\/es\/2017\/12\/beatriz-sanchez-anuncia-apoyo-guillier-hoy-voto-pinera\/","url":"https:\/\/www.pressenza.com\/es\/2017\/12\/beatriz-sanchez-anuncia-apoyo-guillier-hoy-voto-pinera\/","name":"Beatriz S\u00e1nchez anuncia apoyo a Guillier: \u201cHoy mi voto es contra Pi\u00f1era\u201d","isPartOf":{"@id":"https:\/\/www.pressenza.com\/es\/#website"},"primaryImageOfPage":{"@id":"https:\/\/www.pressenza.com\/es\/2017\/12\/beatriz-sanchez-anuncia-apoyo-guillier-hoy-voto-pinera\/#primaryimage"},"image":{"@id":"https:\/\/www.pressenza.com\/es\/2017\/12\/beatriz-sanchez-anuncia-apoyo-guillier-hoy-voto-pinera\/#primaryimage"},"thumbnailUrl":"https:\/\/www.pressenza.com\/wp-content\/uploads\/2017\/12\/beatriz-s--nchez-580x350.jpg","datePublished":"2017-12-05T01:31:35+00:00","description":"La ex candidata presidencial del Frente Amplio dijo que el candidato de Chile Vamos super\u00f3 todos los l\u00edmites y es un \"riesgo\" para el pa\u00eds. La pol\u00e9mica","breadcrumb":{"@id":"https:\/\/www.pressenza.com\/es\/2017\/12\/beatriz-sanchez-anuncia-apoyo-guillier-hoy-voto-pinera\/#breadcrumb"},"inLanguage":"es","potentialAction":[{"@type":"ReadAction","target":["https:\/\/www.pressenza.com\/es\/2017\/12\/beatriz-sanchez-anuncia-apoyo-guillier-hoy-voto-pinera\/"]}]},{"@type":"ImageObject","inLanguage":"es","@id":"https:\/\/www.pressenza.com\/es\/2017\/12\/beatriz-sanchez-anuncia-apoyo-guillier-hoy-voto-pinera\/#primaryimage","url":"https:\/\/www.pressenza.com\/wp-content\/uploads\/2017\/12\/beatriz-s--nchez-580x350.jpg","contentUrl":"https:\/\/www.pressenza.com\/wp-content\/uploads\/2017\/12\/beatriz-s--nchez-580x350.jpg","width":580,"height":350},{"@type":"BreadcrumbList","@id":"https:\/\/www.pressenza.com\/es\/2017\/12\/beatriz-sanchez-anuncia-apoyo-guillier-hoy-voto-pinera\/#breadcrumb","itemListElement":[{"@type":"ListItem","position":1,"name":"Accueil","item":"https:\/\/www.pressenza.com\/es\/"},{"@type":"ListItem","position":2,"name":"Beatriz S\u00e1nchez anuncia apoyo a Guillier: \u201cHoy mi voto es contra Pi\u00f1era\u201d"}]},{"@type":"WebSite","@id":"https:\/\/www.pressenza.com\/es\/#website","url":"https:\/\/www.pressenza.com\/es\/","name":"Pressenza","description":"International Press Agency","publisher":{"@id":"https:\/\/www.pressenza.com\/es\/#organization"},"potentialAction":[{"@type":"SearchAction","target":{"@type":"EntryPoint","urlTemplate":"https:\/\/www.pressenza.com\/es\/?s={search_term_string}"},"query-input":{"@type":"PropertyValueSpecification","valueRequired":true,"valueName":"search_term_string"}}],"inLanguage":"es"},{"@type":"Organization","@id":"https:\/\/www.pressenza.com\/es\/#organization","name":"Pressenza","url":"https:\/\/www.pressenza.com\/es\/","logo":{"@type":"ImageObject","inLanguage":"es","@id":"https:\/\/www.pressenza.com\/es\/#\/schema\/logo\/image\/","url":"https:\/\/www.pressenza.com\/wp-content\/uploads\/2022\/10\/pressenza_logo_200x200.jpg","contentUrl":"https:\/\/www.pressenza.com\/wp-content\/uploads\/2022\/10\/pressenza_logo_200x200.jpg","width":200,"height":200,"caption":"Pressenza"},"image":{"@id":"https:\/\/www.pressenza.com\/es\/#\/schema\/logo\/image\/"},"sameAs":["https:\/\/www.facebook.com\/PressenzaItalia","https:\/\/x.com\/PressenzaIPA"]},{"@type":"Person","@id":"https:\/\/www.pressenza.com\/es\/#\/schema\/person\/d5cdd4d29826f1ed6d2d96525259c965","name":"El Desconcierto","description":"Somos un grupo de profesionales del \u00e1mbito de las ciencias sociales y la industria editorial, que nos reunimos a fines del 2011 con el objetivo de levantar un medio de comunicaci\u00f3n digital conectado con las principales tendencias transformadoras de la sociedad del siglo 21. Nuestros principales focos son las noticias sobre derechos sociales y medio ambiente; los debates de pol\u00edtica, educaci\u00f3n, g\u00e9nero y diversidad sexual; los temas de cultura, transparencia y pueblos originarios. Desarrollamos un periodismo riguroso orientado a personas que valoran contenidos que les permitan reflexionar y descubrir nuevos horizontes de pensamiento, vinculados al fortalecimiento de la democracia participativa, la sustentabilidad y el buen vivir en el planeta. Para hacer sostenible este medio de comunicaci\u00f3n pluralista e independiente hemos lanzado la campa\u00f1a \u2018Hazte Socio\u2019 cuya finalidad es co-crear una comunidad de lectores\/as m\u00e1s cr\u00edtica y propositiva que desea participar colaborativamente en la construcci\u00f3n de un mundo mejor. El periodismo independiente y sin censura en Chile es necesario para todas y todos.","sameAs":["http:\/\/www.eldesconcierto.cl\/"],"url":"https:\/\/www.pressenza.com\/es\/author\/el-desconcierto\/"}]}},"place":"Santiago de Chile","original_article_url":"","_links":{"self":[{"href":"https:\/\/www.pressenza.com\/es\/wp-json\/wp\/v2\/posts\/566974","targetHints":{"allow":["GET"]}}],"collection":[{"href":"https:\/\/www.pressenza.com\/es\/wp-json\/wp\/v2\/posts"}],"about":[{"href":"https:\/\/www.pressenza.com\/es\/wp-json\/wp\/v2\/types\/post"}],"author":[{"embeddable":true,"href":"https:\/\/www.pressenza.com\/es\/wp-json\/wp\/v2\/users\/1470"}],"replies":[{"embeddable":true,"href":"https:\/\/www.pressenza.com\/es\/wp-json\/wp\/v2\/comments?post=566974"}],"version-history":[{"count":0,"href":"https:\/\/www.pressenza.com\/es\/wp-json\/wp\/v2\/posts\/566974\/revisions"}],"wp:featuredmedia":[{"embeddable":true,"href":"https:\/\/www.pressenza.com\/es\/wp-json\/wp\/v2\/media\/566975"}],"wp:attachment":[{"href":"https:\/\/www.pressenza.com\/es\/wp-json\/wp\/v2\/media?parent=566974"}],"wp:term":[{"taxonomy":"category","embeddable":true,"href":"https:\/\/www.pressenza.com\/es\/wp-json\/wp\/v2\/categories?post=566974"},{"taxonomy":"post_tag","embeddable":true,"href":"https:\/\/www.pressenza.com\/es\/wp-json\/wp\/v2\/tags?post=566974"}],"curies":[{"name":"wp","href":"https:\/\/api.w.org\/{rel}","templated":true}]}}