{"id":565984,"date":"2017-12-02T15:29:12","date_gmt":"2017-12-02T15:29:12","guid":{"rendered":"https:\/\/www.pressenza.com\/?p=565984\/"},"modified":"2017-12-02T15:29:12","modified_gmt":"2017-12-02T15:29:12","slug":"pena-nieto-se-triplicaron-las-desapariciones-menores-mexico","status":"publish","type":"post","link":"https:\/\/www.pressenza.com\/es\/2017\/12\/pena-nieto-se-triplicaron-las-desapariciones-menores-mexico\/","title":{"rendered":"Con Pe\u00f1a Nieto se triplicaron las desapariciones de menores en M\u00e9xico"},"content":{"rendered":"<p>En lo que va de gobierno de Enrique Pe\u00f1a Nieto se han triplicado el n\u00famero de ni\u00f1os y adolescentes desaparecidos en M\u00e9xico. Entre 2006 y 2012 se hab\u00edan registrado 1.854 casos, mientras que desde que asumi\u00f3 el l\u00edder del PRI la cifra escal\u00f3 a 4.394 de 2013 a julio de este a\u00f1o.<\/p>\n<p>Esto es lo que revela un informe de la Red por los Derechos de la Infancia (Redim) y si se compara con el Registro Nacional de Datos de Personas Extraviadas o Desaparecidas (RNPED), muestra que desde 1979 se reportaron poco m\u00e1s de seis mil casos de desapariciones de ni\u00f1os y adolescentes de los 33 mil registrados totales.<\/p>\n<p>Lo que muestran estas estad\u00edsticas es que el 70 % de las desapariciones de menores se dieron durante el gobierno de EPN, a lo que las organizaciones de defensa de derechos humanos denuncian como una \u201cepidemia\u201d.<\/p>\n<p>\u201cEl Estado de M\u00e9xico representa el reino de la impunidad de este pa\u00eds. Claramente muestra c\u00f3mo el crimen organizado puede capturar al Estado. Puede mostrar c\u00f3mo la vida de las personas, literalmente, no vale nada\u201d, dijo a Animal Pol\u00edtico el director de Redim, Juan Mart\u00edn P\u00e9rez. Un tercio de las desapariciones ocurrieron en el Estado que gobernaba Pe\u00f1a Nieto antes de ser presidente.<\/p>\n<p>Redim desestima que el n\u00famero mayor de desapariciones se deba a la mayor poblaci\u00f3n del Edomex, ya que en la tasa de desapariciones de menores por cada 100 mil habitantes se impone con diferencia. Los siguientes Estados de la verg\u00fcenza son Puebla, Sinaloa y Colima.<\/p>\n<p>La Red advierte que las obras oficiales solo muestran un peque\u00f1o porcentaje de la problem\u00e1tica real, ya que el 93.6 % de los delitos cometidos contra menores no se denuncian.<\/p>\n<p>\u201cHay una ruptura terrible en 2011 en el marco de la lucha contra el narco, cuando se empezaron a fragmentar los grupos criminales rompieron sus c\u00f3digos de relaci\u00f3n: eso significaba no tocar a las familias y eso se rompi\u00f3. Empez\u00f3 a haber muchos homicidios de ni\u00f1os que iban con sus padres, para dar la lecci\u00f3n de cobrar la vida de los seres queridos\u201d, relata P\u00e9rez, quien adem\u00e1s lamenta que ya no se respeta el l\u00edmite de no tocar a los ni\u00f1os, siendo el 5 % de los homicidios totales en M\u00e9xico, los que sufren menores de 17 a\u00f1os.<\/p>\n<p>Seis de cada diez desapariciones se tratan de ni\u00f1as y adolescentes mujeres y esto se explica por el aumento exponencial de la trata de personas con fines de explotaci\u00f3n sexual, que se ha convertido en una nueva vertiente del negocio de los narcos.<\/p>\n<p>Otro factor para la desprotecci\u00f3n de menores tiene que ver con la migraci\u00f3n ilegal, en la que se suman muchos menores que viajan solos esperando reencontrarse con sus padres en Estados Unidos. Este fen\u00f3meno se ha disparado en los \u00faltimos tres a\u00f1os y el gobierno mexicano lejos de generar pol\u00edticas p\u00fablicas al respecto se dedica a deportar a los menores a sus pa\u00edses de origen en Centroam\u00e9rica. Escapar al destino de deportaci\u00f3n vuelve m\u00e1s vulnerables, si cabe, a los menores que migran sin compa\u00f1\u00eda de familiares mayores de edad.<\/p>\n<p>Para el Director de Redim se deben cambiar los paradigmas de respuesta del Estado mexicano y debe dejar de considerar extraviado a los menores y activar inmediatamente las alertas de desaparici\u00f3n para agilizar los protocolos para su b\u00fasqueda. \u201cLo importante es entender que es un tema grave que requiere respuesta institucional articulada, es un delito vivo, latente, son ni\u00f1os que mientras tanto pueden estar siendo v\u00edctimas de otros delitos\u201d, concluye P\u00e9rez.<\/p>\n<p><em>Con informaci\u00f3n de Animal Pol\u00edtico.<\/em><\/p>\n","protected":false},"excerpt":{"rendered":"<p>En lo que va de gobierno de Enrique Pe\u00f1a Nieto se han triplicado el n\u00famero de ni\u00f1os y adolescentes desaparecidos en M\u00e9xico. Entre 2006 y 2012 se hab\u00edan registrado 1.854 casos, mientras que desde que asumi\u00f3 el l\u00edder del PRI&hellip;<\/p>\n","protected":false},"author":96,"featured_media":565985,"comment_status":"closed","ping_status":"closed","sticky":false,"template":"","format":"standard","meta":{"footnotes":""},"categories":[69,11389,79,68],"tags":[20206,6170,42168,1321,15715,2427,2508,623],"class_list":["post-565984","post","type-post","status-publish","format-standard","has-post-thumbnail","hentry","category-america-central","category-contenido-original","category-derechos-humanos","category-norteamerica","tag-desapariciones","tag-enrique-pena-nieto","tag-menores-desaparecidos","tag-mexico","tag-migracion","tag-narcotrafico","tag-trata-de-personas","tag-violencia"],"yoast_head":"<!-- This site is optimized with the Yoast SEO plugin v27.1.1 - https:\/\/yoast.com\/product\/yoast-seo-wordpress\/ -->\n<title>Con Pe\u00f1a Nieto se triplicaron las desapariciones de menores en M\u00e9xico<\/title>\n<meta name=\"description\" content=\"En lo que va de gobierno de Enrique Pe\u00f1a Nieto se han triplicado el n\u00famero de ni\u00f1os y adolescentes desaparecidos en M\u00e9xico. Entre 2006 y 2012 se hab\u00edan\" \/>\n<meta name=\"robots\" content=\"index, follow, max-snippet:-1, max-image-preview:large, max-video-preview:-1\" \/>\n<link rel=\"canonical\" href=\"https:\/\/www.pressenza.com\/es\/2017\/12\/pena-nieto-se-triplicaron-las-desapariciones-menores-mexico\/\" \/>\n<meta property=\"og:locale\" content=\"es_ES\" \/>\n<meta property=\"og:type\" content=\"article\" \/>\n<meta property=\"og:title\" content=\"Con Pe\u00f1a Nieto se triplicaron las desapariciones de menores en M\u00e9xico\" \/>\n<meta property=\"og:description\" content=\"En lo que va de gobierno de Enrique Pe\u00f1a Nieto se han triplicado el n\u00famero de ni\u00f1os y adolescentes desaparecidos en M\u00e9xico. Entre 2006 y 2012 se hab\u00edan\" \/>\n<meta property=\"og:url\" content=\"https:\/\/www.pressenza.com\/es\/2017\/12\/pena-nieto-se-triplicaron-las-desapariciones-menores-mexico\/\" \/>\n<meta property=\"og:site_name\" content=\"Pressenza\" \/>\n<meta property=\"article:publisher\" content=\"https:\/\/www.facebook.com\/PressenzaItalia\" \/>\n<meta property=\"article:author\" content=\"https:\/\/www.facebook.com\/mariano.quiroga.779\" \/>\n<meta property=\"article:published_time\" content=\"2017-12-02T15:29:12+00:00\" \/>\n<meta property=\"og:image\" content=\"https:\/\/www.pressenza.com\/wp-content\/uploads\/2017\/12\/sock-256961_1920.jpg\" \/>\n\t<meta property=\"og:image:width\" content=\"1920\" \/>\n\t<meta property=\"og:image:height\" content=\"1280\" \/>\n\t<meta property=\"og:image:type\" content=\"image\/jpeg\" \/>\n<meta name=\"author\" content=\"Mariano Quiroga\" \/>\n<meta name=\"twitter:card\" content=\"summary_large_image\" \/>\n<meta name=\"twitter:creator\" content=\"@MaruchoQuiroga\" \/>\n<meta name=\"twitter:site\" content=\"@PressenzaIPA\" \/>\n<meta name=\"twitter:label1\" content=\"Escrito por\" \/>\n\t<meta name=\"twitter:data1\" content=\"Mariano Quiroga\" \/>\n\t<meta name=\"twitter:label2\" content=\"Tiempo de lectura\" \/>\n\t<meta name=\"twitter:data2\" content=\"3 minutos\" \/>\n<script type=\"application\/ld+json\" class=\"yoast-schema-graph\">{\"@context\":\"https:\/\/schema.org\",\"@graph\":[{\"@type\":\"Article\",\"@id\":\"https:\/\/www.pressenza.com\/es\/2017\/12\/pena-nieto-se-triplicaron-las-desapariciones-menores-mexico\/#article\",\"isPartOf\":{\"@id\":\"https:\/\/www.pressenza.com\/es\/2017\/12\/pena-nieto-se-triplicaron-las-desapariciones-menores-mexico\/\"},\"author\":{\"name\":\"Mariano Quiroga\",\"@id\":\"https:\/\/www.pressenza.com\/es\/#\/schema\/person\/a0856fe41d8234b92503e6b28dc2585e\"},\"headline\":\"Con Pe\u00f1a Nieto se triplicaron las desapariciones de menores en M\u00e9xico\",\"datePublished\":\"2017-12-02T15:29:12+00:00\",\"mainEntityOfPage\":{\"@id\":\"https:\/\/www.pressenza.com\/es\/2017\/12\/pena-nieto-se-triplicaron-las-desapariciones-menores-mexico\/\"},\"wordCount\":639,\"publisher\":{\"@id\":\"https:\/\/www.pressenza.com\/es\/#organization\"},\"image\":{\"@id\":\"https:\/\/www.pressenza.com\/es\/2017\/12\/pena-nieto-se-triplicaron-las-desapariciones-menores-mexico\/#primaryimage\"},\"thumbnailUrl\":\"https:\/\/www.pressenza.com\/wp-content\/uploads\/2017\/12\/sock-256961_1920.jpg\",\"keywords\":[\"desapariciones\",\"Enrique Pe\u00f1a Nieto\",\"menores desaparecidos\",\"M\u00e9xico\",\"migraci\u00f3n\",\"narcotr\u00e1fico\",\"trata de personas\",\"Violencia\"],\"articleSection\":[\"Am\u00e9rica Central\",\"Contenido Original\",\"Derechos Humanos\",\"Norteam\u00e9rica\"],\"inLanguage\":\"es\"},{\"@type\":\"WebPage\",\"@id\":\"https:\/\/www.pressenza.com\/es\/2017\/12\/pena-nieto-se-triplicaron-las-desapariciones-menores-mexico\/\",\"url\":\"https:\/\/www.pressenza.com\/es\/2017\/12\/pena-nieto-se-triplicaron-las-desapariciones-menores-mexico\/\",\"name\":\"Con Pe\u00f1a Nieto se triplicaron las desapariciones de menores en M\u00e9xico\",\"isPartOf\":{\"@id\":\"https:\/\/www.pressenza.com\/es\/#website\"},\"primaryImageOfPage\":{\"@id\":\"https:\/\/www.pressenza.com\/es\/2017\/12\/pena-nieto-se-triplicaron-las-desapariciones-menores-mexico\/#primaryimage\"},\"image\":{\"@id\":\"https:\/\/www.pressenza.com\/es\/2017\/12\/pena-nieto-se-triplicaron-las-desapariciones-menores-mexico\/#primaryimage\"},\"thumbnailUrl\":\"https:\/\/www.pressenza.com\/wp-content\/uploads\/2017\/12\/sock-256961_1920.jpg\",\"datePublished\":\"2017-12-02T15:29:12+00:00\",\"description\":\"En lo que va de gobierno de Enrique Pe\u00f1a Nieto se han triplicado el n\u00famero de ni\u00f1os y adolescentes desaparecidos en M\u00e9xico. Entre 2006 y 2012 se hab\u00edan\",\"breadcrumb\":{\"@id\":\"https:\/\/www.pressenza.com\/es\/2017\/12\/pena-nieto-se-triplicaron-las-desapariciones-menores-mexico\/#breadcrumb\"},\"inLanguage\":\"es\",\"potentialAction\":[{\"@type\":\"ReadAction\",\"target\":[\"https:\/\/www.pressenza.com\/es\/2017\/12\/pena-nieto-se-triplicaron-las-desapariciones-menores-mexico\/\"]}]},{\"@type\":\"ImageObject\",\"inLanguage\":\"es\",\"@id\":\"https:\/\/www.pressenza.com\/es\/2017\/12\/pena-nieto-se-triplicaron-las-desapariciones-menores-mexico\/#primaryimage\",\"url\":\"https:\/\/www.pressenza.com\/wp-content\/uploads\/2017\/12\/sock-256961_1920.jpg\",\"contentUrl\":\"https:\/\/www.pressenza.com\/wp-content\/uploads\/2017\/12\/sock-256961_1920.jpg\",\"width\":1920,\"height\":1280},{\"@type\":\"BreadcrumbList\",\"@id\":\"https:\/\/www.pressenza.com\/es\/2017\/12\/pena-nieto-se-triplicaron-las-desapariciones-menores-mexico\/#breadcrumb\",\"itemListElement\":[{\"@type\":\"ListItem\",\"position\":1,\"name\":\"Accueil\",\"item\":\"https:\/\/www.pressenza.com\/es\/\"},{\"@type\":\"ListItem\",\"position\":2,\"name\":\"Con Pe\u00f1a Nieto se triplicaron las desapariciones de menores en M\u00e9xico\"}]},{\"@type\":\"WebSite\",\"@id\":\"https:\/\/www.pressenza.com\/es\/#website\",\"url\":\"https:\/\/www.pressenza.com\/es\/\",\"name\":\"Pressenza\",\"description\":\"International Press Agency\",\"publisher\":{\"@id\":\"https:\/\/www.pressenza.com\/es\/#organization\"},\"potentialAction\":[{\"@type\":\"SearchAction\",\"target\":{\"@type\":\"EntryPoint\",\"urlTemplate\":\"https:\/\/www.pressenza.com\/es\/?s={search_term_string}\"},\"query-input\":{\"@type\":\"PropertyValueSpecification\",\"valueRequired\":true,\"valueName\":\"search_term_string\"}}],\"inLanguage\":\"es\"},{\"@type\":\"Organization\",\"@id\":\"https:\/\/www.pressenza.com\/es\/#organization\",\"name\":\"Pressenza\",\"url\":\"https:\/\/www.pressenza.com\/es\/\",\"logo\":{\"@type\":\"ImageObject\",\"inLanguage\":\"es\",\"@id\":\"https:\/\/www.pressenza.com\/es\/#\/schema\/logo\/image\/\",\"url\":\"https:\/\/www.pressenza.com\/wp-content\/uploads\/2022\/10\/pressenza_logo_200x200.jpg\",\"contentUrl\":\"https:\/\/www.pressenza.com\/wp-content\/uploads\/2022\/10\/pressenza_logo_200x200.jpg\",\"width\":200,\"height\":200,\"caption\":\"Pressenza\"},\"image\":{\"@id\":\"https:\/\/www.pressenza.com\/es\/#\/schema\/logo\/image\/\"},\"sameAs\":[\"https:\/\/www.facebook.com\/PressenzaItalia\",\"https:\/\/x.com\/PressenzaIPA\"]},{\"@type\":\"Person\",\"@id\":\"https:\/\/www.pressenza.com\/es\/#\/schema\/person\/a0856fe41d8234b92503e6b28dc2585e\",\"name\":\"Mariano Quiroga\",\"description\":\"Born in Buenos Aires, Argentina, in 1976, Mariano is a journalist, poet and international editor for Pressenza. His career includes publications in different countries and languages. Currently he is presenter on radio programmes in Ecuador and Argentina. A humanist communicator specialising in international politics, his vocation has led him to seek to build bridges that allow relationships to be made between data, events, people and contexts in order to create an inclusive look that synthesises the noblest searches for social justice and humanisation of the planet.\",\"sameAs\":[\"https:\/\/www.facebook.com\/mariano.quiroga.779\",\"https:\/\/x.com\/MaruchoQuiroga\"],\"url\":\"https:\/\/www.pressenza.com\/es\/author\/mariano-quiroga\/\"}]}<\/script>\n<!-- \/ Yoast SEO plugin. -->","yoast_head_json":{"title":"Con Pe\u00f1a Nieto se triplicaron las desapariciones de menores en M\u00e9xico","description":"En lo que va de gobierno de Enrique Pe\u00f1a Nieto se han triplicado el n\u00famero de ni\u00f1os y adolescentes desaparecidos en M\u00e9xico. Entre 2006 y 2012 se hab\u00edan","robots":{"index":"index","follow":"follow","max-snippet":"max-snippet:-1","max-image-preview":"max-image-preview:large","max-video-preview":"max-video-preview:-1"},"canonical":"https:\/\/www.pressenza.com\/es\/2017\/12\/pena-nieto-se-triplicaron-las-desapariciones-menores-mexico\/","og_locale":"es_ES","og_type":"article","og_title":"Con Pe\u00f1a Nieto se triplicaron las desapariciones de menores en M\u00e9xico","og_description":"En lo que va de gobierno de Enrique Pe\u00f1a Nieto se han triplicado el n\u00famero de ni\u00f1os y adolescentes desaparecidos en M\u00e9xico. Entre 2006 y 2012 se hab\u00edan","og_url":"https:\/\/www.pressenza.com\/es\/2017\/12\/pena-nieto-se-triplicaron-las-desapariciones-menores-mexico\/","og_site_name":"Pressenza","article_publisher":"https:\/\/www.facebook.com\/PressenzaItalia","article_author":"https:\/\/www.facebook.com\/mariano.quiroga.779","article_published_time":"2017-12-02T15:29:12+00:00","og_image":[{"width":1920,"height":1280,"url":"https:\/\/www.pressenza.com\/wp-content\/uploads\/2017\/12\/sock-256961_1920.jpg","type":"image\/jpeg"}],"author":"Mariano Quiroga","twitter_card":"summary_large_image","twitter_creator":"@MaruchoQuiroga","twitter_site":"@PressenzaIPA","twitter_misc":{"Escrito por":"Mariano Quiroga","Tiempo de lectura":"3 minutos"},"schema":{"@context":"https:\/\/schema.org","@graph":[{"@type":"Article","@id":"https:\/\/www.pressenza.com\/es\/2017\/12\/pena-nieto-se-triplicaron-las-desapariciones-menores-mexico\/#article","isPartOf":{"@id":"https:\/\/www.pressenza.com\/es\/2017\/12\/pena-nieto-se-triplicaron-las-desapariciones-menores-mexico\/"},"author":{"name":"Mariano Quiroga","@id":"https:\/\/www.pressenza.com\/es\/#\/schema\/person\/a0856fe41d8234b92503e6b28dc2585e"},"headline":"Con Pe\u00f1a Nieto se triplicaron las desapariciones de menores en M\u00e9xico","datePublished":"2017-12-02T15:29:12+00:00","mainEntityOfPage":{"@id":"https:\/\/www.pressenza.com\/es\/2017\/12\/pena-nieto-se-triplicaron-las-desapariciones-menores-mexico\/"},"wordCount":639,"publisher":{"@id":"https:\/\/www.pressenza.com\/es\/#organization"},"image":{"@id":"https:\/\/www.pressenza.com\/es\/2017\/12\/pena-nieto-se-triplicaron-las-desapariciones-menores-mexico\/#primaryimage"},"thumbnailUrl":"https:\/\/www.pressenza.com\/wp-content\/uploads\/2017\/12\/sock-256961_1920.jpg","keywords":["desapariciones","Enrique Pe\u00f1a Nieto","menores desaparecidos","M\u00e9xico","migraci\u00f3n","narcotr\u00e1fico","trata de personas","Violencia"],"articleSection":["Am\u00e9rica Central","Contenido Original","Derechos Humanos","Norteam\u00e9rica"],"inLanguage":"es"},{"@type":"WebPage","@id":"https:\/\/www.pressenza.com\/es\/2017\/12\/pena-nieto-se-triplicaron-las-desapariciones-menores-mexico\/","url":"https:\/\/www.pressenza.com\/es\/2017\/12\/pena-nieto-se-triplicaron-las-desapariciones-menores-mexico\/","name":"Con Pe\u00f1a Nieto se triplicaron las desapariciones de menores en M\u00e9xico","isPartOf":{"@id":"https:\/\/www.pressenza.com\/es\/#website"},"primaryImageOfPage":{"@id":"https:\/\/www.pressenza.com\/es\/2017\/12\/pena-nieto-se-triplicaron-las-desapariciones-menores-mexico\/#primaryimage"},"image":{"@id":"https:\/\/www.pressenza.com\/es\/2017\/12\/pena-nieto-se-triplicaron-las-desapariciones-menores-mexico\/#primaryimage"},"thumbnailUrl":"https:\/\/www.pressenza.com\/wp-content\/uploads\/2017\/12\/sock-256961_1920.jpg","datePublished":"2017-12-02T15:29:12+00:00","description":"En lo que va de gobierno de Enrique Pe\u00f1a Nieto se han triplicado el n\u00famero de ni\u00f1os y adolescentes desaparecidos en M\u00e9xico. Entre 2006 y 2012 se hab\u00edan","breadcrumb":{"@id":"https:\/\/www.pressenza.com\/es\/2017\/12\/pena-nieto-se-triplicaron-las-desapariciones-menores-mexico\/#breadcrumb"},"inLanguage":"es","potentialAction":[{"@type":"ReadAction","target":["https:\/\/www.pressenza.com\/es\/2017\/12\/pena-nieto-se-triplicaron-las-desapariciones-menores-mexico\/"]}]},{"@type":"ImageObject","inLanguage":"es","@id":"https:\/\/www.pressenza.com\/es\/2017\/12\/pena-nieto-se-triplicaron-las-desapariciones-menores-mexico\/#primaryimage","url":"https:\/\/www.pressenza.com\/wp-content\/uploads\/2017\/12\/sock-256961_1920.jpg","contentUrl":"https:\/\/www.pressenza.com\/wp-content\/uploads\/2017\/12\/sock-256961_1920.jpg","width":1920,"height":1280},{"@type":"BreadcrumbList","@id":"https:\/\/www.pressenza.com\/es\/2017\/12\/pena-nieto-se-triplicaron-las-desapariciones-menores-mexico\/#breadcrumb","itemListElement":[{"@type":"ListItem","position":1,"name":"Accueil","item":"https:\/\/www.pressenza.com\/es\/"},{"@type":"ListItem","position":2,"name":"Con Pe\u00f1a Nieto se triplicaron las desapariciones de menores en M\u00e9xico"}]},{"@type":"WebSite","@id":"https:\/\/www.pressenza.com\/es\/#website","url":"https:\/\/www.pressenza.com\/es\/","name":"Pressenza","description":"International Press Agency","publisher":{"@id":"https:\/\/www.pressenza.com\/es\/#organization"},"potentialAction":[{"@type":"SearchAction","target":{"@type":"EntryPoint","urlTemplate":"https:\/\/www.pressenza.com\/es\/?s={search_term_string}"},"query-input":{"@type":"PropertyValueSpecification","valueRequired":true,"valueName":"search_term_string"}}],"inLanguage":"es"},{"@type":"Organization","@id":"https:\/\/www.pressenza.com\/es\/#organization","name":"Pressenza","url":"https:\/\/www.pressenza.com\/es\/","logo":{"@type":"ImageObject","inLanguage":"es","@id":"https:\/\/www.pressenza.com\/es\/#\/schema\/logo\/image\/","url":"https:\/\/www.pressenza.com\/wp-content\/uploads\/2022\/10\/pressenza_logo_200x200.jpg","contentUrl":"https:\/\/www.pressenza.com\/wp-content\/uploads\/2022\/10\/pressenza_logo_200x200.jpg","width":200,"height":200,"caption":"Pressenza"},"image":{"@id":"https:\/\/www.pressenza.com\/es\/#\/schema\/logo\/image\/"},"sameAs":["https:\/\/www.facebook.com\/PressenzaItalia","https:\/\/x.com\/PressenzaIPA"]},{"@type":"Person","@id":"https:\/\/www.pressenza.com\/es\/#\/schema\/person\/a0856fe41d8234b92503e6b28dc2585e","name":"Mariano Quiroga","description":"Born in Buenos Aires, Argentina, in 1976, Mariano is a journalist, poet and international editor for Pressenza. His career includes publications in different countries and languages. Currently he is presenter on radio programmes in Ecuador and Argentina. A humanist communicator specialising in international politics, his vocation has led him to seek to build bridges that allow relationships to be made between data, events, people and contexts in order to create an inclusive look that synthesises the noblest searches for social justice and humanisation of the planet.","sameAs":["https:\/\/www.facebook.com\/mariano.quiroga.779","https:\/\/x.com\/MaruchoQuiroga"],"url":"https:\/\/www.pressenza.com\/es\/author\/mariano-quiroga\/"}]}},"place":"Ciudad de Buenos Aires, Argentina","original_article_url":"","_links":{"self":[{"href":"https:\/\/www.pressenza.com\/es\/wp-json\/wp\/v2\/posts\/565984","targetHints":{"allow":["GET"]}}],"collection":[{"href":"https:\/\/www.pressenza.com\/es\/wp-json\/wp\/v2\/posts"}],"about":[{"href":"https:\/\/www.pressenza.com\/es\/wp-json\/wp\/v2\/types\/post"}],"author":[{"embeddable":true,"href":"https:\/\/www.pressenza.com\/es\/wp-json\/wp\/v2\/users\/96"}],"replies":[{"embeddable":true,"href":"https:\/\/www.pressenza.com\/es\/wp-json\/wp\/v2\/comments?post=565984"}],"version-history":[{"count":0,"href":"https:\/\/www.pressenza.com\/es\/wp-json\/wp\/v2\/posts\/565984\/revisions"}],"wp:featuredmedia":[{"embeddable":true,"href":"https:\/\/www.pressenza.com\/es\/wp-json\/wp\/v2\/media\/565985"}],"wp:attachment":[{"href":"https:\/\/www.pressenza.com\/es\/wp-json\/wp\/v2\/media?parent=565984"}],"wp:term":[{"taxonomy":"category","embeddable":true,"href":"https:\/\/www.pressenza.com\/es\/wp-json\/wp\/v2\/categories?post=565984"},{"taxonomy":"post_tag","embeddable":true,"href":"https:\/\/www.pressenza.com\/es\/wp-json\/wp\/v2\/tags?post=565984"}],"curies":[{"name":"wp","href":"https:\/\/api.w.org\/{rel}","templated":true}]}}