{"id":559397,"date":"2017-11-23T01:10:13","date_gmt":"2017-11-23T01:10:13","guid":{"rendered":"https:\/\/www.pressenza.com\/?p=559397\/"},"modified":"2017-11-23T01:10:13","modified_gmt":"2017-11-23T01:10:13","slug":"agustin-santillan-pusieron-nuestra-comida-los-cajones-los-muertos","status":"publish","type":"post","link":"https:\/\/www.pressenza.com\/es\/2017\/11\/agustin-santillan-pusieron-nuestra-comida-los-cajones-los-muertos\/","title":{"rendered":"Agust\u00edn Santill\u00e1n: \u201cPusieron nuestra comida en los cajones de los muertos\u201d"},"content":{"rendered":"<p><em>Por<\/em><strong><em> Pablo Bruetman | <a href=\"http:\/\/www.revistacitrica.com\/index.html\" target=\"_blank\" rel=\"noopener\">C\u00edtrica<\/a><\/em><\/strong><\/p>\n<p><strong>El referente wich\u00ed Agust\u00edn Santill\u00e1n cuenta c\u00f3mo pas\u00f3 los d\u00edas en la c\u00e1rcel. C\u00f3mo sinti\u00f3 la desaparici\u00f3n y la muerte de Santiago Maldonado. Y la persecuci\u00f3n a los pueblos originarios en Formosa y en el resto del pa\u00eds.<\/strong><\/p>\n<p>A Agust\u00edn lo conocimos en Las Lomitas, Formosa, cuando estaba preso por\u00a0una causa armada para silenciar la realidad de la comunidad wich\u00ed. Para callar la falta de agua, la persecuci\u00f3n policial a los originarios y el aprovechamiento pol\u00edtico al que son sometidas las personas que no hablan ni leen el idioma castellano.<\/p>\n<p>Ya en libertad, vino a Buenos Aires con su compa\u00f1era Gabriela y dos se\u00f1oras mayores de la comunidad que necesitan atenci\u00f3n m\u00e9dica. Las est\u00e1 acompa\u00f1ando porque as\u00ed lo siente. Desde siempre. Sus hermanas cuentan que ya de chiquito andaba por el barrio recorriendo las casas y viendo c\u00f3mo pod\u00eda ayudar. As\u00ed conoci\u00f3 a Gabriela: visitaba el monte donde viv\u00eda su familia y, siempre que pod\u00eda, les llevaba lo que necesitaban. \u201cSi la gente me pide que la acompa\u00f1e, yo la acompa\u00f1o\u201d, dice Agust\u00edn, quien como maestro de la escuela especial 17 de Ingeniero Ju\u00e1rez les traduc\u00eda a los chicxs discapacitadxs del castellano al wich\u00ed.<\/p>\n<p>Pero ayudar a las personas y comunidades m\u00e1s\u00a0vulnerables puede ser muy peligroso. Tanto es as\u00ed que al bajar del micro en Retiro, un polic\u00eda se le acerc\u00f3 y le dijo: \u201cYo te conozco, soy de Formosa, \u00bfqu\u00e9 vas a venir a hacer ac\u00e1? \u201d. Nada extra\u00f1o para un hombre que denuncia la discriminaci\u00f3n del poder y el saqueo al pueblo\u00a0wich\u00ed. Nada extra\u00f1o para un ex preso pol\u00edtico. Nada extra\u00f1o para un wich\u00ed que no se calla ante la persecuci\u00f3n a los pueblos originarios.<\/p>\n<p><strong>\u2013\u00bfC\u00f3mo era un d\u00eda de tu vida antes de estar preso?<\/strong><\/p>\n<p>\u2013A m\u00ed me metieron preso porque era un estorbo para el gobierno provincial. Primero nosotros fuimos a reclamar porque se inund\u00f3 como tres\u00a0veces el barrio a donde estoy, el barrio viejo. Primero pas\u00f3 una tormenta que dej\u00f3 sin techo a muchas familias, y despu\u00e9s cay\u00f3 una lluvia que dej\u00f3 todas las casas bajo el agua. Y yo ve\u00eda a la gente, y me llamaban para ver qu\u00e9 pod\u00edamos hacer y por qu\u00e9 no ped\u00edamos ayuda al Gobierno. Y como yo ten\u00eda el n\u00famero del intendente, le mandaba mensajes\u00a0y le ped\u00eda que mande mercader\u00eda para que la gente tenga para comer, porque no se pod\u00eda hacer nada, porque las casas estaban bajo el agua. Vinieron cosas pero no nos entregaron, entregaron s\u00f3lo a la gente criolla\u00a0y a nosotros no. Entonces fuimos a la municipalidad. Y ah\u00ed la gente decidi\u00f3 tomar la municipalidad. Pidieron que les entreguen las cosas que les mand\u00f3 el Gobierno provincial, y que si no nos daban la mercader\u00eda y los colchones, la gente no se iba a ir de ah\u00ed. Y esa noche se larg\u00f3 a llover y no pod\u00edamos salir. Estuvimos toda la noche en la municipalidad. Estuvimos en el tinglado, y cuando entramos al dep\u00f3sito hab\u00eda colchones, mercader\u00eda, pero la mercader\u00eda estaba en mal estado. Y no s\u00f3lo eso:\u00a0en un sal\u00f3n muy grande hab\u00eda cajones de los muertos. O sea que ellos metieron la mercader\u00eda en los cajones de los muertos. La leche y la harina la ten\u00edan ah\u00ed, y a la gente no le importaba, porque\u00a0sacaban y sacaban la mercader\u00eda, sacaban sus bolsas y no les importaba si estaba en buen estado o en mal estado \u2026porque estaban necesitados\u2026 y yo le preguntaba al intendente por qu\u00e9 no les daban los colchones as\u00ed pod\u00edan irse de ah\u00ed porque ya nos estaban rodeando los polic\u00edas. El Gobierno mand\u00f3 unos 400 polic\u00edas para que nos saquen a la fuerza, entonces la gente ten\u00eda miedo. Yo lo habl\u00e9 con el intendente y \u00e9l accedi\u00f3, y nos dio los colchones y las mercader\u00edas, y hasta nos prest\u00f3 veh\u00edculos e hicimos como cuatro viajes. Con la mercader\u00eda en mal estado, pero igual la gente se la llevaba. Y desde ah\u00ed empezaron los problemas con el intendente y sus dirigentes. Y todos los criollos se organizaron pidiendo que me metan preso. Y desde ese momento empezaron a decir que Agust\u00edn estaba haciendo mal las cosas, tom\u00f3 la municipalidad, que saque\u00f3 las cosas\u2026 estaban desviando el tema.<\/p>\n<p>Yo s\u00e9 que el intendente y todos los funcionarios de Formosa, buscaron la forma para que me metan preso. Y desde ese momento la gente que estaba conmigo estaban contentos, porque ya ten\u00edan la mercader\u00eda, y todas esas cosas. Despu\u00e9s hicimos una nota de la cual yo tengo la copia, pidi\u00e9ndole al intendente por las cocineras que cobran 1000 pesos por mes y los serenos que cobran apenas 500. Pidieron que les aumenten el sueldo y hasta ahora no cumplieron. Eso le molest\u00f3 al Gobierno, tanto local y provincial. Desde ese momento empez\u00f3 la persecuci\u00f3n. Cualquier cosa que suced\u00eda en el barrio me culpaban a m\u00ed. Yo era el instigador, yo era el que robaba. Hab\u00eda muchas cosas que est\u00e1n mal, y si la gente me pide que la acompa\u00f1e, yo la acompa\u00f1o.<\/p>\n<p><strong>\u2013El agua es justamente lo que m\u00e1s le est\u00e1n quitando a los pueblos originarios y a la comunidad wich\u00ed en general&#8230;<\/strong><\/p>\n<p>\u2013En Ju\u00e1rez se acarrea agua en bidones. Y las personas toman de la misma agua que toman los animales. Yo voy a un pueblo, veo que tienen cabras y toman de la misma agua. Y yo grabo , escribo y subo a mi p\u00e1gina, muestro lo que todav\u00eda est\u00e1 sucediendo. El gobierno manda agua en camiones con un encargado, ese encargado debe proveer agua a la gente del interior. Pero \u00a0le ped\u00eds agua al encargado y te cobra el agua 500 pesos o\u00a0hasta 900 cuando es en el interior. Y la gente no puede comprar el agua, es un elemento vital para la comunidad, algunas cr\u00edan animales. Para poder sobrevivir s\u00ed o s\u00ed tienen que tener agua. Antes, las comunidades ten\u00edan agua. Pero ahora est\u00e1 todo alambrado o contaminado.<\/p>\n<div id=\"attachment_559401\" class=\"wp-caption alignnone\"><img loading=\"lazy\" decoding=\"async\" aria-describedby=\"caption-attachment-559401\" class=\"size-large wp-image-559401\" src=\"https:\/\/www.pressenza.com\/wp-content\/uploads\/2017\/11\/Agustin-Viojf-Citrica-720x478.jpg\" alt=\"\" width=\"720\" height=\"478\" srcset=\"https:\/\/www.pressenza.com\/wp-content\/uploads\/2017\/11\/Agustin-Viojf-Citrica-720x478.jpg 720w, https:\/\/www.pressenza.com\/wp-content\/uploads\/2017\/11\/Agustin-Viojf-Citrica-300x199.jpg 300w, https:\/\/www.pressenza.com\/wp-content\/uploads\/2017\/11\/Agustin-Viojf-Citrica-768x510.jpg 768w, https:\/\/www.pressenza.com\/wp-content\/uploads\/2017\/11\/Agustin-Viojf-Citrica.jpg 1024w\" sizes=\"auto, (max-width: 720px) 100vw, 720px\" \/><p id=\"caption-attachment-559401\" class=\"wp-caption-text\">Foto Viojf, Revista Citrica<\/p><\/div>\n<p><strong>\u2013\u00bfC\u00f3mo ves la situaci\u00f3n de los pueblos originarios en Argentina?<\/strong><\/p>\n<p>\u2013A nivel pa\u00eds yo creo que los pueblos originarios tenemos que estar unidos, porque si no se aprovechan los blancos, como decimos nosotros. Y al estar unidos podremos lograr aunque sea que nos respeten, o si no lograr algunas cosas que nos benefician a nosotros como originarios.\u00a0Porque ahora, en estos a\u00f1os, los territorios y las tierras est\u00e1n en manos de grandes empresarios, y nosotros, como originarios, le pedimos al Estado o a la Provincia un territorio o alguna hect\u00e1rea y te piden por cantidad de personas. Pero cuando lo pide un empresario no le preguntan sobre la cantidad de personas. A nosotros como originarios si nos preguntan qu\u00e9 cantidad tenemos como comunidad. Y a nosotros nos duele perder muchas tierras en manos de extranjeros y gente que viene de afuera. En este 2017 hubo muchos terrenos que hemos perdido.<\/p>\n<p><strong>\u2013\u00bfLe quer\u00e9s enviar un mensaje a Facundo Jones Huala?<\/strong><\/p>\n<p>Este mensaje se lo env\u00edo al lonko Facundo, a quien personalmente no conozco pero s\u00ed sigo su historia. S\u00e9 que no es f\u00e1cil estar privado de la libertad. Yo pas\u00e9 por esa situaci\u00f3n y creo que el Gobierno le quiere cerrar la boca meti\u00e9ndolo en una prisi\u00f3n. Pero yo s\u00e9 que vas a salir. Desde ac\u00e1 te mando fuerza, porque estando en la c\u00e1rcel uno no sabe si va a sobrevivir, por estar privado de todo, de la libertad, y tener solamente dos horas de recreo. Desde ac\u00e1 te mando mucha fuerza. Porque cuando yo estaba en la prisi\u00f3n de Las Lomitas \u00a0recib\u00eda saludos y cartas tuyas. Y era como que vos estabas en otro calabozo cerca m\u00edo. Sent\u00eda que yo estaba en una celda y vos est\u00e1s en otra. Le\u00eda el escrito y me daba \u00e1nimos. \u00a0Me dio fuerza para seguir adelante. Al leerte \u00a0me fui enterando de todas las cosas que le van sucediendo al pueblo mapuche. Yo s\u00e9 que es muy dif\u00edcil pero al estar unidos tenemos que lograr lo que nosotros queremos y el respeto de que nos devuelvan lo que es nuestro, lo que es la tierra. S\u00e9 que vos est\u00e1s preso por el tema de los territorios pero no hay que aflojar, hay que seguir fuerte y firme, porque hay ni\u00f1os y ancianos que vieron tu lucha, como a m\u00ed me pas\u00f3. A veces uno se quiere dejar todo y ellos te hacen seguir, en mi lucha hab\u00eda gente mayor y ellos ten\u00edan una esperanza en m\u00ed. Facundo ser\u00eda bueno que pienses en los ni\u00f1os y en la gente mayor que vieron tu lucha. Y hay gente que ha muerto por causas en las que te acompa\u00f1aron. Hay que levantar los brazos y seguir adelante, porque al Gobierno, tanto nacional como provincial, le duele cuando uno habla. Yo siempre en la pared del calabozo contaba los d\u00edas que Santiago segu\u00eda sin aparecer y pon\u00eda al lado la carta tuya.<\/p>\n<p>Facundo desde ac\u00e1 te mando muchos saludos y desde la distancia te abrazo en el esp\u00edritu. Y yo creo que vos sos mapuche y yo soy wichi, y me gustar\u00eda viajar hasta ah\u00ed y conocerte personalmente. Ir y recorrer, y conocer a todos los hermanos que est\u00e1n privados de la libertad s\u00f3lo por ser originarios. Desde ac\u00e1 te mando un abrazo.<\/p>\n<p><strong>\u2013\u00bfQu\u00e9 le dir\u00edas a \u00a0la familia de Santiago?<\/strong><\/p>\n<p>\u2013Le mando muchos saludos y fuerza a la familia de Santiago Maldonado. Yo sin conocerlos siempre segu\u00eda las noticias que escuchaba. Yo estaba en Formosa capital, en la alcald\u00eda, y vino la hermana que falleci\u00f3, Nilda Eloy, y ella me cont\u00f3 que hab\u00eda desaparecido un hermano que estaba apoyando el movimiento mapuche. Y yo le dije que no pod\u00eda ser que a quienes nos quer\u00edan ayudar, los maten. Y empec\u00e9 una huelga de hambre. \u00a0Yo conozco a muchos hermanos que son as\u00ed, que les interesa ayudar a los originarios Y eso es lo que m\u00e1s molesta porque el Gobierno \u2026tanto nacional y provincial\u2013 no quieren que ning\u00fan blanco se mezcla entre nosotros.<\/p>\n<p>Yo ten\u00eda una radio a pilas y escuchaba \u00a0todos los noticieros. Yo estaba en una celda con muchos presos. Y ellos al ver que yo no ten\u00eda problemas con ellos y me interesaba mucho lo que estaba pasando con Santiago, ellos me dec\u00edan: vos ten\u00e9s que comer. Dej\u00e1 de pensar, si no com\u00e9s te vas a morir (&#8230;) y yo les dec\u00eda: \u201c hay otro compa\u00f1ero hermano que anda desaparecido, y los hermanos de ellos est\u00e1n preocupados\u201d. Yo ya no sent\u00eda hambre, nada m\u00e1s pensaba d\u00f3nde ser\u00e1 que est\u00e1 el muchacho, d\u00f3nde estar\u00e1 Santiago. Desde ac\u00e1 les mando muchos abrazos a Sergio y a Germ\u00e1n, yo s\u00e9 que es muy dif\u00edcil perder a un hermano.<\/p>\n<p><strong>\u2013\u00bfCuando le preguntaste a Claudio Avruj sobre Santiago Maldonado cu\u00e1l fue su respuesta?<\/strong><\/p>\n<p>Que con los mapuche no me metiera, que los mapuche son violentos.<\/p>\n","protected":false},"excerpt":{"rendered":"<p>Por Pablo Bruetman | C\u00edtrica El referente wich\u00ed Agust\u00edn Santill\u00e1n cuenta c\u00f3mo pas\u00f3 los d\u00edas en la c\u00e1rcel. C\u00f3mo sinti\u00f3 la desaparici\u00f3n y la muerte de Santiago Maldonado. Y la persecuci\u00f3n a los pueblos originarios en Formosa y en el&hellip;<\/p>\n","protected":false},"author":1254,"featured_media":559410,"comment_status":"closed","ping_status":"closed","sticky":false,"template":"","format":"standard","meta":{"footnotes":""},"categories":[155,80,67],"tags":[27894,3059,5323,34194,936,22210,39326,18507,19687],"class_list":["post-559397","post","type-post","status-publish","format-standard","has-post-thumbnail","hentry","category-entrevistas","category-pueblos-originarios","category-sudamerica","tag-agustin-santillan","tag-formosa","tag-indigenas","tag-jones-huala","tag-mapuche-es","tag-pueblos-originarios","tag-santiago-maldonado","tag-territorios","tag-wichi"],"yoast_head":"<!-- This site is optimized with the Yoast SEO plugin v27.1.1 - https:\/\/yoast.com\/product\/yoast-seo-wordpress\/ -->\n<title>Agust\u00edn Santill\u00e1n: \u201cPusieron nuestra comida en los cajones de los muertos\u201d<\/title>\n<meta name=\"description\" content=\"Por Pablo Bruetman | C\u00edtrica El referente wich\u00ed Agust\u00edn Santill\u00e1n cuenta c\u00f3mo pas\u00f3 los d\u00edas en la c\u00e1rcel. C\u00f3mo sinti\u00f3 la desaparici\u00f3n y la muerte de\" \/>\n<meta name=\"robots\" content=\"index, follow, max-snippet:-1, max-image-preview:large, max-video-preview:-1\" \/>\n<link rel=\"canonical\" href=\"https:\/\/www.pressenza.com\/es\/2017\/11\/agustin-santillan-pusieron-nuestra-comida-los-cajones-los-muertos\/\" \/>\n<meta property=\"og:locale\" content=\"es_ES\" \/>\n<meta property=\"og:type\" content=\"article\" \/>\n<meta property=\"og:title\" content=\"Agust\u00edn Santill\u00e1n: \u201cPusieron nuestra comida en los cajones de los muertos\u201d\" \/>\n<meta property=\"og:description\" content=\"Por Pablo Bruetman | C\u00edtrica El referente wich\u00ed Agust\u00edn Santill\u00e1n cuenta c\u00f3mo pas\u00f3 los d\u00edas en la c\u00e1rcel. C\u00f3mo sinti\u00f3 la desaparici\u00f3n y la muerte de\" \/>\n<meta property=\"og:url\" content=\"https:\/\/www.pressenza.com\/es\/2017\/11\/agustin-santillan-pusieron-nuestra-comida-los-cajones-los-muertos\/\" \/>\n<meta property=\"og:site_name\" content=\"Pressenza\" \/>\n<meta property=\"article:publisher\" content=\"https:\/\/www.facebook.com\/PressenzaItalia\" \/>\n<meta property=\"article:author\" content=\"https:\/\/www.facebook.com\/pressenza\" \/>\n<meta property=\"article:published_time\" content=\"2017-11-23T01:10:13+00:00\" \/>\n<meta property=\"og:image\" content=\"https:\/\/www.pressenza.com\/wp-content\/uploads\/2017\/11\/Agustin2-Viojf-Citrica.jpg\" \/>\n\t<meta property=\"og:image:width\" content=\"1004\" \/>\n\t<meta property=\"og:image:height\" content=\"671\" \/>\n\t<meta property=\"og:image:type\" content=\"image\/jpeg\" \/>\n<meta name=\"author\" content=\"Redacci\u00f3n Mar del Plata\" \/>\n<meta name=\"twitter:card\" content=\"summary_large_image\" \/>\n<meta name=\"twitter:creator\" content=\"@Pressenza\" \/>\n<meta name=\"twitter:site\" content=\"@PressenzaIPA\" \/>\n<meta name=\"twitter:label1\" content=\"Escrito por\" \/>\n\t<meta name=\"twitter:data1\" content=\"Redacci\u00f3n Mar del Plata\" \/>\n\t<meta name=\"twitter:label2\" content=\"Tiempo de lectura\" \/>\n\t<meta name=\"twitter:data2\" content=\"10 minutos\" \/>\n<script type=\"application\/ld+json\" class=\"yoast-schema-graph\">{\"@context\":\"https:\/\/schema.org\",\"@graph\":[{\"@type\":\"Article\",\"@id\":\"https:\/\/www.pressenza.com\/es\/2017\/11\/agustin-santillan-pusieron-nuestra-comida-los-cajones-los-muertos\/#article\",\"isPartOf\":{\"@id\":\"https:\/\/www.pressenza.com\/es\/2017\/11\/agustin-santillan-pusieron-nuestra-comida-los-cajones-los-muertos\/\"},\"author\":{\"name\":\"Redacci\u00f3n Mar del Plata\",\"@id\":\"https:\/\/www.pressenza.com\/es\/#\/schema\/person\/738658b5125ecea661a8a0b96dba8b69\"},\"headline\":\"Agust\u00edn Santill\u00e1n: \u201cPusieron nuestra comida en los cajones de los muertos\u201d\",\"datePublished\":\"2017-11-23T01:10:13+00:00\",\"mainEntityOfPage\":{\"@id\":\"https:\/\/www.pressenza.com\/es\/2017\/11\/agustin-santillan-pusieron-nuestra-comida-los-cajones-los-muertos\/\"},\"wordCount\":1950,\"publisher\":{\"@id\":\"https:\/\/www.pressenza.com\/es\/#organization\"},\"image\":{\"@id\":\"https:\/\/www.pressenza.com\/es\/2017\/11\/agustin-santillan-pusieron-nuestra-comida-los-cajones-los-muertos\/#primaryimage\"},\"thumbnailUrl\":\"https:\/\/www.pressenza.com\/wp-content\/uploads\/2017\/11\/Agustin2-Viojf-Citrica.jpg\",\"keywords\":[\"Agust\u00edn Santill\u00e1n\",\"Formosa\",\"indigenas\",\"Jones Huala\",\"mapuche\",\"Pueblos Originarios\",\"Santiago Maldonado\",\"territorios\",\"wich\u00ed\"],\"articleSection\":[\"Entrevistas\",\"Pueblos Originarios\",\"Sudam\u00e9rica\"],\"inLanguage\":\"es\"},{\"@type\":\"WebPage\",\"@id\":\"https:\/\/www.pressenza.com\/es\/2017\/11\/agustin-santillan-pusieron-nuestra-comida-los-cajones-los-muertos\/\",\"url\":\"https:\/\/www.pressenza.com\/es\/2017\/11\/agustin-santillan-pusieron-nuestra-comida-los-cajones-los-muertos\/\",\"name\":\"Agust\u00edn Santill\u00e1n: \u201cPusieron nuestra comida en los cajones de los muertos\u201d\",\"isPartOf\":{\"@id\":\"https:\/\/www.pressenza.com\/es\/#website\"},\"primaryImageOfPage\":{\"@id\":\"https:\/\/www.pressenza.com\/es\/2017\/11\/agustin-santillan-pusieron-nuestra-comida-los-cajones-los-muertos\/#primaryimage\"},\"image\":{\"@id\":\"https:\/\/www.pressenza.com\/es\/2017\/11\/agustin-santillan-pusieron-nuestra-comida-los-cajones-los-muertos\/#primaryimage\"},\"thumbnailUrl\":\"https:\/\/www.pressenza.com\/wp-content\/uploads\/2017\/11\/Agustin2-Viojf-Citrica.jpg\",\"datePublished\":\"2017-11-23T01:10:13+00:00\",\"description\":\"Por Pablo Bruetman | C\u00edtrica El referente wich\u00ed Agust\u00edn Santill\u00e1n cuenta c\u00f3mo pas\u00f3 los d\u00edas en la c\u00e1rcel. C\u00f3mo sinti\u00f3 la desaparici\u00f3n y la muerte de\",\"breadcrumb\":{\"@id\":\"https:\/\/www.pressenza.com\/es\/2017\/11\/agustin-santillan-pusieron-nuestra-comida-los-cajones-los-muertos\/#breadcrumb\"},\"inLanguage\":\"es\",\"potentialAction\":[{\"@type\":\"ReadAction\",\"target\":[\"https:\/\/www.pressenza.com\/es\/2017\/11\/agustin-santillan-pusieron-nuestra-comida-los-cajones-los-muertos\/\"]}]},{\"@type\":\"ImageObject\",\"inLanguage\":\"es\",\"@id\":\"https:\/\/www.pressenza.com\/es\/2017\/11\/agustin-santillan-pusieron-nuestra-comida-los-cajones-los-muertos\/#primaryimage\",\"url\":\"https:\/\/www.pressenza.com\/wp-content\/uploads\/2017\/11\/Agustin2-Viojf-Citrica.jpg\",\"contentUrl\":\"https:\/\/www.pressenza.com\/wp-content\/uploads\/2017\/11\/Agustin2-Viojf-Citrica.jpg\",\"width\":1004,\"height\":671},{\"@type\":\"BreadcrumbList\",\"@id\":\"https:\/\/www.pressenza.com\/es\/2017\/11\/agustin-santillan-pusieron-nuestra-comida-los-cajones-los-muertos\/#breadcrumb\",\"itemListElement\":[{\"@type\":\"ListItem\",\"position\":1,\"name\":\"Accueil\",\"item\":\"https:\/\/www.pressenza.com\/es\/\"},{\"@type\":\"ListItem\",\"position\":2,\"name\":\"Agust\u00edn Santill\u00e1n: \u201cPusieron nuestra comida en los cajones de los muertos\u201d\"}]},{\"@type\":\"WebSite\",\"@id\":\"https:\/\/www.pressenza.com\/es\/#website\",\"url\":\"https:\/\/www.pressenza.com\/es\/\",\"name\":\"Pressenza\",\"description\":\"International Press Agency\",\"publisher\":{\"@id\":\"https:\/\/www.pressenza.com\/es\/#organization\"},\"potentialAction\":[{\"@type\":\"SearchAction\",\"target\":{\"@type\":\"EntryPoint\",\"urlTemplate\":\"https:\/\/www.pressenza.com\/es\/?s={search_term_string}\"},\"query-input\":{\"@type\":\"PropertyValueSpecification\",\"valueRequired\":true,\"valueName\":\"search_term_string\"}}],\"inLanguage\":\"es\"},{\"@type\":\"Organization\",\"@id\":\"https:\/\/www.pressenza.com\/es\/#organization\",\"name\":\"Pressenza\",\"url\":\"https:\/\/www.pressenza.com\/es\/\",\"logo\":{\"@type\":\"ImageObject\",\"inLanguage\":\"es\",\"@id\":\"https:\/\/www.pressenza.com\/es\/#\/schema\/logo\/image\/\",\"url\":\"https:\/\/www.pressenza.com\/wp-content\/uploads\/2022\/10\/pressenza_logo_200x200.jpg\",\"contentUrl\":\"https:\/\/www.pressenza.com\/wp-content\/uploads\/2022\/10\/pressenza_logo_200x200.jpg\",\"width\":200,\"height\":200,\"caption\":\"Pressenza\"},\"image\":{\"@id\":\"https:\/\/www.pressenza.com\/es\/#\/schema\/logo\/image\/\"},\"sameAs\":[\"https:\/\/www.facebook.com\/PressenzaItalia\",\"https:\/\/x.com\/PressenzaIPA\"]},{\"@type\":\"Person\",\"@id\":\"https:\/\/www.pressenza.com\/es\/#\/schema\/person\/738658b5125ecea661a8a0b96dba8b69\",\"name\":\"Redacci\u00f3n Mar del Plata\",\"description\":\"News published by the Pressenza bureau in Mar Del Plata, Argentina\",\"sameAs\":[\"https:\/\/www.facebook.com\/pressenza\",\"https:\/\/x.com\/Pressenza\"],\"url\":\"https:\/\/www.pressenza.com\/es\/author\/redaccion-mar-del-plata\/\"}]}<\/script>\n<!-- \/ Yoast SEO plugin. -->","yoast_head_json":{"title":"Agust\u00edn Santill\u00e1n: \u201cPusieron nuestra comida en los cajones de los muertos\u201d","description":"Por Pablo Bruetman | C\u00edtrica El referente wich\u00ed Agust\u00edn Santill\u00e1n cuenta c\u00f3mo pas\u00f3 los d\u00edas en la c\u00e1rcel. C\u00f3mo sinti\u00f3 la desaparici\u00f3n y la muerte de","robots":{"index":"index","follow":"follow","max-snippet":"max-snippet:-1","max-image-preview":"max-image-preview:large","max-video-preview":"max-video-preview:-1"},"canonical":"https:\/\/www.pressenza.com\/es\/2017\/11\/agustin-santillan-pusieron-nuestra-comida-los-cajones-los-muertos\/","og_locale":"es_ES","og_type":"article","og_title":"Agust\u00edn Santill\u00e1n: \u201cPusieron nuestra comida en los cajones de los muertos\u201d","og_description":"Por Pablo Bruetman | C\u00edtrica El referente wich\u00ed Agust\u00edn Santill\u00e1n cuenta c\u00f3mo pas\u00f3 los d\u00edas en la c\u00e1rcel. C\u00f3mo sinti\u00f3 la desaparici\u00f3n y la muerte de","og_url":"https:\/\/www.pressenza.com\/es\/2017\/11\/agustin-santillan-pusieron-nuestra-comida-los-cajones-los-muertos\/","og_site_name":"Pressenza","article_publisher":"https:\/\/www.facebook.com\/PressenzaItalia","article_author":"https:\/\/www.facebook.com\/pressenza","article_published_time":"2017-11-23T01:10:13+00:00","og_image":[{"width":1004,"height":671,"url":"https:\/\/www.pressenza.com\/wp-content\/uploads\/2017\/11\/Agustin2-Viojf-Citrica.jpg","type":"image\/jpeg"}],"author":"Redacci\u00f3n Mar del Plata","twitter_card":"summary_large_image","twitter_creator":"@Pressenza","twitter_site":"@PressenzaIPA","twitter_misc":{"Escrito por":"Redacci\u00f3n Mar del Plata","Tiempo de lectura":"10 minutos"},"schema":{"@context":"https:\/\/schema.org","@graph":[{"@type":"Article","@id":"https:\/\/www.pressenza.com\/es\/2017\/11\/agustin-santillan-pusieron-nuestra-comida-los-cajones-los-muertos\/#article","isPartOf":{"@id":"https:\/\/www.pressenza.com\/es\/2017\/11\/agustin-santillan-pusieron-nuestra-comida-los-cajones-los-muertos\/"},"author":{"name":"Redacci\u00f3n Mar del Plata","@id":"https:\/\/www.pressenza.com\/es\/#\/schema\/person\/738658b5125ecea661a8a0b96dba8b69"},"headline":"Agust\u00edn Santill\u00e1n: \u201cPusieron nuestra comida en los cajones de los muertos\u201d","datePublished":"2017-11-23T01:10:13+00:00","mainEntityOfPage":{"@id":"https:\/\/www.pressenza.com\/es\/2017\/11\/agustin-santillan-pusieron-nuestra-comida-los-cajones-los-muertos\/"},"wordCount":1950,"publisher":{"@id":"https:\/\/www.pressenza.com\/es\/#organization"},"image":{"@id":"https:\/\/www.pressenza.com\/es\/2017\/11\/agustin-santillan-pusieron-nuestra-comida-los-cajones-los-muertos\/#primaryimage"},"thumbnailUrl":"https:\/\/www.pressenza.com\/wp-content\/uploads\/2017\/11\/Agustin2-Viojf-Citrica.jpg","keywords":["Agust\u00edn Santill\u00e1n","Formosa","indigenas","Jones Huala","mapuche","Pueblos Originarios","Santiago Maldonado","territorios","wich\u00ed"],"articleSection":["Entrevistas","Pueblos Originarios","Sudam\u00e9rica"],"inLanguage":"es"},{"@type":"WebPage","@id":"https:\/\/www.pressenza.com\/es\/2017\/11\/agustin-santillan-pusieron-nuestra-comida-los-cajones-los-muertos\/","url":"https:\/\/www.pressenza.com\/es\/2017\/11\/agustin-santillan-pusieron-nuestra-comida-los-cajones-los-muertos\/","name":"Agust\u00edn Santill\u00e1n: \u201cPusieron nuestra comida en los cajones de los muertos\u201d","isPartOf":{"@id":"https:\/\/www.pressenza.com\/es\/#website"},"primaryImageOfPage":{"@id":"https:\/\/www.pressenza.com\/es\/2017\/11\/agustin-santillan-pusieron-nuestra-comida-los-cajones-los-muertos\/#primaryimage"},"image":{"@id":"https:\/\/www.pressenza.com\/es\/2017\/11\/agustin-santillan-pusieron-nuestra-comida-los-cajones-los-muertos\/#primaryimage"},"thumbnailUrl":"https:\/\/www.pressenza.com\/wp-content\/uploads\/2017\/11\/Agustin2-Viojf-Citrica.jpg","datePublished":"2017-11-23T01:10:13+00:00","description":"Por Pablo Bruetman | C\u00edtrica El referente wich\u00ed Agust\u00edn Santill\u00e1n cuenta c\u00f3mo pas\u00f3 los d\u00edas en la c\u00e1rcel. C\u00f3mo sinti\u00f3 la desaparici\u00f3n y la muerte de","breadcrumb":{"@id":"https:\/\/www.pressenza.com\/es\/2017\/11\/agustin-santillan-pusieron-nuestra-comida-los-cajones-los-muertos\/#breadcrumb"},"inLanguage":"es","potentialAction":[{"@type":"ReadAction","target":["https:\/\/www.pressenza.com\/es\/2017\/11\/agustin-santillan-pusieron-nuestra-comida-los-cajones-los-muertos\/"]}]},{"@type":"ImageObject","inLanguage":"es","@id":"https:\/\/www.pressenza.com\/es\/2017\/11\/agustin-santillan-pusieron-nuestra-comida-los-cajones-los-muertos\/#primaryimage","url":"https:\/\/www.pressenza.com\/wp-content\/uploads\/2017\/11\/Agustin2-Viojf-Citrica.jpg","contentUrl":"https:\/\/www.pressenza.com\/wp-content\/uploads\/2017\/11\/Agustin2-Viojf-Citrica.jpg","width":1004,"height":671},{"@type":"BreadcrumbList","@id":"https:\/\/www.pressenza.com\/es\/2017\/11\/agustin-santillan-pusieron-nuestra-comida-los-cajones-los-muertos\/#breadcrumb","itemListElement":[{"@type":"ListItem","position":1,"name":"Accueil","item":"https:\/\/www.pressenza.com\/es\/"},{"@type":"ListItem","position":2,"name":"Agust\u00edn Santill\u00e1n: \u201cPusieron nuestra comida en los cajones de los muertos\u201d"}]},{"@type":"WebSite","@id":"https:\/\/www.pressenza.com\/es\/#website","url":"https:\/\/www.pressenza.com\/es\/","name":"Pressenza","description":"International Press Agency","publisher":{"@id":"https:\/\/www.pressenza.com\/es\/#organization"},"potentialAction":[{"@type":"SearchAction","target":{"@type":"EntryPoint","urlTemplate":"https:\/\/www.pressenza.com\/es\/?s={search_term_string}"},"query-input":{"@type":"PropertyValueSpecification","valueRequired":true,"valueName":"search_term_string"}}],"inLanguage":"es"},{"@type":"Organization","@id":"https:\/\/www.pressenza.com\/es\/#organization","name":"Pressenza","url":"https:\/\/www.pressenza.com\/es\/","logo":{"@type":"ImageObject","inLanguage":"es","@id":"https:\/\/www.pressenza.com\/es\/#\/schema\/logo\/image\/","url":"https:\/\/www.pressenza.com\/wp-content\/uploads\/2022\/10\/pressenza_logo_200x200.jpg","contentUrl":"https:\/\/www.pressenza.com\/wp-content\/uploads\/2022\/10\/pressenza_logo_200x200.jpg","width":200,"height":200,"caption":"Pressenza"},"image":{"@id":"https:\/\/www.pressenza.com\/es\/#\/schema\/logo\/image\/"},"sameAs":["https:\/\/www.facebook.com\/PressenzaItalia","https:\/\/x.com\/PressenzaIPA"]},{"@type":"Person","@id":"https:\/\/www.pressenza.com\/es\/#\/schema\/person\/738658b5125ecea661a8a0b96dba8b69","name":"Redacci\u00f3n Mar del Plata","description":"News published by the Pressenza bureau in Mar Del Plata, Argentina","sameAs":["https:\/\/www.facebook.com\/pressenza","https:\/\/x.com\/Pressenza"],"url":"https:\/\/www.pressenza.com\/es\/author\/redaccion-mar-del-plata\/"}]}},"place":"Ciudad de Buenos Aires, Argentina.","original_article_url":"","_links":{"self":[{"href":"https:\/\/www.pressenza.com\/es\/wp-json\/wp\/v2\/posts\/559397","targetHints":{"allow":["GET"]}}],"collection":[{"href":"https:\/\/www.pressenza.com\/es\/wp-json\/wp\/v2\/posts"}],"about":[{"href":"https:\/\/www.pressenza.com\/es\/wp-json\/wp\/v2\/types\/post"}],"author":[{"embeddable":true,"href":"https:\/\/www.pressenza.com\/es\/wp-json\/wp\/v2\/users\/1254"}],"replies":[{"embeddable":true,"href":"https:\/\/www.pressenza.com\/es\/wp-json\/wp\/v2\/comments?post=559397"}],"version-history":[{"count":0,"href":"https:\/\/www.pressenza.com\/es\/wp-json\/wp\/v2\/posts\/559397\/revisions"}],"wp:featuredmedia":[{"embeddable":true,"href":"https:\/\/www.pressenza.com\/es\/wp-json\/wp\/v2\/media\/559410"}],"wp:attachment":[{"href":"https:\/\/www.pressenza.com\/es\/wp-json\/wp\/v2\/media?parent=559397"}],"wp:term":[{"taxonomy":"category","embeddable":true,"href":"https:\/\/www.pressenza.com\/es\/wp-json\/wp\/v2\/categories?post=559397"},{"taxonomy":"post_tag","embeddable":true,"href":"https:\/\/www.pressenza.com\/es\/wp-json\/wp\/v2\/tags?post=559397"}],"curies":[{"name":"wp","href":"https:\/\/api.w.org\/{rel}","templated":true}]}}