{"id":55932,"date":"2013-06-10T16:19:00","date_gmt":"2013-06-10T15:19:00","guid":{"rendered":"http:\/\/www.pressenza.com\/?p=55932"},"modified":"2013-06-10T17:21:41","modified_gmt":"2013-06-10T16:21:41","slug":"%c2%b4estatuto-del-no-nacido%c2%b4-avanza-en-brasil","status":"publish","type":"post","link":"https:\/\/www.pressenza.com\/es\/2013\/06\/%c2%b4estatuto-del-no-nacido%c2%b4-avanza-en-brasil\/","title":{"rendered":"\u00b4Estatuto del no-nacido\u00b4 avanza en Brasil"},"content":{"rendered":"<div class=\"article-content-body\">\n<p><strong><em>Por Marta de la Fuente<\/em><\/strong><\/p>\n<p><em>La Comisi\u00f3n de Finanzas y Tributos del Congreso brasile\u00f1o aprob\u00f3 este mi\u00e9rcoles el llamado \u201cEstatuto del no nacido\u201d , proyecto de ley con el que se prohibir\u00eda el aborto en dicho pa\u00eds, al considerar que la vida comienza en el mismo momento de la concepci\u00f3n.<\/em><\/p>\n<p>El pol\u00e9mico texto , en tr\u00e1mites en el Congreso desde 2010, a\u00fan deber\u00e1 ser revisado por la Comisi\u00f3n de Constituci\u00f3n y Justicia antes de llegar al pleno de la C\u00e1mara baja y ser remitido al Senado. En el contenido del Estatuto se tipifican los delitos cometidos contra los \u201cno nacidos\u201d, incluso contra los concebidos in vitro y a trav\u00e9s de clonaci\u00f3n, al reconocer su condici\u00f3n humana y protegi\u00e9ndola as\u00ed de forma jur\u00eddica, civil y penal.<\/p>\n<p>Por otro lado, el proyecto de ley, que tambi\u00e9n impide la interrupci\u00f3n del embarazo, aunque \u00e9ste provenga de una violaci\u00f3n o el feto sufra de malformaciones, prev\u00e9 una ayuda econ\u00f3mica durante 18 meses para las mujeres que en dichos casos, decidieran dar a luz a su hijo. Debido a estas condiciones, el texto ha sido criticado por amplios sectores de la sociedad, y denominado como \u201cla beca violaci\u00f3n\u201d o \u201cel Estatuto del feto\u201d.<\/p>\n<p>De acuerdo con la aprobaci\u00f3n del Estatuto, que fue seguida en el Congreso por manifestantes a favor y en contra del aborto, se impondr\u00edan condenas de seis meses a un a\u00f1o de prisi\u00f3n a las personas que se refieran al feto \u201ccon palabras de desprecio\u201d o que hagan apolog\u00eda del aborto. Adem\u00e1s, quien cause intencionadamente la muerte del a\u00fan no nacido, cumplir\u00eda penas de uno a tres a\u00f1os de c\u00e1rcel.<\/p>\n<p>Seg\u00fan la directora ejecutiva de la Colectiva Mujer y Salud, Sergia Galv\u00e1n, \u201cen Am\u00e9rica latina hay una doble moral, que en algunos casos viene dada por extremismos religiosos\u201d. \u201cEn Latinoam\u00e9rica la mayor\u00eda (de los ciudadanos) est\u00e1n a favor (del aborto), pero la clase pol\u00edtica en est\u00e1 haciendo alianza con esos sectores en contra de los derechos de las mujeres siguiendo una din\u00e1mica de avances y retrocesos\u201d, a\u00f1ade.<\/p>\n<\/div>\n","protected":false},"excerpt":{"rendered":"<p>Por Marta de la Fuente La Comisi\u00f3n de Finanzas y Tributos del Congreso brasile\u00f1o aprob\u00f3 este mi\u00e9rcoles el llamado \u201cEstatuto del no nacido\u201d , proyecto de ley con el que se prohibir\u00eda el aborto en dicho pa\u00eds, al considerar que&hellip;<\/p>\n","protected":false},"author":83,"featured_media":55984,"comment_status":"closed","ping_status":"open","sticky":false,"template":"","format":"standard","meta":{"footnotes":""},"categories":[75,79,1239,67],"tags":[5371,2749,1612],"class_list":["post-55932","post","type-post","status-publish","format-standard","has-post-thumbnail","hentry","category-cultura-es","category-derechos-humanos","category-salud","category-sudamerica","tag-aborto","tag-brasil-es","tag-violencia-sexual"],"yoast_head":"<!-- This site is optimized with the Yoast SEO plugin v27.1.1 - https:\/\/yoast.com\/product\/yoast-seo-wordpress\/ -->\n<title>\u00b4Estatuto del no-nacido\u00b4 avanza en Brasil<\/title>\n<meta name=\"description\" content=\"Por Marta de la Fuente La Comisi\u00f3n de Finanzas y Tributos del Congreso brasile\u00f1o aprob\u00f3 este mi\u00e9rcoles el llamado \u201cEstatuto del no nacido\u201d , proyecto de\" \/>\n<meta name=\"robots\" content=\"index, follow, max-snippet:-1, max-image-preview:large, max-video-preview:-1\" \/>\n<link rel=\"canonical\" href=\"https:\/\/www.pressenza.com\/es\/2013\/06\/%c2%b4estatuto-del-no-nacido%c2%b4-avanza-en-brasil\/\" \/>\n<meta property=\"og:locale\" content=\"es_ES\" \/>\n<meta property=\"og:type\" content=\"article\" \/>\n<meta property=\"og:title\" content=\"\u00b4Estatuto del no-nacido\u00b4 avanza en Brasil\" \/>\n<meta property=\"og:description\" content=\"Por Marta de la Fuente La Comisi\u00f3n de Finanzas y Tributos del Congreso brasile\u00f1o aprob\u00f3 este mi\u00e9rcoles el llamado \u201cEstatuto del no nacido\u201d , proyecto de\" \/>\n<meta property=\"og:url\" content=\"https:\/\/www.pressenza.com\/es\/2013\/06\/%c2%b4estatuto-del-no-nacido%c2%b4-avanza-en-brasil\/\" \/>\n<meta property=\"og:site_name\" content=\"Pressenza\" \/>\n<meta property=\"article:publisher\" content=\"https:\/\/www.facebook.com\/PressenzaItalia\" \/>\n<meta property=\"article:author\" content=\"https:\/\/www.facebook.com\/rnw.org\" \/>\n<meta property=\"article:published_time\" content=\"2013-06-10T15:19:00+00:00\" \/>\n<meta property=\"article:modified_time\" content=\"2013-06-10T16:21:41+00:00\" \/>\n<meta property=\"og:image\" content=\"https:\/\/www.pressenza.com\/wp-content\/uploads\/2013\/06\/bandeira-do-brasil_650.jpg\" \/>\n\t<meta property=\"og:image:width\" content=\"650\" \/>\n\t<meta property=\"og:image:height\" content=\"330\" \/>\n\t<meta property=\"og:image:type\" content=\"image\/jpeg\" \/>\n<meta name=\"author\" content=\"Radio Netherlands\" \/>\n<meta name=\"twitter:card\" content=\"summary_large_image\" \/>\n<meta name=\"twitter:creator\" content=\"@PressenzaIPA\" \/>\n<meta name=\"twitter:site\" content=\"@PressenzaIPA\" \/>\n<meta name=\"twitter:label1\" content=\"Escrito por\" \/>\n\t<meta name=\"twitter:data1\" content=\"Radio Netherlands\" \/>\n\t<meta name=\"twitter:label2\" content=\"Tiempo de lectura\" \/>\n\t<meta name=\"twitter:data2\" content=\"2 minutos\" \/>\n<script type=\"application\/ld+json\" class=\"yoast-schema-graph\">{\"@context\":\"https:\/\/schema.org\",\"@graph\":[{\"@type\":\"Article\",\"@id\":\"https:\/\/www.pressenza.com\/es\/2013\/06\/%c2%b4estatuto-del-no-nacido%c2%b4-avanza-en-brasil\/#article\",\"isPartOf\":{\"@id\":\"https:\/\/www.pressenza.com\/es\/2013\/06\/%c2%b4estatuto-del-no-nacido%c2%b4-avanza-en-brasil\/\"},\"author\":{\"name\":\"Radio Netherlands\",\"@id\":\"https:\/\/www.pressenza.com\/es\/#\/schema\/person\/41bb0a84c4a2e912bbf67eedd1d24306\"},\"headline\":\"\u00b4Estatuto del no-nacido\u00b4 avanza en Brasil\",\"datePublished\":\"2013-06-10T15:19:00+00:00\",\"dateModified\":\"2013-06-10T16:21:41+00:00\",\"mainEntityOfPage\":{\"@id\":\"https:\/\/www.pressenza.com\/es\/2013\/06\/%c2%b4estatuto-del-no-nacido%c2%b4-avanza-en-brasil\/\"},\"wordCount\":378,\"publisher\":{\"@id\":\"https:\/\/www.pressenza.com\/es\/#organization\"},\"image\":{\"@id\":\"https:\/\/www.pressenza.com\/es\/2013\/06\/%c2%b4estatuto-del-no-nacido%c2%b4-avanza-en-brasil\/#primaryimage\"},\"thumbnailUrl\":\"https:\/\/www.pressenza.com\/wp-content\/uploads\/2013\/06\/bandeira-do-brasil_650.jpg\",\"keywords\":[\"aborto\",\"Brasil\",\"Violencia sexual\"],\"articleSection\":[\"Cultura y Medios\",\"Derechos Humanos\",\"Salud\",\"Sudam\u00e9rica\"],\"inLanguage\":\"es\"},{\"@type\":\"WebPage\",\"@id\":\"https:\/\/www.pressenza.com\/es\/2013\/06\/%c2%b4estatuto-del-no-nacido%c2%b4-avanza-en-brasil\/\",\"url\":\"https:\/\/www.pressenza.com\/es\/2013\/06\/%c2%b4estatuto-del-no-nacido%c2%b4-avanza-en-brasil\/\",\"name\":\"\u00b4Estatuto del no-nacido\u00b4 avanza en Brasil\",\"isPartOf\":{\"@id\":\"https:\/\/www.pressenza.com\/es\/#website\"},\"primaryImageOfPage\":{\"@id\":\"https:\/\/www.pressenza.com\/es\/2013\/06\/%c2%b4estatuto-del-no-nacido%c2%b4-avanza-en-brasil\/#primaryimage\"},\"image\":{\"@id\":\"https:\/\/www.pressenza.com\/es\/2013\/06\/%c2%b4estatuto-del-no-nacido%c2%b4-avanza-en-brasil\/#primaryimage\"},\"thumbnailUrl\":\"https:\/\/www.pressenza.com\/wp-content\/uploads\/2013\/06\/bandeira-do-brasil_650.jpg\",\"datePublished\":\"2013-06-10T15:19:00+00:00\",\"dateModified\":\"2013-06-10T16:21:41+00:00\",\"description\":\"Por Marta de la Fuente La Comisi\u00f3n de Finanzas y Tributos del Congreso brasile\u00f1o aprob\u00f3 este mi\u00e9rcoles el llamado \u201cEstatuto del no nacido\u201d , proyecto de\",\"breadcrumb\":{\"@id\":\"https:\/\/www.pressenza.com\/es\/2013\/06\/%c2%b4estatuto-del-no-nacido%c2%b4-avanza-en-brasil\/#breadcrumb\"},\"inLanguage\":\"es\",\"potentialAction\":[{\"@type\":\"ReadAction\",\"target\":[\"https:\/\/www.pressenza.com\/es\/2013\/06\/%c2%b4estatuto-del-no-nacido%c2%b4-avanza-en-brasil\/\"]}]},{\"@type\":\"ImageObject\",\"inLanguage\":\"es\",\"@id\":\"https:\/\/www.pressenza.com\/es\/2013\/06\/%c2%b4estatuto-del-no-nacido%c2%b4-avanza-en-brasil\/#primaryimage\",\"url\":\"https:\/\/www.pressenza.com\/wp-content\/uploads\/2013\/06\/bandeira-do-brasil_650.jpg\",\"contentUrl\":\"https:\/\/www.pressenza.com\/wp-content\/uploads\/2013\/06\/bandeira-do-brasil_650.jpg\",\"width\":650,\"height\":330},{\"@type\":\"BreadcrumbList\",\"@id\":\"https:\/\/www.pressenza.com\/es\/2013\/06\/%c2%b4estatuto-del-no-nacido%c2%b4-avanza-en-brasil\/#breadcrumb\",\"itemListElement\":[{\"@type\":\"ListItem\",\"position\":1,\"name\":\"Accueil\",\"item\":\"https:\/\/www.pressenza.com\/es\/\"},{\"@type\":\"ListItem\",\"position\":2,\"name\":\"\u00b4Estatuto del no-nacido\u00b4 avanza en Brasil\"}]},{\"@type\":\"WebSite\",\"@id\":\"https:\/\/www.pressenza.com\/es\/#website\",\"url\":\"https:\/\/www.pressenza.com\/es\/\",\"name\":\"Pressenza\",\"description\":\"International Press Agency\",\"publisher\":{\"@id\":\"https:\/\/www.pressenza.com\/es\/#organization\"},\"potentialAction\":[{\"@type\":\"SearchAction\",\"target\":{\"@type\":\"EntryPoint\",\"urlTemplate\":\"https:\/\/www.pressenza.com\/es\/?s={search_term_string}\"},\"query-input\":{\"@type\":\"PropertyValueSpecification\",\"valueRequired\":true,\"valueName\":\"search_term_string\"}}],\"inLanguage\":\"es\"},{\"@type\":\"Organization\",\"@id\":\"https:\/\/www.pressenza.com\/es\/#organization\",\"name\":\"Pressenza\",\"url\":\"https:\/\/www.pressenza.com\/es\/\",\"logo\":{\"@type\":\"ImageObject\",\"inLanguage\":\"es\",\"@id\":\"https:\/\/www.pressenza.com\/es\/#\/schema\/logo\/image\/\",\"url\":\"https:\/\/www.pressenza.com\/wp-content\/uploads\/2022\/10\/pressenza_logo_200x200.jpg\",\"contentUrl\":\"https:\/\/www.pressenza.com\/wp-content\/uploads\/2022\/10\/pressenza_logo_200x200.jpg\",\"width\":200,\"height\":200,\"caption\":\"Pressenza\"},\"image\":{\"@id\":\"https:\/\/www.pressenza.com\/es\/#\/schema\/logo\/image\/\"},\"sameAs\":[\"https:\/\/www.facebook.com\/PressenzaItalia\",\"https:\/\/x.com\/PressenzaIPA\"]},{\"@type\":\"Person\",\"@id\":\"https:\/\/www.pressenza.com\/es\/#\/schema\/person\/41bb0a84c4a2e912bbf67eedd1d24306\",\"name\":\"Radio Netherlands\",\"description\":\"Radio Netherlands Worldwide (RNW) is the Dutch international public broadcaster. RNW works to promote free speech around the world focusing on countries at the lower end of the Freedom House Press Freedom Index. RNW is working independently and with media partners producing multimedia content aimed at sparking discussion and introducing people in a non-judgmental way to information that is lacking in their local media. www.rnw.nl\",\"sameAs\":[\"https:\/\/www.facebook.com\/rnw.org\"],\"url\":\"https:\/\/www.pressenza.com\/es\/author\/radio-netherlands\/\"}]}<\/script>\n<!-- \/ Yoast SEO plugin. -->","yoast_head_json":{"title":"\u00b4Estatuto del no-nacido\u00b4 avanza en Brasil","description":"Por Marta de la Fuente La Comisi\u00f3n de Finanzas y Tributos del Congreso brasile\u00f1o aprob\u00f3 este mi\u00e9rcoles el llamado \u201cEstatuto del no nacido\u201d , proyecto de","robots":{"index":"index","follow":"follow","max-snippet":"max-snippet:-1","max-image-preview":"max-image-preview:large","max-video-preview":"max-video-preview:-1"},"canonical":"https:\/\/www.pressenza.com\/es\/2013\/06\/%c2%b4estatuto-del-no-nacido%c2%b4-avanza-en-brasil\/","og_locale":"es_ES","og_type":"article","og_title":"\u00b4Estatuto del no-nacido\u00b4 avanza en Brasil","og_description":"Por Marta de la Fuente La Comisi\u00f3n de Finanzas y Tributos del Congreso brasile\u00f1o aprob\u00f3 este mi\u00e9rcoles el llamado \u201cEstatuto del no nacido\u201d , proyecto de","og_url":"https:\/\/www.pressenza.com\/es\/2013\/06\/%c2%b4estatuto-del-no-nacido%c2%b4-avanza-en-brasil\/","og_site_name":"Pressenza","article_publisher":"https:\/\/www.facebook.com\/PressenzaItalia","article_author":"https:\/\/www.facebook.com\/rnw.org","article_published_time":"2013-06-10T15:19:00+00:00","article_modified_time":"2013-06-10T16:21:41+00:00","og_image":[{"width":650,"height":330,"url":"https:\/\/www.pressenza.com\/wp-content\/uploads\/2013\/06\/bandeira-do-brasil_650.jpg","type":"image\/jpeg"}],"author":"Radio Netherlands","twitter_card":"summary_large_image","twitter_creator":"@PressenzaIPA","twitter_site":"@PressenzaIPA","twitter_misc":{"Escrito por":"Radio Netherlands","Tiempo de lectura":"2 minutos"},"schema":{"@context":"https:\/\/schema.org","@graph":[{"@type":"Article","@id":"https:\/\/www.pressenza.com\/es\/2013\/06\/%c2%b4estatuto-del-no-nacido%c2%b4-avanza-en-brasil\/#article","isPartOf":{"@id":"https:\/\/www.pressenza.com\/es\/2013\/06\/%c2%b4estatuto-del-no-nacido%c2%b4-avanza-en-brasil\/"},"author":{"name":"Radio Netherlands","@id":"https:\/\/www.pressenza.com\/es\/#\/schema\/person\/41bb0a84c4a2e912bbf67eedd1d24306"},"headline":"\u00b4Estatuto del no-nacido\u00b4 avanza en Brasil","datePublished":"2013-06-10T15:19:00+00:00","dateModified":"2013-06-10T16:21:41+00:00","mainEntityOfPage":{"@id":"https:\/\/www.pressenza.com\/es\/2013\/06\/%c2%b4estatuto-del-no-nacido%c2%b4-avanza-en-brasil\/"},"wordCount":378,"publisher":{"@id":"https:\/\/www.pressenza.com\/es\/#organization"},"image":{"@id":"https:\/\/www.pressenza.com\/es\/2013\/06\/%c2%b4estatuto-del-no-nacido%c2%b4-avanza-en-brasil\/#primaryimage"},"thumbnailUrl":"https:\/\/www.pressenza.com\/wp-content\/uploads\/2013\/06\/bandeira-do-brasil_650.jpg","keywords":["aborto","Brasil","Violencia sexual"],"articleSection":["Cultura y Medios","Derechos Humanos","Salud","Sudam\u00e9rica"],"inLanguage":"es"},{"@type":"WebPage","@id":"https:\/\/www.pressenza.com\/es\/2013\/06\/%c2%b4estatuto-del-no-nacido%c2%b4-avanza-en-brasil\/","url":"https:\/\/www.pressenza.com\/es\/2013\/06\/%c2%b4estatuto-del-no-nacido%c2%b4-avanza-en-brasil\/","name":"\u00b4Estatuto del no-nacido\u00b4 avanza en Brasil","isPartOf":{"@id":"https:\/\/www.pressenza.com\/es\/#website"},"primaryImageOfPage":{"@id":"https:\/\/www.pressenza.com\/es\/2013\/06\/%c2%b4estatuto-del-no-nacido%c2%b4-avanza-en-brasil\/#primaryimage"},"image":{"@id":"https:\/\/www.pressenza.com\/es\/2013\/06\/%c2%b4estatuto-del-no-nacido%c2%b4-avanza-en-brasil\/#primaryimage"},"thumbnailUrl":"https:\/\/www.pressenza.com\/wp-content\/uploads\/2013\/06\/bandeira-do-brasil_650.jpg","datePublished":"2013-06-10T15:19:00+00:00","dateModified":"2013-06-10T16:21:41+00:00","description":"Por Marta de la Fuente La Comisi\u00f3n de Finanzas y Tributos del Congreso brasile\u00f1o aprob\u00f3 este mi\u00e9rcoles el llamado \u201cEstatuto del no nacido\u201d , proyecto de","breadcrumb":{"@id":"https:\/\/www.pressenza.com\/es\/2013\/06\/%c2%b4estatuto-del-no-nacido%c2%b4-avanza-en-brasil\/#breadcrumb"},"inLanguage":"es","potentialAction":[{"@type":"ReadAction","target":["https:\/\/www.pressenza.com\/es\/2013\/06\/%c2%b4estatuto-del-no-nacido%c2%b4-avanza-en-brasil\/"]}]},{"@type":"ImageObject","inLanguage":"es","@id":"https:\/\/www.pressenza.com\/es\/2013\/06\/%c2%b4estatuto-del-no-nacido%c2%b4-avanza-en-brasil\/#primaryimage","url":"https:\/\/www.pressenza.com\/wp-content\/uploads\/2013\/06\/bandeira-do-brasil_650.jpg","contentUrl":"https:\/\/www.pressenza.com\/wp-content\/uploads\/2013\/06\/bandeira-do-brasil_650.jpg","width":650,"height":330},{"@type":"BreadcrumbList","@id":"https:\/\/www.pressenza.com\/es\/2013\/06\/%c2%b4estatuto-del-no-nacido%c2%b4-avanza-en-brasil\/#breadcrumb","itemListElement":[{"@type":"ListItem","position":1,"name":"Accueil","item":"https:\/\/www.pressenza.com\/es\/"},{"@type":"ListItem","position":2,"name":"\u00b4Estatuto del no-nacido\u00b4 avanza en Brasil"}]},{"@type":"WebSite","@id":"https:\/\/www.pressenza.com\/es\/#website","url":"https:\/\/www.pressenza.com\/es\/","name":"Pressenza","description":"International Press Agency","publisher":{"@id":"https:\/\/www.pressenza.com\/es\/#organization"},"potentialAction":[{"@type":"SearchAction","target":{"@type":"EntryPoint","urlTemplate":"https:\/\/www.pressenza.com\/es\/?s={search_term_string}"},"query-input":{"@type":"PropertyValueSpecification","valueRequired":true,"valueName":"search_term_string"}}],"inLanguage":"es"},{"@type":"Organization","@id":"https:\/\/www.pressenza.com\/es\/#organization","name":"Pressenza","url":"https:\/\/www.pressenza.com\/es\/","logo":{"@type":"ImageObject","inLanguage":"es","@id":"https:\/\/www.pressenza.com\/es\/#\/schema\/logo\/image\/","url":"https:\/\/www.pressenza.com\/wp-content\/uploads\/2022\/10\/pressenza_logo_200x200.jpg","contentUrl":"https:\/\/www.pressenza.com\/wp-content\/uploads\/2022\/10\/pressenza_logo_200x200.jpg","width":200,"height":200,"caption":"Pressenza"},"image":{"@id":"https:\/\/www.pressenza.com\/es\/#\/schema\/logo\/image\/"},"sameAs":["https:\/\/www.facebook.com\/PressenzaItalia","https:\/\/x.com\/PressenzaIPA"]},{"@type":"Person","@id":"https:\/\/www.pressenza.com\/es\/#\/schema\/person\/41bb0a84c4a2e912bbf67eedd1d24306","name":"Radio Netherlands","description":"Radio Netherlands Worldwide (RNW) is the Dutch international public broadcaster. RNW works to promote free speech around the world focusing on countries at the lower end of the Freedom House Press Freedom Index. RNW is working independently and with media partners producing multimedia content aimed at sparking discussion and introducing people in a non-judgmental way to information that is lacking in their local media. www.rnw.nl","sameAs":["https:\/\/www.facebook.com\/rnw.org"],"url":"https:\/\/www.pressenza.com\/es\/author\/radio-netherlands\/"}]}},"place":"San Pablo","original_article_url":"","_links":{"self":[{"href":"https:\/\/www.pressenza.com\/es\/wp-json\/wp\/v2\/posts\/55932","targetHints":{"allow":["GET"]}}],"collection":[{"href":"https:\/\/www.pressenza.com\/es\/wp-json\/wp\/v2\/posts"}],"about":[{"href":"https:\/\/www.pressenza.com\/es\/wp-json\/wp\/v2\/types\/post"}],"author":[{"embeddable":true,"href":"https:\/\/www.pressenza.com\/es\/wp-json\/wp\/v2\/users\/83"}],"replies":[{"embeddable":true,"href":"https:\/\/www.pressenza.com\/es\/wp-json\/wp\/v2\/comments?post=55932"}],"version-history":[{"count":0,"href":"https:\/\/www.pressenza.com\/es\/wp-json\/wp\/v2\/posts\/55932\/revisions"}],"wp:featuredmedia":[{"embeddable":true,"href":"https:\/\/www.pressenza.com\/es\/wp-json\/wp\/v2\/media\/55984"}],"wp:attachment":[{"href":"https:\/\/www.pressenza.com\/es\/wp-json\/wp\/v2\/media?parent=55932"}],"wp:term":[{"taxonomy":"category","embeddable":true,"href":"https:\/\/www.pressenza.com\/es\/wp-json\/wp\/v2\/categories?post=55932"},{"taxonomy":"post_tag","embeddable":true,"href":"https:\/\/www.pressenza.com\/es\/wp-json\/wp\/v2\/tags?post=55932"}],"curies":[{"name":"wp","href":"https:\/\/api.w.org\/{rel}","templated":true}]}}