{"id":558969,"date":"2017-11-21T17:30:33","date_gmt":"2017-11-21T17:30:33","guid":{"rendered":"https:\/\/www.pressenza.com\/?p=558969\/"},"modified":"2017-11-22T23:29:48","modified_gmt":"2017-11-22T23:29:48","slug":"florcita-motuda-fui-electo-una-ley-no-democratica","status":"publish","type":"post","link":"https:\/\/www.pressenza.com\/es\/2017\/11\/florcita-motuda-fui-electo-una-ley-no-democratica\/","title":{"rendered":"Florcita Motuda: \u00abFu\u00ed electo por una ley que no es democr\u00e1tica\u00bb"},"content":{"rendered":"<p>El cantautor recientemente elegido como Diputado, Ra\u00fal Florcita Alarc\u00f3n, agradeci\u00f3 los votos recibidos por medio de su cuenta de Twitter, se\u00f1alando que sin embargo se trata de una ley electoral que sigue siendo no democr\u00e1tica, refiri\u00e9ndose a la nueva legislaci\u00f3n que rigi\u00f3 por primera vez este pasado 19 de noviembre las elecciones en Chile.<\/p>\n<p><strong>\u201cEstoy muy contento, muy contento, de la forma y con el n\u00famero. No soy un dedo aislado que sal\u00ed, no. Somos veinte frenteamplistas que, adem\u00e1s, tenemos muy clarito lo que tenemos que hacer. Est\u00e1 muy f\u00e1cil: estamos en contra de las AFP, etc. Todos ustedes lo saben\u201d<\/strong>, comenz\u00f3 el mensaje.<\/p>\n<p><strong>\u201cEso s\u00ed, me habr\u00eda gustado salir elegido con hartos votos, como el Tom\u00e1s Hirsch. O, por ejemplo, como Alberto Mayol, que no fue elegido. Pero esta ley tampoco es democr\u00e1tica. Pa\u2019 qu\u00e9 estamos con hue\u00e1s: no es democr\u00e1tica\u201d<\/strong>, precis\u00f3.<\/p>\n<p>Ante una consulta de los medios respecto de su estilo, afirm\u00f3 que <strong>\u00abtoda la gente sabe cu\u00e1l es mi forma de vestir y no voy a renunciar a ella\u00bb, <\/strong>adelantando que llegar\u00e1 en marzo a asumir sus funciones en el Congreso con su capa estrellada y su corona de pl\u00e1stico <strong>\u00abporque tambi\u00e9n es un gesto pol\u00edtico en el sentido de que ese \u00e1mbito no me va a cambiar como persona\u00bb.<\/strong><\/p>\n<p>Incluso, si llegase a incumplir el protocolo establecido en la Sala, afirm\u00f3 que no tiene problemas: \u00ab<strong>\u00a1Qu\u00e9 me echen, po hue\u00f3n! Yo voy el primer d\u00eda con mi capa y seguramente la Pamela Jiles (diputada humanista electa por el Distrito 12) va a ir con su pluma<\/strong>\u00ab.<\/p>\n<p>\u00ab<strong>Mi emplazamiento principal, lo que quiero lograr es que la acci\u00f3n pol\u00edtica sea una acci\u00f3n pol\u00edtica m\u00edstico-pol\u00edtico<\/strong>. <strong>Esa es mi aspiraci\u00f3n, que se sienta esa cosa m\u00edstica que envuelve y que abre los futuros no solamente pol\u00edticos, porque ah\u00ed entra el pragmatismo que es bastante corto, pero una pol\u00edtica m\u00edstico-pol\u00edtica es mucho m\u00e1s interesante y llega mucho m\u00e1s all\u00e1 de los l\u00edmites partidarios<\/strong>\u00ab, expres\u00f3.<\/p>\n<p>El diputado reci\u00e9n electo sostuvo que <strong>\u00abla necesidad m\u00edstica que hay actualmente es importante y hay que dar respuesta a esas necesidades, no es s\u00f3lo lo pol\u00edtico\u00bb.<\/strong><\/p>\n<p><strong>\u00abCuando hablo de m\u00edstico-pol\u00edtico, estamos hablando de una superaci\u00f3n personal y social simult\u00e1nea\u00bb<\/strong>, recalc\u00f3.<\/p>\n","protected":false},"excerpt":{"rendered":"<p>El cantautor recientemente elegido como Diputado, Ra\u00fal Florcita Alarc\u00f3n, agradeci\u00f3 los votos recibidos por medio de su cuenta de Twitter, se\u00f1alando que sin embargo se trata de una ley electoral que sigue siendo no democr\u00e1tica, refiri\u00e9ndose a la nueva legislaci\u00f3n&hellip;<\/p>\n","protected":false},"author":43,"featured_media":559336,"comment_status":"closed","ping_status":"closed","sticky":false,"template":"","format":"standard","meta":{"footnotes":""},"categories":[11389,1240,161,74,67],"tags":[29,403,38213,20453,40306],"class_list":["post-558969","post","type-post","status-publish","format-standard","has-post-thumbnail","hentry","category-contenido-original","category-humanismo-espiritualidad","category-opiniones","category-politica-es","category-sudamerica","tag-chile","tag-elecciones","tag-frente-amplio","tag-partido-humanista-de-chile","tag-raul-florcita-alarcon"],"yoast_head":"<!-- This site is optimized with the Yoast SEO plugin v27.1.1 - https:\/\/yoast.com\/product\/yoast-seo-wordpress\/ -->\n<title>Florcita Motuda: &quot;Fu\u00ed electo por una ley que no es democr\u00e1tica&quot;<\/title>\n<meta name=\"description\" content=\"El cantautor recientemente elegido como Diputado, Ra\u00fal Florcita Alarc\u00f3n, agradeci\u00f3 los votos recibidos por medio de su cuenta de Twitter, se\u00f1alando que\" \/>\n<meta name=\"robots\" content=\"index, follow, max-snippet:-1, max-image-preview:large, max-video-preview:-1\" \/>\n<link rel=\"canonical\" href=\"https:\/\/www.pressenza.com\/es\/2017\/11\/florcita-motuda-fui-electo-una-ley-no-democratica\/\" \/>\n<meta property=\"og:locale\" content=\"es_ES\" \/>\n<meta property=\"og:type\" content=\"article\" \/>\n<meta property=\"og:title\" content=\"Florcita Motuda: &quot;Fu\u00ed electo por una ley que no es democr\u00e1tica&quot;\" \/>\n<meta property=\"og:description\" content=\"El cantautor recientemente elegido como Diputado, Ra\u00fal Florcita Alarc\u00f3n, agradeci\u00f3 los votos recibidos por medio de su cuenta de Twitter, se\u00f1alando que\" \/>\n<meta property=\"og:url\" content=\"https:\/\/www.pressenza.com\/es\/2017\/11\/florcita-motuda-fui-electo-una-ley-no-democratica\/\" \/>\n<meta property=\"og:site_name\" content=\"Pressenza\" \/>\n<meta property=\"article:publisher\" content=\"https:\/\/www.facebook.com\/PressenzaItalia\" \/>\n<meta property=\"article:author\" content=\"https:\/\/www.facebook.com\/pressenza\" \/>\n<meta property=\"article:published_time\" content=\"2017-11-21T17:30:33+00:00\" \/>\n<meta property=\"article:modified_time\" content=\"2017-11-22T23:29:48+00:00\" \/>\n<meta property=\"og:image\" content=\"https:\/\/www.pressenza.com\/wp-content\/uploads\/2017\/11\/Florcita-matuda.jpg\" \/>\n\t<meta property=\"og:image:width\" content=\"939\" \/>\n\t<meta property=\"og:image:height\" content=\"450\" \/>\n\t<meta property=\"og:image:type\" content=\"image\/jpeg\" \/>\n<meta name=\"author\" content=\"Redacci\u00f3n Chile\" \/>\n<meta name=\"twitter:card\" content=\"summary_large_image\" \/>\n<meta name=\"twitter:creator\" content=\"@pressenza\" \/>\n<meta name=\"twitter:site\" content=\"@PressenzaIPA\" \/>\n<meta name=\"twitter:label1\" content=\"Escrito por\" \/>\n\t<meta name=\"twitter:data1\" content=\"Redacci\u00f3n Chile\" \/>\n\t<meta name=\"twitter:label2\" content=\"Tiempo de lectura\" \/>\n\t<meta name=\"twitter:data2\" content=\"2 minutos\" \/>\n<script type=\"application\/ld+json\" class=\"yoast-schema-graph\">{\"@context\":\"https:\/\/schema.org\",\"@graph\":[{\"@type\":\"Article\",\"@id\":\"https:\/\/www.pressenza.com\/es\/2017\/11\/florcita-motuda-fui-electo-una-ley-no-democratica\/#article\",\"isPartOf\":{\"@id\":\"https:\/\/www.pressenza.com\/es\/2017\/11\/florcita-motuda-fui-electo-una-ley-no-democratica\/\"},\"author\":{\"name\":\"Redacci\u00f3n Chile\",\"@id\":\"https:\/\/www.pressenza.com\/es\/#\/schema\/person\/d7db40df35d6698ba69ba9ee260944ed\"},\"headline\":\"Florcita Motuda: \u00abFu\u00ed electo por una ley que no es democr\u00e1tica\u00bb\",\"datePublished\":\"2017-11-21T17:30:33+00:00\",\"dateModified\":\"2017-11-22T23:29:48+00:00\",\"mainEntityOfPage\":{\"@id\":\"https:\/\/www.pressenza.com\/es\/2017\/11\/florcita-motuda-fui-electo-una-ley-no-democratica\/\"},\"wordCount\":418,\"publisher\":{\"@id\":\"https:\/\/www.pressenza.com\/es\/#organization\"},\"image\":{\"@id\":\"https:\/\/www.pressenza.com\/es\/2017\/11\/florcita-motuda-fui-electo-una-ley-no-democratica\/#primaryimage\"},\"thumbnailUrl\":\"https:\/\/www.pressenza.com\/wp-content\/uploads\/2017\/11\/Florcita-matuda.jpg\",\"keywords\":[\"Chile\",\"elecciones\",\"Frente Amplio\",\"Partido Humanista de Chile\",\"Ra\u00fal Florcita Alarc\u00f3n\"],\"articleSection\":[\"Contenido Original\",\"Humanismo y Espiritualidad\",\"Opiniones\",\"Pol\u00edtica\",\"Sudam\u00e9rica\"],\"inLanguage\":\"es\"},{\"@type\":\"WebPage\",\"@id\":\"https:\/\/www.pressenza.com\/es\/2017\/11\/florcita-motuda-fui-electo-una-ley-no-democratica\/\",\"url\":\"https:\/\/www.pressenza.com\/es\/2017\/11\/florcita-motuda-fui-electo-una-ley-no-democratica\/\",\"name\":\"Florcita Motuda: \\\"Fu\u00ed electo por una ley que no es democr\u00e1tica\\\"\",\"isPartOf\":{\"@id\":\"https:\/\/www.pressenza.com\/es\/#website\"},\"primaryImageOfPage\":{\"@id\":\"https:\/\/www.pressenza.com\/es\/2017\/11\/florcita-motuda-fui-electo-una-ley-no-democratica\/#primaryimage\"},\"image\":{\"@id\":\"https:\/\/www.pressenza.com\/es\/2017\/11\/florcita-motuda-fui-electo-una-ley-no-democratica\/#primaryimage\"},\"thumbnailUrl\":\"https:\/\/www.pressenza.com\/wp-content\/uploads\/2017\/11\/Florcita-matuda.jpg\",\"datePublished\":\"2017-11-21T17:30:33+00:00\",\"dateModified\":\"2017-11-22T23:29:48+00:00\",\"description\":\"El cantautor recientemente elegido como Diputado, Ra\u00fal Florcita Alarc\u00f3n, agradeci\u00f3 los votos recibidos por medio de su cuenta de Twitter, se\u00f1alando que\",\"breadcrumb\":{\"@id\":\"https:\/\/www.pressenza.com\/es\/2017\/11\/florcita-motuda-fui-electo-una-ley-no-democratica\/#breadcrumb\"},\"inLanguage\":\"es\",\"potentialAction\":[{\"@type\":\"ReadAction\",\"target\":[\"https:\/\/www.pressenza.com\/es\/2017\/11\/florcita-motuda-fui-electo-una-ley-no-democratica\/\"]}]},{\"@type\":\"ImageObject\",\"inLanguage\":\"es\",\"@id\":\"https:\/\/www.pressenza.com\/es\/2017\/11\/florcita-motuda-fui-electo-una-ley-no-democratica\/#primaryimage\",\"url\":\"https:\/\/www.pressenza.com\/wp-content\/uploads\/2017\/11\/Florcita-matuda.jpg\",\"contentUrl\":\"https:\/\/www.pressenza.com\/wp-content\/uploads\/2017\/11\/Florcita-matuda.jpg\",\"width\":939,\"height\":450},{\"@type\":\"BreadcrumbList\",\"@id\":\"https:\/\/www.pressenza.com\/es\/2017\/11\/florcita-motuda-fui-electo-una-ley-no-democratica\/#breadcrumb\",\"itemListElement\":[{\"@type\":\"ListItem\",\"position\":1,\"name\":\"Accueil\",\"item\":\"https:\/\/www.pressenza.com\/es\/\"},{\"@type\":\"ListItem\",\"position\":2,\"name\":\"Florcita Motuda: \u00abFu\u00ed electo por una ley que no es democr\u00e1tica\u00bb\"}]},{\"@type\":\"WebSite\",\"@id\":\"https:\/\/www.pressenza.com\/es\/#website\",\"url\":\"https:\/\/www.pressenza.com\/es\/\",\"name\":\"Pressenza\",\"description\":\"International Press Agency\",\"publisher\":{\"@id\":\"https:\/\/www.pressenza.com\/es\/#organization\"},\"potentialAction\":[{\"@type\":\"SearchAction\",\"target\":{\"@type\":\"EntryPoint\",\"urlTemplate\":\"https:\/\/www.pressenza.com\/es\/?s={search_term_string}\"},\"query-input\":{\"@type\":\"PropertyValueSpecification\",\"valueRequired\":true,\"valueName\":\"search_term_string\"}}],\"inLanguage\":\"es\"},{\"@type\":\"Organization\",\"@id\":\"https:\/\/www.pressenza.com\/es\/#organization\",\"name\":\"Pressenza\",\"url\":\"https:\/\/www.pressenza.com\/es\/\",\"logo\":{\"@type\":\"ImageObject\",\"inLanguage\":\"es\",\"@id\":\"https:\/\/www.pressenza.com\/es\/#\/schema\/logo\/image\/\",\"url\":\"https:\/\/www.pressenza.com\/wp-content\/uploads\/2022\/10\/pressenza_logo_200x200.jpg\",\"contentUrl\":\"https:\/\/www.pressenza.com\/wp-content\/uploads\/2022\/10\/pressenza_logo_200x200.jpg\",\"width\":200,\"height\":200,\"caption\":\"Pressenza\"},\"image\":{\"@id\":\"https:\/\/www.pressenza.com\/es\/#\/schema\/logo\/image\/\"},\"sameAs\":[\"https:\/\/www.facebook.com\/PressenzaItalia\",\"https:\/\/x.com\/PressenzaIPA\"]},{\"@type\":\"Person\",\"@id\":\"https:\/\/www.pressenza.com\/es\/#\/schema\/person\/d7db40df35d6698ba69ba9ee260944ed\",\"name\":\"Redacci\u00f3n Chile\",\"description\":\"News from the Pressenza Bureau in Chile\",\"sameAs\":[\"https:\/\/www.facebook.com\/pressenza\",\"https:\/\/x.com\/pressenza\"],\"url\":\"https:\/\/www.pressenza.com\/es\/author\/redaccion-chile\/\"}]}<\/script>\n<!-- \/ Yoast SEO plugin. -->","yoast_head_json":{"title":"Florcita Motuda: \"Fu\u00ed electo por una ley que no es democr\u00e1tica\"","description":"El cantautor recientemente elegido como Diputado, Ra\u00fal Florcita Alarc\u00f3n, agradeci\u00f3 los votos recibidos por medio de su cuenta de Twitter, se\u00f1alando que","robots":{"index":"index","follow":"follow","max-snippet":"max-snippet:-1","max-image-preview":"max-image-preview:large","max-video-preview":"max-video-preview:-1"},"canonical":"https:\/\/www.pressenza.com\/es\/2017\/11\/florcita-motuda-fui-electo-una-ley-no-democratica\/","og_locale":"es_ES","og_type":"article","og_title":"Florcita Motuda: \"Fu\u00ed electo por una ley que no es democr\u00e1tica\"","og_description":"El cantautor recientemente elegido como Diputado, Ra\u00fal Florcita Alarc\u00f3n, agradeci\u00f3 los votos recibidos por medio de su cuenta de Twitter, se\u00f1alando que","og_url":"https:\/\/www.pressenza.com\/es\/2017\/11\/florcita-motuda-fui-electo-una-ley-no-democratica\/","og_site_name":"Pressenza","article_publisher":"https:\/\/www.facebook.com\/PressenzaItalia","article_author":"https:\/\/www.facebook.com\/pressenza","article_published_time":"2017-11-21T17:30:33+00:00","article_modified_time":"2017-11-22T23:29:48+00:00","og_image":[{"width":939,"height":450,"url":"https:\/\/www.pressenza.com\/wp-content\/uploads\/2017\/11\/Florcita-matuda.jpg","type":"image\/jpeg"}],"author":"Redacci\u00f3n Chile","twitter_card":"summary_large_image","twitter_creator":"@pressenza","twitter_site":"@PressenzaIPA","twitter_misc":{"Escrito por":"Redacci\u00f3n Chile","Tiempo de lectura":"2 minutos"},"schema":{"@context":"https:\/\/schema.org","@graph":[{"@type":"Article","@id":"https:\/\/www.pressenza.com\/es\/2017\/11\/florcita-motuda-fui-electo-una-ley-no-democratica\/#article","isPartOf":{"@id":"https:\/\/www.pressenza.com\/es\/2017\/11\/florcita-motuda-fui-electo-una-ley-no-democratica\/"},"author":{"name":"Redacci\u00f3n Chile","@id":"https:\/\/www.pressenza.com\/es\/#\/schema\/person\/d7db40df35d6698ba69ba9ee260944ed"},"headline":"Florcita Motuda: \u00abFu\u00ed electo por una ley que no es democr\u00e1tica\u00bb","datePublished":"2017-11-21T17:30:33+00:00","dateModified":"2017-11-22T23:29:48+00:00","mainEntityOfPage":{"@id":"https:\/\/www.pressenza.com\/es\/2017\/11\/florcita-motuda-fui-electo-una-ley-no-democratica\/"},"wordCount":418,"publisher":{"@id":"https:\/\/www.pressenza.com\/es\/#organization"},"image":{"@id":"https:\/\/www.pressenza.com\/es\/2017\/11\/florcita-motuda-fui-electo-una-ley-no-democratica\/#primaryimage"},"thumbnailUrl":"https:\/\/www.pressenza.com\/wp-content\/uploads\/2017\/11\/Florcita-matuda.jpg","keywords":["Chile","elecciones","Frente Amplio","Partido Humanista de Chile","Ra\u00fal Florcita Alarc\u00f3n"],"articleSection":["Contenido Original","Humanismo y Espiritualidad","Opiniones","Pol\u00edtica","Sudam\u00e9rica"],"inLanguage":"es"},{"@type":"WebPage","@id":"https:\/\/www.pressenza.com\/es\/2017\/11\/florcita-motuda-fui-electo-una-ley-no-democratica\/","url":"https:\/\/www.pressenza.com\/es\/2017\/11\/florcita-motuda-fui-electo-una-ley-no-democratica\/","name":"Florcita Motuda: \"Fu\u00ed electo por una ley que no es democr\u00e1tica\"","isPartOf":{"@id":"https:\/\/www.pressenza.com\/es\/#website"},"primaryImageOfPage":{"@id":"https:\/\/www.pressenza.com\/es\/2017\/11\/florcita-motuda-fui-electo-una-ley-no-democratica\/#primaryimage"},"image":{"@id":"https:\/\/www.pressenza.com\/es\/2017\/11\/florcita-motuda-fui-electo-una-ley-no-democratica\/#primaryimage"},"thumbnailUrl":"https:\/\/www.pressenza.com\/wp-content\/uploads\/2017\/11\/Florcita-matuda.jpg","datePublished":"2017-11-21T17:30:33+00:00","dateModified":"2017-11-22T23:29:48+00:00","description":"El cantautor recientemente elegido como Diputado, Ra\u00fal Florcita Alarc\u00f3n, agradeci\u00f3 los votos recibidos por medio de su cuenta de Twitter, se\u00f1alando que","breadcrumb":{"@id":"https:\/\/www.pressenza.com\/es\/2017\/11\/florcita-motuda-fui-electo-una-ley-no-democratica\/#breadcrumb"},"inLanguage":"es","potentialAction":[{"@type":"ReadAction","target":["https:\/\/www.pressenza.com\/es\/2017\/11\/florcita-motuda-fui-electo-una-ley-no-democratica\/"]}]},{"@type":"ImageObject","inLanguage":"es","@id":"https:\/\/www.pressenza.com\/es\/2017\/11\/florcita-motuda-fui-electo-una-ley-no-democratica\/#primaryimage","url":"https:\/\/www.pressenza.com\/wp-content\/uploads\/2017\/11\/Florcita-matuda.jpg","contentUrl":"https:\/\/www.pressenza.com\/wp-content\/uploads\/2017\/11\/Florcita-matuda.jpg","width":939,"height":450},{"@type":"BreadcrumbList","@id":"https:\/\/www.pressenza.com\/es\/2017\/11\/florcita-motuda-fui-electo-una-ley-no-democratica\/#breadcrumb","itemListElement":[{"@type":"ListItem","position":1,"name":"Accueil","item":"https:\/\/www.pressenza.com\/es\/"},{"@type":"ListItem","position":2,"name":"Florcita Motuda: \u00abFu\u00ed electo por una ley que no es democr\u00e1tica\u00bb"}]},{"@type":"WebSite","@id":"https:\/\/www.pressenza.com\/es\/#website","url":"https:\/\/www.pressenza.com\/es\/","name":"Pressenza","description":"International Press Agency","publisher":{"@id":"https:\/\/www.pressenza.com\/es\/#organization"},"potentialAction":[{"@type":"SearchAction","target":{"@type":"EntryPoint","urlTemplate":"https:\/\/www.pressenza.com\/es\/?s={search_term_string}"},"query-input":{"@type":"PropertyValueSpecification","valueRequired":true,"valueName":"search_term_string"}}],"inLanguage":"es"},{"@type":"Organization","@id":"https:\/\/www.pressenza.com\/es\/#organization","name":"Pressenza","url":"https:\/\/www.pressenza.com\/es\/","logo":{"@type":"ImageObject","inLanguage":"es","@id":"https:\/\/www.pressenza.com\/es\/#\/schema\/logo\/image\/","url":"https:\/\/www.pressenza.com\/wp-content\/uploads\/2022\/10\/pressenza_logo_200x200.jpg","contentUrl":"https:\/\/www.pressenza.com\/wp-content\/uploads\/2022\/10\/pressenza_logo_200x200.jpg","width":200,"height":200,"caption":"Pressenza"},"image":{"@id":"https:\/\/www.pressenza.com\/es\/#\/schema\/logo\/image\/"},"sameAs":["https:\/\/www.facebook.com\/PressenzaItalia","https:\/\/x.com\/PressenzaIPA"]},{"@type":"Person","@id":"https:\/\/www.pressenza.com\/es\/#\/schema\/person\/d7db40df35d6698ba69ba9ee260944ed","name":"Redacci\u00f3n Chile","description":"News from the Pressenza Bureau in Chile","sameAs":["https:\/\/www.facebook.com\/pressenza","https:\/\/x.com\/pressenza"],"url":"https:\/\/www.pressenza.com\/es\/author\/redaccion-chile\/"}]}},"place":"Santiago de Chile","original_article_url":"","_links":{"self":[{"href":"https:\/\/www.pressenza.com\/es\/wp-json\/wp\/v2\/posts\/558969","targetHints":{"allow":["GET"]}}],"collection":[{"href":"https:\/\/www.pressenza.com\/es\/wp-json\/wp\/v2\/posts"}],"about":[{"href":"https:\/\/www.pressenza.com\/es\/wp-json\/wp\/v2\/types\/post"}],"author":[{"embeddable":true,"href":"https:\/\/www.pressenza.com\/es\/wp-json\/wp\/v2\/users\/43"}],"replies":[{"embeddable":true,"href":"https:\/\/www.pressenza.com\/es\/wp-json\/wp\/v2\/comments?post=558969"}],"version-history":[{"count":0,"href":"https:\/\/www.pressenza.com\/es\/wp-json\/wp\/v2\/posts\/558969\/revisions"}],"wp:featuredmedia":[{"embeddable":true,"href":"https:\/\/www.pressenza.com\/es\/wp-json\/wp\/v2\/media\/559336"}],"wp:attachment":[{"href":"https:\/\/www.pressenza.com\/es\/wp-json\/wp\/v2\/media?parent=558969"}],"wp:term":[{"taxonomy":"category","embeddable":true,"href":"https:\/\/www.pressenza.com\/es\/wp-json\/wp\/v2\/categories?post=558969"},{"taxonomy":"post_tag","embeddable":true,"href":"https:\/\/www.pressenza.com\/es\/wp-json\/wp\/v2\/tags?post=558969"}],"curies":[{"name":"wp","href":"https:\/\/api.w.org\/{rel}","templated":true}]}}