{"id":55760,"date":"2013-06-10T00:41:36","date_gmt":"2013-06-09T23:41:36","guid":{"rendered":"http:\/\/www.pressenza.com\/?p=55760"},"modified":"2013-06-10T04:26:37","modified_gmt":"2013-06-10T03:26:37","slug":"patos-criollos","status":"publish","type":"post","link":"https:\/\/www.pressenza.com\/es\/2013\/06\/patos-criollos\/","title":{"rendered":"Patos criollos"},"content":{"rendered":"<p>[divide style=\u00bb3&#8243;][clear]<\/p>\n<p><span id=\"yui_3_7_2_1_1370754153275_30080\" style=\"font-family: 'Times New Roman'; font-size: medium;\">Mientras me devanaba el marote para entender c\u00f3mo Caritas iba a hacer para terminar con la pobreza en dos d\u00edas, seg\u00fan el lema de su campa\u00f1a financiera anual y trataba de descifrar qu\u00e9 quiso decir el Papa con eso de que \u00abEn el mundo no manda el hombre sino el dinero\u00bb, como si \u00e9ste fuese manipulado por un consorcio de marcianos y no por varios grupos concentrados, entre ellos su secta globalizada, me encontr\u00e9 con Luis Villalba. Conversamos, como siempre, amablemente. Esta vez le tir\u00e9 la idea de que ciertos personajes creen que por ser zurdos, fumar en pipa, ostentar barba y leer a Galeano son de izquierdas. Mientras \u00e9l lo pensaba, nos sentamos a tomar un caf\u00e9 (no sean malpensados, cada uno el suyo) y me cont\u00f3 este cuento que, m\u00e1s que basado en hechos reales, es un hecho real. Pero como trato de no ser maleducado, primero se los presento. Luis es un escritor, cineasta, poeta, profesor universitario, guionista y director de cine, sibarita, hincha de Godoy Cruz Antonio Tomba y el Manchester United (nadie es perfecto), hermano de una monja sui generis y, fundamentalmente, un amigo entra\u00f1able. El tipo ven\u00eda furioso, con esa indignaci\u00f3n que s\u00f3lo los dignos manejan con inteligencia. Y se despach\u00f3.<\/span><\/p>\n<div id=\"yui_3_7_2_1_1370754153275_30135\" style=\"font-family: 'Times New Roman'; font-size: medium;\">Como todos los a\u00f1os las autoridades de Cultura de la provincia ofrecen a las escritoras y escritores vern\u00e1culos.que entreguen ejemplares de sus obras para ser exhibidos y, eventualmente, vendidos en el stand de Mendoza, durante la Feria del Libro de Buenos Aires. Y all\u00ed fue el ingenuo con sus diez libritos de \u00abCuaquito\u00bb, cuentitos creados por \u00e9l e ilustraditos por Chanti y que es una reedici\u00f3n en 2012 de los que el autor hab\u00eda publicado originariamente entre 1978 y 1980 en el diario \u00abMendoza\u00bb, entonces con dibujos de Mirtha Castillo. Para esc\u00e1ndalo de la bestialidad censora de los genocidas de su \u00e9poca, la obra fue y es un regocijo de ternura y esp\u00edritu libertario, en clave infantil.<\/div>\n<div id=\"yui_3_7_2_1_1370754153275_30137\" style=\"font-family: 'Times New Roman'; font-size: medium;\">Lleg\u00f3se don Luis a las mism\u00edsimas oficinas burocr\u00e1ticas del Ministerio en cuesti\u00f3n, entreg\u00f3 sus diez ejemplares, le fue otorgado el recibo correspondiente y se le manifest\u00f3 que, una vez finalizada esa feria de vanidades literarias en el predio que la Sociedad Rural le birl\u00f3 a la patria, pasara a retirar los ejemplares sobrantes, si es que, y a cobrar sus maraved\u00edes, como para poder invitar a una vuelta de caf\u00e9 con tortitas a sus contertulios de los s\u00e1bados a la ma\u00f1ana, entre las 10 y las 13, aproximadamente (no revelo el domicilio porque se nos agregan plomos insufribles, como ya nos sucedi\u00f3 una vez). No mucho m\u00e1s, no se crean. El hombre es modesto y vive con poco. Pero como buen argentino tiene su vida fiscal en orden y posee facturero propio y ya le dan la llave de su casa.<\/div>\n<div id=\"yui_3_7_2_1_1370754153275_30138\" style=\"font-family: 'Times New Roman'; font-size: medium;\">Terminados los menesteres librescos all\u00e1 en la urbe macrista, se emplilch\u00f3 don Luis como para ir a una cita rom\u00e1ntica (es bueno que sepan que nuestro h\u00e9roe es un decimon\u00f3nico protot\u00edpico) y fue al encuentro del resultado de la aventura de su obra. Alg\u00fan sol\u00edcito funcionario lo anotici\u00f3 de ciertas novedades, a saber: la cosecha de sus monedas y\/o ejemplares sobrantes estaba en poder, le dijo, de la SADE (Sociedad Argentina de Escritores) de Mendoza, entidad parasitaria que nuclea maestros de cocktails, escribanos de ombligos l\u00edricos y se\u00f1oras de jubilaciones b\u00edblicas. Recuperado de la sorpresa, el creador de Cuaquito, intent\u00f3 una p\u00e1lida protesta, pero se resign\u00f3 ante lo inevitable. Cuando tom\u00f3 el coraje suficiente consult\u00f3 telef\u00f3nicamente los pasos a seguir y se le comunic\u00f3, sin anestesia ni protocolo, que para recuperar el ejemplar remanente y el equivalente en pesos moneda nacional de los nueve vendidos, previa retenci\u00f3n del 30% de lo recaudado para adquirir golosinas y cotill\u00f3n para la pr\u00f3xima kermesse, era condici\u00f3n sine qua non ingresar a la entidad mencionada, en calidad de socio. En s\u00edntesis, le cambiaron la cancha.<\/div>\n<div style=\"font-family: 'Times New Roman'; font-size: medium;\">Como el recibo en su poder hab\u00eda emergido del vientre burocr\u00e1tico del Ministerio de Cultura mendocino la confusi\u00f3n se apoder\u00f3 de su ya fr\u00e1gil paciencia. El indignado escritor se acord\u00f3 de los parientes del funcionario culturoso, hasta llegar a la quinta generaci\u00f3n hacia atr\u00e1s, pero decidi\u00f3 que su nivel de colesterol no merec\u00eda un incremento por tan nimia desprolijidad. Ergo, pens\u00f3, que se guarden en el orificio que ustedes imaginan, el ejemplar y los maraved\u00edes o su equivalente en euros.<\/div>\n<div style=\"font-family: 'Times New Roman'; font-size: medium;\">Por supuesto, termin\u00e9 pagando yo su caf\u00e9 y el m\u00edo, feliz por no haber sido tambi\u00e9n v\u00edctima del desprop\u00f3sito burrocr\u00e1tico.<\/div>\n<div style=\"font-family: 'Times New Roman'; font-size: medium;\">Me apuro en declarar y aclarar que, como dec\u00eda mi vieja, \u00abla culpa no es del chancho\u00bb, o sea la entidad parasitaria, y tambi\u00e9n que \u00abel que se acuesta con un beb\u00e9 sin pa\u00f1ales\u00bb, o sea el Ministerio, \u00abamanece mojado\u00bb.<\/div>\n<div id=\"yui_3_7_2_1_1370754153275_30140\" style=\"font-family: 'Times New Roman'; font-size: medium;\">No supongan que en el trasfondo de este relato hay un antioficialismo de pago chico, larvado o sublimado. Ni siquiera. Se trata, seg\u00fan mi modesta opini\u00f3n, de un caso expl\u00edcito de desidia, ineficiencia y pelotudez que, eso s\u00ed, hace da\u00f1o, mucho da\u00f1o.<\/div>\n<div id=\"yui_3_7_2_1_1370754153275_30149\" style=\"font-family: 'Times New Roman'; font-size: medium;\">O como dice mi amigo Mempo Giardinelli, un ejemplo pr\u00edstino de funcionarios con \u00abmentalidad municipal\u00bb.<\/div>\n<div id=\"yui_3_7_2_1_1370754153275_30147\" style=\"font-family: 'Times New Roman'; font-size: medium;\"><\/div>\n","protected":false},"excerpt":{"rendered":"<p>[divide style=\u00bb3&#8243;][clear] Mientras me devanaba el marote para entender c\u00f3mo Caritas iba a hacer para terminar con la pobreza en dos d\u00edas, seg\u00fan el lema de su campa\u00f1a financiera anual y trataba de descifrar qu\u00e9 quiso decir el Papa con&hellip;<\/p>\n","protected":false},"author":922,"featured_media":55775,"comment_status":"closed","ping_status":"open","sticky":false,"template":"","format":"standard","meta":{"footnotes":""},"categories":[75,161,74,67],"tags":[26,696,403,523,394],"class_list":["post-55760","post","type-post","status-publish","format-standard","has-post-thumbnail","hentry","category-cultura-es","category-opiniones","category-politica-es","category-sudamerica","tag-argentina","tag-democracia","tag-elecciones","tag-medios-de-comunicacion","tag-protestas-sociales"],"yoast_head":"<!-- This site is optimized with the Yoast SEO plugin v27.1.1 - https:\/\/yoast.com\/product\/yoast-seo-wordpress\/ -->\n<title>Patos criollos<\/title>\n<meta name=\"description\" content=\"Mientras me devanaba el marote para entender c\u00f3mo Caritas iba a hacer para terminar con la pobreza en dos d\u00edas, seg\u00fan el lema de su campa\u00f1a financiera\" \/>\n<meta name=\"robots\" content=\"index, follow, max-snippet:-1, max-image-preview:large, max-video-preview:-1\" \/>\n<link rel=\"canonical\" href=\"https:\/\/www.pressenza.com\/es\/2013\/06\/patos-criollos\/\" \/>\n<meta property=\"og:locale\" content=\"es_ES\" \/>\n<meta property=\"og:type\" content=\"article\" \/>\n<meta property=\"og:title\" content=\"Patos criollos\" \/>\n<meta property=\"og:description\" content=\"Mientras me devanaba el marote para entender c\u00f3mo Caritas iba a hacer para terminar con la pobreza en dos d\u00edas, seg\u00fan el lema de su campa\u00f1a financiera\" \/>\n<meta property=\"og:url\" content=\"https:\/\/www.pressenza.com\/es\/2013\/06\/patos-criollos\/\" \/>\n<meta property=\"og:site_name\" content=\"Pressenza\" \/>\n<meta property=\"article:publisher\" content=\"https:\/\/www.facebook.com\/PressenzaItalia\" \/>\n<meta property=\"article:published_time\" content=\"2013-06-09T23:41:36+00:00\" \/>\n<meta property=\"article:modified_time\" content=\"2013-06-10T03:26:37+00:00\" \/>\n<meta property=\"og:image\" content=\"https:\/\/www.pressenza.com\/wp-content\/uploads\/2013\/06\/burocracia.jpg\" \/>\n\t<meta property=\"og:image:width\" content=\"903\" \/>\n\t<meta property=\"og:image:height\" content=\"505\" \/>\n\t<meta property=\"og:image:type\" content=\"image\/jpeg\" \/>\n<meta name=\"author\" content=\"Julio Rudman\" \/>\n<meta name=\"twitter:card\" content=\"summary_large_image\" \/>\n<meta name=\"twitter:creator\" content=\"@PressenzaIPA\" \/>\n<meta name=\"twitter:site\" content=\"@PressenzaIPA\" \/>\n<meta name=\"twitter:label1\" content=\"Escrito por\" \/>\n\t<meta name=\"twitter:data1\" content=\"Julio Rudman\" \/>\n\t<meta name=\"twitter:label2\" content=\"Tiempo de lectura\" \/>\n\t<meta name=\"twitter:data2\" content=\"5 minutos\" \/>\n<script type=\"application\/ld+json\" class=\"yoast-schema-graph\">{\"@context\":\"https:\/\/schema.org\",\"@graph\":[{\"@type\":\"Article\",\"@id\":\"https:\/\/www.pressenza.com\/es\/2013\/06\/patos-criollos\/#article\",\"isPartOf\":{\"@id\":\"https:\/\/www.pressenza.com\/es\/2013\/06\/patos-criollos\/\"},\"author\":{\"name\":\"Julio Rudman\",\"@id\":\"https:\/\/www.pressenza.com\/es\/#\/schema\/person\/bfb2123ddd224e1ceebc4f8ae8a61b3d\"},\"headline\":\"Patos criollos\",\"datePublished\":\"2013-06-09T23:41:36+00:00\",\"dateModified\":\"2013-06-10T03:26:37+00:00\",\"mainEntityOfPage\":{\"@id\":\"https:\/\/www.pressenza.com\/es\/2013\/06\/patos-criollos\/\"},\"wordCount\":905,\"publisher\":{\"@id\":\"https:\/\/www.pressenza.com\/es\/#organization\"},\"image\":{\"@id\":\"https:\/\/www.pressenza.com\/es\/2013\/06\/patos-criollos\/#primaryimage\"},\"thumbnailUrl\":\"https:\/\/www.pressenza.com\/wp-content\/uploads\/2013\/06\/burocracia.jpg\",\"keywords\":[\"Argentina\",\"Democracia\",\"elecciones\",\"medios de comunicaci\u00f3n\",\"protestas sociales\"],\"articleSection\":[\"Cultura y Medios\",\"Opiniones\",\"Pol\u00edtica\",\"Sudam\u00e9rica\"],\"inLanguage\":\"es\"},{\"@type\":\"WebPage\",\"@id\":\"https:\/\/www.pressenza.com\/es\/2013\/06\/patos-criollos\/\",\"url\":\"https:\/\/www.pressenza.com\/es\/2013\/06\/patos-criollos\/\",\"name\":\"Patos criollos\",\"isPartOf\":{\"@id\":\"https:\/\/www.pressenza.com\/es\/#website\"},\"primaryImageOfPage\":{\"@id\":\"https:\/\/www.pressenza.com\/es\/2013\/06\/patos-criollos\/#primaryimage\"},\"image\":{\"@id\":\"https:\/\/www.pressenza.com\/es\/2013\/06\/patos-criollos\/#primaryimage\"},\"thumbnailUrl\":\"https:\/\/www.pressenza.com\/wp-content\/uploads\/2013\/06\/burocracia.jpg\",\"datePublished\":\"2013-06-09T23:41:36+00:00\",\"dateModified\":\"2013-06-10T03:26:37+00:00\",\"description\":\"Mientras me devanaba el marote para entender c\u00f3mo Caritas iba a hacer para terminar con la pobreza en dos d\u00edas, seg\u00fan el lema de su campa\u00f1a financiera\",\"breadcrumb\":{\"@id\":\"https:\/\/www.pressenza.com\/es\/2013\/06\/patos-criollos\/#breadcrumb\"},\"inLanguage\":\"es\",\"potentialAction\":[{\"@type\":\"ReadAction\",\"target\":[\"https:\/\/www.pressenza.com\/es\/2013\/06\/patos-criollos\/\"]}]},{\"@type\":\"ImageObject\",\"inLanguage\":\"es\",\"@id\":\"https:\/\/www.pressenza.com\/es\/2013\/06\/patos-criollos\/#primaryimage\",\"url\":\"https:\/\/www.pressenza.com\/wp-content\/uploads\/2013\/06\/burocracia.jpg\",\"contentUrl\":\"https:\/\/www.pressenza.com\/wp-content\/uploads\/2013\/06\/burocracia.jpg\",\"width\":903,\"height\":505,\"caption\":\"burocracia\"},{\"@type\":\"BreadcrumbList\",\"@id\":\"https:\/\/www.pressenza.com\/es\/2013\/06\/patos-criollos\/#breadcrumb\",\"itemListElement\":[{\"@type\":\"ListItem\",\"position\":1,\"name\":\"Accueil\",\"item\":\"https:\/\/www.pressenza.com\/es\/\"},{\"@type\":\"ListItem\",\"position\":2,\"name\":\"Patos criollos\"}]},{\"@type\":\"WebSite\",\"@id\":\"https:\/\/www.pressenza.com\/es\/#website\",\"url\":\"https:\/\/www.pressenza.com\/es\/\",\"name\":\"Pressenza\",\"description\":\"International Press Agency\",\"publisher\":{\"@id\":\"https:\/\/www.pressenza.com\/es\/#organization\"},\"potentialAction\":[{\"@type\":\"SearchAction\",\"target\":{\"@type\":\"EntryPoint\",\"urlTemplate\":\"https:\/\/www.pressenza.com\/es\/?s={search_term_string}\"},\"query-input\":{\"@type\":\"PropertyValueSpecification\",\"valueRequired\":true,\"valueName\":\"search_term_string\"}}],\"inLanguage\":\"es\"},{\"@type\":\"Organization\",\"@id\":\"https:\/\/www.pressenza.com\/es\/#organization\",\"name\":\"Pressenza\",\"url\":\"https:\/\/www.pressenza.com\/es\/\",\"logo\":{\"@type\":\"ImageObject\",\"inLanguage\":\"es\",\"@id\":\"https:\/\/www.pressenza.com\/es\/#\/schema\/logo\/image\/\",\"url\":\"https:\/\/www.pressenza.com\/wp-content\/uploads\/2022\/10\/pressenza_logo_200x200.jpg\",\"contentUrl\":\"https:\/\/www.pressenza.com\/wp-content\/uploads\/2022\/10\/pressenza_logo_200x200.jpg\",\"width\":200,\"height\":200,\"caption\":\"Pressenza\"},\"image\":{\"@id\":\"https:\/\/www.pressenza.com\/es\/#\/schema\/logo\/image\/\"},\"sameAs\":[\"https:\/\/www.facebook.com\/PressenzaItalia\",\"https:\/\/x.com\/PressenzaIPA\"]},{\"@type\":\"Person\",\"@id\":\"https:\/\/www.pressenza.com\/es\/#\/schema\/person\/bfb2123ddd224e1ceebc4f8ae8a61b3d\",\"name\":\"Julio Rudman\",\"url\":\"https:\/\/www.pressenza.com\/es\/author\/juliorudman\/\"}]}<\/script>\n<!-- \/ Yoast SEO plugin. -->","yoast_head_json":{"title":"Patos criollos","description":"Mientras me devanaba el marote para entender c\u00f3mo Caritas iba a hacer para terminar con la pobreza en dos d\u00edas, seg\u00fan el lema de su campa\u00f1a financiera","robots":{"index":"index","follow":"follow","max-snippet":"max-snippet:-1","max-image-preview":"max-image-preview:large","max-video-preview":"max-video-preview:-1"},"canonical":"https:\/\/www.pressenza.com\/es\/2013\/06\/patos-criollos\/","og_locale":"es_ES","og_type":"article","og_title":"Patos criollos","og_description":"Mientras me devanaba el marote para entender c\u00f3mo Caritas iba a hacer para terminar con la pobreza en dos d\u00edas, seg\u00fan el lema de su campa\u00f1a financiera","og_url":"https:\/\/www.pressenza.com\/es\/2013\/06\/patos-criollos\/","og_site_name":"Pressenza","article_publisher":"https:\/\/www.facebook.com\/PressenzaItalia","article_published_time":"2013-06-09T23:41:36+00:00","article_modified_time":"2013-06-10T03:26:37+00:00","og_image":[{"width":903,"height":505,"url":"https:\/\/www.pressenza.com\/wp-content\/uploads\/2013\/06\/burocracia.jpg","type":"image\/jpeg"}],"author":"Julio Rudman","twitter_card":"summary_large_image","twitter_creator":"@PressenzaIPA","twitter_site":"@PressenzaIPA","twitter_misc":{"Escrito por":"Julio Rudman","Tiempo de lectura":"5 minutos"},"schema":{"@context":"https:\/\/schema.org","@graph":[{"@type":"Article","@id":"https:\/\/www.pressenza.com\/es\/2013\/06\/patos-criollos\/#article","isPartOf":{"@id":"https:\/\/www.pressenza.com\/es\/2013\/06\/patos-criollos\/"},"author":{"name":"Julio Rudman","@id":"https:\/\/www.pressenza.com\/es\/#\/schema\/person\/bfb2123ddd224e1ceebc4f8ae8a61b3d"},"headline":"Patos criollos","datePublished":"2013-06-09T23:41:36+00:00","dateModified":"2013-06-10T03:26:37+00:00","mainEntityOfPage":{"@id":"https:\/\/www.pressenza.com\/es\/2013\/06\/patos-criollos\/"},"wordCount":905,"publisher":{"@id":"https:\/\/www.pressenza.com\/es\/#organization"},"image":{"@id":"https:\/\/www.pressenza.com\/es\/2013\/06\/patos-criollos\/#primaryimage"},"thumbnailUrl":"https:\/\/www.pressenza.com\/wp-content\/uploads\/2013\/06\/burocracia.jpg","keywords":["Argentina","Democracia","elecciones","medios de comunicaci\u00f3n","protestas sociales"],"articleSection":["Cultura y Medios","Opiniones","Pol\u00edtica","Sudam\u00e9rica"],"inLanguage":"es"},{"@type":"WebPage","@id":"https:\/\/www.pressenza.com\/es\/2013\/06\/patos-criollos\/","url":"https:\/\/www.pressenza.com\/es\/2013\/06\/patos-criollos\/","name":"Patos criollos","isPartOf":{"@id":"https:\/\/www.pressenza.com\/es\/#website"},"primaryImageOfPage":{"@id":"https:\/\/www.pressenza.com\/es\/2013\/06\/patos-criollos\/#primaryimage"},"image":{"@id":"https:\/\/www.pressenza.com\/es\/2013\/06\/patos-criollos\/#primaryimage"},"thumbnailUrl":"https:\/\/www.pressenza.com\/wp-content\/uploads\/2013\/06\/burocracia.jpg","datePublished":"2013-06-09T23:41:36+00:00","dateModified":"2013-06-10T03:26:37+00:00","description":"Mientras me devanaba el marote para entender c\u00f3mo Caritas iba a hacer para terminar con la pobreza en dos d\u00edas, seg\u00fan el lema de su campa\u00f1a financiera","breadcrumb":{"@id":"https:\/\/www.pressenza.com\/es\/2013\/06\/patos-criollos\/#breadcrumb"},"inLanguage":"es","potentialAction":[{"@type":"ReadAction","target":["https:\/\/www.pressenza.com\/es\/2013\/06\/patos-criollos\/"]}]},{"@type":"ImageObject","inLanguage":"es","@id":"https:\/\/www.pressenza.com\/es\/2013\/06\/patos-criollos\/#primaryimage","url":"https:\/\/www.pressenza.com\/wp-content\/uploads\/2013\/06\/burocracia.jpg","contentUrl":"https:\/\/www.pressenza.com\/wp-content\/uploads\/2013\/06\/burocracia.jpg","width":903,"height":505,"caption":"burocracia"},{"@type":"BreadcrumbList","@id":"https:\/\/www.pressenza.com\/es\/2013\/06\/patos-criollos\/#breadcrumb","itemListElement":[{"@type":"ListItem","position":1,"name":"Accueil","item":"https:\/\/www.pressenza.com\/es\/"},{"@type":"ListItem","position":2,"name":"Patos criollos"}]},{"@type":"WebSite","@id":"https:\/\/www.pressenza.com\/es\/#website","url":"https:\/\/www.pressenza.com\/es\/","name":"Pressenza","description":"International Press Agency","publisher":{"@id":"https:\/\/www.pressenza.com\/es\/#organization"},"potentialAction":[{"@type":"SearchAction","target":{"@type":"EntryPoint","urlTemplate":"https:\/\/www.pressenza.com\/es\/?s={search_term_string}"},"query-input":{"@type":"PropertyValueSpecification","valueRequired":true,"valueName":"search_term_string"}}],"inLanguage":"es"},{"@type":"Organization","@id":"https:\/\/www.pressenza.com\/es\/#organization","name":"Pressenza","url":"https:\/\/www.pressenza.com\/es\/","logo":{"@type":"ImageObject","inLanguage":"es","@id":"https:\/\/www.pressenza.com\/es\/#\/schema\/logo\/image\/","url":"https:\/\/www.pressenza.com\/wp-content\/uploads\/2022\/10\/pressenza_logo_200x200.jpg","contentUrl":"https:\/\/www.pressenza.com\/wp-content\/uploads\/2022\/10\/pressenza_logo_200x200.jpg","width":200,"height":200,"caption":"Pressenza"},"image":{"@id":"https:\/\/www.pressenza.com\/es\/#\/schema\/logo\/image\/"},"sameAs":["https:\/\/www.facebook.com\/PressenzaItalia","https:\/\/x.com\/PressenzaIPA"]},{"@type":"Person","@id":"https:\/\/www.pressenza.com\/es\/#\/schema\/person\/bfb2123ddd224e1ceebc4f8ae8a61b3d","name":"Julio Rudman","url":"https:\/\/www.pressenza.com\/es\/author\/juliorudman\/"}]}},"place":"Mendoza","original_article_url":"","_links":{"self":[{"href":"https:\/\/www.pressenza.com\/es\/wp-json\/wp\/v2\/posts\/55760","targetHints":{"allow":["GET"]}}],"collection":[{"href":"https:\/\/www.pressenza.com\/es\/wp-json\/wp\/v2\/posts"}],"about":[{"href":"https:\/\/www.pressenza.com\/es\/wp-json\/wp\/v2\/types\/post"}],"author":[{"embeddable":true,"href":"https:\/\/www.pressenza.com\/es\/wp-json\/wp\/v2\/users\/922"}],"replies":[{"embeddable":true,"href":"https:\/\/www.pressenza.com\/es\/wp-json\/wp\/v2\/comments?post=55760"}],"version-history":[{"count":0,"href":"https:\/\/www.pressenza.com\/es\/wp-json\/wp\/v2\/posts\/55760\/revisions"}],"wp:featuredmedia":[{"embeddable":true,"href":"https:\/\/www.pressenza.com\/es\/wp-json\/wp\/v2\/media\/55775"}],"wp:attachment":[{"href":"https:\/\/www.pressenza.com\/es\/wp-json\/wp\/v2\/media?parent=55760"}],"wp:term":[{"taxonomy":"category","embeddable":true,"href":"https:\/\/www.pressenza.com\/es\/wp-json\/wp\/v2\/categories?post=55760"},{"taxonomy":"post_tag","embeddable":true,"href":"https:\/\/www.pressenza.com\/es\/wp-json\/wp\/v2\/tags?post=55760"}],"curies":[{"name":"wp","href":"https:\/\/api.w.org\/{rel}","templated":true}]}}