{"id":55727,"date":"2013-06-09T20:54:05","date_gmt":"2013-06-09T19:54:05","guid":{"rendered":"http:\/\/www.pressenza.com\/?p=55727"},"modified":"2015-07-20T21:00:56","modified_gmt":"2015-07-20T20:00:56","slug":"congreso-de-estados-unidos-rechaza-ley-migratoria-de-obama","status":"publish","type":"post","link":"https:\/\/www.pressenza.com\/es\/2013\/06\/congreso-de-estados-unidos-rechaza-ley-migratoria-de-obama\/","title":{"rendered":"Congreso de Estados Unidos rechaza ley migratoria de Obama"},"content":{"rendered":"<p><em><strong>Por Natalia Antezana Bosques \/ <a href=\"https:\/\/twitter.com\/Natalia3_0\" target=\"_blank\">@Natalia3_0<\/a><\/strong><\/em><\/p>\n<p>El jueves 6 de junio, el Congreso de Estados Unidos rechaz\u00f3, por 224 votos en contra y 201 a favor,\u00a0<a href=\"http:\/\/revoluciontrespuntocero.com\/peligra-reforma-migratoria-por-falta-de-dialogo-entre-legisladores-estadounidenses\/\" target=\"_blank\">la normativa<\/a> para frenar las deportaciones de aquellas personas que ingresaron al pa\u00eds del norte cuando eran ni\u00f1os.<a href=\"http:\/\/revoluciontrespuntocero.com\/peligra-reforma-migratoria-por-falta-de-dialogo-entre-legisladores-estadounidenses\/\" target=\"_blank\"><br \/>\n<\/a><\/p>\n<p style=\"text-align: justify;\">El proyecto presentado por <a href=\"http:\/\/revoluciontrespuntocero.com\/obama-no-deportes-a-mi-mama\/\" target=\"_blank\">Barack Obama<\/a> pospone la deportaci\u00f3n de los \u201cdreamers\u201d, personas que ingresaron a Estados Unidos antes de cumplir los 16 a\u00f1os y que a la fecha tienen menos de 31, son estudiantes universitarios o graduados de la escuela secundaria, servir\u00e1n a las fuerzas armadas y no tienen antecedentes penales.<a href=\"http:\/\/revoluciontrespuntocero.com\/obama-no-deportes-a-mi-mama\/\" target=\"_blank\"><br \/>\n<\/a><\/p>\n<p style=\"text-align: justify;\">Cabe se\u00f1alar que la iniciativa no evita que los j\u00f3venes sean deportados, pero s\u00ed los protege para que esto no suceda en un lapso de dos a\u00f1os.<\/p>\n<p style=\"text-align: justify;\">La mayor\u00eda de votos para evitar dicha normativa provino del ala republicana del Congreso. Steve King fue quien propuso la enmienda para que no se \u201crelajaran las leyes de deportaci\u00f3n\u201d, ya que los agentes migratorios deb\u00edan \u201cabstenerse\u201d a la expulsi\u00f3n de los \u201cdreamers\u201d del pa\u00eds.<\/p>\n<p style=\"text-align: justify;\">\u201cSin importar lo que la gente piense sobre la pol\u00edtica de inmigraci\u00f3n inminente aqu\u00ed en Estados Unidos, no podemos permitir que la rama del poder ejecutivo usurpe la autoridad legislativa del Congreso. [\u2026] Si permitimos que eso ocurra en la inmigraci\u00f3n, podr\u00eda ocurrir en cualquier cosa\u201d\u201d, argument\u00f3 King.<\/p>\n<p style=\"text-align: justify;\">\u201cLos \u2018dreamers\u2019 son miembros productivos de nuestra sociedad, fueron tra\u00eddos a este pa\u00eds siendo ni\u00f1os, se criaron en nuestras comunidades y son estadounidenses en todos los sentidos a pesar de carecer de documentos\u201d, se\u00f1al\u00f3 la Casa Blanca a trav\u00e9s de un comunicado, que calific\u00f3 dicha medida como \u201ccontraria a los valores y principios\u201d de los Estados Unidos.<\/p>\n<p style=\"text-align: justify;\">Por otra parte, Harry Reid, representante de la mayor\u00eda dem\u00f3crata en el senado estadounidense, adelant\u00f3 que la propuesta del gobierno ser\u00e1 rechazada en la c\u00e1mara alta.<\/p>\n<p style=\"text-align: justify;\">Cabe se\u00f1alar que la no aprobaci\u00f3n de la normativa, se da en el marco de la discusi\u00f3n sobre un proyecto de la <a href=\"http:\/\/revoluciontrespuntocero.com\/plan-saulito-busca-reunir-a-personas-deportadas-con-sus-familiares-en-ee-uu\/\" target=\"_blank\">reforma migratoria<\/a>.<a href=\"http:\/\/revoluciontrespuntocero.com\/plan-saulito-busca-reunir-a-personas-deportadas-con-sus-familiares-en-ee-uu\/\" target=\"_blank\"><br \/>\n<\/a><\/p>\n<p style=\"text-align: justify;\">A la fecha existen 11 millones de indocumentados en <a href=\"http:\/\/revoluciontrespuntocero.com\/carta-abierta-a-barack-obama-por-epigmenio-ibarra\/\" target=\"_blank\">Estados Unidos<\/a>.<a href=\"http:\/\/revoluciontrespuntocero.com\/carta-abierta-a-barack-obama-por-epigmenio-ibarra\/\" target=\"_blank\"><br \/>\n<\/a><\/p>\n","protected":false},"excerpt":{"rendered":"<p>Por Natalia Antezana Bosques \/ @Natalia3_0 El jueves 6 de junio, el Congreso de Estados Unidos rechaz\u00f3, por 224 votos en contra y 201 a favor,\u00a0la normativa para frenar las deportaciones de aquellas personas que ingresaron al pa\u00eds del norte&hellip;<\/p>\n","protected":false},"author":950,"featured_media":55729,"comment_status":"closed","ping_status":"open","sticky":false,"template":"","format":"standard","meta":{"footnotes":""},"categories":[69,76,79,39,68],"tags":[10793,1155,631,729],"class_list":["post-55727","post","type-post","status-publish","format-standard","has-post-thumbnail","hentry","category-america-central","category-relaciones-exteriores","category-derechos-humanos","category-internacional","category-norteamerica","tag-estados-unidos-de-norteamerica","tag-inmigracion","tag-violencia-economica","tag-violencia-policial"],"yoast_head":"<!-- This site is optimized with the Yoast SEO plugin v27.1.1 - https:\/\/yoast.com\/product\/yoast-seo-wordpress\/ -->\n<title>Congreso de Estados Unidos rechaza ley migratoria de Obama<\/title>\n<meta name=\"description\" content=\"Por Natalia Antezana Bosques \/ @Natalia3_0 El jueves 6 de junio, el Congreso de Estados Unidos rechaz\u00f3, por 224 votos en contra y 201 a favor,\u00a0la\" \/>\n<meta name=\"robots\" content=\"index, follow, max-snippet:-1, max-image-preview:large, max-video-preview:-1\" \/>\n<link rel=\"canonical\" href=\"https:\/\/www.pressenza.com\/es\/2013\/06\/congreso-de-estados-unidos-rechaza-ley-migratoria-de-obama\/\" \/>\n<meta property=\"og:locale\" content=\"es_ES\" \/>\n<meta property=\"og:type\" content=\"article\" \/>\n<meta property=\"og:title\" content=\"Congreso de Estados Unidos rechaza ley migratoria de Obama\" \/>\n<meta property=\"og:description\" content=\"Por Natalia Antezana Bosques \/ @Natalia3_0 El jueves 6 de junio, el Congreso de Estados Unidos rechaz\u00f3, por 224 votos en contra y 201 a favor,\u00a0la\" \/>\n<meta property=\"og:url\" content=\"https:\/\/www.pressenza.com\/es\/2013\/06\/congreso-de-estados-unidos-rechaza-ley-migratoria-de-obama\/\" \/>\n<meta property=\"og:site_name\" content=\"Pressenza\" \/>\n<meta property=\"article:publisher\" content=\"https:\/\/www.facebook.com\/PressenzaItalia\" \/>\n<meta property=\"article:published_time\" content=\"2013-06-09T19:54:05+00:00\" \/>\n<meta property=\"article:modified_time\" content=\"2015-07-20T20:00:56+00:00\" \/>\n<meta property=\"og:image\" content=\"https:\/\/www.pressenza.com\/wp-content\/uploads\/2013\/06\/104212763_2d07f131ed_b.jpg\" \/>\n\t<meta property=\"og:image:width\" content=\"1024\" \/>\n\t<meta property=\"og:image:height\" content=\"768\" \/>\n\t<meta property=\"og:image:type\" content=\"image\/jpeg\" \/>\n<meta name=\"author\" content=\"Revoluciontrespuntocero\" \/>\n<meta name=\"twitter:card\" content=\"summary_large_image\" \/>\n<meta name=\"twitter:creator\" content=\"@PressenzaIPA\" \/>\n<meta name=\"twitter:site\" content=\"@PressenzaIPA\" \/>\n<meta name=\"twitter:label1\" content=\"Escrito por\" \/>\n\t<meta name=\"twitter:data1\" content=\"Revoluciontrespuntocero\" \/>\n\t<meta name=\"twitter:label2\" content=\"Tiempo de lectura\" \/>\n\t<meta name=\"twitter:data2\" content=\"2 minutos\" \/>\n<script type=\"application\/ld+json\" class=\"yoast-schema-graph\">{\"@context\":\"https:\/\/schema.org\",\"@graph\":[{\"@type\":\"Article\",\"@id\":\"https:\/\/www.pressenza.com\/es\/2013\/06\/congreso-de-estados-unidos-rechaza-ley-migratoria-de-obama\/#article\",\"isPartOf\":{\"@id\":\"https:\/\/www.pressenza.com\/es\/2013\/06\/congreso-de-estados-unidos-rechaza-ley-migratoria-de-obama\/\"},\"author\":{\"name\":\"Revoluciontrespuntocero\",\"@id\":\"https:\/\/www.pressenza.com\/es\/#\/schema\/person\/e925cc98ff48be902dbcfe12b1735152\"},\"headline\":\"Congreso de Estados Unidos rechaza ley migratoria de Obama\",\"datePublished\":\"2013-06-09T19:54:05+00:00\",\"dateModified\":\"2015-07-20T20:00:56+00:00\",\"mainEntityOfPage\":{\"@id\":\"https:\/\/www.pressenza.com\/es\/2013\/06\/congreso-de-estados-unidos-rechaza-ley-migratoria-de-obama\/\"},\"wordCount\":363,\"publisher\":{\"@id\":\"https:\/\/www.pressenza.com\/es\/#organization\"},\"image\":{\"@id\":\"https:\/\/www.pressenza.com\/es\/2013\/06\/congreso-de-estados-unidos-rechaza-ley-migratoria-de-obama\/#primaryimage\"},\"thumbnailUrl\":\"https:\/\/www.pressenza.com\/wp-content\/uploads\/2013\/06\/104212763_2d07f131ed_b.jpg\",\"keywords\":[\"Estados Unidos de Norteam\u00e9rica\",\"inmigraci\u00f3n\",\"Violencia econ\u00f3mica\",\"Violencia policial\"],\"articleSection\":[\"Am\u00e9rica Central\",\"Asuntos internacionales\",\"Derechos Humanos\",\"Internacional\",\"Norteam\u00e9rica\"],\"inLanguage\":\"es\"},{\"@type\":\"WebPage\",\"@id\":\"https:\/\/www.pressenza.com\/es\/2013\/06\/congreso-de-estados-unidos-rechaza-ley-migratoria-de-obama\/\",\"url\":\"https:\/\/www.pressenza.com\/es\/2013\/06\/congreso-de-estados-unidos-rechaza-ley-migratoria-de-obama\/\",\"name\":\"Congreso de Estados Unidos rechaza ley migratoria de Obama\",\"isPartOf\":{\"@id\":\"https:\/\/www.pressenza.com\/es\/#website\"},\"primaryImageOfPage\":{\"@id\":\"https:\/\/www.pressenza.com\/es\/2013\/06\/congreso-de-estados-unidos-rechaza-ley-migratoria-de-obama\/#primaryimage\"},\"image\":{\"@id\":\"https:\/\/www.pressenza.com\/es\/2013\/06\/congreso-de-estados-unidos-rechaza-ley-migratoria-de-obama\/#primaryimage\"},\"thumbnailUrl\":\"https:\/\/www.pressenza.com\/wp-content\/uploads\/2013\/06\/104212763_2d07f131ed_b.jpg\",\"datePublished\":\"2013-06-09T19:54:05+00:00\",\"dateModified\":\"2015-07-20T20:00:56+00:00\",\"description\":\"Por Natalia Antezana Bosques \/ @Natalia3_0 El jueves 6 de junio, el Congreso de Estados Unidos rechaz\u00f3, por 224 votos en contra y 201 a favor,\u00a0la\",\"breadcrumb\":{\"@id\":\"https:\/\/www.pressenza.com\/es\/2013\/06\/congreso-de-estados-unidos-rechaza-ley-migratoria-de-obama\/#breadcrumb\"},\"inLanguage\":\"es\",\"potentialAction\":[{\"@type\":\"ReadAction\",\"target\":[\"https:\/\/www.pressenza.com\/es\/2013\/06\/congreso-de-estados-unidos-rechaza-ley-migratoria-de-obama\/\"]}]},{\"@type\":\"ImageObject\",\"inLanguage\":\"es\",\"@id\":\"https:\/\/www.pressenza.com\/es\/2013\/06\/congreso-de-estados-unidos-rechaza-ley-migratoria-de-obama\/#primaryimage\",\"url\":\"https:\/\/www.pressenza.com\/wp-content\/uploads\/2013\/06\/104212763_2d07f131ed_b.jpg\",\"contentUrl\":\"https:\/\/www.pressenza.com\/wp-content\/uploads\/2013\/06\/104212763_2d07f131ed_b.jpg\",\"width\":1024,\"height\":768},{\"@type\":\"BreadcrumbList\",\"@id\":\"https:\/\/www.pressenza.com\/es\/2013\/06\/congreso-de-estados-unidos-rechaza-ley-migratoria-de-obama\/#breadcrumb\",\"itemListElement\":[{\"@type\":\"ListItem\",\"position\":1,\"name\":\"Accueil\",\"item\":\"https:\/\/www.pressenza.com\/es\/\"},{\"@type\":\"ListItem\",\"position\":2,\"name\":\"Congreso de Estados Unidos rechaza ley migratoria de Obama\"}]},{\"@type\":\"WebSite\",\"@id\":\"https:\/\/www.pressenza.com\/es\/#website\",\"url\":\"https:\/\/www.pressenza.com\/es\/\",\"name\":\"Pressenza\",\"description\":\"International Press Agency\",\"publisher\":{\"@id\":\"https:\/\/www.pressenza.com\/es\/#organization\"},\"potentialAction\":[{\"@type\":\"SearchAction\",\"target\":{\"@type\":\"EntryPoint\",\"urlTemplate\":\"https:\/\/www.pressenza.com\/es\/?s={search_term_string}\"},\"query-input\":{\"@type\":\"PropertyValueSpecification\",\"valueRequired\":true,\"valueName\":\"search_term_string\"}}],\"inLanguage\":\"es\"},{\"@type\":\"Organization\",\"@id\":\"https:\/\/www.pressenza.com\/es\/#organization\",\"name\":\"Pressenza\",\"url\":\"https:\/\/www.pressenza.com\/es\/\",\"logo\":{\"@type\":\"ImageObject\",\"inLanguage\":\"es\",\"@id\":\"https:\/\/www.pressenza.com\/es\/#\/schema\/logo\/image\/\",\"url\":\"https:\/\/www.pressenza.com\/wp-content\/uploads\/2022\/10\/pressenza_logo_200x200.jpg\",\"contentUrl\":\"https:\/\/www.pressenza.com\/wp-content\/uploads\/2022\/10\/pressenza_logo_200x200.jpg\",\"width\":200,\"height\":200,\"caption\":\"Pressenza\"},\"image\":{\"@id\":\"https:\/\/www.pressenza.com\/es\/#\/schema\/logo\/image\/\"},\"sameAs\":[\"https:\/\/www.facebook.com\/PressenzaItalia\",\"https:\/\/x.com\/PressenzaIPA\"]},{\"@type\":\"Person\",\"@id\":\"https:\/\/www.pressenza.com\/es\/#\/schema\/person\/e925cc98ff48be902dbcfe12b1735152\",\"name\":\"Revoluciontrespuntocero\",\"description\":\"Desde M\u00e9xico, un espacio abierto reconociendo la voz del ciudadano como un elemento significativo de la noticia\",\"sameAs\":[\"http:\/\/www.revoluciontrespuntocero.com\"],\"url\":\"https:\/\/www.pressenza.com\/es\/author\/revoluciontrespuntocero\/\"}]}<\/script>\n<!-- \/ Yoast SEO plugin. -->","yoast_head_json":{"title":"Congreso de Estados Unidos rechaza ley migratoria de Obama","description":"Por Natalia Antezana Bosques \/ @Natalia3_0 El jueves 6 de junio, el Congreso de Estados Unidos rechaz\u00f3, por 224 votos en contra y 201 a favor,\u00a0la","robots":{"index":"index","follow":"follow","max-snippet":"max-snippet:-1","max-image-preview":"max-image-preview:large","max-video-preview":"max-video-preview:-1"},"canonical":"https:\/\/www.pressenza.com\/es\/2013\/06\/congreso-de-estados-unidos-rechaza-ley-migratoria-de-obama\/","og_locale":"es_ES","og_type":"article","og_title":"Congreso de Estados Unidos rechaza ley migratoria de Obama","og_description":"Por Natalia Antezana Bosques \/ @Natalia3_0 El jueves 6 de junio, el Congreso de Estados Unidos rechaz\u00f3, por 224 votos en contra y 201 a favor,\u00a0la","og_url":"https:\/\/www.pressenza.com\/es\/2013\/06\/congreso-de-estados-unidos-rechaza-ley-migratoria-de-obama\/","og_site_name":"Pressenza","article_publisher":"https:\/\/www.facebook.com\/PressenzaItalia","article_published_time":"2013-06-09T19:54:05+00:00","article_modified_time":"2015-07-20T20:00:56+00:00","og_image":[{"width":1024,"height":768,"url":"https:\/\/www.pressenza.com\/wp-content\/uploads\/2013\/06\/104212763_2d07f131ed_b.jpg","type":"image\/jpeg"}],"author":"Revoluciontrespuntocero","twitter_card":"summary_large_image","twitter_creator":"@PressenzaIPA","twitter_site":"@PressenzaIPA","twitter_misc":{"Escrito por":"Revoluciontrespuntocero","Tiempo de lectura":"2 minutos"},"schema":{"@context":"https:\/\/schema.org","@graph":[{"@type":"Article","@id":"https:\/\/www.pressenza.com\/es\/2013\/06\/congreso-de-estados-unidos-rechaza-ley-migratoria-de-obama\/#article","isPartOf":{"@id":"https:\/\/www.pressenza.com\/es\/2013\/06\/congreso-de-estados-unidos-rechaza-ley-migratoria-de-obama\/"},"author":{"name":"Revoluciontrespuntocero","@id":"https:\/\/www.pressenza.com\/es\/#\/schema\/person\/e925cc98ff48be902dbcfe12b1735152"},"headline":"Congreso de Estados Unidos rechaza ley migratoria de Obama","datePublished":"2013-06-09T19:54:05+00:00","dateModified":"2015-07-20T20:00:56+00:00","mainEntityOfPage":{"@id":"https:\/\/www.pressenza.com\/es\/2013\/06\/congreso-de-estados-unidos-rechaza-ley-migratoria-de-obama\/"},"wordCount":363,"publisher":{"@id":"https:\/\/www.pressenza.com\/es\/#organization"},"image":{"@id":"https:\/\/www.pressenza.com\/es\/2013\/06\/congreso-de-estados-unidos-rechaza-ley-migratoria-de-obama\/#primaryimage"},"thumbnailUrl":"https:\/\/www.pressenza.com\/wp-content\/uploads\/2013\/06\/104212763_2d07f131ed_b.jpg","keywords":["Estados Unidos de Norteam\u00e9rica","inmigraci\u00f3n","Violencia econ\u00f3mica","Violencia policial"],"articleSection":["Am\u00e9rica Central","Asuntos internacionales","Derechos Humanos","Internacional","Norteam\u00e9rica"],"inLanguage":"es"},{"@type":"WebPage","@id":"https:\/\/www.pressenza.com\/es\/2013\/06\/congreso-de-estados-unidos-rechaza-ley-migratoria-de-obama\/","url":"https:\/\/www.pressenza.com\/es\/2013\/06\/congreso-de-estados-unidos-rechaza-ley-migratoria-de-obama\/","name":"Congreso de Estados Unidos rechaza ley migratoria de Obama","isPartOf":{"@id":"https:\/\/www.pressenza.com\/es\/#website"},"primaryImageOfPage":{"@id":"https:\/\/www.pressenza.com\/es\/2013\/06\/congreso-de-estados-unidos-rechaza-ley-migratoria-de-obama\/#primaryimage"},"image":{"@id":"https:\/\/www.pressenza.com\/es\/2013\/06\/congreso-de-estados-unidos-rechaza-ley-migratoria-de-obama\/#primaryimage"},"thumbnailUrl":"https:\/\/www.pressenza.com\/wp-content\/uploads\/2013\/06\/104212763_2d07f131ed_b.jpg","datePublished":"2013-06-09T19:54:05+00:00","dateModified":"2015-07-20T20:00:56+00:00","description":"Por Natalia Antezana Bosques \/ @Natalia3_0 El jueves 6 de junio, el Congreso de Estados Unidos rechaz\u00f3, por 224 votos en contra y 201 a favor,\u00a0la","breadcrumb":{"@id":"https:\/\/www.pressenza.com\/es\/2013\/06\/congreso-de-estados-unidos-rechaza-ley-migratoria-de-obama\/#breadcrumb"},"inLanguage":"es","potentialAction":[{"@type":"ReadAction","target":["https:\/\/www.pressenza.com\/es\/2013\/06\/congreso-de-estados-unidos-rechaza-ley-migratoria-de-obama\/"]}]},{"@type":"ImageObject","inLanguage":"es","@id":"https:\/\/www.pressenza.com\/es\/2013\/06\/congreso-de-estados-unidos-rechaza-ley-migratoria-de-obama\/#primaryimage","url":"https:\/\/www.pressenza.com\/wp-content\/uploads\/2013\/06\/104212763_2d07f131ed_b.jpg","contentUrl":"https:\/\/www.pressenza.com\/wp-content\/uploads\/2013\/06\/104212763_2d07f131ed_b.jpg","width":1024,"height":768},{"@type":"BreadcrumbList","@id":"https:\/\/www.pressenza.com\/es\/2013\/06\/congreso-de-estados-unidos-rechaza-ley-migratoria-de-obama\/#breadcrumb","itemListElement":[{"@type":"ListItem","position":1,"name":"Accueil","item":"https:\/\/www.pressenza.com\/es\/"},{"@type":"ListItem","position":2,"name":"Congreso de Estados Unidos rechaza ley migratoria de Obama"}]},{"@type":"WebSite","@id":"https:\/\/www.pressenza.com\/es\/#website","url":"https:\/\/www.pressenza.com\/es\/","name":"Pressenza","description":"International Press Agency","publisher":{"@id":"https:\/\/www.pressenza.com\/es\/#organization"},"potentialAction":[{"@type":"SearchAction","target":{"@type":"EntryPoint","urlTemplate":"https:\/\/www.pressenza.com\/es\/?s={search_term_string}"},"query-input":{"@type":"PropertyValueSpecification","valueRequired":true,"valueName":"search_term_string"}}],"inLanguage":"es"},{"@type":"Organization","@id":"https:\/\/www.pressenza.com\/es\/#organization","name":"Pressenza","url":"https:\/\/www.pressenza.com\/es\/","logo":{"@type":"ImageObject","inLanguage":"es","@id":"https:\/\/www.pressenza.com\/es\/#\/schema\/logo\/image\/","url":"https:\/\/www.pressenza.com\/wp-content\/uploads\/2022\/10\/pressenza_logo_200x200.jpg","contentUrl":"https:\/\/www.pressenza.com\/wp-content\/uploads\/2022\/10\/pressenza_logo_200x200.jpg","width":200,"height":200,"caption":"Pressenza"},"image":{"@id":"https:\/\/www.pressenza.com\/es\/#\/schema\/logo\/image\/"},"sameAs":["https:\/\/www.facebook.com\/PressenzaItalia","https:\/\/x.com\/PressenzaIPA"]},{"@type":"Person","@id":"https:\/\/www.pressenza.com\/es\/#\/schema\/person\/e925cc98ff48be902dbcfe12b1735152","name":"Revoluciontrespuntocero","description":"Desde M\u00e9xico, un espacio abierto reconociendo la voz del ciudadano como un elemento significativo de la noticia","sameAs":["http:\/\/www.revoluciontrespuntocero.com"],"url":"https:\/\/www.pressenza.com\/es\/author\/revoluciontrespuntocero\/"}]}},"place":"M\u00e9xico DF","original_article_url":"","_links":{"self":[{"href":"https:\/\/www.pressenza.com\/es\/wp-json\/wp\/v2\/posts\/55727","targetHints":{"allow":["GET"]}}],"collection":[{"href":"https:\/\/www.pressenza.com\/es\/wp-json\/wp\/v2\/posts"}],"about":[{"href":"https:\/\/www.pressenza.com\/es\/wp-json\/wp\/v2\/types\/post"}],"author":[{"embeddable":true,"href":"https:\/\/www.pressenza.com\/es\/wp-json\/wp\/v2\/users\/950"}],"replies":[{"embeddable":true,"href":"https:\/\/www.pressenza.com\/es\/wp-json\/wp\/v2\/comments?post=55727"}],"version-history":[{"count":0,"href":"https:\/\/www.pressenza.com\/es\/wp-json\/wp\/v2\/posts\/55727\/revisions"}],"wp:featuredmedia":[{"embeddable":true,"href":"https:\/\/www.pressenza.com\/es\/wp-json\/wp\/v2\/media\/55729"}],"wp:attachment":[{"href":"https:\/\/www.pressenza.com\/es\/wp-json\/wp\/v2\/media?parent=55727"}],"wp:term":[{"taxonomy":"category","embeddable":true,"href":"https:\/\/www.pressenza.com\/es\/wp-json\/wp\/v2\/categories?post=55727"},{"taxonomy":"post_tag","embeddable":true,"href":"https:\/\/www.pressenza.com\/es\/wp-json\/wp\/v2\/tags?post=55727"}],"curies":[{"name":"wp","href":"https:\/\/api.w.org\/{rel}","templated":true}]}}