{"id":556971,"date":"2017-11-19T02:57:20","date_gmt":"2017-11-19T02:57:20","guid":{"rendered":"https:\/\/www.pressenza.com\/?p=556971\/"},"modified":"2017-11-19T02:59:45","modified_gmt":"2017-11-19T02:59:45","slug":"insolito-intentan-vincular-una-radio-alternativa-las-r-m","status":"publish","type":"post","link":"https:\/\/www.pressenza.com\/es\/2017\/11\/insolito-intentan-vincular-una-radio-alternativa-las-r-m\/","title":{"rendered":"Ins\u00f3lito: intentan vincular a una radio alternativa con las R.A.M."},"content":{"rendered":"<p><em>Por<strong> La Retaguardia y El Zumbido<\/strong><\/em><\/p>\n<p>Al menos seis allanamientos simult\u00e1neos se realizaron hoy por la ma\u00f1ana en casas de R\u00edo Negro y Neuqu\u00e9n, la mayor\u00eda contra integrantes de Zona Libre, la radio de Familiares y Amigos de Luciano Arruga. De la mano de Nadia Par\u00eds y Ferm\u00edn Mart\u00ednez, realizan en el Alto Valle de esas provincias radio abierta y movilizaciones exigiendo la libertad del Lonko Facundo Jones Huala. Tambi\u00e9n allanaron casas de familiares de Par\u00eds en otras ciudades, entre ellas la de su t\u00edo, Eduardo Par\u00eds, sobreviviente del Terrorismo de Estado. La denuncia que origin\u00f3 la persecuci\u00f3n fue realizada por la empresa petrolera Pluspetrol, que dice haber sido objeto de un atentado d\u00edas atr\u00e1s, mediante la colocaci\u00f3n en unos de sus pozos petroleros de una bomba de fabricaci\u00f3n casera que nunca explot\u00f3. Hoy a las 18, organizaciones sociales y pol\u00edticas realizar\u00e1n una radio abierta frente al monumento a San Mart\u00edn en la capital neuquina.<\/p>\n<p>La an\u00e9cdota es conocida. Por absurda y graciosa no deja de ser tr\u00e1gica. En un secuestro de la dictadura genocida, por all\u00e1 en los a\u00f1os &#8217;70, un integrante de la patota, se\u00f1alando la biblioteca, dice: \u00abMire jefe, este libro, mire&#8230; LA CELULA ROJA\u00bb. \u00a0El libro, que era de medicina, hab\u00eda sido confundido con cierto entusiasmo por un libro comunista.<\/p>\n<p>Esta ma\u00f1ana, a\u00f1o 2017, la jueza de Garant\u00edas de Rio Negro, Mar\u00eda Florencia Caruso, por resoluci\u00f3n y a solicitud del Juez de Garant\u00edas de la Localidad de Esquel, Neuqu\u00e9n, \u00a0Diego Piedrabuena, emularon ese momento al ordenar allanamientos: \u201cCON EL OBJETO DE PROCEDER AL SECUESTRO DE : 1.- Carteleria manuscrita&#8230; \u00a02.-Todo tipo de Sustancias Iniciadora de Fuego y\/o inflamable. 3.- Todo tipo de materiales que sirva para la confecci\u00f3n de carteler\u00eda en general. 4.- todo tipo de elemento que sirva para la confecci\u00f3n de carteles. 5.- Todo tipo de instrumentos que sirva para la confecci\u00f3n de Est\u00e9ncil y Stencil Propiamente Dicho. 6.- todo tipo de computadora, Tablet, notebook, Pen Drive. 7- Arma de Fuego. 8.- Escritos de informaci\u00f3n que se observaren en el lugar (agendas personales) 9. Todo tipo de pinturas y Simbolog\u00eda Mapuche. 10 Prendas de Vestir con identificaci\u00f3n de Agrupaciones.- 11. Todo elemento relacionado al R:A:M Resistencia Ancestral Mapuche.- 12. Facturas de compra de elementos para la confecci\u00f3n de carteler\u00eda\u201d.<\/p>\n<h4>La bandera secuestrada<\/h4>\n<p>Tan grotesco viene siendo el intento por vincularles a la R.A.M., que durante las \u00faltimas actividades que realizaron, detr\u00e1s de los equipos de la radio abierta pod\u00eda verse una bandera: \u201cRAM, Radio Alternativa M\u00f3vil\u201d, una clara respuesta graciosa e ir\u00f3nica a otra acusaci\u00f3n publicada por el diario Clar\u00edn, que hac\u00eda eje en un papel manuscrito secuestrado en un allanamiento contra Fernando Jones Huala, hermano del lonko Facundo, donde figuraba el nombre de Nadia Par\u00eds. E<a href=\"http:\/\/www.laretaguardia.com.ar\/2017\/09\/nadia-paris.html\" target=\"_blank\" rel=\"noopener\">n aquella ocasi\u00f3n, durante el programa matutino de la Red Nacional de Medios Alternativos, Nadia ya hab\u00eda desmentido el intento de vincularla a las R.A.M.<\/a>: \u201cyo no soy militante de la R.A.M., soy militante de un conjunto de familiares de la regi\u00f3n, que junto con Familiares y Amigos de Luciano Arruga ac\u00e1 en Neuqu\u00e9n, hace muchos a\u00f1os que estamos luchando en la tem\u00e1tica de derechos humanos y antirepresiva y adem\u00e1s conformo un colectivo mapuce que somos de la ciudad, que hemos estado activando desde el d\u00eda anterior a la desaparici\u00f3n de Santiago una movilizaci\u00f3n activa\u201d. Tambi\u00e9n dec\u00eda all\u00ed, y lo repiti\u00f3 esta ma\u00f1ana durante la cobertura radial de El Zumbido y La Retaguardia para la Red Nacional de Medios Alternativos, que su tarea como activista es p\u00fablica. De hecho, ayer estuvieron frente al juzgado del Dr. Villanueva, exigiendo que cuando se realice el juicio por la extradici\u00f3n de Facundo Jones Huala, la prensa pueda realizar la cobertura que el caso merece. All\u00ed entregaron una nota firmada por periodistas de diferentes medios, incluyendo a quienes escribimos esta nota.<\/p>\n<h4>Contra el medio de comunicaci\u00f3n alternativa<\/h4>\n<p>Ferm\u00edn Mart\u00ednez, integrante de Zona Libre y Familiares y Amigos de Luciano Arruga, fue llevado a la comisar\u00eda de la zona para su identificaci\u00f3n y liberado por la abogada Gisela Moreira. Entrevistada por Sol Arrieta de El Zumbido de Neuqu\u00e9n y Fernando Tebele de La Retaguardia para la radio de la Red Nacional de Medios Alternativos, Moreira relat\u00f3 los hechos y los elementos secuestrados, que incluyen aquella bandera ir\u00f3nica: \u00abSe llevaron la bandera de Radio Alternativa M\u00f3vil, carteler\u00eda de las causas de Luciano Arruga, Daniel Solano, Carlos Painevil, de todos los desaparecidos de la regi\u00f3n en las que actuamos siempre. Lo extra\u00f1o y lo que raya lo absurdo es que el juez Piedrabuena haya autorizado a retirar este tipo de elementos que no tienen ning\u00fan tipo de contenido il\u00edcito y que violentan la dignidad de cualquier persona y la libertad de expresi\u00f3n, o de estar en un partido pol\u00edtico\u00bb.<\/p>\n<p>Acerca de Pluspetrol explic\u00f3 que \u00abes todo muy raro porque incluso se mezclan los grupos. Estos allanamientos fueron en las casas de todos los compa\u00f1eros que participan de Radio Zona Libre y los compa\u00f1eros que acompa\u00f1an esta lucha. No fue causal. Fue para amedrentar, hostigar y decirles &#8216;sabemos qui\u00e9nes son y qu\u00e9 est\u00e1n haciendo&#8217;. Fueron a las casas de Nadia y Ferm\u00edn, Marco Painevil, Rub\u00e9n Wani, todos activistas que son visibles y que ayer estuvimos haciendo una actividad frente al juzgado pidiendo la libertad de Facundo Jones Huala\u00bb. Tambi\u00e9n allanaron la casa de Carmen Antilef, una suerte de autoridad espiritual de los mapuche de la zona. Las incursiones judiciales fueron en el paraje Balsa Las Perlas y en la ciudad de Cipolletti (R\u00edo Negro) y en la capital neuquina.<\/p>\n<div id=\"attachment_556972\" class=\"wp-caption alignnone\"><img loading=\"lazy\" decoding=\"async\" aria-describedby=\"caption-attachment-556972\" class=\"size-large wp-image-556972\" src=\"https:\/\/www.pressenza.com\/wp-content\/uploads\/2017\/11\/allana-1-720x405.jpg\" alt=\"\" width=\"720\" height=\"405\" srcset=\"https:\/\/www.pressenza.com\/wp-content\/uploads\/2017\/11\/allana-1-720x405.jpg 720w, https:\/\/www.pressenza.com\/wp-content\/uploads\/2017\/11\/allana-1-300x169.jpg 300w, https:\/\/www.pressenza.com\/wp-content\/uploads\/2017\/11\/allana-1-768x432.jpg 768w, https:\/\/www.pressenza.com\/wp-content\/uploads\/2017\/11\/allana-1-750x422.jpg 750w, https:\/\/www.pressenza.com\/wp-content\/uploads\/2017\/11\/allana-1.jpg 800w\" sizes=\"auto, (max-width: 720px) 100vw, 720px\" \/><p id=\"caption-attachment-556972\" class=\"wp-caption-text\">Im\u00e1genes del allanamiento en la casa de Mart\u00ednez y Par\u00eds. Foto La Retaguardia\/El Zumbido<\/p><\/div>\n<p>\u00abEst\u00e1n intentando a trav\u00e9s de la justicia detener la lucha por la libertad de Facundo Jones Huala, a trav\u00e9s de la criminalizaci\u00f3n de los compa\u00f1eros\u00bb, asegur\u00f3 la abogada. \u00abFue todo una violaci\u00f3n de la intimidad. Se llevaron tablet, computadoras\u00bb, indic\u00f3 y tambi\u00e9n dijo que hab\u00eda un encapuchado, no mapuche, sino el polic\u00eda de la provincia de R\u00edo Negro que se aperson\u00f3 para realizar el allanamiento: \u00abyo le ped\u00ed la identificaci\u00f3n, el oficial es Fuentes. Estaba encapuchado, aunque los polic\u00edas deben identificarse. Fue un allanamiento claramente pol\u00edtico\u00bb, dijo Moreira.<\/p>\n<h4>El \u00abmaterial subversivo\u00bb secuestrado<\/h4>\n<p>Ferm\u00edn Mart\u00ednez, integrante de Zona Libre y Familiares y Amigos de Luciano Arruga, fue llevado a la comisar\u00eda de la zona para su identificaci\u00f3n y liberado por la abogada Gisela Moreira. Entrevistada durante la transmisi\u00f3n especial que realizaron El Zumbido de Neuqu\u00e9n y La Retaguardia para la radio de la Red Nacional de Medios Alternativos, Moreira relat\u00f3 los hechos y los elementos secuestrados, que incluyen aquella bandera ir\u00f3nica: \u00abSe llevaron la bandera de Radio Alternativa M\u00f3vil, carteler\u00eda de las causas de Luciano Arruga, Daniel Solano, Carlos Painevil, de todos los desaparecidos de la regi\u00f3n en las que actuamos siempre. Lo extra\u00f1o y lo que raya lo absurdo es que el juez Piedrabuena haya autorizado a retirar este tipo de elementos que no tienen ning\u00fan tipo de contenido il\u00edcito y que violentan la dignidad de cualquier persona y la libertad de expresi\u00f3n, o de estar en un partido pol\u00edtico\u00bb.<\/p>\n<p>Desde Familiares y Amigos de Luciano Arruga, la Asociaci\u00f3n de Ex Detenidos Desaparecidos y la Red Nacional de Medios Alternativos, repudiaron el hecho.<\/p>\n<p>Lo que no pudimos establecer hasta el momento es si en alguna de las casas allanadas encontraron alg\u00fan ejemplar de La c\u00e9lula roja. O si el rol de aquel libro esta vez lo cubre la bandera.<\/p>\n","protected":false},"excerpt":{"rendered":"<p>Por La Retaguardia y El Zumbido Al menos seis allanamientos simult\u00e1neos se realizaron hoy por la ma\u00f1ana en casas de R\u00edo Negro y Neuqu\u00e9n, la mayor\u00eda contra integrantes de Zona Libre, la radio de Familiares y Amigos de Luciano Arruga.&hellip;<\/p>\n","protected":false},"author":1254,"featured_media":556990,"comment_status":"closed","ping_status":"closed","sticky":false,"template":"","format":"standard","meta":{"footnotes":""},"categories":[79,80,67],"tags":[26,5323,34194,26584,12811,18997,22210,39917],"class_list":["post-556971","post","type-post","status-publish","format-standard","has-post-thumbnail","hentry","category-derechos-humanos","category-pueblos-originarios","category-sudamerica","tag-argentina","tag-indigenas","tag-jones-huala","tag-mapuce","tag-mapuches-es","tag-neuquen","tag-pueblos-originarios","tag-ram"],"yoast_head":"<!-- This site is optimized with the Yoast SEO plugin v27.1.1 - https:\/\/yoast.com\/product\/yoast-seo-wordpress\/ -->\n<title>Ins\u00f3lito: intentan vincular a una radio alternativa con las R.A.M.<\/title>\n<meta name=\"description\" content=\"Por La Retaguardia y El Zumbido Al menos seis allanamientos simult\u00e1neos se realizaron hoy por la ma\u00f1ana en casas de R\u00edo Negro y Neuqu\u00e9n, la mayor\u00eda contra\" \/>\n<meta name=\"robots\" content=\"index, follow, max-snippet:-1, max-image-preview:large, max-video-preview:-1\" \/>\n<link rel=\"canonical\" href=\"https:\/\/www.pressenza.com\/es\/2017\/11\/insolito-intentan-vincular-una-radio-alternativa-las-r-m\/\" \/>\n<meta property=\"og:locale\" content=\"es_ES\" \/>\n<meta property=\"og:type\" content=\"article\" \/>\n<meta property=\"og:title\" content=\"Ins\u00f3lito: intentan vincular a una radio alternativa con las R.A.M.\" \/>\n<meta property=\"og:description\" content=\"Por La Retaguardia y El Zumbido Al menos seis allanamientos simult\u00e1neos se realizaron hoy por la ma\u00f1ana en casas de R\u00edo Negro y Neuqu\u00e9n, la mayor\u00eda contra\" \/>\n<meta property=\"og:url\" content=\"https:\/\/www.pressenza.com\/es\/2017\/11\/insolito-intentan-vincular-una-radio-alternativa-las-r-m\/\" \/>\n<meta property=\"og:site_name\" content=\"Pressenza\" \/>\n<meta property=\"article:publisher\" content=\"https:\/\/www.facebook.com\/PressenzaItalia\" \/>\n<meta property=\"article:author\" content=\"https:\/\/www.facebook.com\/pressenza\" \/>\n<meta property=\"article:published_time\" content=\"2017-11-19T02:57:20+00:00\" \/>\n<meta property=\"article:modified_time\" content=\"2017-11-19T02:59:45+00:00\" \/>\n<meta property=\"og:image\" content=\"https:\/\/www.pressenza.com\/wp-content\/uploads\/2017\/11\/ram-zona-libre.jpg\" \/>\n\t<meta property=\"og:image:width\" content=\"960\" \/>\n\t<meta property=\"og:image:height\" content=\"597\" \/>\n\t<meta property=\"og:image:type\" content=\"image\/jpeg\" \/>\n<meta name=\"author\" content=\"Redacci\u00f3n Mar del Plata\" \/>\n<meta name=\"twitter:card\" content=\"summary_large_image\" \/>\n<meta name=\"twitter:creator\" content=\"@Pressenza\" \/>\n<meta name=\"twitter:site\" content=\"@PressenzaIPA\" \/>\n<meta name=\"twitter:label1\" content=\"Escrito por\" \/>\n\t<meta name=\"twitter:data1\" content=\"Redacci\u00f3n Mar del Plata\" \/>\n\t<meta name=\"twitter:label2\" content=\"Tiempo de lectura\" \/>\n\t<meta name=\"twitter:data2\" content=\"7 minutos\" \/>\n<script type=\"application\/ld+json\" class=\"yoast-schema-graph\">{\"@context\":\"https:\/\/schema.org\",\"@graph\":[{\"@type\":\"Article\",\"@id\":\"https:\/\/www.pressenza.com\/es\/2017\/11\/insolito-intentan-vincular-una-radio-alternativa-las-r-m\/#article\",\"isPartOf\":{\"@id\":\"https:\/\/www.pressenza.com\/es\/2017\/11\/insolito-intentan-vincular-una-radio-alternativa-las-r-m\/\"},\"author\":{\"name\":\"Redacci\u00f3n Mar del Plata\",\"@id\":\"https:\/\/www.pressenza.com\/es\/#\/schema\/person\/738658b5125ecea661a8a0b96dba8b69\"},\"headline\":\"Ins\u00f3lito: intentan vincular a una radio alternativa con las R.A.M.\",\"datePublished\":\"2017-11-19T02:57:20+00:00\",\"dateModified\":\"2017-11-19T02:59:45+00:00\",\"mainEntityOfPage\":{\"@id\":\"https:\/\/www.pressenza.com\/es\/2017\/11\/insolito-intentan-vincular-una-radio-alternativa-las-r-m\/\"},\"wordCount\":1373,\"publisher\":{\"@id\":\"https:\/\/www.pressenza.com\/es\/#organization\"},\"image\":{\"@id\":\"https:\/\/www.pressenza.com\/es\/2017\/11\/insolito-intentan-vincular-una-radio-alternativa-las-r-m\/#primaryimage\"},\"thumbnailUrl\":\"https:\/\/www.pressenza.com\/wp-content\/uploads\/2017\/11\/ram-zona-libre.jpg\",\"keywords\":[\"Argentina\",\"indigenas\",\"Jones Huala\",\"mapuce\",\"mapuches\",\"Neuqu\u00e9n\",\"Pueblos Originarios\",\"RAM\"],\"articleSection\":[\"Derechos Humanos\",\"Pueblos Originarios\",\"Sudam\u00e9rica\"],\"inLanguage\":\"es\"},{\"@type\":\"WebPage\",\"@id\":\"https:\/\/www.pressenza.com\/es\/2017\/11\/insolito-intentan-vincular-una-radio-alternativa-las-r-m\/\",\"url\":\"https:\/\/www.pressenza.com\/es\/2017\/11\/insolito-intentan-vincular-una-radio-alternativa-las-r-m\/\",\"name\":\"Ins\u00f3lito: intentan vincular a una radio alternativa con las R.A.M.\",\"isPartOf\":{\"@id\":\"https:\/\/www.pressenza.com\/es\/#website\"},\"primaryImageOfPage\":{\"@id\":\"https:\/\/www.pressenza.com\/es\/2017\/11\/insolito-intentan-vincular-una-radio-alternativa-las-r-m\/#primaryimage\"},\"image\":{\"@id\":\"https:\/\/www.pressenza.com\/es\/2017\/11\/insolito-intentan-vincular-una-radio-alternativa-las-r-m\/#primaryimage\"},\"thumbnailUrl\":\"https:\/\/www.pressenza.com\/wp-content\/uploads\/2017\/11\/ram-zona-libre.jpg\",\"datePublished\":\"2017-11-19T02:57:20+00:00\",\"dateModified\":\"2017-11-19T02:59:45+00:00\",\"description\":\"Por La Retaguardia y El Zumbido Al menos seis allanamientos simult\u00e1neos se realizaron hoy por la ma\u00f1ana en casas de R\u00edo Negro y Neuqu\u00e9n, la mayor\u00eda contra\",\"breadcrumb\":{\"@id\":\"https:\/\/www.pressenza.com\/es\/2017\/11\/insolito-intentan-vincular-una-radio-alternativa-las-r-m\/#breadcrumb\"},\"inLanguage\":\"es\",\"potentialAction\":[{\"@type\":\"ReadAction\",\"target\":[\"https:\/\/www.pressenza.com\/es\/2017\/11\/insolito-intentan-vincular-una-radio-alternativa-las-r-m\/\"]}]},{\"@type\":\"ImageObject\",\"inLanguage\":\"es\",\"@id\":\"https:\/\/www.pressenza.com\/es\/2017\/11\/insolito-intentan-vincular-una-radio-alternativa-las-r-m\/#primaryimage\",\"url\":\"https:\/\/www.pressenza.com\/wp-content\/uploads\/2017\/11\/ram-zona-libre.jpg\",\"contentUrl\":\"https:\/\/www.pressenza.com\/wp-content\/uploads\/2017\/11\/ram-zona-libre.jpg\",\"width\":960,\"height\":597},{\"@type\":\"BreadcrumbList\",\"@id\":\"https:\/\/www.pressenza.com\/es\/2017\/11\/insolito-intentan-vincular-una-radio-alternativa-las-r-m\/#breadcrumb\",\"itemListElement\":[{\"@type\":\"ListItem\",\"position\":1,\"name\":\"Accueil\",\"item\":\"https:\/\/www.pressenza.com\/es\/\"},{\"@type\":\"ListItem\",\"position\":2,\"name\":\"Ins\u00f3lito: intentan vincular a una radio alternativa con las R.A.M.\"}]},{\"@type\":\"WebSite\",\"@id\":\"https:\/\/www.pressenza.com\/es\/#website\",\"url\":\"https:\/\/www.pressenza.com\/es\/\",\"name\":\"Pressenza\",\"description\":\"International Press Agency\",\"publisher\":{\"@id\":\"https:\/\/www.pressenza.com\/es\/#organization\"},\"potentialAction\":[{\"@type\":\"SearchAction\",\"target\":{\"@type\":\"EntryPoint\",\"urlTemplate\":\"https:\/\/www.pressenza.com\/es\/?s={search_term_string}\"},\"query-input\":{\"@type\":\"PropertyValueSpecification\",\"valueRequired\":true,\"valueName\":\"search_term_string\"}}],\"inLanguage\":\"es\"},{\"@type\":\"Organization\",\"@id\":\"https:\/\/www.pressenza.com\/es\/#organization\",\"name\":\"Pressenza\",\"url\":\"https:\/\/www.pressenza.com\/es\/\",\"logo\":{\"@type\":\"ImageObject\",\"inLanguage\":\"es\",\"@id\":\"https:\/\/www.pressenza.com\/es\/#\/schema\/logo\/image\/\",\"url\":\"https:\/\/www.pressenza.com\/wp-content\/uploads\/2022\/10\/pressenza_logo_200x200.jpg\",\"contentUrl\":\"https:\/\/www.pressenza.com\/wp-content\/uploads\/2022\/10\/pressenza_logo_200x200.jpg\",\"width\":200,\"height\":200,\"caption\":\"Pressenza\"},\"image\":{\"@id\":\"https:\/\/www.pressenza.com\/es\/#\/schema\/logo\/image\/\"},\"sameAs\":[\"https:\/\/www.facebook.com\/PressenzaItalia\",\"https:\/\/x.com\/PressenzaIPA\"]},{\"@type\":\"Person\",\"@id\":\"https:\/\/www.pressenza.com\/es\/#\/schema\/person\/738658b5125ecea661a8a0b96dba8b69\",\"name\":\"Redacci\u00f3n Mar del Plata\",\"description\":\"News published by the Pressenza bureau in Mar Del Plata, Argentina\",\"sameAs\":[\"https:\/\/www.facebook.com\/pressenza\",\"https:\/\/x.com\/Pressenza\"],\"url\":\"https:\/\/www.pressenza.com\/es\/author\/redaccion-mar-del-plata\/\"}]}<\/script>\n<!-- \/ Yoast SEO plugin. -->","yoast_head_json":{"title":"Ins\u00f3lito: intentan vincular a una radio alternativa con las R.A.M.","description":"Por La Retaguardia y El Zumbido Al menos seis allanamientos simult\u00e1neos se realizaron hoy por la ma\u00f1ana en casas de R\u00edo Negro y Neuqu\u00e9n, la mayor\u00eda contra","robots":{"index":"index","follow":"follow","max-snippet":"max-snippet:-1","max-image-preview":"max-image-preview:large","max-video-preview":"max-video-preview:-1"},"canonical":"https:\/\/www.pressenza.com\/es\/2017\/11\/insolito-intentan-vincular-una-radio-alternativa-las-r-m\/","og_locale":"es_ES","og_type":"article","og_title":"Ins\u00f3lito: intentan vincular a una radio alternativa con las R.A.M.","og_description":"Por La Retaguardia y El Zumbido Al menos seis allanamientos simult\u00e1neos se realizaron hoy por la ma\u00f1ana en casas de R\u00edo Negro y Neuqu\u00e9n, la mayor\u00eda contra","og_url":"https:\/\/www.pressenza.com\/es\/2017\/11\/insolito-intentan-vincular-una-radio-alternativa-las-r-m\/","og_site_name":"Pressenza","article_publisher":"https:\/\/www.facebook.com\/PressenzaItalia","article_author":"https:\/\/www.facebook.com\/pressenza","article_published_time":"2017-11-19T02:57:20+00:00","article_modified_time":"2017-11-19T02:59:45+00:00","og_image":[{"width":960,"height":597,"url":"https:\/\/www.pressenza.com\/wp-content\/uploads\/2017\/11\/ram-zona-libre.jpg","type":"image\/jpeg"}],"author":"Redacci\u00f3n Mar del Plata","twitter_card":"summary_large_image","twitter_creator":"@Pressenza","twitter_site":"@PressenzaIPA","twitter_misc":{"Escrito por":"Redacci\u00f3n Mar del Plata","Tiempo de lectura":"7 minutos"},"schema":{"@context":"https:\/\/schema.org","@graph":[{"@type":"Article","@id":"https:\/\/www.pressenza.com\/es\/2017\/11\/insolito-intentan-vincular-una-radio-alternativa-las-r-m\/#article","isPartOf":{"@id":"https:\/\/www.pressenza.com\/es\/2017\/11\/insolito-intentan-vincular-una-radio-alternativa-las-r-m\/"},"author":{"name":"Redacci\u00f3n Mar del Plata","@id":"https:\/\/www.pressenza.com\/es\/#\/schema\/person\/738658b5125ecea661a8a0b96dba8b69"},"headline":"Ins\u00f3lito: intentan vincular a una radio alternativa con las R.A.M.","datePublished":"2017-11-19T02:57:20+00:00","dateModified":"2017-11-19T02:59:45+00:00","mainEntityOfPage":{"@id":"https:\/\/www.pressenza.com\/es\/2017\/11\/insolito-intentan-vincular-una-radio-alternativa-las-r-m\/"},"wordCount":1373,"publisher":{"@id":"https:\/\/www.pressenza.com\/es\/#organization"},"image":{"@id":"https:\/\/www.pressenza.com\/es\/2017\/11\/insolito-intentan-vincular-una-radio-alternativa-las-r-m\/#primaryimage"},"thumbnailUrl":"https:\/\/www.pressenza.com\/wp-content\/uploads\/2017\/11\/ram-zona-libre.jpg","keywords":["Argentina","indigenas","Jones Huala","mapuce","mapuches","Neuqu\u00e9n","Pueblos Originarios","RAM"],"articleSection":["Derechos Humanos","Pueblos Originarios","Sudam\u00e9rica"],"inLanguage":"es"},{"@type":"WebPage","@id":"https:\/\/www.pressenza.com\/es\/2017\/11\/insolito-intentan-vincular-una-radio-alternativa-las-r-m\/","url":"https:\/\/www.pressenza.com\/es\/2017\/11\/insolito-intentan-vincular-una-radio-alternativa-las-r-m\/","name":"Ins\u00f3lito: intentan vincular a una radio alternativa con las R.A.M.","isPartOf":{"@id":"https:\/\/www.pressenza.com\/es\/#website"},"primaryImageOfPage":{"@id":"https:\/\/www.pressenza.com\/es\/2017\/11\/insolito-intentan-vincular-una-radio-alternativa-las-r-m\/#primaryimage"},"image":{"@id":"https:\/\/www.pressenza.com\/es\/2017\/11\/insolito-intentan-vincular-una-radio-alternativa-las-r-m\/#primaryimage"},"thumbnailUrl":"https:\/\/www.pressenza.com\/wp-content\/uploads\/2017\/11\/ram-zona-libre.jpg","datePublished":"2017-11-19T02:57:20+00:00","dateModified":"2017-11-19T02:59:45+00:00","description":"Por La Retaguardia y El Zumbido Al menos seis allanamientos simult\u00e1neos se realizaron hoy por la ma\u00f1ana en casas de R\u00edo Negro y Neuqu\u00e9n, la mayor\u00eda contra","breadcrumb":{"@id":"https:\/\/www.pressenza.com\/es\/2017\/11\/insolito-intentan-vincular-una-radio-alternativa-las-r-m\/#breadcrumb"},"inLanguage":"es","potentialAction":[{"@type":"ReadAction","target":["https:\/\/www.pressenza.com\/es\/2017\/11\/insolito-intentan-vincular-una-radio-alternativa-las-r-m\/"]}]},{"@type":"ImageObject","inLanguage":"es","@id":"https:\/\/www.pressenza.com\/es\/2017\/11\/insolito-intentan-vincular-una-radio-alternativa-las-r-m\/#primaryimage","url":"https:\/\/www.pressenza.com\/wp-content\/uploads\/2017\/11\/ram-zona-libre.jpg","contentUrl":"https:\/\/www.pressenza.com\/wp-content\/uploads\/2017\/11\/ram-zona-libre.jpg","width":960,"height":597},{"@type":"BreadcrumbList","@id":"https:\/\/www.pressenza.com\/es\/2017\/11\/insolito-intentan-vincular-una-radio-alternativa-las-r-m\/#breadcrumb","itemListElement":[{"@type":"ListItem","position":1,"name":"Accueil","item":"https:\/\/www.pressenza.com\/es\/"},{"@type":"ListItem","position":2,"name":"Ins\u00f3lito: intentan vincular a una radio alternativa con las R.A.M."}]},{"@type":"WebSite","@id":"https:\/\/www.pressenza.com\/es\/#website","url":"https:\/\/www.pressenza.com\/es\/","name":"Pressenza","description":"International Press Agency","publisher":{"@id":"https:\/\/www.pressenza.com\/es\/#organization"},"potentialAction":[{"@type":"SearchAction","target":{"@type":"EntryPoint","urlTemplate":"https:\/\/www.pressenza.com\/es\/?s={search_term_string}"},"query-input":{"@type":"PropertyValueSpecification","valueRequired":true,"valueName":"search_term_string"}}],"inLanguage":"es"},{"@type":"Organization","@id":"https:\/\/www.pressenza.com\/es\/#organization","name":"Pressenza","url":"https:\/\/www.pressenza.com\/es\/","logo":{"@type":"ImageObject","inLanguage":"es","@id":"https:\/\/www.pressenza.com\/es\/#\/schema\/logo\/image\/","url":"https:\/\/www.pressenza.com\/wp-content\/uploads\/2022\/10\/pressenza_logo_200x200.jpg","contentUrl":"https:\/\/www.pressenza.com\/wp-content\/uploads\/2022\/10\/pressenza_logo_200x200.jpg","width":200,"height":200,"caption":"Pressenza"},"image":{"@id":"https:\/\/www.pressenza.com\/es\/#\/schema\/logo\/image\/"},"sameAs":["https:\/\/www.facebook.com\/PressenzaItalia","https:\/\/x.com\/PressenzaIPA"]},{"@type":"Person","@id":"https:\/\/www.pressenza.com\/es\/#\/schema\/person\/738658b5125ecea661a8a0b96dba8b69","name":"Redacci\u00f3n Mar del Plata","description":"News published by the Pressenza bureau in Mar Del Plata, Argentina","sameAs":["https:\/\/www.facebook.com\/pressenza","https:\/\/x.com\/Pressenza"],"url":"https:\/\/www.pressenza.com\/es\/author\/redaccion-mar-del-plata\/"}]}},"place":"Neuqu\u00e9n, Argentina","original_article_url":"http:\/\/www.laretaguardia.com.ar\/2017\/11\/allanamientos.html?#","_links":{"self":[{"href":"https:\/\/www.pressenza.com\/es\/wp-json\/wp\/v2\/posts\/556971","targetHints":{"allow":["GET"]}}],"collection":[{"href":"https:\/\/www.pressenza.com\/es\/wp-json\/wp\/v2\/posts"}],"about":[{"href":"https:\/\/www.pressenza.com\/es\/wp-json\/wp\/v2\/types\/post"}],"author":[{"embeddable":true,"href":"https:\/\/www.pressenza.com\/es\/wp-json\/wp\/v2\/users\/1254"}],"replies":[{"embeddable":true,"href":"https:\/\/www.pressenza.com\/es\/wp-json\/wp\/v2\/comments?post=556971"}],"version-history":[{"count":0,"href":"https:\/\/www.pressenza.com\/es\/wp-json\/wp\/v2\/posts\/556971\/revisions"}],"wp:featuredmedia":[{"embeddable":true,"href":"https:\/\/www.pressenza.com\/es\/wp-json\/wp\/v2\/media\/556990"}],"wp:attachment":[{"href":"https:\/\/www.pressenza.com\/es\/wp-json\/wp\/v2\/media?parent=556971"}],"wp:term":[{"taxonomy":"category","embeddable":true,"href":"https:\/\/www.pressenza.com\/es\/wp-json\/wp\/v2\/categories?post=556971"},{"taxonomy":"post_tag","embeddable":true,"href":"https:\/\/www.pressenza.com\/es\/wp-json\/wp\/v2\/tags?post=556971"}],"curies":[{"name":"wp","href":"https:\/\/api.w.org\/{rel}","templated":true}]}}