{"id":556387,"date":"2017-11-16T22:10:03","date_gmt":"2017-11-16T22:10:03","guid":{"rendered":"https:\/\/www.pressenza.com\/?p=556387\/"},"modified":"2017-11-16T22:10:03","modified_gmt":"2017-11-16T22:10:03","slug":"no-fue-suicidio-facundo-lo-mataron-la-comisaria","status":"publish","type":"post","link":"https:\/\/www.pressenza.com\/es\/2017\/11\/no-fue-suicidio-facundo-lo-mataron-la-comisaria\/","title":{"rendered":"\u201cNo fue un\u00a0suicidio, a Facundo lo mataron en la comisar\u00eda\u201d"},"content":{"rendered":"<p><em>Por<strong> Sergio Alvez<\/strong><\/em><\/p>\n<p>El jueves 9 de noviembre de 2017\u00a0, cerca de las 21 horas, personal de la comisar\u00eda de Azara (pueblo del sur de Misiones), \u00a0comunica haber <em>\u201cencontrado ahorcado con una media\u201d<\/em> en una de las celdas de esa dependencia, a Facundo Sequeira, un joven deportista del pueblo, de tan solo 18 a\u00f1os. El muchacho estaba detenido desde hac\u00eda una hora antes. Tom\u00f3 el caso el Juzgado de Instrucci\u00f3n Judicial 4, de la localidad de Ap\u00f3stoles.<\/p>\n<p>Tras salir del shock emocional que provoc\u00f3 la muerte de Facundo, sus familiares y amigos del barrio decidieron romper la barrera del miedo y el silencio, y se organizaron para protagonizar una manifestaci\u00f3n frente a la comisar\u00eda de Azara, llevada a cabo en la tarde mi\u00e9rcoles 15 de noviembre. <em>\u201cJusticia por Facundo. \u00c9l no se mat\u00f3\u201d,<\/em> <em>\u201cQue todo salga a la luz\u201d, \u201cQue la verdad se sepa y paguen los culpables\u201d, \u201cLo mat\u00f3 la polic\u00eda\u201d<\/em> rezaron algunos carteles en alto, en manos de familiares y amigos que entre llantos de rabia y tristeza, denunciaron que tras la muerte de Facundo, se esconde un\u00a0 trasfondo de hostigamiento policial y violencia institucional hacia los j\u00f3venes humildes del pueblo.<\/p>\n<p>Alejandro Sequeira, uno de los hermanos de Facundo, relat\u00f3 a este periodista que <em>\u201ca Facundo lo detuvieron el jueves a las ocho de la noche y a las nueve ya estaba muerto. Le inventaron una causa por supuesta violencia de g\u00e9nero, que nunca ocurri\u00f3. \u00a0Para nosotros lo mataron. A Facundo la polic\u00eda lo ten\u00eda amenazado. Porque ac\u00e1 a los j\u00f3venes se los agarra cada dos por tres, por andar por la calle, por tomar una cerveza, o cuando hab\u00eda una pelea, siempre lo persegu\u00edan. Llevaban a los chicos y los golpeaban, los castigaban. Y estaban todos amenazados, incluso a los menores le dec\u00edan que no le cuenten a los padres o que sino le iban a hacer viajar\u201d.<\/em><\/p>\n<p>\u201cMi hermano trabajaba en una fruter\u00eda, era arquero de un equipo de la liga regional, y ten\u00eda planes de irse a vivir a y trabajar a Buenos Aires. La polic\u00eda le tiene bronca. Un suboficial nos lleg\u00f3 a decir a ustedes los Sequeira los vamos a eliminar uno a uno\u201d a\u00f1adi\u00f3 el joven.<\/p>\n<p>En relaci\u00f3n al estado del cuerpo de su hermano tras la muerte, Alejandro indic\u00f3 que <em>\u201cten\u00eda signos de haber sido golpeado en varias partes de cuerpo, mi pap\u00e1 pudo ver el cuerpo y asegur\u00f3 que se notaba que lo hab\u00edan golpeado mucho. Estamos pidiendo que se haga otra autopsia porque no hay explicaciones\u201d.<\/em><\/p>\n<p>Varias madres de los j\u00f3venes hostigados por la polic\u00eda de Azara, estuvieron presentes en la manifestaci\u00f3n, y remarcaron que sus hijos padecen el autoritarismo y la violencia policial cotidianamente. <em>\u201cA la gurizada se les amenaza, no quieren verlos en la calle y cada tanto les llevan presos, le pegan, les dicen que le van a matar, quieren que les tengan miedo\u201d:<\/em><\/p>\n<p>Una de las personas presentes pidi\u00f3 que<em> \u201clas autoridades investiguen porque esta no es la primera muerte en esta comisar\u00eda, ac\u00e1 hay muchas cosas que no salen a la luz\u201d.<\/em><\/p>\n<div id=\"attachment_556397\" class=\"wp-caption alignnone\"><img loading=\"lazy\" decoding=\"async\" aria-describedby=\"caption-attachment-556397\" class=\"size-large wp-image-556397\" src=\"https:\/\/www.pressenza.com\/wp-content\/uploads\/2017\/11\/IMG_20171115_184433-720x432.jpg\" alt=\"\" width=\"720\" height=\"432\" srcset=\"https:\/\/www.pressenza.com\/wp-content\/uploads\/2017\/11\/IMG_20171115_184433-720x432.jpg 720w, https:\/\/www.pressenza.com\/wp-content\/uploads\/2017\/11\/IMG_20171115_184433-300x180.jpg 300w, https:\/\/www.pressenza.com\/wp-content\/uploads\/2017\/11\/IMG_20171115_184433-768x461.jpg 768w, https:\/\/www.pressenza.com\/wp-content\/uploads\/2017\/11\/IMG_20171115_184433.jpg 800w\" sizes=\"auto, (max-width: 720px) 100vw, 720px\" \/><p id=\"caption-attachment-556397\" class=\"wp-caption-text\">Foto Sergio Alvez<\/p><\/div>\n<h4>Antecedentes<\/h4>\n<p>La \u00faltima vez que la comisar\u00eda de Azara lleg\u00f3 a ser noticia provincial, fue el 24 de marzo de 2014, cuando el joven Miguel Angel Pezuk (20) y su padre Mario Pezuk (48), ambos agricultores domiciliados en la zona rural de la localidad, denunciaron en la Fiscal\u00eda de Instrucci\u00f3n N\u00ba 4, de Ap\u00f3stoles, que fueron torturados con picanas el\u00e9ctricas Y <em>\u201csubmarinos\u201d<\/em>, en la comisar\u00eda de Azara.<\/p>\n<p>En su denuncia Miguel Pezuk afirma que: \u201c<em>Siendo las doce del mediod\u00eda aproximadamente, me encontraba en mi domicilio junto a mis hermanos, en el hall, cuando llegan tres patrulleros, abren el port\u00f3n y entran directamente, con sus armas a la vista\u201d<\/em> (\u2026) <em>\u201cLos que estaban con uniformes eran los polic\u00edas de apellido Portillo, Piyuka, Piris, Se\u00f1uk, y Sequeira. Sin decir nada, me agarran, me esposan, y comienzan a pegarme. Cuando \u00edbamos en el patrullero me asfixiaban con las manos el cuello, y me dec\u00edan que les diga d\u00f3nde est\u00e1 Camargo\u201d<\/em> agrega.<\/p>\n<p>El interrogatorio policial sobre Camargo, es para apresar a un joven de 18 a\u00f1os que estaba detenido en la comisar\u00eda de Azara y que horas antes se fug\u00f3 de esa dependencia.<\/p>\n<p>Sigue explicando Miguel: <em>\u201cEn la comisar\u00eda me pusieron en una celda, hasta que vino mi pap\u00e1, y ah\u00ed nos llevaron a los dos a una oficina, donde nos interrogaron, preguntaban por Camargo, nos pusieron bolsas en la cabeza para asfixiarnos y nos picanearon con picana el\u00e9ctrica. Adem\u00e1s nos daban patadas, sopapos, nos dec\u00edan que nos iban a matar, y apagaban las luces para que no veamos quienes eran\u201d.<\/em><\/p>\n<p>Por su parte, su padre, Mario, agreg\u00f3:\u00a0<em>\u201cvinieron a buscar a mi hijo porque un vecino nuestro de apellido Wdoviak les dijo que quiz\u00e1s nosotros sab\u00edamos d\u00f3nde estaba, pero nada que ver. Nos picanearon, nos hicieron arrodillarnos y nos castigaron, nos dieron pi\u00f1as, y patadas por todo el cuerpo\u201d.<\/em><\/p>\n","protected":false},"excerpt":{"rendered":"<p>Por Sergio Alvez El jueves 9 de noviembre de 2017\u00a0, cerca de las 21 horas, personal de la comisar\u00eda de Azara (pueblo del sur de Misiones), \u00a0comunica haber \u201cencontrado ahorcado con una media\u201d en una de las celdas de esa&hellip;<\/p>\n","protected":false},"author":1366,"featured_media":556388,"comment_status":"closed","ping_status":"closed","sticky":false,"template":"","format":"standard","meta":{"footnotes":""},"categories":[11389,79,67],"tags":[26,41836,441,13186,19215,16058,14889,729],"class_list":["post-556387","post","type-post","status-publish","format-standard","has-post-thumbnail","hentry","category-contenido-original","category-derechos-humanos","category-sudamerica","tag-argentina","tag-azara","tag-derechos-humanos","tag-impunidad","tag-misiones","tag-policia-es","tag-torturas","tag-violencia-policial"],"yoast_head":"<!-- This site is optimized with the Yoast SEO plugin v27.1.1 - https:\/\/yoast.com\/product\/yoast-seo-wordpress\/ -->\n<title>\u201cNo fue un\u00a0suicidio, a Facundo lo mataron en la comisar\u00eda\u201d<\/title>\n<meta name=\"description\" content=\"Por Sergio Alvez El jueves 9 de noviembre de 2017\u00a0, cerca de las 21 horas, personal de la comisar\u00eda de Azara (pueblo del sur de Misiones), \u00a0comunica haber\" \/>\n<meta name=\"robots\" content=\"index, follow, max-snippet:-1, max-image-preview:large, max-video-preview:-1\" \/>\n<link rel=\"canonical\" href=\"https:\/\/www.pressenza.com\/es\/2017\/11\/no-fue-suicidio-facundo-lo-mataron-la-comisaria\/\" \/>\n<meta property=\"og:locale\" content=\"es_ES\" \/>\n<meta property=\"og:type\" content=\"article\" \/>\n<meta property=\"og:title\" content=\"\u201cNo fue un\u00a0suicidio, a Facundo lo mataron en la comisar\u00eda\u201d\" \/>\n<meta property=\"og:description\" content=\"Por Sergio Alvez El jueves 9 de noviembre de 2017\u00a0, cerca de las 21 horas, personal de la comisar\u00eda de Azara (pueblo del sur de Misiones), \u00a0comunica haber\" \/>\n<meta property=\"og:url\" content=\"https:\/\/www.pressenza.com\/es\/2017\/11\/no-fue-suicidio-facundo-lo-mataron-la-comisaria\/\" \/>\n<meta property=\"og:site_name\" content=\"Pressenza\" \/>\n<meta property=\"article:publisher\" content=\"https:\/\/www.facebook.com\/PressenzaItalia\" \/>\n<meta property=\"article:published_time\" content=\"2017-11-16T22:10:03+00:00\" \/>\n<meta property=\"og:image\" content=\"https:\/\/www.pressenza.com\/wp-content\/uploads\/2017\/11\/IMG_20171115_183730.jpg\" \/>\n\t<meta property=\"og:image:width\" content=\"1024\" \/>\n\t<meta property=\"og:image:height\" content=\"614\" \/>\n\t<meta property=\"og:image:type\" content=\"image\/jpeg\" \/>\n<meta name=\"author\" content=\"Sergio Alvez\" \/>\n<meta name=\"twitter:card\" content=\"summary_large_image\" \/>\n<meta name=\"twitter:creator\" content=\"@PressenzaIPA\" \/>\n<meta name=\"twitter:site\" content=\"@PressenzaIPA\" \/>\n<meta name=\"twitter:label1\" content=\"Escrito por\" \/>\n\t<meta name=\"twitter:data1\" content=\"Sergio Alvez\" \/>\n\t<meta name=\"twitter:label2\" content=\"Tiempo de lectura\" \/>\n\t<meta name=\"twitter:data2\" content=\"4 minutos\" \/>\n<script type=\"application\/ld+json\" class=\"yoast-schema-graph\">{\"@context\":\"https:\/\/schema.org\",\"@graph\":[{\"@type\":\"Article\",\"@id\":\"https:\/\/www.pressenza.com\/es\/2017\/11\/no-fue-suicidio-facundo-lo-mataron-la-comisaria\/#article\",\"isPartOf\":{\"@id\":\"https:\/\/www.pressenza.com\/es\/2017\/11\/no-fue-suicidio-facundo-lo-mataron-la-comisaria\/\"},\"author\":{\"name\":\"Sergio Alvez\",\"@id\":\"https:\/\/www.pressenza.com\/es\/#\/schema\/person\/a71ed7e6ac8a1ce22c94a8eee7736558\"},\"headline\":\"\u201cNo fue un\u00a0suicidio, a Facundo lo mataron en la comisar\u00eda\u201d\",\"datePublished\":\"2017-11-16T22:10:03+00:00\",\"mainEntityOfPage\":{\"@id\":\"https:\/\/www.pressenza.com\/es\/2017\/11\/no-fue-suicidio-facundo-lo-mataron-la-comisaria\/\"},\"wordCount\":873,\"publisher\":{\"@id\":\"https:\/\/www.pressenza.com\/es\/#organization\"},\"image\":{\"@id\":\"https:\/\/www.pressenza.com\/es\/2017\/11\/no-fue-suicidio-facundo-lo-mataron-la-comisaria\/#primaryimage\"},\"thumbnailUrl\":\"https:\/\/www.pressenza.com\/wp-content\/uploads\/2017\/11\/IMG_20171115_183730.jpg\",\"keywords\":[\"Argentina\",\"Azara\",\"Derechos humanos\",\"Impunidad\",\"Misiones\",\"policia\",\"torturas\",\"Violencia policial\"],\"articleSection\":[\"Contenido Original\",\"Derechos Humanos\",\"Sudam\u00e9rica\"],\"inLanguage\":\"es\"},{\"@type\":\"WebPage\",\"@id\":\"https:\/\/www.pressenza.com\/es\/2017\/11\/no-fue-suicidio-facundo-lo-mataron-la-comisaria\/\",\"url\":\"https:\/\/www.pressenza.com\/es\/2017\/11\/no-fue-suicidio-facundo-lo-mataron-la-comisaria\/\",\"name\":\"\u201cNo fue un\u00a0suicidio, a Facundo lo mataron en la comisar\u00eda\u201d\",\"isPartOf\":{\"@id\":\"https:\/\/www.pressenza.com\/es\/#website\"},\"primaryImageOfPage\":{\"@id\":\"https:\/\/www.pressenza.com\/es\/2017\/11\/no-fue-suicidio-facundo-lo-mataron-la-comisaria\/#primaryimage\"},\"image\":{\"@id\":\"https:\/\/www.pressenza.com\/es\/2017\/11\/no-fue-suicidio-facundo-lo-mataron-la-comisaria\/#primaryimage\"},\"thumbnailUrl\":\"https:\/\/www.pressenza.com\/wp-content\/uploads\/2017\/11\/IMG_20171115_183730.jpg\",\"datePublished\":\"2017-11-16T22:10:03+00:00\",\"description\":\"Por Sergio Alvez El jueves 9 de noviembre de 2017\u00a0, cerca de las 21 horas, personal de la comisar\u00eda de Azara (pueblo del sur de Misiones), \u00a0comunica haber\",\"breadcrumb\":{\"@id\":\"https:\/\/www.pressenza.com\/es\/2017\/11\/no-fue-suicidio-facundo-lo-mataron-la-comisaria\/#breadcrumb\"},\"inLanguage\":\"es\",\"potentialAction\":[{\"@type\":\"ReadAction\",\"target\":[\"https:\/\/www.pressenza.com\/es\/2017\/11\/no-fue-suicidio-facundo-lo-mataron-la-comisaria\/\"]}]},{\"@type\":\"ImageObject\",\"inLanguage\":\"es\",\"@id\":\"https:\/\/www.pressenza.com\/es\/2017\/11\/no-fue-suicidio-facundo-lo-mataron-la-comisaria\/#primaryimage\",\"url\":\"https:\/\/www.pressenza.com\/wp-content\/uploads\/2017\/11\/IMG_20171115_183730.jpg\",\"contentUrl\":\"https:\/\/www.pressenza.com\/wp-content\/uploads\/2017\/11\/IMG_20171115_183730.jpg\",\"width\":1024,\"height\":614},{\"@type\":\"BreadcrumbList\",\"@id\":\"https:\/\/www.pressenza.com\/es\/2017\/11\/no-fue-suicidio-facundo-lo-mataron-la-comisaria\/#breadcrumb\",\"itemListElement\":[{\"@type\":\"ListItem\",\"position\":1,\"name\":\"Accueil\",\"item\":\"https:\/\/www.pressenza.com\/es\/\"},{\"@type\":\"ListItem\",\"position\":2,\"name\":\"\u201cNo fue un\u00a0suicidio, a Facundo lo mataron en la comisar\u00eda\u201d\"}]},{\"@type\":\"WebSite\",\"@id\":\"https:\/\/www.pressenza.com\/es\/#website\",\"url\":\"https:\/\/www.pressenza.com\/es\/\",\"name\":\"Pressenza\",\"description\":\"International Press Agency\",\"publisher\":{\"@id\":\"https:\/\/www.pressenza.com\/es\/#organization\"},\"potentialAction\":[{\"@type\":\"SearchAction\",\"target\":{\"@type\":\"EntryPoint\",\"urlTemplate\":\"https:\/\/www.pressenza.com\/es\/?s={search_term_string}\"},\"query-input\":{\"@type\":\"PropertyValueSpecification\",\"valueRequired\":true,\"valueName\":\"search_term_string\"}}],\"inLanguage\":\"es\"},{\"@type\":\"Organization\",\"@id\":\"https:\/\/www.pressenza.com\/es\/#organization\",\"name\":\"Pressenza\",\"url\":\"https:\/\/www.pressenza.com\/es\/\",\"logo\":{\"@type\":\"ImageObject\",\"inLanguage\":\"es\",\"@id\":\"https:\/\/www.pressenza.com\/es\/#\/schema\/logo\/image\/\",\"url\":\"https:\/\/www.pressenza.com\/wp-content\/uploads\/2022\/10\/pressenza_logo_200x200.jpg\",\"contentUrl\":\"https:\/\/www.pressenza.com\/wp-content\/uploads\/2022\/10\/pressenza_logo_200x200.jpg\",\"width\":200,\"height\":200,\"caption\":\"Pressenza\"},\"image\":{\"@id\":\"https:\/\/www.pressenza.com\/es\/#\/schema\/logo\/image\/\"},\"sameAs\":[\"https:\/\/www.facebook.com\/PressenzaItalia\",\"https:\/\/x.com\/PressenzaIPA\"]},{\"@type\":\"Person\",\"@id\":\"https:\/\/www.pressenza.com\/es\/#\/schema\/person\/a71ed7e6ac8a1ce22c94a8eee7736558\",\"name\":\"Sergio Alvez\",\"description\":\"Naci\u00f3 en Posadas, Misiones, en 1979. Es periodista y escritor.\",\"url\":\"https:\/\/www.pressenza.com\/es\/author\/sergio-alvez\/\"}]}<\/script>\n<!-- \/ Yoast SEO plugin. -->","yoast_head_json":{"title":"\u201cNo fue un\u00a0suicidio, a Facundo lo mataron en la comisar\u00eda\u201d","description":"Por Sergio Alvez El jueves 9 de noviembre de 2017\u00a0, cerca de las 21 horas, personal de la comisar\u00eda de Azara (pueblo del sur de Misiones), \u00a0comunica haber","robots":{"index":"index","follow":"follow","max-snippet":"max-snippet:-1","max-image-preview":"max-image-preview:large","max-video-preview":"max-video-preview:-1"},"canonical":"https:\/\/www.pressenza.com\/es\/2017\/11\/no-fue-suicidio-facundo-lo-mataron-la-comisaria\/","og_locale":"es_ES","og_type":"article","og_title":"\u201cNo fue un\u00a0suicidio, a Facundo lo mataron en la comisar\u00eda\u201d","og_description":"Por Sergio Alvez El jueves 9 de noviembre de 2017\u00a0, cerca de las 21 horas, personal de la comisar\u00eda de Azara (pueblo del sur de Misiones), \u00a0comunica haber","og_url":"https:\/\/www.pressenza.com\/es\/2017\/11\/no-fue-suicidio-facundo-lo-mataron-la-comisaria\/","og_site_name":"Pressenza","article_publisher":"https:\/\/www.facebook.com\/PressenzaItalia","article_published_time":"2017-11-16T22:10:03+00:00","og_image":[{"width":1024,"height":614,"url":"https:\/\/www.pressenza.com\/wp-content\/uploads\/2017\/11\/IMG_20171115_183730.jpg","type":"image\/jpeg"}],"author":"Sergio Alvez","twitter_card":"summary_large_image","twitter_creator":"@PressenzaIPA","twitter_site":"@PressenzaIPA","twitter_misc":{"Escrito por":"Sergio Alvez","Tiempo de lectura":"4 minutos"},"schema":{"@context":"https:\/\/schema.org","@graph":[{"@type":"Article","@id":"https:\/\/www.pressenza.com\/es\/2017\/11\/no-fue-suicidio-facundo-lo-mataron-la-comisaria\/#article","isPartOf":{"@id":"https:\/\/www.pressenza.com\/es\/2017\/11\/no-fue-suicidio-facundo-lo-mataron-la-comisaria\/"},"author":{"name":"Sergio Alvez","@id":"https:\/\/www.pressenza.com\/es\/#\/schema\/person\/a71ed7e6ac8a1ce22c94a8eee7736558"},"headline":"\u201cNo fue un\u00a0suicidio, a Facundo lo mataron en la comisar\u00eda\u201d","datePublished":"2017-11-16T22:10:03+00:00","mainEntityOfPage":{"@id":"https:\/\/www.pressenza.com\/es\/2017\/11\/no-fue-suicidio-facundo-lo-mataron-la-comisaria\/"},"wordCount":873,"publisher":{"@id":"https:\/\/www.pressenza.com\/es\/#organization"},"image":{"@id":"https:\/\/www.pressenza.com\/es\/2017\/11\/no-fue-suicidio-facundo-lo-mataron-la-comisaria\/#primaryimage"},"thumbnailUrl":"https:\/\/www.pressenza.com\/wp-content\/uploads\/2017\/11\/IMG_20171115_183730.jpg","keywords":["Argentina","Azara","Derechos humanos","Impunidad","Misiones","policia","torturas","Violencia policial"],"articleSection":["Contenido Original","Derechos Humanos","Sudam\u00e9rica"],"inLanguage":"es"},{"@type":"WebPage","@id":"https:\/\/www.pressenza.com\/es\/2017\/11\/no-fue-suicidio-facundo-lo-mataron-la-comisaria\/","url":"https:\/\/www.pressenza.com\/es\/2017\/11\/no-fue-suicidio-facundo-lo-mataron-la-comisaria\/","name":"\u201cNo fue un\u00a0suicidio, a Facundo lo mataron en la comisar\u00eda\u201d","isPartOf":{"@id":"https:\/\/www.pressenza.com\/es\/#website"},"primaryImageOfPage":{"@id":"https:\/\/www.pressenza.com\/es\/2017\/11\/no-fue-suicidio-facundo-lo-mataron-la-comisaria\/#primaryimage"},"image":{"@id":"https:\/\/www.pressenza.com\/es\/2017\/11\/no-fue-suicidio-facundo-lo-mataron-la-comisaria\/#primaryimage"},"thumbnailUrl":"https:\/\/www.pressenza.com\/wp-content\/uploads\/2017\/11\/IMG_20171115_183730.jpg","datePublished":"2017-11-16T22:10:03+00:00","description":"Por Sergio Alvez El jueves 9 de noviembre de 2017\u00a0, cerca de las 21 horas, personal de la comisar\u00eda de Azara (pueblo del sur de Misiones), \u00a0comunica haber","breadcrumb":{"@id":"https:\/\/www.pressenza.com\/es\/2017\/11\/no-fue-suicidio-facundo-lo-mataron-la-comisaria\/#breadcrumb"},"inLanguage":"es","potentialAction":[{"@type":"ReadAction","target":["https:\/\/www.pressenza.com\/es\/2017\/11\/no-fue-suicidio-facundo-lo-mataron-la-comisaria\/"]}]},{"@type":"ImageObject","inLanguage":"es","@id":"https:\/\/www.pressenza.com\/es\/2017\/11\/no-fue-suicidio-facundo-lo-mataron-la-comisaria\/#primaryimage","url":"https:\/\/www.pressenza.com\/wp-content\/uploads\/2017\/11\/IMG_20171115_183730.jpg","contentUrl":"https:\/\/www.pressenza.com\/wp-content\/uploads\/2017\/11\/IMG_20171115_183730.jpg","width":1024,"height":614},{"@type":"BreadcrumbList","@id":"https:\/\/www.pressenza.com\/es\/2017\/11\/no-fue-suicidio-facundo-lo-mataron-la-comisaria\/#breadcrumb","itemListElement":[{"@type":"ListItem","position":1,"name":"Accueil","item":"https:\/\/www.pressenza.com\/es\/"},{"@type":"ListItem","position":2,"name":"\u201cNo fue un\u00a0suicidio, a Facundo lo mataron en la comisar\u00eda\u201d"}]},{"@type":"WebSite","@id":"https:\/\/www.pressenza.com\/es\/#website","url":"https:\/\/www.pressenza.com\/es\/","name":"Pressenza","description":"International Press Agency","publisher":{"@id":"https:\/\/www.pressenza.com\/es\/#organization"},"potentialAction":[{"@type":"SearchAction","target":{"@type":"EntryPoint","urlTemplate":"https:\/\/www.pressenza.com\/es\/?s={search_term_string}"},"query-input":{"@type":"PropertyValueSpecification","valueRequired":true,"valueName":"search_term_string"}}],"inLanguage":"es"},{"@type":"Organization","@id":"https:\/\/www.pressenza.com\/es\/#organization","name":"Pressenza","url":"https:\/\/www.pressenza.com\/es\/","logo":{"@type":"ImageObject","inLanguage":"es","@id":"https:\/\/www.pressenza.com\/es\/#\/schema\/logo\/image\/","url":"https:\/\/www.pressenza.com\/wp-content\/uploads\/2022\/10\/pressenza_logo_200x200.jpg","contentUrl":"https:\/\/www.pressenza.com\/wp-content\/uploads\/2022\/10\/pressenza_logo_200x200.jpg","width":200,"height":200,"caption":"Pressenza"},"image":{"@id":"https:\/\/www.pressenza.com\/es\/#\/schema\/logo\/image\/"},"sameAs":["https:\/\/www.facebook.com\/PressenzaItalia","https:\/\/x.com\/PressenzaIPA"]},{"@type":"Person","@id":"https:\/\/www.pressenza.com\/es\/#\/schema\/person\/a71ed7e6ac8a1ce22c94a8eee7736558","name":"Sergio Alvez","description":"Naci\u00f3 en Posadas, Misiones, en 1979. Es periodista y escritor.","url":"https:\/\/www.pressenza.com\/es\/author\/sergio-alvez\/"}]}},"place":"Azara, Misiones, Argentina","original_article_url":"","_links":{"self":[{"href":"https:\/\/www.pressenza.com\/es\/wp-json\/wp\/v2\/posts\/556387","targetHints":{"allow":["GET"]}}],"collection":[{"href":"https:\/\/www.pressenza.com\/es\/wp-json\/wp\/v2\/posts"}],"about":[{"href":"https:\/\/www.pressenza.com\/es\/wp-json\/wp\/v2\/types\/post"}],"author":[{"embeddable":true,"href":"https:\/\/www.pressenza.com\/es\/wp-json\/wp\/v2\/users\/1366"}],"replies":[{"embeddable":true,"href":"https:\/\/www.pressenza.com\/es\/wp-json\/wp\/v2\/comments?post=556387"}],"version-history":[{"count":0,"href":"https:\/\/www.pressenza.com\/es\/wp-json\/wp\/v2\/posts\/556387\/revisions"}],"wp:featuredmedia":[{"embeddable":true,"href":"https:\/\/www.pressenza.com\/es\/wp-json\/wp\/v2\/media\/556388"}],"wp:attachment":[{"href":"https:\/\/www.pressenza.com\/es\/wp-json\/wp\/v2\/media?parent=556387"}],"wp:term":[{"taxonomy":"category","embeddable":true,"href":"https:\/\/www.pressenza.com\/es\/wp-json\/wp\/v2\/categories?post=556387"},{"taxonomy":"post_tag","embeddable":true,"href":"https:\/\/www.pressenza.com\/es\/wp-json\/wp\/v2\/tags?post=556387"}],"curies":[{"name":"wp","href":"https:\/\/api.w.org\/{rel}","templated":true}]}}