{"id":554430,"date":"2017-11-12T19:42:35","date_gmt":"2017-11-12T19:42:35","guid":{"rendered":"https:\/\/www.pressenza.com\/?p=554430\/"},"modified":"2017-11-12T19:42:35","modified_gmt":"2017-11-12T19:42:35","slug":"multitudinaria-manifestacion-en-barcelona-por-la-libertad-de-los-presos-politicos","status":"publish","type":"post","link":"https:\/\/www.pressenza.com\/es\/2017\/11\/multitudinaria-manifestacion-en-barcelona-por-la-libertad-de-los-presos-politicos\/","title":{"rendered":"Multitudinaria manifestaci\u00f3n en Barcelona por la libertad de los presos pol\u00edticos"},"content":{"rendered":"<p>750.000 personas (seg\u00fan la guardia urbana) llenaron m\u00e1s de 3 kil\u00f3metros de una de las principales arterias de Barcelona (Calle Marina) en lo que ha sido una de las m\u00e1s concurridas manifestaciones en Barcelona. <\/p>\n<p>La concentraci\u00f3n hab\u00eda sido convocada por la Asamblea Nacional Catalana y por \u00d3mnium Cultural para pedir la libertad de los encarcelados; los presidentes de ambas entidades (Jordi S\u00e0nchez y Jordi Cuixart) y algunos de los miembros del gobierno de la Generalitat (el vicepresidente, Oriol Junqueras y los consejeros Jordi Turull, Josep Rull, Ra\u00fcl Romeva, Carles Mund\u00f3, Joaquim Forn, Dolors Bassa y Meritxell Borr\u00e0s).<\/p>\n<p>La manifestaci\u00f3n se abr\u00eda con una pancarta en la que se le\u00eda \u201clibertad presos pol\u00edticos\u201d. La cabecera de la manifestaci\u00f3n estaba presidida los familiares de los encarcelados y tambi\u00e9n de los ex consejeros que est\u00e1n en B\u00e9lgica, as\u00ed como dirigentes de las entidades y de diversas asociaciones municipalistas. Unos metros m\u00e1s atr\u00e1s se situaron representantes pol\u00edticos de los partidos: Esquerra Republicana de Catalunya, Partit Dem\u00f2crata Catal\u00e0, Candidatura d&#8217;Unitat Popular, Catalunya en Com\u00fa o el Partido Nacionalista Vasco, as\u00ed como el ex secretario general de Podem Catalunya, y la alcaldesa de Barcelona.<\/p>\n<p>Entre los manifestantes tambi\u00e9n se encontraba un grupo de juristas vestidos con togas, que coreaban \u201cno hay derecho\u201d, mientras portaban una pancarta en la que se le\u00eda \u201cjusticia, democracia y libertad\u201d. Adem\u00e1s del apoyo de los vecinos de Barcelona participaron ciudadanos de toda la geograf\u00eda catalana, ya que m\u00e1s de 900 autobuses llegaron a la capital con manifestantes. <\/p>\n<p>Al llegar la marcha a la Avenida Icaria se inici\u00f3 un emotivo acto sobre un escenario. Se escuch\u00f3 el \u201cCant dels ocells \u201c de Pau Casals, se leyeron cartas de los encarcelados por parte de sus familiares y a trav\u00e9s de un v\u00eddeo, Carles Puigdemont y los ex consejeros que est\u00e1n en B\u00e9lgica enviaron su mensaje, as\u00ed mismo, los organizadores de la manifestaci\u00f3n hicieron un llamamiento a participar en una movilizaci\u00f3n el 7 de diciembre en Bruselas.<\/p>\n<p>Con el clamor de \u201clibertad presos pol\u00edticos\u201d y el canto \u201cels Segadors\u201d se cerr\u00f3 la movilizaci\u00f3n al anochecer.<br \/>\n<div class=\"post-gallery\">\n\t\t\t<figure class=\"post-gallery-item\">\n\t\t\t\t<img decoding=\"async\" src=\"https:\/\/www.pressenza.com\/wp-content\/uploads\/2017\/11\/IMG_7772-2-720x398.jpg\" loading=\"lazy\">\n\t\t\t\t<figcaption>\n\t\t\t\t\t\n\t\t\t\t<\/figcaption>\n\t\t\t<\/figure>\n\t\t\t<figure class=\"post-gallery-item\">\n\t\t\t\t<img decoding=\"async\" src=\"https:\/\/www.pressenza.com\/wp-content\/uploads\/2017\/11\/IMG_7779-720x399.jpg\" loading=\"lazy\">\n\t\t\t\t<figcaption>\n\t\t\t\t\t\n\t\t\t\t<\/figcaption>\n\t\t\t<\/figure>\n\t\t\t<figure class=\"post-gallery-item\">\n\t\t\t\t<img decoding=\"async\" src=\"https:\/\/www.pressenza.com\/wp-content\/uploads\/2017\/11\/IMG_7780-720x399.jpg\" loading=\"lazy\">\n\t\t\t\t<figcaption>\n\t\t\t\t\t\n\t\t\t\t<\/figcaption>\n\t\t\t<\/figure>\n\t\t\t<figure class=\"post-gallery-item\">\n\t\t\t\t<img decoding=\"async\" src=\"https:\/\/www.pressenza.com\/wp-content\/uploads\/2017\/11\/IMG_7788-720x398.jpg\" loading=\"lazy\">\n\t\t\t\t<figcaption>\n\t\t\t\t\t\n\t\t\t\t<\/figcaption>\n\t\t\t<\/figure>\n\t\t\t<figure class=\"post-gallery-item\">\n\t\t\t\t<img decoding=\"async\" src=\"https:\/\/www.pressenza.com\/wp-content\/uploads\/2017\/11\/IMG_7789-720x398.jpg\" loading=\"lazy\">\n\t\t\t\t<figcaption>\n\t\t\t\t\t\n\t\t\t\t<\/figcaption>\n\t\t\t<\/figure>\n\t\t\t<figure class=\"post-gallery-item\">\n\t\t\t\t<img decoding=\"async\" src=\"https:\/\/www.pressenza.com\/wp-content\/uploads\/2017\/11\/IMG_7800-720x398.jpg\" loading=\"lazy\">\n\t\t\t\t<figcaption>\n\t\t\t\t\t\n\t\t\t\t<\/figcaption>\n\t\t\t<\/figure>\n\t\t\t<figure class=\"post-gallery-item\">\n\t\t\t\t<img decoding=\"async\" src=\"https:\/\/www.pressenza.com\/wp-content\/uploads\/2017\/11\/IMG_7819-720x398.jpg\" loading=\"lazy\">\n\t\t\t\t<figcaption>\n\t\t\t\t\t\n\t\t\t\t<\/figcaption>\n\t\t\t<\/figure>\n\t\t\t<figure class=\"post-gallery-item\">\n\t\t\t\t<img decoding=\"async\" src=\"https:\/\/www.pressenza.com\/wp-content\/uploads\/2017\/11\/IMG_7820-720x398.jpg\" loading=\"lazy\">\n\t\t\t\t<figcaption>\n\t\t\t\t\t\n\t\t\t\t<\/figcaption>\n\t\t\t<\/figure>\n\t\t\t<figure class=\"post-gallery-item\">\n\t\t\t\t<img decoding=\"async\" src=\"https:\/\/www.pressenza.com\/wp-content\/uploads\/2017\/11\/IMG_7829-720x398.jpg\" loading=\"lazy\">\n\t\t\t\t<figcaption>\n\t\t\t\t\t\n\t\t\t\t<\/figcaption>\n\t\t\t<\/figure>\n\t\t\t<figure class=\"post-gallery-item\">\n\t\t\t\t<img decoding=\"async\" src=\"https:\/\/www.pressenza.com\/wp-content\/uploads\/2017\/11\/IMG_7837-720x399.jpg\" loading=\"lazy\">\n\t\t\t\t<figcaption>\n\t\t\t\t\t\n\t\t\t\t<\/figcaption>\n\t\t\t<\/figure>\n\t\t\t<figure class=\"post-gallery-item\">\n\t\t\t\t<img decoding=\"async\" src=\"https:\/\/www.pressenza.com\/wp-content\/uploads\/2017\/11\/IMG_7839-720x398.jpg\" loading=\"lazy\">\n\t\t\t\t<figcaption>\n\t\t\t\t\t\n\t\t\t\t<\/figcaption>\n\t\t\t<\/figure>\n\t\t\t<figure class=\"post-gallery-item\">\n\t\t\t\t<img decoding=\"async\" src=\"https:\/\/www.pressenza.com\/wp-content\/uploads\/2017\/11\/IMG_7843-720x398.jpg\" loading=\"lazy\">\n\t\t\t\t<figcaption>\n\t\t\t\t\t\n\t\t\t\t<\/figcaption>\n\t\t\t<\/figure>\n\t\t\t<figure class=\"post-gallery-item\">\n\t\t\t\t<img decoding=\"async\" src=\"https:\/\/www.pressenza.com\/wp-content\/uploads\/2017\/11\/IMG_7845-720x398.jpg\" loading=\"lazy\">\n\t\t\t\t<figcaption>\n\t\t\t\t\t\n\t\t\t\t<\/figcaption>\n\t\t\t<\/figure><\/div><\/p>\n","protected":false},"excerpt":{"rendered":"<p>750.000 personas (seg\u00fan la guardia urbana) llenaron m\u00e1s de 3 kil\u00f3metros de una de las principales arterias de Barcelona (Calle Marina) en lo que ha sido una de las m\u00e1s concurridas manifestaciones en Barcelona. La concentraci\u00f3n hab\u00eda sido convocada por&hellip;<\/p>\n","protected":false},"author":1102,"featured_media":554440,"comment_status":"closed","ping_status":"closed","sticky":false,"template":"","format":"standard","meta":{"footnotes":""},"categories":[11389],"tags":[41753,11377,555],"class_list":["post-554430","post","type-post","status-publish","format-standard","has-post-thumbnail","hentry","category-contenido-original","tag-11n","tag-cataluna","tag-catalunya"],"yoast_head":"<!-- This site is optimized with the Yoast SEO plugin v27.1.1 - https:\/\/yoast.com\/product\/yoast-seo-wordpress\/ -->\n<title>Multitudinaria manifestaci\u00f3n en Barcelona por la libertad de los presos pol\u00edticos<\/title>\n<meta name=\"description\" content=\"750.000 personas (seg\u00fan la guardia urbana) llenaron m\u00e1s de 3 kil\u00f3metros de una de las principales arterias de Barcelona (Calle Marina) en lo que ha sido\" \/>\n<meta name=\"robots\" content=\"index, follow, max-snippet:-1, max-image-preview:large, max-video-preview:-1\" \/>\n<link rel=\"canonical\" href=\"https:\/\/www.pressenza.com\/es\/2017\/11\/multitudinaria-manifestacion-en-barcelona-por-la-libertad-de-los-presos-politicos\/\" \/>\n<meta property=\"og:locale\" content=\"es_ES\" \/>\n<meta property=\"og:type\" content=\"article\" \/>\n<meta property=\"og:title\" content=\"Multitudinaria manifestaci\u00f3n en Barcelona por la libertad de los presos pol\u00edticos\" \/>\n<meta property=\"og:description\" content=\"750.000 personas (seg\u00fan la guardia urbana) llenaron m\u00e1s de 3 kil\u00f3metros de una de las principales arterias de Barcelona (Calle Marina) en lo que ha sido\" \/>\n<meta property=\"og:url\" content=\"https:\/\/www.pressenza.com\/es\/2017\/11\/multitudinaria-manifestacion-en-barcelona-por-la-libertad-de-los-presos-politicos\/\" \/>\n<meta property=\"og:site_name\" content=\"Pressenza\" \/>\n<meta property=\"article:publisher\" content=\"https:\/\/www.facebook.com\/PressenzaItalia\" \/>\n<meta property=\"article:published_time\" content=\"2017-11-12T19:42:35+00:00\" \/>\n<meta property=\"og:image\" content=\"https:\/\/www.pressenza.com\/wp-content\/uploads\/2017\/11\/IMG_7772-1.jpg\" \/>\n\t<meta property=\"og:image:width\" content=\"2048\" \/>\n\t<meta property=\"og:image:height\" content=\"1133\" \/>\n\t<meta property=\"og:image:type\" content=\"image\/jpeg\" \/>\n<meta name=\"author\" content=\"Pilar Paricio\" \/>\n<meta name=\"twitter:card\" content=\"summary_large_image\" \/>\n<meta name=\"twitter:creator\" content=\"@PressenzaIPA\" \/>\n<meta name=\"twitter:site\" content=\"@PressenzaIPA\" \/>\n<meta name=\"twitter:label1\" content=\"Escrito por\" \/>\n\t<meta name=\"twitter:data1\" content=\"Pilar Paricio\" \/>\n\t<meta name=\"twitter:label2\" content=\"Tiempo de lectura\" \/>\n\t<meta name=\"twitter:data2\" content=\"2 minutos\" \/>\n<script type=\"application\/ld+json\" class=\"yoast-schema-graph\">{\"@context\":\"https:\/\/schema.org\",\"@graph\":[{\"@type\":\"Article\",\"@id\":\"https:\/\/www.pressenza.com\/es\/2017\/11\/multitudinaria-manifestacion-en-barcelona-por-la-libertad-de-los-presos-politicos\/#article\",\"isPartOf\":{\"@id\":\"https:\/\/www.pressenza.com\/es\/2017\/11\/multitudinaria-manifestacion-en-barcelona-por-la-libertad-de-los-presos-politicos\/\"},\"author\":{\"name\":\"Pilar Paricio\",\"@id\":\"https:\/\/www.pressenza.com\/es\/#\/schema\/person\/b38ea2890059fade68f5d3d1713cadfd\"},\"headline\":\"Multitudinaria manifestaci\u00f3n en Barcelona por la libertad de los presos pol\u00edticos\",\"datePublished\":\"2017-11-12T19:42:35+00:00\",\"mainEntityOfPage\":{\"@id\":\"https:\/\/www.pressenza.com\/es\/2017\/11\/multitudinaria-manifestacion-en-barcelona-por-la-libertad-de-los-presos-politicos\/\"},\"wordCount\":386,\"publisher\":{\"@id\":\"https:\/\/www.pressenza.com\/es\/#organization\"},\"image\":{\"@id\":\"https:\/\/www.pressenza.com\/es\/2017\/11\/multitudinaria-manifestacion-en-barcelona-por-la-libertad-de-los-presos-politicos\/#primaryimage\"},\"thumbnailUrl\":\"https:\/\/www.pressenza.com\/wp-content\/uploads\/2017\/11\/IMG_7772-1.jpg\",\"keywords\":[\"#11N\",\"Catalu\u00f1a\",\"Catalunya\"],\"articleSection\":[\"Contenido Original\"],\"inLanguage\":\"es\"},{\"@type\":\"WebPage\",\"@id\":\"https:\/\/www.pressenza.com\/es\/2017\/11\/multitudinaria-manifestacion-en-barcelona-por-la-libertad-de-los-presos-politicos\/\",\"url\":\"https:\/\/www.pressenza.com\/es\/2017\/11\/multitudinaria-manifestacion-en-barcelona-por-la-libertad-de-los-presos-politicos\/\",\"name\":\"Multitudinaria manifestaci\u00f3n en Barcelona por la libertad de los presos pol\u00edticos\",\"isPartOf\":{\"@id\":\"https:\/\/www.pressenza.com\/es\/#website\"},\"primaryImageOfPage\":{\"@id\":\"https:\/\/www.pressenza.com\/es\/2017\/11\/multitudinaria-manifestacion-en-barcelona-por-la-libertad-de-los-presos-politicos\/#primaryimage\"},\"image\":{\"@id\":\"https:\/\/www.pressenza.com\/es\/2017\/11\/multitudinaria-manifestacion-en-barcelona-por-la-libertad-de-los-presos-politicos\/#primaryimage\"},\"thumbnailUrl\":\"https:\/\/www.pressenza.com\/wp-content\/uploads\/2017\/11\/IMG_7772-1.jpg\",\"datePublished\":\"2017-11-12T19:42:35+00:00\",\"description\":\"750.000 personas (seg\u00fan la guardia urbana) llenaron m\u00e1s de 3 kil\u00f3metros de una de las principales arterias de Barcelona (Calle Marina) en lo que ha sido\",\"breadcrumb\":{\"@id\":\"https:\/\/www.pressenza.com\/es\/2017\/11\/multitudinaria-manifestacion-en-barcelona-por-la-libertad-de-los-presos-politicos\/#breadcrumb\"},\"inLanguage\":\"es\",\"potentialAction\":[{\"@type\":\"ReadAction\",\"target\":[\"https:\/\/www.pressenza.com\/es\/2017\/11\/multitudinaria-manifestacion-en-barcelona-por-la-libertad-de-los-presos-politicos\/\"]}]},{\"@type\":\"ImageObject\",\"inLanguage\":\"es\",\"@id\":\"https:\/\/www.pressenza.com\/es\/2017\/11\/multitudinaria-manifestacion-en-barcelona-por-la-libertad-de-los-presos-politicos\/#primaryimage\",\"url\":\"https:\/\/www.pressenza.com\/wp-content\/uploads\/2017\/11\/IMG_7772-1.jpg\",\"contentUrl\":\"https:\/\/www.pressenza.com\/wp-content\/uploads\/2017\/11\/IMG_7772-1.jpg\",\"width\":2048,\"height\":1133},{\"@type\":\"BreadcrumbList\",\"@id\":\"https:\/\/www.pressenza.com\/es\/2017\/11\/multitudinaria-manifestacion-en-barcelona-por-la-libertad-de-los-presos-politicos\/#breadcrumb\",\"itemListElement\":[{\"@type\":\"ListItem\",\"position\":1,\"name\":\"Accueil\",\"item\":\"https:\/\/www.pressenza.com\/es\/\"},{\"@type\":\"ListItem\",\"position\":2,\"name\":\"Multitudinaria manifestaci\u00f3n en Barcelona por la libertad de los presos pol\u00edticos\"}]},{\"@type\":\"WebSite\",\"@id\":\"https:\/\/www.pressenza.com\/es\/#website\",\"url\":\"https:\/\/www.pressenza.com\/es\/\",\"name\":\"Pressenza\",\"description\":\"International Press Agency\",\"publisher\":{\"@id\":\"https:\/\/www.pressenza.com\/es\/#organization\"},\"potentialAction\":[{\"@type\":\"SearchAction\",\"target\":{\"@type\":\"EntryPoint\",\"urlTemplate\":\"https:\/\/www.pressenza.com\/es\/?s={search_term_string}\"},\"query-input\":{\"@type\":\"PropertyValueSpecification\",\"valueRequired\":true,\"valueName\":\"search_term_string\"}}],\"inLanguage\":\"es\"},{\"@type\":\"Organization\",\"@id\":\"https:\/\/www.pressenza.com\/es\/#organization\",\"name\":\"Pressenza\",\"url\":\"https:\/\/www.pressenza.com\/es\/\",\"logo\":{\"@type\":\"ImageObject\",\"inLanguage\":\"es\",\"@id\":\"https:\/\/www.pressenza.com\/es\/#\/schema\/logo\/image\/\",\"url\":\"https:\/\/www.pressenza.com\/wp-content\/uploads\/2022\/10\/pressenza_logo_200x200.jpg\",\"contentUrl\":\"https:\/\/www.pressenza.com\/wp-content\/uploads\/2022\/10\/pressenza_logo_200x200.jpg\",\"width\":200,\"height\":200,\"caption\":\"Pressenza\"},\"image\":{\"@id\":\"https:\/\/www.pressenza.com\/es\/#\/schema\/logo\/image\/\"},\"sameAs\":[\"https:\/\/www.facebook.com\/PressenzaItalia\",\"https:\/\/x.com\/PressenzaIPA\"]},{\"@type\":\"Person\",\"@id\":\"https:\/\/www.pressenza.com\/es\/#\/schema\/person\/b38ea2890059fade68f5d3d1713cadfd\",\"name\":\"Pilar Paricio\",\"description\":\"Barcelona. Arquitecta, especializada en planificaci\u00f3n urbana. Trabaja por el avance de la poblaci\u00f3n en derechos b\u00e1sicos como el derecho a la vivienda y el derecho a la ciudad. Involucrada con el cambio social y personal, participa en el Nuevo Humanismo.\",\"url\":\"https:\/\/www.pressenza.com\/es\/author\/pilar-paricio\/\"}]}<\/script>\n<!-- \/ Yoast SEO plugin. -->","yoast_head_json":{"title":"Multitudinaria manifestaci\u00f3n en Barcelona por la libertad de los presos pol\u00edticos","description":"750.000 personas (seg\u00fan la guardia urbana) llenaron m\u00e1s de 3 kil\u00f3metros de una de las principales arterias de Barcelona (Calle Marina) en lo que ha sido","robots":{"index":"index","follow":"follow","max-snippet":"max-snippet:-1","max-image-preview":"max-image-preview:large","max-video-preview":"max-video-preview:-1"},"canonical":"https:\/\/www.pressenza.com\/es\/2017\/11\/multitudinaria-manifestacion-en-barcelona-por-la-libertad-de-los-presos-politicos\/","og_locale":"es_ES","og_type":"article","og_title":"Multitudinaria manifestaci\u00f3n en Barcelona por la libertad de los presos pol\u00edticos","og_description":"750.000 personas (seg\u00fan la guardia urbana) llenaron m\u00e1s de 3 kil\u00f3metros de una de las principales arterias de Barcelona (Calle Marina) en lo que ha sido","og_url":"https:\/\/www.pressenza.com\/es\/2017\/11\/multitudinaria-manifestacion-en-barcelona-por-la-libertad-de-los-presos-politicos\/","og_site_name":"Pressenza","article_publisher":"https:\/\/www.facebook.com\/PressenzaItalia","article_published_time":"2017-11-12T19:42:35+00:00","og_image":[{"width":2048,"height":1133,"url":"https:\/\/www.pressenza.com\/wp-content\/uploads\/2017\/11\/IMG_7772-1.jpg","type":"image\/jpeg"}],"author":"Pilar Paricio","twitter_card":"summary_large_image","twitter_creator":"@PressenzaIPA","twitter_site":"@PressenzaIPA","twitter_misc":{"Escrito por":"Pilar Paricio","Tiempo de lectura":"2 minutos"},"schema":{"@context":"https:\/\/schema.org","@graph":[{"@type":"Article","@id":"https:\/\/www.pressenza.com\/es\/2017\/11\/multitudinaria-manifestacion-en-barcelona-por-la-libertad-de-los-presos-politicos\/#article","isPartOf":{"@id":"https:\/\/www.pressenza.com\/es\/2017\/11\/multitudinaria-manifestacion-en-barcelona-por-la-libertad-de-los-presos-politicos\/"},"author":{"name":"Pilar Paricio","@id":"https:\/\/www.pressenza.com\/es\/#\/schema\/person\/b38ea2890059fade68f5d3d1713cadfd"},"headline":"Multitudinaria manifestaci\u00f3n en Barcelona por la libertad de los presos pol\u00edticos","datePublished":"2017-11-12T19:42:35+00:00","mainEntityOfPage":{"@id":"https:\/\/www.pressenza.com\/es\/2017\/11\/multitudinaria-manifestacion-en-barcelona-por-la-libertad-de-los-presos-politicos\/"},"wordCount":386,"publisher":{"@id":"https:\/\/www.pressenza.com\/es\/#organization"},"image":{"@id":"https:\/\/www.pressenza.com\/es\/2017\/11\/multitudinaria-manifestacion-en-barcelona-por-la-libertad-de-los-presos-politicos\/#primaryimage"},"thumbnailUrl":"https:\/\/www.pressenza.com\/wp-content\/uploads\/2017\/11\/IMG_7772-1.jpg","keywords":["#11N","Catalu\u00f1a","Catalunya"],"articleSection":["Contenido Original"],"inLanguage":"es"},{"@type":"WebPage","@id":"https:\/\/www.pressenza.com\/es\/2017\/11\/multitudinaria-manifestacion-en-barcelona-por-la-libertad-de-los-presos-politicos\/","url":"https:\/\/www.pressenza.com\/es\/2017\/11\/multitudinaria-manifestacion-en-barcelona-por-la-libertad-de-los-presos-politicos\/","name":"Multitudinaria manifestaci\u00f3n en Barcelona por la libertad de los presos pol\u00edticos","isPartOf":{"@id":"https:\/\/www.pressenza.com\/es\/#website"},"primaryImageOfPage":{"@id":"https:\/\/www.pressenza.com\/es\/2017\/11\/multitudinaria-manifestacion-en-barcelona-por-la-libertad-de-los-presos-politicos\/#primaryimage"},"image":{"@id":"https:\/\/www.pressenza.com\/es\/2017\/11\/multitudinaria-manifestacion-en-barcelona-por-la-libertad-de-los-presos-politicos\/#primaryimage"},"thumbnailUrl":"https:\/\/www.pressenza.com\/wp-content\/uploads\/2017\/11\/IMG_7772-1.jpg","datePublished":"2017-11-12T19:42:35+00:00","description":"750.000 personas (seg\u00fan la guardia urbana) llenaron m\u00e1s de 3 kil\u00f3metros de una de las principales arterias de Barcelona (Calle Marina) en lo que ha sido","breadcrumb":{"@id":"https:\/\/www.pressenza.com\/es\/2017\/11\/multitudinaria-manifestacion-en-barcelona-por-la-libertad-de-los-presos-politicos\/#breadcrumb"},"inLanguage":"es","potentialAction":[{"@type":"ReadAction","target":["https:\/\/www.pressenza.com\/es\/2017\/11\/multitudinaria-manifestacion-en-barcelona-por-la-libertad-de-los-presos-politicos\/"]}]},{"@type":"ImageObject","inLanguage":"es","@id":"https:\/\/www.pressenza.com\/es\/2017\/11\/multitudinaria-manifestacion-en-barcelona-por-la-libertad-de-los-presos-politicos\/#primaryimage","url":"https:\/\/www.pressenza.com\/wp-content\/uploads\/2017\/11\/IMG_7772-1.jpg","contentUrl":"https:\/\/www.pressenza.com\/wp-content\/uploads\/2017\/11\/IMG_7772-1.jpg","width":2048,"height":1133},{"@type":"BreadcrumbList","@id":"https:\/\/www.pressenza.com\/es\/2017\/11\/multitudinaria-manifestacion-en-barcelona-por-la-libertad-de-los-presos-politicos\/#breadcrumb","itemListElement":[{"@type":"ListItem","position":1,"name":"Accueil","item":"https:\/\/www.pressenza.com\/es\/"},{"@type":"ListItem","position":2,"name":"Multitudinaria manifestaci\u00f3n en Barcelona por la libertad de los presos pol\u00edticos"}]},{"@type":"WebSite","@id":"https:\/\/www.pressenza.com\/es\/#website","url":"https:\/\/www.pressenza.com\/es\/","name":"Pressenza","description":"International Press Agency","publisher":{"@id":"https:\/\/www.pressenza.com\/es\/#organization"},"potentialAction":[{"@type":"SearchAction","target":{"@type":"EntryPoint","urlTemplate":"https:\/\/www.pressenza.com\/es\/?s={search_term_string}"},"query-input":{"@type":"PropertyValueSpecification","valueRequired":true,"valueName":"search_term_string"}}],"inLanguage":"es"},{"@type":"Organization","@id":"https:\/\/www.pressenza.com\/es\/#organization","name":"Pressenza","url":"https:\/\/www.pressenza.com\/es\/","logo":{"@type":"ImageObject","inLanguage":"es","@id":"https:\/\/www.pressenza.com\/es\/#\/schema\/logo\/image\/","url":"https:\/\/www.pressenza.com\/wp-content\/uploads\/2022\/10\/pressenza_logo_200x200.jpg","contentUrl":"https:\/\/www.pressenza.com\/wp-content\/uploads\/2022\/10\/pressenza_logo_200x200.jpg","width":200,"height":200,"caption":"Pressenza"},"image":{"@id":"https:\/\/www.pressenza.com\/es\/#\/schema\/logo\/image\/"},"sameAs":["https:\/\/www.facebook.com\/PressenzaItalia","https:\/\/x.com\/PressenzaIPA"]},{"@type":"Person","@id":"https:\/\/www.pressenza.com\/es\/#\/schema\/person\/b38ea2890059fade68f5d3d1713cadfd","name":"Pilar Paricio","description":"Barcelona. Arquitecta, especializada en planificaci\u00f3n urbana. Trabaja por el avance de la poblaci\u00f3n en derechos b\u00e1sicos como el derecho a la vivienda y el derecho a la ciudad. Involucrada con el cambio social y personal, participa en el Nuevo Humanismo.","url":"https:\/\/www.pressenza.com\/es\/author\/pilar-paricio\/"}]}},"place":"","original_article_url":"","_links":{"self":[{"href":"https:\/\/www.pressenza.com\/es\/wp-json\/wp\/v2\/posts\/554430","targetHints":{"allow":["GET"]}}],"collection":[{"href":"https:\/\/www.pressenza.com\/es\/wp-json\/wp\/v2\/posts"}],"about":[{"href":"https:\/\/www.pressenza.com\/es\/wp-json\/wp\/v2\/types\/post"}],"author":[{"embeddable":true,"href":"https:\/\/www.pressenza.com\/es\/wp-json\/wp\/v2\/users\/1102"}],"replies":[{"embeddable":true,"href":"https:\/\/www.pressenza.com\/es\/wp-json\/wp\/v2\/comments?post=554430"}],"version-history":[{"count":0,"href":"https:\/\/www.pressenza.com\/es\/wp-json\/wp\/v2\/posts\/554430\/revisions"}],"wp:featuredmedia":[{"embeddable":true,"href":"https:\/\/www.pressenza.com\/es\/wp-json\/wp\/v2\/media\/554440"}],"wp:attachment":[{"href":"https:\/\/www.pressenza.com\/es\/wp-json\/wp\/v2\/media?parent=554430"}],"wp:term":[{"taxonomy":"category","embeddable":true,"href":"https:\/\/www.pressenza.com\/es\/wp-json\/wp\/v2\/categories?post=554430"},{"taxonomy":"post_tag","embeddable":true,"href":"https:\/\/www.pressenza.com\/es\/wp-json\/wp\/v2\/tags?post=554430"}],"curies":[{"name":"wp","href":"https:\/\/api.w.org\/{rel}","templated":true}]}}