{"id":554,"date":"2009-06-19T00:00:00","date_gmt":"2009-06-19T00:00:00","guid":{"rendered":""},"modified":"2009-06-18T21:32:41","modified_gmt":"2009-06-18T21:32:41","slug":"acabamos-de-legalizar-cientos-de-miles-de-inmigrantes","status":"publish","type":"post","link":"https:\/\/www.pressenza.com\/es\/2009\/06\/acabamos-de-legalizar-cientos-de-miles-de-inmigrantes\/","title":{"rendered":"Acabamos de legalizar cientos de miles de inmigrantes"},"content":{"rendered":"<p>El presidente brasile\u00f1o Luiz In\u00e1cio Lula da Silva, afirm\u00f3 este lunes, 15 de junio, que la crisis econ\u00f3mica mundial y el desempleo no son culpa de los \u201cinmigrantes y pobres del mundo\u201d, durante su primer discurso en el Consejo de Derechos Humanos de la ONU, en Ginebra.<br \/>\nLula reforz\u00f3 el ejemplo de leyes para regularizar la situaci\u00f3n de trabajadores extranjeros en Brasil, aprobadas recientemente por el Consejo Nacional. *\u201cEn Brasil, acabamos de legalizar cientos de miles de inmigrantes que viv\u00edan ilegalmente en el pa\u00eds. Para dar una respuesta, una se\u00f1al a los intolerantes, aquellos que inmediatamente quieren encontrar a los responsables de su propia desgracia, o de su desempleo\u201d*, dijo Lula seg\u00fan inform\u00f3 la BBC.<br \/>\n *\u201cNo son los inmigrantes, o los pobres del mundo, los responsables de la crisis. Los responsables de la crisis son los mismos que por mucho tiempo sab\u00edan como ense\u00f1ar a administrar los Estados. Sab\u00edan como inmiscuirse en los Estados pobres de Am\u00e9rica Latina y de \u00c1frica.\u201d*<br \/>\nPara el presidente, *\u201cesos mismos se\u00f1ores que sab\u00edan de todo un tiempo atr\u00e1s, hoy no saben nada. No consiguen explicar c\u00f3mo hac\u00edan tantos juicios sobre las pol\u00edticas de los pa\u00edses pobres y que ni siquiera tienen una palabra para analizar la crisis de los pa\u00edses ricos\u201d*.<\/p>\n<p>**El papel del Estado para garantizar los derechos econ\u00f3micos**<\/p>\n<p>En otro momento de su discurso, el presidente hizo una relaci\u00f3n entre derechos econ\u00f3micos y derechos humanos.<br \/>\n *\u201cLa realizaci\u00f3n de los derechos econ\u00f3micos es importante para preservar los derechos civiles y pol\u00edticos, para consolidar el Estado de Derecho, y para construir sociedades democr\u00e1ticas, justas y pr\u00f3speras\u201d*, afirm\u00f3 Lula.<br \/>\n *\u201cEn Hait\u00ed, dimos un nuevo significado a las operaciones de paz de la ONU al demostrar que, para obtener la verdadera paz, no basta combatir la violencia con la fuerza de las armas; se debe, al contrario, promover el desarrollo econ\u00f3mico y con \u00e9l, la inclusi\u00f3n y la justicia social\u201d*, continu\u00f3.<br \/>\n *\u201cLa crisis financiera que naci\u00f3 de la desregulaci\u00f3n de las econom\u00edas m\u00e1s ricas, no ser\u00e1 pretexto para incentivar el no cumplimiento de las obligaciones de cada Estado con la promoci\u00f3n y protecci\u00f3n de los derechos humanos. Tampoco debe conducir a que no se cumplan compromisos con los m\u00e1s necesitados\u201d*, resalt\u00f3 Lula.<\/p>\n","protected":false},"excerpt":{"rendered":"<p>El presidente Lula refuerza el ejemplo brasile\u00f1o de tratamiento a los inmigrantes en su discurso en el Consejo de Derechos Humanos de la ONU. Critica la visi\u00f3n de culpar a los inmigrantes y pobres por la crisis mundial. Los responsables de la crisis son los mismos que por mucho tiempo sab\u00edan como ense\u00f1ar a administrar los Estados\u201d, dijo.<\/p>\n","protected":false},"author":19,"featured_media":0,"comment_status":"closed","ping_status":"open","sticky":false,"template":"","format":"standard","meta":{"footnotes":""},"categories":[76,66,39,161],"tags":[],"class_list":["post-554","post","type-post","status-publish","format-standard","hentry","category-relaciones-exteriores","category-europa-es","category-internacional","category-opiniones"],"yoast_head":"<!-- This site is optimized with the Yoast SEO plugin v27.1.1 - https:\/\/yoast.com\/product\/yoast-seo-wordpress\/ -->\n<title>Acabamos de legalizar cientos de miles de inmigrantes<\/title>\n<meta name=\"description\" content=\"El presidente Lula refuerza el ejemplo brasile\u00f1o de tratamiento a los inmigrantes en su discurso en el Consejo de Derechos Humanos de la ONU. Critica la visi\u00f3n de culpar a los inmigrantes y pobres por la crisis mundial. Los responsables de la crisis son los mismos que por mucho tiempo sab\u00edan como ense\u00f1ar a administrar los Estados\u201d, dijo.\" \/>\n<meta name=\"robots\" content=\"index, follow, max-snippet:-1, max-image-preview:large, max-video-preview:-1\" \/>\n<link rel=\"canonical\" href=\"https:\/\/www.pressenza.com\/es\/2009\/06\/acabamos-de-legalizar-cientos-de-miles-de-inmigrantes\/\" \/>\n<meta property=\"og:locale\" content=\"es_ES\" \/>\n<meta property=\"og:type\" content=\"article\" \/>\n<meta property=\"og:title\" content=\"Acabamos de legalizar cientos de miles de inmigrantes\" \/>\n<meta property=\"og:description\" content=\"El presidente Lula refuerza el ejemplo brasile\u00f1o de tratamiento a los inmigrantes en su discurso en el Consejo de Derechos Humanos de la ONU. Critica la visi\u00f3n de culpar a los inmigrantes y pobres por la crisis mundial. Los responsables de la crisis son los mismos que por mucho tiempo sab\u00edan como ense\u00f1ar a administrar los Estados\u201d, dijo.\" \/>\n<meta property=\"og:url\" content=\"https:\/\/www.pressenza.com\/es\/2009\/06\/acabamos-de-legalizar-cientos-de-miles-de-inmigrantes\/\" \/>\n<meta property=\"og:site_name\" content=\"Pressenza\" \/>\n<meta property=\"article:publisher\" content=\"https:\/\/www.facebook.com\/PressenzaItalia\" \/>\n<meta property=\"article:author\" content=\"https:\/\/www.facebook.com\/pressenza\" \/>\n<meta property=\"article:published_time\" content=\"2009-06-19T00:00:00+00:00\" \/>\n<meta name=\"author\" content=\"Pressenza IPA\" \/>\n<meta name=\"twitter:card\" content=\"summary_large_image\" \/>\n<meta name=\"twitter:creator\" content=\"@PressenzaIPA\" \/>\n<meta name=\"twitter:site\" content=\"@PressenzaIPA\" \/>\n<meta name=\"twitter:label1\" content=\"Escrito por\" \/>\n\t<meta name=\"twitter:data1\" content=\"Pressenza IPA\" \/>\n\t<meta name=\"twitter:label2\" content=\"Tiempo de lectura\" \/>\n\t<meta name=\"twitter:data2\" content=\"2 minutos\" \/>\n<script type=\"application\/ld+json\" class=\"yoast-schema-graph\">{\"@context\":\"https:\/\/schema.org\",\"@graph\":[{\"@type\":\"Article\",\"@id\":\"https:\/\/www.pressenza.com\/es\/2009\/06\/acabamos-de-legalizar-cientos-de-miles-de-inmigrantes\/#article\",\"isPartOf\":{\"@id\":\"https:\/\/www.pressenza.com\/es\/2009\/06\/acabamos-de-legalizar-cientos-de-miles-de-inmigrantes\/\"},\"author\":{\"name\":\"Pressenza IPA\",\"@id\":\"https:\/\/www.pressenza.com\/es\/#\/schema\/person\/010e5d02bcf40965427a1289a4cc8d75\"},\"headline\":\"Acabamos de legalizar cientos de miles de inmigrantes\",\"datePublished\":\"2009-06-19T00:00:00+00:00\",\"mainEntityOfPage\":{\"@id\":\"https:\/\/www.pressenza.com\/es\/2009\/06\/acabamos-de-legalizar-cientos-de-miles-de-inmigrantes\/\"},\"wordCount\":409,\"publisher\":{\"@id\":\"https:\/\/www.pressenza.com\/es\/#organization\"},\"articleSection\":[\"Asuntos internacionales\",\"Europa\",\"Internacional\",\"Opiniones\"],\"inLanguage\":\"es\"},{\"@type\":\"WebPage\",\"@id\":\"https:\/\/www.pressenza.com\/es\/2009\/06\/acabamos-de-legalizar-cientos-de-miles-de-inmigrantes\/\",\"url\":\"https:\/\/www.pressenza.com\/es\/2009\/06\/acabamos-de-legalizar-cientos-de-miles-de-inmigrantes\/\",\"name\":\"Acabamos de legalizar cientos de miles de inmigrantes\",\"isPartOf\":{\"@id\":\"https:\/\/www.pressenza.com\/es\/#website\"},\"datePublished\":\"2009-06-19T00:00:00+00:00\",\"description\":\"El presidente Lula refuerza el ejemplo brasile\u00f1o de tratamiento a los inmigrantes en su discurso en el Consejo de Derechos Humanos de la ONU. Critica la visi\u00f3n de culpar a los inmigrantes y pobres por la crisis mundial. Los responsables de la crisis son los mismos que por mucho tiempo sab\u00edan como ense\u00f1ar a administrar los Estados\u201d, dijo.\",\"breadcrumb\":{\"@id\":\"https:\/\/www.pressenza.com\/es\/2009\/06\/acabamos-de-legalizar-cientos-de-miles-de-inmigrantes\/#breadcrumb\"},\"inLanguage\":\"es\",\"potentialAction\":[{\"@type\":\"ReadAction\",\"target\":[\"https:\/\/www.pressenza.com\/es\/2009\/06\/acabamos-de-legalizar-cientos-de-miles-de-inmigrantes\/\"]}]},{\"@type\":\"BreadcrumbList\",\"@id\":\"https:\/\/www.pressenza.com\/es\/2009\/06\/acabamos-de-legalizar-cientos-de-miles-de-inmigrantes\/#breadcrumb\",\"itemListElement\":[{\"@type\":\"ListItem\",\"position\":1,\"name\":\"Accueil\",\"item\":\"https:\/\/www.pressenza.com\/es\/\"},{\"@type\":\"ListItem\",\"position\":2,\"name\":\"Acabamos de legalizar cientos de miles de inmigrantes\"}]},{\"@type\":\"WebSite\",\"@id\":\"https:\/\/www.pressenza.com\/es\/#website\",\"url\":\"https:\/\/www.pressenza.com\/es\/\",\"name\":\"Pressenza\",\"description\":\"International Press Agency\",\"publisher\":{\"@id\":\"https:\/\/www.pressenza.com\/es\/#organization\"},\"potentialAction\":[{\"@type\":\"SearchAction\",\"target\":{\"@type\":\"EntryPoint\",\"urlTemplate\":\"https:\/\/www.pressenza.com\/es\/?s={search_term_string}\"},\"query-input\":{\"@type\":\"PropertyValueSpecification\",\"valueRequired\":true,\"valueName\":\"search_term_string\"}}],\"inLanguage\":\"es\"},{\"@type\":\"Organization\",\"@id\":\"https:\/\/www.pressenza.com\/es\/#organization\",\"name\":\"Pressenza\",\"url\":\"https:\/\/www.pressenza.com\/es\/\",\"logo\":{\"@type\":\"ImageObject\",\"inLanguage\":\"es\",\"@id\":\"https:\/\/www.pressenza.com\/es\/#\/schema\/logo\/image\/\",\"url\":\"https:\/\/www.pressenza.com\/wp-content\/uploads\/2022\/10\/pressenza_logo_200x200.jpg\",\"contentUrl\":\"https:\/\/www.pressenza.com\/wp-content\/uploads\/2022\/10\/pressenza_logo_200x200.jpg\",\"width\":200,\"height\":200,\"caption\":\"Pressenza\"},\"image\":{\"@id\":\"https:\/\/www.pressenza.com\/es\/#\/schema\/logo\/image\/\"},\"sameAs\":[\"https:\/\/www.facebook.com\/PressenzaItalia\",\"https:\/\/x.com\/PressenzaIPA\"]},{\"@type\":\"Person\",\"@id\":\"https:\/\/www.pressenza.com\/es\/#\/schema\/person\/010e5d02bcf40965427a1289a4cc8d75\",\"name\":\"Pressenza IPA\",\"description\":\"News from Pressenza IPA correspondents\",\"sameAs\":[\"https:\/\/www.facebook.com\/pressenza\",\"https:\/\/x.com\/PressenzaIPA\"],\"url\":\"https:\/\/www.pressenza.com\/es\/author\/pressenza-ipa\/\"}]}<\/script>\n<!-- \/ Yoast SEO plugin. -->","yoast_head_json":{"title":"Acabamos de legalizar cientos de miles de inmigrantes","description":"El presidente Lula refuerza el ejemplo brasile\u00f1o de tratamiento a los inmigrantes en su discurso en el Consejo de Derechos Humanos de la ONU. Critica la visi\u00f3n de culpar a los inmigrantes y pobres por la crisis mundial. Los responsables de la crisis son los mismos que por mucho tiempo sab\u00edan como ense\u00f1ar a administrar los Estados\u201d, dijo.","robots":{"index":"index","follow":"follow","max-snippet":"max-snippet:-1","max-image-preview":"max-image-preview:large","max-video-preview":"max-video-preview:-1"},"canonical":"https:\/\/www.pressenza.com\/es\/2009\/06\/acabamos-de-legalizar-cientos-de-miles-de-inmigrantes\/","og_locale":"es_ES","og_type":"article","og_title":"Acabamos de legalizar cientos de miles de inmigrantes","og_description":"El presidente Lula refuerza el ejemplo brasile\u00f1o de tratamiento a los inmigrantes en su discurso en el Consejo de Derechos Humanos de la ONU. Critica la visi\u00f3n de culpar a los inmigrantes y pobres por la crisis mundial. Los responsables de la crisis son los mismos que por mucho tiempo sab\u00edan como ense\u00f1ar a administrar los Estados\u201d, dijo.","og_url":"https:\/\/www.pressenza.com\/es\/2009\/06\/acabamos-de-legalizar-cientos-de-miles-de-inmigrantes\/","og_site_name":"Pressenza","article_publisher":"https:\/\/www.facebook.com\/PressenzaItalia","article_author":"https:\/\/www.facebook.com\/pressenza","article_published_time":"2009-06-19T00:00:00+00:00","author":"Pressenza IPA","twitter_card":"summary_large_image","twitter_creator":"@PressenzaIPA","twitter_site":"@PressenzaIPA","twitter_misc":{"Escrito por":"Pressenza IPA","Tiempo de lectura":"2 minutos"},"schema":{"@context":"https:\/\/schema.org","@graph":[{"@type":"Article","@id":"https:\/\/www.pressenza.com\/es\/2009\/06\/acabamos-de-legalizar-cientos-de-miles-de-inmigrantes\/#article","isPartOf":{"@id":"https:\/\/www.pressenza.com\/es\/2009\/06\/acabamos-de-legalizar-cientos-de-miles-de-inmigrantes\/"},"author":{"name":"Pressenza IPA","@id":"https:\/\/www.pressenza.com\/es\/#\/schema\/person\/010e5d02bcf40965427a1289a4cc8d75"},"headline":"Acabamos de legalizar cientos de miles de inmigrantes","datePublished":"2009-06-19T00:00:00+00:00","mainEntityOfPage":{"@id":"https:\/\/www.pressenza.com\/es\/2009\/06\/acabamos-de-legalizar-cientos-de-miles-de-inmigrantes\/"},"wordCount":409,"publisher":{"@id":"https:\/\/www.pressenza.com\/es\/#organization"},"articleSection":["Asuntos internacionales","Europa","Internacional","Opiniones"],"inLanguage":"es"},{"@type":"WebPage","@id":"https:\/\/www.pressenza.com\/es\/2009\/06\/acabamos-de-legalizar-cientos-de-miles-de-inmigrantes\/","url":"https:\/\/www.pressenza.com\/es\/2009\/06\/acabamos-de-legalizar-cientos-de-miles-de-inmigrantes\/","name":"Acabamos de legalizar cientos de miles de inmigrantes","isPartOf":{"@id":"https:\/\/www.pressenza.com\/es\/#website"},"datePublished":"2009-06-19T00:00:00+00:00","description":"El presidente Lula refuerza el ejemplo brasile\u00f1o de tratamiento a los inmigrantes en su discurso en el Consejo de Derechos Humanos de la ONU. Critica la visi\u00f3n de culpar a los inmigrantes y pobres por la crisis mundial. Los responsables de la crisis son los mismos que por mucho tiempo sab\u00edan como ense\u00f1ar a administrar los Estados\u201d, dijo.","breadcrumb":{"@id":"https:\/\/www.pressenza.com\/es\/2009\/06\/acabamos-de-legalizar-cientos-de-miles-de-inmigrantes\/#breadcrumb"},"inLanguage":"es","potentialAction":[{"@type":"ReadAction","target":["https:\/\/www.pressenza.com\/es\/2009\/06\/acabamos-de-legalizar-cientos-de-miles-de-inmigrantes\/"]}]},{"@type":"BreadcrumbList","@id":"https:\/\/www.pressenza.com\/es\/2009\/06\/acabamos-de-legalizar-cientos-de-miles-de-inmigrantes\/#breadcrumb","itemListElement":[{"@type":"ListItem","position":1,"name":"Accueil","item":"https:\/\/www.pressenza.com\/es\/"},{"@type":"ListItem","position":2,"name":"Acabamos de legalizar cientos de miles de inmigrantes"}]},{"@type":"WebSite","@id":"https:\/\/www.pressenza.com\/es\/#website","url":"https:\/\/www.pressenza.com\/es\/","name":"Pressenza","description":"International Press Agency","publisher":{"@id":"https:\/\/www.pressenza.com\/es\/#organization"},"potentialAction":[{"@type":"SearchAction","target":{"@type":"EntryPoint","urlTemplate":"https:\/\/www.pressenza.com\/es\/?s={search_term_string}"},"query-input":{"@type":"PropertyValueSpecification","valueRequired":true,"valueName":"search_term_string"}}],"inLanguage":"es"},{"@type":"Organization","@id":"https:\/\/www.pressenza.com\/es\/#organization","name":"Pressenza","url":"https:\/\/www.pressenza.com\/es\/","logo":{"@type":"ImageObject","inLanguage":"es","@id":"https:\/\/www.pressenza.com\/es\/#\/schema\/logo\/image\/","url":"https:\/\/www.pressenza.com\/wp-content\/uploads\/2022\/10\/pressenza_logo_200x200.jpg","contentUrl":"https:\/\/www.pressenza.com\/wp-content\/uploads\/2022\/10\/pressenza_logo_200x200.jpg","width":200,"height":200,"caption":"Pressenza"},"image":{"@id":"https:\/\/www.pressenza.com\/es\/#\/schema\/logo\/image\/"},"sameAs":["https:\/\/www.facebook.com\/PressenzaItalia","https:\/\/x.com\/PressenzaIPA"]},{"@type":"Person","@id":"https:\/\/www.pressenza.com\/es\/#\/schema\/person\/010e5d02bcf40965427a1289a4cc8d75","name":"Pressenza IPA","description":"News from Pressenza IPA correspondents","sameAs":["https:\/\/www.facebook.com\/pressenza","https:\/\/x.com\/PressenzaIPA"],"url":"https:\/\/www.pressenza.com\/es\/author\/pressenza-ipa\/"}]}},"place":"Ginebra","original_article_url":"","_links":{"self":[{"href":"https:\/\/www.pressenza.com\/es\/wp-json\/wp\/v2\/posts\/554","targetHints":{"allow":["GET"]}}],"collection":[{"href":"https:\/\/www.pressenza.com\/es\/wp-json\/wp\/v2\/posts"}],"about":[{"href":"https:\/\/www.pressenza.com\/es\/wp-json\/wp\/v2\/types\/post"}],"author":[{"embeddable":true,"href":"https:\/\/www.pressenza.com\/es\/wp-json\/wp\/v2\/users\/19"}],"replies":[{"embeddable":true,"href":"https:\/\/www.pressenza.com\/es\/wp-json\/wp\/v2\/comments?post=554"}],"version-history":[{"count":0,"href":"https:\/\/www.pressenza.com\/es\/wp-json\/wp\/v2\/posts\/554\/revisions"}],"wp:attachment":[{"href":"https:\/\/www.pressenza.com\/es\/wp-json\/wp\/v2\/media?parent=554"}],"wp:term":[{"taxonomy":"category","embeddable":true,"href":"https:\/\/www.pressenza.com\/es\/wp-json\/wp\/v2\/categories?post=554"},{"taxonomy":"post_tag","embeddable":true,"href":"https:\/\/www.pressenza.com\/es\/wp-json\/wp\/v2\/tags?post=554"}],"curies":[{"name":"wp","href":"https:\/\/api.w.org\/{rel}","templated":true}]}}