{"id":552104,"date":"2017-11-07T09:50:25","date_gmt":"2017-11-07T09:50:25","guid":{"rendered":"https:\/\/www.pressenza.com\/?p=552104\/"},"modified":"2017-11-16T09:08:29","modified_gmt":"2017-11-16T09:08:29","slug":"entrevista-lorgio-batard","status":"publish","type":"post","link":"https:\/\/www.pressenza.com\/es\/2017\/11\/entrevista-lorgio-batard\/","title":{"rendered":"Entrevista a Lorgio Batard"},"content":{"rendered":"<p><em>En el contexto del <a href=\"https:\/\/www.pressenza.com\/es\/2017\/10\/taller-internacional-pensamiento-humanista-revolucion-socialista\/\">Taller Internacional de Pensamiento Humanista y Revoluci\u00f3n Socialista<\/a> conversamos con el matem\u00e1tico Dr Lorgio F\u00e9lix Batard Mart\u00ednez, profesor de titular de la UCLV.<\/em><\/p>\n<p><strong>Cuentanos sobre el proyecto que est\u00e1s promoviendo en la Universidad<\/strong><\/p>\n<p>Tenemos un proyecto con la facultad de ciencias sociales concretamente con la facultad de filosof\u00eda. Hemos tratado de juntar a estudiantes de las ciencias exactas con fil\u00f3sofos.<\/p>\n<p>Si vamos a la historia de la ciencia desde las civilizaciones antiguas, en Atenas, en la gran biblioteca de Alejandr\u00eda, etc. pasando por el mismo despertar de la ciencia en los siglos XV y XVI en Europa, todos los que hac\u00edan ciencia hac\u00edan tambi\u00e9n filosof\u00eda. Se ve\u00eda a la ciencia como una forma de expresar la realidad.<\/p>\n<p>El hombre siempre se formula las mismas preguntas: por qu\u00e9 estamos aqu\u00ed, qui\u00e9nes somos, por qu\u00e9 hemos aparecido en este planeta, habr\u00e1 vida en otros planetas, estamos solos en el universo, hay otros seres inteligentes, podemos comunicarnos con ellos\u2026? Estas han sido siempre inquietudes de los cient\u00edficos y de muchas personas en general.<\/p>\n<p><strong>\u00bfCrees en la vida extraterrestre?<\/strong><\/p>\n<p>No tenemos evidencia de vida extraterrestre porque nunca ha aparecido ninguno, pero es l\u00f3gico pensar que debe haberla porque hay miles de millones de galaxias y cada una de esas galaxias tiene miles de millones de soles, adem\u00e1s hemos comprobado que muchos tienen planetas, incluso planetas con condiciones aptas para que pueda haber vida.<\/p>\n<p>Marte se est\u00e1 investigando ahora porque podr\u00eda haber albergado vida. Pero el tema no es solamente vida, sino hallar vida inteligente, capaz de crear una nave espacial.<\/p>\n<p>Por poner un ejemplo, Alfa Centauro se encuentra a m\u00e1s de 8\u00a0millones a\u00f1os luz. Eso significa que incluso aproxim\u00e1ndonos a la velocidad de la luz \u2013lo cual ser\u00eda muy dif\u00edcil\u2013 tardar\u00edamos m\u00e1s de 8 a\u00f1os en poder llegar a un planeta que pudiera haber pr\u00f3ximo a Alfa Centauro.<\/p>\n<p>As\u00ed que son situaciones dif\u00edciles para la comunicaci\u00f3n. La ciencia piensa en otras formas de comunicaci\u00f3n como \u201cagujeros de gusano\u201d, otras formas de energ\u00eda u otras dimensiones, pero estas posibilidades son todav\u00eda un sue\u00f1o.<\/p>\n<p>De otra parte, lo que ha pasado del siglo XX para ac\u00e1 es incre\u00edble. Si traen un habitante del siglo XIX y aparece aqu\u00ed y ve todo lo que hemos alcanzado, yo creo que el hombre ingresar\u00eda en un hospital para dementes.<\/p>\n<p><strong>En vuestro proyecto est\u00e1is contemplando al mismo tiempo todas estas variables \u00bfGuarda relaci\u00f3n con la Mega Historia?<\/strong><\/p>\n<p>S\u00ed. La ciencia se ocupa de explicar cient\u00edficamente los fen\u00f3menos naturales, pero para poder comprender la esencia de lo humano hay que ir m\u00e1s all\u00e1 de una f\u00f3rmula; significa filosofar, razonar, comprender, ubicarnos en el contexto de la situaci\u00f3n social, del desarrollo hasta este momento.<\/p>\n<p>Ahora estamos desarrollando la biotecnolog\u00eda. Llegar\u00e1 un momento que podremos ser mitad robot y mitad persona. Si falla el coraz\u00f3n o un ri\u00f1\u00f3n podremos poner uno nuevo. Son una serie de posibilidades que tenemos en el campo de la rob\u00f3tica.<\/p>\n<p>En cierta medida ya hemos llegado a la dependencia del \u201ctel\u00e9fono celular\u201d; no podemos pasar sin \u00e9l, as\u00ed que ya tenemos una gran dependencia con un dispositivo electr\u00f3nico.<\/p>\n<p>Esta es la cuesti\u00f3n, tratar de interpretar el mundo que nos rodea, no \u00fanicamente con una f\u00f3rmula, eso definitivamente no basta. Hay que pensar profundamente para poder relacionar todos los fen\u00f3menos, porque todo est\u00e1 interrelacionado, nada est\u00e1 aislado.<\/p>\n<p><strong>A medida que la ciencia avanza parece que existen unas leyes para el macrocosmos y otras para el microcosmos\u2026<\/strong><\/p>\n<p>En matem\u00e1ticas, la\u00a0l\u00f3gica de lo finito es distinta a la\u00a0l\u00f3gica del infinito. En lo finito \u2013y esto es tan absurdo como cierto\u2013 la parte es menor que el todo, sin embargo en la\u00a0l\u00f3gica de lo infinito la parte puede ser igual e incluso mayor que el todo.<\/p>\n<p>Tambi\u00e9n la mec\u00e1nica qu\u00e1ntica es diferente a la mec\u00e1nica de Newton. Todo cambia. Puedo saber la velocidad de una part\u00edcula y al tiempo desconocer su posici\u00f3n. Pero en la mec\u00e1nica de Newton que hemos venido usando hasta ahora no era as\u00ed.<\/p>\n<p>A los fen\u00f3menos c\u00f3smicos no se les puede aplicar la propiedad en que la suma de los \u00e1ngulos de un tri\u00e1ngulo es siempre 180. Hay que ir a una geometr\u00eda positiva, a una geometr\u00eda no euclidiana, tipo Lobachevsky, o Freeman, por ejemplo. Que el universo es curvo quedo demostrado en la observaci\u00f3n de los eclipses en la teor\u00eda general de Einstein; los rayos de luz al pasar cerca del sol se desv\u00edan, lo que demuestra la curvatura del espacio.<\/p>\n<p><strong>\u00bfTienes alg\u00fan recaudo moral respecto a la investigaci\u00f3n gen\u00e9tica?<\/strong><\/p>\n<p>La ciencia nos ha aportado grandes avances, hay que dejarla, no hemos de tener ning\u00fan prejuicio sobre la ciencia. Y precisamente en la ciencia gen\u00e9tica hay todo un desarrollo que puede aportarnos mucho. Una persona que perdi\u00f3 un brazo puede tener un brazo bi\u00f3nico, un ri\u00f1\u00f3n que no se estropee, etc.<\/p>\n<p>Lo importante ser\u00e1 mantener nuestro mundo que est\u00e1 en peligro. Los problemas ecol\u00f3gicos son serios, el efecto invernadero va in crescendo, el deshielo de los polos. El peligro es ya para nuestros nietos. Precisamente el humanismo tiene que impulsar el cuidado del planeta. Como dice Walter Mart\u00ednez \u201ces nuestra \u00fanica nave espacial\u201d, no tenemos otra y tenemos que cuidarla. Est\u00e1 contaminada, no se puede seguir emitiendo gases de efecto invernadero.<\/p>\n<p>Tambi\u00e9n hay que terminar con las armas nucleares. Imaginemos una persona que tiene en el patio de su casa 10 kg de TNT, pues bien, nosotros tenemos en nuestro planeta miles y miles de megatones. Si ocurre una confrontaci\u00f3n nuclear solo van a sobrevivir las cucarachas que est\u00e1n m\u00e1s preparadas para la supervivencia.<\/p>\n<p>No estamos tomando las medidas necesarias para proteger nuestra \u00fanica nave espacial y las noticias son cada vez peores en ese sentido. Por eso tenemos que impulsar la lucha por sobrevivir.<\/p>\n<p><iframe loading=\"lazy\" title=\"Entrevista a Lorgio Batard\" width=\"500\" height=\"281\" src=\"https:\/\/www.youtube.com\/embed\/GXptoCqK4aI?feature=oembed\" frameborder=\"0\" allow=\"accelerometer; autoplay; clipboard-write; encrypted-media; gyroscope; picture-in-picture; web-share\" referrerpolicy=\"strict-origin-when-cross-origin\" allowfullscreen><\/iframe><\/p>\n<h6><span style=\"color: #999999;\"><em>Filmaci\u00f3n Alejandro Albelay<\/em><\/span><\/h6>\n","protected":false},"excerpt":{"rendered":"<p>En el contexto del Taller Internacional de Pensamiento Humanista y Revoluci\u00f3n Socialista conversamos con el matem\u00e1tico Dr Lorgio F\u00e9lix Batard Mart\u00ednez, profesor de titular de la UCLV. Cuentanos sobre el proyecto que est\u00e1s promoviendo en la Universidad Tenemos un proyecto&hellip;<\/p>\n","protected":false},"author":1333,"featured_media":552105,"comment_status":"closed","ping_status":"closed","sticky":false,"template":"","format":"standard","meta":{"footnotes":""},"categories":[69,497,11389,78,1230,155],"tags":[40837,3170,41609,40839,41608],"class_list":["post-552104","post","type-post","status-publish","format-standard","has-post-thumbnail","hentry","category-america-central","category-ciencia-tecnologia","category-contenido-original","category-medio-ambiente-ecologia","category-educacion-tema","category-entrevistas","tag-big-history","tag-biotecnologia","tag-cosmos","tag-mega-historia","tag-vida-extraterrestre"],"yoast_head":"<!-- This site is optimized with the Yoast SEO plugin v27.1.1 - https:\/\/yoast.com\/product\/yoast-seo-wordpress\/ -->\n<title>Entrevista a Lorgio Batard<\/title>\n<meta name=\"description\" content=\"En el contexto del Taller Internacional de Pensamiento Humanista y Revoluci\u00f3n Socialista conversamos con el matem\u00e1tico Dr Lorgio F\u00e9lix Batard Mart\u00ednez,\" \/>\n<meta name=\"robots\" content=\"index, follow, max-snippet:-1, max-image-preview:large, max-video-preview:-1\" \/>\n<link rel=\"canonical\" href=\"https:\/\/www.pressenza.com\/es\/2017\/11\/entrevista-lorgio-batard\/\" \/>\n<meta property=\"og:locale\" content=\"es_ES\" \/>\n<meta property=\"og:type\" content=\"article\" \/>\n<meta property=\"og:title\" content=\"Entrevista a Lorgio Batard\" \/>\n<meta property=\"og:description\" content=\"En el contexto del Taller Internacional de Pensamiento Humanista y Revoluci\u00f3n Socialista conversamos con el matem\u00e1tico Dr Lorgio F\u00e9lix Batard Mart\u00ednez,\" \/>\n<meta property=\"og:url\" content=\"https:\/\/www.pressenza.com\/es\/2017\/11\/entrevista-lorgio-batard\/\" \/>\n<meta property=\"og:site_name\" content=\"Pressenza\" \/>\n<meta property=\"article:publisher\" content=\"https:\/\/www.facebook.com\/PressenzaItalia\" \/>\n<meta property=\"article:published_time\" content=\"2017-11-07T09:50:25+00:00\" \/>\n<meta property=\"article:modified_time\" content=\"2017-11-16T09:08:29+00:00\" \/>\n<meta property=\"og:image\" content=\"https:\/\/www.pressenza.com\/wp-content\/uploads\/2017\/11\/IMG_20161214_134308.jpg\" \/>\n\t<meta property=\"og:image:width\" content=\"2048\" \/>\n\t<meta property=\"og:image:height\" content=\"1536\" \/>\n\t<meta property=\"og:image:type\" content=\"image\/jpeg\" \/>\n<meta name=\"author\" content=\"Redacci\u00f3n Cuba\" \/>\n<meta name=\"twitter:card\" content=\"summary_large_image\" \/>\n<meta name=\"twitter:creator\" content=\"@PressenzaIPA\" \/>\n<meta name=\"twitter:site\" content=\"@PressenzaIPA\" \/>\n<meta name=\"twitter:label1\" content=\"Escrito por\" \/>\n\t<meta name=\"twitter:data1\" content=\"Redacci\u00f3n Cuba\" \/>\n\t<meta name=\"twitter:label2\" content=\"Tiempo de lectura\" \/>\n\t<meta name=\"twitter:data2\" content=\"5 minutos\" \/>\n<script type=\"application\/ld+json\" class=\"yoast-schema-graph\">{\"@context\":\"https:\/\/schema.org\",\"@graph\":[{\"@type\":\"Article\",\"@id\":\"https:\/\/www.pressenza.com\/es\/2017\/11\/entrevista-lorgio-batard\/#article\",\"isPartOf\":{\"@id\":\"https:\/\/www.pressenza.com\/es\/2017\/11\/entrevista-lorgio-batard\/\"},\"author\":{\"name\":\"Redacci\u00f3n Cuba\",\"@id\":\"https:\/\/www.pressenza.com\/es\/#\/schema\/person\/8ae9fb86616bf7972df5aa651a73f542\"},\"headline\":\"Entrevista a Lorgio Batard\",\"datePublished\":\"2017-11-07T09:50:25+00:00\",\"dateModified\":\"2017-11-16T09:08:29+00:00\",\"mainEntityOfPage\":{\"@id\":\"https:\/\/www.pressenza.com\/es\/2017\/11\/entrevista-lorgio-batard\/\"},\"wordCount\":1050,\"publisher\":{\"@id\":\"https:\/\/www.pressenza.com\/es\/#organization\"},\"image\":{\"@id\":\"https:\/\/www.pressenza.com\/es\/2017\/11\/entrevista-lorgio-batard\/#primaryimage\"},\"thumbnailUrl\":\"https:\/\/www.pressenza.com\/wp-content\/uploads\/2017\/11\/IMG_20161214_134308.jpg\",\"keywords\":[\"big history\",\"biotecnolog\u00eda\",\"Cosmos\",\"Mega Historia\",\"vida extraterrestre\"],\"articleSection\":[\"Am\u00e9rica Central\",\"Ciencia y Tecnolog\u00eda\",\"Contenido Original\",\"Ecolog\u00eda y Medio Ambiente\",\"Educaci\u00f3n\",\"Entrevistas\"],\"inLanguage\":\"es\"},{\"@type\":\"WebPage\",\"@id\":\"https:\/\/www.pressenza.com\/es\/2017\/11\/entrevista-lorgio-batard\/\",\"url\":\"https:\/\/www.pressenza.com\/es\/2017\/11\/entrevista-lorgio-batard\/\",\"name\":\"Entrevista a Lorgio Batard\",\"isPartOf\":{\"@id\":\"https:\/\/www.pressenza.com\/es\/#website\"},\"primaryImageOfPage\":{\"@id\":\"https:\/\/www.pressenza.com\/es\/2017\/11\/entrevista-lorgio-batard\/#primaryimage\"},\"image\":{\"@id\":\"https:\/\/www.pressenza.com\/es\/2017\/11\/entrevista-lorgio-batard\/#primaryimage\"},\"thumbnailUrl\":\"https:\/\/www.pressenza.com\/wp-content\/uploads\/2017\/11\/IMG_20161214_134308.jpg\",\"datePublished\":\"2017-11-07T09:50:25+00:00\",\"dateModified\":\"2017-11-16T09:08:29+00:00\",\"description\":\"En el contexto del Taller Internacional de Pensamiento Humanista y Revoluci\u00f3n Socialista conversamos con el matem\u00e1tico Dr Lorgio F\u00e9lix Batard Mart\u00ednez,\",\"breadcrumb\":{\"@id\":\"https:\/\/www.pressenza.com\/es\/2017\/11\/entrevista-lorgio-batard\/#breadcrumb\"},\"inLanguage\":\"es\",\"potentialAction\":[{\"@type\":\"ReadAction\",\"target\":[\"https:\/\/www.pressenza.com\/es\/2017\/11\/entrevista-lorgio-batard\/\"]}]},{\"@type\":\"ImageObject\",\"inLanguage\":\"es\",\"@id\":\"https:\/\/www.pressenza.com\/es\/2017\/11\/entrevista-lorgio-batard\/#primaryimage\",\"url\":\"https:\/\/www.pressenza.com\/wp-content\/uploads\/2017\/11\/IMG_20161214_134308.jpg\",\"contentUrl\":\"https:\/\/www.pressenza.com\/wp-content\/uploads\/2017\/11\/IMG_20161214_134308.jpg\",\"width\":2048,\"height\":1536},{\"@type\":\"BreadcrumbList\",\"@id\":\"https:\/\/www.pressenza.com\/es\/2017\/11\/entrevista-lorgio-batard\/#breadcrumb\",\"itemListElement\":[{\"@type\":\"ListItem\",\"position\":1,\"name\":\"Accueil\",\"item\":\"https:\/\/www.pressenza.com\/es\/\"},{\"@type\":\"ListItem\",\"position\":2,\"name\":\"Entrevista a Lorgio Batard\"}]},{\"@type\":\"WebSite\",\"@id\":\"https:\/\/www.pressenza.com\/es\/#website\",\"url\":\"https:\/\/www.pressenza.com\/es\/\",\"name\":\"Pressenza\",\"description\":\"International Press Agency\",\"publisher\":{\"@id\":\"https:\/\/www.pressenza.com\/es\/#organization\"},\"potentialAction\":[{\"@type\":\"SearchAction\",\"target\":{\"@type\":\"EntryPoint\",\"urlTemplate\":\"https:\/\/www.pressenza.com\/es\/?s={search_term_string}\"},\"query-input\":{\"@type\":\"PropertyValueSpecification\",\"valueRequired\":true,\"valueName\":\"search_term_string\"}}],\"inLanguage\":\"es\"},{\"@type\":\"Organization\",\"@id\":\"https:\/\/www.pressenza.com\/es\/#organization\",\"name\":\"Pressenza\",\"url\":\"https:\/\/www.pressenza.com\/es\/\",\"logo\":{\"@type\":\"ImageObject\",\"inLanguage\":\"es\",\"@id\":\"https:\/\/www.pressenza.com\/es\/#\/schema\/logo\/image\/\",\"url\":\"https:\/\/www.pressenza.com\/wp-content\/uploads\/2022\/10\/pressenza_logo_200x200.jpg\",\"contentUrl\":\"https:\/\/www.pressenza.com\/wp-content\/uploads\/2022\/10\/pressenza_logo_200x200.jpg\",\"width\":200,\"height\":200,\"caption\":\"Pressenza\"},\"image\":{\"@id\":\"https:\/\/www.pressenza.com\/es\/#\/schema\/logo\/image\/\"},\"sameAs\":[\"https:\/\/www.facebook.com\/PressenzaItalia\",\"https:\/\/x.com\/PressenzaIPA\"]},{\"@type\":\"Person\",\"@id\":\"https:\/\/www.pressenza.com\/es\/#\/schema\/person\/8ae9fb86616bf7972df5aa651a73f542\",\"name\":\"Redacci\u00f3n Cuba\",\"description\":\"News published by the Pressenza bureau in Cuba\",\"url\":\"https:\/\/www.pressenza.com\/es\/author\/redaccion-cuba\/\"}]}<\/script>\n<!-- \/ Yoast SEO plugin. -->","yoast_head_json":{"title":"Entrevista a Lorgio Batard","description":"En el contexto del Taller Internacional de Pensamiento Humanista y Revoluci\u00f3n Socialista conversamos con el matem\u00e1tico Dr Lorgio F\u00e9lix Batard Mart\u00ednez,","robots":{"index":"index","follow":"follow","max-snippet":"max-snippet:-1","max-image-preview":"max-image-preview:large","max-video-preview":"max-video-preview:-1"},"canonical":"https:\/\/www.pressenza.com\/es\/2017\/11\/entrevista-lorgio-batard\/","og_locale":"es_ES","og_type":"article","og_title":"Entrevista a Lorgio Batard","og_description":"En el contexto del Taller Internacional de Pensamiento Humanista y Revoluci\u00f3n Socialista conversamos con el matem\u00e1tico Dr Lorgio F\u00e9lix Batard Mart\u00ednez,","og_url":"https:\/\/www.pressenza.com\/es\/2017\/11\/entrevista-lorgio-batard\/","og_site_name":"Pressenza","article_publisher":"https:\/\/www.facebook.com\/PressenzaItalia","article_published_time":"2017-11-07T09:50:25+00:00","article_modified_time":"2017-11-16T09:08:29+00:00","og_image":[{"width":2048,"height":1536,"url":"https:\/\/www.pressenza.com\/wp-content\/uploads\/2017\/11\/IMG_20161214_134308.jpg","type":"image\/jpeg"}],"author":"Redacci\u00f3n Cuba","twitter_card":"summary_large_image","twitter_creator":"@PressenzaIPA","twitter_site":"@PressenzaIPA","twitter_misc":{"Escrito por":"Redacci\u00f3n Cuba","Tiempo de lectura":"5 minutos"},"schema":{"@context":"https:\/\/schema.org","@graph":[{"@type":"Article","@id":"https:\/\/www.pressenza.com\/es\/2017\/11\/entrevista-lorgio-batard\/#article","isPartOf":{"@id":"https:\/\/www.pressenza.com\/es\/2017\/11\/entrevista-lorgio-batard\/"},"author":{"name":"Redacci\u00f3n Cuba","@id":"https:\/\/www.pressenza.com\/es\/#\/schema\/person\/8ae9fb86616bf7972df5aa651a73f542"},"headline":"Entrevista a Lorgio Batard","datePublished":"2017-11-07T09:50:25+00:00","dateModified":"2017-11-16T09:08:29+00:00","mainEntityOfPage":{"@id":"https:\/\/www.pressenza.com\/es\/2017\/11\/entrevista-lorgio-batard\/"},"wordCount":1050,"publisher":{"@id":"https:\/\/www.pressenza.com\/es\/#organization"},"image":{"@id":"https:\/\/www.pressenza.com\/es\/2017\/11\/entrevista-lorgio-batard\/#primaryimage"},"thumbnailUrl":"https:\/\/www.pressenza.com\/wp-content\/uploads\/2017\/11\/IMG_20161214_134308.jpg","keywords":["big history","biotecnolog\u00eda","Cosmos","Mega Historia","vida extraterrestre"],"articleSection":["Am\u00e9rica Central","Ciencia y Tecnolog\u00eda","Contenido Original","Ecolog\u00eda y Medio Ambiente","Educaci\u00f3n","Entrevistas"],"inLanguage":"es"},{"@type":"WebPage","@id":"https:\/\/www.pressenza.com\/es\/2017\/11\/entrevista-lorgio-batard\/","url":"https:\/\/www.pressenza.com\/es\/2017\/11\/entrevista-lorgio-batard\/","name":"Entrevista a Lorgio Batard","isPartOf":{"@id":"https:\/\/www.pressenza.com\/es\/#website"},"primaryImageOfPage":{"@id":"https:\/\/www.pressenza.com\/es\/2017\/11\/entrevista-lorgio-batard\/#primaryimage"},"image":{"@id":"https:\/\/www.pressenza.com\/es\/2017\/11\/entrevista-lorgio-batard\/#primaryimage"},"thumbnailUrl":"https:\/\/www.pressenza.com\/wp-content\/uploads\/2017\/11\/IMG_20161214_134308.jpg","datePublished":"2017-11-07T09:50:25+00:00","dateModified":"2017-11-16T09:08:29+00:00","description":"En el contexto del Taller Internacional de Pensamiento Humanista y Revoluci\u00f3n Socialista conversamos con el matem\u00e1tico Dr Lorgio F\u00e9lix Batard Mart\u00ednez,","breadcrumb":{"@id":"https:\/\/www.pressenza.com\/es\/2017\/11\/entrevista-lorgio-batard\/#breadcrumb"},"inLanguage":"es","potentialAction":[{"@type":"ReadAction","target":["https:\/\/www.pressenza.com\/es\/2017\/11\/entrevista-lorgio-batard\/"]}]},{"@type":"ImageObject","inLanguage":"es","@id":"https:\/\/www.pressenza.com\/es\/2017\/11\/entrevista-lorgio-batard\/#primaryimage","url":"https:\/\/www.pressenza.com\/wp-content\/uploads\/2017\/11\/IMG_20161214_134308.jpg","contentUrl":"https:\/\/www.pressenza.com\/wp-content\/uploads\/2017\/11\/IMG_20161214_134308.jpg","width":2048,"height":1536},{"@type":"BreadcrumbList","@id":"https:\/\/www.pressenza.com\/es\/2017\/11\/entrevista-lorgio-batard\/#breadcrumb","itemListElement":[{"@type":"ListItem","position":1,"name":"Accueil","item":"https:\/\/www.pressenza.com\/es\/"},{"@type":"ListItem","position":2,"name":"Entrevista a Lorgio Batard"}]},{"@type":"WebSite","@id":"https:\/\/www.pressenza.com\/es\/#website","url":"https:\/\/www.pressenza.com\/es\/","name":"Pressenza","description":"International Press Agency","publisher":{"@id":"https:\/\/www.pressenza.com\/es\/#organization"},"potentialAction":[{"@type":"SearchAction","target":{"@type":"EntryPoint","urlTemplate":"https:\/\/www.pressenza.com\/es\/?s={search_term_string}"},"query-input":{"@type":"PropertyValueSpecification","valueRequired":true,"valueName":"search_term_string"}}],"inLanguage":"es"},{"@type":"Organization","@id":"https:\/\/www.pressenza.com\/es\/#organization","name":"Pressenza","url":"https:\/\/www.pressenza.com\/es\/","logo":{"@type":"ImageObject","inLanguage":"es","@id":"https:\/\/www.pressenza.com\/es\/#\/schema\/logo\/image\/","url":"https:\/\/www.pressenza.com\/wp-content\/uploads\/2022\/10\/pressenza_logo_200x200.jpg","contentUrl":"https:\/\/www.pressenza.com\/wp-content\/uploads\/2022\/10\/pressenza_logo_200x200.jpg","width":200,"height":200,"caption":"Pressenza"},"image":{"@id":"https:\/\/www.pressenza.com\/es\/#\/schema\/logo\/image\/"},"sameAs":["https:\/\/www.facebook.com\/PressenzaItalia","https:\/\/x.com\/PressenzaIPA"]},{"@type":"Person","@id":"https:\/\/www.pressenza.com\/es\/#\/schema\/person\/8ae9fb86616bf7972df5aa651a73f542","name":"Redacci\u00f3n Cuba","description":"News published by the Pressenza bureau in Cuba","url":"https:\/\/www.pressenza.com\/es\/author\/redaccion-cuba\/"}]}},"place":"Santa Clara, Cuba  - Javier Belda","original_article_url":"","_links":{"self":[{"href":"https:\/\/www.pressenza.com\/es\/wp-json\/wp\/v2\/posts\/552104","targetHints":{"allow":["GET"]}}],"collection":[{"href":"https:\/\/www.pressenza.com\/es\/wp-json\/wp\/v2\/posts"}],"about":[{"href":"https:\/\/www.pressenza.com\/es\/wp-json\/wp\/v2\/types\/post"}],"author":[{"embeddable":true,"href":"https:\/\/www.pressenza.com\/es\/wp-json\/wp\/v2\/users\/1333"}],"replies":[{"embeddable":true,"href":"https:\/\/www.pressenza.com\/es\/wp-json\/wp\/v2\/comments?post=552104"}],"version-history":[{"count":0,"href":"https:\/\/www.pressenza.com\/es\/wp-json\/wp\/v2\/posts\/552104\/revisions"}],"wp:featuredmedia":[{"embeddable":true,"href":"https:\/\/www.pressenza.com\/es\/wp-json\/wp\/v2\/media\/552105"}],"wp:attachment":[{"href":"https:\/\/www.pressenza.com\/es\/wp-json\/wp\/v2\/media?parent=552104"}],"wp:term":[{"taxonomy":"category","embeddable":true,"href":"https:\/\/www.pressenza.com\/es\/wp-json\/wp\/v2\/categories?post=552104"},{"taxonomy":"post_tag","embeddable":true,"href":"https:\/\/www.pressenza.com\/es\/wp-json\/wp\/v2\/tags?post=552104"}],"curies":[{"name":"wp","href":"https:\/\/api.w.org\/{rel}","templated":true}]}}