{"id":550624,"date":"2017-11-05T12:00:02","date_gmt":"2017-11-05T12:00:02","guid":{"rendered":"https:\/\/www.pressenza.com\/?p=550624\/"},"modified":"2017-11-05T12:51:49","modified_gmt":"2017-11-05T12:51:49","slug":"las-primeras-jornadas-feministas-pais-valenciano-cumplen-40-anos","status":"publish","type":"post","link":"https:\/\/www.pressenza.com\/es\/2017\/11\/las-primeras-jornadas-feministas-pais-valenciano-cumplen-40-anos\/","title":{"rendered":"Las Primeras Jornadas Feministas en el Pa\u00eds Valenciano cumplen 40 a\u00f1os"},"content":{"rendered":"<blockquote><p>Del 23 al 29 de octubre se ha celebrado el aniversario de las Primeras Jornadas Feministas en el Pa\u00eds Valenciano.<\/p><\/blockquote>\n<p>El objetivo del encuentro ha sido celebrar estos 40 a\u00f1os de lucha, reflexionar y compartir experiencias. La idea parte de un grupo de mujeres feministas de diferentes entidades y organizaciones ciudadanas, dispuestas a seguir defendiendo y promoviendo la liberaci\u00f3n de las mujeres oprimidas por la cultura heteropatriarcal.<\/p>\n<p>Desde el mes de febrero se han estado preparando estas jornadas. M\u00e1s de cuarenta colectivos feministas y personas colaboradoras han estado organizando de manera horizontal cada detalle de las jornadas. Haciendo hincapi\u00e9 en la participaci\u00f3n de las j\u00f3venes y en mujeres de diferentes culturas. Han sido unas jornadas con sororidad, que significa horizontalidad, sin jerarqu\u00edas, solidaridad entre iguales.<\/p>\n<p>El programa de actividades se ha desarrollado en diferentes espacios de la ciudad, en la Universitat de Val\u00e8ncia y en la Biblioteca de la Dona.<\/p>\n<p>Las jornadas empezaron el lunes 23 de octubre en la Facultad de Ciencias Sociales con la inauguraci\u00f3n a cargo de Inmaculada Verdeguer, vicedecana de Cultura, Participaci\u00f3n e Igualdad.<\/p>\n<p>El programa de las jornadas ha tenido un abanico enorme de creatividad y diversidad de temas. Han participado m\u00e1s de 100 colectivos de lucha con sus iniciativas y propuestas y no solo se han desarrollado mesas de debate o conferencias, sino que tambi\u00e9n han participado artistas, fot\u00f3grafas, poetisas, graffiteras, espect\u00e1culos de teatro y danza, m\u00fasica rap y m\u00fasica cl\u00e1sica, radios y medios alternativos.<\/p>\n<p>Entre las m\u00faltiples actividades realizadas en las jornadas, destacan algunas de ellas como: Paseo feminista por la Valencia de las mujeres republicanas. Performance po\u00e9tica \u201cMujeres tejedoras de futuro\u201d. Mesa con la participaci\u00f3n de mujeres palestinas Al Karama\u201d Derribando prejuicios\u201d. Coloquio sobre Activismo Feminista en el mundo \u00e1rabe. Taller sobre \u201cLo sagrado femenino y matriarcado ancestral\u201d. FemiMorant Festival: mujeres artistas, m\u00fasicas y cantantes.<\/p>\n<p>Han sido unas jornadas llenas de entusiasmo y de sororidad, con el objetivo de dar protagonismo a la voz de las mujeres, en su lucha justa por la igualdad de derechos. Donde cabemos todas.<\/p>\n<div id=\"attachment_550625\" class=\"wp-caption alignnone\"><img loading=\"lazy\" decoding=\"async\" aria-describedby=\"caption-attachment-550625\" class=\"wp-image-550625 size-large\" src=\"https:\/\/www.pressenza.com\/wp-content\/uploads\/2017\/11\/jornadasfeministas1-720x440.jpg\" alt=\"\" width=\"720\" height=\"440\" srcset=\"https:\/\/www.pressenza.com\/wp-content\/uploads\/2017\/11\/jornadasfeministas1.jpg 720w, https:\/\/www.pressenza.com\/wp-content\/uploads\/2017\/11\/jornadasfeministas1-300x183.jpg 300w\" sizes=\"auto, (max-width: 720px) 100vw, 720px\" \/><p id=\"caption-attachment-550625\" class=\"wp-caption-text\">(Imagen cedida por Radioflautas)<\/p><\/div>\n","protected":false},"excerpt":{"rendered":"<p>Del 23 al 29 de octubre se ha celebrado el aniversario de las Primeras Jornadas Feministas en el Pa\u00eds Valenciano. El objetivo del encuentro ha sido celebrar estos 40 a\u00f1os de lucha, reflexionar y compartir experiencias. La idea parte de&hellip;<\/p>\n","protected":false},"author":1475,"featured_media":550634,"comment_status":"closed","ping_status":"closed","sticky":false,"template":"","format":"standard","meta":{"footnotes":""},"categories":[1241,66],"tags":[27815,1025,41555,40671],"class_list":["post-550624","post","type-post","status-publish","format-standard","has-post-thumbnail","hentry","category-diversidad","category-europa-es","tag-mujer","tag-mujeres","tag-sororidad","tag-valencia"],"yoast_head":"<!-- This site is optimized with the Yoast SEO plugin v27.1.1 - https:\/\/yoast.com\/product\/yoast-seo-wordpress\/ -->\n<title>Las Primeras Jornadas Feministas en el Pa\u00eds Valenciano cumplen 40 a\u00f1os<\/title>\n<meta name=\"description\" content=\"Del 23 al 29 de octubre se ha celebrado el aniversario de las Primeras Jornadas Feministas en el Pa\u00eds Valenciano. El objetivo del encuentro ha sido\" \/>\n<meta name=\"robots\" content=\"index, follow, max-snippet:-1, max-image-preview:large, max-video-preview:-1\" \/>\n<link rel=\"canonical\" href=\"https:\/\/www.pressenza.com\/es\/2017\/11\/las-primeras-jornadas-feministas-pais-valenciano-cumplen-40-anos\/\" \/>\n<meta property=\"og:locale\" content=\"es_ES\" \/>\n<meta property=\"og:type\" content=\"article\" \/>\n<meta property=\"og:title\" content=\"Las Primeras Jornadas Feministas en el Pa\u00eds Valenciano cumplen 40 a\u00f1os\" \/>\n<meta property=\"og:description\" content=\"Del 23 al 29 de octubre se ha celebrado el aniversario de las Primeras Jornadas Feministas en el Pa\u00eds Valenciano. El objetivo del encuentro ha sido\" \/>\n<meta property=\"og:url\" content=\"https:\/\/www.pressenza.com\/es\/2017\/11\/las-primeras-jornadas-feministas-pais-valenciano-cumplen-40-anos\/\" \/>\n<meta property=\"og:site_name\" content=\"Pressenza\" \/>\n<meta property=\"article:publisher\" content=\"https:\/\/www.facebook.com\/PressenzaItalia\" \/>\n<meta property=\"article:published_time\" content=\"2017-11-05T12:00:02+00:00\" \/>\n<meta property=\"article:modified_time\" content=\"2017-11-05T12:51:49+00:00\" \/>\n<meta property=\"og:image\" content=\"https:\/\/www.pressenza.com\/wp-content\/uploads\/2017\/11\/jornadasfeministas0.jpg\" \/>\n\t<meta property=\"og:image:width\" content=\"720\" \/>\n\t<meta property=\"og:image:height\" content=\"504\" \/>\n\t<meta property=\"og:image:type\" content=\"image\/jpeg\" \/>\n<meta name=\"author\" content=\"\u00c1ngeles Gonz\u00e1lez\" \/>\n<meta name=\"twitter:card\" content=\"summary_large_image\" \/>\n<meta name=\"twitter:creator\" content=\"@PressenzaIPA\" \/>\n<meta name=\"twitter:site\" content=\"@PressenzaIPA\" \/>\n<meta name=\"twitter:label1\" content=\"Escrito por\" \/>\n\t<meta name=\"twitter:data1\" content=\"\u00c1ngeles Gonz\u00e1lez\" \/>\n\t<meta name=\"twitter:label2\" content=\"Tiempo de lectura\" \/>\n\t<meta name=\"twitter:data2\" content=\"2 minutos\" \/>\n<script type=\"application\/ld+json\" class=\"yoast-schema-graph\">{\"@context\":\"https:\/\/schema.org\",\"@graph\":[{\"@type\":\"Article\",\"@id\":\"https:\/\/www.pressenza.com\/es\/2017\/11\/las-primeras-jornadas-feministas-pais-valenciano-cumplen-40-anos\/#article\",\"isPartOf\":{\"@id\":\"https:\/\/www.pressenza.com\/es\/2017\/11\/las-primeras-jornadas-feministas-pais-valenciano-cumplen-40-anos\/\"},\"author\":{\"name\":\"\u00c1ngeles Gonz\u00e1lez\",\"@id\":\"https:\/\/www.pressenza.com\/es\/#\/schema\/person\/52d76fcd1f01c609db9cbf02e47f4641\"},\"headline\":\"Las Primeras Jornadas Feministas en el Pa\u00eds Valenciano cumplen 40 a\u00f1os\",\"datePublished\":\"2017-11-05T12:00:02+00:00\",\"dateModified\":\"2017-11-05T12:51:49+00:00\",\"mainEntityOfPage\":{\"@id\":\"https:\/\/www.pressenza.com\/es\/2017\/11\/las-primeras-jornadas-feministas-pais-valenciano-cumplen-40-anos\/\"},\"wordCount\":376,\"publisher\":{\"@id\":\"https:\/\/www.pressenza.com\/es\/#organization\"},\"image\":{\"@id\":\"https:\/\/www.pressenza.com\/es\/2017\/11\/las-primeras-jornadas-feministas-pais-valenciano-cumplen-40-anos\/#primaryimage\"},\"thumbnailUrl\":\"https:\/\/www.pressenza.com\/wp-content\/uploads\/2017\/11\/jornadasfeministas0.jpg\",\"keywords\":[\"mujer\",\"Mujeres\",\"Sororidad\",\"Valencia\"],\"articleSection\":[\"Diversidad\",\"Europa\"],\"inLanguage\":\"es\"},{\"@type\":\"WebPage\",\"@id\":\"https:\/\/www.pressenza.com\/es\/2017\/11\/las-primeras-jornadas-feministas-pais-valenciano-cumplen-40-anos\/\",\"url\":\"https:\/\/www.pressenza.com\/es\/2017\/11\/las-primeras-jornadas-feministas-pais-valenciano-cumplen-40-anos\/\",\"name\":\"Las Primeras Jornadas Feministas en el Pa\u00eds Valenciano cumplen 40 a\u00f1os\",\"isPartOf\":{\"@id\":\"https:\/\/www.pressenza.com\/es\/#website\"},\"primaryImageOfPage\":{\"@id\":\"https:\/\/www.pressenza.com\/es\/2017\/11\/las-primeras-jornadas-feministas-pais-valenciano-cumplen-40-anos\/#primaryimage\"},\"image\":{\"@id\":\"https:\/\/www.pressenza.com\/es\/2017\/11\/las-primeras-jornadas-feministas-pais-valenciano-cumplen-40-anos\/#primaryimage\"},\"thumbnailUrl\":\"https:\/\/www.pressenza.com\/wp-content\/uploads\/2017\/11\/jornadasfeministas0.jpg\",\"datePublished\":\"2017-11-05T12:00:02+00:00\",\"dateModified\":\"2017-11-05T12:51:49+00:00\",\"description\":\"Del 23 al 29 de octubre se ha celebrado el aniversario de las Primeras Jornadas Feministas en el Pa\u00eds Valenciano. El objetivo del encuentro ha sido\",\"breadcrumb\":{\"@id\":\"https:\/\/www.pressenza.com\/es\/2017\/11\/las-primeras-jornadas-feministas-pais-valenciano-cumplen-40-anos\/#breadcrumb\"},\"inLanguage\":\"es\",\"potentialAction\":[{\"@type\":\"ReadAction\",\"target\":[\"https:\/\/www.pressenza.com\/es\/2017\/11\/las-primeras-jornadas-feministas-pais-valenciano-cumplen-40-anos\/\"]}]},{\"@type\":\"ImageObject\",\"inLanguage\":\"es\",\"@id\":\"https:\/\/www.pressenza.com\/es\/2017\/11\/las-primeras-jornadas-feministas-pais-valenciano-cumplen-40-anos\/#primaryimage\",\"url\":\"https:\/\/www.pressenza.com\/wp-content\/uploads\/2017\/11\/jornadasfeministas0.jpg\",\"contentUrl\":\"https:\/\/www.pressenza.com\/wp-content\/uploads\/2017\/11\/jornadasfeministas0.jpg\",\"width\":720,\"height\":504},{\"@type\":\"BreadcrumbList\",\"@id\":\"https:\/\/www.pressenza.com\/es\/2017\/11\/las-primeras-jornadas-feministas-pais-valenciano-cumplen-40-anos\/#breadcrumb\",\"itemListElement\":[{\"@type\":\"ListItem\",\"position\":1,\"name\":\"Accueil\",\"item\":\"https:\/\/www.pressenza.com\/es\/\"},{\"@type\":\"ListItem\",\"position\":2,\"name\":\"Las Primeras Jornadas Feministas en el Pa\u00eds Valenciano cumplen 40 a\u00f1os\"}]},{\"@type\":\"WebSite\",\"@id\":\"https:\/\/www.pressenza.com\/es\/#website\",\"url\":\"https:\/\/www.pressenza.com\/es\/\",\"name\":\"Pressenza\",\"description\":\"International Press Agency\",\"publisher\":{\"@id\":\"https:\/\/www.pressenza.com\/es\/#organization\"},\"potentialAction\":[{\"@type\":\"SearchAction\",\"target\":{\"@type\":\"EntryPoint\",\"urlTemplate\":\"https:\/\/www.pressenza.com\/es\/?s={search_term_string}\"},\"query-input\":{\"@type\":\"PropertyValueSpecification\",\"valueRequired\":true,\"valueName\":\"search_term_string\"}}],\"inLanguage\":\"es\"},{\"@type\":\"Organization\",\"@id\":\"https:\/\/www.pressenza.com\/es\/#organization\",\"name\":\"Pressenza\",\"url\":\"https:\/\/www.pressenza.com\/es\/\",\"logo\":{\"@type\":\"ImageObject\",\"inLanguage\":\"es\",\"@id\":\"https:\/\/www.pressenza.com\/es\/#\/schema\/logo\/image\/\",\"url\":\"https:\/\/www.pressenza.com\/wp-content\/uploads\/2022\/10\/pressenza_logo_200x200.jpg\",\"contentUrl\":\"https:\/\/www.pressenza.com\/wp-content\/uploads\/2022\/10\/pressenza_logo_200x200.jpg\",\"width\":200,\"height\":200,\"caption\":\"Pressenza\"},\"image\":{\"@id\":\"https:\/\/www.pressenza.com\/es\/#\/schema\/logo\/image\/\"},\"sameAs\":[\"https:\/\/www.facebook.com\/PressenzaItalia\",\"https:\/\/x.com\/PressenzaIPA\"]},{\"@type\":\"Person\",\"@id\":\"https:\/\/www.pressenza.com\/es\/#\/schema\/person\/52d76fcd1f01c609db9cbf02e47f4641\",\"name\":\"\u00c1ngeles Gonz\u00e1lez\",\"description\":\"Humanista y activista por la no violencia. Desarrolla su trabajo voluntario con diferentes colectivos y asociaciones de base. Pintora e investigadora en el tema de las Formas como proceso de transformaci\u00f3n.\",\"url\":\"https:\/\/www.pressenza.com\/es\/author\/angeles-gonzalez\/\"}]}<\/script>\n<!-- \/ Yoast SEO plugin. -->","yoast_head_json":{"title":"Las Primeras Jornadas Feministas en el Pa\u00eds Valenciano cumplen 40 a\u00f1os","description":"Del 23 al 29 de octubre se ha celebrado el aniversario de las Primeras Jornadas Feministas en el Pa\u00eds Valenciano. El objetivo del encuentro ha sido","robots":{"index":"index","follow":"follow","max-snippet":"max-snippet:-1","max-image-preview":"max-image-preview:large","max-video-preview":"max-video-preview:-1"},"canonical":"https:\/\/www.pressenza.com\/es\/2017\/11\/las-primeras-jornadas-feministas-pais-valenciano-cumplen-40-anos\/","og_locale":"es_ES","og_type":"article","og_title":"Las Primeras Jornadas Feministas en el Pa\u00eds Valenciano cumplen 40 a\u00f1os","og_description":"Del 23 al 29 de octubre se ha celebrado el aniversario de las Primeras Jornadas Feministas en el Pa\u00eds Valenciano. El objetivo del encuentro ha sido","og_url":"https:\/\/www.pressenza.com\/es\/2017\/11\/las-primeras-jornadas-feministas-pais-valenciano-cumplen-40-anos\/","og_site_name":"Pressenza","article_publisher":"https:\/\/www.facebook.com\/PressenzaItalia","article_published_time":"2017-11-05T12:00:02+00:00","article_modified_time":"2017-11-05T12:51:49+00:00","og_image":[{"width":720,"height":504,"url":"https:\/\/www.pressenza.com\/wp-content\/uploads\/2017\/11\/jornadasfeministas0.jpg","type":"image\/jpeg"}],"author":"\u00c1ngeles Gonz\u00e1lez","twitter_card":"summary_large_image","twitter_creator":"@PressenzaIPA","twitter_site":"@PressenzaIPA","twitter_misc":{"Escrito por":"\u00c1ngeles Gonz\u00e1lez","Tiempo de lectura":"2 minutos"},"schema":{"@context":"https:\/\/schema.org","@graph":[{"@type":"Article","@id":"https:\/\/www.pressenza.com\/es\/2017\/11\/las-primeras-jornadas-feministas-pais-valenciano-cumplen-40-anos\/#article","isPartOf":{"@id":"https:\/\/www.pressenza.com\/es\/2017\/11\/las-primeras-jornadas-feministas-pais-valenciano-cumplen-40-anos\/"},"author":{"name":"\u00c1ngeles Gonz\u00e1lez","@id":"https:\/\/www.pressenza.com\/es\/#\/schema\/person\/52d76fcd1f01c609db9cbf02e47f4641"},"headline":"Las Primeras Jornadas Feministas en el Pa\u00eds Valenciano cumplen 40 a\u00f1os","datePublished":"2017-11-05T12:00:02+00:00","dateModified":"2017-11-05T12:51:49+00:00","mainEntityOfPage":{"@id":"https:\/\/www.pressenza.com\/es\/2017\/11\/las-primeras-jornadas-feministas-pais-valenciano-cumplen-40-anos\/"},"wordCount":376,"publisher":{"@id":"https:\/\/www.pressenza.com\/es\/#organization"},"image":{"@id":"https:\/\/www.pressenza.com\/es\/2017\/11\/las-primeras-jornadas-feministas-pais-valenciano-cumplen-40-anos\/#primaryimage"},"thumbnailUrl":"https:\/\/www.pressenza.com\/wp-content\/uploads\/2017\/11\/jornadasfeministas0.jpg","keywords":["mujer","Mujeres","Sororidad","Valencia"],"articleSection":["Diversidad","Europa"],"inLanguage":"es"},{"@type":"WebPage","@id":"https:\/\/www.pressenza.com\/es\/2017\/11\/las-primeras-jornadas-feministas-pais-valenciano-cumplen-40-anos\/","url":"https:\/\/www.pressenza.com\/es\/2017\/11\/las-primeras-jornadas-feministas-pais-valenciano-cumplen-40-anos\/","name":"Las Primeras Jornadas Feministas en el Pa\u00eds Valenciano cumplen 40 a\u00f1os","isPartOf":{"@id":"https:\/\/www.pressenza.com\/es\/#website"},"primaryImageOfPage":{"@id":"https:\/\/www.pressenza.com\/es\/2017\/11\/las-primeras-jornadas-feministas-pais-valenciano-cumplen-40-anos\/#primaryimage"},"image":{"@id":"https:\/\/www.pressenza.com\/es\/2017\/11\/las-primeras-jornadas-feministas-pais-valenciano-cumplen-40-anos\/#primaryimage"},"thumbnailUrl":"https:\/\/www.pressenza.com\/wp-content\/uploads\/2017\/11\/jornadasfeministas0.jpg","datePublished":"2017-11-05T12:00:02+00:00","dateModified":"2017-11-05T12:51:49+00:00","description":"Del 23 al 29 de octubre se ha celebrado el aniversario de las Primeras Jornadas Feministas en el Pa\u00eds Valenciano. El objetivo del encuentro ha sido","breadcrumb":{"@id":"https:\/\/www.pressenza.com\/es\/2017\/11\/las-primeras-jornadas-feministas-pais-valenciano-cumplen-40-anos\/#breadcrumb"},"inLanguage":"es","potentialAction":[{"@type":"ReadAction","target":["https:\/\/www.pressenza.com\/es\/2017\/11\/las-primeras-jornadas-feministas-pais-valenciano-cumplen-40-anos\/"]}]},{"@type":"ImageObject","inLanguage":"es","@id":"https:\/\/www.pressenza.com\/es\/2017\/11\/las-primeras-jornadas-feministas-pais-valenciano-cumplen-40-anos\/#primaryimage","url":"https:\/\/www.pressenza.com\/wp-content\/uploads\/2017\/11\/jornadasfeministas0.jpg","contentUrl":"https:\/\/www.pressenza.com\/wp-content\/uploads\/2017\/11\/jornadasfeministas0.jpg","width":720,"height":504},{"@type":"BreadcrumbList","@id":"https:\/\/www.pressenza.com\/es\/2017\/11\/las-primeras-jornadas-feministas-pais-valenciano-cumplen-40-anos\/#breadcrumb","itemListElement":[{"@type":"ListItem","position":1,"name":"Accueil","item":"https:\/\/www.pressenza.com\/es\/"},{"@type":"ListItem","position":2,"name":"Las Primeras Jornadas Feministas en el Pa\u00eds Valenciano cumplen 40 a\u00f1os"}]},{"@type":"WebSite","@id":"https:\/\/www.pressenza.com\/es\/#website","url":"https:\/\/www.pressenza.com\/es\/","name":"Pressenza","description":"International Press Agency","publisher":{"@id":"https:\/\/www.pressenza.com\/es\/#organization"},"potentialAction":[{"@type":"SearchAction","target":{"@type":"EntryPoint","urlTemplate":"https:\/\/www.pressenza.com\/es\/?s={search_term_string}"},"query-input":{"@type":"PropertyValueSpecification","valueRequired":true,"valueName":"search_term_string"}}],"inLanguage":"es"},{"@type":"Organization","@id":"https:\/\/www.pressenza.com\/es\/#organization","name":"Pressenza","url":"https:\/\/www.pressenza.com\/es\/","logo":{"@type":"ImageObject","inLanguage":"es","@id":"https:\/\/www.pressenza.com\/es\/#\/schema\/logo\/image\/","url":"https:\/\/www.pressenza.com\/wp-content\/uploads\/2022\/10\/pressenza_logo_200x200.jpg","contentUrl":"https:\/\/www.pressenza.com\/wp-content\/uploads\/2022\/10\/pressenza_logo_200x200.jpg","width":200,"height":200,"caption":"Pressenza"},"image":{"@id":"https:\/\/www.pressenza.com\/es\/#\/schema\/logo\/image\/"},"sameAs":["https:\/\/www.facebook.com\/PressenzaItalia","https:\/\/x.com\/PressenzaIPA"]},{"@type":"Person","@id":"https:\/\/www.pressenza.com\/es\/#\/schema\/person\/52d76fcd1f01c609db9cbf02e47f4641","name":"\u00c1ngeles Gonz\u00e1lez","description":"Humanista y activista por la no violencia. Desarrolla su trabajo voluntario con diferentes colectivos y asociaciones de base. Pintora e investigadora en el tema de las Formas como proceso de transformaci\u00f3n.","url":"https:\/\/www.pressenza.com\/es\/author\/angeles-gonzalez\/"}]}},"place":"Valencia, Espa\u00f1a","original_article_url":"","_links":{"self":[{"href":"https:\/\/www.pressenza.com\/es\/wp-json\/wp\/v2\/posts\/550624","targetHints":{"allow":["GET"]}}],"collection":[{"href":"https:\/\/www.pressenza.com\/es\/wp-json\/wp\/v2\/posts"}],"about":[{"href":"https:\/\/www.pressenza.com\/es\/wp-json\/wp\/v2\/types\/post"}],"author":[{"embeddable":true,"href":"https:\/\/www.pressenza.com\/es\/wp-json\/wp\/v2\/users\/1475"}],"replies":[{"embeddable":true,"href":"https:\/\/www.pressenza.com\/es\/wp-json\/wp\/v2\/comments?post=550624"}],"version-history":[{"count":0,"href":"https:\/\/www.pressenza.com\/es\/wp-json\/wp\/v2\/posts\/550624\/revisions"}],"wp:featuredmedia":[{"embeddable":true,"href":"https:\/\/www.pressenza.com\/es\/wp-json\/wp\/v2\/media\/550634"}],"wp:attachment":[{"href":"https:\/\/www.pressenza.com\/es\/wp-json\/wp\/v2\/media?parent=550624"}],"wp:term":[{"taxonomy":"category","embeddable":true,"href":"https:\/\/www.pressenza.com\/es\/wp-json\/wp\/v2\/categories?post=550624"},{"taxonomy":"post_tag","embeddable":true,"href":"https:\/\/www.pressenza.com\/es\/wp-json\/wp\/v2\/tags?post=550624"}],"curies":[{"name":"wp","href":"https:\/\/api.w.org\/{rel}","templated":true}]}}