{"id":548062,"date":"2017-10-30T02:11:57","date_gmt":"2017-10-30T02:11:57","guid":{"rendered":"https:\/\/www.pressenza.com\/?p=548062\/"},"modified":"2017-10-30T10:35:30","modified_gmt":"2017-10-30T10:35:30","slug":"performance-femicidio-ecuador","status":"publish","type":"post","link":"https:\/\/www.pressenza.com\/es\/2017\/10\/performance-femicidio-ecuador\/","title":{"rendered":"Performance contra el femicidio en Ecuador"},"content":{"rendered":"<div>El tremendo aguacero del viernes 27 de octubre en la tarde, no fue obst\u00e1culo para que la plataforma <a href=\"http:\/\/www.andes.info.ec\/es\/etiquetas\/femicidio\">Basta Ya Femicidios &#8211; Ecuador<\/a>,\u00a0 se \u00abpresentara en sociedad\u00bb. Con un performance, preparado por el equipo de promotores de la <a href=\"http:\/\/prensa.quito.gob.ec\/index.php?module=Noticias&amp;func=news_user_view&amp;id=21753&amp;umt=Centros%20de%20Equidad%20y%20Justicia%20socializan%20sus%20actividades\">Direcci\u00f3n Metropolitana de Violencia Intrafamiliar, Maltrato Infantil y Violencia de G\u00e9nero &#8211; Centros de Equidad y Justicia<\/a>, y con carteles y textos alusivos a la realidad estad\u00edstica en el pa\u00eds y a la urgencia de actuar desde la noviolencia, el equipo llam\u00f3 la atenci\u00f3n de los transe\u00fantes de esta zona tan concurrida de la ciudad de Quito.<\/div>\n<div><\/div>\n<div>Ante la mirada at\u00f3nita a veces, evasiva otras y emp\u00e1tica otras, el grupo interactu\u00f3 en la calle alrededor de una hora y concluy\u00f3 con un abrazo de caracol y gritando, con emoci\u00f3n, \u00abLa Fuerza de la Noviolencia: paz, fuerza y alegr\u00eda\u00bb.<\/div>\n<div><\/div>\n<div><img loading=\"lazy\" decoding=\"async\" class=\"aligncenter size-large wp-image-548072\" src=\"https:\/\/www.pressenza.com\/wp-content\/uploads\/2017\/10\/20171027_172243-720x405.jpg\" alt=\"\" width=\"720\" height=\"405\" srcset=\"https:\/\/www.pressenza.com\/wp-content\/uploads\/2017\/10\/20171027_172243-720x405.jpg 720w, https:\/\/www.pressenza.com\/wp-content\/uploads\/2017\/10\/20171027_172243-300x169.jpg 300w, https:\/\/www.pressenza.com\/wp-content\/uploads\/2017\/10\/20171027_172243-768x432.jpg 768w, https:\/\/www.pressenza.com\/wp-content\/uploads\/2017\/10\/20171027_172243-750x422.jpg 750w, https:\/\/www.pressenza.com\/wp-content\/uploads\/2017\/10\/20171027_172243.jpg 2048w\" sizes=\"auto, (max-width: 720px) 100vw, 720px\" \/><\/div>\n<div><\/div>\n<div><img loading=\"lazy\" decoding=\"async\" class=\"aligncenter size-large wp-image-548081\" src=\"https:\/\/www.pressenza.com\/wp-content\/uploads\/2017\/10\/20171027_172302-720x405.jpg\" alt=\"\" width=\"720\" height=\"405\" srcset=\"https:\/\/www.pressenza.com\/wp-content\/uploads\/2017\/10\/20171027_172302-720x405.jpg 720w, https:\/\/www.pressenza.com\/wp-content\/uploads\/2017\/10\/20171027_172302-300x169.jpg 300w, https:\/\/www.pressenza.com\/wp-content\/uploads\/2017\/10\/20171027_172302-768x432.jpg 768w, https:\/\/www.pressenza.com\/wp-content\/uploads\/2017\/10\/20171027_172302-750x422.jpg 750w, https:\/\/www.pressenza.com\/wp-content\/uploads\/2017\/10\/20171027_172302.jpg 2048w\" sizes=\"auto, (max-width: 720px) 100vw, 720px\" \/><\/div>\n<div><\/div>\n<div><img loading=\"lazy\" decoding=\"async\" class=\"aligncenter size-large wp-image-548090\" src=\"https:\/\/www.pressenza.com\/wp-content\/uploads\/2017\/10\/20171027_172325-720x405.jpg\" alt=\"\" width=\"720\" height=\"405\" srcset=\"https:\/\/www.pressenza.com\/wp-content\/uploads\/2017\/10\/20171027_172325-720x405.jpg 720w, https:\/\/www.pressenza.com\/wp-content\/uploads\/2017\/10\/20171027_172325-300x169.jpg 300w, https:\/\/www.pressenza.com\/wp-content\/uploads\/2017\/10\/20171027_172325-768x432.jpg 768w, https:\/\/www.pressenza.com\/wp-content\/uploads\/2017\/10\/20171027_172325-750x422.jpg 750w, https:\/\/www.pressenza.com\/wp-content\/uploads\/2017\/10\/20171027_172325.jpg 2048w\" sizes=\"auto, (max-width: 720px) 100vw, 720px\" \/><\/div>\n<div><\/div>\n<div><img loading=\"lazy\" decoding=\"async\" class=\"aligncenter size-large wp-image-548099\" src=\"https:\/\/www.pressenza.com\/wp-content\/uploads\/2017\/10\/20171027_173511-720x405.jpg\" alt=\"\" width=\"720\" height=\"405\" srcset=\"https:\/\/www.pressenza.com\/wp-content\/uploads\/2017\/10\/20171027_173511-720x405.jpg 720w, https:\/\/www.pressenza.com\/wp-content\/uploads\/2017\/10\/20171027_173511-300x169.jpg 300w, https:\/\/www.pressenza.com\/wp-content\/uploads\/2017\/10\/20171027_173511-768x432.jpg 768w, https:\/\/www.pressenza.com\/wp-content\/uploads\/2017\/10\/20171027_173511-750x422.jpg 750w, https:\/\/www.pressenza.com\/wp-content\/uploads\/2017\/10\/20171027_173511.jpg 2048w\" sizes=\"auto, (max-width: 720px) 100vw, 720px\" \/><\/div>\n<div><\/div>\n<div><img loading=\"lazy\" decoding=\"async\" class=\"aligncenter size-large wp-image-548108\" src=\"https:\/\/www.pressenza.com\/wp-content\/uploads\/2017\/10\/20171027_173556-720x405.jpg\" alt=\"\" width=\"720\" height=\"405\" srcset=\"https:\/\/www.pressenza.com\/wp-content\/uploads\/2017\/10\/20171027_173556-720x405.jpg 720w, https:\/\/www.pressenza.com\/wp-content\/uploads\/2017\/10\/20171027_173556-300x169.jpg 300w, https:\/\/www.pressenza.com\/wp-content\/uploads\/2017\/10\/20171027_173556-768x432.jpg 768w, https:\/\/www.pressenza.com\/wp-content\/uploads\/2017\/10\/20171027_173556-750x422.jpg 750w, https:\/\/www.pressenza.com\/wp-content\/uploads\/2017\/10\/20171027_173556.jpg 2048w\" sizes=\"auto, (max-width: 720px) 100vw, 720px\" \/><\/div>\n<div><\/div>\n<div><img loading=\"lazy\" decoding=\"async\" class=\"aligncenter size-large wp-image-548117\" src=\"https:\/\/www.pressenza.com\/wp-content\/uploads\/2017\/10\/20171027_173747-720x405.jpg\" alt=\"\" width=\"720\" height=\"405\" srcset=\"https:\/\/www.pressenza.com\/wp-content\/uploads\/2017\/10\/20171027_173747-720x405.jpg 720w, https:\/\/www.pressenza.com\/wp-content\/uploads\/2017\/10\/20171027_173747-300x169.jpg 300w, https:\/\/www.pressenza.com\/wp-content\/uploads\/2017\/10\/20171027_173747-768x432.jpg 768w, https:\/\/www.pressenza.com\/wp-content\/uploads\/2017\/10\/20171027_173747-750x422.jpg 750w, https:\/\/www.pressenza.com\/wp-content\/uploads\/2017\/10\/20171027_173747.jpg 2048w\" sizes=\"auto, (max-width: 720px) 100vw, 720px\" \/><\/div>\n<div><\/div>\n<div><img loading=\"lazy\" decoding=\"async\" class=\"aligncenter size-large wp-image-548135\" src=\"https:\/\/www.pressenza.com\/wp-content\/uploads\/2017\/10\/20171027_174001-720x405.jpg\" alt=\"\" width=\"720\" height=\"405\" srcset=\"https:\/\/www.pressenza.com\/wp-content\/uploads\/2017\/10\/20171027_174001-720x405.jpg 720w, https:\/\/www.pressenza.com\/wp-content\/uploads\/2017\/10\/20171027_174001-300x169.jpg 300w, https:\/\/www.pressenza.com\/wp-content\/uploads\/2017\/10\/20171027_174001-768x432.jpg 768w, https:\/\/www.pressenza.com\/wp-content\/uploads\/2017\/10\/20171027_174001-750x422.jpg 750w, https:\/\/www.pressenza.com\/wp-content\/uploads\/2017\/10\/20171027_174001.jpg 2048w\" sizes=\"auto, (max-width: 720px) 100vw, 720px\" \/><\/div>\n<div><\/div>\n<div><img loading=\"lazy\" decoding=\"async\" class=\"aligncenter size-large wp-image-548153\" src=\"https:\/\/www.pressenza.com\/wp-content\/uploads\/2017\/10\/20171027_174741-720x405.jpg\" alt=\"\" width=\"720\" height=\"405\" srcset=\"https:\/\/www.pressenza.com\/wp-content\/uploads\/2017\/10\/20171027_174741-720x405.jpg 720w, https:\/\/www.pressenza.com\/wp-content\/uploads\/2017\/10\/20171027_174741-300x169.jpg 300w, https:\/\/www.pressenza.com\/wp-content\/uploads\/2017\/10\/20171027_174741-768x432.jpg 768w, https:\/\/www.pressenza.com\/wp-content\/uploads\/2017\/10\/20171027_174741-750x422.jpg 750w, https:\/\/www.pressenza.com\/wp-content\/uploads\/2017\/10\/20171027_174741.jpg 2048w\" sizes=\"auto, (max-width: 720px) 100vw, 720px\" \/><\/div>\n<div><\/div>\n<div><img loading=\"lazy\" decoding=\"async\" class=\"aligncenter size-large wp-image-548162\" src=\"https:\/\/www.pressenza.com\/wp-content\/uploads\/2017\/10\/20171027_175538-720x405.jpg\" alt=\"\" width=\"720\" height=\"405\" srcset=\"https:\/\/www.pressenza.com\/wp-content\/uploads\/2017\/10\/20171027_175538-720x405.jpg 720w, https:\/\/www.pressenza.com\/wp-content\/uploads\/2017\/10\/20171027_175538-300x169.jpg 300w, https:\/\/www.pressenza.com\/wp-content\/uploads\/2017\/10\/20171027_175538-768x432.jpg 768w, https:\/\/www.pressenza.com\/wp-content\/uploads\/2017\/10\/20171027_175538-750x422.jpg 750w, https:\/\/www.pressenza.com\/wp-content\/uploads\/2017\/10\/20171027_175538.jpg 2048w\" sizes=\"auto, (max-width: 720px) 100vw, 720px\" \/><\/div>\n<div><\/div>\n<div><img loading=\"lazy\" decoding=\"async\" class=\"aligncenter size-large wp-image-548171\" src=\"https:\/\/www.pressenza.com\/wp-content\/uploads\/2017\/10\/20171027_175632-720x405.jpg\" alt=\"\" width=\"720\" height=\"405\" srcset=\"https:\/\/www.pressenza.com\/wp-content\/uploads\/2017\/10\/20171027_175632-720x405.jpg 720w, https:\/\/www.pressenza.com\/wp-content\/uploads\/2017\/10\/20171027_175632-300x169.jpg 300w, https:\/\/www.pressenza.com\/wp-content\/uploads\/2017\/10\/20171027_175632-768x432.jpg 768w, https:\/\/www.pressenza.com\/wp-content\/uploads\/2017\/10\/20171027_175632-750x422.jpg 750w, https:\/\/www.pressenza.com\/wp-content\/uploads\/2017\/10\/20171027_175632.jpg 2048w\" sizes=\"auto, (max-width: 720px) 100vw, 720px\" \/><\/div>\n","protected":false},"excerpt":{"rendered":"<p>El tremendo aguacero del viernes 27 de octubre en la tarde, no fue obst\u00e1culo para que la plataforma Basta Ya Femicidios &#8211; Ecuador,\u00a0 se \u00abpresentara en sociedad\u00bb. Con un performance, preparado por el equipo de promotores de la Direcci\u00f3n Metropolitana&hellip;<\/p>\n","protected":false},"author":454,"featured_media":548063,"comment_status":"closed","ping_status":"closed","sticky":false,"template":"","format":"standard","meta":{"footnotes":""},"categories":[11389,1241,5667,1242,67],"tags":[41404,2973,41403],"class_list":["post-548062","post","type-post","status-publish","format-standard","has-post-thumbnail","hentry","category-contenido-original","category-diversidad","category-foto-reportajes","category-noviolencia-tema","category-sudamerica","tag-basta-ya-femicidios","tag-ecuador-es","tag-octubre-noviolento"],"yoast_head":"<!-- This site is optimized with the Yoast SEO plugin v27.1.1 - https:\/\/yoast.com\/product\/yoast-seo-wordpress\/ -->\n<title>Performance contra el femicidio en Ecuador<\/title>\n<meta name=\"description\" content=\"El tremendo aguacero del viernes 27 de octubre en la tarde, no fue obst\u00e1culo para que la plataforma Basta Ya Femicidios - Ecuador,\u00a0 se &quot;presentara en\" \/>\n<meta name=\"robots\" content=\"index, follow, max-snippet:-1, max-image-preview:large, max-video-preview:-1\" \/>\n<link rel=\"canonical\" href=\"https:\/\/www.pressenza.com\/es\/2017\/10\/performance-femicidio-ecuador\/\" \/>\n<meta property=\"og:locale\" content=\"es_ES\" \/>\n<meta property=\"og:type\" content=\"article\" \/>\n<meta property=\"og:title\" content=\"Performance contra el femicidio en Ecuador\" \/>\n<meta property=\"og:description\" content=\"El tremendo aguacero del viernes 27 de octubre en la tarde, no fue obst\u00e1culo para que la plataforma Basta Ya Femicidios - Ecuador,\u00a0 se &quot;presentara en\" \/>\n<meta property=\"og:url\" content=\"https:\/\/www.pressenza.com\/es\/2017\/10\/performance-femicidio-ecuador\/\" \/>\n<meta property=\"og:site_name\" content=\"Pressenza\" \/>\n<meta property=\"article:publisher\" content=\"https:\/\/www.facebook.com\/PressenzaItalia\" \/>\n<meta property=\"article:published_time\" content=\"2017-10-30T02:11:57+00:00\" \/>\n<meta property=\"article:modified_time\" content=\"2017-10-30T10:35:30+00:00\" \/>\n<meta property=\"og:image\" content=\"https:\/\/www.pressenza.com\/wp-content\/uploads\/2017\/10\/20171027_174137.jpg\" \/>\n\t<meta property=\"og:image:width\" content=\"2048\" \/>\n\t<meta property=\"og:image:height\" content=\"1152\" \/>\n\t<meta property=\"og:image:type\" content=\"image\/jpeg\" \/>\n<meta name=\"author\" content=\"Nelsy Lizarazo\" \/>\n<meta name=\"twitter:card\" content=\"summary_large_image\" \/>\n<meta name=\"twitter:creator\" content=\"@PressenzaIPA\" \/>\n<meta name=\"twitter:site\" content=\"@PressenzaIPA\" \/>\n<meta name=\"twitter:label1\" content=\"Escrito por\" \/>\n\t<meta name=\"twitter:data1\" content=\"Nelsy Lizarazo\" \/>\n\t<meta name=\"twitter:label2\" content=\"Tiempo de lectura\" \/>\n\t<meta name=\"twitter:data2\" content=\"1 minuto\" \/>\n<script type=\"application\/ld+json\" class=\"yoast-schema-graph\">{\"@context\":\"https:\/\/schema.org\",\"@graph\":[{\"@type\":\"Article\",\"@id\":\"https:\/\/www.pressenza.com\/es\/2017\/10\/performance-femicidio-ecuador\/#article\",\"isPartOf\":{\"@id\":\"https:\/\/www.pressenza.com\/es\/2017\/10\/performance-femicidio-ecuador\/\"},\"author\":{\"name\":\"Nelsy Lizarazo\",\"@id\":\"https:\/\/www.pressenza.com\/es\/#\/schema\/person\/25aa5b5c387ba3badce63b165da09f9c\"},\"headline\":\"Performance contra el femicidio en Ecuador\",\"datePublished\":\"2017-10-30T02:11:57+00:00\",\"dateModified\":\"2017-10-30T10:35:30+00:00\",\"mainEntityOfPage\":{\"@id\":\"https:\/\/www.pressenza.com\/es\/2017\/10\/performance-femicidio-ecuador\/\"},\"wordCount\":152,\"publisher\":{\"@id\":\"https:\/\/www.pressenza.com\/es\/#organization\"},\"image\":{\"@id\":\"https:\/\/www.pressenza.com\/es\/2017\/10\/performance-femicidio-ecuador\/#primaryimage\"},\"thumbnailUrl\":\"https:\/\/www.pressenza.com\/wp-content\/uploads\/2017\/10\/20171027_174137.jpg\",\"keywords\":[\"Basta Ya Femicidios\",\"Ecuador\",\"Octubre Noviolento\"],\"articleSection\":[\"Contenido Original\",\"Diversidad\",\"Fotorreportajes\",\"Noviolencia\",\"Sudam\u00e9rica\"],\"inLanguage\":\"es\"},{\"@type\":\"WebPage\",\"@id\":\"https:\/\/www.pressenza.com\/es\/2017\/10\/performance-femicidio-ecuador\/\",\"url\":\"https:\/\/www.pressenza.com\/es\/2017\/10\/performance-femicidio-ecuador\/\",\"name\":\"Performance contra el femicidio en Ecuador\",\"isPartOf\":{\"@id\":\"https:\/\/www.pressenza.com\/es\/#website\"},\"primaryImageOfPage\":{\"@id\":\"https:\/\/www.pressenza.com\/es\/2017\/10\/performance-femicidio-ecuador\/#primaryimage\"},\"image\":{\"@id\":\"https:\/\/www.pressenza.com\/es\/2017\/10\/performance-femicidio-ecuador\/#primaryimage\"},\"thumbnailUrl\":\"https:\/\/www.pressenza.com\/wp-content\/uploads\/2017\/10\/20171027_174137.jpg\",\"datePublished\":\"2017-10-30T02:11:57+00:00\",\"dateModified\":\"2017-10-30T10:35:30+00:00\",\"description\":\"El tremendo aguacero del viernes 27 de octubre en la tarde, no fue obst\u00e1culo para que la plataforma Basta Ya Femicidios - Ecuador,\u00a0 se \\\"presentara en\",\"breadcrumb\":{\"@id\":\"https:\/\/www.pressenza.com\/es\/2017\/10\/performance-femicidio-ecuador\/#breadcrumb\"},\"inLanguage\":\"es\",\"potentialAction\":[{\"@type\":\"ReadAction\",\"target\":[\"https:\/\/www.pressenza.com\/es\/2017\/10\/performance-femicidio-ecuador\/\"]}]},{\"@type\":\"ImageObject\",\"inLanguage\":\"es\",\"@id\":\"https:\/\/www.pressenza.com\/es\/2017\/10\/performance-femicidio-ecuador\/#primaryimage\",\"url\":\"https:\/\/www.pressenza.com\/wp-content\/uploads\/2017\/10\/20171027_174137.jpg\",\"contentUrl\":\"https:\/\/www.pressenza.com\/wp-content\/uploads\/2017\/10\/20171027_174137.jpg\",\"width\":2048,\"height\":1152,\"caption\":\"Basta Ya Femicidios - Ecuador\"},{\"@type\":\"BreadcrumbList\",\"@id\":\"https:\/\/www.pressenza.com\/es\/2017\/10\/performance-femicidio-ecuador\/#breadcrumb\",\"itemListElement\":[{\"@type\":\"ListItem\",\"position\":1,\"name\":\"Accueil\",\"item\":\"https:\/\/www.pressenza.com\/es\/\"},{\"@type\":\"ListItem\",\"position\":2,\"name\":\"Performance contra el femicidio en Ecuador\"}]},{\"@type\":\"WebSite\",\"@id\":\"https:\/\/www.pressenza.com\/es\/#website\",\"url\":\"https:\/\/www.pressenza.com\/es\/\",\"name\":\"Pressenza\",\"description\":\"International Press Agency\",\"publisher\":{\"@id\":\"https:\/\/www.pressenza.com\/es\/#organization\"},\"potentialAction\":[{\"@type\":\"SearchAction\",\"target\":{\"@type\":\"EntryPoint\",\"urlTemplate\":\"https:\/\/www.pressenza.com\/es\/?s={search_term_string}\"},\"query-input\":{\"@type\":\"PropertyValueSpecification\",\"valueRequired\":true,\"valueName\":\"search_term_string\"}}],\"inLanguage\":\"es\"},{\"@type\":\"Organization\",\"@id\":\"https:\/\/www.pressenza.com\/es\/#organization\",\"name\":\"Pressenza\",\"url\":\"https:\/\/www.pressenza.com\/es\/\",\"logo\":{\"@type\":\"ImageObject\",\"inLanguage\":\"es\",\"@id\":\"https:\/\/www.pressenza.com\/es\/#\/schema\/logo\/image\/\",\"url\":\"https:\/\/www.pressenza.com\/wp-content\/uploads\/2022\/10\/pressenza_logo_200x200.jpg\",\"contentUrl\":\"https:\/\/www.pressenza.com\/wp-content\/uploads\/2022\/10\/pressenza_logo_200x200.jpg\",\"width\":200,\"height\":200,\"caption\":\"Pressenza\"},\"image\":{\"@id\":\"https:\/\/www.pressenza.com\/es\/#\/schema\/logo\/image\/\"},\"sameAs\":[\"https:\/\/www.facebook.com\/PressenzaItalia\",\"https:\/\/x.com\/PressenzaIPA\"]},{\"@type\":\"Person\",\"@id\":\"https:\/\/www.pressenza.com\/es\/#\/schema\/person\/25aa5b5c387ba3badce63b165da09f9c\",\"name\":\"Nelsy Lizarazo\",\"description\":\"Nelsy Lizarazo, Colombian, living in Quito, Ecuador. Professional background in philosophy, literature, political sciences and international relations.\",\"url\":\"https:\/\/www.pressenza.com\/es\/author\/nelsy-lizarazo\/\"}]}<\/script>\n<!-- \/ Yoast SEO plugin. -->","yoast_head_json":{"title":"Performance contra el femicidio en Ecuador","description":"El tremendo aguacero del viernes 27 de octubre en la tarde, no fue obst\u00e1culo para que la plataforma Basta Ya Femicidios - Ecuador,\u00a0 se \"presentara en","robots":{"index":"index","follow":"follow","max-snippet":"max-snippet:-1","max-image-preview":"max-image-preview:large","max-video-preview":"max-video-preview:-1"},"canonical":"https:\/\/www.pressenza.com\/es\/2017\/10\/performance-femicidio-ecuador\/","og_locale":"es_ES","og_type":"article","og_title":"Performance contra el femicidio en Ecuador","og_description":"El tremendo aguacero del viernes 27 de octubre en la tarde, no fue obst\u00e1culo para que la plataforma Basta Ya Femicidios - Ecuador,\u00a0 se \"presentara en","og_url":"https:\/\/www.pressenza.com\/es\/2017\/10\/performance-femicidio-ecuador\/","og_site_name":"Pressenza","article_publisher":"https:\/\/www.facebook.com\/PressenzaItalia","article_published_time":"2017-10-30T02:11:57+00:00","article_modified_time":"2017-10-30T10:35:30+00:00","og_image":[{"width":2048,"height":1152,"url":"https:\/\/www.pressenza.com\/wp-content\/uploads\/2017\/10\/20171027_174137.jpg","type":"image\/jpeg"}],"author":"Nelsy Lizarazo","twitter_card":"summary_large_image","twitter_creator":"@PressenzaIPA","twitter_site":"@PressenzaIPA","twitter_misc":{"Escrito por":"Nelsy Lizarazo","Tiempo de lectura":"1 minuto"},"schema":{"@context":"https:\/\/schema.org","@graph":[{"@type":"Article","@id":"https:\/\/www.pressenza.com\/es\/2017\/10\/performance-femicidio-ecuador\/#article","isPartOf":{"@id":"https:\/\/www.pressenza.com\/es\/2017\/10\/performance-femicidio-ecuador\/"},"author":{"name":"Nelsy Lizarazo","@id":"https:\/\/www.pressenza.com\/es\/#\/schema\/person\/25aa5b5c387ba3badce63b165da09f9c"},"headline":"Performance contra el femicidio en Ecuador","datePublished":"2017-10-30T02:11:57+00:00","dateModified":"2017-10-30T10:35:30+00:00","mainEntityOfPage":{"@id":"https:\/\/www.pressenza.com\/es\/2017\/10\/performance-femicidio-ecuador\/"},"wordCount":152,"publisher":{"@id":"https:\/\/www.pressenza.com\/es\/#organization"},"image":{"@id":"https:\/\/www.pressenza.com\/es\/2017\/10\/performance-femicidio-ecuador\/#primaryimage"},"thumbnailUrl":"https:\/\/www.pressenza.com\/wp-content\/uploads\/2017\/10\/20171027_174137.jpg","keywords":["Basta Ya Femicidios","Ecuador","Octubre Noviolento"],"articleSection":["Contenido Original","Diversidad","Fotorreportajes","Noviolencia","Sudam\u00e9rica"],"inLanguage":"es"},{"@type":"WebPage","@id":"https:\/\/www.pressenza.com\/es\/2017\/10\/performance-femicidio-ecuador\/","url":"https:\/\/www.pressenza.com\/es\/2017\/10\/performance-femicidio-ecuador\/","name":"Performance contra el femicidio en Ecuador","isPartOf":{"@id":"https:\/\/www.pressenza.com\/es\/#website"},"primaryImageOfPage":{"@id":"https:\/\/www.pressenza.com\/es\/2017\/10\/performance-femicidio-ecuador\/#primaryimage"},"image":{"@id":"https:\/\/www.pressenza.com\/es\/2017\/10\/performance-femicidio-ecuador\/#primaryimage"},"thumbnailUrl":"https:\/\/www.pressenza.com\/wp-content\/uploads\/2017\/10\/20171027_174137.jpg","datePublished":"2017-10-30T02:11:57+00:00","dateModified":"2017-10-30T10:35:30+00:00","description":"El tremendo aguacero del viernes 27 de octubre en la tarde, no fue obst\u00e1culo para que la plataforma Basta Ya Femicidios - Ecuador,\u00a0 se \"presentara en","breadcrumb":{"@id":"https:\/\/www.pressenza.com\/es\/2017\/10\/performance-femicidio-ecuador\/#breadcrumb"},"inLanguage":"es","potentialAction":[{"@type":"ReadAction","target":["https:\/\/www.pressenza.com\/es\/2017\/10\/performance-femicidio-ecuador\/"]}]},{"@type":"ImageObject","inLanguage":"es","@id":"https:\/\/www.pressenza.com\/es\/2017\/10\/performance-femicidio-ecuador\/#primaryimage","url":"https:\/\/www.pressenza.com\/wp-content\/uploads\/2017\/10\/20171027_174137.jpg","contentUrl":"https:\/\/www.pressenza.com\/wp-content\/uploads\/2017\/10\/20171027_174137.jpg","width":2048,"height":1152,"caption":"Basta Ya Femicidios - Ecuador"},{"@type":"BreadcrumbList","@id":"https:\/\/www.pressenza.com\/es\/2017\/10\/performance-femicidio-ecuador\/#breadcrumb","itemListElement":[{"@type":"ListItem","position":1,"name":"Accueil","item":"https:\/\/www.pressenza.com\/es\/"},{"@type":"ListItem","position":2,"name":"Performance contra el femicidio en Ecuador"}]},{"@type":"WebSite","@id":"https:\/\/www.pressenza.com\/es\/#website","url":"https:\/\/www.pressenza.com\/es\/","name":"Pressenza","description":"International Press Agency","publisher":{"@id":"https:\/\/www.pressenza.com\/es\/#organization"},"potentialAction":[{"@type":"SearchAction","target":{"@type":"EntryPoint","urlTemplate":"https:\/\/www.pressenza.com\/es\/?s={search_term_string}"},"query-input":{"@type":"PropertyValueSpecification","valueRequired":true,"valueName":"search_term_string"}}],"inLanguage":"es"},{"@type":"Organization","@id":"https:\/\/www.pressenza.com\/es\/#organization","name":"Pressenza","url":"https:\/\/www.pressenza.com\/es\/","logo":{"@type":"ImageObject","inLanguage":"es","@id":"https:\/\/www.pressenza.com\/es\/#\/schema\/logo\/image\/","url":"https:\/\/www.pressenza.com\/wp-content\/uploads\/2022\/10\/pressenza_logo_200x200.jpg","contentUrl":"https:\/\/www.pressenza.com\/wp-content\/uploads\/2022\/10\/pressenza_logo_200x200.jpg","width":200,"height":200,"caption":"Pressenza"},"image":{"@id":"https:\/\/www.pressenza.com\/es\/#\/schema\/logo\/image\/"},"sameAs":["https:\/\/www.facebook.com\/PressenzaItalia","https:\/\/x.com\/PressenzaIPA"]},{"@type":"Person","@id":"https:\/\/www.pressenza.com\/es\/#\/schema\/person\/25aa5b5c387ba3badce63b165da09f9c","name":"Nelsy Lizarazo","description":"Nelsy Lizarazo, Colombian, living in Quito, Ecuador. Professional background in philosophy, literature, political sciences and international relations.","url":"https:\/\/www.pressenza.com\/es\/author\/nelsy-lizarazo\/"}]}},"place":"Quito, Ecuador","original_article_url":"","_links":{"self":[{"href":"https:\/\/www.pressenza.com\/es\/wp-json\/wp\/v2\/posts\/548062","targetHints":{"allow":["GET"]}}],"collection":[{"href":"https:\/\/www.pressenza.com\/es\/wp-json\/wp\/v2\/posts"}],"about":[{"href":"https:\/\/www.pressenza.com\/es\/wp-json\/wp\/v2\/types\/post"}],"author":[{"embeddable":true,"href":"https:\/\/www.pressenza.com\/es\/wp-json\/wp\/v2\/users\/454"}],"replies":[{"embeddable":true,"href":"https:\/\/www.pressenza.com\/es\/wp-json\/wp\/v2\/comments?post=548062"}],"version-history":[{"count":0,"href":"https:\/\/www.pressenza.com\/es\/wp-json\/wp\/v2\/posts\/548062\/revisions"}],"wp:featuredmedia":[{"embeddable":true,"href":"https:\/\/www.pressenza.com\/es\/wp-json\/wp\/v2\/media\/548063"}],"wp:attachment":[{"href":"https:\/\/www.pressenza.com\/es\/wp-json\/wp\/v2\/media?parent=548062"}],"wp:term":[{"taxonomy":"category","embeddable":true,"href":"https:\/\/www.pressenza.com\/es\/wp-json\/wp\/v2\/categories?post=548062"},{"taxonomy":"post_tag","embeddable":true,"href":"https:\/\/www.pressenza.com\/es\/wp-json\/wp\/v2\/tags?post=548062"}],"curies":[{"name":"wp","href":"https:\/\/api.w.org\/{rel}","templated":true}]}}