{"id":547170,"date":"2017-10-28T01:58:57","date_gmt":"2017-10-28T00:58:57","guid":{"rendered":"https:\/\/www.pressenza.com\/?p=547170\/"},"modified":"2017-10-28T01:58:57","modified_gmt":"2017-10-28T00:58:57","slug":"frente-al-fracaso-de-la-politica-construyamos-alianzas-sociales-mas-amplias","status":"publish","type":"post","link":"https:\/\/www.pressenza.com\/es\/2017\/10\/frente-al-fracaso-de-la-politica-construyamos-alianzas-sociales-mas-amplias\/","title":{"rendered":"Frente al fracaso de la pol\u00edtica, construyamos alianzas sociales m\u00e1s ampl\u00edas"},"content":{"rendered":"<p>Barcelona En com\u00fan, partido en el gobierno del Ayuntamiento de Barcelona, condena la aplicaci\u00f3n del art\u00edculo 155 impulsado por el gobierno de Mariano Rajoy y rechaza la declaraci\u00f3n de independencia de hoy en el Parlamento de Catalu\u00f1a. \u201cUna vez m\u00e1s, se demuestra que se han impuesto los intereses partidistas por encima de la defensa de las instituciones. Hoy, en el Parlamento de Catalu\u00f1a y en el Senado se han dinamitado todos los puentes por el di\u00e1logo y se han cometido dos irresponsabilidades\u201d.<\/p>\n<p>Desde Barcelona En com\u00fan condenamos la aplicaci\u00f3n del art\u00edculo 155 como muestra del fracaso pol\u00edtico que ha abierto la puerta al peor escenario en Catalu\u00f1a. La aplicaci\u00f3n del 155 significar\u00e1 la suspensi\u00f3n de nuestro autogobierno y nuestras instituciones, un art\u00edculo que pretende arrebatarnos las instituciones catalanas, hacer una regresi\u00f3n de derechos y libertades que acabar\u00e1n afectando a todo el Estado y que no resolver\u00e1 nada.<\/p>\n<p>Tambi\u00e9n se muestran contrarios a la declaraci\u00f3n de independencia, dado que no cuenta ni con la legitimidad democr\u00e1tica ni con la mayor\u00eda parlamentaria suficiente para llevarla a cabo. Desde Barcelona En com\u00fan consideramos una irresponsabilidad tomar una decisi\u00f3n unilateral, sin contar con m\u00e1s de la mitad de la poblaci\u00f3n catalana, la cual nos lleva a la ruptura de la cohesi\u00f3n social. Es un grave error que se plantee la independencia como respuesta al art\u00edculo 155. Ahora mismo aquello que necesitamos es un frente de amplias mayor\u00edas sociales y pol\u00edticas para evitar las consecuencias del 155 y defender las instituciones catalanas.<\/p>\n<p>As\u00ed mismo, reclaman que se pare la represi\u00f3n y la judicializaci\u00f3n, y pedimos la libertad de los presidentes de \u00d2mnium Cultural y la Asamblea Nacional Catalana, Jordi Cuixart y Jordi S\u00e0nchez. Creemos que contra la brutalidad del 155 tendremos la fuerza del 80% de los catalanes que reivindicamos el derecho a decidir. Por eso, hacen falta alianzas m\u00e1s amplias, tambi\u00e9n con nuestros pueblos hermanos, y trabajar para conseguir impedir la aplicaci\u00f3n del 155 y para salir de la situaci\u00f3n actual.<\/p>\n","protected":false},"excerpt":{"rendered":"<p>Barcelona En com\u00fan, partido en el gobierno del Ayuntamiento de Barcelona, condena la aplicaci\u00f3n del art\u00edculo 155 impulsado por el gobierno de Mariano Rajoy y rechaza la declaraci\u00f3n de independencia de hoy en el Parlamento de Catalu\u00f1a. \u201cUna vez m\u00e1s,&hellip;<\/p>\n","protected":false},"author":1122,"featured_media":547171,"comment_status":"closed","ping_status":"closed","sticky":false,"template":"","format":"standard","meta":{"footnotes":""},"categories":[149,74],"tags":[11377,555,21677],"class_list":["post-547170","post","type-post","status-publish","format-standard","has-post-thumbnail","hentry","category-comunicados-de-prensa","category-politica-es","tag-cataluna","tag-catalunya","tag-independencia-catalana"],"yoast_head":"<!-- This site is optimized with the Yoast SEO plugin v27.1.1 - https:\/\/yoast.com\/product\/yoast-seo-wordpress\/ -->\n<title>Frente al fracaso de la pol\u00edtica, construyamos alianzas sociales m\u00e1s ampl\u00edas<\/title>\n<meta name=\"description\" content=\"Barcelona En com\u00fan, partido en el gobierno del Ayuntamiento de Barcelona, condena la aplicaci\u00f3n del art\u00edculo 155 impulsado por el gobierno de Mariano\" \/>\n<meta name=\"robots\" content=\"index, follow, max-snippet:-1, max-image-preview:large, max-video-preview:-1\" \/>\n<link rel=\"canonical\" href=\"https:\/\/www.pressenza.com\/es\/2017\/10\/frente-al-fracaso-de-la-politica-construyamos-alianzas-sociales-mas-amplias\/\" \/>\n<meta property=\"og:locale\" content=\"es_ES\" \/>\n<meta property=\"og:type\" content=\"article\" \/>\n<meta property=\"og:title\" content=\"Frente al fracaso de la pol\u00edtica, construyamos alianzas sociales m\u00e1s ampl\u00edas\" \/>\n<meta property=\"og:description\" content=\"Barcelona En com\u00fan, partido en el gobierno del Ayuntamiento de Barcelona, condena la aplicaci\u00f3n del art\u00edculo 155 impulsado por el gobierno de Mariano\" \/>\n<meta property=\"og:url\" content=\"https:\/\/www.pressenza.com\/es\/2017\/10\/frente-al-fracaso-de-la-politica-construyamos-alianzas-sociales-mas-amplias\/\" \/>\n<meta property=\"og:site_name\" content=\"Pressenza\" \/>\n<meta property=\"article:publisher\" content=\"https:\/\/www.facebook.com\/PressenzaItalia\" \/>\n<meta property=\"article:author\" content=\"https:\/\/www.facebook.com\/Pressenza-Espaa-647854795301395\/timeline\/\" \/>\n<meta property=\"article:published_time\" content=\"2017-10-28T00:58:57+00:00\" \/>\n<meta property=\"og:image\" content=\"https:\/\/www.pressenza.com\/wp-content\/uploads\/2017\/10\/Image-3.jpeg\" \/>\n\t<meta property=\"og:image:width\" content=\"2048\" \/>\n\t<meta property=\"og:image:height\" content=\"1536\" \/>\n\t<meta property=\"og:image:type\" content=\"image\/jpeg\" \/>\n<meta name=\"author\" content=\"Redacci\u00f3n Barcelona\" \/>\n<meta name=\"twitter:card\" content=\"summary_large_image\" \/>\n<meta name=\"twitter:creator\" content=\"@pressenza\" \/>\n<meta name=\"twitter:site\" content=\"@PressenzaIPA\" \/>\n<meta name=\"twitter:label1\" content=\"Escrito por\" \/>\n\t<meta name=\"twitter:data1\" content=\"Redacci\u00f3n Barcelona\" \/>\n\t<meta name=\"twitter:label2\" content=\"Tiempo de lectura\" \/>\n\t<meta name=\"twitter:data2\" content=\"2 minutos\" \/>\n<script type=\"application\/ld+json\" class=\"yoast-schema-graph\">{\"@context\":\"https:\/\/schema.org\",\"@graph\":[{\"@type\":\"Article\",\"@id\":\"https:\/\/www.pressenza.com\/es\/2017\/10\/frente-al-fracaso-de-la-politica-construyamos-alianzas-sociales-mas-amplias\/#article\",\"isPartOf\":{\"@id\":\"https:\/\/www.pressenza.com\/es\/2017\/10\/frente-al-fracaso-de-la-politica-construyamos-alianzas-sociales-mas-amplias\/\"},\"author\":{\"name\":\"Redacci\u00f3n Barcelona\",\"@id\":\"https:\/\/www.pressenza.com\/es\/#\/schema\/person\/8abc53b92f3264e0dad4300d54ac73ff\"},\"headline\":\"Frente al fracaso de la pol\u00edtica, construyamos alianzas sociales m\u00e1s ampl\u00edas\",\"datePublished\":\"2017-10-28T00:58:57+00:00\",\"mainEntityOfPage\":{\"@id\":\"https:\/\/www.pressenza.com\/es\/2017\/10\/frente-al-fracaso-de-la-politica-construyamos-alianzas-sociales-mas-amplias\/\"},\"wordCount\":370,\"publisher\":{\"@id\":\"https:\/\/www.pressenza.com\/es\/#organization\"},\"image\":{\"@id\":\"https:\/\/www.pressenza.com\/es\/2017\/10\/frente-al-fracaso-de-la-politica-construyamos-alianzas-sociales-mas-amplias\/#primaryimage\"},\"thumbnailUrl\":\"https:\/\/www.pressenza.com\/wp-content\/uploads\/2017\/10\/Image-3.jpeg\",\"keywords\":[\"Catalu\u00f1a\",\"Catalunya\",\"independencia catalana\"],\"articleSection\":[\"Comunicados de Prensa\",\"Pol\u00edtica\"],\"inLanguage\":\"es\"},{\"@type\":\"WebPage\",\"@id\":\"https:\/\/www.pressenza.com\/es\/2017\/10\/frente-al-fracaso-de-la-politica-construyamos-alianzas-sociales-mas-amplias\/\",\"url\":\"https:\/\/www.pressenza.com\/es\/2017\/10\/frente-al-fracaso-de-la-politica-construyamos-alianzas-sociales-mas-amplias\/\",\"name\":\"Frente al fracaso de la pol\u00edtica, construyamos alianzas sociales m\u00e1s ampl\u00edas\",\"isPartOf\":{\"@id\":\"https:\/\/www.pressenza.com\/es\/#website\"},\"primaryImageOfPage\":{\"@id\":\"https:\/\/www.pressenza.com\/es\/2017\/10\/frente-al-fracaso-de-la-politica-construyamos-alianzas-sociales-mas-amplias\/#primaryimage\"},\"image\":{\"@id\":\"https:\/\/www.pressenza.com\/es\/2017\/10\/frente-al-fracaso-de-la-politica-construyamos-alianzas-sociales-mas-amplias\/#primaryimage\"},\"thumbnailUrl\":\"https:\/\/www.pressenza.com\/wp-content\/uploads\/2017\/10\/Image-3.jpeg\",\"datePublished\":\"2017-10-28T00:58:57+00:00\",\"description\":\"Barcelona En com\u00fan, partido en el gobierno del Ayuntamiento de Barcelona, condena la aplicaci\u00f3n del art\u00edculo 155 impulsado por el gobierno de Mariano\",\"breadcrumb\":{\"@id\":\"https:\/\/www.pressenza.com\/es\/2017\/10\/frente-al-fracaso-de-la-politica-construyamos-alianzas-sociales-mas-amplias\/#breadcrumb\"},\"inLanguage\":\"es\",\"potentialAction\":[{\"@type\":\"ReadAction\",\"target\":[\"https:\/\/www.pressenza.com\/es\/2017\/10\/frente-al-fracaso-de-la-politica-construyamos-alianzas-sociales-mas-amplias\/\"]}]},{\"@type\":\"ImageObject\",\"inLanguage\":\"es\",\"@id\":\"https:\/\/www.pressenza.com\/es\/2017\/10\/frente-al-fracaso-de-la-politica-construyamos-alianzas-sociales-mas-amplias\/#primaryimage\",\"url\":\"https:\/\/www.pressenza.com\/wp-content\/uploads\/2017\/10\/Image-3.jpeg\",\"contentUrl\":\"https:\/\/www.pressenza.com\/wp-content\/uploads\/2017\/10\/Image-3.jpeg\",\"width\":2048,\"height\":1536},{\"@type\":\"BreadcrumbList\",\"@id\":\"https:\/\/www.pressenza.com\/es\/2017\/10\/frente-al-fracaso-de-la-politica-construyamos-alianzas-sociales-mas-amplias\/#breadcrumb\",\"itemListElement\":[{\"@type\":\"ListItem\",\"position\":1,\"name\":\"Accueil\",\"item\":\"https:\/\/www.pressenza.com\/es\/\"},{\"@type\":\"ListItem\",\"position\":2,\"name\":\"Frente al fracaso de la pol\u00edtica, construyamos alianzas sociales m\u00e1s ampl\u00edas\"}]},{\"@type\":\"WebSite\",\"@id\":\"https:\/\/www.pressenza.com\/es\/#website\",\"url\":\"https:\/\/www.pressenza.com\/es\/\",\"name\":\"Pressenza\",\"description\":\"International Press Agency\",\"publisher\":{\"@id\":\"https:\/\/www.pressenza.com\/es\/#organization\"},\"potentialAction\":[{\"@type\":\"SearchAction\",\"target\":{\"@type\":\"EntryPoint\",\"urlTemplate\":\"https:\/\/www.pressenza.com\/es\/?s={search_term_string}\"},\"query-input\":{\"@type\":\"PropertyValueSpecification\",\"valueRequired\":true,\"valueName\":\"search_term_string\"}}],\"inLanguage\":\"es\"},{\"@type\":\"Organization\",\"@id\":\"https:\/\/www.pressenza.com\/es\/#organization\",\"name\":\"Pressenza\",\"url\":\"https:\/\/www.pressenza.com\/es\/\",\"logo\":{\"@type\":\"ImageObject\",\"inLanguage\":\"es\",\"@id\":\"https:\/\/www.pressenza.com\/es\/#\/schema\/logo\/image\/\",\"url\":\"https:\/\/www.pressenza.com\/wp-content\/uploads\/2022\/10\/pressenza_logo_200x200.jpg\",\"contentUrl\":\"https:\/\/www.pressenza.com\/wp-content\/uploads\/2022\/10\/pressenza_logo_200x200.jpg\",\"width\":200,\"height\":200,\"caption\":\"Pressenza\"},\"image\":{\"@id\":\"https:\/\/www.pressenza.com\/es\/#\/schema\/logo\/image\/\"},\"sameAs\":[\"https:\/\/www.facebook.com\/PressenzaItalia\",\"https:\/\/x.com\/PressenzaIPA\"]},{\"@type\":\"Person\",\"@id\":\"https:\/\/www.pressenza.com\/es\/#\/schema\/person\/8abc53b92f3264e0dad4300d54ac73ff\",\"name\":\"Redacci\u00f3n Barcelona\",\"description\":\"News published by the Pressenza bureau in Barcelona, Spain\",\"sameAs\":[\"https:\/\/www.facebook.com\/Pressenza-Espaa-647854795301395\/timeline\/\",\"https:\/\/x.com\/pressenza\"],\"url\":\"https:\/\/www.pressenza.com\/es\/author\/redaccion-barcelona\/\"}]}<\/script>\n<!-- \/ Yoast SEO plugin. -->","yoast_head_json":{"title":"Frente al fracaso de la pol\u00edtica, construyamos alianzas sociales m\u00e1s ampl\u00edas","description":"Barcelona En com\u00fan, partido en el gobierno del Ayuntamiento de Barcelona, condena la aplicaci\u00f3n del art\u00edculo 155 impulsado por el gobierno de Mariano","robots":{"index":"index","follow":"follow","max-snippet":"max-snippet:-1","max-image-preview":"max-image-preview:large","max-video-preview":"max-video-preview:-1"},"canonical":"https:\/\/www.pressenza.com\/es\/2017\/10\/frente-al-fracaso-de-la-politica-construyamos-alianzas-sociales-mas-amplias\/","og_locale":"es_ES","og_type":"article","og_title":"Frente al fracaso de la pol\u00edtica, construyamos alianzas sociales m\u00e1s ampl\u00edas","og_description":"Barcelona En com\u00fan, partido en el gobierno del Ayuntamiento de Barcelona, condena la aplicaci\u00f3n del art\u00edculo 155 impulsado por el gobierno de Mariano","og_url":"https:\/\/www.pressenza.com\/es\/2017\/10\/frente-al-fracaso-de-la-politica-construyamos-alianzas-sociales-mas-amplias\/","og_site_name":"Pressenza","article_publisher":"https:\/\/www.facebook.com\/PressenzaItalia","article_author":"https:\/\/www.facebook.com\/Pressenza-Espaa-647854795301395\/timeline\/","article_published_time":"2017-10-28T00:58:57+00:00","og_image":[{"width":2048,"height":1536,"url":"https:\/\/www.pressenza.com\/wp-content\/uploads\/2017\/10\/Image-3.jpeg","type":"image\/jpeg"}],"author":"Redacci\u00f3n Barcelona","twitter_card":"summary_large_image","twitter_creator":"@pressenza","twitter_site":"@PressenzaIPA","twitter_misc":{"Escrito por":"Redacci\u00f3n Barcelona","Tiempo de lectura":"2 minutos"},"schema":{"@context":"https:\/\/schema.org","@graph":[{"@type":"Article","@id":"https:\/\/www.pressenza.com\/es\/2017\/10\/frente-al-fracaso-de-la-politica-construyamos-alianzas-sociales-mas-amplias\/#article","isPartOf":{"@id":"https:\/\/www.pressenza.com\/es\/2017\/10\/frente-al-fracaso-de-la-politica-construyamos-alianzas-sociales-mas-amplias\/"},"author":{"name":"Redacci\u00f3n Barcelona","@id":"https:\/\/www.pressenza.com\/es\/#\/schema\/person\/8abc53b92f3264e0dad4300d54ac73ff"},"headline":"Frente al fracaso de la pol\u00edtica, construyamos alianzas sociales m\u00e1s ampl\u00edas","datePublished":"2017-10-28T00:58:57+00:00","mainEntityOfPage":{"@id":"https:\/\/www.pressenza.com\/es\/2017\/10\/frente-al-fracaso-de-la-politica-construyamos-alianzas-sociales-mas-amplias\/"},"wordCount":370,"publisher":{"@id":"https:\/\/www.pressenza.com\/es\/#organization"},"image":{"@id":"https:\/\/www.pressenza.com\/es\/2017\/10\/frente-al-fracaso-de-la-politica-construyamos-alianzas-sociales-mas-amplias\/#primaryimage"},"thumbnailUrl":"https:\/\/www.pressenza.com\/wp-content\/uploads\/2017\/10\/Image-3.jpeg","keywords":["Catalu\u00f1a","Catalunya","independencia catalana"],"articleSection":["Comunicados de Prensa","Pol\u00edtica"],"inLanguage":"es"},{"@type":"WebPage","@id":"https:\/\/www.pressenza.com\/es\/2017\/10\/frente-al-fracaso-de-la-politica-construyamos-alianzas-sociales-mas-amplias\/","url":"https:\/\/www.pressenza.com\/es\/2017\/10\/frente-al-fracaso-de-la-politica-construyamos-alianzas-sociales-mas-amplias\/","name":"Frente al fracaso de la pol\u00edtica, construyamos alianzas sociales m\u00e1s ampl\u00edas","isPartOf":{"@id":"https:\/\/www.pressenza.com\/es\/#website"},"primaryImageOfPage":{"@id":"https:\/\/www.pressenza.com\/es\/2017\/10\/frente-al-fracaso-de-la-politica-construyamos-alianzas-sociales-mas-amplias\/#primaryimage"},"image":{"@id":"https:\/\/www.pressenza.com\/es\/2017\/10\/frente-al-fracaso-de-la-politica-construyamos-alianzas-sociales-mas-amplias\/#primaryimage"},"thumbnailUrl":"https:\/\/www.pressenza.com\/wp-content\/uploads\/2017\/10\/Image-3.jpeg","datePublished":"2017-10-28T00:58:57+00:00","description":"Barcelona En com\u00fan, partido en el gobierno del Ayuntamiento de Barcelona, condena la aplicaci\u00f3n del art\u00edculo 155 impulsado por el gobierno de Mariano","breadcrumb":{"@id":"https:\/\/www.pressenza.com\/es\/2017\/10\/frente-al-fracaso-de-la-politica-construyamos-alianzas-sociales-mas-amplias\/#breadcrumb"},"inLanguage":"es","potentialAction":[{"@type":"ReadAction","target":["https:\/\/www.pressenza.com\/es\/2017\/10\/frente-al-fracaso-de-la-politica-construyamos-alianzas-sociales-mas-amplias\/"]}]},{"@type":"ImageObject","inLanguage":"es","@id":"https:\/\/www.pressenza.com\/es\/2017\/10\/frente-al-fracaso-de-la-politica-construyamos-alianzas-sociales-mas-amplias\/#primaryimage","url":"https:\/\/www.pressenza.com\/wp-content\/uploads\/2017\/10\/Image-3.jpeg","contentUrl":"https:\/\/www.pressenza.com\/wp-content\/uploads\/2017\/10\/Image-3.jpeg","width":2048,"height":1536},{"@type":"BreadcrumbList","@id":"https:\/\/www.pressenza.com\/es\/2017\/10\/frente-al-fracaso-de-la-politica-construyamos-alianzas-sociales-mas-amplias\/#breadcrumb","itemListElement":[{"@type":"ListItem","position":1,"name":"Accueil","item":"https:\/\/www.pressenza.com\/es\/"},{"@type":"ListItem","position":2,"name":"Frente al fracaso de la pol\u00edtica, construyamos alianzas sociales m\u00e1s ampl\u00edas"}]},{"@type":"WebSite","@id":"https:\/\/www.pressenza.com\/es\/#website","url":"https:\/\/www.pressenza.com\/es\/","name":"Pressenza","description":"International Press Agency","publisher":{"@id":"https:\/\/www.pressenza.com\/es\/#organization"},"potentialAction":[{"@type":"SearchAction","target":{"@type":"EntryPoint","urlTemplate":"https:\/\/www.pressenza.com\/es\/?s={search_term_string}"},"query-input":{"@type":"PropertyValueSpecification","valueRequired":true,"valueName":"search_term_string"}}],"inLanguage":"es"},{"@type":"Organization","@id":"https:\/\/www.pressenza.com\/es\/#organization","name":"Pressenza","url":"https:\/\/www.pressenza.com\/es\/","logo":{"@type":"ImageObject","inLanguage":"es","@id":"https:\/\/www.pressenza.com\/es\/#\/schema\/logo\/image\/","url":"https:\/\/www.pressenza.com\/wp-content\/uploads\/2022\/10\/pressenza_logo_200x200.jpg","contentUrl":"https:\/\/www.pressenza.com\/wp-content\/uploads\/2022\/10\/pressenza_logo_200x200.jpg","width":200,"height":200,"caption":"Pressenza"},"image":{"@id":"https:\/\/www.pressenza.com\/es\/#\/schema\/logo\/image\/"},"sameAs":["https:\/\/www.facebook.com\/PressenzaItalia","https:\/\/x.com\/PressenzaIPA"]},{"@type":"Person","@id":"https:\/\/www.pressenza.com\/es\/#\/schema\/person\/8abc53b92f3264e0dad4300d54ac73ff","name":"Redacci\u00f3n Barcelona","description":"News published by the Pressenza bureau in Barcelona, Spain","sameAs":["https:\/\/www.facebook.com\/Pressenza-Espaa-647854795301395\/timeline\/","https:\/\/x.com\/pressenza"],"url":"https:\/\/www.pressenza.com\/es\/author\/redaccion-barcelona\/"}]}},"place":"","original_article_url":"","_links":{"self":[{"href":"https:\/\/www.pressenza.com\/es\/wp-json\/wp\/v2\/posts\/547170","targetHints":{"allow":["GET"]}}],"collection":[{"href":"https:\/\/www.pressenza.com\/es\/wp-json\/wp\/v2\/posts"}],"about":[{"href":"https:\/\/www.pressenza.com\/es\/wp-json\/wp\/v2\/types\/post"}],"author":[{"embeddable":true,"href":"https:\/\/www.pressenza.com\/es\/wp-json\/wp\/v2\/users\/1122"}],"replies":[{"embeddable":true,"href":"https:\/\/www.pressenza.com\/es\/wp-json\/wp\/v2\/comments?post=547170"}],"version-history":[{"count":0,"href":"https:\/\/www.pressenza.com\/es\/wp-json\/wp\/v2\/posts\/547170\/revisions"}],"wp:featuredmedia":[{"embeddable":true,"href":"https:\/\/www.pressenza.com\/es\/wp-json\/wp\/v2\/media\/547171"}],"wp:attachment":[{"href":"https:\/\/www.pressenza.com\/es\/wp-json\/wp\/v2\/media?parent=547170"}],"wp:term":[{"taxonomy":"category","embeddable":true,"href":"https:\/\/www.pressenza.com\/es\/wp-json\/wp\/v2\/categories?post=547170"},{"taxonomy":"post_tag","embeddable":true,"href":"https:\/\/www.pressenza.com\/es\/wp-json\/wp\/v2\/tags?post=547170"}],"curies":[{"name":"wp","href":"https:\/\/api.w.org\/{rel}","templated":true}]}}