{"id":54424,"date":"2013-05-31T15:29:07","date_gmt":"2013-05-31T14:29:07","guid":{"rendered":"http:\/\/www.pressenza.com\/?p=54424"},"modified":"2013-05-31T15:33:26","modified_gmt":"2013-05-31T14:33:26","slug":"culmina-en-caracas-foro-de-unasur-sobre-recursos-naturales","status":"publish","type":"post","link":"https:\/\/www.pressenza.com\/es\/2013\/05\/culmina-en-caracas-foro-de-unasur-sobre-recursos-naturales\/","title":{"rendered":"Culmina en Caracas foro de Unasur sobre recursos naturales"},"content":{"rendered":"<p>La Conferencia de la Uni\u00f3n de Naciones Suramericanas (Unasur) sobre Recursos Naturales para el Desarrollo Integral de la Regi\u00f3n culminar\u00e1 hoy en esta capital tras varias jornadas de debates en torno a diversos aspectos econ\u00f3micos, ambientales y sociales.<\/p>\n<p>Antes de la sesi\u00f3n de clausura, este jueves se realizar\u00e1 la quinta mesa de trabajo del evento, la cual estar\u00e1 dedicada a la Identificaci\u00f3n de instrumentos para una estrategia suramericana de desarrollo integral de Unasur.<\/p>\n<p>Seg\u00fan el programa, los expertos latinoamericanos que asisten a la cita caraque\u00f1a analizar\u00e1n varias iniciativas, entre las cuales figuran el Banco del Sur y la nueva arquitectura regional, el Instituto de Altos Estudios de Unasur y el Servicio Geol\u00f3gico Suramericano.<\/p>\n<p>Asimismo, se presentar\u00e1 la propuesta de creaci\u00f3n de Redes de Cooperaci\u00f3n para el desarrollo del conocimiento de la integraci\u00f3n y, m\u00e1s tarde, se evaluar\u00e1n Soluciones jur\u00eddica y prerrogativas en la administraci\u00f3n de los recursos naturales y los intercambio energ\u00e9ticos en Am\u00e9rica del Sur.<\/p>\n<p>El balance y las conclusiones del foro estar\u00e1n a cargo del secretario general de Unasur, Al\u00ed Rodr\u00edguez; en tanto, el canciller venezolano, El\u00edas Jaua, pronunciar\u00e1 las palabras finales en predios del Centro de Acci\u00f3n Social por la M\u00fasica, en la avenida capitalina de Quebrada Honda.<\/p>\n<p>La Orquesta Juvenil de Caracas cerrar\u00e1 las actividades con una presentaci\u00f3n especial.<\/p>\n","protected":false},"excerpt":{"rendered":"<p>La Conferencia de la Uni\u00f3n de Naciones Suramericanas (Unasur) sobre Recursos Naturales para el Desarrollo Integral de la Regi\u00f3n culminar\u00e1 hoy en esta capital tras varias jornadas de debates en torno a diversos aspectos econ\u00f3micos, ambientales y sociales. Antes de&hellip;<\/p>\n","protected":false},"author":640,"featured_media":54428,"comment_status":"closed","ping_status":"open","sticky":false,"template":"","format":"standard","meta":{"footnotes":""},"categories":[78,67],"tags":[381],"class_list":["post-54424","post","type-post","status-publish","format-standard","has-post-thumbnail","hentry","category-medio-ambiente-ecologia","category-sudamerica","tag-recursos-naturales"],"yoast_head":"<!-- This site is optimized with the Yoast SEO plugin v27.1.1 - https:\/\/yoast.com\/product\/yoast-seo-wordpress\/ -->\n<title>Culmina en Caracas foro de Unasur sobre recursos naturales<\/title>\n<meta name=\"description\" content=\"La Conferencia de la Uni\u00f3n de Naciones Suramericanas (Unasur) sobre Recursos Naturales para el Desarrollo Integral de la Regi\u00f3n culminar\u00e1 hoy en esta\" \/>\n<meta name=\"robots\" content=\"index, follow, max-snippet:-1, max-image-preview:large, max-video-preview:-1\" \/>\n<link rel=\"canonical\" href=\"https:\/\/www.pressenza.com\/es\/2013\/05\/culmina-en-caracas-foro-de-unasur-sobre-recursos-naturales\/\" \/>\n<meta property=\"og:locale\" content=\"es_ES\" \/>\n<meta property=\"og:type\" content=\"article\" \/>\n<meta property=\"og:title\" content=\"Culmina en Caracas foro de Unasur sobre recursos naturales\" \/>\n<meta property=\"og:description\" content=\"La Conferencia de la Uni\u00f3n de Naciones Suramericanas (Unasur) sobre Recursos Naturales para el Desarrollo Integral de la Regi\u00f3n culminar\u00e1 hoy en esta\" \/>\n<meta property=\"og:url\" content=\"https:\/\/www.pressenza.com\/es\/2013\/05\/culmina-en-caracas-foro-de-unasur-sobre-recursos-naturales\/\" \/>\n<meta property=\"og:site_name\" content=\"Pressenza\" \/>\n<meta property=\"article:publisher\" content=\"https:\/\/www.facebook.com\/PressenzaItalia\" \/>\n<meta property=\"article:author\" content=\"https:\/\/www.facebook.com\/AgenciasUlan\" \/>\n<meta property=\"article:published_time\" content=\"2013-05-31T14:29:07+00:00\" \/>\n<meta property=\"article:modified_time\" content=\"2013-05-31T14:33:26+00:00\" \/>\n<meta property=\"og:image\" content=\"https:\/\/www.pressenza.com\/wp-content\/uploads\/2013\/05\/unasur01.jpg\" \/>\n\t<meta property=\"og:image:width\" content=\"285\" \/>\n\t<meta property=\"og:image:height\" content=\"190\" \/>\n\t<meta property=\"og:image:type\" content=\"image\/jpeg\" \/>\n<meta name=\"author\" content=\"Uni\u00f3n Latinoamericana de Agencias de Noticias\" \/>\n<meta name=\"twitter:card\" content=\"summary_large_image\" \/>\n<meta name=\"twitter:creator\" content=\"@agenciasulan\" \/>\n<meta name=\"twitter:site\" content=\"@PressenzaIPA\" \/>\n<meta name=\"twitter:label1\" content=\"Escrito por\" \/>\n\t<meta name=\"twitter:data1\" content=\"Uni\u00f3n Latinoamericana de Agencias de Noticias\" \/>\n\t<meta name=\"twitter:label2\" content=\"Tiempo de lectura\" \/>\n\t<meta name=\"twitter:data2\" content=\"1 minuto\" \/>\n<script type=\"application\/ld+json\" class=\"yoast-schema-graph\">{\"@context\":\"https:\/\/schema.org\",\"@graph\":[{\"@type\":\"Article\",\"@id\":\"https:\/\/www.pressenza.com\/es\/2013\/05\/culmina-en-caracas-foro-de-unasur-sobre-recursos-naturales\/#article\",\"isPartOf\":{\"@id\":\"https:\/\/www.pressenza.com\/es\/2013\/05\/culmina-en-caracas-foro-de-unasur-sobre-recursos-naturales\/\"},\"author\":{\"name\":\"Uni\u00f3n Latinoamericana de Agencias de Noticias\",\"@id\":\"https:\/\/www.pressenza.com\/es\/#\/schema\/person\/a9efe8d7b19eb4689fcbcb71bc21dba6\"},\"headline\":\"Culmina en Caracas foro de Unasur sobre recursos naturales\",\"datePublished\":\"2013-05-31T14:29:07+00:00\",\"dateModified\":\"2013-05-31T14:33:26+00:00\",\"mainEntityOfPage\":{\"@id\":\"https:\/\/www.pressenza.com\/es\/2013\/05\/culmina-en-caracas-foro-de-unasur-sobre-recursos-naturales\/\"},\"wordCount\":246,\"publisher\":{\"@id\":\"https:\/\/www.pressenza.com\/es\/#organization\"},\"image\":{\"@id\":\"https:\/\/www.pressenza.com\/es\/2013\/05\/culmina-en-caracas-foro-de-unasur-sobre-recursos-naturales\/#primaryimage\"},\"thumbnailUrl\":\"https:\/\/www.pressenza.com\/wp-content\/uploads\/2013\/05\/unasur01.jpg\",\"keywords\":[\"Recursos naturales\"],\"articleSection\":[\"Ecolog\u00eda y Medio Ambiente\",\"Sudam\u00e9rica\"],\"inLanguage\":\"es\"},{\"@type\":\"WebPage\",\"@id\":\"https:\/\/www.pressenza.com\/es\/2013\/05\/culmina-en-caracas-foro-de-unasur-sobre-recursos-naturales\/\",\"url\":\"https:\/\/www.pressenza.com\/es\/2013\/05\/culmina-en-caracas-foro-de-unasur-sobre-recursos-naturales\/\",\"name\":\"Culmina en Caracas foro de Unasur sobre recursos naturales\",\"isPartOf\":{\"@id\":\"https:\/\/www.pressenza.com\/es\/#website\"},\"primaryImageOfPage\":{\"@id\":\"https:\/\/www.pressenza.com\/es\/2013\/05\/culmina-en-caracas-foro-de-unasur-sobre-recursos-naturales\/#primaryimage\"},\"image\":{\"@id\":\"https:\/\/www.pressenza.com\/es\/2013\/05\/culmina-en-caracas-foro-de-unasur-sobre-recursos-naturales\/#primaryimage\"},\"thumbnailUrl\":\"https:\/\/www.pressenza.com\/wp-content\/uploads\/2013\/05\/unasur01.jpg\",\"datePublished\":\"2013-05-31T14:29:07+00:00\",\"dateModified\":\"2013-05-31T14:33:26+00:00\",\"description\":\"La Conferencia de la Uni\u00f3n de Naciones Suramericanas (Unasur) sobre Recursos Naturales para el Desarrollo Integral de la Regi\u00f3n culminar\u00e1 hoy en esta\",\"breadcrumb\":{\"@id\":\"https:\/\/www.pressenza.com\/es\/2013\/05\/culmina-en-caracas-foro-de-unasur-sobre-recursos-naturales\/#breadcrumb\"},\"inLanguage\":\"es\",\"potentialAction\":[{\"@type\":\"ReadAction\",\"target\":[\"https:\/\/www.pressenza.com\/es\/2013\/05\/culmina-en-caracas-foro-de-unasur-sobre-recursos-naturales\/\"]}]},{\"@type\":\"ImageObject\",\"inLanguage\":\"es\",\"@id\":\"https:\/\/www.pressenza.com\/es\/2013\/05\/culmina-en-caracas-foro-de-unasur-sobre-recursos-naturales\/#primaryimage\",\"url\":\"https:\/\/www.pressenza.com\/wp-content\/uploads\/2013\/05\/unasur01.jpg\",\"contentUrl\":\"https:\/\/www.pressenza.com\/wp-content\/uploads\/2013\/05\/unasur01.jpg\",\"width\":285,\"height\":190},{\"@type\":\"BreadcrumbList\",\"@id\":\"https:\/\/www.pressenza.com\/es\/2013\/05\/culmina-en-caracas-foro-de-unasur-sobre-recursos-naturales\/#breadcrumb\",\"itemListElement\":[{\"@type\":\"ListItem\",\"position\":1,\"name\":\"Accueil\",\"item\":\"https:\/\/www.pressenza.com\/es\/\"},{\"@type\":\"ListItem\",\"position\":2,\"name\":\"Culmina en Caracas foro de Unasur sobre recursos naturales\"}]},{\"@type\":\"WebSite\",\"@id\":\"https:\/\/www.pressenza.com\/es\/#website\",\"url\":\"https:\/\/www.pressenza.com\/es\/\",\"name\":\"Pressenza\",\"description\":\"International Press Agency\",\"publisher\":{\"@id\":\"https:\/\/www.pressenza.com\/es\/#organization\"},\"potentialAction\":[{\"@type\":\"SearchAction\",\"target\":{\"@type\":\"EntryPoint\",\"urlTemplate\":\"https:\/\/www.pressenza.com\/es\/?s={search_term_string}\"},\"query-input\":{\"@type\":\"PropertyValueSpecification\",\"valueRequired\":true,\"valueName\":\"search_term_string\"}}],\"inLanguage\":\"es\"},{\"@type\":\"Organization\",\"@id\":\"https:\/\/www.pressenza.com\/es\/#organization\",\"name\":\"Pressenza\",\"url\":\"https:\/\/www.pressenza.com\/es\/\",\"logo\":{\"@type\":\"ImageObject\",\"inLanguage\":\"es\",\"@id\":\"https:\/\/www.pressenza.com\/es\/#\/schema\/logo\/image\/\",\"url\":\"https:\/\/www.pressenza.com\/wp-content\/uploads\/2022\/10\/pressenza_logo_200x200.jpg\",\"contentUrl\":\"https:\/\/www.pressenza.com\/wp-content\/uploads\/2022\/10\/pressenza_logo_200x200.jpg\",\"width\":200,\"height\":200,\"caption\":\"Pressenza\"},\"image\":{\"@id\":\"https:\/\/www.pressenza.com\/es\/#\/schema\/logo\/image\/\"},\"sameAs\":[\"https:\/\/www.facebook.com\/PressenzaItalia\",\"https:\/\/x.com\/PressenzaIPA\"]},{\"@type\":\"Person\",\"@id\":\"https:\/\/www.pressenza.com\/es\/#\/schema\/person\/a9efe8d7b19eb4689fcbcb71bc21dba6\",\"name\":\"Uni\u00f3n Latinoamericana de Agencias de Noticias\",\"description\":\"Una asociaci\u00f3n supranacional que re\u00fane a las agencias de noticias de Am\u00e9rica Latina y el Caribe. agenciasulan.org\",\"sameAs\":[\"https:\/\/www.facebook.com\/AgenciasUlan\",\"https:\/\/x.com\/agenciasulan\"],\"url\":\"https:\/\/www.pressenza.com\/es\/author\/union-latinoamericana-de-agencias-de-noticias\/\"}]}<\/script>\n<!-- \/ Yoast SEO plugin. -->","yoast_head_json":{"title":"Culmina en Caracas foro de Unasur sobre recursos naturales","description":"La Conferencia de la Uni\u00f3n de Naciones Suramericanas (Unasur) sobre Recursos Naturales para el Desarrollo Integral de la Regi\u00f3n culminar\u00e1 hoy en esta","robots":{"index":"index","follow":"follow","max-snippet":"max-snippet:-1","max-image-preview":"max-image-preview:large","max-video-preview":"max-video-preview:-1"},"canonical":"https:\/\/www.pressenza.com\/es\/2013\/05\/culmina-en-caracas-foro-de-unasur-sobre-recursos-naturales\/","og_locale":"es_ES","og_type":"article","og_title":"Culmina en Caracas foro de Unasur sobre recursos naturales","og_description":"La Conferencia de la Uni\u00f3n de Naciones Suramericanas (Unasur) sobre Recursos Naturales para el Desarrollo Integral de la Regi\u00f3n culminar\u00e1 hoy en esta","og_url":"https:\/\/www.pressenza.com\/es\/2013\/05\/culmina-en-caracas-foro-de-unasur-sobre-recursos-naturales\/","og_site_name":"Pressenza","article_publisher":"https:\/\/www.facebook.com\/PressenzaItalia","article_author":"https:\/\/www.facebook.com\/AgenciasUlan","article_published_time":"2013-05-31T14:29:07+00:00","article_modified_time":"2013-05-31T14:33:26+00:00","og_image":[{"width":285,"height":190,"url":"https:\/\/www.pressenza.com\/wp-content\/uploads\/2013\/05\/unasur01.jpg","type":"image\/jpeg"}],"author":"Uni\u00f3n Latinoamericana de Agencias de Noticias","twitter_card":"summary_large_image","twitter_creator":"@agenciasulan","twitter_site":"@PressenzaIPA","twitter_misc":{"Escrito por":"Uni\u00f3n Latinoamericana de Agencias de Noticias","Tiempo de lectura":"1 minuto"},"schema":{"@context":"https:\/\/schema.org","@graph":[{"@type":"Article","@id":"https:\/\/www.pressenza.com\/es\/2013\/05\/culmina-en-caracas-foro-de-unasur-sobre-recursos-naturales\/#article","isPartOf":{"@id":"https:\/\/www.pressenza.com\/es\/2013\/05\/culmina-en-caracas-foro-de-unasur-sobre-recursos-naturales\/"},"author":{"name":"Uni\u00f3n Latinoamericana de Agencias de Noticias","@id":"https:\/\/www.pressenza.com\/es\/#\/schema\/person\/a9efe8d7b19eb4689fcbcb71bc21dba6"},"headline":"Culmina en Caracas foro de Unasur sobre recursos naturales","datePublished":"2013-05-31T14:29:07+00:00","dateModified":"2013-05-31T14:33:26+00:00","mainEntityOfPage":{"@id":"https:\/\/www.pressenza.com\/es\/2013\/05\/culmina-en-caracas-foro-de-unasur-sobre-recursos-naturales\/"},"wordCount":246,"publisher":{"@id":"https:\/\/www.pressenza.com\/es\/#organization"},"image":{"@id":"https:\/\/www.pressenza.com\/es\/2013\/05\/culmina-en-caracas-foro-de-unasur-sobre-recursos-naturales\/#primaryimage"},"thumbnailUrl":"https:\/\/www.pressenza.com\/wp-content\/uploads\/2013\/05\/unasur01.jpg","keywords":["Recursos naturales"],"articleSection":["Ecolog\u00eda y Medio Ambiente","Sudam\u00e9rica"],"inLanguage":"es"},{"@type":"WebPage","@id":"https:\/\/www.pressenza.com\/es\/2013\/05\/culmina-en-caracas-foro-de-unasur-sobre-recursos-naturales\/","url":"https:\/\/www.pressenza.com\/es\/2013\/05\/culmina-en-caracas-foro-de-unasur-sobre-recursos-naturales\/","name":"Culmina en Caracas foro de Unasur sobre recursos naturales","isPartOf":{"@id":"https:\/\/www.pressenza.com\/es\/#website"},"primaryImageOfPage":{"@id":"https:\/\/www.pressenza.com\/es\/2013\/05\/culmina-en-caracas-foro-de-unasur-sobre-recursos-naturales\/#primaryimage"},"image":{"@id":"https:\/\/www.pressenza.com\/es\/2013\/05\/culmina-en-caracas-foro-de-unasur-sobre-recursos-naturales\/#primaryimage"},"thumbnailUrl":"https:\/\/www.pressenza.com\/wp-content\/uploads\/2013\/05\/unasur01.jpg","datePublished":"2013-05-31T14:29:07+00:00","dateModified":"2013-05-31T14:33:26+00:00","description":"La Conferencia de la Uni\u00f3n de Naciones Suramericanas (Unasur) sobre Recursos Naturales para el Desarrollo Integral de la Regi\u00f3n culminar\u00e1 hoy en esta","breadcrumb":{"@id":"https:\/\/www.pressenza.com\/es\/2013\/05\/culmina-en-caracas-foro-de-unasur-sobre-recursos-naturales\/#breadcrumb"},"inLanguage":"es","potentialAction":[{"@type":"ReadAction","target":["https:\/\/www.pressenza.com\/es\/2013\/05\/culmina-en-caracas-foro-de-unasur-sobre-recursos-naturales\/"]}]},{"@type":"ImageObject","inLanguage":"es","@id":"https:\/\/www.pressenza.com\/es\/2013\/05\/culmina-en-caracas-foro-de-unasur-sobre-recursos-naturales\/#primaryimage","url":"https:\/\/www.pressenza.com\/wp-content\/uploads\/2013\/05\/unasur01.jpg","contentUrl":"https:\/\/www.pressenza.com\/wp-content\/uploads\/2013\/05\/unasur01.jpg","width":285,"height":190},{"@type":"BreadcrumbList","@id":"https:\/\/www.pressenza.com\/es\/2013\/05\/culmina-en-caracas-foro-de-unasur-sobre-recursos-naturales\/#breadcrumb","itemListElement":[{"@type":"ListItem","position":1,"name":"Accueil","item":"https:\/\/www.pressenza.com\/es\/"},{"@type":"ListItem","position":2,"name":"Culmina en Caracas foro de Unasur sobre recursos naturales"}]},{"@type":"WebSite","@id":"https:\/\/www.pressenza.com\/es\/#website","url":"https:\/\/www.pressenza.com\/es\/","name":"Pressenza","description":"International Press Agency","publisher":{"@id":"https:\/\/www.pressenza.com\/es\/#organization"},"potentialAction":[{"@type":"SearchAction","target":{"@type":"EntryPoint","urlTemplate":"https:\/\/www.pressenza.com\/es\/?s={search_term_string}"},"query-input":{"@type":"PropertyValueSpecification","valueRequired":true,"valueName":"search_term_string"}}],"inLanguage":"es"},{"@type":"Organization","@id":"https:\/\/www.pressenza.com\/es\/#organization","name":"Pressenza","url":"https:\/\/www.pressenza.com\/es\/","logo":{"@type":"ImageObject","inLanguage":"es","@id":"https:\/\/www.pressenza.com\/es\/#\/schema\/logo\/image\/","url":"https:\/\/www.pressenza.com\/wp-content\/uploads\/2022\/10\/pressenza_logo_200x200.jpg","contentUrl":"https:\/\/www.pressenza.com\/wp-content\/uploads\/2022\/10\/pressenza_logo_200x200.jpg","width":200,"height":200,"caption":"Pressenza"},"image":{"@id":"https:\/\/www.pressenza.com\/es\/#\/schema\/logo\/image\/"},"sameAs":["https:\/\/www.facebook.com\/PressenzaItalia","https:\/\/x.com\/PressenzaIPA"]},{"@type":"Person","@id":"https:\/\/www.pressenza.com\/es\/#\/schema\/person\/a9efe8d7b19eb4689fcbcb71bc21dba6","name":"Uni\u00f3n Latinoamericana de Agencias de Noticias","description":"Una asociaci\u00f3n supranacional que re\u00fane a las agencias de noticias de Am\u00e9rica Latina y el Caribe. agenciasulan.org","sameAs":["https:\/\/www.facebook.com\/AgenciasUlan","https:\/\/x.com\/agenciasulan"],"url":"https:\/\/www.pressenza.com\/es\/author\/union-latinoamericana-de-agencias-de-noticias\/"}]}},"place":"Caracas","original_article_url":"","_links":{"self":[{"href":"https:\/\/www.pressenza.com\/es\/wp-json\/wp\/v2\/posts\/54424","targetHints":{"allow":["GET"]}}],"collection":[{"href":"https:\/\/www.pressenza.com\/es\/wp-json\/wp\/v2\/posts"}],"about":[{"href":"https:\/\/www.pressenza.com\/es\/wp-json\/wp\/v2\/types\/post"}],"author":[{"embeddable":true,"href":"https:\/\/www.pressenza.com\/es\/wp-json\/wp\/v2\/users\/640"}],"replies":[{"embeddable":true,"href":"https:\/\/www.pressenza.com\/es\/wp-json\/wp\/v2\/comments?post=54424"}],"version-history":[{"count":0,"href":"https:\/\/www.pressenza.com\/es\/wp-json\/wp\/v2\/posts\/54424\/revisions"}],"wp:featuredmedia":[{"embeddable":true,"href":"https:\/\/www.pressenza.com\/es\/wp-json\/wp\/v2\/media\/54428"}],"wp:attachment":[{"href":"https:\/\/www.pressenza.com\/es\/wp-json\/wp\/v2\/media?parent=54424"}],"wp:term":[{"taxonomy":"category","embeddable":true,"href":"https:\/\/www.pressenza.com\/es\/wp-json\/wp\/v2\/categories?post=54424"},{"taxonomy":"post_tag","embeddable":true,"href":"https:\/\/www.pressenza.com\/es\/wp-json\/wp\/v2\/tags?post=54424"}],"curies":[{"name":"wp","href":"https:\/\/api.w.org\/{rel}","templated":true}]}}