{"id":543,"date":"2009-06-17T00:00:00","date_gmt":"2009-06-17T00:00:00","guid":{"rendered":""},"modified":"2009-06-17T09:52:54","modified_gmt":"2009-06-17T09:52:54","slug":"el-presidente-de-la-asamblea-general-recibe-al-coordinador-internacional-de-la-marcha-mundial","status":"publish","type":"post","link":"https:\/\/www.pressenza.com\/es\/2009\/06\/el-presidente-de-la-asamblea-general-recibe-al-coordinador-internacional-de-la-marcha-mundial\/","title":{"rendered":"El Presidente de la Asamblea General recibe al Coordinador Internacional de la Marcha Mundial"},"content":{"rendered":"<p>El Presidente de la Asamblea General de las Naciones Unidas, Miguel d\u2019Escoto y el Coordinador Internacional de la Marcha Mundial Rafael de la Rubia se reunieron el 16 de junio en la sede de las Naciones Unidas en Nueva York para discutir los objetivos de la Marcha Mundial y el apoyo del Presidente de la Asamblea General.<\/p>\n<p>En el encuentro, que se extendi\u00f3 por m\u00e1s de una hora y se desarroll\u00f3 en un clima amistoso y de profunda comprensi\u00f3n mutua, ambas partes se comprometieron firmemente a trabajar en conjunto para promover la Marcha Mundial y sus objetivos, que son comunes con los principios fundacionales de la Naciones Unidas.<\/p>\n<p>D\u2019Escoto dijo que apoyaba la Marcha Mundial a nivel personal ya que compart\u00eda los objetivos y principios que representa y persigue. Manifest\u00f3 que  trabajar\u00eda para lograr el apoyo de otras naciones miembro como el caso de Nicaragua y que ayudar\u00eda en la organizaci\u00f3n de la Marcha en Asia, Europa y las Am\u00e9ricas.  <\/p>\n<p>Ambas partes coincidieron en que deb\u00eda haber \u201ctolerancia cero\u201d con la armas nucleares y que era imprecindible procurar su erradicaci\u00f3n definitiva, uno de los principales objetivos de la Marcha Mundial.<\/p>\n<p>Al t\u00e9rmino de la reuni\u00f3n, de la Rubia se encontr\u00f3 con la Misi\u00f3n de China de las Naciones Unidas para explicar los objetivos de la Marcha, discutir su adhesi\u00f3n y la realizaci\u00f3n de la Marcha en China.<\/p>\n<p>La Marcha Mundial, un hito hist\u00f3rico, es una iniciativa de Mundo Sin Guerras, una organizaci\u00f3n internacional que promueve la no-violencia y trabaja para prevenir guerras.<\/p>\n<p>Un grupo de marchantes internacionales recorrer\u00e1n todos los continentes partiendo el 2 de octubre (D\u00eda internacional de la No-Violencia) en Wellington (Nueva Zelanda), culminando el 2 de enero de 2010 al pie del monte Aconcagua, Punta de Vacas (Argentina). Simult\u00e1neamente se realizar\u00e1n miles de conciertos, foros, conferencias y demostraciones en mas que 100 paises. <\/p>\n<p>Entre las adhesiones a la iniciativa se encuentran siete jefes de estados, entre ellos Michele Bachelet de Chile, Evo Morales de Bolivia y Cristina Kirchner de Argentina, varios premios nobel incluyendo Rigoberta Menchu y Desmond Tutu, el ex presidente estadounidense Jimmy Carter, la reina Rania al-Abdullah de Jordania e importantes figuras de la m\u00fasica, el cine y el deporte, tales como Yoko Ono, Penelope Cruz, Pedro Almod\u00f3var, Zubin Metha. Tambi\u00e9n cuenta con el apoyo de organizaciones internacionales como Alcaldes por la Paz, Abolition 2000 y agencias nacionales de Amnist\u00eda Internacional.  <\/p>\n<p>Las propuestas de la Marcha Mundial son el desarme nuclear, el retiro inmediato de las tropas de los territorios ocupados, la reducci\u00f3n progresiva y proporcional del armamento convencional, la firma de tratados de no agresi\u00f3n entre pa\u00edses y la renuncia de los gobiernos a utilizar las guerras como medio para resolver conflictos y crear conciencia global que reconoce la necesidad de rechazar todas formas de violencia y lograr paz.<\/p>\n<p>Para m\u00e1s informaci\u00f3n: <http:\/\/theworldmarch.org>, <http:\/\/worldmarchusa.net><\/p>\n","protected":false},"excerpt":{"rendered":"<p>En reunion con Rafael de la Rubia, Miguel d\u2019Escoto Brockmann, el presidente de la Asamblea General, afirma que hay una coincidencia total con los objetivos de la Marcha Mundial.<\/p>\n","protected":false},"author":19,"featured_media":0,"comment_status":"closed","ping_status":"open","sticky":false,"template":"","format":"standard","meta":{"footnotes":""},"categories":[76,149,39,68],"tags":[],"class_list":["post-543","post","type-post","status-publish","format-standard","hentry","category-relaciones-exteriores","category-comunicados-de-prensa","category-internacional","category-norteamerica"],"yoast_head":"<!-- This site is optimized with the Yoast SEO plugin v27.1.1 - https:\/\/yoast.com\/product\/yoast-seo-wordpress\/ -->\n<title>El Presidente de la Asamblea General recibe al Coordinador Internacional de la Marcha Mundial<\/title>\n<meta name=\"description\" content=\"En reunion con Rafael de la Rubia, Miguel d\u2019Escoto Brockmann, el presidente de la Asamblea General, afirma que hay una coincidencia total con los objetivos de la Marcha Mundial.\" \/>\n<meta name=\"robots\" content=\"index, follow, max-snippet:-1, max-image-preview:large, max-video-preview:-1\" \/>\n<link rel=\"canonical\" href=\"https:\/\/www.pressenza.com\/es\/2009\/06\/el-presidente-de-la-asamblea-general-recibe-al-coordinador-internacional-de-la-marcha-mundial\/\" \/>\n<meta property=\"og:locale\" content=\"es_ES\" \/>\n<meta property=\"og:type\" content=\"article\" \/>\n<meta property=\"og:title\" content=\"El Presidente de la Asamblea General recibe al Coordinador Internacional de la Marcha Mundial\" \/>\n<meta property=\"og:description\" content=\"En reunion con Rafael de la Rubia, Miguel d\u2019Escoto Brockmann, el presidente de la Asamblea General, afirma que hay una coincidencia total con los objetivos de la Marcha Mundial.\" \/>\n<meta property=\"og:url\" content=\"https:\/\/www.pressenza.com\/es\/2009\/06\/el-presidente-de-la-asamblea-general-recibe-al-coordinador-internacional-de-la-marcha-mundial\/\" \/>\n<meta property=\"og:site_name\" content=\"Pressenza\" \/>\n<meta property=\"article:publisher\" content=\"https:\/\/www.facebook.com\/PressenzaItalia\" \/>\n<meta property=\"article:author\" content=\"https:\/\/www.facebook.com\/pressenza\" \/>\n<meta property=\"article:published_time\" content=\"2009-06-17T00:00:00+00:00\" \/>\n<meta property=\"article:modified_time\" content=\"2009-06-17T09:52:54+00:00\" \/>\n<meta name=\"author\" content=\"Pressenza IPA\" \/>\n<meta name=\"twitter:card\" content=\"summary_large_image\" \/>\n<meta name=\"twitter:creator\" content=\"@PressenzaIPA\" \/>\n<meta name=\"twitter:site\" content=\"@PressenzaIPA\" \/>\n<meta name=\"twitter:label1\" content=\"Escrito por\" \/>\n\t<meta name=\"twitter:data1\" content=\"Pressenza IPA\" \/>\n\t<meta name=\"twitter:label2\" content=\"Tiempo de lectura\" \/>\n\t<meta name=\"twitter:data2\" content=\"2 minutos\" \/>\n<script type=\"application\/ld+json\" class=\"yoast-schema-graph\">{\"@context\":\"https:\/\/schema.org\",\"@graph\":[{\"@type\":\"Article\",\"@id\":\"https:\/\/www.pressenza.com\/es\/2009\/06\/el-presidente-de-la-asamblea-general-recibe-al-coordinador-internacional-de-la-marcha-mundial\/#article\",\"isPartOf\":{\"@id\":\"https:\/\/www.pressenza.com\/es\/2009\/06\/el-presidente-de-la-asamblea-general-recibe-al-coordinador-internacional-de-la-marcha-mundial\/\"},\"author\":{\"name\":\"Pressenza IPA\",\"@id\":\"https:\/\/www.pressenza.com\/es\/#\/schema\/person\/010e5d02bcf40965427a1289a4cc8d75\"},\"headline\":\"El Presidente de la Asamblea General recibe al Coordinador Internacional de la Marcha Mundial\",\"datePublished\":\"2009-06-17T00:00:00+00:00\",\"dateModified\":\"2009-06-17T09:52:54+00:00\",\"mainEntityOfPage\":{\"@id\":\"https:\/\/www.pressenza.com\/es\/2009\/06\/el-presidente-de-la-asamblea-general-recibe-al-coordinador-internacional-de-la-marcha-mundial\/\"},\"wordCount\":507,\"publisher\":{\"@id\":\"https:\/\/www.pressenza.com\/es\/#organization\"},\"articleSection\":[\"Asuntos internacionales\",\"Comunicados de Prensa\",\"Internacional\",\"Norteam\u00e9rica\"],\"inLanguage\":\"es\"},{\"@type\":\"WebPage\",\"@id\":\"https:\/\/www.pressenza.com\/es\/2009\/06\/el-presidente-de-la-asamblea-general-recibe-al-coordinador-internacional-de-la-marcha-mundial\/\",\"url\":\"https:\/\/www.pressenza.com\/es\/2009\/06\/el-presidente-de-la-asamblea-general-recibe-al-coordinador-internacional-de-la-marcha-mundial\/\",\"name\":\"El Presidente de la Asamblea General recibe al Coordinador Internacional de la Marcha Mundial\",\"isPartOf\":{\"@id\":\"https:\/\/www.pressenza.com\/es\/#website\"},\"datePublished\":\"2009-06-17T00:00:00+00:00\",\"dateModified\":\"2009-06-17T09:52:54+00:00\",\"description\":\"En reunion con Rafael de la Rubia, Miguel d\u2019Escoto Brockmann, el presidente de la Asamblea General, afirma que hay una coincidencia total con los objetivos de la Marcha Mundial.\",\"breadcrumb\":{\"@id\":\"https:\/\/www.pressenza.com\/es\/2009\/06\/el-presidente-de-la-asamblea-general-recibe-al-coordinador-internacional-de-la-marcha-mundial\/#breadcrumb\"},\"inLanguage\":\"es\",\"potentialAction\":[{\"@type\":\"ReadAction\",\"target\":[\"https:\/\/www.pressenza.com\/es\/2009\/06\/el-presidente-de-la-asamblea-general-recibe-al-coordinador-internacional-de-la-marcha-mundial\/\"]}]},{\"@type\":\"BreadcrumbList\",\"@id\":\"https:\/\/www.pressenza.com\/es\/2009\/06\/el-presidente-de-la-asamblea-general-recibe-al-coordinador-internacional-de-la-marcha-mundial\/#breadcrumb\",\"itemListElement\":[{\"@type\":\"ListItem\",\"position\":1,\"name\":\"Accueil\",\"item\":\"https:\/\/www.pressenza.com\/es\/\"},{\"@type\":\"ListItem\",\"position\":2,\"name\":\"El Presidente de la Asamblea General recibe al Coordinador Internacional de la Marcha Mundial\"}]},{\"@type\":\"WebSite\",\"@id\":\"https:\/\/www.pressenza.com\/es\/#website\",\"url\":\"https:\/\/www.pressenza.com\/es\/\",\"name\":\"Pressenza\",\"description\":\"International Press Agency\",\"publisher\":{\"@id\":\"https:\/\/www.pressenza.com\/es\/#organization\"},\"potentialAction\":[{\"@type\":\"SearchAction\",\"target\":{\"@type\":\"EntryPoint\",\"urlTemplate\":\"https:\/\/www.pressenza.com\/es\/?s={search_term_string}\"},\"query-input\":{\"@type\":\"PropertyValueSpecification\",\"valueRequired\":true,\"valueName\":\"search_term_string\"}}],\"inLanguage\":\"es\"},{\"@type\":\"Organization\",\"@id\":\"https:\/\/www.pressenza.com\/es\/#organization\",\"name\":\"Pressenza\",\"url\":\"https:\/\/www.pressenza.com\/es\/\",\"logo\":{\"@type\":\"ImageObject\",\"inLanguage\":\"es\",\"@id\":\"https:\/\/www.pressenza.com\/es\/#\/schema\/logo\/image\/\",\"url\":\"https:\/\/www.pressenza.com\/wp-content\/uploads\/2022\/10\/pressenza_logo_200x200.jpg\",\"contentUrl\":\"https:\/\/www.pressenza.com\/wp-content\/uploads\/2022\/10\/pressenza_logo_200x200.jpg\",\"width\":200,\"height\":200,\"caption\":\"Pressenza\"},\"image\":{\"@id\":\"https:\/\/www.pressenza.com\/es\/#\/schema\/logo\/image\/\"},\"sameAs\":[\"https:\/\/www.facebook.com\/PressenzaItalia\",\"https:\/\/x.com\/PressenzaIPA\"]},{\"@type\":\"Person\",\"@id\":\"https:\/\/www.pressenza.com\/es\/#\/schema\/person\/010e5d02bcf40965427a1289a4cc8d75\",\"name\":\"Pressenza IPA\",\"description\":\"News from Pressenza IPA correspondents\",\"sameAs\":[\"https:\/\/www.facebook.com\/pressenza\",\"https:\/\/x.com\/PressenzaIPA\"],\"url\":\"https:\/\/www.pressenza.com\/es\/author\/pressenza-ipa\/\"}]}<\/script>\n<!-- \/ Yoast SEO plugin. -->","yoast_head_json":{"title":"El Presidente de la Asamblea General recibe al Coordinador Internacional de la Marcha Mundial","description":"En reunion con Rafael de la Rubia, Miguel d\u2019Escoto Brockmann, el presidente de la Asamblea General, afirma que hay una coincidencia total con los objetivos de la Marcha Mundial.","robots":{"index":"index","follow":"follow","max-snippet":"max-snippet:-1","max-image-preview":"max-image-preview:large","max-video-preview":"max-video-preview:-1"},"canonical":"https:\/\/www.pressenza.com\/es\/2009\/06\/el-presidente-de-la-asamblea-general-recibe-al-coordinador-internacional-de-la-marcha-mundial\/","og_locale":"es_ES","og_type":"article","og_title":"El Presidente de la Asamblea General recibe al Coordinador Internacional de la Marcha Mundial","og_description":"En reunion con Rafael de la Rubia, Miguel d\u2019Escoto Brockmann, el presidente de la Asamblea General, afirma que hay una coincidencia total con los objetivos de la Marcha Mundial.","og_url":"https:\/\/www.pressenza.com\/es\/2009\/06\/el-presidente-de-la-asamblea-general-recibe-al-coordinador-internacional-de-la-marcha-mundial\/","og_site_name":"Pressenza","article_publisher":"https:\/\/www.facebook.com\/PressenzaItalia","article_author":"https:\/\/www.facebook.com\/pressenza","article_published_time":"2009-06-17T00:00:00+00:00","article_modified_time":"2009-06-17T09:52:54+00:00","author":"Pressenza IPA","twitter_card":"summary_large_image","twitter_creator":"@PressenzaIPA","twitter_site":"@PressenzaIPA","twitter_misc":{"Escrito por":"Pressenza IPA","Tiempo de lectura":"2 minutos"},"schema":{"@context":"https:\/\/schema.org","@graph":[{"@type":"Article","@id":"https:\/\/www.pressenza.com\/es\/2009\/06\/el-presidente-de-la-asamblea-general-recibe-al-coordinador-internacional-de-la-marcha-mundial\/#article","isPartOf":{"@id":"https:\/\/www.pressenza.com\/es\/2009\/06\/el-presidente-de-la-asamblea-general-recibe-al-coordinador-internacional-de-la-marcha-mundial\/"},"author":{"name":"Pressenza IPA","@id":"https:\/\/www.pressenza.com\/es\/#\/schema\/person\/010e5d02bcf40965427a1289a4cc8d75"},"headline":"El Presidente de la Asamblea General recibe al Coordinador Internacional de la Marcha Mundial","datePublished":"2009-06-17T00:00:00+00:00","dateModified":"2009-06-17T09:52:54+00:00","mainEntityOfPage":{"@id":"https:\/\/www.pressenza.com\/es\/2009\/06\/el-presidente-de-la-asamblea-general-recibe-al-coordinador-internacional-de-la-marcha-mundial\/"},"wordCount":507,"publisher":{"@id":"https:\/\/www.pressenza.com\/es\/#organization"},"articleSection":["Asuntos internacionales","Comunicados de Prensa","Internacional","Norteam\u00e9rica"],"inLanguage":"es"},{"@type":"WebPage","@id":"https:\/\/www.pressenza.com\/es\/2009\/06\/el-presidente-de-la-asamblea-general-recibe-al-coordinador-internacional-de-la-marcha-mundial\/","url":"https:\/\/www.pressenza.com\/es\/2009\/06\/el-presidente-de-la-asamblea-general-recibe-al-coordinador-internacional-de-la-marcha-mundial\/","name":"El Presidente de la Asamblea General recibe al Coordinador Internacional de la Marcha Mundial","isPartOf":{"@id":"https:\/\/www.pressenza.com\/es\/#website"},"datePublished":"2009-06-17T00:00:00+00:00","dateModified":"2009-06-17T09:52:54+00:00","description":"En reunion con Rafael de la Rubia, Miguel d\u2019Escoto Brockmann, el presidente de la Asamblea General, afirma que hay una coincidencia total con los objetivos de la Marcha Mundial.","breadcrumb":{"@id":"https:\/\/www.pressenza.com\/es\/2009\/06\/el-presidente-de-la-asamblea-general-recibe-al-coordinador-internacional-de-la-marcha-mundial\/#breadcrumb"},"inLanguage":"es","potentialAction":[{"@type":"ReadAction","target":["https:\/\/www.pressenza.com\/es\/2009\/06\/el-presidente-de-la-asamblea-general-recibe-al-coordinador-internacional-de-la-marcha-mundial\/"]}]},{"@type":"BreadcrumbList","@id":"https:\/\/www.pressenza.com\/es\/2009\/06\/el-presidente-de-la-asamblea-general-recibe-al-coordinador-internacional-de-la-marcha-mundial\/#breadcrumb","itemListElement":[{"@type":"ListItem","position":1,"name":"Accueil","item":"https:\/\/www.pressenza.com\/es\/"},{"@type":"ListItem","position":2,"name":"El Presidente de la Asamblea General recibe al Coordinador Internacional de la Marcha Mundial"}]},{"@type":"WebSite","@id":"https:\/\/www.pressenza.com\/es\/#website","url":"https:\/\/www.pressenza.com\/es\/","name":"Pressenza","description":"International Press Agency","publisher":{"@id":"https:\/\/www.pressenza.com\/es\/#organization"},"potentialAction":[{"@type":"SearchAction","target":{"@type":"EntryPoint","urlTemplate":"https:\/\/www.pressenza.com\/es\/?s={search_term_string}"},"query-input":{"@type":"PropertyValueSpecification","valueRequired":true,"valueName":"search_term_string"}}],"inLanguage":"es"},{"@type":"Organization","@id":"https:\/\/www.pressenza.com\/es\/#organization","name":"Pressenza","url":"https:\/\/www.pressenza.com\/es\/","logo":{"@type":"ImageObject","inLanguage":"es","@id":"https:\/\/www.pressenza.com\/es\/#\/schema\/logo\/image\/","url":"https:\/\/www.pressenza.com\/wp-content\/uploads\/2022\/10\/pressenza_logo_200x200.jpg","contentUrl":"https:\/\/www.pressenza.com\/wp-content\/uploads\/2022\/10\/pressenza_logo_200x200.jpg","width":200,"height":200,"caption":"Pressenza"},"image":{"@id":"https:\/\/www.pressenza.com\/es\/#\/schema\/logo\/image\/"},"sameAs":["https:\/\/www.facebook.com\/PressenzaItalia","https:\/\/x.com\/PressenzaIPA"]},{"@type":"Person","@id":"https:\/\/www.pressenza.com\/es\/#\/schema\/person\/010e5d02bcf40965427a1289a4cc8d75","name":"Pressenza IPA","description":"News from Pressenza IPA correspondents","sameAs":["https:\/\/www.facebook.com\/pressenza","https:\/\/x.com\/PressenzaIPA"],"url":"https:\/\/www.pressenza.com\/es\/author\/pressenza-ipa\/"}]}},"place":"New York","original_article_url":"","_links":{"self":[{"href":"https:\/\/www.pressenza.com\/es\/wp-json\/wp\/v2\/posts\/543","targetHints":{"allow":["GET"]}}],"collection":[{"href":"https:\/\/www.pressenza.com\/es\/wp-json\/wp\/v2\/posts"}],"about":[{"href":"https:\/\/www.pressenza.com\/es\/wp-json\/wp\/v2\/types\/post"}],"author":[{"embeddable":true,"href":"https:\/\/www.pressenza.com\/es\/wp-json\/wp\/v2\/users\/19"}],"replies":[{"embeddable":true,"href":"https:\/\/www.pressenza.com\/es\/wp-json\/wp\/v2\/comments?post=543"}],"version-history":[{"count":0,"href":"https:\/\/www.pressenza.com\/es\/wp-json\/wp\/v2\/posts\/543\/revisions"}],"wp:attachment":[{"href":"https:\/\/www.pressenza.com\/es\/wp-json\/wp\/v2\/media?parent=543"}],"wp:term":[{"taxonomy":"category","embeddable":true,"href":"https:\/\/www.pressenza.com\/es\/wp-json\/wp\/v2\/categories?post=543"},{"taxonomy":"post_tag","embeddable":true,"href":"https:\/\/www.pressenza.com\/es\/wp-json\/wp\/v2\/tags?post=543"}],"curies":[{"name":"wp","href":"https:\/\/api.w.org\/{rel}","templated":true}]}}