{"id":542627,"date":"2017-10-20T23:46:54","date_gmt":"2017-10-20T22:46:54","guid":{"rendered":"https:\/\/www.pressenza.com\/?p=542627\/"},"modified":"2017-10-20T23:46:54","modified_gmt":"2017-10-20T22:46:54","slug":"essantiago-comunicado-la-familia-maldonado","status":"publish","type":"post","link":"https:\/\/www.pressenza.com\/es\/2017\/10\/essantiago-comunicado-la-familia-maldonado\/","title":{"rendered":"#EsSantiago &#8211; Comunicado de la familia Maldonado"},"content":{"rendered":"<p><em>Comunicado de la familia de Maldonado:<\/em><\/p>\n<p>El cuerpo encontrado en el R\u00edo Chubut es el de Santiago.<\/p>\n<p>La incertidumbre sobre su paradero ha terminado. El calvario que nuestra familia inici\u00f3 el mismo d\u00eda en que supimos de su desaparici\u00f3n no terminar\u00e1 hasta obtener Justicia.<\/p>\n<p>Muy poco podemos decir sobre nuestros sentimientos ante la confirmaci\u00f3n de la identidad de Santiago: este dolor no sabe de palabras.<\/p>\n<p>Las circunstancias del hallazgo del cuerpo nos generan muchas dudas. Creemos que es el momento de avanzar con firmeza en la investigaci\u00f3n y dejar trabajar sin presiones al Juez Lleral. Necesitamos saber qu\u00e9 le sucedi\u00f3 a Santiago y qui\u00e9nes son los responsables de su muerte. Todos. No s\u00f3lo quienes le quitaron la vida sino los que, por acci\u00f3n u omisi\u00f3n, colaboraron en el encubrimiento y perjudicaron el proceso de b\u00fasqueda.<\/p>\n<p>Est\u00e1bamos en lo cierto al reclamar por la inacci\u00f3n, ineficacia y parcialidad del Juez anterior en la tramitaci\u00f3n de la causa. Nos sigue resultando inexplicable la negativa del Gobierno Nacional ante el ofrecimiento de colaboraci\u00f3n de expertos de la ONU, de comprobada experiencia internacional. Nadie podr\u00e1 sacarnos de la cabeza que se podr\u00eda haber hecho mucho m\u00e1s y mucho antes.<\/p>\n<p>A los medios de comunicaci\u00f3n, a las organizaciones sociales, de derechos humanos, gremiales, a las personas que nos han acompa\u00f1ado en las marchas por Santiago, les pedimos que sigan manteniendo el reclamo por Justicia, con m\u00e1s fuerza que nunca y en paz. A las fuerzas pol\u00edticas, que hagan el mayor esfuerzo para apoyar y garantizar todas las acciones que nos ayuden a encontrar la Verdad y lograr Justicia.<\/p>\n<p>La muerte de Santiago no debe ser motivo de divisiones o pujas interesadas. Nadie tiene derechos sobre el dolor de esta familia, para la que pedimos respeto.<\/p>\n<p>Por Santiago, por nosotros<\/p>\n","protected":false},"excerpt":{"rendered":"<p>Comunicado de la familia de Maldonado: El cuerpo encontrado en el R\u00edo Chubut es el de Santiago. La incertidumbre sobre su paradero ha terminado. El calvario que nuestra familia inici\u00f3 el mismo d\u00eda en que supimos de su desaparici\u00f3n no&hellip;<\/p>\n","protected":false},"author":87,"featured_media":542628,"comment_status":"closed","ping_status":"closed","sticky":false,"template":"","format":"standard","meta":{"footnotes":""},"categories":[149,79,67],"tags":[26,441,20206,39326,397],"class_list":["post-542627","post","type-post","status-publish","format-standard","has-post-thumbnail","hentry","category-comunicados-de-prensa","category-derechos-humanos","category-sudamerica","tag-argentina","tag-derechos-humanos","tag-desapariciones","tag-santiago-maldonado","tag-violencia-estatal"],"yoast_head":"<!-- This site is optimized with the Yoast SEO plugin v27.1.1 - https:\/\/yoast.com\/product\/yoast-seo-wordpress\/ -->\n<title>#EsSantiago - Comunicado de la familia Maldonado<\/title>\n<meta name=\"description\" content=\"Comunicado de la familia de Maldonado: El cuerpo encontrado en el R\u00edo Chubut es el de Santiago. La incertidumbre sobre su paradero ha terminado. El\" \/>\n<meta name=\"robots\" content=\"index, follow, max-snippet:-1, max-image-preview:large, max-video-preview:-1\" \/>\n<link rel=\"canonical\" href=\"https:\/\/www.pressenza.com\/es\/2017\/10\/essantiago-comunicado-la-familia-maldonado\/\" \/>\n<meta property=\"og:locale\" content=\"es_ES\" \/>\n<meta property=\"og:type\" content=\"article\" \/>\n<meta property=\"og:title\" content=\"#EsSantiago - Comunicado de la familia Maldonado\" \/>\n<meta property=\"og:description\" content=\"Comunicado de la familia de Maldonado: El cuerpo encontrado en el R\u00edo Chubut es el de Santiago. La incertidumbre sobre su paradero ha terminado. El\" \/>\n<meta property=\"og:url\" content=\"https:\/\/www.pressenza.com\/es\/2017\/10\/essantiago-comunicado-la-familia-maldonado\/\" \/>\n<meta property=\"og:site_name\" content=\"Pressenza\" \/>\n<meta property=\"article:publisher\" content=\"https:\/\/www.facebook.com\/PressenzaItalia\" \/>\n<meta property=\"article:published_time\" content=\"2017-10-20T22:46:54+00:00\" \/>\n<meta property=\"og:image\" content=\"https:\/\/www.pressenza.com\/wp-content\/uploads\/2017\/10\/WhatsApp-Image-2017-10-20-at-19.42.44.jpeg\" \/>\n\t<meta property=\"og:image:width\" content=\"720\" \/>\n\t<meta property=\"og:image:height\" content=\"405\" \/>\n\t<meta property=\"og:image:type\" content=\"image\/jpeg\" \/>\n<meta name=\"author\" content=\"Redacci\u00f3n Argentina\" \/>\n<meta name=\"twitter:card\" content=\"summary_large_image\" \/>\n<meta name=\"twitter:creator\" content=\"@pressenza\" \/>\n<meta name=\"twitter:site\" content=\"@PressenzaIPA\" \/>\n<meta name=\"twitter:label1\" content=\"Escrito por\" \/>\n\t<meta name=\"twitter:data1\" content=\"Redacci\u00f3n Argentina\" \/>\n\t<meta name=\"twitter:label2\" content=\"Tiempo de lectura\" \/>\n\t<meta name=\"twitter:data2\" content=\"2 minutos\" \/>\n<script type=\"application\/ld+json\" class=\"yoast-schema-graph\">{\"@context\":\"https:\/\/schema.org\",\"@graph\":[{\"@type\":\"Article\",\"@id\":\"https:\/\/www.pressenza.com\/es\/2017\/10\/essantiago-comunicado-la-familia-maldonado\/#article\",\"isPartOf\":{\"@id\":\"https:\/\/www.pressenza.com\/es\/2017\/10\/essantiago-comunicado-la-familia-maldonado\/\"},\"author\":{\"name\":\"Redacci\u00f3n Argentina\",\"@id\":\"https:\/\/www.pressenza.com\/es\/#\/schema\/person\/0dda7d1b68267ad95b1e1d83abc98c89\"},\"headline\":\"#EsSantiago &#8211; Comunicado de la familia Maldonado\",\"datePublished\":\"2017-10-20T22:46:54+00:00\",\"mainEntityOfPage\":{\"@id\":\"https:\/\/www.pressenza.com\/es\/2017\/10\/essantiago-comunicado-la-familia-maldonado\/\"},\"wordCount\":321,\"publisher\":{\"@id\":\"https:\/\/www.pressenza.com\/es\/#organization\"},\"image\":{\"@id\":\"https:\/\/www.pressenza.com\/es\/2017\/10\/essantiago-comunicado-la-familia-maldonado\/#primaryimage\"},\"thumbnailUrl\":\"https:\/\/www.pressenza.com\/wp-content\/uploads\/2017\/10\/WhatsApp-Image-2017-10-20-at-19.42.44.jpeg\",\"keywords\":[\"Argentina\",\"Derechos humanos\",\"desapariciones\",\"Santiago Maldonado\",\"Violencia estatal\"],\"articleSection\":[\"Comunicados de Prensa\",\"Derechos Humanos\",\"Sudam\u00e9rica\"],\"inLanguage\":\"es\"},{\"@type\":\"WebPage\",\"@id\":\"https:\/\/www.pressenza.com\/es\/2017\/10\/essantiago-comunicado-la-familia-maldonado\/\",\"url\":\"https:\/\/www.pressenza.com\/es\/2017\/10\/essantiago-comunicado-la-familia-maldonado\/\",\"name\":\"#EsSantiago - Comunicado de la familia Maldonado\",\"isPartOf\":{\"@id\":\"https:\/\/www.pressenza.com\/es\/#website\"},\"primaryImageOfPage\":{\"@id\":\"https:\/\/www.pressenza.com\/es\/2017\/10\/essantiago-comunicado-la-familia-maldonado\/#primaryimage\"},\"image\":{\"@id\":\"https:\/\/www.pressenza.com\/es\/2017\/10\/essantiago-comunicado-la-familia-maldonado\/#primaryimage\"},\"thumbnailUrl\":\"https:\/\/www.pressenza.com\/wp-content\/uploads\/2017\/10\/WhatsApp-Image-2017-10-20-at-19.42.44.jpeg\",\"datePublished\":\"2017-10-20T22:46:54+00:00\",\"description\":\"Comunicado de la familia de Maldonado: El cuerpo encontrado en el R\u00edo Chubut es el de Santiago. La incertidumbre sobre su paradero ha terminado. El\",\"breadcrumb\":{\"@id\":\"https:\/\/www.pressenza.com\/es\/2017\/10\/essantiago-comunicado-la-familia-maldonado\/#breadcrumb\"},\"inLanguage\":\"es\",\"potentialAction\":[{\"@type\":\"ReadAction\",\"target\":[\"https:\/\/www.pressenza.com\/es\/2017\/10\/essantiago-comunicado-la-familia-maldonado\/\"]}]},{\"@type\":\"ImageObject\",\"inLanguage\":\"es\",\"@id\":\"https:\/\/www.pressenza.com\/es\/2017\/10\/essantiago-comunicado-la-familia-maldonado\/#primaryimage\",\"url\":\"https:\/\/www.pressenza.com\/wp-content\/uploads\/2017\/10\/WhatsApp-Image-2017-10-20-at-19.42.44.jpeg\",\"contentUrl\":\"https:\/\/www.pressenza.com\/wp-content\/uploads\/2017\/10\/WhatsApp-Image-2017-10-20-at-19.42.44.jpeg\",\"width\":720,\"height\":405},{\"@type\":\"BreadcrumbList\",\"@id\":\"https:\/\/www.pressenza.com\/es\/2017\/10\/essantiago-comunicado-la-familia-maldonado\/#breadcrumb\",\"itemListElement\":[{\"@type\":\"ListItem\",\"position\":1,\"name\":\"Accueil\",\"item\":\"https:\/\/www.pressenza.com\/es\/\"},{\"@type\":\"ListItem\",\"position\":2,\"name\":\"#EsSantiago &#8211; Comunicado de la familia Maldonado\"}]},{\"@type\":\"WebSite\",\"@id\":\"https:\/\/www.pressenza.com\/es\/#website\",\"url\":\"https:\/\/www.pressenza.com\/es\/\",\"name\":\"Pressenza\",\"description\":\"International Press Agency\",\"publisher\":{\"@id\":\"https:\/\/www.pressenza.com\/es\/#organization\"},\"potentialAction\":[{\"@type\":\"SearchAction\",\"target\":{\"@type\":\"EntryPoint\",\"urlTemplate\":\"https:\/\/www.pressenza.com\/es\/?s={search_term_string}\"},\"query-input\":{\"@type\":\"PropertyValueSpecification\",\"valueRequired\":true,\"valueName\":\"search_term_string\"}}],\"inLanguage\":\"es\"},{\"@type\":\"Organization\",\"@id\":\"https:\/\/www.pressenza.com\/es\/#organization\",\"name\":\"Pressenza\",\"url\":\"https:\/\/www.pressenza.com\/es\/\",\"logo\":{\"@type\":\"ImageObject\",\"inLanguage\":\"es\",\"@id\":\"https:\/\/www.pressenza.com\/es\/#\/schema\/logo\/image\/\",\"url\":\"https:\/\/www.pressenza.com\/wp-content\/uploads\/2022\/10\/pressenza_logo_200x200.jpg\",\"contentUrl\":\"https:\/\/www.pressenza.com\/wp-content\/uploads\/2022\/10\/pressenza_logo_200x200.jpg\",\"width\":200,\"height\":200,\"caption\":\"Pressenza\"},\"image\":{\"@id\":\"https:\/\/www.pressenza.com\/es\/#\/schema\/logo\/image\/\"},\"sameAs\":[\"https:\/\/www.facebook.com\/PressenzaItalia\",\"https:\/\/x.com\/PressenzaIPA\"]},{\"@type\":\"Person\",\"@id\":\"https:\/\/www.pressenza.com\/es\/#\/schema\/person\/0dda7d1b68267ad95b1e1d83abc98c89\",\"name\":\"Redacci\u00f3n Argentina\",\"description\":\"News from the Pressenza Bureau in Argentina.\",\"sameAs\":[\"https:\/\/x.com\/pressenza\"],\"url\":\"https:\/\/www.pressenza.com\/es\/author\/redaccion-argentina\/\"}]}<\/script>\n<!-- \/ Yoast SEO plugin. -->","yoast_head_json":{"title":"#EsSantiago - Comunicado de la familia Maldonado","description":"Comunicado de la familia de Maldonado: El cuerpo encontrado en el R\u00edo Chubut es el de Santiago. La incertidumbre sobre su paradero ha terminado. El","robots":{"index":"index","follow":"follow","max-snippet":"max-snippet:-1","max-image-preview":"max-image-preview:large","max-video-preview":"max-video-preview:-1"},"canonical":"https:\/\/www.pressenza.com\/es\/2017\/10\/essantiago-comunicado-la-familia-maldonado\/","og_locale":"es_ES","og_type":"article","og_title":"#EsSantiago - Comunicado de la familia Maldonado","og_description":"Comunicado de la familia de Maldonado: El cuerpo encontrado en el R\u00edo Chubut es el de Santiago. La incertidumbre sobre su paradero ha terminado. El","og_url":"https:\/\/www.pressenza.com\/es\/2017\/10\/essantiago-comunicado-la-familia-maldonado\/","og_site_name":"Pressenza","article_publisher":"https:\/\/www.facebook.com\/PressenzaItalia","article_published_time":"2017-10-20T22:46:54+00:00","og_image":[{"width":720,"height":405,"url":"https:\/\/www.pressenza.com\/wp-content\/uploads\/2017\/10\/WhatsApp-Image-2017-10-20-at-19.42.44.jpeg","type":"image\/jpeg"}],"author":"Redacci\u00f3n Argentina","twitter_card":"summary_large_image","twitter_creator":"@pressenza","twitter_site":"@PressenzaIPA","twitter_misc":{"Escrito por":"Redacci\u00f3n Argentina","Tiempo de lectura":"2 minutos"},"schema":{"@context":"https:\/\/schema.org","@graph":[{"@type":"Article","@id":"https:\/\/www.pressenza.com\/es\/2017\/10\/essantiago-comunicado-la-familia-maldonado\/#article","isPartOf":{"@id":"https:\/\/www.pressenza.com\/es\/2017\/10\/essantiago-comunicado-la-familia-maldonado\/"},"author":{"name":"Redacci\u00f3n Argentina","@id":"https:\/\/www.pressenza.com\/es\/#\/schema\/person\/0dda7d1b68267ad95b1e1d83abc98c89"},"headline":"#EsSantiago &#8211; Comunicado de la familia Maldonado","datePublished":"2017-10-20T22:46:54+00:00","mainEntityOfPage":{"@id":"https:\/\/www.pressenza.com\/es\/2017\/10\/essantiago-comunicado-la-familia-maldonado\/"},"wordCount":321,"publisher":{"@id":"https:\/\/www.pressenza.com\/es\/#organization"},"image":{"@id":"https:\/\/www.pressenza.com\/es\/2017\/10\/essantiago-comunicado-la-familia-maldonado\/#primaryimage"},"thumbnailUrl":"https:\/\/www.pressenza.com\/wp-content\/uploads\/2017\/10\/WhatsApp-Image-2017-10-20-at-19.42.44.jpeg","keywords":["Argentina","Derechos humanos","desapariciones","Santiago Maldonado","Violencia estatal"],"articleSection":["Comunicados de Prensa","Derechos Humanos","Sudam\u00e9rica"],"inLanguage":"es"},{"@type":"WebPage","@id":"https:\/\/www.pressenza.com\/es\/2017\/10\/essantiago-comunicado-la-familia-maldonado\/","url":"https:\/\/www.pressenza.com\/es\/2017\/10\/essantiago-comunicado-la-familia-maldonado\/","name":"#EsSantiago - Comunicado de la familia Maldonado","isPartOf":{"@id":"https:\/\/www.pressenza.com\/es\/#website"},"primaryImageOfPage":{"@id":"https:\/\/www.pressenza.com\/es\/2017\/10\/essantiago-comunicado-la-familia-maldonado\/#primaryimage"},"image":{"@id":"https:\/\/www.pressenza.com\/es\/2017\/10\/essantiago-comunicado-la-familia-maldonado\/#primaryimage"},"thumbnailUrl":"https:\/\/www.pressenza.com\/wp-content\/uploads\/2017\/10\/WhatsApp-Image-2017-10-20-at-19.42.44.jpeg","datePublished":"2017-10-20T22:46:54+00:00","description":"Comunicado de la familia de Maldonado: El cuerpo encontrado en el R\u00edo Chubut es el de Santiago. La incertidumbre sobre su paradero ha terminado. El","breadcrumb":{"@id":"https:\/\/www.pressenza.com\/es\/2017\/10\/essantiago-comunicado-la-familia-maldonado\/#breadcrumb"},"inLanguage":"es","potentialAction":[{"@type":"ReadAction","target":["https:\/\/www.pressenza.com\/es\/2017\/10\/essantiago-comunicado-la-familia-maldonado\/"]}]},{"@type":"ImageObject","inLanguage":"es","@id":"https:\/\/www.pressenza.com\/es\/2017\/10\/essantiago-comunicado-la-familia-maldonado\/#primaryimage","url":"https:\/\/www.pressenza.com\/wp-content\/uploads\/2017\/10\/WhatsApp-Image-2017-10-20-at-19.42.44.jpeg","contentUrl":"https:\/\/www.pressenza.com\/wp-content\/uploads\/2017\/10\/WhatsApp-Image-2017-10-20-at-19.42.44.jpeg","width":720,"height":405},{"@type":"BreadcrumbList","@id":"https:\/\/www.pressenza.com\/es\/2017\/10\/essantiago-comunicado-la-familia-maldonado\/#breadcrumb","itemListElement":[{"@type":"ListItem","position":1,"name":"Accueil","item":"https:\/\/www.pressenza.com\/es\/"},{"@type":"ListItem","position":2,"name":"#EsSantiago &#8211; Comunicado de la familia Maldonado"}]},{"@type":"WebSite","@id":"https:\/\/www.pressenza.com\/es\/#website","url":"https:\/\/www.pressenza.com\/es\/","name":"Pressenza","description":"International Press Agency","publisher":{"@id":"https:\/\/www.pressenza.com\/es\/#organization"},"potentialAction":[{"@type":"SearchAction","target":{"@type":"EntryPoint","urlTemplate":"https:\/\/www.pressenza.com\/es\/?s={search_term_string}"},"query-input":{"@type":"PropertyValueSpecification","valueRequired":true,"valueName":"search_term_string"}}],"inLanguage":"es"},{"@type":"Organization","@id":"https:\/\/www.pressenza.com\/es\/#organization","name":"Pressenza","url":"https:\/\/www.pressenza.com\/es\/","logo":{"@type":"ImageObject","inLanguage":"es","@id":"https:\/\/www.pressenza.com\/es\/#\/schema\/logo\/image\/","url":"https:\/\/www.pressenza.com\/wp-content\/uploads\/2022\/10\/pressenza_logo_200x200.jpg","contentUrl":"https:\/\/www.pressenza.com\/wp-content\/uploads\/2022\/10\/pressenza_logo_200x200.jpg","width":200,"height":200,"caption":"Pressenza"},"image":{"@id":"https:\/\/www.pressenza.com\/es\/#\/schema\/logo\/image\/"},"sameAs":["https:\/\/www.facebook.com\/PressenzaItalia","https:\/\/x.com\/PressenzaIPA"]},{"@type":"Person","@id":"https:\/\/www.pressenza.com\/es\/#\/schema\/person\/0dda7d1b68267ad95b1e1d83abc98c89","name":"Redacci\u00f3n Argentina","description":"News from the Pressenza Bureau in Argentina.","sameAs":["https:\/\/x.com\/pressenza"],"url":"https:\/\/www.pressenza.com\/es\/author\/redaccion-argentina\/"}]}},"place":"Ciudad de Buenos Aires, Argentina","original_article_url":"","_links":{"self":[{"href":"https:\/\/www.pressenza.com\/es\/wp-json\/wp\/v2\/posts\/542627","targetHints":{"allow":["GET"]}}],"collection":[{"href":"https:\/\/www.pressenza.com\/es\/wp-json\/wp\/v2\/posts"}],"about":[{"href":"https:\/\/www.pressenza.com\/es\/wp-json\/wp\/v2\/types\/post"}],"author":[{"embeddable":true,"href":"https:\/\/www.pressenza.com\/es\/wp-json\/wp\/v2\/users\/87"}],"replies":[{"embeddable":true,"href":"https:\/\/www.pressenza.com\/es\/wp-json\/wp\/v2\/comments?post=542627"}],"version-history":[{"count":0,"href":"https:\/\/www.pressenza.com\/es\/wp-json\/wp\/v2\/posts\/542627\/revisions"}],"wp:featuredmedia":[{"embeddable":true,"href":"https:\/\/www.pressenza.com\/es\/wp-json\/wp\/v2\/media\/542628"}],"wp:attachment":[{"href":"https:\/\/www.pressenza.com\/es\/wp-json\/wp\/v2\/media?parent=542627"}],"wp:term":[{"taxonomy":"category","embeddable":true,"href":"https:\/\/www.pressenza.com\/es\/wp-json\/wp\/v2\/categories?post=542627"},{"taxonomy":"post_tag","embeddable":true,"href":"https:\/\/www.pressenza.com\/es\/wp-json\/wp\/v2\/tags?post=542627"}],"curies":[{"name":"wp","href":"https:\/\/api.w.org\/{rel}","templated":true}]}}