{"id":541786,"date":"2017-10-19T02:57:38","date_gmt":"2017-10-19T01:57:38","guid":{"rendered":"https:\/\/www.pressenza.com\/?p=541786\/"},"modified":"2017-10-20T17:20:32","modified_gmt":"2017-10-20T16:20:32","slug":"zabier-hernandez-buelvas-la-policia-tumaco-actuo-paramilitares","status":"publish","type":"post","link":"https:\/\/www.pressenza.com\/es\/2017\/10\/zabier-hernandez-buelvas-la-policia-tumaco-actuo-paramilitares\/","title":{"rendered":"Zabier Hern\u00e1ndez Buelvas \u201cLa polic\u00eda de Tumaco actu\u00f3 como paramilitares\u201d"},"content":{"rendered":"<p>Zabier Hern\u00e1ndez Buelvas es comisionado de paz del municipio de Pasto, es defensor de derechos humanos, ensayista y poeta.<\/p>\n<!--[if lt IE 9]><script>document.createElement('audio');<\/script><![endif]-->\n<audio class=\"wp-audio-shortcode\" id=\"audio-541786-1\" preload=\"none\" style=\"width: 100%;\" controls=\"controls\"><source type=\"audio\/mpeg\" src=\"https:\/\/mx.ivoox.com\/es\/zabier-hernandez-buelvas-desde-tumaco-colombia_md_21520554_wp_1.mp3?_=1\" \/><a href=\"https:\/\/mx.ivoox.com\/es\/zabier-hernandez-buelvas-desde-tumaco-colombia_md_21520554_wp_1.mp3\">https:\/\/mx.ivoox.com\/es\/zabier-hernandez-buelvas-desde-tumaco-colombia_md_21520554_wp_1.mp3<\/a><\/audio>\n<p><a title=\"Zabier Hern\u00e1ndez Buelvas desde Tumaco, Colombia\" href=\"https:\/\/mx.ivoox.com\/es\/zabier-hernandez-buelvas-desde-tumaco-colombia-audios-mp3_rf_21520554_1.html\">Ir a descargar<\/a><\/p>\n<p><strong>Reci\u00e9n convers\u00e1bamos con Pedro Arenas sobre la p\u00e9sima implementaci\u00f3n de esta transici\u00f3n hacia los cultivos l\u00edcitos en Nari\u00f1o y Putumayo y quedamos un poco desconsolados por lo ocurrido en Tumaco, que no deja de ser una continuidad siniestra de hechos violentos encabezados por las fuerzas de seguridad del Estado colombiano.<\/strong><\/p>\n<p><strong>Cu\u00e9ntanos la ultima hora de lo que est\u00e1 pasando all\u00ed en Tumaco.<\/strong><\/p>\n<p>Me parece pertinente y muy importante contarle al pueblo ecuatoriano de nuestras visiones, lo que est\u00e1 pasando. Como dec\u00edas estoy este momento en la zona veredal\u00a0 de la playa, queda distante del punto exacto de donde ocurrieron los hechos, hora y media. Viaj\u00e9 desde pasto esta madrugada cinco horas y estamos a la espera del ministro del Interior y el vicepresidente de la Rep\u00fablica el Sr. Naranjo. Va a haber una reuni\u00f3n donde vamos a exponer tambi\u00e9n nuestras visiones, nuestras exigencias para este territorio, para reparar a este territorio que ha sido tan inutilizado estos \u00faltimos d\u00edas.<\/p>\n<p><strong>Justamente, las Farc vienen sosteniendo desde hace meses que el gobierno est\u00e1 incumpliendo con su parte, en lo que tiene que ver con los acuerdos de paz y sobre todo en los referente a las zonas veredales. \u00bfQu\u00e9 balance se puede hacer al respecto y que implica tambi\u00e9n la desmovilizaci\u00f3n de las Farc para las comunidades campesinas all\u00ed en el sur colombiano?<\/strong><\/p>\n<p>Lo que primero que creo yo que hay que decir es que no solo no est\u00e1n cumpliendo a las Farc en ese 10% que todos los especialistas acad\u00e9micos han dicho que tiene de beneficios para las Farc en los acuerdos, de todos los acuerdos solamente un 10% son de beneficio concreto para las Farc, el 90% para beneficio de las comunidades y los territorios. Entonces, le ha incumplido especialmente a los territorios y a las comunidades, por ejemplo, lo que pas\u00f3 en El Tandil, en Tumaco, se muestra el incumplimiento por varias razones, primero porque no hay un desarrollo normal, adecuado de los PNISC que son los programas nacionales de sustituci\u00f3n integral de cultivos. Pero adem\u00e1s el Estado no ha entrado a los territorios que dej\u00f3 las Farc para garantizar la seguridad de las comunidades. Entonces las comunidades por mucho que quieran erradicar, que quieran organizarse, tienen factores de inseguridad que el Estado no ha podido resolver para garantizarles la vida a los dirigentes y a las comunidades para poder asumir estos procesos<\/p>\n<p><strong>Esto como que le da un fundamento muy fuerte a todas estas cr\u00edticas porque realmente estamos viendo como la paz no termina de llegar a Colombia y como el silencio de los fusiles, justamente ha dado lugar a un mont\u00f3n de reclamos que estaban invisibilizados por todo esto. Pero en este camino hacia la paz esta semana hubo dos hechos que me parecen importantes remarcar que son positivos, que por un lado es la conformaci\u00f3n del equipo verificador del alto al fuego entre el gobierno y el ELN\u00a0 y por otro el blindaje constitucional que le dio la corte al otorgarle vigencia al acuerdo por 12 a\u00f1os, es decir los pr\u00f3ximos tres gobiernos, \u00bfque nos puedes decir de esto, Zabier?<\/strong><\/p>\n<p>Esto sin duda es muy importante, son noticias muy alentadoras, debo agregar a eso que ya dos d\u00edas antes de la sentencia, la corte blindando los acuerdos, se hab\u00eda dado un hecho importante en el congreso y era que las comisiones conjuntas del senado y c\u00e1maras hab\u00edan definido aprobar los art\u00edculos m\u00e1s pol\u00e9micos de Justicia Especial para las Farc, que era la participaci\u00f3n pol\u00edtica de las Farc independientemente que el proceso de justicia especial vaya avanzando y lo otro era la responsabilidad de los mandos de la fuerza p\u00fablica en los hechos de afectaci\u00f3n y regulaci\u00f3n de los derechos humanos de la poblaci\u00f3n civil. Esto, junto al blindaje jur\u00eddico y junto hoy acaba de salir una sentencia del Consejo de Estado tambi\u00e9n blindando y negando la posible extradici\u00f3n de los insurgentes a Estados Unidos, o a cualquier pa\u00eds, porque quedan blindados tambi\u00e9n en la exceptibilidad de la no extradici\u00f3n de los insurgentes.<\/p>\n<p>Todo esto es muy importante, algunos est\u00e1n haciendo la tarea: el congreso, la sociedad, pero el gobierno en temas de implementaci\u00f3n en los territorios est\u00e1 muy quedado y ah\u00ed la tarea es dura, compleja, muy dif\u00edcil.<\/p>\n<p><strong>Zabdier, la verdad es que me gusta escucharte y que puedas hacernos este detalle pormemorizado de esos avances, que realmente no forman parte de la agenda comunicacional en el planeta y me parece que son peque\u00f1os avances que son muy importantes para poder consolidar este proceso. Claro, para poder tener una salida pac\u00edfica, noviolenta de esta guerra que tuvieron los colombianos por tantos a\u00f1os; indudablemente la pol\u00edtica es la herramienta para ello. Las elecciones son el pr\u00f3ximo a\u00f1o hay una fuerte incertidumbre, hay muchos candidatos que est\u00e1n en danza; eso a m\u00ed me da la sensaci\u00f3n que hace m\u00e1s dif\u00edcil que se pueda competir contra las fuerzas que se oponen a la paz, que encabeza el sr. \u00c1lvaro Uribe, pero como vez el panorama pol\u00edtico y una preguntita m\u00e1s, \u00bfqu\u00e9 esfuerzos se est\u00e1n haciendo desde la base para que algunos dirigentes dejen de lado sus egos y se pongan al servicio de consolidar este proceso de paz con justicia social?<\/strong><\/p>\n<p>Te agradezco mucho la pregunta porque es clave en el momento que vive el proceso de paz, es claro que, si no logramos generar una unificaci\u00f3n de todas las fuerzas alternativas, progresistas y defensoras de la paz, existe el peligro de que se suban al gobierno fuerzas oscuras, fuerzas que piensan hacer trizas el acuerdo y esta es una preocupaci\u00f3n.<\/p>\n<p>Precisamente desde Nari\u00f1o. Nari\u00f1o es un departamento donde hay unas experiencias populares y de participaci\u00f3n pol\u00edtica alternativa muy interesantes e hist\u00f3ricas. Por ejemplo, les doy un dato; en los ocho a\u00f1os de gobierno de Uribe, Uribe hizo seis elecciones, incluido un refer\u00e9ndum y todas las perdi\u00f3 en Nari\u00f1o, mientas en el resto del pa\u00eds ganaba, en Nari\u00f1o perdi\u00f3 y aqu\u00ed hay un proceso unitario de las fuerzas alternativas y sociales que, precisamente, estamos formulando, va a salir una carta p\u00fablica en los peri\u00f3dicos nacionales, hemos hecho un esfuerzo grande para publicarla, pidi\u00e9ndole a las fuerzas nacionales que se unan. Incluso, nosotros tenemos nuestras formas particulares de hacer las cosas, hemos dicho \u201cno vengan a Nari\u00f1o si no vienen unificados\u201d.<\/p>\n<p>Es para decirte que estamos trabajando en esa idea de la unidad de todas las fuerzas humanistas, progresistas del pa\u00eds para tener una presidencia que sea amigable con los acuerdos, que permita el desarrollo y la implementaci\u00f3n de los mismos y que,eso tambi\u00e9n tiene que estar reflejado con los procesos pol\u00edticos del territorio, tambi\u00e9n venimos trabajando muy duro para elegir representantes genuinos del pueblo que permitan avanzar territorialmente en la construcci\u00f3n de la paz.<\/p>\n<p><strong>Como Ecuador tiene una larga frontera con Colombia y, justamente, Nari\u00f1o esta pegadito, puedes hacer una mirada, por un lado de las implicaciones que tiene esta fragilidad, en la que vemos ciertos acuerdos que se firmaron en La Habana, la situaci\u00f3n en Nari\u00f1o y tambi\u00e9n de que modos la ciudadan\u00eda ecuatoriana, la gente de la frontera puede convertirse en un apoyo al proceso de paz, \u00bfc\u00f3mo lo ven ustedes desde Nari\u00f1o?<\/strong><\/p>\n<p>Esa pregunta es compleja, pero quiero empezar con lo siguiente, yo estuve en la misi\u00f3n humanitaria que entr\u00f3 el pasado domingo 8 de octubre, estuve incluso en el momento en que la polic\u00eda dispar\u00f3 contra la misi\u00f3n humanitaria, estaba de cuarto en la fila en que \u00edbamos en la b\u00fasqueda de un cad\u00e1ver, de uno de los campesinos asesinados y hay cosas muy graves en esa situaci\u00f3n y los impactos que esto produce en un aspecto poco hablado, poco desarrollado que es el tema de la confianza de las comunidades, de los ciudadanos, de los habitantes en las instituciones del Estado, que se profundiza esa desconfianza, ese temor a las instituciones del Estado que est\u00e1n encargadas de velar por los derechos de los ciudadanos, pero que en un momento dado transgreden esa misi\u00f3n institucional y terminan violando los derechos humanos y peor aun lo que uno ha visto, por ejemplo, queriendo acusar a los mismos campesinos de ser los responsables de los hechos, acus\u00e1ndolos de lanzar bombas, cilindros. Yo estuve en el lugar preciso de los hechos y no hay ning\u00fan vestigio de bombas, de cilindros, lo que hay son vestigios de proyectiles de fusil por todo el lugar. Y estuve tambi\u00e9n en esa misi\u00f3n humanitaria que atac\u00f3 la polic\u00eda y es incre\u00edble como un grupo, que representa el estado, act\u00faa de manera desinstitucionalizada, los mismos campesinos dec\u00edan \u201cact\u00faan como paramilitares\u201d.<\/p>\n<p>Entonces, todo eso es lo que nosotros estamos tratando en el territorio de reconstruir las confianzas, de que las comunidades vuelvan a creer en el proceso de paz, que muchos de estos obst\u00e1culos pueden ser vencidos, resueltos y que solo la unidad del pueblo puede garantizar esa posibilidad de avanzar en la implementaci\u00f3n de los acuerdos de la construcci\u00f3n final de una paz duradera<\/p>\n<p><strong>T\u00fa dijiste en tu primera respuesta de que ustedes van a esta reuni\u00f3n que se va a dar ahora con el vicepresidente y las autoridades con una agenda concreta, \u00bfcu\u00e1l es la agenda con la que van?<\/strong><\/p>\n<p>Vamos a proponer primero que sea retirada la fuerza p\u00fablica que se encuentra en este momento en el territorio de El Tandil, y de las veredas del play\u00f3n, Puerto Rico, Mataje, de La Monta\u00f1ita. Es decir que una forma de volver a recuperar un estado en el cual podamos dialogar, debe ser la desmilitarizaci\u00f3n del territorio; segundo, queremos que haya justicia, que haya verdad, que haya reparaci\u00f3n, se han dado algunas acciones importantes pero insuficientes, se desligaron de la polic\u00eda 102 uniformados, se sometieron a investigaci\u00f3n 4 de los que participaron en el hecho, pero eso no asegura una verdad ni la reparaci\u00f3n de las v\u00edctimas, no asegura una justicia completa. Necesitamos que haya justicia y reparaci\u00f3n, que haya responsables de los mandos que ordenaron esta acci\u00f3n. Y tercero vamos a solicitar que reinicie el proceso de di\u00e1logo y concertaci\u00f3n de formulaci\u00f3n y de avance del PNISC que es el programa de erradicaci\u00f3n y sustituci\u00f3n voluntaria de cultivos, acordado en La Habana y como cuarto adicional que se brinde las garant\u00edas a las comunidades. Estas garant\u00edas no son solamente militares y policiales, son una presencia integral del Estado que llegue el hospital, que legue la escuela, que llegue el ICBF, que lleguen las instituciones del Estado y, sin duda, con un componente de polic\u00eda y ej\u00e9rcito que permita una presencia integral, que permita la seguridad del proceso. Y finalmente pedimos que este punto en especial de El Tandil sea tomado como un territorio piloto de intervenci\u00f3n integral del Estado de manera inmediata, mientras avanza el PNISC, se aprueba en el congreso, porque entre otras cosas, no se ha aprobado la ley de reformas integral rural en los acuerdos de La Habana, ese es uno de los aspectos m\u00e1s atrasados, mientras eso avanza que El Tandil y el Play\u00f3n, que son las veredas donde ocurrieron los hechos, sean inmediatamente intervenidos de una manera integral por el Estado para una inversi\u00f3n social que permita la reparaci\u00f3n inmediata de estas comunidades. Eso vamos a plantear y vamos a exigirle al gobierno nacional que resuelva los temas de justicia y de la verdad que se necesita frente a este hecho.<\/p>\n<p>No vamos a desistir en el anhelo de paz que tenemos, quienes est\u00e1n en contra de la paz, cada d\u00eda se quedan m\u00e1s solos y aislados, con todos los avances que hemos dicho y que vamos a luchar por la verdad, la justicia y la reparaci\u00f3n de este hecho de Tumaco.<\/p>\n","protected":false},"excerpt":{"rendered":"<p>Zabier Hern\u00e1ndez Buelvas es comisionado de paz del municipio de Pasto, es defensor de derechos humanos, ensayista y poeta. Ir a descargar Reci\u00e9n convers\u00e1bamos con Pedro Arenas sobre la p\u00e9sima implementaci\u00f3n de esta transici\u00f3n hacia los cultivos l\u00edcitos en Nari\u00f1o&hellip;<\/p>\n","protected":false},"author":96,"featured_media":541787,"comment_status":"closed","ping_status":"closed","sticky":false,"template":"","format":"standard","meta":{"footnotes":""},"categories":[11389,79,155,1243,22754,67],"tags":[41190,2535,30,441,41188,6618,41189,41187],"class_list":["post-541786","post","type-post","status-publish","format-standard","has-post-thumbnail","hentry","category-contenido-original","category-derechos-humanos","category-entrevistas","category-paz-desarme","category-radio-es","category-sudamerica","tag-asesinato-de-campesinos","tag-campesinos","tag-colombia","tag-derechos-humanos","tag-el-tandil","tag-farc-es","tag-narino","tag-tumaco"],"yoast_head":"<!-- This site is optimized with the Yoast SEO plugin v27.1.1 - https:\/\/yoast.com\/product\/yoast-seo-wordpress\/ -->\n<title>Zabier Hern\u00e1ndez Buelvas \u201cLa polic\u00eda de Tumaco actu\u00f3 como paramilitares\u201d<\/title>\n<meta name=\"description\" content=\"Zabier Hern\u00e1ndez Buelvas es comisionado de paz del municipio de Pasto, es defensor de derechos humanos, ensayista y poeta. Ir a descargar Reci\u00e9n\" \/>\n<meta name=\"robots\" content=\"index, follow, max-snippet:-1, max-image-preview:large, max-video-preview:-1\" \/>\n<link rel=\"canonical\" href=\"https:\/\/www.pressenza.com\/es\/2017\/10\/zabier-hernandez-buelvas-la-policia-tumaco-actuo-paramilitares\/\" \/>\n<meta property=\"og:locale\" content=\"es_ES\" \/>\n<meta property=\"og:type\" content=\"article\" \/>\n<meta property=\"og:title\" content=\"Zabier Hern\u00e1ndez Buelvas \u201cLa polic\u00eda de Tumaco actu\u00f3 como paramilitares\u201d\" \/>\n<meta property=\"og:description\" content=\"Zabier Hern\u00e1ndez Buelvas es comisionado de paz del municipio de Pasto, es defensor de derechos humanos, ensayista y poeta. Ir a descargar Reci\u00e9n\" \/>\n<meta property=\"og:url\" content=\"https:\/\/www.pressenza.com\/es\/2017\/10\/zabier-hernandez-buelvas-la-policia-tumaco-actuo-paramilitares\/\" \/>\n<meta property=\"og:site_name\" content=\"Pressenza\" \/>\n<meta property=\"article:publisher\" content=\"https:\/\/www.facebook.com\/PressenzaItalia\" \/>\n<meta property=\"article:author\" content=\"https:\/\/www.facebook.com\/mariano.quiroga.779\" \/>\n<meta property=\"article:published_time\" content=\"2017-10-19T01:57:38+00:00\" \/>\n<meta property=\"article:modified_time\" content=\"2017-10-20T16:20:32+00:00\" \/>\n<meta property=\"og:image\" content=\"https:\/\/www.pressenza.com\/wp-content\/uploads\/2017\/10\/zabier.jpg\" \/>\n\t<meta property=\"og:image:width\" content=\"2048\" \/>\n\t<meta property=\"og:image:height\" content=\"1536\" \/>\n\t<meta property=\"og:image:type\" content=\"image\/jpeg\" \/>\n<meta name=\"author\" content=\"Mariano Quiroga\" \/>\n<meta name=\"twitter:card\" content=\"summary_large_image\" \/>\n<meta name=\"twitter:creator\" content=\"@MaruchoQuiroga\" \/>\n<meta name=\"twitter:site\" content=\"@PressenzaIPA\" \/>\n<meta name=\"twitter:label1\" content=\"Escrito por\" \/>\n\t<meta name=\"twitter:data1\" content=\"Mariano Quiroga\" \/>\n\t<meta name=\"twitter:label2\" content=\"Tiempo de lectura\" \/>\n\t<meta name=\"twitter:data2\" content=\"10 minutos\" \/>\n<script type=\"application\/ld+json\" class=\"yoast-schema-graph\">{\"@context\":\"https:\/\/schema.org\",\"@graph\":[{\"@type\":\"Article\",\"@id\":\"https:\/\/www.pressenza.com\/es\/2017\/10\/zabier-hernandez-buelvas-la-policia-tumaco-actuo-paramilitares\/#article\",\"isPartOf\":{\"@id\":\"https:\/\/www.pressenza.com\/es\/2017\/10\/zabier-hernandez-buelvas-la-policia-tumaco-actuo-paramilitares\/\"},\"author\":{\"name\":\"Mariano Quiroga\",\"@id\":\"https:\/\/www.pressenza.com\/es\/#\/schema\/person\/a0856fe41d8234b92503e6b28dc2585e\"},\"headline\":\"Zabier Hern\u00e1ndez Buelvas \u201cLa polic\u00eda de Tumaco actu\u00f3 como paramilitares\u201d\",\"datePublished\":\"2017-10-19T01:57:38+00:00\",\"dateModified\":\"2017-10-20T16:20:32+00:00\",\"mainEntityOfPage\":{\"@id\":\"https:\/\/www.pressenza.com\/es\/2017\/10\/zabier-hernandez-buelvas-la-policia-tumaco-actuo-paramilitares\/\"},\"wordCount\":2104,\"publisher\":{\"@id\":\"https:\/\/www.pressenza.com\/es\/#organization\"},\"image\":{\"@id\":\"https:\/\/www.pressenza.com\/es\/2017\/10\/zabier-hernandez-buelvas-la-policia-tumaco-actuo-paramilitares\/#primaryimage\"},\"thumbnailUrl\":\"https:\/\/www.pressenza.com\/wp-content\/uploads\/2017\/10\/zabier.jpg\",\"keywords\":[\"asesinato de campesinos\",\"campesinos\",\"Colombia\",\"Derechos humanos\",\"El Tandil\",\"FARC\",\"Nari\u00f1o\",\"Tumaco\"],\"articleSection\":[\"Contenido Original\",\"Derechos Humanos\",\"Entrevistas\",\"Paz y Desarme\",\"Radio\",\"Sudam\u00e9rica\"],\"inLanguage\":\"es\"},{\"@type\":\"WebPage\",\"@id\":\"https:\/\/www.pressenza.com\/es\/2017\/10\/zabier-hernandez-buelvas-la-policia-tumaco-actuo-paramilitares\/\",\"url\":\"https:\/\/www.pressenza.com\/es\/2017\/10\/zabier-hernandez-buelvas-la-policia-tumaco-actuo-paramilitares\/\",\"name\":\"Zabier Hern\u00e1ndez Buelvas \u201cLa polic\u00eda de Tumaco actu\u00f3 como paramilitares\u201d\",\"isPartOf\":{\"@id\":\"https:\/\/www.pressenza.com\/es\/#website\"},\"primaryImageOfPage\":{\"@id\":\"https:\/\/www.pressenza.com\/es\/2017\/10\/zabier-hernandez-buelvas-la-policia-tumaco-actuo-paramilitares\/#primaryimage\"},\"image\":{\"@id\":\"https:\/\/www.pressenza.com\/es\/2017\/10\/zabier-hernandez-buelvas-la-policia-tumaco-actuo-paramilitares\/#primaryimage\"},\"thumbnailUrl\":\"https:\/\/www.pressenza.com\/wp-content\/uploads\/2017\/10\/zabier.jpg\",\"datePublished\":\"2017-10-19T01:57:38+00:00\",\"dateModified\":\"2017-10-20T16:20:32+00:00\",\"description\":\"Zabier Hern\u00e1ndez Buelvas es comisionado de paz del municipio de Pasto, es defensor de derechos humanos, ensayista y poeta. Ir a descargar Reci\u00e9n\",\"breadcrumb\":{\"@id\":\"https:\/\/www.pressenza.com\/es\/2017\/10\/zabier-hernandez-buelvas-la-policia-tumaco-actuo-paramilitares\/#breadcrumb\"},\"inLanguage\":\"es\",\"potentialAction\":[{\"@type\":\"ReadAction\",\"target\":[\"https:\/\/www.pressenza.com\/es\/2017\/10\/zabier-hernandez-buelvas-la-policia-tumaco-actuo-paramilitares\/\"]}]},{\"@type\":\"ImageObject\",\"inLanguage\":\"es\",\"@id\":\"https:\/\/www.pressenza.com\/es\/2017\/10\/zabier-hernandez-buelvas-la-policia-tumaco-actuo-paramilitares\/#primaryimage\",\"url\":\"https:\/\/www.pressenza.com\/wp-content\/uploads\/2017\/10\/zabier.jpg\",\"contentUrl\":\"https:\/\/www.pressenza.com\/wp-content\/uploads\/2017\/10\/zabier.jpg\",\"width\":2048,\"height\":1536},{\"@type\":\"BreadcrumbList\",\"@id\":\"https:\/\/www.pressenza.com\/es\/2017\/10\/zabier-hernandez-buelvas-la-policia-tumaco-actuo-paramilitares\/#breadcrumb\",\"itemListElement\":[{\"@type\":\"ListItem\",\"position\":1,\"name\":\"Accueil\",\"item\":\"https:\/\/www.pressenza.com\/es\/\"},{\"@type\":\"ListItem\",\"position\":2,\"name\":\"Zabier Hern\u00e1ndez Buelvas \u201cLa polic\u00eda de Tumaco actu\u00f3 como paramilitares\u201d\"}]},{\"@type\":\"WebSite\",\"@id\":\"https:\/\/www.pressenza.com\/es\/#website\",\"url\":\"https:\/\/www.pressenza.com\/es\/\",\"name\":\"Pressenza\",\"description\":\"International Press Agency\",\"publisher\":{\"@id\":\"https:\/\/www.pressenza.com\/es\/#organization\"},\"potentialAction\":[{\"@type\":\"SearchAction\",\"target\":{\"@type\":\"EntryPoint\",\"urlTemplate\":\"https:\/\/www.pressenza.com\/es\/?s={search_term_string}\"},\"query-input\":{\"@type\":\"PropertyValueSpecification\",\"valueRequired\":true,\"valueName\":\"search_term_string\"}}],\"inLanguage\":\"es\"},{\"@type\":\"Organization\",\"@id\":\"https:\/\/www.pressenza.com\/es\/#organization\",\"name\":\"Pressenza\",\"url\":\"https:\/\/www.pressenza.com\/es\/\",\"logo\":{\"@type\":\"ImageObject\",\"inLanguage\":\"es\",\"@id\":\"https:\/\/www.pressenza.com\/es\/#\/schema\/logo\/image\/\",\"url\":\"https:\/\/www.pressenza.com\/wp-content\/uploads\/2022\/10\/pressenza_logo_200x200.jpg\",\"contentUrl\":\"https:\/\/www.pressenza.com\/wp-content\/uploads\/2022\/10\/pressenza_logo_200x200.jpg\",\"width\":200,\"height\":200,\"caption\":\"Pressenza\"},\"image\":{\"@id\":\"https:\/\/www.pressenza.com\/es\/#\/schema\/logo\/image\/\"},\"sameAs\":[\"https:\/\/www.facebook.com\/PressenzaItalia\",\"https:\/\/x.com\/PressenzaIPA\"]},{\"@type\":\"Person\",\"@id\":\"https:\/\/www.pressenza.com\/es\/#\/schema\/person\/a0856fe41d8234b92503e6b28dc2585e\",\"name\":\"Mariano Quiroga\",\"description\":\"Born in Buenos Aires, Argentina, in 1976, Mariano is a journalist, poet and international editor for Pressenza. His career includes publications in different countries and languages. Currently he is presenter on radio programmes in Ecuador and Argentina. A humanist communicator specialising in international politics, his vocation has led him to seek to build bridges that allow relationships to be made between data, events, people and contexts in order to create an inclusive look that synthesises the noblest searches for social justice and humanisation of the planet.\",\"sameAs\":[\"https:\/\/www.facebook.com\/mariano.quiroga.779\",\"https:\/\/x.com\/MaruchoQuiroga\"],\"url\":\"https:\/\/www.pressenza.com\/es\/author\/mariano-quiroga\/\"}]}<\/script>\n<!-- \/ Yoast SEO plugin. -->","yoast_head_json":{"title":"Zabier Hern\u00e1ndez Buelvas \u201cLa polic\u00eda de Tumaco actu\u00f3 como paramilitares\u201d","description":"Zabier Hern\u00e1ndez Buelvas es comisionado de paz del municipio de Pasto, es defensor de derechos humanos, ensayista y poeta. Ir a descargar Reci\u00e9n","robots":{"index":"index","follow":"follow","max-snippet":"max-snippet:-1","max-image-preview":"max-image-preview:large","max-video-preview":"max-video-preview:-1"},"canonical":"https:\/\/www.pressenza.com\/es\/2017\/10\/zabier-hernandez-buelvas-la-policia-tumaco-actuo-paramilitares\/","og_locale":"es_ES","og_type":"article","og_title":"Zabier Hern\u00e1ndez Buelvas \u201cLa polic\u00eda de Tumaco actu\u00f3 como paramilitares\u201d","og_description":"Zabier Hern\u00e1ndez Buelvas es comisionado de paz del municipio de Pasto, es defensor de derechos humanos, ensayista y poeta. Ir a descargar Reci\u00e9n","og_url":"https:\/\/www.pressenza.com\/es\/2017\/10\/zabier-hernandez-buelvas-la-policia-tumaco-actuo-paramilitares\/","og_site_name":"Pressenza","article_publisher":"https:\/\/www.facebook.com\/PressenzaItalia","article_author":"https:\/\/www.facebook.com\/mariano.quiroga.779","article_published_time":"2017-10-19T01:57:38+00:00","article_modified_time":"2017-10-20T16:20:32+00:00","og_image":[{"width":2048,"height":1536,"url":"https:\/\/www.pressenza.com\/wp-content\/uploads\/2017\/10\/zabier.jpg","type":"image\/jpeg"}],"author":"Mariano Quiroga","twitter_card":"summary_large_image","twitter_creator":"@MaruchoQuiroga","twitter_site":"@PressenzaIPA","twitter_misc":{"Escrito por":"Mariano Quiroga","Tiempo de lectura":"10 minutos"},"schema":{"@context":"https:\/\/schema.org","@graph":[{"@type":"Article","@id":"https:\/\/www.pressenza.com\/es\/2017\/10\/zabier-hernandez-buelvas-la-policia-tumaco-actuo-paramilitares\/#article","isPartOf":{"@id":"https:\/\/www.pressenza.com\/es\/2017\/10\/zabier-hernandez-buelvas-la-policia-tumaco-actuo-paramilitares\/"},"author":{"name":"Mariano Quiroga","@id":"https:\/\/www.pressenza.com\/es\/#\/schema\/person\/a0856fe41d8234b92503e6b28dc2585e"},"headline":"Zabier Hern\u00e1ndez Buelvas \u201cLa polic\u00eda de Tumaco actu\u00f3 como paramilitares\u201d","datePublished":"2017-10-19T01:57:38+00:00","dateModified":"2017-10-20T16:20:32+00:00","mainEntityOfPage":{"@id":"https:\/\/www.pressenza.com\/es\/2017\/10\/zabier-hernandez-buelvas-la-policia-tumaco-actuo-paramilitares\/"},"wordCount":2104,"publisher":{"@id":"https:\/\/www.pressenza.com\/es\/#organization"},"image":{"@id":"https:\/\/www.pressenza.com\/es\/2017\/10\/zabier-hernandez-buelvas-la-policia-tumaco-actuo-paramilitares\/#primaryimage"},"thumbnailUrl":"https:\/\/www.pressenza.com\/wp-content\/uploads\/2017\/10\/zabier.jpg","keywords":["asesinato de campesinos","campesinos","Colombia","Derechos humanos","El Tandil","FARC","Nari\u00f1o","Tumaco"],"articleSection":["Contenido Original","Derechos Humanos","Entrevistas","Paz y Desarme","Radio","Sudam\u00e9rica"],"inLanguage":"es"},{"@type":"WebPage","@id":"https:\/\/www.pressenza.com\/es\/2017\/10\/zabier-hernandez-buelvas-la-policia-tumaco-actuo-paramilitares\/","url":"https:\/\/www.pressenza.com\/es\/2017\/10\/zabier-hernandez-buelvas-la-policia-tumaco-actuo-paramilitares\/","name":"Zabier Hern\u00e1ndez Buelvas \u201cLa polic\u00eda de Tumaco actu\u00f3 como paramilitares\u201d","isPartOf":{"@id":"https:\/\/www.pressenza.com\/es\/#website"},"primaryImageOfPage":{"@id":"https:\/\/www.pressenza.com\/es\/2017\/10\/zabier-hernandez-buelvas-la-policia-tumaco-actuo-paramilitares\/#primaryimage"},"image":{"@id":"https:\/\/www.pressenza.com\/es\/2017\/10\/zabier-hernandez-buelvas-la-policia-tumaco-actuo-paramilitares\/#primaryimage"},"thumbnailUrl":"https:\/\/www.pressenza.com\/wp-content\/uploads\/2017\/10\/zabier.jpg","datePublished":"2017-10-19T01:57:38+00:00","dateModified":"2017-10-20T16:20:32+00:00","description":"Zabier Hern\u00e1ndez Buelvas es comisionado de paz del municipio de Pasto, es defensor de derechos humanos, ensayista y poeta. Ir a descargar Reci\u00e9n","breadcrumb":{"@id":"https:\/\/www.pressenza.com\/es\/2017\/10\/zabier-hernandez-buelvas-la-policia-tumaco-actuo-paramilitares\/#breadcrumb"},"inLanguage":"es","potentialAction":[{"@type":"ReadAction","target":["https:\/\/www.pressenza.com\/es\/2017\/10\/zabier-hernandez-buelvas-la-policia-tumaco-actuo-paramilitares\/"]}]},{"@type":"ImageObject","inLanguage":"es","@id":"https:\/\/www.pressenza.com\/es\/2017\/10\/zabier-hernandez-buelvas-la-policia-tumaco-actuo-paramilitares\/#primaryimage","url":"https:\/\/www.pressenza.com\/wp-content\/uploads\/2017\/10\/zabier.jpg","contentUrl":"https:\/\/www.pressenza.com\/wp-content\/uploads\/2017\/10\/zabier.jpg","width":2048,"height":1536},{"@type":"BreadcrumbList","@id":"https:\/\/www.pressenza.com\/es\/2017\/10\/zabier-hernandez-buelvas-la-policia-tumaco-actuo-paramilitares\/#breadcrumb","itemListElement":[{"@type":"ListItem","position":1,"name":"Accueil","item":"https:\/\/www.pressenza.com\/es\/"},{"@type":"ListItem","position":2,"name":"Zabier Hern\u00e1ndez Buelvas \u201cLa polic\u00eda de Tumaco actu\u00f3 como paramilitares\u201d"}]},{"@type":"WebSite","@id":"https:\/\/www.pressenza.com\/es\/#website","url":"https:\/\/www.pressenza.com\/es\/","name":"Pressenza","description":"International Press Agency","publisher":{"@id":"https:\/\/www.pressenza.com\/es\/#organization"},"potentialAction":[{"@type":"SearchAction","target":{"@type":"EntryPoint","urlTemplate":"https:\/\/www.pressenza.com\/es\/?s={search_term_string}"},"query-input":{"@type":"PropertyValueSpecification","valueRequired":true,"valueName":"search_term_string"}}],"inLanguage":"es"},{"@type":"Organization","@id":"https:\/\/www.pressenza.com\/es\/#organization","name":"Pressenza","url":"https:\/\/www.pressenza.com\/es\/","logo":{"@type":"ImageObject","inLanguage":"es","@id":"https:\/\/www.pressenza.com\/es\/#\/schema\/logo\/image\/","url":"https:\/\/www.pressenza.com\/wp-content\/uploads\/2022\/10\/pressenza_logo_200x200.jpg","contentUrl":"https:\/\/www.pressenza.com\/wp-content\/uploads\/2022\/10\/pressenza_logo_200x200.jpg","width":200,"height":200,"caption":"Pressenza"},"image":{"@id":"https:\/\/www.pressenza.com\/es\/#\/schema\/logo\/image\/"},"sameAs":["https:\/\/www.facebook.com\/PressenzaItalia","https:\/\/x.com\/PressenzaIPA"]},{"@type":"Person","@id":"https:\/\/www.pressenza.com\/es\/#\/schema\/person\/a0856fe41d8234b92503e6b28dc2585e","name":"Mariano Quiroga","description":"Born in Buenos Aires, Argentina, in 1976, Mariano is a journalist, poet and international editor for Pressenza. His career includes publications in different countries and languages. Currently he is presenter on radio programmes in Ecuador and Argentina. A humanist communicator specialising in international politics, his vocation has led him to seek to build bridges that allow relationships to be made between data, events, people and contexts in order to create an inclusive look that synthesises the noblest searches for social justice and humanisation of the planet.","sameAs":["https:\/\/www.facebook.com\/mariano.quiroga.779","https:\/\/x.com\/MaruchoQuiroga"],"url":"https:\/\/www.pressenza.com\/es\/author\/mariano-quiroga\/"}]}},"place":"Quito, Ecuador","original_article_url":"","_links":{"self":[{"href":"https:\/\/www.pressenza.com\/es\/wp-json\/wp\/v2\/posts\/541786","targetHints":{"allow":["GET"]}}],"collection":[{"href":"https:\/\/www.pressenza.com\/es\/wp-json\/wp\/v2\/posts"}],"about":[{"href":"https:\/\/www.pressenza.com\/es\/wp-json\/wp\/v2\/types\/post"}],"author":[{"embeddable":true,"href":"https:\/\/www.pressenza.com\/es\/wp-json\/wp\/v2\/users\/96"}],"replies":[{"embeddable":true,"href":"https:\/\/www.pressenza.com\/es\/wp-json\/wp\/v2\/comments?post=541786"}],"version-history":[{"count":0,"href":"https:\/\/www.pressenza.com\/es\/wp-json\/wp\/v2\/posts\/541786\/revisions"}],"wp:featuredmedia":[{"embeddable":true,"href":"https:\/\/www.pressenza.com\/es\/wp-json\/wp\/v2\/media\/541787"}],"wp:attachment":[{"href":"https:\/\/www.pressenza.com\/es\/wp-json\/wp\/v2\/media?parent=541786"}],"wp:term":[{"taxonomy":"category","embeddable":true,"href":"https:\/\/www.pressenza.com\/es\/wp-json\/wp\/v2\/categories?post=541786"},{"taxonomy":"post_tag","embeddable":true,"href":"https:\/\/www.pressenza.com\/es\/wp-json\/wp\/v2\/tags?post=541786"}],"curies":[{"name":"wp","href":"https:\/\/api.w.org\/{rel}","templated":true}]}}