{"id":540871,"date":"2017-10-17T20:19:06","date_gmt":"2017-10-17T19:19:06","guid":{"rendered":"https:\/\/www.pressenza.com\/?p=540871\/"},"modified":"2017-10-17T20:19:06","modified_gmt":"2017-10-17T19:19:06","slug":"encrucijada-futuro-del-humano-los-pasos-hacia-la-nacion-humana-universal-manana-roma-comienza-la-gira-guillermo-sullings-italia","status":"publish","type":"post","link":"https:\/\/www.pressenza.com\/es\/2017\/10\/encrucijada-futuro-del-humano-los-pasos-hacia-la-nacion-humana-universal-manana-roma-comienza-la-gira-guillermo-sullings-italia\/","title":{"rendered":"\u201cEncrucijada y futuro del ser humano. Los pasos hacia la Naci\u00f3n Humana Universal\u201d: ma\u00f1ana en Roma comienza la gira de Guillermo Sullings en Italia"},"content":{"rendered":"<p>Ma\u00f1ana mi\u00e9rcoles 18 de octubre comienza en Roma la gira de presentaciones del libro de Guillermo Sullings, \u201cEncrucijada y futuro del ser humano. Los pasos hacia la Naci\u00f3n Humana Universal\u201d.<\/p>\n<p>En la contratapa se lee:<\/p>\n<p><em>La civilizaci\u00f3n humana, desgarrada por las contradicciones, se encuentra en una encrucijada. Algunas personas piensan que estamos avanzando hacia una sociedad global, gobernada por el poder financiero o controlada por alg\u00fan aparato militar.<\/em><\/p>\n<p><em>Otros piensan que se puede iniciar un proceso de integraci\u00f3n entre pa\u00edses en el que las poblaciones, animadas por un sincero esp\u00edritu de cooperaci\u00f3n, construyan una sociedad libertaria, aut\u00e9nticamente democr\u00e1tica y no violenta: una Naci\u00f3n Humana universal.<\/em><\/p>\n<p>De esto es de lo que habla este libro, de liberar la fuerza de la utop\u00eda para transformarla en un verdadero proyecto humano, una construcci\u00f3n de pasos progresistas que puedan desunir los poderes generadores de conflictos y violencia, sabiendo que para transformar el mundo tendremos que transformarnos a nosotros mismos.<\/p>\n<p>Guillermo Sullings, argentino, casado y con dos hijos. Trabaja como consultor de organizaciones sociales. Militante humanista militante desde hace d\u00e9cadas, ha escrito ensayos sobre pol\u00edtica y econom\u00eda; ha sido candidato a la presidencia de su naci\u00f3n y secretario del Humanismo Internacional. Fund\u00f3 la \u00abAsociaci\u00f3n Civil Generaci\u00f3n Aconcagua\u00bb y la \u00abFundaci\u00f3n Pangea para una naci\u00f3n humana universal\u00bb de la que es presidente.<\/p>\n<p>&nbsp;<\/p>\n<p>P<\/p>\n<p><strong>ROMA &#8211; 18 de octubre de 2017 a las 19.00 hrs.<\/strong><\/p>\n<p>Energ\u00eda para los derechos humanos<\/p>\n<p><a href=\"https:\/\/maps.google.com\/?q=Via+degli+Equi+45+%0D+ROMA&amp;entry=gmail&amp;source=g\">Via degli Equi 45<\/a><\/p>\n<p>ROMA &gt; Evento FB: <a href=\"https:\/\/www.facebook.com\/events\/1459108740839994\">https:\/\/www.facebook.com\/events\/1459108740839994<\/a><\/p>\n<p>&nbsp;<\/p>\n<p><strong>FLORENCIA &#8211; 19 de octubre de 2017 a las 17.00 hrs.<\/strong><\/p>\n<p>Biblioteca Villa Bandini<\/p>\n<p><a href=\"https:\/\/maps.google.com\/?q=Via+di+Ripoli+118+-+Via+del+Paradiso&amp;entry=gmail&amp;source=g\">Via Ripoli 118 118 118 &#8211; Via del Paradiso<\/a> 5<\/p>\n<p>FLORENCIA &gt; Evento FB: <a href=\"https:\/\/www.facebook.com\/events\/703376809853221\">https:\/\/www.facebook.com\/events\/703376809853221<\/a><\/p>\n<p>&nbsp;<\/p>\n<p><strong>MIL\u00c1N &#8211; 20 de octubre de 2017 a las 18.30 horas<\/strong><\/p>\n<p>Sala Buozzi &gt; Sal\u00f3n del Trabajo<\/p>\n<p><a href=\"https:\/\/maps.google.com\/?q=Corso+Di+Porta+Vittoria+43+%0D+MILANO&amp;entry=gmail&amp;source=g\">Corso Di Porta Vittoria<\/a> 43<\/p>\n<p>MILAN &gt; Evento FB: <a href=\"https:\/\/www.facebook.com\/events\/1917101315208498\">https:\/\/www.facebook.com\/events\/1917101315208498<\/a><\/p>\n","protected":false},"excerpt":{"rendered":"<p>Ma\u00f1ana mi\u00e9rcoles 18 de octubre comienza en Roma la gira de presentaciones del libro de Guillermo Sullings, \u201cEncrucijada y futuro del ser humano. Los pasos hacia la Naci\u00f3n Humana Universal\u201d. En la contratapa se lee: La civilizaci\u00f3n humana, desgarrada por&hellip;<\/p>\n","protected":false},"author":1028,"featured_media":540480,"comment_status":"closed","ping_status":"closed","sticky":false,"template":"","format":"standard","meta":{"footnotes":""},"categories":[149,75,1240,74],"tags":[8699,41149,41148,1311,22224,41150],"class_list":["post-540871","post","type-post","status-publish","format-standard","has-post-thumbnail","hentry","category-comunicados-de-prensa","category-cultura-es","category-humanismo-espiritualidad","category-politica-es","tag-guillermo-sullings-es","tag-la-humanidad-en-la-encrucijada","tag-la-nacion-humana-universal","tag-libro","tag-cap-multimage","tag-presentaciones"],"yoast_head":"<!-- This site is optimized with the Yoast SEO plugin v27.1.1 - https:\/\/yoast.com\/product\/yoast-seo-wordpress\/ -->\n<title>\u201cEncrucijada y futuro del ser humano. Los pasos hacia la Naci\u00f3n Humana Universal\u201d: ma\u00f1ana en Roma comienza la gira de Guillermo Sullings en Italia<\/title>\n<meta name=\"description\" content=\"Ma\u00f1ana mi\u00e9rcoles 18 de octubre comienza en Roma la gira de presentaciones del libro de Guillermo Sullings, \u201cEncrucijada y futuro del ser humano. Los pasos\" \/>\n<meta name=\"robots\" content=\"index, follow, max-snippet:-1, max-image-preview:large, max-video-preview:-1\" \/>\n<link rel=\"canonical\" href=\"https:\/\/www.pressenza.com\/es\/2017\/10\/encrucijada-futuro-del-humano-los-pasos-hacia-la-nacion-humana-universal-manana-roma-comienza-la-gira-guillermo-sullings-italia\/\" \/>\n<meta property=\"og:locale\" content=\"es_ES\" \/>\n<meta property=\"og:type\" content=\"article\" \/>\n<meta property=\"og:title\" content=\"\u201cEncrucijada y futuro del ser humano. Los pasos hacia la Naci\u00f3n Humana Universal\u201d: ma\u00f1ana en Roma comienza la gira de Guillermo Sullings en Italia\" \/>\n<meta property=\"og:description\" content=\"Ma\u00f1ana mi\u00e9rcoles 18 de octubre comienza en Roma la gira de presentaciones del libro de Guillermo Sullings, \u201cEncrucijada y futuro del ser humano. Los pasos\" \/>\n<meta property=\"og:url\" content=\"https:\/\/www.pressenza.com\/es\/2017\/10\/encrucijada-futuro-del-humano-los-pasos-hacia-la-nacion-humana-universal-manana-roma-comienza-la-gira-guillermo-sullings-italia\/\" \/>\n<meta property=\"og:site_name\" content=\"Pressenza\" \/>\n<meta property=\"article:publisher\" content=\"https:\/\/www.facebook.com\/PressenzaItalia\" \/>\n<meta property=\"article:published_time\" content=\"2017-10-17T19:19:06+00:00\" \/>\n<meta property=\"og:image\" content=\"https:\/\/www.pressenza.com\/wp-content\/uploads\/2017\/10\/Umanita_bivio_Sullings_874px.jpg\" \/>\n\t<meta property=\"og:image:width\" content=\"874\" \/>\n\t<meta property=\"og:image:height\" content=\"1233\" \/>\n\t<meta property=\"og:image:type\" content=\"image\/jpeg\" \/>\n<meta name=\"author\" content=\"Multimage\" \/>\n<meta name=\"twitter:card\" content=\"summary_large_image\" \/>\n<meta name=\"twitter:creator\" content=\"@PressenzaIPA\" \/>\n<meta name=\"twitter:site\" content=\"@PressenzaIPA\" \/>\n<meta name=\"twitter:label1\" content=\"Escrito por\" \/>\n\t<meta name=\"twitter:data1\" content=\"Multimage\" \/>\n\t<meta name=\"twitter:label2\" content=\"Tiempo de lectura\" \/>\n\t<meta name=\"twitter:data2\" content=\"2 minutos\" \/>\n<script type=\"application\/ld+json\" class=\"yoast-schema-graph\">{\"@context\":\"https:\/\/schema.org\",\"@graph\":[{\"@type\":\"Article\",\"@id\":\"https:\/\/www.pressenza.com\/es\/2017\/10\/encrucijada-futuro-del-humano-los-pasos-hacia-la-nacion-humana-universal-manana-roma-comienza-la-gira-guillermo-sullings-italia\/#article\",\"isPartOf\":{\"@id\":\"https:\/\/www.pressenza.com\/es\/2017\/10\/encrucijada-futuro-del-humano-los-pasos-hacia-la-nacion-humana-universal-manana-roma-comienza-la-gira-guillermo-sullings-italia\/\"},\"author\":{\"name\":\"Multimage\",\"@id\":\"https:\/\/www.pressenza.com\/es\/#\/schema\/person\/cb3e6abc6650b1a3b1a1bc653582a3ab\"},\"headline\":\"\u201cEncrucijada y futuro del ser humano. Los pasos hacia la Naci\u00f3n Humana Universal\u201d: ma\u00f1ana en Roma comienza la gira de Guillermo Sullings en Italia\",\"datePublished\":\"2017-10-17T19:19:06+00:00\",\"mainEntityOfPage\":{\"@id\":\"https:\/\/www.pressenza.com\/es\/2017\/10\/encrucijada-futuro-del-humano-los-pasos-hacia-la-nacion-humana-universal-manana-roma-comienza-la-gira-guillermo-sullings-italia\/\"},\"wordCount\":348,\"publisher\":{\"@id\":\"https:\/\/www.pressenza.com\/es\/#organization\"},\"image\":{\"@id\":\"https:\/\/www.pressenza.com\/es\/2017\/10\/encrucijada-futuro-del-humano-los-pasos-hacia-la-nacion-humana-universal-manana-roma-comienza-la-gira-guillermo-sullings-italia\/#primaryimage\"},\"thumbnailUrl\":\"https:\/\/www.pressenza.com\/wp-content\/uploads\/2017\/10\/Umanita_bivio_Sullings_874px.jpg\",\"keywords\":[\"Guillermo Sullings\",\"La humanidad en la encrucijada\",\"La naci\u00f3n humana universal\",\"libro\",\"Multimage\",\"Presentaciones\"],\"articleSection\":[\"Comunicados de Prensa\",\"Cultura y Medios\",\"Humanismo y Espiritualidad\",\"Pol\u00edtica\"],\"inLanguage\":\"es\"},{\"@type\":\"WebPage\",\"@id\":\"https:\/\/www.pressenza.com\/es\/2017\/10\/encrucijada-futuro-del-humano-los-pasos-hacia-la-nacion-humana-universal-manana-roma-comienza-la-gira-guillermo-sullings-italia\/\",\"url\":\"https:\/\/www.pressenza.com\/es\/2017\/10\/encrucijada-futuro-del-humano-los-pasos-hacia-la-nacion-humana-universal-manana-roma-comienza-la-gira-guillermo-sullings-italia\/\",\"name\":\"\u201cEncrucijada y futuro del ser humano. Los pasos hacia la Naci\u00f3n Humana Universal\u201d: ma\u00f1ana en Roma comienza la gira de Guillermo Sullings en Italia\",\"isPartOf\":{\"@id\":\"https:\/\/www.pressenza.com\/es\/#website\"},\"primaryImageOfPage\":{\"@id\":\"https:\/\/www.pressenza.com\/es\/2017\/10\/encrucijada-futuro-del-humano-los-pasos-hacia-la-nacion-humana-universal-manana-roma-comienza-la-gira-guillermo-sullings-italia\/#primaryimage\"},\"image\":{\"@id\":\"https:\/\/www.pressenza.com\/es\/2017\/10\/encrucijada-futuro-del-humano-los-pasos-hacia-la-nacion-humana-universal-manana-roma-comienza-la-gira-guillermo-sullings-italia\/#primaryimage\"},\"thumbnailUrl\":\"https:\/\/www.pressenza.com\/wp-content\/uploads\/2017\/10\/Umanita_bivio_Sullings_874px.jpg\",\"datePublished\":\"2017-10-17T19:19:06+00:00\",\"description\":\"Ma\u00f1ana mi\u00e9rcoles 18 de octubre comienza en Roma la gira de presentaciones del libro de Guillermo Sullings, \u201cEncrucijada y futuro del ser humano. Los pasos\",\"breadcrumb\":{\"@id\":\"https:\/\/www.pressenza.com\/es\/2017\/10\/encrucijada-futuro-del-humano-los-pasos-hacia-la-nacion-humana-universal-manana-roma-comienza-la-gira-guillermo-sullings-italia\/#breadcrumb\"},\"inLanguage\":\"es\",\"potentialAction\":[{\"@type\":\"ReadAction\",\"target\":[\"https:\/\/www.pressenza.com\/es\/2017\/10\/encrucijada-futuro-del-humano-los-pasos-hacia-la-nacion-humana-universal-manana-roma-comienza-la-gira-guillermo-sullings-italia\/\"]}]},{\"@type\":\"ImageObject\",\"inLanguage\":\"es\",\"@id\":\"https:\/\/www.pressenza.com\/es\/2017\/10\/encrucijada-futuro-del-humano-los-pasos-hacia-la-nacion-humana-universal-manana-roma-comienza-la-gira-guillermo-sullings-italia\/#primaryimage\",\"url\":\"https:\/\/www.pressenza.com\/wp-content\/uploads\/2017\/10\/Umanita_bivio_Sullings_874px.jpg\",\"contentUrl\":\"https:\/\/www.pressenza.com\/wp-content\/uploads\/2017\/10\/Umanita_bivio_Sullings_874px.jpg\",\"width\":874,\"height\":1233},{\"@type\":\"BreadcrumbList\",\"@id\":\"https:\/\/www.pressenza.com\/es\/2017\/10\/encrucijada-futuro-del-humano-los-pasos-hacia-la-nacion-humana-universal-manana-roma-comienza-la-gira-guillermo-sullings-italia\/#breadcrumb\",\"itemListElement\":[{\"@type\":\"ListItem\",\"position\":1,\"name\":\"Accueil\",\"item\":\"https:\/\/www.pressenza.com\/es\/\"},{\"@type\":\"ListItem\",\"position\":2,\"name\":\"\u201cEncrucijada y futuro del ser humano. Los pasos hacia la Naci\u00f3n Humana Universal\u201d: ma\u00f1ana en Roma comienza la gira de Guillermo Sullings en Italia\"}]},{\"@type\":\"WebSite\",\"@id\":\"https:\/\/www.pressenza.com\/es\/#website\",\"url\":\"https:\/\/www.pressenza.com\/es\/\",\"name\":\"Pressenza\",\"description\":\"International Press Agency\",\"publisher\":{\"@id\":\"https:\/\/www.pressenza.com\/es\/#organization\"},\"potentialAction\":[{\"@type\":\"SearchAction\",\"target\":{\"@type\":\"EntryPoint\",\"urlTemplate\":\"https:\/\/www.pressenza.com\/es\/?s={search_term_string}\"},\"query-input\":{\"@type\":\"PropertyValueSpecification\",\"valueRequired\":true,\"valueName\":\"search_term_string\"}}],\"inLanguage\":\"es\"},{\"@type\":\"Organization\",\"@id\":\"https:\/\/www.pressenza.com\/es\/#organization\",\"name\":\"Pressenza\",\"url\":\"https:\/\/www.pressenza.com\/es\/\",\"logo\":{\"@type\":\"ImageObject\",\"inLanguage\":\"es\",\"@id\":\"https:\/\/www.pressenza.com\/es\/#\/schema\/logo\/image\/\",\"url\":\"https:\/\/www.pressenza.com\/wp-content\/uploads\/2022\/10\/pressenza_logo_200x200.jpg\",\"contentUrl\":\"https:\/\/www.pressenza.com\/wp-content\/uploads\/2022\/10\/pressenza_logo_200x200.jpg\",\"width\":200,\"height\":200,\"caption\":\"Pressenza\"},\"image\":{\"@id\":\"https:\/\/www.pressenza.com\/es\/#\/schema\/logo\/image\/\"},\"sameAs\":[\"https:\/\/www.facebook.com\/PressenzaItalia\",\"https:\/\/x.com\/PressenzaIPA\"]},{\"@type\":\"Person\",\"@id\":\"https:\/\/www.pressenza.com\/es\/#\/schema\/person\/cb3e6abc6650b1a3b1a1bc653582a3ab\",\"name\":\"Multimage\",\"description\":\"La casa editrice dei diritti umani. Associazione editoriale umanista che ha pubblicato l'Opera Completa di Silo in italiano e numerosi libri su: diritti umani, pacifismo, nonviolenza, memoria, pena di morte, popoli, letteratura esistenziale, spiritualit\u00e0. www.multimage.org\",\"url\":\"https:\/\/www.pressenza.com\/es\/author\/multimage\/\"}]}<\/script>\n<!-- \/ Yoast SEO plugin. -->","yoast_head_json":{"title":"\u201cEncrucijada y futuro del ser humano. Los pasos hacia la Naci\u00f3n Humana Universal\u201d: ma\u00f1ana en Roma comienza la gira de Guillermo Sullings en Italia","description":"Ma\u00f1ana mi\u00e9rcoles 18 de octubre comienza en Roma la gira de presentaciones del libro de Guillermo Sullings, \u201cEncrucijada y futuro del ser humano. Los pasos","robots":{"index":"index","follow":"follow","max-snippet":"max-snippet:-1","max-image-preview":"max-image-preview:large","max-video-preview":"max-video-preview:-1"},"canonical":"https:\/\/www.pressenza.com\/es\/2017\/10\/encrucijada-futuro-del-humano-los-pasos-hacia-la-nacion-humana-universal-manana-roma-comienza-la-gira-guillermo-sullings-italia\/","og_locale":"es_ES","og_type":"article","og_title":"\u201cEncrucijada y futuro del ser humano. Los pasos hacia la Naci\u00f3n Humana Universal\u201d: ma\u00f1ana en Roma comienza la gira de Guillermo Sullings en Italia","og_description":"Ma\u00f1ana mi\u00e9rcoles 18 de octubre comienza en Roma la gira de presentaciones del libro de Guillermo Sullings, \u201cEncrucijada y futuro del ser humano. Los pasos","og_url":"https:\/\/www.pressenza.com\/es\/2017\/10\/encrucijada-futuro-del-humano-los-pasos-hacia-la-nacion-humana-universal-manana-roma-comienza-la-gira-guillermo-sullings-italia\/","og_site_name":"Pressenza","article_publisher":"https:\/\/www.facebook.com\/PressenzaItalia","article_published_time":"2017-10-17T19:19:06+00:00","og_image":[{"width":874,"height":1233,"url":"https:\/\/www.pressenza.com\/wp-content\/uploads\/2017\/10\/Umanita_bivio_Sullings_874px.jpg","type":"image\/jpeg"}],"author":"Multimage","twitter_card":"summary_large_image","twitter_creator":"@PressenzaIPA","twitter_site":"@PressenzaIPA","twitter_misc":{"Escrito por":"Multimage","Tiempo de lectura":"2 minutos"},"schema":{"@context":"https:\/\/schema.org","@graph":[{"@type":"Article","@id":"https:\/\/www.pressenza.com\/es\/2017\/10\/encrucijada-futuro-del-humano-los-pasos-hacia-la-nacion-humana-universal-manana-roma-comienza-la-gira-guillermo-sullings-italia\/#article","isPartOf":{"@id":"https:\/\/www.pressenza.com\/es\/2017\/10\/encrucijada-futuro-del-humano-los-pasos-hacia-la-nacion-humana-universal-manana-roma-comienza-la-gira-guillermo-sullings-italia\/"},"author":{"name":"Multimage","@id":"https:\/\/www.pressenza.com\/es\/#\/schema\/person\/cb3e6abc6650b1a3b1a1bc653582a3ab"},"headline":"\u201cEncrucijada y futuro del ser humano. Los pasos hacia la Naci\u00f3n Humana Universal\u201d: ma\u00f1ana en Roma comienza la gira de Guillermo Sullings en Italia","datePublished":"2017-10-17T19:19:06+00:00","mainEntityOfPage":{"@id":"https:\/\/www.pressenza.com\/es\/2017\/10\/encrucijada-futuro-del-humano-los-pasos-hacia-la-nacion-humana-universal-manana-roma-comienza-la-gira-guillermo-sullings-italia\/"},"wordCount":348,"publisher":{"@id":"https:\/\/www.pressenza.com\/es\/#organization"},"image":{"@id":"https:\/\/www.pressenza.com\/es\/2017\/10\/encrucijada-futuro-del-humano-los-pasos-hacia-la-nacion-humana-universal-manana-roma-comienza-la-gira-guillermo-sullings-italia\/#primaryimage"},"thumbnailUrl":"https:\/\/www.pressenza.com\/wp-content\/uploads\/2017\/10\/Umanita_bivio_Sullings_874px.jpg","keywords":["Guillermo Sullings","La humanidad en la encrucijada","La naci\u00f3n humana universal","libro","Multimage","Presentaciones"],"articleSection":["Comunicados de Prensa","Cultura y Medios","Humanismo y Espiritualidad","Pol\u00edtica"],"inLanguage":"es"},{"@type":"WebPage","@id":"https:\/\/www.pressenza.com\/es\/2017\/10\/encrucijada-futuro-del-humano-los-pasos-hacia-la-nacion-humana-universal-manana-roma-comienza-la-gira-guillermo-sullings-italia\/","url":"https:\/\/www.pressenza.com\/es\/2017\/10\/encrucijada-futuro-del-humano-los-pasos-hacia-la-nacion-humana-universal-manana-roma-comienza-la-gira-guillermo-sullings-italia\/","name":"\u201cEncrucijada y futuro del ser humano. Los pasos hacia la Naci\u00f3n Humana Universal\u201d: ma\u00f1ana en Roma comienza la gira de Guillermo Sullings en Italia","isPartOf":{"@id":"https:\/\/www.pressenza.com\/es\/#website"},"primaryImageOfPage":{"@id":"https:\/\/www.pressenza.com\/es\/2017\/10\/encrucijada-futuro-del-humano-los-pasos-hacia-la-nacion-humana-universal-manana-roma-comienza-la-gira-guillermo-sullings-italia\/#primaryimage"},"image":{"@id":"https:\/\/www.pressenza.com\/es\/2017\/10\/encrucijada-futuro-del-humano-los-pasos-hacia-la-nacion-humana-universal-manana-roma-comienza-la-gira-guillermo-sullings-italia\/#primaryimage"},"thumbnailUrl":"https:\/\/www.pressenza.com\/wp-content\/uploads\/2017\/10\/Umanita_bivio_Sullings_874px.jpg","datePublished":"2017-10-17T19:19:06+00:00","description":"Ma\u00f1ana mi\u00e9rcoles 18 de octubre comienza en Roma la gira de presentaciones del libro de Guillermo Sullings, \u201cEncrucijada y futuro del ser humano. Los pasos","breadcrumb":{"@id":"https:\/\/www.pressenza.com\/es\/2017\/10\/encrucijada-futuro-del-humano-los-pasos-hacia-la-nacion-humana-universal-manana-roma-comienza-la-gira-guillermo-sullings-italia\/#breadcrumb"},"inLanguage":"es","potentialAction":[{"@type":"ReadAction","target":["https:\/\/www.pressenza.com\/es\/2017\/10\/encrucijada-futuro-del-humano-los-pasos-hacia-la-nacion-humana-universal-manana-roma-comienza-la-gira-guillermo-sullings-italia\/"]}]},{"@type":"ImageObject","inLanguage":"es","@id":"https:\/\/www.pressenza.com\/es\/2017\/10\/encrucijada-futuro-del-humano-los-pasos-hacia-la-nacion-humana-universal-manana-roma-comienza-la-gira-guillermo-sullings-italia\/#primaryimage","url":"https:\/\/www.pressenza.com\/wp-content\/uploads\/2017\/10\/Umanita_bivio_Sullings_874px.jpg","contentUrl":"https:\/\/www.pressenza.com\/wp-content\/uploads\/2017\/10\/Umanita_bivio_Sullings_874px.jpg","width":874,"height":1233},{"@type":"BreadcrumbList","@id":"https:\/\/www.pressenza.com\/es\/2017\/10\/encrucijada-futuro-del-humano-los-pasos-hacia-la-nacion-humana-universal-manana-roma-comienza-la-gira-guillermo-sullings-italia\/#breadcrumb","itemListElement":[{"@type":"ListItem","position":1,"name":"Accueil","item":"https:\/\/www.pressenza.com\/es\/"},{"@type":"ListItem","position":2,"name":"\u201cEncrucijada y futuro del ser humano. Los pasos hacia la Naci\u00f3n Humana Universal\u201d: ma\u00f1ana en Roma comienza la gira de Guillermo Sullings en Italia"}]},{"@type":"WebSite","@id":"https:\/\/www.pressenza.com\/es\/#website","url":"https:\/\/www.pressenza.com\/es\/","name":"Pressenza","description":"International Press Agency","publisher":{"@id":"https:\/\/www.pressenza.com\/es\/#organization"},"potentialAction":[{"@type":"SearchAction","target":{"@type":"EntryPoint","urlTemplate":"https:\/\/www.pressenza.com\/es\/?s={search_term_string}"},"query-input":{"@type":"PropertyValueSpecification","valueRequired":true,"valueName":"search_term_string"}}],"inLanguage":"es"},{"@type":"Organization","@id":"https:\/\/www.pressenza.com\/es\/#organization","name":"Pressenza","url":"https:\/\/www.pressenza.com\/es\/","logo":{"@type":"ImageObject","inLanguage":"es","@id":"https:\/\/www.pressenza.com\/es\/#\/schema\/logo\/image\/","url":"https:\/\/www.pressenza.com\/wp-content\/uploads\/2022\/10\/pressenza_logo_200x200.jpg","contentUrl":"https:\/\/www.pressenza.com\/wp-content\/uploads\/2022\/10\/pressenza_logo_200x200.jpg","width":200,"height":200,"caption":"Pressenza"},"image":{"@id":"https:\/\/www.pressenza.com\/es\/#\/schema\/logo\/image\/"},"sameAs":["https:\/\/www.facebook.com\/PressenzaItalia","https:\/\/x.com\/PressenzaIPA"]},{"@type":"Person","@id":"https:\/\/www.pressenza.com\/es\/#\/schema\/person\/cb3e6abc6650b1a3b1a1bc653582a3ab","name":"Multimage","description":"La casa editrice dei diritti umani. Associazione editoriale umanista che ha pubblicato l'Opera Completa di Silo in italiano e numerosi libri su: diritti umani, pacifismo, nonviolenza, memoria, pena di morte, popoli, letteratura esistenziale, spiritualit\u00e0. www.multimage.org","url":"https:\/\/www.pressenza.com\/es\/author\/multimage\/"}]}},"place":"Italia","original_article_url":"","_links":{"self":[{"href":"https:\/\/www.pressenza.com\/es\/wp-json\/wp\/v2\/posts\/540871","targetHints":{"allow":["GET"]}}],"collection":[{"href":"https:\/\/www.pressenza.com\/es\/wp-json\/wp\/v2\/posts"}],"about":[{"href":"https:\/\/www.pressenza.com\/es\/wp-json\/wp\/v2\/types\/post"}],"author":[{"embeddable":true,"href":"https:\/\/www.pressenza.com\/es\/wp-json\/wp\/v2\/users\/1028"}],"replies":[{"embeddable":true,"href":"https:\/\/www.pressenza.com\/es\/wp-json\/wp\/v2\/comments?post=540871"}],"version-history":[{"count":0,"href":"https:\/\/www.pressenza.com\/es\/wp-json\/wp\/v2\/posts\/540871\/revisions"}],"wp:featuredmedia":[{"embeddable":true,"href":"https:\/\/www.pressenza.com\/es\/wp-json\/wp\/v2\/media\/540480"}],"wp:attachment":[{"href":"https:\/\/www.pressenza.com\/es\/wp-json\/wp\/v2\/media?parent=540871"}],"wp:term":[{"taxonomy":"category","embeddable":true,"href":"https:\/\/www.pressenza.com\/es\/wp-json\/wp\/v2\/categories?post=540871"},{"taxonomy":"post_tag","embeddable":true,"href":"https:\/\/www.pressenza.com\/es\/wp-json\/wp\/v2\/tags?post=540871"}],"curies":[{"name":"wp","href":"https:\/\/api.w.org\/{rel}","templated":true}]}}