{"id":53850,"date":"2013-05-27T18:13:54","date_gmt":"2013-05-27T17:13:54","guid":{"rendered":"http:\/\/www.pressenza.com\/?p=53850"},"modified":"2013-05-27T18:13:54","modified_gmt":"2013-05-27T17:13:54","slug":"teillier-barrick-y-la-enganosa-nueva-mayoria-de-bachelet","status":"publish","type":"post","link":"https:\/\/www.pressenza.com\/es\/2013\/05\/teillier-barrick-y-la-enganosa-nueva-mayoria-de-bachelet\/","title":{"rendered":"Teillier, Barrick y la enga\u00f1osa \u201cnueva mayor\u00eda\u201d de Bachelet"},"content":{"rendered":"<p style=\"text-align: justify;\">La c\u00fapula del <strong>Partido Comunista de Chile<\/strong> decidi\u00f3, finalmente, dar su apoyo a <strong>Michelle Bachelet<\/strong> en las primarias presidenciales. Pese a las evidentes diferencias internas de la colectividad, su timonel Guillermo Teillier asegur\u00f3 que Bachelet es la \u00fanica candidata que puede trabajar en torno a \u201cun programa de transformaciones profundas\u201d.<\/p>\n<p style=\"text-align: justify;\">Casi al mismo tiempo, en otro flanco, la <strong>Superintendencia de Medio Ambiente<\/strong> paralizaba el proyecto <strong>Pascua Lama de Barrick Gold<\/strong>, mult\u00e1ndola con m\u00e1s de $16 millones de d\u00f3lares <strong>por incumplimiento de est\u00e1ndares medioambientales.<\/strong><\/p>\n<p style=\"text-align: justify;\">La iniciativa minera hab\u00eda sido suspendida oficialmente por la empresa luego de un fallo de la <strong>Corte de Apelaciones de Copiap\u00f3<\/strong>. Esto provoc\u00f3 la salida del presidente de Barrick Sudam\u00e9rica, Guillermo Calo; el gerente general de Barrick Chile, Robert Mayne-Nicholls, y el vicepresidente regional de asuntos corporativos, Rodrigo Jim\u00e9nez.<\/p>\n<p style=\"text-align: justify;\">Solicitado \u201cdesde la c\u00fapula en Toronto\u201d, el ex ejecutivo de las mineras de Luksic, <strong>Marcelo Awad<\/strong>, tom\u00f3 r\u00e1pidamente el mando de la operaci\u00f3n de Pascua Lama. Awad debe ahora rendir cuentas al reemplazante de <strong>Peter Munk<\/strong> en la direcci\u00f3n mayor de la empresa, <strong>Jamie Sokalsky.<\/strong><\/p>\n<p style=\"text-align: justify;\">Con lo anterior, Pascua Lama encuentra su primer gran obst\u00e1culo para sobrevivir en Chile, considerando que en el pasado logr\u00f3 penetrar sin problemas en el gobierno ayudado por la Concertaci\u00f3n y, especialmente, por la ex presidenta Michelle Bachelet.<\/p>\n<p style=\"text-align: justify;\">Integrando una comitiva junto al rostro de <strong>ONU Mujeres<\/strong>, el timonel del Partido Comunista, <strong>Guillermo Teillier<\/strong>, viaj\u00f3 en 2009 a Nueva York para asistir a una cena preparada por el <strong>Council of the Americas,<\/strong> entidad privada fundada por<strong> David Rockefeller<\/strong>. El evento fue patrocinado por <strong>Barrick Gold<\/strong>, minera que en ese momento era cuestionada por destruir los glaciares y disminuir las aguas del Valle del Huasco.<\/p>\n<p style=\"text-align: justify;\"><strong>S\u00f3lo un d\u00eda antes de la cena, que termin\u00f3 con la entrega de una medalla de oro a Bachelet, Barrick Gold hab\u00eda obtenido el \u00faltimo permiso para comenzar a operar en Pascua Lama.<\/strong><\/p>\n<p style=\"text-align: justify;\"><strong>La enga\u00f1osa \u201cnueva mayor\u00eda\u201d de Michelle Bachelet<\/strong> pretende posicionarse como una alternativa rejuvenecida frente a la historia de incompetencia pol\u00edtica de la Concertaci\u00f3n, incapaz de proteger por tantos a\u00f1os los recursos naturales de Chile frente al voraz apetito de las oligarqu\u00edas transnacionales.<\/p>\n<p style=\"text-align: justify;\">Durante su gobierno \u201cprogresista\u201d, Bachelet no vacil\u00f3 en instalar a la periodista <strong>Karen Poniachik<\/strong> como ministra de Miner\u00eda y Energ\u00eda, <strong>pese a que \u00e9sta representara los intereses del Council of the Americas al haberse desempe\u00f1ado como Directora de Programas Empresariales de esa entidad entre 1995 y 2000.<\/strong><\/p>\n<p>Teillier, en calidad de testigo del lobby de Barrick, no puede desconocer esta realidad.<\/p>\n<p><strong>Los neoliberales se repiten el plato<\/strong><\/p>\n<p style=\"text-align: justify;\">Para relanzar su carrera presidencial, Bachelet ha recurrido a colaboradores antiguos: <strong>Rodrigo Pe\u00f1ailillo<\/strong>, quien fuera su jefe de gabinete hasta el t\u00e9rmino del mandato, como secretario ejecutivo de la campa\u00f1a; y <strong>Alberto Arenas<\/strong>, quien trabajara junto a<strong> Andr\u00e9s Velasco<\/strong> en el Ministerio de Hacienda, como jefe de programa.<\/p>\n<p style=\"text-align: justify;\">En 2006, Arenas colabor\u00f3 con Velasco en la formulaci\u00f3n de la \u201c<strong>reforma previsional<\/strong>\u201d de Bachelet, que seg\u00fan el economista y ahora candidato <strong>Marcel Claude<\/strong>, aument\u00f3 \u201clas obligaciones de los trabajadores, marginando de responsabilidad a las AFPs\u201d y dejando inc\u00f3lume el lucrativo negocio de \u00e9stas.<\/p>\n<p style=\"text-align: justify;\">El <strong>programa econ\u00f3mico<\/strong> de la pasada administraci\u00f3n de Bachelet fue abiertamente elaborado por los intelectuales neoliberales de la Fundaci\u00f3n Expansiva, que hoy preside el candidato \u201cindependiente\u201d apoyado por <strong>George Soros<\/strong>, Andr\u00e9s Velasco. Participante de esta organizaci\u00f3n que recibe dinero de las fundaciones Ford y Tinker es la periodista <strong>Karen Poniachik.<\/strong><\/p>\n<p style=\"text-align: justify;\">Tambi\u00e9n se suma el economista <strong>Dante Contreras<\/strong>, miembro del directorio de<strong> Expansiva<\/strong> y personalidad que integrar\u00e1 el equipo asesor de Bachelet en educaci\u00f3n.<\/p>\n<p style=\"text-align: justify;\">El 1 de abril de 2013, Bachelet asegur\u00f3 que \u201cel primer proyecto que voy a enviar al Congreso va a ser para poner<strong> fin al lucro<\/strong> y avanzar en la gratuidad de la educaci\u00f3n en todos sus niveles\u201d. Exactamente una semana despu\u00e9s, la ex mandataria se\u00f1alaba que \u201cno ser\u00eda justo que a m\u00ed el Estado me pagara la universidad de mi hija\u201d.<\/p>\n<p><a href=\"http:\/\/verdadahora.cl\/\" target=\"_blank\">Verdad Ahora<\/a><\/p>\n","protected":false},"excerpt":{"rendered":"<p>La c\u00fapula del Partido Comunista de Chile decidi\u00f3, finalmente, dar su apoyo a Michelle Bachelet en las primarias presidenciales. Pese a las evidentes diferencias internas de la colectividad, su timonel Guillermo Teillier asegur\u00f3 que Bachelet es la \u00fanica candidata que&hellip;<\/p>\n","protected":false},"author":616,"featured_media":53852,"comment_status":"closed","ping_status":"open","sticky":false,"template":"","format":"standard","meta":{"footnotes":""},"categories":[74,67],"tags":[],"class_list":["post-53850","post","type-post","status-publish","format-standard","has-post-thumbnail","hentry","category-politica-es","category-sudamerica"],"yoast_head":"<!-- This site is optimized with the Yoast SEO plugin v27.1.1 - https:\/\/yoast.com\/product\/yoast-seo-wordpress\/ -->\n<title>Teillier, Barrick y la enga\u00f1osa \u201cnueva mayor\u00eda\u201d de Bachelet<\/title>\n<meta name=\"description\" content=\"La c\u00fapula del Partido Comunista de Chile decidi\u00f3, finalmente, dar su apoyo a Michelle Bachelet en las primarias presidenciales. Pese a las evidentes\" \/>\n<meta name=\"robots\" content=\"index, follow, max-snippet:-1, max-image-preview:large, max-video-preview:-1\" \/>\n<link rel=\"canonical\" href=\"https:\/\/www.pressenza.com\/es\/2013\/05\/teillier-barrick-y-la-enganosa-nueva-mayoria-de-bachelet\/\" \/>\n<meta property=\"og:locale\" content=\"es_ES\" \/>\n<meta property=\"og:type\" content=\"article\" \/>\n<meta property=\"og:title\" content=\"Teillier, Barrick y la enga\u00f1osa \u201cnueva mayor\u00eda\u201d de Bachelet\" \/>\n<meta property=\"og:description\" content=\"La c\u00fapula del Partido Comunista de Chile decidi\u00f3, finalmente, dar su apoyo a Michelle Bachelet en las primarias presidenciales. Pese a las evidentes\" \/>\n<meta property=\"og:url\" content=\"https:\/\/www.pressenza.com\/es\/2013\/05\/teillier-barrick-y-la-enganosa-nueva-mayoria-de-bachelet\/\" \/>\n<meta property=\"og:site_name\" content=\"Pressenza\" \/>\n<meta property=\"article:publisher\" content=\"https:\/\/www.facebook.com\/PressenzaItalia\" \/>\n<meta property=\"article:published_time\" content=\"2013-05-27T17:13:54+00:00\" \/>\n<meta property=\"og:image\" content=\"https:\/\/www.pressenza.com\/wp-content\/uploads\/2013\/05\/guillermo_teillier_002.jpg\" \/>\n\t<meta property=\"og:image:width\" content=\"377\" \/>\n\t<meta property=\"og:image:height\" content=\"235\" \/>\n\t<meta property=\"og:image:type\" content=\"image\/jpeg\" \/>\n<meta name=\"author\" content=\"El Ciudadano\" \/>\n<meta name=\"twitter:card\" content=\"summary_large_image\" \/>\n<meta name=\"twitter:creator\" content=\"@PressenzaIPA\" \/>\n<meta name=\"twitter:site\" content=\"@PressenzaIPA\" \/>\n<meta name=\"twitter:label1\" content=\"Escrito por\" \/>\n\t<meta name=\"twitter:data1\" content=\"El Ciudadano\" \/>\n\t<meta name=\"twitter:label2\" content=\"Tiempo de lectura\" \/>\n\t<meta name=\"twitter:data2\" content=\"3 minutos\" \/>\n<script type=\"application\/ld+json\" class=\"yoast-schema-graph\">{\"@context\":\"https:\/\/schema.org\",\"@graph\":[{\"@type\":\"Article\",\"@id\":\"https:\/\/www.pressenza.com\/es\/2013\/05\/teillier-barrick-y-la-enganosa-nueva-mayoria-de-bachelet\/#article\",\"isPartOf\":{\"@id\":\"https:\/\/www.pressenza.com\/es\/2013\/05\/teillier-barrick-y-la-enganosa-nueva-mayoria-de-bachelet\/\"},\"author\":{\"name\":\"El Ciudadano\",\"@id\":\"https:\/\/www.pressenza.com\/es\/#\/schema\/person\/6522eecb4cd68e074b27e251e4b04ef8\"},\"headline\":\"Teillier, Barrick y la enga\u00f1osa \u201cnueva mayor\u00eda\u201d de Bachelet\",\"datePublished\":\"2013-05-27T17:13:54+00:00\",\"mainEntityOfPage\":{\"@id\":\"https:\/\/www.pressenza.com\/es\/2013\/05\/teillier-barrick-y-la-enganosa-nueva-mayoria-de-bachelet\/\"},\"wordCount\":700,\"publisher\":{\"@id\":\"https:\/\/www.pressenza.com\/es\/#organization\"},\"image\":{\"@id\":\"https:\/\/www.pressenza.com\/es\/2013\/05\/teillier-barrick-y-la-enganosa-nueva-mayoria-de-bachelet\/#primaryimage\"},\"thumbnailUrl\":\"https:\/\/www.pressenza.com\/wp-content\/uploads\/2013\/05\/guillermo_teillier_002.jpg\",\"articleSection\":[\"Pol\u00edtica\",\"Sudam\u00e9rica\"],\"inLanguage\":\"es\"},{\"@type\":\"WebPage\",\"@id\":\"https:\/\/www.pressenza.com\/es\/2013\/05\/teillier-barrick-y-la-enganosa-nueva-mayoria-de-bachelet\/\",\"url\":\"https:\/\/www.pressenza.com\/es\/2013\/05\/teillier-barrick-y-la-enganosa-nueva-mayoria-de-bachelet\/\",\"name\":\"Teillier, Barrick y la enga\u00f1osa \u201cnueva mayor\u00eda\u201d de Bachelet\",\"isPartOf\":{\"@id\":\"https:\/\/www.pressenza.com\/es\/#website\"},\"primaryImageOfPage\":{\"@id\":\"https:\/\/www.pressenza.com\/es\/2013\/05\/teillier-barrick-y-la-enganosa-nueva-mayoria-de-bachelet\/#primaryimage\"},\"image\":{\"@id\":\"https:\/\/www.pressenza.com\/es\/2013\/05\/teillier-barrick-y-la-enganosa-nueva-mayoria-de-bachelet\/#primaryimage\"},\"thumbnailUrl\":\"https:\/\/www.pressenza.com\/wp-content\/uploads\/2013\/05\/guillermo_teillier_002.jpg\",\"datePublished\":\"2013-05-27T17:13:54+00:00\",\"description\":\"La c\u00fapula del Partido Comunista de Chile decidi\u00f3, finalmente, dar su apoyo a Michelle Bachelet en las primarias presidenciales. Pese a las evidentes\",\"breadcrumb\":{\"@id\":\"https:\/\/www.pressenza.com\/es\/2013\/05\/teillier-barrick-y-la-enganosa-nueva-mayoria-de-bachelet\/#breadcrumb\"},\"inLanguage\":\"es\",\"potentialAction\":[{\"@type\":\"ReadAction\",\"target\":[\"https:\/\/www.pressenza.com\/es\/2013\/05\/teillier-barrick-y-la-enganosa-nueva-mayoria-de-bachelet\/\"]}]},{\"@type\":\"ImageObject\",\"inLanguage\":\"es\",\"@id\":\"https:\/\/www.pressenza.com\/es\/2013\/05\/teillier-barrick-y-la-enganosa-nueva-mayoria-de-bachelet\/#primaryimage\",\"url\":\"https:\/\/www.pressenza.com\/wp-content\/uploads\/2013\/05\/guillermo_teillier_002.jpg\",\"contentUrl\":\"https:\/\/www.pressenza.com\/wp-content\/uploads\/2013\/05\/guillermo_teillier_002.jpg\",\"width\":377,\"height\":235},{\"@type\":\"BreadcrumbList\",\"@id\":\"https:\/\/www.pressenza.com\/es\/2013\/05\/teillier-barrick-y-la-enganosa-nueva-mayoria-de-bachelet\/#breadcrumb\",\"itemListElement\":[{\"@type\":\"ListItem\",\"position\":1,\"name\":\"Accueil\",\"item\":\"https:\/\/www.pressenza.com\/es\/\"},{\"@type\":\"ListItem\",\"position\":2,\"name\":\"Teillier, Barrick y la enga\u00f1osa \u201cnueva mayor\u00eda\u201d de Bachelet\"}]},{\"@type\":\"WebSite\",\"@id\":\"https:\/\/www.pressenza.com\/es\/#website\",\"url\":\"https:\/\/www.pressenza.com\/es\/\",\"name\":\"Pressenza\",\"description\":\"International Press Agency\",\"publisher\":{\"@id\":\"https:\/\/www.pressenza.com\/es\/#organization\"},\"potentialAction\":[{\"@type\":\"SearchAction\",\"target\":{\"@type\":\"EntryPoint\",\"urlTemplate\":\"https:\/\/www.pressenza.com\/es\/?s={search_term_string}\"},\"query-input\":{\"@type\":\"PropertyValueSpecification\",\"valueRequired\":true,\"valueName\":\"search_term_string\"}}],\"inLanguage\":\"es\"},{\"@type\":\"Organization\",\"@id\":\"https:\/\/www.pressenza.com\/es\/#organization\",\"name\":\"Pressenza\",\"url\":\"https:\/\/www.pressenza.com\/es\/\",\"logo\":{\"@type\":\"ImageObject\",\"inLanguage\":\"es\",\"@id\":\"https:\/\/www.pressenza.com\/es\/#\/schema\/logo\/image\/\",\"url\":\"https:\/\/www.pressenza.com\/wp-content\/uploads\/2022\/10\/pressenza_logo_200x200.jpg\",\"contentUrl\":\"https:\/\/www.pressenza.com\/wp-content\/uploads\/2022\/10\/pressenza_logo_200x200.jpg\",\"width\":200,\"height\":200,\"caption\":\"Pressenza\"},\"image\":{\"@id\":\"https:\/\/www.pressenza.com\/es\/#\/schema\/logo\/image\/\"},\"sameAs\":[\"https:\/\/www.facebook.com\/PressenzaItalia\",\"https:\/\/x.com\/PressenzaIPA\"]},{\"@type\":\"Person\",\"@id\":\"https:\/\/www.pressenza.com\/es\/#\/schema\/person\/6522eecb4cd68e074b27e251e4b04ef8\",\"name\":\"El Ciudadano\",\"description\":\"El Ciudadano es un medio de comunicaci\u00f3n de circulaci\u00f3n mensual en papel y de funcionamiento diario en la web. Forma parte de la Red de Medios de los Pueblos por lo que se declara como un medio del Tercer Sector para romper el cerco informativo. El Ciudadano es una publicaci\u00f3n que busca elevar desde lo local a lo global las demandas de la organizaci\u00f3n social chilena como tambi\u00e9n promover la acci\u00f3n directa de la ciudadan\u00eda por su derecho a autodeterminaci\u00f3n. elciudadano.cl\",\"url\":\"https:\/\/www.pressenza.com\/es\/author\/el-ciudadano\/\"}]}<\/script>\n<!-- \/ Yoast SEO plugin. -->","yoast_head_json":{"title":"Teillier, Barrick y la enga\u00f1osa \u201cnueva mayor\u00eda\u201d de Bachelet","description":"La c\u00fapula del Partido Comunista de Chile decidi\u00f3, finalmente, dar su apoyo a Michelle Bachelet en las primarias presidenciales. Pese a las evidentes","robots":{"index":"index","follow":"follow","max-snippet":"max-snippet:-1","max-image-preview":"max-image-preview:large","max-video-preview":"max-video-preview:-1"},"canonical":"https:\/\/www.pressenza.com\/es\/2013\/05\/teillier-barrick-y-la-enganosa-nueva-mayoria-de-bachelet\/","og_locale":"es_ES","og_type":"article","og_title":"Teillier, Barrick y la enga\u00f1osa \u201cnueva mayor\u00eda\u201d de Bachelet","og_description":"La c\u00fapula del Partido Comunista de Chile decidi\u00f3, finalmente, dar su apoyo a Michelle Bachelet en las primarias presidenciales. Pese a las evidentes","og_url":"https:\/\/www.pressenza.com\/es\/2013\/05\/teillier-barrick-y-la-enganosa-nueva-mayoria-de-bachelet\/","og_site_name":"Pressenza","article_publisher":"https:\/\/www.facebook.com\/PressenzaItalia","article_published_time":"2013-05-27T17:13:54+00:00","og_image":[{"width":377,"height":235,"url":"https:\/\/www.pressenza.com\/wp-content\/uploads\/2013\/05\/guillermo_teillier_002.jpg","type":"image\/jpeg"}],"author":"El Ciudadano","twitter_card":"summary_large_image","twitter_creator":"@PressenzaIPA","twitter_site":"@PressenzaIPA","twitter_misc":{"Escrito por":"El Ciudadano","Tiempo de lectura":"3 minutos"},"schema":{"@context":"https:\/\/schema.org","@graph":[{"@type":"Article","@id":"https:\/\/www.pressenza.com\/es\/2013\/05\/teillier-barrick-y-la-enganosa-nueva-mayoria-de-bachelet\/#article","isPartOf":{"@id":"https:\/\/www.pressenza.com\/es\/2013\/05\/teillier-barrick-y-la-enganosa-nueva-mayoria-de-bachelet\/"},"author":{"name":"El Ciudadano","@id":"https:\/\/www.pressenza.com\/es\/#\/schema\/person\/6522eecb4cd68e074b27e251e4b04ef8"},"headline":"Teillier, Barrick y la enga\u00f1osa \u201cnueva mayor\u00eda\u201d de Bachelet","datePublished":"2013-05-27T17:13:54+00:00","mainEntityOfPage":{"@id":"https:\/\/www.pressenza.com\/es\/2013\/05\/teillier-barrick-y-la-enganosa-nueva-mayoria-de-bachelet\/"},"wordCount":700,"publisher":{"@id":"https:\/\/www.pressenza.com\/es\/#organization"},"image":{"@id":"https:\/\/www.pressenza.com\/es\/2013\/05\/teillier-barrick-y-la-enganosa-nueva-mayoria-de-bachelet\/#primaryimage"},"thumbnailUrl":"https:\/\/www.pressenza.com\/wp-content\/uploads\/2013\/05\/guillermo_teillier_002.jpg","articleSection":["Pol\u00edtica","Sudam\u00e9rica"],"inLanguage":"es"},{"@type":"WebPage","@id":"https:\/\/www.pressenza.com\/es\/2013\/05\/teillier-barrick-y-la-enganosa-nueva-mayoria-de-bachelet\/","url":"https:\/\/www.pressenza.com\/es\/2013\/05\/teillier-barrick-y-la-enganosa-nueva-mayoria-de-bachelet\/","name":"Teillier, Barrick y la enga\u00f1osa \u201cnueva mayor\u00eda\u201d de Bachelet","isPartOf":{"@id":"https:\/\/www.pressenza.com\/es\/#website"},"primaryImageOfPage":{"@id":"https:\/\/www.pressenza.com\/es\/2013\/05\/teillier-barrick-y-la-enganosa-nueva-mayoria-de-bachelet\/#primaryimage"},"image":{"@id":"https:\/\/www.pressenza.com\/es\/2013\/05\/teillier-barrick-y-la-enganosa-nueva-mayoria-de-bachelet\/#primaryimage"},"thumbnailUrl":"https:\/\/www.pressenza.com\/wp-content\/uploads\/2013\/05\/guillermo_teillier_002.jpg","datePublished":"2013-05-27T17:13:54+00:00","description":"La c\u00fapula del Partido Comunista de Chile decidi\u00f3, finalmente, dar su apoyo a Michelle Bachelet en las primarias presidenciales. Pese a las evidentes","breadcrumb":{"@id":"https:\/\/www.pressenza.com\/es\/2013\/05\/teillier-barrick-y-la-enganosa-nueva-mayoria-de-bachelet\/#breadcrumb"},"inLanguage":"es","potentialAction":[{"@type":"ReadAction","target":["https:\/\/www.pressenza.com\/es\/2013\/05\/teillier-barrick-y-la-enganosa-nueva-mayoria-de-bachelet\/"]}]},{"@type":"ImageObject","inLanguage":"es","@id":"https:\/\/www.pressenza.com\/es\/2013\/05\/teillier-barrick-y-la-enganosa-nueva-mayoria-de-bachelet\/#primaryimage","url":"https:\/\/www.pressenza.com\/wp-content\/uploads\/2013\/05\/guillermo_teillier_002.jpg","contentUrl":"https:\/\/www.pressenza.com\/wp-content\/uploads\/2013\/05\/guillermo_teillier_002.jpg","width":377,"height":235},{"@type":"BreadcrumbList","@id":"https:\/\/www.pressenza.com\/es\/2013\/05\/teillier-barrick-y-la-enganosa-nueva-mayoria-de-bachelet\/#breadcrumb","itemListElement":[{"@type":"ListItem","position":1,"name":"Accueil","item":"https:\/\/www.pressenza.com\/es\/"},{"@type":"ListItem","position":2,"name":"Teillier, Barrick y la enga\u00f1osa \u201cnueva mayor\u00eda\u201d de Bachelet"}]},{"@type":"WebSite","@id":"https:\/\/www.pressenza.com\/es\/#website","url":"https:\/\/www.pressenza.com\/es\/","name":"Pressenza","description":"International Press Agency","publisher":{"@id":"https:\/\/www.pressenza.com\/es\/#organization"},"potentialAction":[{"@type":"SearchAction","target":{"@type":"EntryPoint","urlTemplate":"https:\/\/www.pressenza.com\/es\/?s={search_term_string}"},"query-input":{"@type":"PropertyValueSpecification","valueRequired":true,"valueName":"search_term_string"}}],"inLanguage":"es"},{"@type":"Organization","@id":"https:\/\/www.pressenza.com\/es\/#organization","name":"Pressenza","url":"https:\/\/www.pressenza.com\/es\/","logo":{"@type":"ImageObject","inLanguage":"es","@id":"https:\/\/www.pressenza.com\/es\/#\/schema\/logo\/image\/","url":"https:\/\/www.pressenza.com\/wp-content\/uploads\/2022\/10\/pressenza_logo_200x200.jpg","contentUrl":"https:\/\/www.pressenza.com\/wp-content\/uploads\/2022\/10\/pressenza_logo_200x200.jpg","width":200,"height":200,"caption":"Pressenza"},"image":{"@id":"https:\/\/www.pressenza.com\/es\/#\/schema\/logo\/image\/"},"sameAs":["https:\/\/www.facebook.com\/PressenzaItalia","https:\/\/x.com\/PressenzaIPA"]},{"@type":"Person","@id":"https:\/\/www.pressenza.com\/es\/#\/schema\/person\/6522eecb4cd68e074b27e251e4b04ef8","name":"El Ciudadano","description":"El Ciudadano es un medio de comunicaci\u00f3n de circulaci\u00f3n mensual en papel y de funcionamiento diario en la web. Forma parte de la Red de Medios de los Pueblos por lo que se declara como un medio del Tercer Sector para romper el cerco informativo. El Ciudadano es una publicaci\u00f3n que busca elevar desde lo local a lo global las demandas de la organizaci\u00f3n social chilena como tambi\u00e9n promover la acci\u00f3n directa de la ciudadan\u00eda por su derecho a autodeterminaci\u00f3n. elciudadano.cl","url":"https:\/\/www.pressenza.com\/es\/author\/el-ciudadano\/"}]}},"place":"Santiago de Chile","original_article_url":"","_links":{"self":[{"href":"https:\/\/www.pressenza.com\/es\/wp-json\/wp\/v2\/posts\/53850","targetHints":{"allow":["GET"]}}],"collection":[{"href":"https:\/\/www.pressenza.com\/es\/wp-json\/wp\/v2\/posts"}],"about":[{"href":"https:\/\/www.pressenza.com\/es\/wp-json\/wp\/v2\/types\/post"}],"author":[{"embeddable":true,"href":"https:\/\/www.pressenza.com\/es\/wp-json\/wp\/v2\/users\/616"}],"replies":[{"embeddable":true,"href":"https:\/\/www.pressenza.com\/es\/wp-json\/wp\/v2\/comments?post=53850"}],"version-history":[{"count":0,"href":"https:\/\/www.pressenza.com\/es\/wp-json\/wp\/v2\/posts\/53850\/revisions"}],"wp:featuredmedia":[{"embeddable":true,"href":"https:\/\/www.pressenza.com\/es\/wp-json\/wp\/v2\/media\/53852"}],"wp:attachment":[{"href":"https:\/\/www.pressenza.com\/es\/wp-json\/wp\/v2\/media?parent=53850"}],"wp:term":[{"taxonomy":"category","embeddable":true,"href":"https:\/\/www.pressenza.com\/es\/wp-json\/wp\/v2\/categories?post=53850"},{"taxonomy":"post_tag","embeddable":true,"href":"https:\/\/www.pressenza.com\/es\/wp-json\/wp\/v2\/tags?post=53850"}],"curies":[{"name":"wp","href":"https:\/\/api.w.org\/{rel}","templated":true}]}}