{"id":538156,"date":"2017-10-14T02:08:31","date_gmt":"2017-10-14T01:08:31","guid":{"rendered":"https:\/\/www.pressenza.com\/?p=538156\/"},"modified":"2017-10-14T02:08:31","modified_gmt":"2017-10-14T01:08:31","slug":"futbol-y-politica-2","status":"publish","type":"post","link":"https:\/\/www.pressenza.com\/es\/2017\/10\/futbol-y-politica-2\/","title":{"rendered":"F\u00fatbol y pol\u00edtica"},"content":{"rendered":"<p align=\"justify\">La historia nos muestra que la relaci\u00f3n del f\u00fatbol con la pol\u00edtica es fuerte, tan fuerte que muchos inician su vida pol\u00edtica a trav\u00e9s del f\u00fatbol. As\u00ed como en el pasado exist\u00eda el refr\u00e1n \u201ca falta de pan bueno es el circo\u201d, hoy podr\u00edamos sustituirlo por \u201ca falta de pol\u00edtica bueno es el f\u00fatbol\u201d. Ejemplos tenemos por doquier.<\/p>\n<p align=\"justify\">En Italia, antes de iniciar su vida pol\u00edtica, Berlusconi opt\u00f3 por tener medios de comunicaci\u00f3n y ser presidente del equipo de f\u00fatbol de Mil\u00e1n. Con tales antecedentes, y una fortuna en su bolsillo, se lanz\u00f3 a la pol\u00edtica. Los electores votaron por \u00e9l confiados en que como ten\u00eda tanta fortuna, no necesitar\u00eda robar. Termin\u00f3 su carrera pol\u00edtica involucrado en esc\u00e1ndalos faranduleros y financieros. Por estos d\u00edas parece querer resucitar.<\/p>\n<p align=\"justify\">En Argentina, Macri, antes de ser alcalde de Buenos Aires y Presidente de la Rep\u00fablica fue presidente de Boca Juniors. La tribuna, la cobertura que provee el f\u00fatbol es inmejorable. Si a eso le agregas tener la propiedad de un medio de comunicaci\u00f3n masivo, miel sobre hojuelas.<\/p>\n<p align=\"justify\">En Chile, luego de perder la elecci\u00f3n presidencial del 2005 ante Michelle Bachelet, Pi\u00f1era, que no da puntada sin hilo, decidi\u00f3 comprar Colo Colo y el canal de televisi\u00f3n ChileVisi\u00f3n. Se le conoc\u00eda como hincha de la Cat\u00f3lica, pero \u201cbusiness is business\u201d, y sacando cuentas, con Colo Colo en la mano, el triunfo en las elecciones presidenciales ser\u00eda pan comido. Y as\u00ed fue, facilitado por la primera incursi\u00f3n presidencial de Marco Enriquez-Ominami, desertor del partido socialista. Conquistada la presidencia de la rep\u00fablica el a\u00f1o 2009, vende Colo Colo. Ya hab\u00eda logrado su prop\u00f3sito. Y como ministro del deporte no encontr\u00f3 nada mejor que designar a su amigo Gabriel Ruiz-Tagle, a quien hab\u00eda colocado en la testera de Colo Colo.<\/p>\n<p align=\"justify\">Tambi\u00e9n lo hemos observado en las elecciones municipales, y ahora en las parlamentarias. La l\u00f3gica de este sendero para conquistar a los electores es impecable. Con f\u00fatbol en mano todo se ve facilitado. Accedes a los potenciales electores por una v\u00eda no pol\u00edtica, yendo a los clubes deportivos, participando en bingos, donando camisetas, banderas o llaveros, compartiendo asados, sonriendo y abrazando a la gente, conversando sobre lo divino y lo humano, de los \u201cproblemas\u201d de la gente, no de pol\u00edtica. La idea es pasarla bien. Pura buena onda. Pareciera que su filosof\u00eda fuera no calentarse la cabeza, que la vida es m\u00e1s simple de lo que parece. Unos golpecitos de espalda y listo, no nos enfrasquemos en el tema de las AFP, las Isapres, la mala educaci\u00f3n o el modelo econ\u00f3mico, o el cambio de la Constituci\u00f3n. \u00bfPara qu\u00e9? No nos compliquemos la existencia, mejor veamos el tema de la pelota y que sea redonda.<\/p>\n<p align=\"justify\">Reflexiones al alero de la eliminaci\u00f3n de Chile del mundial de Rusia 2018. Est\u00e1bamos con una pol\u00edtica banalizada, pero que pasaba desapercibida gracias a una generaci\u00f3n futbol\u00edstica dorada. Ahora, al quedar eliminados, cuando la soberbia nos hizo creernos dioses, nos quedamos sin f\u00fatbol y sin pol\u00edtica. No nos dejemos emborrachar por el f\u00fatbol al precio de vaciar la pol\u00edtica.<\/p>\n<p align=\"justify\">Es imperativo revalorizar, reivindicar la pol\u00edtica, la verdadera pol\u00edtica, no la pol\u00edtica vac\u00eda y sin contenido, que no es otra cosa que la politiquer\u00eda. Ojal\u00e1 la valoren particularmente los j\u00f3venes, los que hasta ahora no votan. Ojal\u00e1 dejen de mirar la pol\u00edtica desde afuera y se involucren fuertemente. De lo contrario corremos alto riesgo de no ser part\u00edcipes de nuestro destino.<\/p>\n","protected":false},"excerpt":{"rendered":"<p>La historia nos muestra que la relaci\u00f3n del f\u00fatbol con la pol\u00edtica es fuerte, tan fuerte que muchos inician su vida pol\u00edtica a trav\u00e9s del f\u00fatbol. As\u00ed como en el pasado exist\u00eda el refr\u00e1n \u201ca falta de pan bueno es&hellip;<\/p>\n","protected":false},"author":1346,"featured_media":538158,"comment_status":"closed","ping_status":"closed","sticky":false,"template":"","format":"standard","meta":{"footnotes":""},"categories":[11389,161,74,67],"tags":[29,1403,8242,652],"class_list":["post-538156","post","type-post","status-publish","format-standard","has-post-thumbnail","hentry","category-contenido-original","category-opiniones","category-politica-es","category-sudamerica","tag-chile","tag-futbol","tag-michelle-bachelet-es","tag-sebastian-pinera"],"yoast_head":"<!-- This site is optimized with the Yoast SEO plugin v27.1.1 - https:\/\/yoast.com\/product\/yoast-seo-wordpress\/ -->\n<title>F\u00fatbol y pol\u00edtica<\/title>\n<meta name=\"description\" content=\"La historia nos muestra que la relaci\u00f3n del f\u00fatbol con la pol\u00edtica es fuerte, tan fuerte que muchos inician su vida pol\u00edtica a trav\u00e9s del f\u00fatbol. As\u00ed como\" \/>\n<meta name=\"robots\" content=\"index, follow, max-snippet:-1, max-image-preview:large, max-video-preview:-1\" \/>\n<link rel=\"canonical\" href=\"https:\/\/www.pressenza.com\/es\/2017\/10\/futbol-y-politica-2\/\" \/>\n<meta property=\"og:locale\" content=\"es_ES\" \/>\n<meta property=\"og:type\" content=\"article\" \/>\n<meta property=\"og:title\" content=\"F\u00fatbol y pol\u00edtica\" \/>\n<meta property=\"og:description\" content=\"La historia nos muestra que la relaci\u00f3n del f\u00fatbol con la pol\u00edtica es fuerte, tan fuerte que muchos inician su vida pol\u00edtica a trav\u00e9s del f\u00fatbol. As\u00ed como\" \/>\n<meta property=\"og:url\" content=\"https:\/\/www.pressenza.com\/es\/2017\/10\/futbol-y-politica-2\/\" \/>\n<meta property=\"og:site_name\" content=\"Pressenza\" \/>\n<meta property=\"article:publisher\" content=\"https:\/\/www.facebook.com\/PressenzaItalia\" \/>\n<meta property=\"article:published_time\" content=\"2017-10-14T01:08:31+00:00\" \/>\n<meta property=\"og:image\" content=\"https:\/\/www.pressenza.com\/wp-content\/uploads\/2017\/10\/chile_2_2.jpg\" \/>\n\t<meta property=\"og:image:width\" content=\"965\" \/>\n\t<meta property=\"og:image:height\" content=\"543\" \/>\n\t<meta property=\"og:image:type\" content=\"image\/jpeg\" \/>\n<meta name=\"author\" content=\"Rodolfo Schmal\" \/>\n<meta name=\"twitter:card\" content=\"summary_large_image\" \/>\n<meta name=\"twitter:creator\" content=\"@PressenzaIPA\" \/>\n<meta name=\"twitter:site\" content=\"@PressenzaIPA\" \/>\n<meta name=\"twitter:label1\" content=\"Escrito por\" \/>\n\t<meta name=\"twitter:data1\" content=\"Rodolfo Schmal\" \/>\n\t<meta name=\"twitter:label2\" content=\"Tiempo de lectura\" \/>\n\t<meta name=\"twitter:data2\" content=\"3 minutos\" \/>\n<script type=\"application\/ld+json\" class=\"yoast-schema-graph\">{\"@context\":\"https:\/\/schema.org\",\"@graph\":[{\"@type\":\"Article\",\"@id\":\"https:\/\/www.pressenza.com\/es\/2017\/10\/futbol-y-politica-2\/#article\",\"isPartOf\":{\"@id\":\"https:\/\/www.pressenza.com\/es\/2017\/10\/futbol-y-politica-2\/\"},\"author\":{\"name\":\"Rodolfo Schmal\",\"@id\":\"https:\/\/www.pressenza.com\/es\/#\/schema\/person\/f997ea76500c802de8beb920d3db5a96\"},\"headline\":\"F\u00fatbol y pol\u00edtica\",\"datePublished\":\"2017-10-14T01:08:31+00:00\",\"mainEntityOfPage\":{\"@id\":\"https:\/\/www.pressenza.com\/es\/2017\/10\/futbol-y-politica-2\/\"},\"wordCount\":635,\"publisher\":{\"@id\":\"https:\/\/www.pressenza.com\/es\/#organization\"},\"image\":{\"@id\":\"https:\/\/www.pressenza.com\/es\/2017\/10\/futbol-y-politica-2\/#primaryimage\"},\"thumbnailUrl\":\"https:\/\/www.pressenza.com\/wp-content\/uploads\/2017\/10\/chile_2_2.jpg\",\"keywords\":[\"Chile\",\"f\u00fatbol\",\"Michelle Bachelet\",\"Sebasti\u00e1n Pi\u00f1era\"],\"articleSection\":[\"Contenido Original\",\"Opiniones\",\"Pol\u00edtica\",\"Sudam\u00e9rica\"],\"inLanguage\":\"es\"},{\"@type\":\"WebPage\",\"@id\":\"https:\/\/www.pressenza.com\/es\/2017\/10\/futbol-y-politica-2\/\",\"url\":\"https:\/\/www.pressenza.com\/es\/2017\/10\/futbol-y-politica-2\/\",\"name\":\"F\u00fatbol y pol\u00edtica\",\"isPartOf\":{\"@id\":\"https:\/\/www.pressenza.com\/es\/#website\"},\"primaryImageOfPage\":{\"@id\":\"https:\/\/www.pressenza.com\/es\/2017\/10\/futbol-y-politica-2\/#primaryimage\"},\"image\":{\"@id\":\"https:\/\/www.pressenza.com\/es\/2017\/10\/futbol-y-politica-2\/#primaryimage\"},\"thumbnailUrl\":\"https:\/\/www.pressenza.com\/wp-content\/uploads\/2017\/10\/chile_2_2.jpg\",\"datePublished\":\"2017-10-14T01:08:31+00:00\",\"description\":\"La historia nos muestra que la relaci\u00f3n del f\u00fatbol con la pol\u00edtica es fuerte, tan fuerte que muchos inician su vida pol\u00edtica a trav\u00e9s del f\u00fatbol. As\u00ed como\",\"breadcrumb\":{\"@id\":\"https:\/\/www.pressenza.com\/es\/2017\/10\/futbol-y-politica-2\/#breadcrumb\"},\"inLanguage\":\"es\",\"potentialAction\":[{\"@type\":\"ReadAction\",\"target\":[\"https:\/\/www.pressenza.com\/es\/2017\/10\/futbol-y-politica-2\/\"]}]},{\"@type\":\"ImageObject\",\"inLanguage\":\"es\",\"@id\":\"https:\/\/www.pressenza.com\/es\/2017\/10\/futbol-y-politica-2\/#primaryimage\",\"url\":\"https:\/\/www.pressenza.com\/wp-content\/uploads\/2017\/10\/chile_2_2.jpg\",\"contentUrl\":\"https:\/\/www.pressenza.com\/wp-content\/uploads\/2017\/10\/chile_2_2.jpg\",\"width\":965,\"height\":543},{\"@type\":\"BreadcrumbList\",\"@id\":\"https:\/\/www.pressenza.com\/es\/2017\/10\/futbol-y-politica-2\/#breadcrumb\",\"itemListElement\":[{\"@type\":\"ListItem\",\"position\":1,\"name\":\"Accueil\",\"item\":\"https:\/\/www.pressenza.com\/es\/\"},{\"@type\":\"ListItem\",\"position\":2,\"name\":\"F\u00fatbol y pol\u00edtica\"}]},{\"@type\":\"WebSite\",\"@id\":\"https:\/\/www.pressenza.com\/es\/#website\",\"url\":\"https:\/\/www.pressenza.com\/es\/\",\"name\":\"Pressenza\",\"description\":\"International Press Agency\",\"publisher\":{\"@id\":\"https:\/\/www.pressenza.com\/es\/#organization\"},\"potentialAction\":[{\"@type\":\"SearchAction\",\"target\":{\"@type\":\"EntryPoint\",\"urlTemplate\":\"https:\/\/www.pressenza.com\/es\/?s={search_term_string}\"},\"query-input\":{\"@type\":\"PropertyValueSpecification\",\"valueRequired\":true,\"valueName\":\"search_term_string\"}}],\"inLanguage\":\"es\"},{\"@type\":\"Organization\",\"@id\":\"https:\/\/www.pressenza.com\/es\/#organization\",\"name\":\"Pressenza\",\"url\":\"https:\/\/www.pressenza.com\/es\/\",\"logo\":{\"@type\":\"ImageObject\",\"inLanguage\":\"es\",\"@id\":\"https:\/\/www.pressenza.com\/es\/#\/schema\/logo\/image\/\",\"url\":\"https:\/\/www.pressenza.com\/wp-content\/uploads\/2022\/10\/pressenza_logo_200x200.jpg\",\"contentUrl\":\"https:\/\/www.pressenza.com\/wp-content\/uploads\/2022\/10\/pressenza_logo_200x200.jpg\",\"width\":200,\"height\":200,\"caption\":\"Pressenza\"},\"image\":{\"@id\":\"https:\/\/www.pressenza.com\/es\/#\/schema\/logo\/image\/\"},\"sameAs\":[\"https:\/\/www.facebook.com\/PressenzaItalia\",\"https:\/\/x.com\/PressenzaIPA\"]},{\"@type\":\"Person\",\"@id\":\"https:\/\/www.pressenza.com\/es\/#\/schema\/person\/f997ea76500c802de8beb920d3db5a96\",\"name\":\"Rodolfo Schmal\",\"description\":\"Rodolfo Schmal Simon es Ingeniero Civil Industrial de la Universidad de Chile y Magister en Inform\u00e1tica de la Universidad Polit\u00e9cnica de Madrid-Espa\u00f1a. Ha sido profesor de las Universidades de Chile, del Norte, de Tarapac\u00e1 y de Talca; socio de las empresas inform\u00e1ticas PRODAT y ALEPH; Director de ZOFRI S.A.; Secretario y Tesorero de la Asociaci\u00f3n de Acad\u00e9micos de la Universidad de Talca. Es autor de textos docentes y art\u00edculos en revistas acad\u00e9micas nacionales e internacionales indexadas. Reside en Talca, Chile.\",\"url\":\"https:\/\/www.pressenza.com\/es\/author\/rodolfo-schmal\/\"}]}<\/script>\n<!-- \/ Yoast SEO plugin. -->","yoast_head_json":{"title":"F\u00fatbol y pol\u00edtica","description":"La historia nos muestra que la relaci\u00f3n del f\u00fatbol con la pol\u00edtica es fuerte, tan fuerte que muchos inician su vida pol\u00edtica a trav\u00e9s del f\u00fatbol. As\u00ed como","robots":{"index":"index","follow":"follow","max-snippet":"max-snippet:-1","max-image-preview":"max-image-preview:large","max-video-preview":"max-video-preview:-1"},"canonical":"https:\/\/www.pressenza.com\/es\/2017\/10\/futbol-y-politica-2\/","og_locale":"es_ES","og_type":"article","og_title":"F\u00fatbol y pol\u00edtica","og_description":"La historia nos muestra que la relaci\u00f3n del f\u00fatbol con la pol\u00edtica es fuerte, tan fuerte que muchos inician su vida pol\u00edtica a trav\u00e9s del f\u00fatbol. As\u00ed como","og_url":"https:\/\/www.pressenza.com\/es\/2017\/10\/futbol-y-politica-2\/","og_site_name":"Pressenza","article_publisher":"https:\/\/www.facebook.com\/PressenzaItalia","article_published_time":"2017-10-14T01:08:31+00:00","og_image":[{"width":965,"height":543,"url":"https:\/\/www.pressenza.com\/wp-content\/uploads\/2017\/10\/chile_2_2.jpg","type":"image\/jpeg"}],"author":"Rodolfo Schmal","twitter_card":"summary_large_image","twitter_creator":"@PressenzaIPA","twitter_site":"@PressenzaIPA","twitter_misc":{"Escrito por":"Rodolfo Schmal","Tiempo de lectura":"3 minutos"},"schema":{"@context":"https:\/\/schema.org","@graph":[{"@type":"Article","@id":"https:\/\/www.pressenza.com\/es\/2017\/10\/futbol-y-politica-2\/#article","isPartOf":{"@id":"https:\/\/www.pressenza.com\/es\/2017\/10\/futbol-y-politica-2\/"},"author":{"name":"Rodolfo Schmal","@id":"https:\/\/www.pressenza.com\/es\/#\/schema\/person\/f997ea76500c802de8beb920d3db5a96"},"headline":"F\u00fatbol y pol\u00edtica","datePublished":"2017-10-14T01:08:31+00:00","mainEntityOfPage":{"@id":"https:\/\/www.pressenza.com\/es\/2017\/10\/futbol-y-politica-2\/"},"wordCount":635,"publisher":{"@id":"https:\/\/www.pressenza.com\/es\/#organization"},"image":{"@id":"https:\/\/www.pressenza.com\/es\/2017\/10\/futbol-y-politica-2\/#primaryimage"},"thumbnailUrl":"https:\/\/www.pressenza.com\/wp-content\/uploads\/2017\/10\/chile_2_2.jpg","keywords":["Chile","f\u00fatbol","Michelle Bachelet","Sebasti\u00e1n Pi\u00f1era"],"articleSection":["Contenido Original","Opiniones","Pol\u00edtica","Sudam\u00e9rica"],"inLanguage":"es"},{"@type":"WebPage","@id":"https:\/\/www.pressenza.com\/es\/2017\/10\/futbol-y-politica-2\/","url":"https:\/\/www.pressenza.com\/es\/2017\/10\/futbol-y-politica-2\/","name":"F\u00fatbol y pol\u00edtica","isPartOf":{"@id":"https:\/\/www.pressenza.com\/es\/#website"},"primaryImageOfPage":{"@id":"https:\/\/www.pressenza.com\/es\/2017\/10\/futbol-y-politica-2\/#primaryimage"},"image":{"@id":"https:\/\/www.pressenza.com\/es\/2017\/10\/futbol-y-politica-2\/#primaryimage"},"thumbnailUrl":"https:\/\/www.pressenza.com\/wp-content\/uploads\/2017\/10\/chile_2_2.jpg","datePublished":"2017-10-14T01:08:31+00:00","description":"La historia nos muestra que la relaci\u00f3n del f\u00fatbol con la pol\u00edtica es fuerte, tan fuerte que muchos inician su vida pol\u00edtica a trav\u00e9s del f\u00fatbol. As\u00ed como","breadcrumb":{"@id":"https:\/\/www.pressenza.com\/es\/2017\/10\/futbol-y-politica-2\/#breadcrumb"},"inLanguage":"es","potentialAction":[{"@type":"ReadAction","target":["https:\/\/www.pressenza.com\/es\/2017\/10\/futbol-y-politica-2\/"]}]},{"@type":"ImageObject","inLanguage":"es","@id":"https:\/\/www.pressenza.com\/es\/2017\/10\/futbol-y-politica-2\/#primaryimage","url":"https:\/\/www.pressenza.com\/wp-content\/uploads\/2017\/10\/chile_2_2.jpg","contentUrl":"https:\/\/www.pressenza.com\/wp-content\/uploads\/2017\/10\/chile_2_2.jpg","width":965,"height":543},{"@type":"BreadcrumbList","@id":"https:\/\/www.pressenza.com\/es\/2017\/10\/futbol-y-politica-2\/#breadcrumb","itemListElement":[{"@type":"ListItem","position":1,"name":"Accueil","item":"https:\/\/www.pressenza.com\/es\/"},{"@type":"ListItem","position":2,"name":"F\u00fatbol y pol\u00edtica"}]},{"@type":"WebSite","@id":"https:\/\/www.pressenza.com\/es\/#website","url":"https:\/\/www.pressenza.com\/es\/","name":"Pressenza","description":"International Press Agency","publisher":{"@id":"https:\/\/www.pressenza.com\/es\/#organization"},"potentialAction":[{"@type":"SearchAction","target":{"@type":"EntryPoint","urlTemplate":"https:\/\/www.pressenza.com\/es\/?s={search_term_string}"},"query-input":{"@type":"PropertyValueSpecification","valueRequired":true,"valueName":"search_term_string"}}],"inLanguage":"es"},{"@type":"Organization","@id":"https:\/\/www.pressenza.com\/es\/#organization","name":"Pressenza","url":"https:\/\/www.pressenza.com\/es\/","logo":{"@type":"ImageObject","inLanguage":"es","@id":"https:\/\/www.pressenza.com\/es\/#\/schema\/logo\/image\/","url":"https:\/\/www.pressenza.com\/wp-content\/uploads\/2022\/10\/pressenza_logo_200x200.jpg","contentUrl":"https:\/\/www.pressenza.com\/wp-content\/uploads\/2022\/10\/pressenza_logo_200x200.jpg","width":200,"height":200,"caption":"Pressenza"},"image":{"@id":"https:\/\/www.pressenza.com\/es\/#\/schema\/logo\/image\/"},"sameAs":["https:\/\/www.facebook.com\/PressenzaItalia","https:\/\/x.com\/PressenzaIPA"]},{"@type":"Person","@id":"https:\/\/www.pressenza.com\/es\/#\/schema\/person\/f997ea76500c802de8beb920d3db5a96","name":"Rodolfo Schmal","description":"Rodolfo Schmal Simon es Ingeniero Civil Industrial de la Universidad de Chile y Magister en Inform\u00e1tica de la Universidad Polit\u00e9cnica de Madrid-Espa\u00f1a. Ha sido profesor de las Universidades de Chile, del Norte, de Tarapac\u00e1 y de Talca; socio de las empresas inform\u00e1ticas PRODAT y ALEPH; Director de ZOFRI S.A.; Secretario y Tesorero de la Asociaci\u00f3n de Acad\u00e9micos de la Universidad de Talca. Es autor de textos docentes y art\u00edculos en revistas acad\u00e9micas nacionales e internacionales indexadas. Reside en Talca, Chile.","url":"https:\/\/www.pressenza.com\/es\/author\/rodolfo-schmal\/"}]}},"place":"Talca, Chile","original_article_url":"","_links":{"self":[{"href":"https:\/\/www.pressenza.com\/es\/wp-json\/wp\/v2\/posts\/538156","targetHints":{"allow":["GET"]}}],"collection":[{"href":"https:\/\/www.pressenza.com\/es\/wp-json\/wp\/v2\/posts"}],"about":[{"href":"https:\/\/www.pressenza.com\/es\/wp-json\/wp\/v2\/types\/post"}],"author":[{"embeddable":true,"href":"https:\/\/www.pressenza.com\/es\/wp-json\/wp\/v2\/users\/1346"}],"replies":[{"embeddable":true,"href":"https:\/\/www.pressenza.com\/es\/wp-json\/wp\/v2\/comments?post=538156"}],"version-history":[{"count":0,"href":"https:\/\/www.pressenza.com\/es\/wp-json\/wp\/v2\/posts\/538156\/revisions"}],"wp:featuredmedia":[{"embeddable":true,"href":"https:\/\/www.pressenza.com\/es\/wp-json\/wp\/v2\/media\/538158"}],"wp:attachment":[{"href":"https:\/\/www.pressenza.com\/es\/wp-json\/wp\/v2\/media?parent=538156"}],"wp:term":[{"taxonomy":"category","embeddable":true,"href":"https:\/\/www.pressenza.com\/es\/wp-json\/wp\/v2\/categories?post=538156"},{"taxonomy":"post_tag","embeddable":true,"href":"https:\/\/www.pressenza.com\/es\/wp-json\/wp\/v2\/tags?post=538156"}],"curies":[{"name":"wp","href":"https:\/\/api.w.org\/{rel}","templated":true}]}}