{"id":537705,"date":"2017-10-13T16:12:06","date_gmt":"2017-10-13T15:12:06","guid":{"rendered":"https:\/\/www.pressenza.com\/?p=537705\/"},"modified":"2017-10-13T16:36:33","modified_gmt":"2017-10-13T15:36:33","slug":"chile-presentan-requerimiento-inedito-sin-precedentes-ante-tribunal-constitucional-abre-una-luz-esperanza-toda-una-nacion","status":"publish","type":"post","link":"https:\/\/www.pressenza.com\/es\/2017\/10\/chile-presentan-requerimiento-inedito-sin-precedentes-ante-tribunal-constitucional-abre-una-luz-esperanza-toda-una-nacion\/","title":{"rendered":"Chile: Presentan requerimiento in\u00e9dito y sin precedentes ante el tribunal constitucional que abre una luz de esperanza para toda una naci\u00f3n"},"content":{"rendered":"<p>Con rogativas rituales mapuche y en pleno 12 de Octubre<\/p>\n<p>\u201cQueremos que este sea el plus para que el pueblo Mapuche sea reconocido constitucionalmente, pues como no tenemos tanta fe de que se cambie la Constituci\u00f3n, queremos que lo haga el Tribunal Constitucional\u201d, explica Lorenzo Morales, abogado patrocinante de la causa.<\/p>\n<p>Santiago de Chile, 12 de octubre de 2017.-<\/p>\n<p>Dirigentes e integrantes de la Comunidad ind\u00edgena mapuche Chankin Millaray, del sector Lolcura, Collipulli, zona del Wallmapu o Naci\u00f3n Mapuche, acompa\u00f1ados por su abogado, Lorenzo Morales, de la ONG Defensor\u00eda Popular, en un acto in\u00e9dito, presentaron ante el Tribunal Constitucional de Chile (TC), un requerimiento de inaplicabilidad por inconstitucionalidad en contra del art\u00edculo 458 del c\u00f3digo Penal que refiere a un presunto delito de \u201cusurpaci\u00f3n violenta\u201d, que en palabras simples significa que en virtud de la vulneraci\u00f3n de derechos constitucionales e ind\u00edgenas consignados en tratados internacionales, se deje sin efecto la persecuci\u00f3n judicial de la comunidad mapuche due\u00f1a leg\u00edtima y documentada del predio en disputa por su naturaleza ilegal y arbitraria luego de que los tribunales de alzada han presentado un comportamiento incoherente y zigzagueante en el devenir del caso que por su larga data va en desmedro de los comuneros quienes tanto en el proceso de desalojo como de recuperaci\u00f3n de sus territorios, han sido brutalmente violentados, vejados y reprimidos.<br \/>\n<a href=\"https:\/\/www.pressenza.com\/wp-content\/uploads\/2017\/10\/Mapuches-Stgo-de-Chile-fotos-de-Claudia-Aranda-octubre-de-2017-1.jpg\"><img loading=\"lazy\" decoding=\"async\" class=\"alignleft size-large wp-image-537717\" src=\"https:\/\/www.pressenza.com\/wp-content\/uploads\/2017\/10\/Mapuches-Stgo-de-Chile-fotos-de-Claudia-Aranda-octubre-de-2017-1-720x540.jpg\" alt=\"\" width=\"720\" height=\"540\" srcset=\"https:\/\/www.pressenza.com\/wp-content\/uploads\/2017\/10\/Mapuches-Stgo-de-Chile-fotos-de-Claudia-Aranda-octubre-de-2017-1-720x540.jpg 720w, https:\/\/www.pressenza.com\/wp-content\/uploads\/2017\/10\/Mapuches-Stgo-de-Chile-fotos-de-Claudia-Aranda-octubre-de-2017-1-300x225.jpg 300w, https:\/\/www.pressenza.com\/wp-content\/uploads\/2017\/10\/Mapuches-Stgo-de-Chile-fotos-de-Claudia-Aranda-octubre-de-2017-1-768x576.jpg 768w, https:\/\/www.pressenza.com\/wp-content\/uploads\/2017\/10\/Mapuches-Stgo-de-Chile-fotos-de-Claudia-Aranda-octubre-de-2017-1.jpg 1040w\" sizes=\"auto, (max-width: 720px) 100vw, 720px\" \/><\/a><\/p>\n<p>\u201cRepresento a la comunidad Chenquin Millaray y a la familia Cheuquemil Mar\u00edn, a quienes usurparon sus tierras de manera ilegal. A mi abuela le quemaron su ruca, porque antes no eran casas, le quemaron sus cosechas, a sus animales les cortaron el cogote (cuello) y las cabezas se las dejaron ensartadas en las estacas. Fuera de eso a nosotros nos tiraron a una carretera y nadie se apiad\u00f3 de nosotros, nunca el estado ni ninguno se apiad\u00f3 de la familia de nosotros, somos una familia muy numerosa, con ni\u00f1os chicos, y no tuvieron piedad de eso\u201d, relata Ximena Moreno Cheuquemil, representante de su comunidad.<br \/>\n<a href=\"https:\/\/www.pressenza.com\/wp-content\/uploads\/2017\/10\/Mapuches-Stgo-de-Chile-fotos-de-Claudia-Aranda-octubre-de-2017-3.jpg\"><img loading=\"lazy\" decoding=\"async\" class=\"alignleft size-large wp-image-537727\" src=\"https:\/\/www.pressenza.com\/wp-content\/uploads\/2017\/10\/Mapuches-Stgo-de-Chile-fotos-de-Claudia-Aranda-octubre-de-2017-3-720x540.jpg\" alt=\"\" width=\"720\" height=\"540\" srcset=\"https:\/\/www.pressenza.com\/wp-content\/uploads\/2017\/10\/Mapuches-Stgo-de-Chile-fotos-de-Claudia-Aranda-octubre-de-2017-3-720x540.jpg 720w, https:\/\/www.pressenza.com\/wp-content\/uploads\/2017\/10\/Mapuches-Stgo-de-Chile-fotos-de-Claudia-Aranda-octubre-de-2017-3-300x225.jpg 300w, https:\/\/www.pressenza.com\/wp-content\/uploads\/2017\/10\/Mapuches-Stgo-de-Chile-fotos-de-Claudia-Aranda-octubre-de-2017-3-768x576.jpg 768w, https:\/\/www.pressenza.com\/wp-content\/uploads\/2017\/10\/Mapuches-Stgo-de-Chile-fotos-de-Claudia-Aranda-octubre-de-2017-3.jpg 1040w\" sizes=\"auto, (max-width: 720px) 100vw, 720px\" \/><\/a><\/p>\n<p>Agrega que \u201cun particular le prest\u00f3 un predio a mi mam\u00e1 y en eso estamos viviendo, un terreno que ni siquiera sirve para sembrar donde todos los a\u00f1os vivimos aislados porque estamos rodeados de r\u00edos. Hace poco hicieron una pasarela para que los ni\u00f1os pudieran pasar para ir al colegio, pero ni con eso. Mi mam\u00e1 muri\u00f3 y ni siquiera la pudimos velar dignamente porque la pasada es esa pasarela (precaria), ni siquiera tenemos un puente digno. Nosotros tenemos tierras buenas, en donde hay gente (otra gente, usurpadores) que le ha sacado todo (explotado la tierra), y con eso le ha dado estudio a sus hijos, les ha sacado hasta material y la ha arruinado. La tierra ya no es la misma a la de antes que ten\u00eda mi abuela, ahora ellos la contaminaron, le tienen todos sus \u00e1rboles cortados, siguen sacando fruto, arrend\u00e1ndola, dando talaje\u201d, explicando que todo esto, ocurrido durante la dictadura militar, fue muy turbio, arbitrario y sin aviso, pues de un d\u00eda para el otro aparecieron otros due\u00f1os, polic\u00edas y al parecer un abogado que recorri\u00f3 la zona organizando la infamia.<br \/>\n<a href=\"https:\/\/www.pressenza.com\/wp-content\/uploads\/2017\/10\/Mapuches-Stgo-de-Chile-fotos-de-Claudia-Aranda-octubre-de-2017-4.jpg\"><img loading=\"lazy\" decoding=\"async\" class=\"alignleft size-large wp-image-537736\" src=\"https:\/\/www.pressenza.com\/wp-content\/uploads\/2017\/10\/Mapuches-Stgo-de-Chile-fotos-de-Claudia-Aranda-octubre-de-2017-4-720x540.jpg\" alt=\"\" width=\"720\" height=\"540\" srcset=\"https:\/\/www.pressenza.com\/wp-content\/uploads\/2017\/10\/Mapuches-Stgo-de-Chile-fotos-de-Claudia-Aranda-octubre-de-2017-4-720x540.jpg 720w, https:\/\/www.pressenza.com\/wp-content\/uploads\/2017\/10\/Mapuches-Stgo-de-Chile-fotos-de-Claudia-Aranda-octubre-de-2017-4-300x225.jpg 300w, https:\/\/www.pressenza.com\/wp-content\/uploads\/2017\/10\/Mapuches-Stgo-de-Chile-fotos-de-Claudia-Aranda-octubre-de-2017-4-768x576.jpg 768w, https:\/\/www.pressenza.com\/wp-content\/uploads\/2017\/10\/Mapuches-Stgo-de-Chile-fotos-de-Claudia-Aranda-octubre-de-2017-4.jpg 1040w\" sizes=\"auto, (max-width: 720px) 100vw, 720px\" \/><\/a><\/p>\n<p>Es competencia y atributo del Tribunal Constitucional resolver, por la mayor\u00eda de sus miembros en ejercicio, la inaplicabilidad de un precepto legal cuya aplicaci\u00f3n en cualquier gesti\u00f3n que se siga ante un tribunal ordinario o especial, resulte contraria a la Constituci\u00f3n, lo cual ser\u00eda el caso, en el cual existe un requerimiento del Ministerio P\u00fablico deducido del Juzgado de Collipulli, regi\u00f3n de la Araucan\u00eda en el Walllmapu (Naci\u00f3n Mapuche), contra los miembros de la comunidad ind\u00edgena Chankin Millaray, que estar\u00eda en etapa de investigaci\u00f3n del Ministerio P\u00fablico por los derechos leg\u00edtimos de la comunidad ind\u00edgena para ocupar el predio.<\/p>\n<p>El terreno, que va desde el r\u00edo Renaico hasta el r\u00edo Mininco, es propiedad ancestral de los comuneros mapuche en virtud del t\u00edtulo de dominio de 1973 (adem\u00e1s de otras documentaciones que as\u00ed lo acreditan), e inscrito con plano en el Conservador del Bienes Ra\u00edces a nombre de la abuela de Ximena Moreno Cheuquemil, comunera mapuche firmante del requerimiento, tierras que por manoseos y malversaciones propias de la dictadura de Augusto Pinochet, les fuera arrebatada y loteada pocos a\u00f1os m\u00e1s tarde, expuls\u00e1ndolos a la fuerza de sus hogares y territorios ancestrales en favor de particulares acomodados con el poder en dicho tiempo y lugar, situaci\u00f3n de abuso y atropello que padecieron muchas comunidades mapuche en aquella \u00e9poca de impunidad y saqueo institucional.<br \/>\n<a href=\"https:\/\/www.pressenza.com\/wp-content\/uploads\/2017\/10\/Mapuches-Stgo-de-Chile-fotos-de-Claudia-Aranda-octubre-de-2017-5.jpg\"><img loading=\"lazy\" decoding=\"async\" class=\"alignleft size-large wp-image-537745\" src=\"https:\/\/www.pressenza.com\/wp-content\/uploads\/2017\/10\/Mapuches-Stgo-de-Chile-fotos-de-Claudia-Aranda-octubre-de-2017-5-720x540.jpg\" alt=\"\" width=\"720\" height=\"540\" srcset=\"https:\/\/www.pressenza.com\/wp-content\/uploads\/2017\/10\/Mapuches-Stgo-de-Chile-fotos-de-Claudia-Aranda-octubre-de-2017-5-720x540.jpg 720w, https:\/\/www.pressenza.com\/wp-content\/uploads\/2017\/10\/Mapuches-Stgo-de-Chile-fotos-de-Claudia-Aranda-octubre-de-2017-5-300x225.jpg 300w, https:\/\/www.pressenza.com\/wp-content\/uploads\/2017\/10\/Mapuches-Stgo-de-Chile-fotos-de-Claudia-Aranda-octubre-de-2017-5-768x576.jpg 768w, https:\/\/www.pressenza.com\/wp-content\/uploads\/2017\/10\/Mapuches-Stgo-de-Chile-fotos-de-Claudia-Aranda-octubre-de-2017-5.jpg 1040w\" sizes=\"auto, (max-width: 720px) 100vw, 720px\" \/><\/a><\/p>\n<p>\u201cEn esos tiempos nosotros viv\u00edamos en rucas (del mapudungun ruka, &#8216;casa&#8217;, es el nombre de la vivienda tradicional de los mapuche), y de ah\u00ed los pacos (polic\u00eda uniformada chilena y que hoy mantiene militarizada la zona de la Araucan\u00eda) nos sacaron a la fuerza y nos arrojaron al camino\u201d, precisa Ximena Moreno Cheuquemil.<\/p>\n<p>Entre loteos del predio, posteriores ventas y traspasos, estas tierras del Wallmapu pertenecientes a esta comunidad mapuche, hoy son en parte propiedad de la Forestal Mininco (mega empresa omnipresente en la zona y entidad emblem\u00e1tica de usurpaci\u00f3n, ocupaci\u00f3n y explotaci\u00f3n brutal del territorio mapuche y su medio ambiente), y son utilizadas para acopio de madera y desechos qu\u00edmicos de la planta, altamente contaminantes.<\/p>\n<p>Otra parte del loteo del terreno est\u00e1 en manos de particulares, entre ellos Ximena Aguilera Godoy, quien ha demandado a los comuneros por la ocupaci\u00f3n irregular de la propiedad. Dichos hechos se remontan hasta hace unos tres a\u00f1os, cuando los comuneros se tomaron una parte del predio y luego de ser desalojados lo hicieron nuevamente, lugar en donde hoy residen parte de los comuneros y resisten f\u00edsica y judicialmente, mientras los dem\u00e1s apoyan la causa a la espera de resultados favorables para poder hacer uso de tus tierras \u00edntegramente.<br \/>\n<a href=\"https:\/\/www.pressenza.com\/wp-content\/uploads\/2017\/10\/Mapuches-Stgo-de-Chile-fotos-de-Claudia-Aranda-octubre-de-2017-6.jpg\"><img loading=\"lazy\" decoding=\"async\" class=\"alignleft size-large wp-image-537754\" src=\"https:\/\/www.pressenza.com\/wp-content\/uploads\/2017\/10\/Mapuches-Stgo-de-Chile-fotos-de-Claudia-Aranda-octubre-de-2017-6-720x540.jpg\" alt=\"\" width=\"720\" height=\"540\" srcset=\"https:\/\/www.pressenza.com\/wp-content\/uploads\/2017\/10\/Mapuches-Stgo-de-Chile-fotos-de-Claudia-Aranda-octubre-de-2017-6-720x540.jpg 720w, https:\/\/www.pressenza.com\/wp-content\/uploads\/2017\/10\/Mapuches-Stgo-de-Chile-fotos-de-Claudia-Aranda-octubre-de-2017-6-300x225.jpg 300w, https:\/\/www.pressenza.com\/wp-content\/uploads\/2017\/10\/Mapuches-Stgo-de-Chile-fotos-de-Claudia-Aranda-octubre-de-2017-6-768x576.jpg 768w, https:\/\/www.pressenza.com\/wp-content\/uploads\/2017\/10\/Mapuches-Stgo-de-Chile-fotos-de-Claudia-Aranda-octubre-de-2017-6.jpg 1040w\" sizes=\"auto, (max-width: 720px) 100vw, 720px\" \/><\/a><\/p>\n<p>La ONG Defensor\u00eda Popular, que para este caso los comuneros son representados por el abogado de la entidad, Lorenzo Morales, argumenta que claramente la aplicaci\u00f3n del art\u00edculo 458 del C\u00f3digo Penal es ilegal, toda vez que infringe art\u00edculos 1 y 19 de la Constituci\u00f3n Pol\u00edtica de Chile. As\u00ed tambi\u00e9n, infringe los art\u00edculos 1.1, 21 y 29 de la Convenci\u00f3n Americana de Derechos Humanos y todo el articulado del Convenio 169 de la Organizaci\u00f3n Internacional del Trabajo (OIT) sobre \u201cpueblos ind\u00edgenas y tribales en pa\u00edses independientes\u201d, tratado internacional adoptado en Ginebra el 27 de junio de 1989, ratificado por Chile el 2008 y hoy en vigencia.<br \/>\n<a href=\"https:\/\/www.pressenza.com\/wp-content\/uploads\/2017\/10\/Mapuches-Stgo-de-Chile-fotos-de-Claudia-Aranda-octubre-de-2017-7.jpg\"><img loading=\"lazy\" decoding=\"async\" class=\"alignleft size-large wp-image-537763\" src=\"https:\/\/www.pressenza.com\/wp-content\/uploads\/2017\/10\/Mapuches-Stgo-de-Chile-fotos-de-Claudia-Aranda-octubre-de-2017-7-720x540.jpg\" alt=\"\" width=\"720\" height=\"540\" srcset=\"https:\/\/www.pressenza.com\/wp-content\/uploads\/2017\/10\/Mapuches-Stgo-de-Chile-fotos-de-Claudia-Aranda-octubre-de-2017-7-720x540.jpg 720w, https:\/\/www.pressenza.com\/wp-content\/uploads\/2017\/10\/Mapuches-Stgo-de-Chile-fotos-de-Claudia-Aranda-octubre-de-2017-7-300x225.jpg 300w, https:\/\/www.pressenza.com\/wp-content\/uploads\/2017\/10\/Mapuches-Stgo-de-Chile-fotos-de-Claudia-Aranda-octubre-de-2017-7-768x576.jpg 768w, https:\/\/www.pressenza.com\/wp-content\/uploads\/2017\/10\/Mapuches-Stgo-de-Chile-fotos-de-Claudia-Aranda-octubre-de-2017-7.jpg 1040w\" sizes=\"auto, (max-width: 720px) 100vw, 720px\" \/><\/a><br \/>\nJunto con subrayar que el requerimiento se enfoca en que el Tribunal Constitucional declare inaplicable el art\u00edculo 458 del C\u00f3digo Penal, es decir las ocupaciones ilegales para este caso, el abogado Lorenzo Morales puntualiz\u00f3 que \u201cestas comunidades tienen T\u00edtulo de Merced, tiene sentencia del Juzgado de Indios y tambi\u00e9n tienen T\u00edtulos de Propiedad. Tres privados, entre ellos la forestal Mininco han tratado de manifestar que ellos ilegalmente han ocupado estas tierras, pero estas tierras ellos (los mapuche) tienen inscripci\u00f3n en el Conservador de Bienes Ra\u00edces de Collipulli. Nosotros queremos que se pronuncie el Tribunal Constitucional. Ha habido fallos zigzagueantes en las Cortes y en los Juzgados de Garant\u00eda y entonces nosotros queremos que se pronuncie el Tribunal Constitucional. Con el tiempo, y cuando sean los alegatos en el Tribunal Constitucional, queremos que se adhieran a este requerimiento m\u00e1s de cincuenta comunidades\u201d<br \/>\nRespecto de lo in\u00e9dito de esta acci\u00f3n judicial, Morales precisa que no hay precedentes en esta en el Tribunal Constitucional, pero \u201cs\u00ed se ha realizado en las cortes de alzada, es decir en la Corte Suprema y en la Corte de Apelaciones, pero como manifiesto, han sido zigzagueantes, han habido algunos triunfos pero tambi\u00e9n algunas derrotas y queremos que se declare inaplicable porque as\u00ed lo establecen los tratados internacionales\u201d, argumentando que \u201cel art\u00edculo 21 de la Convenci\u00f3n Americana y el 169 de la OIT, tienen m\u00e1s de 100 fallos donde se han declarado que estas ocupaciones no pueden ser seguidas con car\u00e1cter criminal en contra de los ind\u00edgenas\u201d.<br \/>\n<a href=\"https:\/\/www.pressenza.com\/wp-content\/uploads\/2017\/10\/Mapuches-Stgo-de-Chile-fotos-de-Claudia-Aranda-octubre-de-2017-8.jpg\"><img loading=\"lazy\" decoding=\"async\" class=\"alignleft size-large wp-image-537772\" src=\"https:\/\/www.pressenza.com\/wp-content\/uploads\/2017\/10\/Mapuches-Stgo-de-Chile-fotos-de-Claudia-Aranda-octubre-de-2017-8-720x540.jpg\" alt=\"\" width=\"720\" height=\"540\" srcset=\"https:\/\/www.pressenza.com\/wp-content\/uploads\/2017\/10\/Mapuches-Stgo-de-Chile-fotos-de-Claudia-Aranda-octubre-de-2017-8-720x540.jpg 720w, https:\/\/www.pressenza.com\/wp-content\/uploads\/2017\/10\/Mapuches-Stgo-de-Chile-fotos-de-Claudia-Aranda-octubre-de-2017-8-300x225.jpg 300w, https:\/\/www.pressenza.com\/wp-content\/uploads\/2017\/10\/Mapuches-Stgo-de-Chile-fotos-de-Claudia-Aranda-octubre-de-2017-8-768x576.jpg 768w, https:\/\/www.pressenza.com\/wp-content\/uploads\/2017\/10\/Mapuches-Stgo-de-Chile-fotos-de-Claudia-Aranda-octubre-de-2017-8.jpg 1040w\" sizes=\"auto, (max-width: 720px) 100vw, 720px\" \/><\/a><\/p>\n<p>Consciente y claro de que este requerimiento en el TC constituye un precedente y esperanza para todo un pueblo, haberlo interpuesto un 12 de octubre \u201ces simb\u00f3lico\u201d, destaca el abogado Lorenzo Morales, subrayando que \u201cqueremos que el Tribunal Constitucional, tal como se ha puesto a tono con otros temas, queremos que se ponga a tono con el tema mapuche. El Tribunal Constitucional siempre lo ha hecho as\u00ed, tambi\u00e9n en cuestiones laborales y de otra \u00edndole, y queremos que este sea el plus para que el pueblo Mapuche sea reconocido finalmente constitucionalmente, pues como no tenemos tanta fe de que se cambie la Constituci\u00f3n, queremos que lo haga el Tribunal Constitucional\u201d.<br \/>\n<a href=\"https:\/\/www.pressenza.com\/wp-content\/uploads\/2017\/10\/Mapuches-Stgo-de-Chile-fotos-de-Claudia-Aranda-octubre-de-2017-9.jpg\"><img loading=\"lazy\" decoding=\"async\" class=\"alignleft size-large wp-image-537781\" src=\"https:\/\/www.pressenza.com\/wp-content\/uploads\/2017\/10\/Mapuches-Stgo-de-Chile-fotos-de-Claudia-Aranda-octubre-de-2017-9-720x540.jpg\" alt=\"\" width=\"720\" height=\"540\" srcset=\"https:\/\/www.pressenza.com\/wp-content\/uploads\/2017\/10\/Mapuches-Stgo-de-Chile-fotos-de-Claudia-Aranda-octubre-de-2017-9-720x540.jpg 720w, https:\/\/www.pressenza.com\/wp-content\/uploads\/2017\/10\/Mapuches-Stgo-de-Chile-fotos-de-Claudia-Aranda-octubre-de-2017-9-300x225.jpg 300w, https:\/\/www.pressenza.com\/wp-content\/uploads\/2017\/10\/Mapuches-Stgo-de-Chile-fotos-de-Claudia-Aranda-octubre-de-2017-9-768x576.jpg 768w, https:\/\/www.pressenza.com\/wp-content\/uploads\/2017\/10\/Mapuches-Stgo-de-Chile-fotos-de-Claudia-Aranda-octubre-de-2017-9.jpg 1040w\" sizes=\"auto, (max-width: 720px) 100vw, 720px\" \/><\/a><\/p>\n<p>La dirigente mapuche Ximena Moreno Cheuquemil, expres\u00f3 que toda su comunidad tiene mucha esperanza en que el Tribunal Constitucional sancione en favor ellos y los derechos de tierra que ah\u00ed tienen, siendo coherentes tanto con las Constituci\u00f3n como con la legislaci\u00f3n, acuerdo, tratados y en definitiva compromisos internacionales que nos obligan como Naci\u00f3n, enfatizando que es justo porque adem\u00e1s \u201cllevamos a\u00f1os de lucha y nunca hemos tenido una ayuda del Estado. Hemos golpeado muchas puertas y nunca se nos ha abierto una puerta sino hasta este momento con el abogado Lorenzo Morales\u201d.<br \/>\n<a href=\"https:\/\/www.pressenza.com\/wp-content\/uploads\/2017\/10\/Mapuches-Stgo-de-Chile-fotos-de-Claudia-Aranda-octubre-de-2017-10.jpg\"><img loading=\"lazy\" decoding=\"async\" class=\"alignleft size-large wp-image-537790\" src=\"https:\/\/www.pressenza.com\/wp-content\/uploads\/2017\/10\/Mapuches-Stgo-de-Chile-fotos-de-Claudia-Aranda-octubre-de-2017-10-720x540.jpg\" alt=\"\" width=\"720\" height=\"540\" srcset=\"https:\/\/www.pressenza.com\/wp-content\/uploads\/2017\/10\/Mapuches-Stgo-de-Chile-fotos-de-Claudia-Aranda-octubre-de-2017-10-720x540.jpg 720w, https:\/\/www.pressenza.com\/wp-content\/uploads\/2017\/10\/Mapuches-Stgo-de-Chile-fotos-de-Claudia-Aranda-octubre-de-2017-10-300x225.jpg 300w, https:\/\/www.pressenza.com\/wp-content\/uploads\/2017\/10\/Mapuches-Stgo-de-Chile-fotos-de-Claudia-Aranda-octubre-de-2017-10-768x576.jpg 768w, https:\/\/www.pressenza.com\/wp-content\/uploads\/2017\/10\/Mapuches-Stgo-de-Chile-fotos-de-Claudia-Aranda-octubre-de-2017-10.jpg 1040w\" sizes=\"auto, (max-width: 720px) 100vw, 720px\" \/><\/a><br \/>\n<a href=\"https:\/\/www.pressenza.com\/wp-content\/uploads\/2017\/10\/Mapuches-Stgo-de-Chile-fotos-de-Claudia-Aranda-octubre-de-2017-11.jpg\"><img loading=\"lazy\" decoding=\"async\" class=\"alignleft size-large wp-image-537799\" src=\"https:\/\/www.pressenza.com\/wp-content\/uploads\/2017\/10\/Mapuches-Stgo-de-Chile-fotos-de-Claudia-Aranda-octubre-de-2017-11-720x540.jpg\" alt=\"\" width=\"720\" height=\"540\" srcset=\"https:\/\/www.pressenza.com\/wp-content\/uploads\/2017\/10\/Mapuches-Stgo-de-Chile-fotos-de-Claudia-Aranda-octubre-de-2017-11-720x540.jpg 720w, https:\/\/www.pressenza.com\/wp-content\/uploads\/2017\/10\/Mapuches-Stgo-de-Chile-fotos-de-Claudia-Aranda-octubre-de-2017-11-300x225.jpg 300w, https:\/\/www.pressenza.com\/wp-content\/uploads\/2017\/10\/Mapuches-Stgo-de-Chile-fotos-de-Claudia-Aranda-octubre-de-2017-11-768x576.jpg 768w, https:\/\/www.pressenza.com\/wp-content\/uploads\/2017\/10\/Mapuches-Stgo-de-Chile-fotos-de-Claudia-Aranda-octubre-de-2017-11.jpg 1040w\" sizes=\"auto, (max-width: 720px) 100vw, 720px\" \/><\/a><br \/>\nhttps:\/\/youtu.be\/90qdXM77kgU<br \/>\n\/Texto V\u00eddeo y Fotograf\u00edas: Claudia Aranda A.\/<\/p>\n","protected":false},"excerpt":{"rendered":"<p>Con rogativas rituales mapuche y en pleno 12 de Octubre \u201cQueremos que este sea el plus para que el pueblo Mapuche sea reconocido constitucionalmente, pues como no tenemos tanta fe de que se cambie la Constituci\u00f3n, queremos que lo haga&hellip;<\/p>\n","protected":false},"author":43,"featured_media":537820,"comment_status":"closed","ping_status":"closed","sticky":false,"template":"","format":"standard","meta":{"footnotes":""},"categories":[11389,79,5667,80,67],"tags":[39612,29,3078,8641],"class_list":["post-537705","post","type-post","status-publish","format-standard","has-post-thumbnail","hentry","category-contenido-original","category-derechos-humanos","category-foto-reportajes","category-pueblos-originarios","category-sudamerica","tag-causa-mapuche","tag-chile","tag-pueblo-mapuche","tag-santiago"],"yoast_head":"<!-- This site is optimized with the Yoast SEO plugin v27.1.1 - https:\/\/yoast.com\/product\/yoast-seo-wordpress\/ -->\n<title>Chile: Presentan requerimiento in\u00e9dito y sin precedentes ante el tribunal constitucional que abre una luz de esperanza para toda una naci\u00f3n<\/title>\n<meta name=\"description\" content=\"Con rogativas rituales mapuche y en pleno 12 de Octubre \u201cQueremos que este sea el plus para que el pueblo Mapuche sea reconocido constitucionalmente, pues\" \/>\n<meta name=\"robots\" content=\"index, follow, max-snippet:-1, max-image-preview:large, max-video-preview:-1\" \/>\n<link rel=\"canonical\" href=\"https:\/\/www.pressenza.com\/es\/2017\/10\/chile-presentan-requerimiento-inedito-sin-precedentes-ante-tribunal-constitucional-abre-una-luz-esperanza-toda-una-nacion\/\" \/>\n<meta property=\"og:locale\" content=\"es_ES\" \/>\n<meta property=\"og:type\" content=\"article\" \/>\n<meta property=\"og:title\" content=\"Chile: Presentan requerimiento in\u00e9dito y sin precedentes ante el tribunal constitucional que abre una luz de esperanza para toda una naci\u00f3n\" \/>\n<meta property=\"og:description\" content=\"Con rogativas rituales mapuche y en pleno 12 de Octubre \u201cQueremos que este sea el plus para que el pueblo Mapuche sea reconocido constitucionalmente, pues\" \/>\n<meta property=\"og:url\" content=\"https:\/\/www.pressenza.com\/es\/2017\/10\/chile-presentan-requerimiento-inedito-sin-precedentes-ante-tribunal-constitucional-abre-una-luz-esperanza-toda-una-nacion\/\" \/>\n<meta property=\"og:site_name\" content=\"Pressenza\" \/>\n<meta property=\"article:publisher\" content=\"https:\/\/www.facebook.com\/PressenzaItalia\" \/>\n<meta property=\"article:author\" content=\"https:\/\/www.facebook.com\/pressenza\" \/>\n<meta property=\"article:published_time\" content=\"2017-10-13T15:12:06+00:00\" \/>\n<meta property=\"article:modified_time\" content=\"2017-10-13T15:36:33+00:00\" \/>\n<meta property=\"og:image\" content=\"https:\/\/www.pressenza.com\/wp-content\/uploads\/2017\/10\/Mapuches-Stgo-de-Chile-fotos-de-Claudia-Aranda-octubre-de-2017-2-2.jpg\" \/>\n\t<meta property=\"og:image:width\" content=\"1040\" \/>\n\t<meta property=\"og:image:height\" content=\"652\" \/>\n\t<meta property=\"og:image:type\" content=\"image\/jpeg\" \/>\n<meta name=\"author\" content=\"Redacci\u00f3n Chile\" \/>\n<meta name=\"twitter:card\" content=\"summary_large_image\" \/>\n<meta name=\"twitter:creator\" content=\"@pressenza\" \/>\n<meta name=\"twitter:site\" content=\"@PressenzaIPA\" \/>\n<meta name=\"twitter:label1\" content=\"Escrito por\" \/>\n\t<meta name=\"twitter:data1\" content=\"Redacci\u00f3n Chile\" \/>\n\t<meta name=\"twitter:label2\" content=\"Tiempo de lectura\" \/>\n\t<meta name=\"twitter:data2\" content=\"8 minutos\" \/>\n<script type=\"application\/ld+json\" class=\"yoast-schema-graph\">{\"@context\":\"https:\/\/schema.org\",\"@graph\":[{\"@type\":\"Article\",\"@id\":\"https:\/\/www.pressenza.com\/es\/2017\/10\/chile-presentan-requerimiento-inedito-sin-precedentes-ante-tribunal-constitucional-abre-una-luz-esperanza-toda-una-nacion\/#article\",\"isPartOf\":{\"@id\":\"https:\/\/www.pressenza.com\/es\/2017\/10\/chile-presentan-requerimiento-inedito-sin-precedentes-ante-tribunal-constitucional-abre-una-luz-esperanza-toda-una-nacion\/\"},\"author\":{\"name\":\"Redacci\u00f3n Chile\",\"@id\":\"https:\/\/www.pressenza.com\/es\/#\/schema\/person\/d7db40df35d6698ba69ba9ee260944ed\"},\"headline\":\"Chile: Presentan requerimiento in\u00e9dito y sin precedentes ante el tribunal constitucional que abre una luz de esperanza para toda una naci\u00f3n\",\"datePublished\":\"2017-10-13T15:12:06+00:00\",\"dateModified\":\"2017-10-13T15:36:33+00:00\",\"mainEntityOfPage\":{\"@id\":\"https:\/\/www.pressenza.com\/es\/2017\/10\/chile-presentan-requerimiento-inedito-sin-precedentes-ante-tribunal-constitucional-abre-una-luz-esperanza-toda-una-nacion\/\"},\"wordCount\":1608,\"publisher\":{\"@id\":\"https:\/\/www.pressenza.com\/es\/#organization\"},\"image\":{\"@id\":\"https:\/\/www.pressenza.com\/es\/2017\/10\/chile-presentan-requerimiento-inedito-sin-precedentes-ante-tribunal-constitucional-abre-una-luz-esperanza-toda-una-nacion\/#primaryimage\"},\"thumbnailUrl\":\"https:\/\/www.pressenza.com\/wp-content\/uploads\/2017\/10\/Mapuches-Stgo-de-Chile-fotos-de-Claudia-Aranda-octubre-de-2017-2-2.jpg\",\"keywords\":[\"Causa Mapuche\",\"Chile\",\"Pueblo Mapuche\",\"Santiago\"],\"articleSection\":[\"Contenido Original\",\"Derechos Humanos\",\"Fotorreportajes\",\"Pueblos Originarios\",\"Sudam\u00e9rica\"],\"inLanguage\":\"es\"},{\"@type\":\"WebPage\",\"@id\":\"https:\/\/www.pressenza.com\/es\/2017\/10\/chile-presentan-requerimiento-inedito-sin-precedentes-ante-tribunal-constitucional-abre-una-luz-esperanza-toda-una-nacion\/\",\"url\":\"https:\/\/www.pressenza.com\/es\/2017\/10\/chile-presentan-requerimiento-inedito-sin-precedentes-ante-tribunal-constitucional-abre-una-luz-esperanza-toda-una-nacion\/\",\"name\":\"Chile: Presentan requerimiento in\u00e9dito y sin precedentes ante el tribunal constitucional que abre una luz de esperanza para toda una naci\u00f3n\",\"isPartOf\":{\"@id\":\"https:\/\/www.pressenza.com\/es\/#website\"},\"primaryImageOfPage\":{\"@id\":\"https:\/\/www.pressenza.com\/es\/2017\/10\/chile-presentan-requerimiento-inedito-sin-precedentes-ante-tribunal-constitucional-abre-una-luz-esperanza-toda-una-nacion\/#primaryimage\"},\"image\":{\"@id\":\"https:\/\/www.pressenza.com\/es\/2017\/10\/chile-presentan-requerimiento-inedito-sin-precedentes-ante-tribunal-constitucional-abre-una-luz-esperanza-toda-una-nacion\/#primaryimage\"},\"thumbnailUrl\":\"https:\/\/www.pressenza.com\/wp-content\/uploads\/2017\/10\/Mapuches-Stgo-de-Chile-fotos-de-Claudia-Aranda-octubre-de-2017-2-2.jpg\",\"datePublished\":\"2017-10-13T15:12:06+00:00\",\"dateModified\":\"2017-10-13T15:36:33+00:00\",\"description\":\"Con rogativas rituales mapuche y en pleno 12 de Octubre \u201cQueremos que este sea el plus para que el pueblo Mapuche sea reconocido constitucionalmente, pues\",\"breadcrumb\":{\"@id\":\"https:\/\/www.pressenza.com\/es\/2017\/10\/chile-presentan-requerimiento-inedito-sin-precedentes-ante-tribunal-constitucional-abre-una-luz-esperanza-toda-una-nacion\/#breadcrumb\"},\"inLanguage\":\"es\",\"potentialAction\":[{\"@type\":\"ReadAction\",\"target\":[\"https:\/\/www.pressenza.com\/es\/2017\/10\/chile-presentan-requerimiento-inedito-sin-precedentes-ante-tribunal-constitucional-abre-una-luz-esperanza-toda-una-nacion\/\"]}]},{\"@type\":\"ImageObject\",\"inLanguage\":\"es\",\"@id\":\"https:\/\/www.pressenza.com\/es\/2017\/10\/chile-presentan-requerimiento-inedito-sin-precedentes-ante-tribunal-constitucional-abre-una-luz-esperanza-toda-una-nacion\/#primaryimage\",\"url\":\"https:\/\/www.pressenza.com\/wp-content\/uploads\/2017\/10\/Mapuches-Stgo-de-Chile-fotos-de-Claudia-Aranda-octubre-de-2017-2-2.jpg\",\"contentUrl\":\"https:\/\/www.pressenza.com\/wp-content\/uploads\/2017\/10\/Mapuches-Stgo-de-Chile-fotos-de-Claudia-Aranda-octubre-de-2017-2-2.jpg\",\"width\":1040,\"height\":652},{\"@type\":\"BreadcrumbList\",\"@id\":\"https:\/\/www.pressenza.com\/es\/2017\/10\/chile-presentan-requerimiento-inedito-sin-precedentes-ante-tribunal-constitucional-abre-una-luz-esperanza-toda-una-nacion\/#breadcrumb\",\"itemListElement\":[{\"@type\":\"ListItem\",\"position\":1,\"name\":\"Accueil\",\"item\":\"https:\/\/www.pressenza.com\/es\/\"},{\"@type\":\"ListItem\",\"position\":2,\"name\":\"Chile: Presentan requerimiento in\u00e9dito y sin precedentes ante el tribunal constitucional que abre una luz de esperanza para toda una naci\u00f3n\"}]},{\"@type\":\"WebSite\",\"@id\":\"https:\/\/www.pressenza.com\/es\/#website\",\"url\":\"https:\/\/www.pressenza.com\/es\/\",\"name\":\"Pressenza\",\"description\":\"International Press Agency\",\"publisher\":{\"@id\":\"https:\/\/www.pressenza.com\/es\/#organization\"},\"potentialAction\":[{\"@type\":\"SearchAction\",\"target\":{\"@type\":\"EntryPoint\",\"urlTemplate\":\"https:\/\/www.pressenza.com\/es\/?s={search_term_string}\"},\"query-input\":{\"@type\":\"PropertyValueSpecification\",\"valueRequired\":true,\"valueName\":\"search_term_string\"}}],\"inLanguage\":\"es\"},{\"@type\":\"Organization\",\"@id\":\"https:\/\/www.pressenza.com\/es\/#organization\",\"name\":\"Pressenza\",\"url\":\"https:\/\/www.pressenza.com\/es\/\",\"logo\":{\"@type\":\"ImageObject\",\"inLanguage\":\"es\",\"@id\":\"https:\/\/www.pressenza.com\/es\/#\/schema\/logo\/image\/\",\"url\":\"https:\/\/www.pressenza.com\/wp-content\/uploads\/2022\/10\/pressenza_logo_200x200.jpg\",\"contentUrl\":\"https:\/\/www.pressenza.com\/wp-content\/uploads\/2022\/10\/pressenza_logo_200x200.jpg\",\"width\":200,\"height\":200,\"caption\":\"Pressenza\"},\"image\":{\"@id\":\"https:\/\/www.pressenza.com\/es\/#\/schema\/logo\/image\/\"},\"sameAs\":[\"https:\/\/www.facebook.com\/PressenzaItalia\",\"https:\/\/x.com\/PressenzaIPA\"]},{\"@type\":\"Person\",\"@id\":\"https:\/\/www.pressenza.com\/es\/#\/schema\/person\/d7db40df35d6698ba69ba9ee260944ed\",\"name\":\"Redacci\u00f3n Chile\",\"description\":\"News from the Pressenza Bureau in Chile\",\"sameAs\":[\"https:\/\/www.facebook.com\/pressenza\",\"https:\/\/x.com\/pressenza\"],\"url\":\"https:\/\/www.pressenza.com\/es\/author\/redaccion-chile\/\"}]}<\/script>\n<!-- \/ Yoast SEO plugin. -->","yoast_head_json":{"title":"Chile: Presentan requerimiento in\u00e9dito y sin precedentes ante el tribunal constitucional que abre una luz de esperanza para toda una naci\u00f3n","description":"Con rogativas rituales mapuche y en pleno 12 de Octubre \u201cQueremos que este sea el plus para que el pueblo Mapuche sea reconocido constitucionalmente, pues","robots":{"index":"index","follow":"follow","max-snippet":"max-snippet:-1","max-image-preview":"max-image-preview:large","max-video-preview":"max-video-preview:-1"},"canonical":"https:\/\/www.pressenza.com\/es\/2017\/10\/chile-presentan-requerimiento-inedito-sin-precedentes-ante-tribunal-constitucional-abre-una-luz-esperanza-toda-una-nacion\/","og_locale":"es_ES","og_type":"article","og_title":"Chile: Presentan requerimiento in\u00e9dito y sin precedentes ante el tribunal constitucional que abre una luz de esperanza para toda una naci\u00f3n","og_description":"Con rogativas rituales mapuche y en pleno 12 de Octubre \u201cQueremos que este sea el plus para que el pueblo Mapuche sea reconocido constitucionalmente, pues","og_url":"https:\/\/www.pressenza.com\/es\/2017\/10\/chile-presentan-requerimiento-inedito-sin-precedentes-ante-tribunal-constitucional-abre-una-luz-esperanza-toda-una-nacion\/","og_site_name":"Pressenza","article_publisher":"https:\/\/www.facebook.com\/PressenzaItalia","article_author":"https:\/\/www.facebook.com\/pressenza","article_published_time":"2017-10-13T15:12:06+00:00","article_modified_time":"2017-10-13T15:36:33+00:00","og_image":[{"width":1040,"height":652,"url":"https:\/\/www.pressenza.com\/wp-content\/uploads\/2017\/10\/Mapuches-Stgo-de-Chile-fotos-de-Claudia-Aranda-octubre-de-2017-2-2.jpg","type":"image\/jpeg"}],"author":"Redacci\u00f3n Chile","twitter_card":"summary_large_image","twitter_creator":"@pressenza","twitter_site":"@PressenzaIPA","twitter_misc":{"Escrito por":"Redacci\u00f3n Chile","Tiempo de lectura":"8 minutos"},"schema":{"@context":"https:\/\/schema.org","@graph":[{"@type":"Article","@id":"https:\/\/www.pressenza.com\/es\/2017\/10\/chile-presentan-requerimiento-inedito-sin-precedentes-ante-tribunal-constitucional-abre-una-luz-esperanza-toda-una-nacion\/#article","isPartOf":{"@id":"https:\/\/www.pressenza.com\/es\/2017\/10\/chile-presentan-requerimiento-inedito-sin-precedentes-ante-tribunal-constitucional-abre-una-luz-esperanza-toda-una-nacion\/"},"author":{"name":"Redacci\u00f3n Chile","@id":"https:\/\/www.pressenza.com\/es\/#\/schema\/person\/d7db40df35d6698ba69ba9ee260944ed"},"headline":"Chile: Presentan requerimiento in\u00e9dito y sin precedentes ante el tribunal constitucional que abre una luz de esperanza para toda una naci\u00f3n","datePublished":"2017-10-13T15:12:06+00:00","dateModified":"2017-10-13T15:36:33+00:00","mainEntityOfPage":{"@id":"https:\/\/www.pressenza.com\/es\/2017\/10\/chile-presentan-requerimiento-inedito-sin-precedentes-ante-tribunal-constitucional-abre-una-luz-esperanza-toda-una-nacion\/"},"wordCount":1608,"publisher":{"@id":"https:\/\/www.pressenza.com\/es\/#organization"},"image":{"@id":"https:\/\/www.pressenza.com\/es\/2017\/10\/chile-presentan-requerimiento-inedito-sin-precedentes-ante-tribunal-constitucional-abre-una-luz-esperanza-toda-una-nacion\/#primaryimage"},"thumbnailUrl":"https:\/\/www.pressenza.com\/wp-content\/uploads\/2017\/10\/Mapuches-Stgo-de-Chile-fotos-de-Claudia-Aranda-octubre-de-2017-2-2.jpg","keywords":["Causa Mapuche","Chile","Pueblo Mapuche","Santiago"],"articleSection":["Contenido Original","Derechos Humanos","Fotorreportajes","Pueblos Originarios","Sudam\u00e9rica"],"inLanguage":"es"},{"@type":"WebPage","@id":"https:\/\/www.pressenza.com\/es\/2017\/10\/chile-presentan-requerimiento-inedito-sin-precedentes-ante-tribunal-constitucional-abre-una-luz-esperanza-toda-una-nacion\/","url":"https:\/\/www.pressenza.com\/es\/2017\/10\/chile-presentan-requerimiento-inedito-sin-precedentes-ante-tribunal-constitucional-abre-una-luz-esperanza-toda-una-nacion\/","name":"Chile: Presentan requerimiento in\u00e9dito y sin precedentes ante el tribunal constitucional que abre una luz de esperanza para toda una naci\u00f3n","isPartOf":{"@id":"https:\/\/www.pressenza.com\/es\/#website"},"primaryImageOfPage":{"@id":"https:\/\/www.pressenza.com\/es\/2017\/10\/chile-presentan-requerimiento-inedito-sin-precedentes-ante-tribunal-constitucional-abre-una-luz-esperanza-toda-una-nacion\/#primaryimage"},"image":{"@id":"https:\/\/www.pressenza.com\/es\/2017\/10\/chile-presentan-requerimiento-inedito-sin-precedentes-ante-tribunal-constitucional-abre-una-luz-esperanza-toda-una-nacion\/#primaryimage"},"thumbnailUrl":"https:\/\/www.pressenza.com\/wp-content\/uploads\/2017\/10\/Mapuches-Stgo-de-Chile-fotos-de-Claudia-Aranda-octubre-de-2017-2-2.jpg","datePublished":"2017-10-13T15:12:06+00:00","dateModified":"2017-10-13T15:36:33+00:00","description":"Con rogativas rituales mapuche y en pleno 12 de Octubre \u201cQueremos que este sea el plus para que el pueblo Mapuche sea reconocido constitucionalmente, pues","breadcrumb":{"@id":"https:\/\/www.pressenza.com\/es\/2017\/10\/chile-presentan-requerimiento-inedito-sin-precedentes-ante-tribunal-constitucional-abre-una-luz-esperanza-toda-una-nacion\/#breadcrumb"},"inLanguage":"es","potentialAction":[{"@type":"ReadAction","target":["https:\/\/www.pressenza.com\/es\/2017\/10\/chile-presentan-requerimiento-inedito-sin-precedentes-ante-tribunal-constitucional-abre-una-luz-esperanza-toda-una-nacion\/"]}]},{"@type":"ImageObject","inLanguage":"es","@id":"https:\/\/www.pressenza.com\/es\/2017\/10\/chile-presentan-requerimiento-inedito-sin-precedentes-ante-tribunal-constitucional-abre-una-luz-esperanza-toda-una-nacion\/#primaryimage","url":"https:\/\/www.pressenza.com\/wp-content\/uploads\/2017\/10\/Mapuches-Stgo-de-Chile-fotos-de-Claudia-Aranda-octubre-de-2017-2-2.jpg","contentUrl":"https:\/\/www.pressenza.com\/wp-content\/uploads\/2017\/10\/Mapuches-Stgo-de-Chile-fotos-de-Claudia-Aranda-octubre-de-2017-2-2.jpg","width":1040,"height":652},{"@type":"BreadcrumbList","@id":"https:\/\/www.pressenza.com\/es\/2017\/10\/chile-presentan-requerimiento-inedito-sin-precedentes-ante-tribunal-constitucional-abre-una-luz-esperanza-toda-una-nacion\/#breadcrumb","itemListElement":[{"@type":"ListItem","position":1,"name":"Accueil","item":"https:\/\/www.pressenza.com\/es\/"},{"@type":"ListItem","position":2,"name":"Chile: Presentan requerimiento in\u00e9dito y sin precedentes ante el tribunal constitucional que abre una luz de esperanza para toda una naci\u00f3n"}]},{"@type":"WebSite","@id":"https:\/\/www.pressenza.com\/es\/#website","url":"https:\/\/www.pressenza.com\/es\/","name":"Pressenza","description":"International Press Agency","publisher":{"@id":"https:\/\/www.pressenza.com\/es\/#organization"},"potentialAction":[{"@type":"SearchAction","target":{"@type":"EntryPoint","urlTemplate":"https:\/\/www.pressenza.com\/es\/?s={search_term_string}"},"query-input":{"@type":"PropertyValueSpecification","valueRequired":true,"valueName":"search_term_string"}}],"inLanguage":"es"},{"@type":"Organization","@id":"https:\/\/www.pressenza.com\/es\/#organization","name":"Pressenza","url":"https:\/\/www.pressenza.com\/es\/","logo":{"@type":"ImageObject","inLanguage":"es","@id":"https:\/\/www.pressenza.com\/es\/#\/schema\/logo\/image\/","url":"https:\/\/www.pressenza.com\/wp-content\/uploads\/2022\/10\/pressenza_logo_200x200.jpg","contentUrl":"https:\/\/www.pressenza.com\/wp-content\/uploads\/2022\/10\/pressenza_logo_200x200.jpg","width":200,"height":200,"caption":"Pressenza"},"image":{"@id":"https:\/\/www.pressenza.com\/es\/#\/schema\/logo\/image\/"},"sameAs":["https:\/\/www.facebook.com\/PressenzaItalia","https:\/\/x.com\/PressenzaIPA"]},{"@type":"Person","@id":"https:\/\/www.pressenza.com\/es\/#\/schema\/person\/d7db40df35d6698ba69ba9ee260944ed","name":"Redacci\u00f3n Chile","description":"News from the Pressenza Bureau in Chile","sameAs":["https:\/\/www.facebook.com\/pressenza","https:\/\/x.com\/pressenza"],"url":"https:\/\/www.pressenza.com\/es\/author\/redaccion-chile\/"}]}},"place":"","original_article_url":"","_links":{"self":[{"href":"https:\/\/www.pressenza.com\/es\/wp-json\/wp\/v2\/posts\/537705","targetHints":{"allow":["GET"]}}],"collection":[{"href":"https:\/\/www.pressenza.com\/es\/wp-json\/wp\/v2\/posts"}],"about":[{"href":"https:\/\/www.pressenza.com\/es\/wp-json\/wp\/v2\/types\/post"}],"author":[{"embeddable":true,"href":"https:\/\/www.pressenza.com\/es\/wp-json\/wp\/v2\/users\/43"}],"replies":[{"embeddable":true,"href":"https:\/\/www.pressenza.com\/es\/wp-json\/wp\/v2\/comments?post=537705"}],"version-history":[{"count":0,"href":"https:\/\/www.pressenza.com\/es\/wp-json\/wp\/v2\/posts\/537705\/revisions"}],"wp:featuredmedia":[{"embeddable":true,"href":"https:\/\/www.pressenza.com\/es\/wp-json\/wp\/v2\/media\/537820"}],"wp:attachment":[{"href":"https:\/\/www.pressenza.com\/es\/wp-json\/wp\/v2\/media?parent=537705"}],"wp:term":[{"taxonomy":"category","embeddable":true,"href":"https:\/\/www.pressenza.com\/es\/wp-json\/wp\/v2\/categories?post=537705"},{"taxonomy":"post_tag","embeddable":true,"href":"https:\/\/www.pressenza.com\/es\/wp-json\/wp\/v2\/tags?post=537705"}],"curies":[{"name":"wp","href":"https:\/\/api.w.org\/{rel}","templated":true}]}}