{"id":53666,"date":"2013-05-25T22:57:20","date_gmt":"2013-05-25T21:57:20","guid":{"rendered":"http:\/\/www.pressenza.com\/?p=53666"},"modified":"2013-06-27T17:27:47","modified_gmt":"2013-06-27T16:27:47","slug":"foto-reportaje-toma-de-posesion-del-reelecto-presidente-rafael-correa","status":"publish","type":"post","link":"https:\/\/www.pressenza.com\/es\/2013\/05\/foto-reportaje-toma-de-posesion-del-reelecto-presidente-rafael-correa\/","title":{"rendered":"Foto-Reportaje: Toma de posesi\u00f3n del reelecto Presidente Rafael Correa"},"content":{"rendered":"<p>Ecuador vivi\u00f3 ayer una jornada hist\u00f3rica. El economista Rafael Correa tom\u00f3 posesi\u00f3n como Presidente de la Rep\u00fablica para un segundo mandato. La Revoluci\u00f3n Ciudadana tiene cuatro a\u00f1os m\u00e1s para profundizarse. Cuatro a\u00f1os en los que, en palabras del presidente, \u00abno podemos fallar\u00bb. Gente de todos los rincones del pa\u00eds se concentr\u00f3 en Quito. Aqu\u00ed, im\u00e1genes de un d\u00eda festivo y lleno de esperanza.<\/p>\n<p>Fotograf\u00edas de <strong>Walker Vizcarra<\/strong><\/p>\n<p>[divide]<\/p>\n<p><a href=\"http:\/\/www.pressenza.com\/wp-content\/uploads\/2013\/05\/20-P5240199-Plaza-Grande.jpg\"><img loading=\"lazy\" decoding=\"async\" class=\"size-large wp-image-53671\" alt=\"Acto de posesi\u00f3n del Presidente Correa, Quito-Ecuador\" src=\"http:\/\/www.pressenza.com\/wp-content\/uploads\/2013\/05\/20-P5240199-Plaza-Grande-600x443.jpg\" width=\"600\" height=\"443\" srcset=\"https:\/\/www.pressenza.com\/wp-content\/uploads\/2013\/05\/20-P5240199-Plaza-Grande-600x443.jpg 600w, https:\/\/www.pressenza.com\/wp-content\/uploads\/2013\/05\/20-P5240199-Plaza-Grande-300x221.jpg 300w, https:\/\/www.pressenza.com\/wp-content\/uploads\/2013\/05\/20-P5240199-Plaza-Grande.jpg 2000w\" sizes=\"auto, (max-width: 600px) 100vw, 600px\" \/><\/a><\/p>\n<p><a href=\"http:\/\/www.pressenza.com\/wp-content\/uploads\/2013\/05\/12-P5240053-Plaza-Grande.jpg\"><img loading=\"lazy\" decoding=\"async\" class=\"size-large wp-image-53673\" alt=\"Acto de posesi\u00f3n del Presidente Correa, Quito-Ecuador\" src=\"http:\/\/www.pressenza.com\/wp-content\/uploads\/2013\/05\/12-P5240053-Plaza-Grande-600x450.jpg\" width=\"600\" height=\"450\" srcset=\"https:\/\/www.pressenza.com\/wp-content\/uploads\/2013\/05\/12-P5240053-Plaza-Grande-600x450.jpg 600w, https:\/\/www.pressenza.com\/wp-content\/uploads\/2013\/05\/12-P5240053-Plaza-Grande-300x225.jpg 300w, https:\/\/www.pressenza.com\/wp-content\/uploads\/2013\/05\/12-P5240053-Plaza-Grande.jpg 2000w\" sizes=\"auto, (max-width: 600px) 100vw, 600px\" \/><\/a><\/p>\n<p><a href=\"http:\/\/www.pressenza.com\/wp-content\/uploads\/2013\/05\/16-P5240118-Plaza-Grande.jpg\"><img loading=\"lazy\" decoding=\"async\" class=\"size-large wp-image-53675\" alt=\"Acto de posesi\u00f3n del Presidente Correa, Quito-Ecuador\" src=\"http:\/\/www.pressenza.com\/wp-content\/uploads\/2013\/05\/16-P5240118-Plaza-Grande-600x450.jpg\" width=\"600\" height=\"450\" srcset=\"https:\/\/www.pressenza.com\/wp-content\/uploads\/2013\/05\/16-P5240118-Plaza-Grande-600x450.jpg 600w, https:\/\/www.pressenza.com\/wp-content\/uploads\/2013\/05\/16-P5240118-Plaza-Grande-300x225.jpg 300w, https:\/\/www.pressenza.com\/wp-content\/uploads\/2013\/05\/16-P5240118-Plaza-Grande.jpg 2000w\" sizes=\"auto, (max-width: 600px) 100vw, 600px\" \/><\/a><\/p>\n<p><a href=\"http:\/\/www.pressenza.com\/wp-content\/uploads\/2013\/05\/13-P5240072-Plaza-Grande.jpg\"><img loading=\"lazy\" decoding=\"async\" class=\"size-large wp-image-53677\" alt=\"Acto de posesi\u00f3n del Presidente Correa, Quito-Ecuador\" src=\"http:\/\/www.pressenza.com\/wp-content\/uploads\/2013\/05\/13-P5240072-Plaza-Grande-600x441.jpg\" width=\"600\" height=\"441\" srcset=\"https:\/\/www.pressenza.com\/wp-content\/uploads\/2013\/05\/13-P5240072-Plaza-Grande-600x441.jpg 600w, https:\/\/www.pressenza.com\/wp-content\/uploads\/2013\/05\/13-P5240072-Plaza-Grande-300x220.jpg 300w, https:\/\/www.pressenza.com\/wp-content\/uploads\/2013\/05\/13-P5240072-Plaza-Grande.jpg 2000w\" sizes=\"auto, (max-width: 600px) 100vw, 600px\" \/><\/a><\/p>\n<p><a href=\"http:\/\/www.pressenza.com\/wp-content\/uploads\/2013\/05\/15-P5240108-Plaza-Grande.jpg\"><img loading=\"lazy\" decoding=\"async\" class=\"size-large wp-image-53682\" alt=\"Acto de posesi\u00f3n del Presidente Correa, Quito-Ecuador\" src=\"http:\/\/www.pressenza.com\/wp-content\/uploads\/2013\/05\/15-P5240108-Plaza-Grande-600x438.jpg\" width=\"600\" height=\"438\" srcset=\"https:\/\/www.pressenza.com\/wp-content\/uploads\/2013\/05\/15-P5240108-Plaza-Grande-600x438.jpg 600w, https:\/\/www.pressenza.com\/wp-content\/uploads\/2013\/05\/15-P5240108-Plaza-Grande-300x219.jpg 300w, https:\/\/www.pressenza.com\/wp-content\/uploads\/2013\/05\/15-P5240108-Plaza-Grande.jpg 2000w\" sizes=\"auto, (max-width: 600px) 100vw, 600px\" \/><\/a><\/p>\n<p><a href=\"http:\/\/www.pressenza.com\/wp-content\/uploads\/2013\/05\/30-P5240058-Bicentenario.jpg\"><img loading=\"lazy\" decoding=\"async\" class=\"size-large wp-image-53679\" alt=\"Acto de posesi\u00f3n del Presidente Correa, Quito-Ecuador\" src=\"http:\/\/www.pressenza.com\/wp-content\/uploads\/2013\/05\/30-P5240058-Bicentenario-600x450.jpg\" width=\"600\" height=\"450\" srcset=\"https:\/\/www.pressenza.com\/wp-content\/uploads\/2013\/05\/30-P5240058-Bicentenario-600x450.jpg 600w, https:\/\/www.pressenza.com\/wp-content\/uploads\/2013\/05\/30-P5240058-Bicentenario-300x225.jpg 300w, https:\/\/www.pressenza.com\/wp-content\/uploads\/2013\/05\/30-P5240058-Bicentenario.jpg 2000w\" sizes=\"auto, (max-width: 600px) 100vw, 600px\" \/><\/a><\/p>\n<p><a href=\"http:\/\/www.pressenza.com\/wp-content\/uploads\/2013\/05\/31-P5240064-Bicentenario.jpg\"><img loading=\"lazy\" decoding=\"async\" class=\"size-large wp-image-53685\" alt=\"Acto de posesi\u00f3n del Presidente Correa, Quito-Ecuador\" src=\"http:\/\/www.pressenza.com\/wp-content\/uploads\/2013\/05\/31-P5240064-Bicentenario-600x450.jpg\" width=\"600\" height=\"450\" srcset=\"https:\/\/www.pressenza.com\/wp-content\/uploads\/2013\/05\/31-P5240064-Bicentenario-600x450.jpg 600w, https:\/\/www.pressenza.com\/wp-content\/uploads\/2013\/05\/31-P5240064-Bicentenario-300x225.jpg 300w, https:\/\/www.pressenza.com\/wp-content\/uploads\/2013\/05\/31-P5240064-Bicentenario.jpg 2000w\" sizes=\"auto, (max-width: 600px) 100vw, 600px\" \/><\/a><\/p>\n<p><a href=\"http:\/\/www.pressenza.com\/wp-content\/uploads\/2013\/05\/28-P5240045-Bicentenario.jpg\"><img loading=\"lazy\" decoding=\"async\" class=\"size-large wp-image-53687\" alt=\"Acto de posesi\u00f3n del Presidente Correa, Quito-Ecuador\" src=\"http:\/\/www.pressenza.com\/wp-content\/uploads\/2013\/05\/28-P5240045-Bicentenario-600x450.jpg\" width=\"600\" height=\"450\" srcset=\"https:\/\/www.pressenza.com\/wp-content\/uploads\/2013\/05\/28-P5240045-Bicentenario-600x450.jpg 600w, https:\/\/www.pressenza.com\/wp-content\/uploads\/2013\/05\/28-P5240045-Bicentenario-300x225.jpg 300w, https:\/\/www.pressenza.com\/wp-content\/uploads\/2013\/05\/28-P5240045-Bicentenario.jpg 2000w\" sizes=\"auto, (max-width: 600px) 100vw, 600px\" \/><\/a><\/p>\n<p><a href=\"http:\/\/www.pressenza.com\/wp-content\/uploads\/2013\/05\/33-P5240075-Bicentenario.jpg\"><img loading=\"lazy\" decoding=\"async\" class=\"size-large wp-image-53689\" alt=\"Acto de posesi\u00f3n del Presidente Correa, Quito-Ecuador\" src=\"http:\/\/www.pressenza.com\/wp-content\/uploads\/2013\/05\/33-P5240075-Bicentenario-600x450.jpg\" width=\"600\" height=\"450\" srcset=\"https:\/\/www.pressenza.com\/wp-content\/uploads\/2013\/05\/33-P5240075-Bicentenario-600x450.jpg 600w, https:\/\/www.pressenza.com\/wp-content\/uploads\/2013\/05\/33-P5240075-Bicentenario-300x225.jpg 300w, https:\/\/www.pressenza.com\/wp-content\/uploads\/2013\/05\/33-P5240075-Bicentenario.jpg 2000w\" sizes=\"auto, (max-width: 600px) 100vw, 600px\" \/><\/a><\/p>\n<p><a href=\"http:\/\/www.pressenza.com\/wp-content\/uploads\/2013\/05\/26-P5240008-Bicentenario.jpg\"><img loading=\"lazy\" decoding=\"async\" class=\"size-large wp-image-53691\" alt=\"Acto de posesi\u00f3n del Presidente Correa, Quito-Ecuador\" src=\"http:\/\/www.pressenza.com\/wp-content\/uploads\/2013\/05\/26-P5240008-Bicentenario-600x450.jpg\" width=\"600\" height=\"450\" srcset=\"https:\/\/www.pressenza.com\/wp-content\/uploads\/2013\/05\/26-P5240008-Bicentenario-600x450.jpg 600w, https:\/\/www.pressenza.com\/wp-content\/uploads\/2013\/05\/26-P5240008-Bicentenario-300x225.jpg 300w, https:\/\/www.pressenza.com\/wp-content\/uploads\/2013\/05\/26-P5240008-Bicentenario.jpg 2000w\" sizes=\"auto, (max-width: 600px) 100vw, 600px\" \/><\/a><\/p>\n<p>&nbsp;<\/p>\n<p>&nbsp;<\/p>\n<p>&nbsp;<\/p>\n","protected":false},"excerpt":{"rendered":"<p>Ecuador vivi\u00f3 ayer una jornada hist\u00f3rica. El economista Rafael Correa tom\u00f3 posesi\u00f3n como Presidente de la Rep\u00fablica para un segundo mandato. La Revoluci\u00f3n Ciudadana tiene cuatro a\u00f1os m\u00e1s para profundizarse. Cuatro a\u00f1os en los que, en palabras del presidente, \u00abno&hellip;<\/p>\n","protected":false},"author":43,"featured_media":53669,"comment_status":"closed","ping_status":"open","sticky":false,"template":"","format":"standard","meta":{"footnotes":""},"categories":[5667,74,67],"tags":[696,5105],"class_list":["post-53666","post","type-post","status-publish","format-standard","has-post-thumbnail","hentry","category-foto-reportajes","category-politica-es","category-sudamerica","tag-democracia","tag-elecciones-ecuador-2013"],"yoast_head":"<!-- This site is optimized with the Yoast SEO plugin v27.1.1 - https:\/\/yoast.com\/product\/yoast-seo-wordpress\/ -->\n<title>Foto-Reportaje: Toma de posesi\u00f3n del reelecto Presidente Rafael Correa<\/title>\n<meta name=\"description\" content=\"Ecuador vivi\u00f3 ayer una jornada hist\u00f3rica. El economista Rafael Correa tom\u00f3 posesi\u00f3n como Presidente de la Rep\u00fablica para un segundo mandato. La Revoluci\u00f3n\" \/>\n<meta name=\"robots\" content=\"index, follow, max-snippet:-1, max-image-preview:large, max-video-preview:-1\" \/>\n<link rel=\"canonical\" href=\"https:\/\/www.pressenza.com\/es\/2013\/05\/foto-reportaje-toma-de-posesion-del-reelecto-presidente-rafael-correa\/\" \/>\n<meta property=\"og:locale\" content=\"es_ES\" \/>\n<meta property=\"og:type\" content=\"article\" \/>\n<meta property=\"og:title\" content=\"Foto-Reportaje: Toma de posesi\u00f3n del reelecto Presidente Rafael Correa\" \/>\n<meta property=\"og:description\" content=\"Ecuador vivi\u00f3 ayer una jornada hist\u00f3rica. El economista Rafael Correa tom\u00f3 posesi\u00f3n como Presidente de la Rep\u00fablica para un segundo mandato. La Revoluci\u00f3n\" \/>\n<meta property=\"og:url\" content=\"https:\/\/www.pressenza.com\/es\/2013\/05\/foto-reportaje-toma-de-posesion-del-reelecto-presidente-rafael-correa\/\" \/>\n<meta property=\"og:site_name\" content=\"Pressenza\" \/>\n<meta property=\"article:publisher\" content=\"https:\/\/www.facebook.com\/PressenzaItalia\" \/>\n<meta property=\"article:author\" content=\"https:\/\/www.facebook.com\/pressenza\" \/>\n<meta property=\"article:published_time\" content=\"2013-05-25T21:57:20+00:00\" \/>\n<meta property=\"article:modified_time\" content=\"2013-06-27T16:27:47+00:00\" \/>\n<meta property=\"og:image\" content=\"https:\/\/www.pressenza.com\/wp-content\/uploads\/2013\/05\/14-P5240092-Plaza-Grande.jpg\" \/>\n\t<meta property=\"og:image:width\" content=\"2000\" \/>\n\t<meta property=\"og:image:height\" content=\"1442\" \/>\n\t<meta property=\"og:image:type\" content=\"image\/jpeg\" \/>\n<meta name=\"author\" content=\"Redacci\u00f3n Chile\" \/>\n<meta name=\"twitter:card\" content=\"summary_large_image\" \/>\n<meta name=\"twitter:creator\" content=\"@pressenza\" \/>\n<meta name=\"twitter:site\" content=\"@PressenzaIPA\" \/>\n<meta name=\"twitter:label1\" content=\"Escrito por\" \/>\n\t<meta name=\"twitter:data1\" content=\"Redacci\u00f3n Chile\" \/>\n<script type=\"application\/ld+json\" class=\"yoast-schema-graph\">{\"@context\":\"https:\/\/schema.org\",\"@graph\":[{\"@type\":\"Article\",\"@id\":\"https:\/\/www.pressenza.com\/es\/2013\/05\/foto-reportaje-toma-de-posesion-del-reelecto-presidente-rafael-correa\/#article\",\"isPartOf\":{\"@id\":\"https:\/\/www.pressenza.com\/es\/2013\/05\/foto-reportaje-toma-de-posesion-del-reelecto-presidente-rafael-correa\/\"},\"author\":{\"name\":\"Redacci\u00f3n Chile\",\"@id\":\"https:\/\/www.pressenza.com\/es\/#\/schema\/person\/d7db40df35d6698ba69ba9ee260944ed\"},\"headline\":\"Foto-Reportaje: Toma de posesi\u00f3n del reelecto Presidente Rafael Correa\",\"datePublished\":\"2013-05-25T21:57:20+00:00\",\"dateModified\":\"2013-06-27T16:27:47+00:00\",\"mainEntityOfPage\":{\"@id\":\"https:\/\/www.pressenza.com\/es\/2013\/05\/foto-reportaje-toma-de-posesion-del-reelecto-presidente-rafael-correa\/\"},\"wordCount\":92,\"publisher\":{\"@id\":\"https:\/\/www.pressenza.com\/es\/#organization\"},\"image\":{\"@id\":\"https:\/\/www.pressenza.com\/es\/2013\/05\/foto-reportaje-toma-de-posesion-del-reelecto-presidente-rafael-correa\/#primaryimage\"},\"thumbnailUrl\":\"https:\/\/www.pressenza.com\/wp-content\/uploads\/2013\/05\/14-P5240092-Plaza-Grande.jpg\",\"keywords\":[\"Democracia\",\"Elecciones Ecuador 2013\"],\"articleSection\":[\"Fotorreportajes\",\"Pol\u00edtica\",\"Sudam\u00e9rica\"],\"inLanguage\":\"es\"},{\"@type\":\"WebPage\",\"@id\":\"https:\/\/www.pressenza.com\/es\/2013\/05\/foto-reportaje-toma-de-posesion-del-reelecto-presidente-rafael-correa\/\",\"url\":\"https:\/\/www.pressenza.com\/es\/2013\/05\/foto-reportaje-toma-de-posesion-del-reelecto-presidente-rafael-correa\/\",\"name\":\"Foto-Reportaje: Toma de posesi\u00f3n del reelecto Presidente Rafael Correa\",\"isPartOf\":{\"@id\":\"https:\/\/www.pressenza.com\/es\/#website\"},\"primaryImageOfPage\":{\"@id\":\"https:\/\/www.pressenza.com\/es\/2013\/05\/foto-reportaje-toma-de-posesion-del-reelecto-presidente-rafael-correa\/#primaryimage\"},\"image\":{\"@id\":\"https:\/\/www.pressenza.com\/es\/2013\/05\/foto-reportaje-toma-de-posesion-del-reelecto-presidente-rafael-correa\/#primaryimage\"},\"thumbnailUrl\":\"https:\/\/www.pressenza.com\/wp-content\/uploads\/2013\/05\/14-P5240092-Plaza-Grande.jpg\",\"datePublished\":\"2013-05-25T21:57:20+00:00\",\"dateModified\":\"2013-06-27T16:27:47+00:00\",\"description\":\"Ecuador vivi\u00f3 ayer una jornada hist\u00f3rica. El economista Rafael Correa tom\u00f3 posesi\u00f3n como Presidente de la Rep\u00fablica para un segundo mandato. La Revoluci\u00f3n\",\"breadcrumb\":{\"@id\":\"https:\/\/www.pressenza.com\/es\/2013\/05\/foto-reportaje-toma-de-posesion-del-reelecto-presidente-rafael-correa\/#breadcrumb\"},\"inLanguage\":\"es\",\"potentialAction\":[{\"@type\":\"ReadAction\",\"target\":[\"https:\/\/www.pressenza.com\/es\/2013\/05\/foto-reportaje-toma-de-posesion-del-reelecto-presidente-rafael-correa\/\"]}]},{\"@type\":\"ImageObject\",\"inLanguage\":\"es\",\"@id\":\"https:\/\/www.pressenza.com\/es\/2013\/05\/foto-reportaje-toma-de-posesion-del-reelecto-presidente-rafael-correa\/#primaryimage\",\"url\":\"https:\/\/www.pressenza.com\/wp-content\/uploads\/2013\/05\/14-P5240092-Plaza-Grande.jpg\",\"contentUrl\":\"https:\/\/www.pressenza.com\/wp-content\/uploads\/2013\/05\/14-P5240092-Plaza-Grande.jpg\",\"width\":2000,\"height\":1442},{\"@type\":\"BreadcrumbList\",\"@id\":\"https:\/\/www.pressenza.com\/es\/2013\/05\/foto-reportaje-toma-de-posesion-del-reelecto-presidente-rafael-correa\/#breadcrumb\",\"itemListElement\":[{\"@type\":\"ListItem\",\"position\":1,\"name\":\"Accueil\",\"item\":\"https:\/\/www.pressenza.com\/es\/\"},{\"@type\":\"ListItem\",\"position\":2,\"name\":\"Foto-Reportaje: Toma de posesi\u00f3n del reelecto Presidente Rafael Correa\"}]},{\"@type\":\"WebSite\",\"@id\":\"https:\/\/www.pressenza.com\/es\/#website\",\"url\":\"https:\/\/www.pressenza.com\/es\/\",\"name\":\"Pressenza\",\"description\":\"International Press Agency\",\"publisher\":{\"@id\":\"https:\/\/www.pressenza.com\/es\/#organization\"},\"potentialAction\":[{\"@type\":\"SearchAction\",\"target\":{\"@type\":\"EntryPoint\",\"urlTemplate\":\"https:\/\/www.pressenza.com\/es\/?s={search_term_string}\"},\"query-input\":{\"@type\":\"PropertyValueSpecification\",\"valueRequired\":true,\"valueName\":\"search_term_string\"}}],\"inLanguage\":\"es\"},{\"@type\":\"Organization\",\"@id\":\"https:\/\/www.pressenza.com\/es\/#organization\",\"name\":\"Pressenza\",\"url\":\"https:\/\/www.pressenza.com\/es\/\",\"logo\":{\"@type\":\"ImageObject\",\"inLanguage\":\"es\",\"@id\":\"https:\/\/www.pressenza.com\/es\/#\/schema\/logo\/image\/\",\"url\":\"https:\/\/www.pressenza.com\/wp-content\/uploads\/2022\/10\/pressenza_logo_200x200.jpg\",\"contentUrl\":\"https:\/\/www.pressenza.com\/wp-content\/uploads\/2022\/10\/pressenza_logo_200x200.jpg\",\"width\":200,\"height\":200,\"caption\":\"Pressenza\"},\"image\":{\"@id\":\"https:\/\/www.pressenza.com\/es\/#\/schema\/logo\/image\/\"},\"sameAs\":[\"https:\/\/www.facebook.com\/PressenzaItalia\",\"https:\/\/x.com\/PressenzaIPA\"]},{\"@type\":\"Person\",\"@id\":\"https:\/\/www.pressenza.com\/es\/#\/schema\/person\/d7db40df35d6698ba69ba9ee260944ed\",\"name\":\"Redacci\u00f3n Chile\",\"description\":\"News from the Pressenza Bureau in Chile\",\"sameAs\":[\"https:\/\/www.facebook.com\/pressenza\",\"https:\/\/x.com\/pressenza\"],\"url\":\"https:\/\/www.pressenza.com\/es\/author\/redaccion-chile\/\"}]}<\/script>\n<!-- \/ Yoast SEO plugin. -->","yoast_head_json":{"title":"Foto-Reportaje: Toma de posesi\u00f3n del reelecto Presidente Rafael Correa","description":"Ecuador vivi\u00f3 ayer una jornada hist\u00f3rica. El economista Rafael Correa tom\u00f3 posesi\u00f3n como Presidente de la Rep\u00fablica para un segundo mandato. La Revoluci\u00f3n","robots":{"index":"index","follow":"follow","max-snippet":"max-snippet:-1","max-image-preview":"max-image-preview:large","max-video-preview":"max-video-preview:-1"},"canonical":"https:\/\/www.pressenza.com\/es\/2013\/05\/foto-reportaje-toma-de-posesion-del-reelecto-presidente-rafael-correa\/","og_locale":"es_ES","og_type":"article","og_title":"Foto-Reportaje: Toma de posesi\u00f3n del reelecto Presidente Rafael Correa","og_description":"Ecuador vivi\u00f3 ayer una jornada hist\u00f3rica. El economista Rafael Correa tom\u00f3 posesi\u00f3n como Presidente de la Rep\u00fablica para un segundo mandato. La Revoluci\u00f3n","og_url":"https:\/\/www.pressenza.com\/es\/2013\/05\/foto-reportaje-toma-de-posesion-del-reelecto-presidente-rafael-correa\/","og_site_name":"Pressenza","article_publisher":"https:\/\/www.facebook.com\/PressenzaItalia","article_author":"https:\/\/www.facebook.com\/pressenza","article_published_time":"2013-05-25T21:57:20+00:00","article_modified_time":"2013-06-27T16:27:47+00:00","og_image":[{"width":2000,"height":1442,"url":"https:\/\/www.pressenza.com\/wp-content\/uploads\/2013\/05\/14-P5240092-Plaza-Grande.jpg","type":"image\/jpeg"}],"author":"Redacci\u00f3n Chile","twitter_card":"summary_large_image","twitter_creator":"@pressenza","twitter_site":"@PressenzaIPA","twitter_misc":{"Escrito por":"Redacci\u00f3n Chile"},"schema":{"@context":"https:\/\/schema.org","@graph":[{"@type":"Article","@id":"https:\/\/www.pressenza.com\/es\/2013\/05\/foto-reportaje-toma-de-posesion-del-reelecto-presidente-rafael-correa\/#article","isPartOf":{"@id":"https:\/\/www.pressenza.com\/es\/2013\/05\/foto-reportaje-toma-de-posesion-del-reelecto-presidente-rafael-correa\/"},"author":{"name":"Redacci\u00f3n Chile","@id":"https:\/\/www.pressenza.com\/es\/#\/schema\/person\/d7db40df35d6698ba69ba9ee260944ed"},"headline":"Foto-Reportaje: Toma de posesi\u00f3n del reelecto Presidente Rafael Correa","datePublished":"2013-05-25T21:57:20+00:00","dateModified":"2013-06-27T16:27:47+00:00","mainEntityOfPage":{"@id":"https:\/\/www.pressenza.com\/es\/2013\/05\/foto-reportaje-toma-de-posesion-del-reelecto-presidente-rafael-correa\/"},"wordCount":92,"publisher":{"@id":"https:\/\/www.pressenza.com\/es\/#organization"},"image":{"@id":"https:\/\/www.pressenza.com\/es\/2013\/05\/foto-reportaje-toma-de-posesion-del-reelecto-presidente-rafael-correa\/#primaryimage"},"thumbnailUrl":"https:\/\/www.pressenza.com\/wp-content\/uploads\/2013\/05\/14-P5240092-Plaza-Grande.jpg","keywords":["Democracia","Elecciones Ecuador 2013"],"articleSection":["Fotorreportajes","Pol\u00edtica","Sudam\u00e9rica"],"inLanguage":"es"},{"@type":"WebPage","@id":"https:\/\/www.pressenza.com\/es\/2013\/05\/foto-reportaje-toma-de-posesion-del-reelecto-presidente-rafael-correa\/","url":"https:\/\/www.pressenza.com\/es\/2013\/05\/foto-reportaje-toma-de-posesion-del-reelecto-presidente-rafael-correa\/","name":"Foto-Reportaje: Toma de posesi\u00f3n del reelecto Presidente Rafael Correa","isPartOf":{"@id":"https:\/\/www.pressenza.com\/es\/#website"},"primaryImageOfPage":{"@id":"https:\/\/www.pressenza.com\/es\/2013\/05\/foto-reportaje-toma-de-posesion-del-reelecto-presidente-rafael-correa\/#primaryimage"},"image":{"@id":"https:\/\/www.pressenza.com\/es\/2013\/05\/foto-reportaje-toma-de-posesion-del-reelecto-presidente-rafael-correa\/#primaryimage"},"thumbnailUrl":"https:\/\/www.pressenza.com\/wp-content\/uploads\/2013\/05\/14-P5240092-Plaza-Grande.jpg","datePublished":"2013-05-25T21:57:20+00:00","dateModified":"2013-06-27T16:27:47+00:00","description":"Ecuador vivi\u00f3 ayer una jornada hist\u00f3rica. El economista Rafael Correa tom\u00f3 posesi\u00f3n como Presidente de la Rep\u00fablica para un segundo mandato. La Revoluci\u00f3n","breadcrumb":{"@id":"https:\/\/www.pressenza.com\/es\/2013\/05\/foto-reportaje-toma-de-posesion-del-reelecto-presidente-rafael-correa\/#breadcrumb"},"inLanguage":"es","potentialAction":[{"@type":"ReadAction","target":["https:\/\/www.pressenza.com\/es\/2013\/05\/foto-reportaje-toma-de-posesion-del-reelecto-presidente-rafael-correa\/"]}]},{"@type":"ImageObject","inLanguage":"es","@id":"https:\/\/www.pressenza.com\/es\/2013\/05\/foto-reportaje-toma-de-posesion-del-reelecto-presidente-rafael-correa\/#primaryimage","url":"https:\/\/www.pressenza.com\/wp-content\/uploads\/2013\/05\/14-P5240092-Plaza-Grande.jpg","contentUrl":"https:\/\/www.pressenza.com\/wp-content\/uploads\/2013\/05\/14-P5240092-Plaza-Grande.jpg","width":2000,"height":1442},{"@type":"BreadcrumbList","@id":"https:\/\/www.pressenza.com\/es\/2013\/05\/foto-reportaje-toma-de-posesion-del-reelecto-presidente-rafael-correa\/#breadcrumb","itemListElement":[{"@type":"ListItem","position":1,"name":"Accueil","item":"https:\/\/www.pressenza.com\/es\/"},{"@type":"ListItem","position":2,"name":"Foto-Reportaje: Toma de posesi\u00f3n del reelecto Presidente Rafael Correa"}]},{"@type":"WebSite","@id":"https:\/\/www.pressenza.com\/es\/#website","url":"https:\/\/www.pressenza.com\/es\/","name":"Pressenza","description":"International Press Agency","publisher":{"@id":"https:\/\/www.pressenza.com\/es\/#organization"},"potentialAction":[{"@type":"SearchAction","target":{"@type":"EntryPoint","urlTemplate":"https:\/\/www.pressenza.com\/es\/?s={search_term_string}"},"query-input":{"@type":"PropertyValueSpecification","valueRequired":true,"valueName":"search_term_string"}}],"inLanguage":"es"},{"@type":"Organization","@id":"https:\/\/www.pressenza.com\/es\/#organization","name":"Pressenza","url":"https:\/\/www.pressenza.com\/es\/","logo":{"@type":"ImageObject","inLanguage":"es","@id":"https:\/\/www.pressenza.com\/es\/#\/schema\/logo\/image\/","url":"https:\/\/www.pressenza.com\/wp-content\/uploads\/2022\/10\/pressenza_logo_200x200.jpg","contentUrl":"https:\/\/www.pressenza.com\/wp-content\/uploads\/2022\/10\/pressenza_logo_200x200.jpg","width":200,"height":200,"caption":"Pressenza"},"image":{"@id":"https:\/\/www.pressenza.com\/es\/#\/schema\/logo\/image\/"},"sameAs":["https:\/\/www.facebook.com\/PressenzaItalia","https:\/\/x.com\/PressenzaIPA"]},{"@type":"Person","@id":"https:\/\/www.pressenza.com\/es\/#\/schema\/person\/d7db40df35d6698ba69ba9ee260944ed","name":"Redacci\u00f3n Chile","description":"News from the Pressenza Bureau in Chile","sameAs":["https:\/\/www.facebook.com\/pressenza","https:\/\/x.com\/pressenza"],"url":"https:\/\/www.pressenza.com\/es\/author\/redaccion-chile\/"}]}},"place":"ECUADOR","original_article_url":"","_links":{"self":[{"href":"https:\/\/www.pressenza.com\/es\/wp-json\/wp\/v2\/posts\/53666","targetHints":{"allow":["GET"]}}],"collection":[{"href":"https:\/\/www.pressenza.com\/es\/wp-json\/wp\/v2\/posts"}],"about":[{"href":"https:\/\/www.pressenza.com\/es\/wp-json\/wp\/v2\/types\/post"}],"author":[{"embeddable":true,"href":"https:\/\/www.pressenza.com\/es\/wp-json\/wp\/v2\/users\/43"}],"replies":[{"embeddable":true,"href":"https:\/\/www.pressenza.com\/es\/wp-json\/wp\/v2\/comments?post=53666"}],"version-history":[{"count":0,"href":"https:\/\/www.pressenza.com\/es\/wp-json\/wp\/v2\/posts\/53666\/revisions"}],"wp:featuredmedia":[{"embeddable":true,"href":"https:\/\/www.pressenza.com\/es\/wp-json\/wp\/v2\/media\/53669"}],"wp:attachment":[{"href":"https:\/\/www.pressenza.com\/es\/wp-json\/wp\/v2\/media?parent=53666"}],"wp:term":[{"taxonomy":"category","embeddable":true,"href":"https:\/\/www.pressenza.com\/es\/wp-json\/wp\/v2\/categories?post=53666"},{"taxonomy":"post_tag","embeddable":true,"href":"https:\/\/www.pressenza.com\/es\/wp-json\/wp\/v2\/tags?post=53666"}],"curies":[{"name":"wp","href":"https:\/\/api.w.org\/{rel}","templated":true}]}}