{"id":536492,"date":"2017-10-12T15:57:39","date_gmt":"2017-10-12T14:57:39","guid":{"rendered":"https:\/\/www.pressenza.com\/?p=536492\/"},"modified":"2017-10-12T15:57:39","modified_gmt":"2017-10-12T14:57:39","slug":"movimiento-sindical-internacional-pide-las-ifi-apoyen-aumento-salarial-global","status":"publish","type":"post","link":"https:\/\/www.pressenza.com\/es\/2017\/10\/movimiento-sindical-internacional-pide-las-ifi-apoyen-aumento-salarial-global\/","title":{"rendered":"El movimiento sindical internacional pide a las IFI que apoyen un aumento salarial global"},"content":{"rendered":"<p>En v\u00edsperas de las reuniones anuales del FMI y del Banco Mundial (Washington, 13-15 de octubre de 2017), la CSI y sus asociados en la Agrupaci\u00f3n Global Unions instan a las Instituciones Financieras Internacionales a que contribuyan a impulsar los ingresos de los trabajadores y trabajadoras en todo el mundo, apoyando el reforzamiento de los derechos de negociaci\u00f3n colectiva fuertemente debilitados y la expansi\u00f3n de la protecci\u00f3n social universal.<\/p>\n<p>La Secretaria General de la CSI, Sharan Burrow se\u00f1al\u00f3 que \u201cUn aumento salarial contribuir\u00eda considerablemente a revertir la reducci\u00f3n de la participaci\u00f3n del trabajo que se est\u00e1 registrando en muchos pa\u00edses, poner freno a la tendencia hacia crecientes desigualdades y aportar\u00eda el incremento de la demanda mundial necesaria para sostener la recuperaci\u00f3n econ\u00f3mica\u201d. Llam\u00f3 la atenci\u00f3n respecto a la afirmaci\u00f3n del Consejero Econ\u00f3mico del FMI, el 10 de octubre, de que la recuperaci\u00f3n mundial es incompleta debido al freno de la econom\u00eda global ocasionado por varios a\u00f1os de estancamiento de los salarios.<\/p>\n<p>Burrow indic\u00f3 que, aunque se prev\u00e9 que la mayor\u00eda de los pa\u00edses experimenten un crecimiento econ\u00f3mico positivo este a\u00f1o, muchos est\u00e1n muy lejos de haber alcanzado niveles aceptables de empleo e ingresos del trabajo. En particular, 34 econom\u00edas emergentes y en desarrollo, seg\u00fan las previsiones del FMI, registrar\u00e1n en 2017 un crecimiento negativo de los ingresos per c\u00e1pita.<\/p>\n<p>La Secretaria General de la CSI pidi\u00f3 al FMI que ponga fin a la promoci\u00f3n de la desregulaci\u00f3n del mercado de trabajo, un elemento que contribuye considerablemente a la desigualdad de ingresos, y que siga el ejemplo de la mayor\u00eda de las instituciones internacionales, incluyendo la OIT y el Banco Mundial, favoreciendo la protecci\u00f3n social universal.<\/p>\n<p>Burrow exhort\u00f3 a ambas instituciones a que redoblen esfuerzos encaminados a la igualdad de g\u00e9nero y una transici\u00f3n hacia una econom\u00eda sostenible, baja en carbono. Inst\u00f3 asimismo al Banco Mundial a poner fin a su inapropiada promoci\u00f3n de las asociaciones p\u00fablico-privadas, en lugar de unos servicios p\u00fablicos de calidad, a causa de su impacto en detrimento de las finanzas p\u00fablicas, el acceso a los servicios y las condiciones de trabajo.<\/p>\n<p>Burrow pidi\u00f3 adem\u00e1s al Banco Mundial que proceda con la implementaci\u00f3n de su nueva salvaguardia laboral, adoptada hace 14 meses, de manera que en todas las actividades financiadas por el Banco se respeten los derechos de los trabajadores\/as reconocidos internacionalmente.<\/p>\n","protected":false},"excerpt":{"rendered":"<p>En v\u00edsperas de las reuniones anuales del FMI y del Banco Mundial (Washington, 13-15 de octubre de 2017), la CSI y sus asociados en la Agrupaci\u00f3n Global Unions instan a las Instituciones Financieras Internacionales a que contribuyan a impulsar los&hellip;<\/p>\n","protected":false},"author":1347,"featured_media":536496,"comment_status":"closed","ping_status":"closed","sticky":false,"template":"","format":"standard","meta":{"footnotes":""},"categories":[149,81,39],"tags":[40981,7625,40980,40979],"class_list":["post-536492","post","type-post","status-publish","format-standard","has-post-thumbnail","hentry","category-comunicados-de-prensa","category-economia-es","category-internacional","tag-derechos-de-negociacion-colectiva","tag-derechos-laborales","tag-economia-sostenible","tag-proteccion-social-universal"],"yoast_head":"<!-- This site is optimized with the Yoast SEO plugin v27.1.1 - https:\/\/yoast.com\/product\/yoast-seo-wordpress\/ -->\n<title>El movimiento sindical internacional pide a las IFI que apoyen un aumento salarial global<\/title>\n<meta name=\"description\" content=\"En v\u00edsperas de las reuniones anuales del FMI y del Banco Mundial (Washington, 13-15 de octubre de 2017), la CSI y sus asociados en la Agrupaci\u00f3n Global\" \/>\n<meta name=\"robots\" content=\"index, follow, max-snippet:-1, max-image-preview:large, max-video-preview:-1\" \/>\n<link rel=\"canonical\" href=\"https:\/\/www.pressenza.com\/es\/2017\/10\/movimiento-sindical-internacional-pide-las-ifi-apoyen-aumento-salarial-global\/\" \/>\n<meta property=\"og:locale\" content=\"es_ES\" \/>\n<meta property=\"og:type\" content=\"article\" \/>\n<meta property=\"og:title\" content=\"El movimiento sindical internacional pide a las IFI que apoyen un aumento salarial global\" \/>\n<meta property=\"og:description\" content=\"En v\u00edsperas de las reuniones anuales del FMI y del Banco Mundial (Washington, 13-15 de octubre de 2017), la CSI y sus asociados en la Agrupaci\u00f3n Global\" \/>\n<meta property=\"og:url\" content=\"https:\/\/www.pressenza.com\/es\/2017\/10\/movimiento-sindical-internacional-pide-las-ifi-apoyen-aumento-salarial-global\/\" \/>\n<meta property=\"og:site_name\" content=\"Pressenza\" \/>\n<meta property=\"article:publisher\" content=\"https:\/\/www.facebook.com\/PressenzaItalia\" \/>\n<meta property=\"article:published_time\" content=\"2017-10-12T14:57:39+00:00\" \/>\n<meta property=\"og:image\" content=\"https:\/\/www.pressenza.com\/wp-content\/uploads\/2017\/10\/hombre-mayor.jpg\" \/>\n\t<meta property=\"og:image:width\" content=\"2048\" \/>\n\t<meta property=\"og:image:height\" content=\"1152\" \/>\n\t<meta property=\"og:image:type\" content=\"image\/jpeg\" \/>\n<meta name=\"author\" content=\"Confederaci\u00f3n Sindical Internacional\" \/>\n<meta name=\"twitter:card\" content=\"summary_large_image\" \/>\n<meta name=\"twitter:creator\" content=\"@PressenzaIPA\" \/>\n<meta name=\"twitter:site\" content=\"@PressenzaIPA\" \/>\n<meta name=\"twitter:label1\" content=\"Escrito por\" \/>\n\t<meta name=\"twitter:data1\" content=\"Confederaci\u00f3n Sindical Internacional\" \/>\n\t<meta name=\"twitter:label2\" content=\"Tiempo de lectura\" \/>\n\t<meta name=\"twitter:data2\" content=\"2 minutos\" \/>\n<script type=\"application\/ld+json\" class=\"yoast-schema-graph\">{\"@context\":\"https:\/\/schema.org\",\"@graph\":[{\"@type\":\"Article\",\"@id\":\"https:\/\/www.pressenza.com\/es\/2017\/10\/movimiento-sindical-internacional-pide-las-ifi-apoyen-aumento-salarial-global\/#article\",\"isPartOf\":{\"@id\":\"https:\/\/www.pressenza.com\/es\/2017\/10\/movimiento-sindical-internacional-pide-las-ifi-apoyen-aumento-salarial-global\/\"},\"author\":{\"name\":\"Confederaci\u00f3n Sindical Internacional\",\"@id\":\"https:\/\/www.pressenza.com\/es\/#\/schema\/person\/66fc09b3ce612866720bda7b88b41bf0\"},\"headline\":\"El movimiento sindical internacional pide a las IFI que apoyen un aumento salarial global\",\"datePublished\":\"2017-10-12T14:57:39+00:00\",\"mainEntityOfPage\":{\"@id\":\"https:\/\/www.pressenza.com\/es\/2017\/10\/movimiento-sindical-internacional-pide-las-ifi-apoyen-aumento-salarial-global\/\"},\"wordCount\":436,\"publisher\":{\"@id\":\"https:\/\/www.pressenza.com\/es\/#organization\"},\"image\":{\"@id\":\"https:\/\/www.pressenza.com\/es\/2017\/10\/movimiento-sindical-internacional-pide-las-ifi-apoyen-aumento-salarial-global\/#primaryimage\"},\"thumbnailUrl\":\"https:\/\/www.pressenza.com\/wp-content\/uploads\/2017\/10\/hombre-mayor.jpg\",\"keywords\":[\"derechos de negociaci\u00f3n colectiva\",\"Derechos laborales\",\"econom\u00eda sostenible\",\"protecci\u00f3n social universal\"],\"articleSection\":[\"Comunicados de Prensa\",\"Econom\u00eda\",\"Internacional\"],\"inLanguage\":\"es\"},{\"@type\":\"WebPage\",\"@id\":\"https:\/\/www.pressenza.com\/es\/2017\/10\/movimiento-sindical-internacional-pide-las-ifi-apoyen-aumento-salarial-global\/\",\"url\":\"https:\/\/www.pressenza.com\/es\/2017\/10\/movimiento-sindical-internacional-pide-las-ifi-apoyen-aumento-salarial-global\/\",\"name\":\"El movimiento sindical internacional pide a las IFI que apoyen un aumento salarial global\",\"isPartOf\":{\"@id\":\"https:\/\/www.pressenza.com\/es\/#website\"},\"primaryImageOfPage\":{\"@id\":\"https:\/\/www.pressenza.com\/es\/2017\/10\/movimiento-sindical-internacional-pide-las-ifi-apoyen-aumento-salarial-global\/#primaryimage\"},\"image\":{\"@id\":\"https:\/\/www.pressenza.com\/es\/2017\/10\/movimiento-sindical-internacional-pide-las-ifi-apoyen-aumento-salarial-global\/#primaryimage\"},\"thumbnailUrl\":\"https:\/\/www.pressenza.com\/wp-content\/uploads\/2017\/10\/hombre-mayor.jpg\",\"datePublished\":\"2017-10-12T14:57:39+00:00\",\"description\":\"En v\u00edsperas de las reuniones anuales del FMI y del Banco Mundial (Washington, 13-15 de octubre de 2017), la CSI y sus asociados en la Agrupaci\u00f3n Global\",\"breadcrumb\":{\"@id\":\"https:\/\/www.pressenza.com\/es\/2017\/10\/movimiento-sindical-internacional-pide-las-ifi-apoyen-aumento-salarial-global\/#breadcrumb\"},\"inLanguage\":\"es\",\"potentialAction\":[{\"@type\":\"ReadAction\",\"target\":[\"https:\/\/www.pressenza.com\/es\/2017\/10\/movimiento-sindical-internacional-pide-las-ifi-apoyen-aumento-salarial-global\/\"]}]},{\"@type\":\"ImageObject\",\"inLanguage\":\"es\",\"@id\":\"https:\/\/www.pressenza.com\/es\/2017\/10\/movimiento-sindical-internacional-pide-las-ifi-apoyen-aumento-salarial-global\/#primaryimage\",\"url\":\"https:\/\/www.pressenza.com\/wp-content\/uploads\/2017\/10\/hombre-mayor.jpg\",\"contentUrl\":\"https:\/\/www.pressenza.com\/wp-content\/uploads\/2017\/10\/hombre-mayor.jpg\",\"width\":2048,\"height\":1152},{\"@type\":\"BreadcrumbList\",\"@id\":\"https:\/\/www.pressenza.com\/es\/2017\/10\/movimiento-sindical-internacional-pide-las-ifi-apoyen-aumento-salarial-global\/#breadcrumb\",\"itemListElement\":[{\"@type\":\"ListItem\",\"position\":1,\"name\":\"Accueil\",\"item\":\"https:\/\/www.pressenza.com\/es\/\"},{\"@type\":\"ListItem\",\"position\":2,\"name\":\"El movimiento sindical internacional pide a las IFI que apoyen un aumento salarial global\"}]},{\"@type\":\"WebSite\",\"@id\":\"https:\/\/www.pressenza.com\/es\/#website\",\"url\":\"https:\/\/www.pressenza.com\/es\/\",\"name\":\"Pressenza\",\"description\":\"International Press Agency\",\"publisher\":{\"@id\":\"https:\/\/www.pressenza.com\/es\/#organization\"},\"potentialAction\":[{\"@type\":\"SearchAction\",\"target\":{\"@type\":\"EntryPoint\",\"urlTemplate\":\"https:\/\/www.pressenza.com\/es\/?s={search_term_string}\"},\"query-input\":{\"@type\":\"PropertyValueSpecification\",\"valueRequired\":true,\"valueName\":\"search_term_string\"}}],\"inLanguage\":\"es\"},{\"@type\":\"Organization\",\"@id\":\"https:\/\/www.pressenza.com\/es\/#organization\",\"name\":\"Pressenza\",\"url\":\"https:\/\/www.pressenza.com\/es\/\",\"logo\":{\"@type\":\"ImageObject\",\"inLanguage\":\"es\",\"@id\":\"https:\/\/www.pressenza.com\/es\/#\/schema\/logo\/image\/\",\"url\":\"https:\/\/www.pressenza.com\/wp-content\/uploads\/2022\/10\/pressenza_logo_200x200.jpg\",\"contentUrl\":\"https:\/\/www.pressenza.com\/wp-content\/uploads\/2022\/10\/pressenza_logo_200x200.jpg\",\"width\":200,\"height\":200,\"caption\":\"Pressenza\"},\"image\":{\"@id\":\"https:\/\/www.pressenza.com\/es\/#\/schema\/logo\/image\/\"},\"sameAs\":[\"https:\/\/www.facebook.com\/PressenzaItalia\",\"https:\/\/x.com\/PressenzaIPA\"]},{\"@type\":\"Person\",\"@id\":\"https:\/\/www.pressenza.com\/es\/#\/schema\/person\/66fc09b3ce612866720bda7b88b41bf0\",\"name\":\"Confederaci\u00f3n Sindical Internacional\",\"sameAs\":[\"http:\/\/www.ituc-csi.org\"],\"url\":\"https:\/\/www.pressenza.com\/es\/author\/confederacion-sindical-internacional\/\"}]}<\/script>\n<!-- \/ Yoast SEO plugin. -->","yoast_head_json":{"title":"El movimiento sindical internacional pide a las IFI que apoyen un aumento salarial global","description":"En v\u00edsperas de las reuniones anuales del FMI y del Banco Mundial (Washington, 13-15 de octubre de 2017), la CSI y sus asociados en la Agrupaci\u00f3n Global","robots":{"index":"index","follow":"follow","max-snippet":"max-snippet:-1","max-image-preview":"max-image-preview:large","max-video-preview":"max-video-preview:-1"},"canonical":"https:\/\/www.pressenza.com\/es\/2017\/10\/movimiento-sindical-internacional-pide-las-ifi-apoyen-aumento-salarial-global\/","og_locale":"es_ES","og_type":"article","og_title":"El movimiento sindical internacional pide a las IFI que apoyen un aumento salarial global","og_description":"En v\u00edsperas de las reuniones anuales del FMI y del Banco Mundial (Washington, 13-15 de octubre de 2017), la CSI y sus asociados en la Agrupaci\u00f3n Global","og_url":"https:\/\/www.pressenza.com\/es\/2017\/10\/movimiento-sindical-internacional-pide-las-ifi-apoyen-aumento-salarial-global\/","og_site_name":"Pressenza","article_publisher":"https:\/\/www.facebook.com\/PressenzaItalia","article_published_time":"2017-10-12T14:57:39+00:00","og_image":[{"width":2048,"height":1152,"url":"https:\/\/www.pressenza.com\/wp-content\/uploads\/2017\/10\/hombre-mayor.jpg","type":"image\/jpeg"}],"author":"Confederaci\u00f3n Sindical Internacional","twitter_card":"summary_large_image","twitter_creator":"@PressenzaIPA","twitter_site":"@PressenzaIPA","twitter_misc":{"Escrito por":"Confederaci\u00f3n Sindical Internacional","Tiempo de lectura":"2 minutos"},"schema":{"@context":"https:\/\/schema.org","@graph":[{"@type":"Article","@id":"https:\/\/www.pressenza.com\/es\/2017\/10\/movimiento-sindical-internacional-pide-las-ifi-apoyen-aumento-salarial-global\/#article","isPartOf":{"@id":"https:\/\/www.pressenza.com\/es\/2017\/10\/movimiento-sindical-internacional-pide-las-ifi-apoyen-aumento-salarial-global\/"},"author":{"name":"Confederaci\u00f3n Sindical Internacional","@id":"https:\/\/www.pressenza.com\/es\/#\/schema\/person\/66fc09b3ce612866720bda7b88b41bf0"},"headline":"El movimiento sindical internacional pide a las IFI que apoyen un aumento salarial global","datePublished":"2017-10-12T14:57:39+00:00","mainEntityOfPage":{"@id":"https:\/\/www.pressenza.com\/es\/2017\/10\/movimiento-sindical-internacional-pide-las-ifi-apoyen-aumento-salarial-global\/"},"wordCount":436,"publisher":{"@id":"https:\/\/www.pressenza.com\/es\/#organization"},"image":{"@id":"https:\/\/www.pressenza.com\/es\/2017\/10\/movimiento-sindical-internacional-pide-las-ifi-apoyen-aumento-salarial-global\/#primaryimage"},"thumbnailUrl":"https:\/\/www.pressenza.com\/wp-content\/uploads\/2017\/10\/hombre-mayor.jpg","keywords":["derechos de negociaci\u00f3n colectiva","Derechos laborales","econom\u00eda sostenible","protecci\u00f3n social universal"],"articleSection":["Comunicados de Prensa","Econom\u00eda","Internacional"],"inLanguage":"es"},{"@type":"WebPage","@id":"https:\/\/www.pressenza.com\/es\/2017\/10\/movimiento-sindical-internacional-pide-las-ifi-apoyen-aumento-salarial-global\/","url":"https:\/\/www.pressenza.com\/es\/2017\/10\/movimiento-sindical-internacional-pide-las-ifi-apoyen-aumento-salarial-global\/","name":"El movimiento sindical internacional pide a las IFI que apoyen un aumento salarial global","isPartOf":{"@id":"https:\/\/www.pressenza.com\/es\/#website"},"primaryImageOfPage":{"@id":"https:\/\/www.pressenza.com\/es\/2017\/10\/movimiento-sindical-internacional-pide-las-ifi-apoyen-aumento-salarial-global\/#primaryimage"},"image":{"@id":"https:\/\/www.pressenza.com\/es\/2017\/10\/movimiento-sindical-internacional-pide-las-ifi-apoyen-aumento-salarial-global\/#primaryimage"},"thumbnailUrl":"https:\/\/www.pressenza.com\/wp-content\/uploads\/2017\/10\/hombre-mayor.jpg","datePublished":"2017-10-12T14:57:39+00:00","description":"En v\u00edsperas de las reuniones anuales del FMI y del Banco Mundial (Washington, 13-15 de octubre de 2017), la CSI y sus asociados en la Agrupaci\u00f3n Global","breadcrumb":{"@id":"https:\/\/www.pressenza.com\/es\/2017\/10\/movimiento-sindical-internacional-pide-las-ifi-apoyen-aumento-salarial-global\/#breadcrumb"},"inLanguage":"es","potentialAction":[{"@type":"ReadAction","target":["https:\/\/www.pressenza.com\/es\/2017\/10\/movimiento-sindical-internacional-pide-las-ifi-apoyen-aumento-salarial-global\/"]}]},{"@type":"ImageObject","inLanguage":"es","@id":"https:\/\/www.pressenza.com\/es\/2017\/10\/movimiento-sindical-internacional-pide-las-ifi-apoyen-aumento-salarial-global\/#primaryimage","url":"https:\/\/www.pressenza.com\/wp-content\/uploads\/2017\/10\/hombre-mayor.jpg","contentUrl":"https:\/\/www.pressenza.com\/wp-content\/uploads\/2017\/10\/hombre-mayor.jpg","width":2048,"height":1152},{"@type":"BreadcrumbList","@id":"https:\/\/www.pressenza.com\/es\/2017\/10\/movimiento-sindical-internacional-pide-las-ifi-apoyen-aumento-salarial-global\/#breadcrumb","itemListElement":[{"@type":"ListItem","position":1,"name":"Accueil","item":"https:\/\/www.pressenza.com\/es\/"},{"@type":"ListItem","position":2,"name":"El movimiento sindical internacional pide a las IFI que apoyen un aumento salarial global"}]},{"@type":"WebSite","@id":"https:\/\/www.pressenza.com\/es\/#website","url":"https:\/\/www.pressenza.com\/es\/","name":"Pressenza","description":"International Press Agency","publisher":{"@id":"https:\/\/www.pressenza.com\/es\/#organization"},"potentialAction":[{"@type":"SearchAction","target":{"@type":"EntryPoint","urlTemplate":"https:\/\/www.pressenza.com\/es\/?s={search_term_string}"},"query-input":{"@type":"PropertyValueSpecification","valueRequired":true,"valueName":"search_term_string"}}],"inLanguage":"es"},{"@type":"Organization","@id":"https:\/\/www.pressenza.com\/es\/#organization","name":"Pressenza","url":"https:\/\/www.pressenza.com\/es\/","logo":{"@type":"ImageObject","inLanguage":"es","@id":"https:\/\/www.pressenza.com\/es\/#\/schema\/logo\/image\/","url":"https:\/\/www.pressenza.com\/wp-content\/uploads\/2022\/10\/pressenza_logo_200x200.jpg","contentUrl":"https:\/\/www.pressenza.com\/wp-content\/uploads\/2022\/10\/pressenza_logo_200x200.jpg","width":200,"height":200,"caption":"Pressenza"},"image":{"@id":"https:\/\/www.pressenza.com\/es\/#\/schema\/logo\/image\/"},"sameAs":["https:\/\/www.facebook.com\/PressenzaItalia","https:\/\/x.com\/PressenzaIPA"]},{"@type":"Person","@id":"https:\/\/www.pressenza.com\/es\/#\/schema\/person\/66fc09b3ce612866720bda7b88b41bf0","name":"Confederaci\u00f3n Sindical Internacional","sameAs":["http:\/\/www.ituc-csi.org"],"url":"https:\/\/www.pressenza.com\/es\/author\/confederacion-sindical-internacional\/"}]}},"place":"Ginebra, Suiza","original_article_url":"","_links":{"self":[{"href":"https:\/\/www.pressenza.com\/es\/wp-json\/wp\/v2\/posts\/536492","targetHints":{"allow":["GET"]}}],"collection":[{"href":"https:\/\/www.pressenza.com\/es\/wp-json\/wp\/v2\/posts"}],"about":[{"href":"https:\/\/www.pressenza.com\/es\/wp-json\/wp\/v2\/types\/post"}],"author":[{"embeddable":true,"href":"https:\/\/www.pressenza.com\/es\/wp-json\/wp\/v2\/users\/1347"}],"replies":[{"embeddable":true,"href":"https:\/\/www.pressenza.com\/es\/wp-json\/wp\/v2\/comments?post=536492"}],"version-history":[{"count":0,"href":"https:\/\/www.pressenza.com\/es\/wp-json\/wp\/v2\/posts\/536492\/revisions"}],"wp:featuredmedia":[{"embeddable":true,"href":"https:\/\/www.pressenza.com\/es\/wp-json\/wp\/v2\/media\/536496"}],"wp:attachment":[{"href":"https:\/\/www.pressenza.com\/es\/wp-json\/wp\/v2\/media?parent=536492"}],"wp:term":[{"taxonomy":"category","embeddable":true,"href":"https:\/\/www.pressenza.com\/es\/wp-json\/wp\/v2\/categories?post=536492"},{"taxonomy":"post_tag","embeddable":true,"href":"https:\/\/www.pressenza.com\/es\/wp-json\/wp\/v2\/tags?post=536492"}],"curies":[{"name":"wp","href":"https:\/\/api.w.org\/{rel}","templated":true}]}}