{"id":53590,"date":"2013-05-25T00:15:15","date_gmt":"2013-05-24T23:15:15","guid":{"rendered":"http:\/\/www.pressenza.com\/?p=53590"},"modified":"2013-05-25T00:15:15","modified_gmt":"2013-05-24T23:15:15","slug":"pascua-lama-paralizan-obras-por-graves-incumplimientos-ambientales","status":"publish","type":"post","link":"https:\/\/www.pressenza.com\/es\/2013\/05\/pascua-lama-paralizan-obras-por-graves-incumplimientos-ambientales\/","title":{"rendered":"Pascua Lama: Paralizan obras por graves incumplimientos ambientales"},"content":{"rendered":"<p style=\"text-align: justify;\">El <strong>Superintendente del Medio Ambiente<\/strong> (S), Juan Carlos Monckeberg Fern\u00e1ndez, procedi\u00f3 hoy a sancionar a Compa\u00f1\u00eda Minera Nevada SpA \u2013<strong>subsidiaria de Barrick Gold<\/strong>-, titular del proyecto Pascua Lama en Chile, debido a<strong> incumplimientos<\/strong> a su Resoluci\u00f3n de Calificaci\u00f3n Ambiental (RCA), obtenida en 2006.<\/p>\n<p style=\"text-align: justify;\">La sanci\u00f3n aplicada corresponde a una multa de <strong>16.000 Unidades Tributarias Anuales<\/strong> (UTA), equivalentes a casi <strong>$ 8.000 millones de pesos<\/strong>, a beneficio fiscal. <strong>Esta sanci\u00f3n se aplica por la existencia de un incumplimiento grav\u00edsimo y cuatro incumplimientos graves<\/strong>, seg\u00fan la graduaci\u00f3n establecida en la Ley Org\u00e1nica de la Superintendencia. Los cargos en virtud de los cuales se aplican las sanciones son los siguientes:<\/p>\n<p style=\"text-align: justify;\">a) El incumplimiento de las normas, condiciones y medidas establecidas en su RCA, la que fue clasificada como grav\u00edsima y por la cual se curs\u00f3 una multa de 10.000 UTA. \u00c9ste se relaciona con no haber construido obras asociadas al sistema de manejo de aguas de contacto y no contacto, que deb\u00edan estar implementadas en forma previa a las faenas de excavaci\u00f3n.<\/p>\n<p style=\"text-align: justify;\">b) El incumplimiento de Resoluci\u00f3n Exenta N\u00b0 107, que orden\u00f3 la adopci\u00f3n de medidas provisionales de correcci\u00f3n, seguridad y control. Este incumplimiento fue clasificado como grave y es objeto de una sanci\u00f3n de 3.500 UTA.<\/p>\n<p style=\"text-align: justify;\">c) El incumplimiento de Resoluci\u00f3n Exenta N\u00b0 574 que requiri\u00f3 informaci\u00f3n a los titulares de RCA, calificado como grave, que deriv\u00f3 en una sanci\u00f3n de 500 UTA.<\/p>\n<p style=\"text-align: justify;\">d) El incumplimiento de Resoluci\u00f3n Exenta N\u00b0 37, que dict\u00f3 e instruy\u00f3 norma de car\u00e1cter general sobre entidades de inspecci\u00f3n ambiental y validez de reportes. Este incumplimiento de car\u00e1cter grave fue sancionado con 1.000 UTA.<\/p>\n<p style=\"text-align: justify;\">e) El incumplimiento del Requerimiento de Informaci\u00f3n solicitado en el Acta de Inspecci\u00f3n Ambiental realizado por funcionarios de esta Superintendencia, fue calificado como grave y objeto de una multa de 1.000 UTA.<\/p>\n<p style=\"text-align: justify;\">A la sanci\u00f3n, se suma la adopci\u00f3n de medidas urgentes y transitorias, estableciendo la paralizaci\u00f3n de las actividades de construcci\u00f3n de Pascua Lama, mientras la empresa no ejecute el sistema de manejo de aguas en la forma prevista en su RCA.<\/p>\n<p style=\"text-align: justify;\">Adem\u00e1s de lo anterior, y a objeto de evitar da\u00f1os al medio ambiente, la Superintendencia instruy\u00f3 a la minera que construya obras de captaci\u00f3n, transporte y descarga al estanque de sedimentaci\u00f3n norte de la mina, las cuales ser\u00e1n de car\u00e1cter transitorio, mientras se implementan las obras definitivas.<\/p>\n<p style=\"text-align: justify;\">\u201cEs importante recalcar que estamos realizando fiscalizaciones muy acuciosas. En este caso, la empresa present\u00f3 una autodenuncia, la cual no fue acogida porque nos encontramos con que los hechos descritos no eran precisos, ver\u00eddicos ni comprobables. Adem\u00e1s, exist\u00edan otros incumplimientos por parte de Pascua Lama a su RCA, lo que dio inicio a este procedimiento sancionatorio\u201d, afirm\u00f3 el Superintendente (S) del Medio Ambiente, Juan Carlos Monckeberg.<\/p>\n<p style=\"text-align: justify;\">Cabe destacar que la fiscalizaci\u00f3n a este proyecto fue multidisciplinaria, realizada por profesionales de la SMA, junto a fiscalizadores de la regi\u00f3n de Atacama del Servicio Agr\u00edcola y Ganadero (SAG), Servicio Nacional de Geolog\u00eda y Miner\u00eda (Sernageomin), y de la Direcci\u00f3n General de Aguas (DGA).<\/p>\n<p style=\"text-align: justify;\">Esta es la primera multa cursada por la SMA desde la entrada en vigencia de sus facultades de fiscalizaci\u00f3n y sanci\u00f3n, ocurrida el 28 de diciembre de 2012.<\/p>\n<p style=\"text-align: justify;\">Esta multa cursada por la Superintendencia puede ser recurrida por el infractor, a trav\u00e9s de un recurso de reposici\u00f3n, presentado dentro de cinco d\u00edas h\u00e1biles ante el Superintendente. Tambi\u00e9n, procede el reclamo de ilegalidad ante el Tribunal Ambiental, dentro del plazo de quince d\u00edas h\u00e1biles.<\/p>\n<p style=\"text-align: justify;\">Si el infractor no interpone reclamo de ilegalidad ante el Tribunal y paga la respectiva multa en la Tesorer\u00eda General de la Rep\u00fablica, dentro de cinco d\u00edas h\u00e1biles, se reduce un 25% el valor de la multa.<\/p>\n<p style=\"text-align: justify;\">Al ser el infractor una persona jur\u00eddica, las personas naturales que la representen legalmente o que act\u00faen en su nombre ser\u00e1n subsidiariamente responsables del pago de dicha multa.<\/p>\n","protected":false},"excerpt":{"rendered":"<p>El Superintendente del Medio Ambiente (S), Juan Carlos Monckeberg Fern\u00e1ndez, procedi\u00f3 hoy a sancionar a Compa\u00f1\u00eda Minera Nevada SpA \u2013subsidiaria de Barrick Gold-, titular del proyecto Pascua Lama en Chile, debido a incumplimientos a su Resoluci\u00f3n de Calificaci\u00f3n Ambiental (RCA),&hellip;<\/p>\n","protected":false},"author":616,"featured_media":53591,"comment_status":"closed","ping_status":"open","sticky":false,"template":"","format":"standard","meta":{"footnotes":""},"categories":[78,67],"tags":[],"class_list":["post-53590","post","type-post","status-publish","format-standard","has-post-thumbnail","hentry","category-medio-ambiente-ecologia","category-sudamerica"],"yoast_head":"<!-- This site is optimized with the Yoast SEO plugin v27.1.1 - https:\/\/yoast.com\/product\/yoast-seo-wordpress\/ -->\n<title>Pascua Lama: Paralizan obras por graves incumplimientos ambientales<\/title>\n<meta name=\"description\" content=\"El Superintendente del Medio Ambiente (S), Juan Carlos Monckeberg Fern\u00e1ndez, procedi\u00f3 hoy a sancionar a Compa\u00f1\u00eda Minera Nevada SpA \u2013subsidiaria de Barrick\" \/>\n<meta name=\"robots\" content=\"index, follow, max-snippet:-1, max-image-preview:large, max-video-preview:-1\" \/>\n<link rel=\"canonical\" href=\"https:\/\/www.pressenza.com\/es\/2013\/05\/pascua-lama-paralizan-obras-por-graves-incumplimientos-ambientales\/\" \/>\n<meta property=\"og:locale\" content=\"es_ES\" \/>\n<meta property=\"og:type\" content=\"article\" \/>\n<meta property=\"og:title\" content=\"Pascua Lama: Paralizan obras por graves incumplimientos ambientales\" \/>\n<meta property=\"og:description\" content=\"El Superintendente del Medio Ambiente (S), Juan Carlos Monckeberg Fern\u00e1ndez, procedi\u00f3 hoy a sancionar a Compa\u00f1\u00eda Minera Nevada SpA \u2013subsidiaria de Barrick\" \/>\n<meta property=\"og:url\" content=\"https:\/\/www.pressenza.com\/es\/2013\/05\/pascua-lama-paralizan-obras-por-graves-incumplimientos-ambientales\/\" \/>\n<meta property=\"og:site_name\" content=\"Pressenza\" \/>\n<meta property=\"article:publisher\" content=\"https:\/\/www.facebook.com\/PressenzaItalia\" \/>\n<meta property=\"article:published_time\" content=\"2013-05-24T23:15:15+00:00\" \/>\n<meta property=\"og:image\" content=\"https:\/\/www.pressenza.com\/wp-content\/uploads\/2013\/05\/9.pascua-lama.jpg\" \/>\n\t<meta property=\"og:image:width\" content=\"620\" \/>\n\t<meta property=\"og:image:height\" content=\"465\" \/>\n\t<meta property=\"og:image:type\" content=\"image\/jpeg\" \/>\n<meta name=\"author\" content=\"El Ciudadano\" \/>\n<meta name=\"twitter:card\" content=\"summary_large_image\" \/>\n<meta name=\"twitter:creator\" content=\"@PressenzaIPA\" \/>\n<meta name=\"twitter:site\" content=\"@PressenzaIPA\" \/>\n<meta name=\"twitter:label1\" content=\"Escrito por\" \/>\n\t<meta name=\"twitter:data1\" content=\"El Ciudadano\" \/>\n\t<meta name=\"twitter:label2\" content=\"Tiempo de lectura\" \/>\n\t<meta name=\"twitter:data2\" content=\"3 minutos\" \/>\n<script type=\"application\/ld+json\" class=\"yoast-schema-graph\">{\"@context\":\"https:\/\/schema.org\",\"@graph\":[{\"@type\":\"Article\",\"@id\":\"https:\/\/www.pressenza.com\/es\/2013\/05\/pascua-lama-paralizan-obras-por-graves-incumplimientos-ambientales\/#article\",\"isPartOf\":{\"@id\":\"https:\/\/www.pressenza.com\/es\/2013\/05\/pascua-lama-paralizan-obras-por-graves-incumplimientos-ambientales\/\"},\"author\":{\"name\":\"El Ciudadano\",\"@id\":\"https:\/\/www.pressenza.com\/es\/#\/schema\/person\/6522eecb4cd68e074b27e251e4b04ef8\"},\"headline\":\"Pascua Lama: Paralizan obras por graves incumplimientos ambientales\",\"datePublished\":\"2013-05-24T23:15:15+00:00\",\"mainEntityOfPage\":{\"@id\":\"https:\/\/www.pressenza.com\/es\/2013\/05\/pascua-lama-paralizan-obras-por-graves-incumplimientos-ambientales\/\"},\"wordCount\":689,\"publisher\":{\"@id\":\"https:\/\/www.pressenza.com\/es\/#organization\"},\"image\":{\"@id\":\"https:\/\/www.pressenza.com\/es\/2013\/05\/pascua-lama-paralizan-obras-por-graves-incumplimientos-ambientales\/#primaryimage\"},\"thumbnailUrl\":\"https:\/\/www.pressenza.com\/wp-content\/uploads\/2013\/05\/9.pascua-lama.jpg\",\"articleSection\":[\"Ecolog\u00eda y Medio Ambiente\",\"Sudam\u00e9rica\"],\"inLanguage\":\"es\"},{\"@type\":\"WebPage\",\"@id\":\"https:\/\/www.pressenza.com\/es\/2013\/05\/pascua-lama-paralizan-obras-por-graves-incumplimientos-ambientales\/\",\"url\":\"https:\/\/www.pressenza.com\/es\/2013\/05\/pascua-lama-paralizan-obras-por-graves-incumplimientos-ambientales\/\",\"name\":\"Pascua Lama: Paralizan obras por graves incumplimientos ambientales\",\"isPartOf\":{\"@id\":\"https:\/\/www.pressenza.com\/es\/#website\"},\"primaryImageOfPage\":{\"@id\":\"https:\/\/www.pressenza.com\/es\/2013\/05\/pascua-lama-paralizan-obras-por-graves-incumplimientos-ambientales\/#primaryimage\"},\"image\":{\"@id\":\"https:\/\/www.pressenza.com\/es\/2013\/05\/pascua-lama-paralizan-obras-por-graves-incumplimientos-ambientales\/#primaryimage\"},\"thumbnailUrl\":\"https:\/\/www.pressenza.com\/wp-content\/uploads\/2013\/05\/9.pascua-lama.jpg\",\"datePublished\":\"2013-05-24T23:15:15+00:00\",\"description\":\"El Superintendente del Medio Ambiente (S), Juan Carlos Monckeberg Fern\u00e1ndez, procedi\u00f3 hoy a sancionar a Compa\u00f1\u00eda Minera Nevada SpA \u2013subsidiaria de Barrick\",\"breadcrumb\":{\"@id\":\"https:\/\/www.pressenza.com\/es\/2013\/05\/pascua-lama-paralizan-obras-por-graves-incumplimientos-ambientales\/#breadcrumb\"},\"inLanguage\":\"es\",\"potentialAction\":[{\"@type\":\"ReadAction\",\"target\":[\"https:\/\/www.pressenza.com\/es\/2013\/05\/pascua-lama-paralizan-obras-por-graves-incumplimientos-ambientales\/\"]}]},{\"@type\":\"ImageObject\",\"inLanguage\":\"es\",\"@id\":\"https:\/\/www.pressenza.com\/es\/2013\/05\/pascua-lama-paralizan-obras-por-graves-incumplimientos-ambientales\/#primaryimage\",\"url\":\"https:\/\/www.pressenza.com\/wp-content\/uploads\/2013\/05\/9.pascua-lama.jpg\",\"contentUrl\":\"https:\/\/www.pressenza.com\/wp-content\/uploads\/2013\/05\/9.pascua-lama.jpg\",\"width\":620,\"height\":465},{\"@type\":\"BreadcrumbList\",\"@id\":\"https:\/\/www.pressenza.com\/es\/2013\/05\/pascua-lama-paralizan-obras-por-graves-incumplimientos-ambientales\/#breadcrumb\",\"itemListElement\":[{\"@type\":\"ListItem\",\"position\":1,\"name\":\"Accueil\",\"item\":\"https:\/\/www.pressenza.com\/es\/\"},{\"@type\":\"ListItem\",\"position\":2,\"name\":\"Pascua Lama: Paralizan obras por graves incumplimientos ambientales\"}]},{\"@type\":\"WebSite\",\"@id\":\"https:\/\/www.pressenza.com\/es\/#website\",\"url\":\"https:\/\/www.pressenza.com\/es\/\",\"name\":\"Pressenza\",\"description\":\"International Press Agency\",\"publisher\":{\"@id\":\"https:\/\/www.pressenza.com\/es\/#organization\"},\"potentialAction\":[{\"@type\":\"SearchAction\",\"target\":{\"@type\":\"EntryPoint\",\"urlTemplate\":\"https:\/\/www.pressenza.com\/es\/?s={search_term_string}\"},\"query-input\":{\"@type\":\"PropertyValueSpecification\",\"valueRequired\":true,\"valueName\":\"search_term_string\"}}],\"inLanguage\":\"es\"},{\"@type\":\"Organization\",\"@id\":\"https:\/\/www.pressenza.com\/es\/#organization\",\"name\":\"Pressenza\",\"url\":\"https:\/\/www.pressenza.com\/es\/\",\"logo\":{\"@type\":\"ImageObject\",\"inLanguage\":\"es\",\"@id\":\"https:\/\/www.pressenza.com\/es\/#\/schema\/logo\/image\/\",\"url\":\"https:\/\/www.pressenza.com\/wp-content\/uploads\/2022\/10\/pressenza_logo_200x200.jpg\",\"contentUrl\":\"https:\/\/www.pressenza.com\/wp-content\/uploads\/2022\/10\/pressenza_logo_200x200.jpg\",\"width\":200,\"height\":200,\"caption\":\"Pressenza\"},\"image\":{\"@id\":\"https:\/\/www.pressenza.com\/es\/#\/schema\/logo\/image\/\"},\"sameAs\":[\"https:\/\/www.facebook.com\/PressenzaItalia\",\"https:\/\/x.com\/PressenzaIPA\"]},{\"@type\":\"Person\",\"@id\":\"https:\/\/www.pressenza.com\/es\/#\/schema\/person\/6522eecb4cd68e074b27e251e4b04ef8\",\"name\":\"El Ciudadano\",\"description\":\"El Ciudadano es un medio de comunicaci\u00f3n de circulaci\u00f3n mensual en papel y de funcionamiento diario en la web. Forma parte de la Red de Medios de los Pueblos por lo que se declara como un medio del Tercer Sector para romper el cerco informativo. El Ciudadano es una publicaci\u00f3n que busca elevar desde lo local a lo global las demandas de la organizaci\u00f3n social chilena como tambi\u00e9n promover la acci\u00f3n directa de la ciudadan\u00eda por su derecho a autodeterminaci\u00f3n. elciudadano.cl\",\"url\":\"https:\/\/www.pressenza.com\/es\/author\/el-ciudadano\/\"}]}<\/script>\n<!-- \/ Yoast SEO plugin. -->","yoast_head_json":{"title":"Pascua Lama: Paralizan obras por graves incumplimientos ambientales","description":"El Superintendente del Medio Ambiente (S), Juan Carlos Monckeberg Fern\u00e1ndez, procedi\u00f3 hoy a sancionar a Compa\u00f1\u00eda Minera Nevada SpA \u2013subsidiaria de Barrick","robots":{"index":"index","follow":"follow","max-snippet":"max-snippet:-1","max-image-preview":"max-image-preview:large","max-video-preview":"max-video-preview:-1"},"canonical":"https:\/\/www.pressenza.com\/es\/2013\/05\/pascua-lama-paralizan-obras-por-graves-incumplimientos-ambientales\/","og_locale":"es_ES","og_type":"article","og_title":"Pascua Lama: Paralizan obras por graves incumplimientos ambientales","og_description":"El Superintendente del Medio Ambiente (S), Juan Carlos Monckeberg Fern\u00e1ndez, procedi\u00f3 hoy a sancionar a Compa\u00f1\u00eda Minera Nevada SpA \u2013subsidiaria de Barrick","og_url":"https:\/\/www.pressenza.com\/es\/2013\/05\/pascua-lama-paralizan-obras-por-graves-incumplimientos-ambientales\/","og_site_name":"Pressenza","article_publisher":"https:\/\/www.facebook.com\/PressenzaItalia","article_published_time":"2013-05-24T23:15:15+00:00","og_image":[{"width":620,"height":465,"url":"https:\/\/www.pressenza.com\/wp-content\/uploads\/2013\/05\/9.pascua-lama.jpg","type":"image\/jpeg"}],"author":"El Ciudadano","twitter_card":"summary_large_image","twitter_creator":"@PressenzaIPA","twitter_site":"@PressenzaIPA","twitter_misc":{"Escrito por":"El Ciudadano","Tiempo de lectura":"3 minutos"},"schema":{"@context":"https:\/\/schema.org","@graph":[{"@type":"Article","@id":"https:\/\/www.pressenza.com\/es\/2013\/05\/pascua-lama-paralizan-obras-por-graves-incumplimientos-ambientales\/#article","isPartOf":{"@id":"https:\/\/www.pressenza.com\/es\/2013\/05\/pascua-lama-paralizan-obras-por-graves-incumplimientos-ambientales\/"},"author":{"name":"El Ciudadano","@id":"https:\/\/www.pressenza.com\/es\/#\/schema\/person\/6522eecb4cd68e074b27e251e4b04ef8"},"headline":"Pascua Lama: Paralizan obras por graves incumplimientos ambientales","datePublished":"2013-05-24T23:15:15+00:00","mainEntityOfPage":{"@id":"https:\/\/www.pressenza.com\/es\/2013\/05\/pascua-lama-paralizan-obras-por-graves-incumplimientos-ambientales\/"},"wordCount":689,"publisher":{"@id":"https:\/\/www.pressenza.com\/es\/#organization"},"image":{"@id":"https:\/\/www.pressenza.com\/es\/2013\/05\/pascua-lama-paralizan-obras-por-graves-incumplimientos-ambientales\/#primaryimage"},"thumbnailUrl":"https:\/\/www.pressenza.com\/wp-content\/uploads\/2013\/05\/9.pascua-lama.jpg","articleSection":["Ecolog\u00eda y Medio Ambiente","Sudam\u00e9rica"],"inLanguage":"es"},{"@type":"WebPage","@id":"https:\/\/www.pressenza.com\/es\/2013\/05\/pascua-lama-paralizan-obras-por-graves-incumplimientos-ambientales\/","url":"https:\/\/www.pressenza.com\/es\/2013\/05\/pascua-lama-paralizan-obras-por-graves-incumplimientos-ambientales\/","name":"Pascua Lama: Paralizan obras por graves incumplimientos ambientales","isPartOf":{"@id":"https:\/\/www.pressenza.com\/es\/#website"},"primaryImageOfPage":{"@id":"https:\/\/www.pressenza.com\/es\/2013\/05\/pascua-lama-paralizan-obras-por-graves-incumplimientos-ambientales\/#primaryimage"},"image":{"@id":"https:\/\/www.pressenza.com\/es\/2013\/05\/pascua-lama-paralizan-obras-por-graves-incumplimientos-ambientales\/#primaryimage"},"thumbnailUrl":"https:\/\/www.pressenza.com\/wp-content\/uploads\/2013\/05\/9.pascua-lama.jpg","datePublished":"2013-05-24T23:15:15+00:00","description":"El Superintendente del Medio Ambiente (S), Juan Carlos Monckeberg Fern\u00e1ndez, procedi\u00f3 hoy a sancionar a Compa\u00f1\u00eda Minera Nevada SpA \u2013subsidiaria de Barrick","breadcrumb":{"@id":"https:\/\/www.pressenza.com\/es\/2013\/05\/pascua-lama-paralizan-obras-por-graves-incumplimientos-ambientales\/#breadcrumb"},"inLanguage":"es","potentialAction":[{"@type":"ReadAction","target":["https:\/\/www.pressenza.com\/es\/2013\/05\/pascua-lama-paralizan-obras-por-graves-incumplimientos-ambientales\/"]}]},{"@type":"ImageObject","inLanguage":"es","@id":"https:\/\/www.pressenza.com\/es\/2013\/05\/pascua-lama-paralizan-obras-por-graves-incumplimientos-ambientales\/#primaryimage","url":"https:\/\/www.pressenza.com\/wp-content\/uploads\/2013\/05\/9.pascua-lama.jpg","contentUrl":"https:\/\/www.pressenza.com\/wp-content\/uploads\/2013\/05\/9.pascua-lama.jpg","width":620,"height":465},{"@type":"BreadcrumbList","@id":"https:\/\/www.pressenza.com\/es\/2013\/05\/pascua-lama-paralizan-obras-por-graves-incumplimientos-ambientales\/#breadcrumb","itemListElement":[{"@type":"ListItem","position":1,"name":"Accueil","item":"https:\/\/www.pressenza.com\/es\/"},{"@type":"ListItem","position":2,"name":"Pascua Lama: Paralizan obras por graves incumplimientos ambientales"}]},{"@type":"WebSite","@id":"https:\/\/www.pressenza.com\/es\/#website","url":"https:\/\/www.pressenza.com\/es\/","name":"Pressenza","description":"International Press Agency","publisher":{"@id":"https:\/\/www.pressenza.com\/es\/#organization"},"potentialAction":[{"@type":"SearchAction","target":{"@type":"EntryPoint","urlTemplate":"https:\/\/www.pressenza.com\/es\/?s={search_term_string}"},"query-input":{"@type":"PropertyValueSpecification","valueRequired":true,"valueName":"search_term_string"}}],"inLanguage":"es"},{"@type":"Organization","@id":"https:\/\/www.pressenza.com\/es\/#organization","name":"Pressenza","url":"https:\/\/www.pressenza.com\/es\/","logo":{"@type":"ImageObject","inLanguage":"es","@id":"https:\/\/www.pressenza.com\/es\/#\/schema\/logo\/image\/","url":"https:\/\/www.pressenza.com\/wp-content\/uploads\/2022\/10\/pressenza_logo_200x200.jpg","contentUrl":"https:\/\/www.pressenza.com\/wp-content\/uploads\/2022\/10\/pressenza_logo_200x200.jpg","width":200,"height":200,"caption":"Pressenza"},"image":{"@id":"https:\/\/www.pressenza.com\/es\/#\/schema\/logo\/image\/"},"sameAs":["https:\/\/www.facebook.com\/PressenzaItalia","https:\/\/x.com\/PressenzaIPA"]},{"@type":"Person","@id":"https:\/\/www.pressenza.com\/es\/#\/schema\/person\/6522eecb4cd68e074b27e251e4b04ef8","name":"El Ciudadano","description":"El Ciudadano es un medio de comunicaci\u00f3n de circulaci\u00f3n mensual en papel y de funcionamiento diario en la web. Forma parte de la Red de Medios de los Pueblos por lo que se declara como un medio del Tercer Sector para romper el cerco informativo. El Ciudadano es una publicaci\u00f3n que busca elevar desde lo local a lo global las demandas de la organizaci\u00f3n social chilena como tambi\u00e9n promover la acci\u00f3n directa de la ciudadan\u00eda por su derecho a autodeterminaci\u00f3n. elciudadano.cl","url":"https:\/\/www.pressenza.com\/es\/author\/el-ciudadano\/"}]}},"place":"Santiago de Chile","original_article_url":"","_links":{"self":[{"href":"https:\/\/www.pressenza.com\/es\/wp-json\/wp\/v2\/posts\/53590","targetHints":{"allow":["GET"]}}],"collection":[{"href":"https:\/\/www.pressenza.com\/es\/wp-json\/wp\/v2\/posts"}],"about":[{"href":"https:\/\/www.pressenza.com\/es\/wp-json\/wp\/v2\/types\/post"}],"author":[{"embeddable":true,"href":"https:\/\/www.pressenza.com\/es\/wp-json\/wp\/v2\/users\/616"}],"replies":[{"embeddable":true,"href":"https:\/\/www.pressenza.com\/es\/wp-json\/wp\/v2\/comments?post=53590"}],"version-history":[{"count":0,"href":"https:\/\/www.pressenza.com\/es\/wp-json\/wp\/v2\/posts\/53590\/revisions"}],"wp:featuredmedia":[{"embeddable":true,"href":"https:\/\/www.pressenza.com\/es\/wp-json\/wp\/v2\/media\/53591"}],"wp:attachment":[{"href":"https:\/\/www.pressenza.com\/es\/wp-json\/wp\/v2\/media?parent=53590"}],"wp:term":[{"taxonomy":"category","embeddable":true,"href":"https:\/\/www.pressenza.com\/es\/wp-json\/wp\/v2\/categories?post=53590"},{"taxonomy":"post_tag","embeddable":true,"href":"https:\/\/www.pressenza.com\/es\/wp-json\/wp\/v2\/tags?post=53590"}],"curies":[{"name":"wp","href":"https:\/\/api.w.org\/{rel}","templated":true}]}}