{"id":534592,"date":"2017-10-09T20:44:05","date_gmt":"2017-10-09T19:44:05","guid":{"rendered":"https:\/\/www.pressenza.com\/?p=534592\/"},"modified":"2017-10-09T20:44:05","modified_gmt":"2017-10-09T19:44:05","slug":"la-piramide-rota","status":"publish","type":"post","link":"https:\/\/www.pressenza.com\/es\/2017\/10\/la-piramide-rota\/","title":{"rendered":"La pir\u00e1mide rota"},"content":{"rendered":"<p lang=\"es-ES\" align=\"justify\">Las estructuras sociales pierden su permeabilidad, hoy la pobreza es un estatus fijo.<\/p>\n<p lang=\"es-ES\" align=\"justify\">En Guatemala, las esperanzas de progreso para amplios sectores de la poblaci\u00f3n perteneciente a los estratos medios y pobres resultan cada d\u00eda m\u00e1s ut\u00f3picas. El progreso individual, ese estado de superaci\u00f3n hol\u00edstica resultado de una educaci\u00f3n de calidad y un buen estado f\u00edsico y psicol\u00f3gico -todo lo cual sumado a un trabajo exitoso propician la realizaci\u00f3n personal- ha pasado a ser un objetivo lejano en un sistema cuyo concepto de \u00e9xito se divorcia progresivamente del esfuerzo bien concebido para casarse con la especulaci\u00f3n, el negocio turbio y el dinero f\u00e1cil.<\/p>\n<p lang=\"es-ES\" align=\"justify\">Para la juventud actual -con marcadas excepciones- el camino se presenta cada vez m\u00e1s dif\u00edcil y las oportunidades de transitar por la escala social hacia posiciones m\u00e1s ventajosas se topa con obst\u00e1culos casi insuperables, como la competencia desleal, la corrupci\u00f3n y sobre todo las estrategias pol\u00edticas concebidas para mantener a la ciudadan\u00eda sometida a los caprichos legales de quienes durante generaciones han cooptado todos los \u00e1mbitos del poder.<\/p>\n<p lang=\"es-ES\" align=\"justify\">El panorama no es alentador para las nuevas generaciones, las cuales surgen en oleadas progresivas en n\u00famero y en expectativas. Un pa\u00eds como Guatemala, cuyos j\u00f3venes representan una mayor\u00eda abrumadora, deber\u00eda destinar tambi\u00e9n un porcentaje importante de su presupuesto a sus demandas de educaci\u00f3n, salud y trabajo, debido a que en esa masa poblacional se encuentra el \u00fanico germen posible para garantizar el tr\u00e1nsito indispensable hacia una econom\u00eda al ritmo del siglo. Pero no lo hace. Las prioridades del sector pol\u00edtico, el m\u00e1s desprestigiado y se\u00f1alado por graves actos de corrupci\u00f3n, tiene otras miras para los fondos estatales.<\/p>\n<p lang=\"es-ES\" align=\"justify\">Si en la ciudad la juventud se enfrenta a obst\u00e1culos cada vez m\u00e1s dif\u00edciles de superar, en las dem\u00e1s regiones del pa\u00eds las cosas no son mejores, siendo uno de los mayores problemas la evidente ausencia de Estado en la mayor\u00eda de sus departamentos, en donde la administraci\u00f3n de justicia \u2013uno de los estamentos fundamentales de una naci\u00f3n- no solo es d\u00e9bil y vulnerable, sino muchas veces ni siquiera es accesible. A eso es preciso a\u00f1adir la violencia generada por las redes de trata y narcotr\u00e1fico, las cuales se han infiltrado en la institucionalidad carcomiendo as\u00ed los cimientos del estado de Derecho y poniendo en jaque la vida de sus habitantes.<\/p>\n<p lang=\"es-ES\" align=\"justify\">En ese escenario tan desfavorable para la ni\u00f1ez y la juventud guatemaltecas no se percibe avance alguno capaz de generar una cierta expectativa de progreso. Este sector tan marginado como numeroso crece y se aglutina en una pir\u00e1mide cuya base se ensancha cada d\u00eda m\u00e1s y cuyo \u00e1pice se aleja en igual progresi\u00f3n. Es decir, aumenta el n\u00famero de j\u00f3venes sin estudios ni trabajo y en directa proporci\u00f3n se reducen sus posibilidades de ingresar por su propio esfuerzo en los estratos sociales superiores.<\/p>\n<p lang=\"es-ES\" align=\"justify\">La pir\u00e1mide, si se pudiera ilustrar de alg\u00fan modo, est\u00e1 segmentada, rota en 3 partes que han dejado de pertenecer a un solo cuerpo social: una gran masa de ciudadanos transitando desde las clases medias hacia una pobreza cada vez m\u00e1s acentuada y un importante segmento de pobres que no tienen acceso a bienes ni servicios; otro sector menor, integrado por quienes han tenido oportunidades de estudio y empleo pero contin\u00faan sometidos a un sistema que les impide aspirar a mayores privilegios y, por \u00faltimo, un pu\u00f1ado m\u00ednimo de la sociedad integrado por unas cuantas familias que lo poseen todo y quienes, adem\u00e1s de controlar la econom\u00eda, tambi\u00e9n dirigen el rumbo de la pol\u00edtica y con ello el destino de millones de ciudadanos.<\/p>\n","protected":false},"excerpt":{"rendered":"<p>Las estructuras sociales pierden su permeabilidad, hoy la pobreza es un estatus fijo. En Guatemala, las esperanzas de progreso para amplios sectores de la poblaci\u00f3n perteneciente a los estratos medios y pobres resultan cada d\u00eda m\u00e1s ut\u00f3picas. El progreso individual,&hellip;<\/p>\n","protected":false},"author":1296,"featured_media":534594,"comment_status":"closed","ping_status":"closed","sticky":false,"template":"","format":"standard","meta":{"footnotes":""},"categories":[69,11389,79,161],"tags":[773,1828,40881,11832],"class_list":["post-534592","post","type-post","status-publish","format-standard","has-post-thumbnail","hentry","category-america-central","category-contenido-original","category-derechos-humanos","category-opiniones","tag-corrupcion","tag-guatemala-es","tag-piramide-poblacional","tag-pobreza-infantil"],"yoast_head":"<!-- This site is optimized with the Yoast SEO plugin v27.1.1 - https:\/\/yoast.com\/product\/yoast-seo-wordpress\/ -->\n<title>La pir\u00e1mide rota<\/title>\n<meta name=\"description\" content=\"Las estructuras sociales pierden su permeabilidad, hoy la pobreza es un estatus fijo. En Guatemala, las esperanzas de progreso para amplios sectores de la\" \/>\n<meta name=\"robots\" content=\"index, follow, max-snippet:-1, max-image-preview:large, max-video-preview:-1\" \/>\n<link rel=\"canonical\" href=\"https:\/\/www.pressenza.com\/es\/2017\/10\/la-piramide-rota\/\" \/>\n<meta property=\"og:locale\" content=\"es_ES\" \/>\n<meta property=\"og:type\" content=\"article\" \/>\n<meta property=\"og:title\" content=\"La pir\u00e1mide rota\" \/>\n<meta property=\"og:description\" content=\"Las estructuras sociales pierden su permeabilidad, hoy la pobreza es un estatus fijo. En Guatemala, las esperanzas de progreso para amplios sectores de la\" \/>\n<meta property=\"og:url\" content=\"https:\/\/www.pressenza.com\/es\/2017\/10\/la-piramide-rota\/\" \/>\n<meta property=\"og:site_name\" content=\"Pressenza\" \/>\n<meta property=\"article:publisher\" content=\"https:\/\/www.facebook.com\/PressenzaItalia\" \/>\n<meta property=\"article:author\" content=\"https:\/\/www.facebook.com\/pages\/Carolina-V\u00e1squez-Araya\/241844515845237?fref=ts\" \/>\n<meta property=\"article:published_time\" content=\"2017-10-09T19:44:05+00:00\" \/>\n<meta property=\"og:image\" content=\"https:\/\/www.pressenza.com\/wp-content\/uploads\/2017\/10\/s31.jpg\" \/>\n\t<meta property=\"og:image:width\" content=\"1920\" \/>\n\t<meta property=\"og:image:height\" content=\"714\" \/>\n\t<meta property=\"og:image:type\" content=\"image\/jpeg\" \/>\n<meta name=\"author\" content=\"Carolina V\u00e1squez Araya\" \/>\n<meta name=\"twitter:card\" content=\"summary_large_image\" \/>\n<meta name=\"twitter:creator\" content=\"@carvasar\" \/>\n<meta name=\"twitter:site\" content=\"@PressenzaIPA\" \/>\n<meta name=\"twitter:label1\" content=\"Escrito por\" \/>\n\t<meta name=\"twitter:data1\" content=\"Carolina V\u00e1squez Araya\" \/>\n\t<meta name=\"twitter:label2\" content=\"Tiempo de lectura\" \/>\n\t<meta name=\"twitter:data2\" content=\"3 minutos\" \/>\n<script type=\"application\/ld+json\" class=\"yoast-schema-graph\">{\"@context\":\"https:\/\/schema.org\",\"@graph\":[{\"@type\":\"Article\",\"@id\":\"https:\/\/www.pressenza.com\/es\/2017\/10\/la-piramide-rota\/#article\",\"isPartOf\":{\"@id\":\"https:\/\/www.pressenza.com\/es\/2017\/10\/la-piramide-rota\/\"},\"author\":{\"name\":\"Carolina V\u00e1squez Araya\",\"@id\":\"https:\/\/www.pressenza.com\/es\/#\/schema\/person\/6936ca3bb8dee618b5cdfd0e4427cdd6\"},\"headline\":\"La pir\u00e1mide rota\",\"datePublished\":\"2017-10-09T19:44:05+00:00\",\"mainEntityOfPage\":{\"@id\":\"https:\/\/www.pressenza.com\/es\/2017\/10\/la-piramide-rota\/\"},\"wordCount\":650,\"publisher\":{\"@id\":\"https:\/\/www.pressenza.com\/es\/#organization\"},\"image\":{\"@id\":\"https:\/\/www.pressenza.com\/es\/2017\/10\/la-piramide-rota\/#primaryimage\"},\"thumbnailUrl\":\"https:\/\/www.pressenza.com\/wp-content\/uploads\/2017\/10\/s31.jpg\",\"keywords\":[\"corrupci\u00f3n\",\"Guatemala\",\"pir\u00e1mide poblacional\",\"pobreza infantil\"],\"articleSection\":[\"Am\u00e9rica Central\",\"Contenido Original\",\"Derechos Humanos\",\"Opiniones\"],\"inLanguage\":\"es\"},{\"@type\":\"WebPage\",\"@id\":\"https:\/\/www.pressenza.com\/es\/2017\/10\/la-piramide-rota\/\",\"url\":\"https:\/\/www.pressenza.com\/es\/2017\/10\/la-piramide-rota\/\",\"name\":\"La pir\u00e1mide rota\",\"isPartOf\":{\"@id\":\"https:\/\/www.pressenza.com\/es\/#website\"},\"primaryImageOfPage\":{\"@id\":\"https:\/\/www.pressenza.com\/es\/2017\/10\/la-piramide-rota\/#primaryimage\"},\"image\":{\"@id\":\"https:\/\/www.pressenza.com\/es\/2017\/10\/la-piramide-rota\/#primaryimage\"},\"thumbnailUrl\":\"https:\/\/www.pressenza.com\/wp-content\/uploads\/2017\/10\/s31.jpg\",\"datePublished\":\"2017-10-09T19:44:05+00:00\",\"description\":\"Las estructuras sociales pierden su permeabilidad, hoy la pobreza es un estatus fijo. En Guatemala, las esperanzas de progreso para amplios sectores de la\",\"breadcrumb\":{\"@id\":\"https:\/\/www.pressenza.com\/es\/2017\/10\/la-piramide-rota\/#breadcrumb\"},\"inLanguage\":\"es\",\"potentialAction\":[{\"@type\":\"ReadAction\",\"target\":[\"https:\/\/www.pressenza.com\/es\/2017\/10\/la-piramide-rota\/\"]}]},{\"@type\":\"ImageObject\",\"inLanguage\":\"es\",\"@id\":\"https:\/\/www.pressenza.com\/es\/2017\/10\/la-piramide-rota\/#primaryimage\",\"url\":\"https:\/\/www.pressenza.com\/wp-content\/uploads\/2017\/10\/s31.jpg\",\"contentUrl\":\"https:\/\/www.pressenza.com\/wp-content\/uploads\/2017\/10\/s31.jpg\",\"width\":1920,\"height\":714},{\"@type\":\"BreadcrumbList\",\"@id\":\"https:\/\/www.pressenza.com\/es\/2017\/10\/la-piramide-rota\/#breadcrumb\",\"itemListElement\":[{\"@type\":\"ListItem\",\"position\":1,\"name\":\"Accueil\",\"item\":\"https:\/\/www.pressenza.com\/es\/\"},{\"@type\":\"ListItem\",\"position\":2,\"name\":\"La pir\u00e1mide rota\"}]},{\"@type\":\"WebSite\",\"@id\":\"https:\/\/www.pressenza.com\/es\/#website\",\"url\":\"https:\/\/www.pressenza.com\/es\/\",\"name\":\"Pressenza\",\"description\":\"International Press Agency\",\"publisher\":{\"@id\":\"https:\/\/www.pressenza.com\/es\/#organization\"},\"potentialAction\":[{\"@type\":\"SearchAction\",\"target\":{\"@type\":\"EntryPoint\",\"urlTemplate\":\"https:\/\/www.pressenza.com\/es\/?s={search_term_string}\"},\"query-input\":{\"@type\":\"PropertyValueSpecification\",\"valueRequired\":true,\"valueName\":\"search_term_string\"}}],\"inLanguage\":\"es\"},{\"@type\":\"Organization\",\"@id\":\"https:\/\/www.pressenza.com\/es\/#organization\",\"name\":\"Pressenza\",\"url\":\"https:\/\/www.pressenza.com\/es\/\",\"logo\":{\"@type\":\"ImageObject\",\"inLanguage\":\"es\",\"@id\":\"https:\/\/www.pressenza.com\/es\/#\/schema\/logo\/image\/\",\"url\":\"https:\/\/www.pressenza.com\/wp-content\/uploads\/2022\/10\/pressenza_logo_200x200.jpg\",\"contentUrl\":\"https:\/\/www.pressenza.com\/wp-content\/uploads\/2022\/10\/pressenza_logo_200x200.jpg\",\"width\":200,\"height\":200,\"caption\":\"Pressenza\"},\"image\":{\"@id\":\"https:\/\/www.pressenza.com\/es\/#\/schema\/logo\/image\/\"},\"sameAs\":[\"https:\/\/www.facebook.com\/PressenzaItalia\",\"https:\/\/x.com\/PressenzaIPA\"]},{\"@type\":\"Person\",\"@id\":\"https:\/\/www.pressenza.com\/es\/#\/schema\/person\/6936ca3bb8dee618b5cdfd0e4427cdd6\",\"name\":\"Carolina V\u00e1squez Araya\",\"description\":\"Periodista y editora con m\u00e1s de 30 a\u00f1os de experiencia, cuyos logros profesionales en el desarrollo de proyectos de gran \u00e9xito avalan sus cualidades de liderazgo, creatividad y relaciones p\u00fablicas. Ha aportado sus conocimientos en proyectos de organizaciones con intereses orientados al desarrollo social, cultural y econ\u00f3mico del pa\u00eds, con especial \u00e9nfasis en el sector de cultura y educaci\u00f3n, emprendimiento, derechos humanos, justicia, ambiente, mujeres y ni\u00f1ez. Chilena en Guatemala. elquintopatio.wordpress.com\",\"sameAs\":[\"https:\/\/www.facebook.com\/pages\/Carolina-V\u00e1squez-Araya\/241844515845237?fref=ts\",\"https:\/\/x.com\/carvasar\"],\"url\":\"https:\/\/www.pressenza.com\/es\/author\/carolina-vasquez-araya\/\"}]}<\/script>\n<!-- \/ Yoast SEO plugin. -->","yoast_head_json":{"title":"La pir\u00e1mide rota","description":"Las estructuras sociales pierden su permeabilidad, hoy la pobreza es un estatus fijo. En Guatemala, las esperanzas de progreso para amplios sectores de la","robots":{"index":"index","follow":"follow","max-snippet":"max-snippet:-1","max-image-preview":"max-image-preview:large","max-video-preview":"max-video-preview:-1"},"canonical":"https:\/\/www.pressenza.com\/es\/2017\/10\/la-piramide-rota\/","og_locale":"es_ES","og_type":"article","og_title":"La pir\u00e1mide rota","og_description":"Las estructuras sociales pierden su permeabilidad, hoy la pobreza es un estatus fijo. En Guatemala, las esperanzas de progreso para amplios sectores de la","og_url":"https:\/\/www.pressenza.com\/es\/2017\/10\/la-piramide-rota\/","og_site_name":"Pressenza","article_publisher":"https:\/\/www.facebook.com\/PressenzaItalia","article_author":"https:\/\/www.facebook.com\/pages\/Carolina-V\u00e1squez-Araya\/241844515845237?fref=ts","article_published_time":"2017-10-09T19:44:05+00:00","og_image":[{"width":1920,"height":714,"url":"https:\/\/www.pressenza.com\/wp-content\/uploads\/2017\/10\/s31.jpg","type":"image\/jpeg"}],"author":"Carolina V\u00e1squez Araya","twitter_card":"summary_large_image","twitter_creator":"@carvasar","twitter_site":"@PressenzaIPA","twitter_misc":{"Escrito por":"Carolina V\u00e1squez Araya","Tiempo de lectura":"3 minutos"},"schema":{"@context":"https:\/\/schema.org","@graph":[{"@type":"Article","@id":"https:\/\/www.pressenza.com\/es\/2017\/10\/la-piramide-rota\/#article","isPartOf":{"@id":"https:\/\/www.pressenza.com\/es\/2017\/10\/la-piramide-rota\/"},"author":{"name":"Carolina V\u00e1squez Araya","@id":"https:\/\/www.pressenza.com\/es\/#\/schema\/person\/6936ca3bb8dee618b5cdfd0e4427cdd6"},"headline":"La pir\u00e1mide rota","datePublished":"2017-10-09T19:44:05+00:00","mainEntityOfPage":{"@id":"https:\/\/www.pressenza.com\/es\/2017\/10\/la-piramide-rota\/"},"wordCount":650,"publisher":{"@id":"https:\/\/www.pressenza.com\/es\/#organization"},"image":{"@id":"https:\/\/www.pressenza.com\/es\/2017\/10\/la-piramide-rota\/#primaryimage"},"thumbnailUrl":"https:\/\/www.pressenza.com\/wp-content\/uploads\/2017\/10\/s31.jpg","keywords":["corrupci\u00f3n","Guatemala","pir\u00e1mide poblacional","pobreza infantil"],"articleSection":["Am\u00e9rica Central","Contenido Original","Derechos Humanos","Opiniones"],"inLanguage":"es"},{"@type":"WebPage","@id":"https:\/\/www.pressenza.com\/es\/2017\/10\/la-piramide-rota\/","url":"https:\/\/www.pressenza.com\/es\/2017\/10\/la-piramide-rota\/","name":"La pir\u00e1mide rota","isPartOf":{"@id":"https:\/\/www.pressenza.com\/es\/#website"},"primaryImageOfPage":{"@id":"https:\/\/www.pressenza.com\/es\/2017\/10\/la-piramide-rota\/#primaryimage"},"image":{"@id":"https:\/\/www.pressenza.com\/es\/2017\/10\/la-piramide-rota\/#primaryimage"},"thumbnailUrl":"https:\/\/www.pressenza.com\/wp-content\/uploads\/2017\/10\/s31.jpg","datePublished":"2017-10-09T19:44:05+00:00","description":"Las estructuras sociales pierden su permeabilidad, hoy la pobreza es un estatus fijo. En Guatemala, las esperanzas de progreso para amplios sectores de la","breadcrumb":{"@id":"https:\/\/www.pressenza.com\/es\/2017\/10\/la-piramide-rota\/#breadcrumb"},"inLanguage":"es","potentialAction":[{"@type":"ReadAction","target":["https:\/\/www.pressenza.com\/es\/2017\/10\/la-piramide-rota\/"]}]},{"@type":"ImageObject","inLanguage":"es","@id":"https:\/\/www.pressenza.com\/es\/2017\/10\/la-piramide-rota\/#primaryimage","url":"https:\/\/www.pressenza.com\/wp-content\/uploads\/2017\/10\/s31.jpg","contentUrl":"https:\/\/www.pressenza.com\/wp-content\/uploads\/2017\/10\/s31.jpg","width":1920,"height":714},{"@type":"BreadcrumbList","@id":"https:\/\/www.pressenza.com\/es\/2017\/10\/la-piramide-rota\/#breadcrumb","itemListElement":[{"@type":"ListItem","position":1,"name":"Accueil","item":"https:\/\/www.pressenza.com\/es\/"},{"@type":"ListItem","position":2,"name":"La pir\u00e1mide rota"}]},{"@type":"WebSite","@id":"https:\/\/www.pressenza.com\/es\/#website","url":"https:\/\/www.pressenza.com\/es\/","name":"Pressenza","description":"International Press Agency","publisher":{"@id":"https:\/\/www.pressenza.com\/es\/#organization"},"potentialAction":[{"@type":"SearchAction","target":{"@type":"EntryPoint","urlTemplate":"https:\/\/www.pressenza.com\/es\/?s={search_term_string}"},"query-input":{"@type":"PropertyValueSpecification","valueRequired":true,"valueName":"search_term_string"}}],"inLanguage":"es"},{"@type":"Organization","@id":"https:\/\/www.pressenza.com\/es\/#organization","name":"Pressenza","url":"https:\/\/www.pressenza.com\/es\/","logo":{"@type":"ImageObject","inLanguage":"es","@id":"https:\/\/www.pressenza.com\/es\/#\/schema\/logo\/image\/","url":"https:\/\/www.pressenza.com\/wp-content\/uploads\/2022\/10\/pressenza_logo_200x200.jpg","contentUrl":"https:\/\/www.pressenza.com\/wp-content\/uploads\/2022\/10\/pressenza_logo_200x200.jpg","width":200,"height":200,"caption":"Pressenza"},"image":{"@id":"https:\/\/www.pressenza.com\/es\/#\/schema\/logo\/image\/"},"sameAs":["https:\/\/www.facebook.com\/PressenzaItalia","https:\/\/x.com\/PressenzaIPA"]},{"@type":"Person","@id":"https:\/\/www.pressenza.com\/es\/#\/schema\/person\/6936ca3bb8dee618b5cdfd0e4427cdd6","name":"Carolina V\u00e1squez Araya","description":"Periodista y editora con m\u00e1s de 30 a\u00f1os de experiencia, cuyos logros profesionales en el desarrollo de proyectos de gran \u00e9xito avalan sus cualidades de liderazgo, creatividad y relaciones p\u00fablicas. Ha aportado sus conocimientos en proyectos de organizaciones con intereses orientados al desarrollo social, cultural y econ\u00f3mico del pa\u00eds, con especial \u00e9nfasis en el sector de cultura y educaci\u00f3n, emprendimiento, derechos humanos, justicia, ambiente, mujeres y ni\u00f1ez. Chilena en Guatemala. elquintopatio.wordpress.com","sameAs":["https:\/\/www.facebook.com\/pages\/Carolina-V\u00e1squez-Araya\/241844515845237?fref=ts","https:\/\/x.com\/carvasar"],"url":"https:\/\/www.pressenza.com\/es\/author\/carolina-vasquez-araya\/"}]}},"place":"Ciudad de Guatemala, Guatemala","original_article_url":"","_links":{"self":[{"href":"https:\/\/www.pressenza.com\/es\/wp-json\/wp\/v2\/posts\/534592","targetHints":{"allow":["GET"]}}],"collection":[{"href":"https:\/\/www.pressenza.com\/es\/wp-json\/wp\/v2\/posts"}],"about":[{"href":"https:\/\/www.pressenza.com\/es\/wp-json\/wp\/v2\/types\/post"}],"author":[{"embeddable":true,"href":"https:\/\/www.pressenza.com\/es\/wp-json\/wp\/v2\/users\/1296"}],"replies":[{"embeddable":true,"href":"https:\/\/www.pressenza.com\/es\/wp-json\/wp\/v2\/comments?post=534592"}],"version-history":[{"count":0,"href":"https:\/\/www.pressenza.com\/es\/wp-json\/wp\/v2\/posts\/534592\/revisions"}],"wp:featuredmedia":[{"embeddable":true,"href":"https:\/\/www.pressenza.com\/es\/wp-json\/wp\/v2\/media\/534594"}],"wp:attachment":[{"href":"https:\/\/www.pressenza.com\/es\/wp-json\/wp\/v2\/media?parent=534592"}],"wp:term":[{"taxonomy":"category","embeddable":true,"href":"https:\/\/www.pressenza.com\/es\/wp-json\/wp\/v2\/categories?post=534592"},{"taxonomy":"post_tag","embeddable":true,"href":"https:\/\/www.pressenza.com\/es\/wp-json\/wp\/v2\/tags?post=534592"}],"curies":[{"name":"wp","href":"https:\/\/api.w.org\/{rel}","templated":true}]}}