{"id":53363,"date":"2013-05-23T21:57:02","date_gmt":"2013-05-23T20:57:02","guid":{"rendered":"http:\/\/www.pressenza.com\/?p=53363"},"modified":"2013-05-23T22:27:43","modified_gmt":"2013-05-23T21:27:43","slug":"conquistemos-territorios-para-la-alegria","status":"publish","type":"post","link":"https:\/\/www.pressenza.com\/es\/2013\/05\/conquistemos-territorios-para-la-alegria\/","title":{"rendered":"Conquistemos Territorios para la Alegr\u00eda"},"content":{"rendered":"<style type=\"text\/css\"><!--\nP { margin-bottom: 0.21cm; direction: ltr; color: rgb(0, 0, 0); widows: 2; orphans: 2; }P.western { font-family: \"Arial\",sans-serif; font-size: 10pt; }P.cjk { font-family: \"Times New Roman\",serif; font-size: 10pt; }P.ctl { font-family: \"Arial\",sans-serif; font-size: 10pt; }\n--><\/style>\n<p align=\"JUSTIFY\"><strong>Por Livia Gracola<\/strong><\/p>\n<p align=\"JUSTIFY\">Vamos al grano. En Chile el aborto est\u00e1 tipificado como delito. Hablar de aborto es tab\u00fa. Pedir que se legisle sobre ello, es \u201cpecado\u201d. Surgen asimismo, los hip\u00f3critas que sacan el discurso pro-vida, como si cualquier otra opini\u00f3n fuese, pro-muerte. Negro, blanco.<\/p>\n<p align=\"JUSTIFY\">No existe ninguna voluntad de hacer educaci\u00f3n sexual en los colegios, pero en serio, responsablemente. En los consultorios, una menor de edad no puede solicitar m\u00e9todos anticonceptivos, debe ir acompa\u00f1ada de un\/a adulto\/a. Eso es tapar el sol con un dedo, aparte de una ingenuidad que para los tiempos que corren no calza.<\/p>\n<p align=\"JUSTIFY\">Entonces, ya tenemos que no existe educaci\u00f3n sexual; no existe libre disposici\u00f3n de m\u00e9todos de anticoncepci\u00f3n y la p\u00edldora \u201cdel d\u00eda despu\u00e9s\u201d, se trafica a un alto precio, cuesti\u00f3n que para una adolescente es dif\u00edcil obtener. La forma legal implica una receta m\u00e9dica, la que depender\u00e1 de la arbitrariedad del m\u00e9dico. Ya, en 1974, la pol\u00edtica de Estado, decidi\u00f3 suspender las actividades de informaci\u00f3n y educaci\u00f3n sobre anticonceptivos en consultorios y medios de comunicaci\u00f3n.<\/p>\n<p align=\"JUSTIFY\">Refiri\u00e9ndome a los \u201chip\u00f3critas\u201d nuevamente, no me explico c\u00f3mo rasgan vestiduras al plantear estos temas, si en la sociedad que han construido, el sexo lo han deformado. Recordemos algunos ejemplitos: Los programas de TV abierta son absolutamente pornogr\u00e1ficos; las tetas son mejor por kilos; la diputada es amante del secretario y las cartas de amor circulan por las redes; vemos realities donde el sexo, la violencia y la dominaci\u00f3n est\u00e1n presentes; suben a you tube videos de famosillas y famosillos teniendo sexo expl\u00edcito, etc.<\/p>\n<p align=\"JUSTIFY\">Vivimos en un sistema erotizado, pero hip\u00f3crita. Todo debajo de la sotana. Se puede mostrar pornograf\u00eda explicita a cualquier hora, pero no ense\u00f1ar c\u00f3mo usar el cond\u00f3n, no se habla de las ETS, no se entregan anticonceptivos. No existe prevenci\u00f3n.<\/p>\n<p align=\"JUSTIFY\">Volviendo al tema, una mujer enfrentada a un embarazo no deseado, no es que un d\u00eda se levante feliz, tome desayuno y de repente se le ocurra \u2013ir\u00e9 a practicarme un aborto, est\u00e1 de moda-. No. Es el \u00faltimo y m\u00e1s demoledor recurso. Se siente v\u00edctima y victimaria. Condenada por no cumplir con las expectativas que la sociedad y la familia impone, ya que centra y enclaustra el aborto s\u00f3lo en el cuerpo de las mujeres. Sin embargo, la actitud asumida por el hombre no es cuestionada.<\/p>\n<p align=\"JUSTIFY\">Ninguna mujer busca esa experiencia. Una experiencia dolorosa, culposa y que generalmente lo sufre en soledad, agravado con el temor de ser condenada con c\u00e1rcel.<\/p>\n<p align=\"JUSTIFY\">No nos equivoquemos, no estamos \u2013de acuerdo- con el aborto, pero s\u00ed exigimos que se legisle, norme y reglamente. Anticonceptivos para no abortar, aborto legal para no morir.<\/p>\n<p align=\"JUSTIFY\">Queremos que a futuro nuestros hijos y nietos, nazcan cuando hayamos construido territorios para la alegr\u00eda.<\/p>\n<p align=\"JUSTIFY\">\n","protected":false},"excerpt":{"rendered":"<p>Por Livia Gracola Vamos al grano. En Chile el aborto est\u00e1 tipificado como delito. Hablar de aborto es tab\u00fa. Pedir que se legisle sobre ello, es \u201cpecado\u201d. Surgen asimismo, los hip\u00f3critas que sacan el discurso pro-vida, como si cualquier otra&hellip;<\/p>\n","protected":false},"author":43,"featured_media":53377,"comment_status":"closed","ping_status":"open","sticky":false,"template":"","format":"standard","meta":{"footnotes":""},"categories":[1230,161,1239,67],"tags":[503],"class_list":["post-53363","post","type-post","status-publish","format-standard","has-post-thumbnail","hentry","category-educacion-tema","category-opiniones","category-salud","category-sudamerica","tag-genero"],"yoast_head":"<!-- This site is optimized with the Yoast SEO plugin v27.1.1 - https:\/\/yoast.com\/product\/yoast-seo-wordpress\/ -->\n<title>Conquistemos Territorios para la Alegr\u00eda<\/title>\n<meta name=\"description\" content=\"Por Livia Gracola Vamos al grano. En Chile el aborto est\u00e1 tipificado como delito. Hablar de aborto es tab\u00fa. Pedir que se legisle sobre ello, es \u201cpecado\u201d.\" \/>\n<meta name=\"robots\" content=\"index, follow, max-snippet:-1, max-image-preview:large, max-video-preview:-1\" \/>\n<link rel=\"canonical\" href=\"https:\/\/www.pressenza.com\/es\/2013\/05\/conquistemos-territorios-para-la-alegria\/\" \/>\n<meta property=\"og:locale\" content=\"es_ES\" \/>\n<meta property=\"og:type\" content=\"article\" \/>\n<meta property=\"og:title\" content=\"Conquistemos Territorios para la Alegr\u00eda\" \/>\n<meta property=\"og:description\" content=\"Por Livia Gracola Vamos al grano. En Chile el aborto est\u00e1 tipificado como delito. Hablar de aborto es tab\u00fa. Pedir que se legisle sobre ello, es \u201cpecado\u201d.\" \/>\n<meta property=\"og:url\" content=\"https:\/\/www.pressenza.com\/es\/2013\/05\/conquistemos-territorios-para-la-alegria\/\" \/>\n<meta property=\"og:site_name\" content=\"Pressenza\" \/>\n<meta property=\"article:publisher\" content=\"https:\/\/www.facebook.com\/PressenzaItalia\" \/>\n<meta property=\"article:author\" content=\"https:\/\/www.facebook.com\/pressenza\" \/>\n<meta property=\"article:published_time\" content=\"2013-05-23T20:57:02+00:00\" \/>\n<meta property=\"article:modified_time\" content=\"2013-05-23T21:27:43+00:00\" \/>\n<meta property=\"og:image\" content=\"https:\/\/www.pressenza.com\/wp-content\/uploads\/2013\/05\/yo-decido.jpg\" \/>\n\t<meta property=\"og:image:width\" content=\"439\" \/>\n\t<meta property=\"og:image:height\" content=\"257\" \/>\n\t<meta property=\"og:image:type\" content=\"image\/jpeg\" \/>\n<meta name=\"author\" content=\"Redacci\u00f3n Chile\" \/>\n<meta name=\"twitter:card\" content=\"summary_large_image\" \/>\n<meta name=\"twitter:creator\" content=\"@pressenza\" \/>\n<meta name=\"twitter:site\" content=\"@PressenzaIPA\" \/>\n<meta name=\"twitter:label1\" content=\"Escrito por\" \/>\n\t<meta name=\"twitter:data1\" content=\"Redacci\u00f3n Chile\" \/>\n\t<meta name=\"twitter:label2\" content=\"Tiempo de lectura\" \/>\n\t<meta name=\"twitter:data2\" content=\"2 minutos\" \/>\n<script type=\"application\/ld+json\" class=\"yoast-schema-graph\">{\"@context\":\"https:\/\/schema.org\",\"@graph\":[{\"@type\":\"Article\",\"@id\":\"https:\/\/www.pressenza.com\/es\/2013\/05\/conquistemos-territorios-para-la-alegria\/#article\",\"isPartOf\":{\"@id\":\"https:\/\/www.pressenza.com\/es\/2013\/05\/conquistemos-territorios-para-la-alegria\/\"},\"author\":{\"name\":\"Redacci\u00f3n Chile\",\"@id\":\"https:\/\/www.pressenza.com\/es\/#\/schema\/person\/d7db40df35d6698ba69ba9ee260944ed\"},\"headline\":\"Conquistemos Territorios para la Alegr\u00eda\",\"datePublished\":\"2013-05-23T20:57:02+00:00\",\"dateModified\":\"2013-05-23T21:27:43+00:00\",\"mainEntityOfPage\":{\"@id\":\"https:\/\/www.pressenza.com\/es\/2013\/05\/conquistemos-territorios-para-la-alegria\/\"},\"wordCount\":498,\"publisher\":{\"@id\":\"https:\/\/www.pressenza.com\/es\/#organization\"},\"image\":{\"@id\":\"https:\/\/www.pressenza.com\/es\/2013\/05\/conquistemos-territorios-para-la-alegria\/#primaryimage\"},\"thumbnailUrl\":\"https:\/\/www.pressenza.com\/wp-content\/uploads\/2013\/05\/yo-decido.jpg\",\"keywords\":[\"G\u00e9nero\"],\"articleSection\":[\"Educaci\u00f3n\",\"Opiniones\",\"Salud\",\"Sudam\u00e9rica\"],\"inLanguage\":\"es\"},{\"@type\":\"WebPage\",\"@id\":\"https:\/\/www.pressenza.com\/es\/2013\/05\/conquistemos-territorios-para-la-alegria\/\",\"url\":\"https:\/\/www.pressenza.com\/es\/2013\/05\/conquistemos-territorios-para-la-alegria\/\",\"name\":\"Conquistemos Territorios para la Alegr\u00eda\",\"isPartOf\":{\"@id\":\"https:\/\/www.pressenza.com\/es\/#website\"},\"primaryImageOfPage\":{\"@id\":\"https:\/\/www.pressenza.com\/es\/2013\/05\/conquistemos-territorios-para-la-alegria\/#primaryimage\"},\"image\":{\"@id\":\"https:\/\/www.pressenza.com\/es\/2013\/05\/conquistemos-territorios-para-la-alegria\/#primaryimage\"},\"thumbnailUrl\":\"https:\/\/www.pressenza.com\/wp-content\/uploads\/2013\/05\/yo-decido.jpg\",\"datePublished\":\"2013-05-23T20:57:02+00:00\",\"dateModified\":\"2013-05-23T21:27:43+00:00\",\"description\":\"Por Livia Gracola Vamos al grano. En Chile el aborto est\u00e1 tipificado como delito. Hablar de aborto es tab\u00fa. Pedir que se legisle sobre ello, es \u201cpecado\u201d.\",\"breadcrumb\":{\"@id\":\"https:\/\/www.pressenza.com\/es\/2013\/05\/conquistemos-territorios-para-la-alegria\/#breadcrumb\"},\"inLanguage\":\"es\",\"potentialAction\":[{\"@type\":\"ReadAction\",\"target\":[\"https:\/\/www.pressenza.com\/es\/2013\/05\/conquistemos-territorios-para-la-alegria\/\"]}]},{\"@type\":\"ImageObject\",\"inLanguage\":\"es\",\"@id\":\"https:\/\/www.pressenza.com\/es\/2013\/05\/conquistemos-territorios-para-la-alegria\/#primaryimage\",\"url\":\"https:\/\/www.pressenza.com\/wp-content\/uploads\/2013\/05\/yo-decido.jpg\",\"contentUrl\":\"https:\/\/www.pressenza.com\/wp-content\/uploads\/2013\/05\/yo-decido.jpg\",\"width\":439,\"height\":257},{\"@type\":\"BreadcrumbList\",\"@id\":\"https:\/\/www.pressenza.com\/es\/2013\/05\/conquistemos-territorios-para-la-alegria\/#breadcrumb\",\"itemListElement\":[{\"@type\":\"ListItem\",\"position\":1,\"name\":\"Accueil\",\"item\":\"https:\/\/www.pressenza.com\/es\/\"},{\"@type\":\"ListItem\",\"position\":2,\"name\":\"Conquistemos Territorios para la Alegr\u00eda\"}]},{\"@type\":\"WebSite\",\"@id\":\"https:\/\/www.pressenza.com\/es\/#website\",\"url\":\"https:\/\/www.pressenza.com\/es\/\",\"name\":\"Pressenza\",\"description\":\"International Press Agency\",\"publisher\":{\"@id\":\"https:\/\/www.pressenza.com\/es\/#organization\"},\"potentialAction\":[{\"@type\":\"SearchAction\",\"target\":{\"@type\":\"EntryPoint\",\"urlTemplate\":\"https:\/\/www.pressenza.com\/es\/?s={search_term_string}\"},\"query-input\":{\"@type\":\"PropertyValueSpecification\",\"valueRequired\":true,\"valueName\":\"search_term_string\"}}],\"inLanguage\":\"es\"},{\"@type\":\"Organization\",\"@id\":\"https:\/\/www.pressenza.com\/es\/#organization\",\"name\":\"Pressenza\",\"url\":\"https:\/\/www.pressenza.com\/es\/\",\"logo\":{\"@type\":\"ImageObject\",\"inLanguage\":\"es\",\"@id\":\"https:\/\/www.pressenza.com\/es\/#\/schema\/logo\/image\/\",\"url\":\"https:\/\/www.pressenza.com\/wp-content\/uploads\/2022\/10\/pressenza_logo_200x200.jpg\",\"contentUrl\":\"https:\/\/www.pressenza.com\/wp-content\/uploads\/2022\/10\/pressenza_logo_200x200.jpg\",\"width\":200,\"height\":200,\"caption\":\"Pressenza\"},\"image\":{\"@id\":\"https:\/\/www.pressenza.com\/es\/#\/schema\/logo\/image\/\"},\"sameAs\":[\"https:\/\/www.facebook.com\/PressenzaItalia\",\"https:\/\/x.com\/PressenzaIPA\"]},{\"@type\":\"Person\",\"@id\":\"https:\/\/www.pressenza.com\/es\/#\/schema\/person\/d7db40df35d6698ba69ba9ee260944ed\",\"name\":\"Redacci\u00f3n Chile\",\"description\":\"News from the Pressenza Bureau in Chile\",\"sameAs\":[\"https:\/\/www.facebook.com\/pressenza\",\"https:\/\/x.com\/pressenza\"],\"url\":\"https:\/\/www.pressenza.com\/es\/author\/redaccion-chile\/\"}]}<\/script>\n<!-- \/ Yoast SEO plugin. -->","yoast_head_json":{"title":"Conquistemos Territorios para la Alegr\u00eda","description":"Por Livia Gracola Vamos al grano. En Chile el aborto est\u00e1 tipificado como delito. Hablar de aborto es tab\u00fa. Pedir que se legisle sobre ello, es \u201cpecado\u201d.","robots":{"index":"index","follow":"follow","max-snippet":"max-snippet:-1","max-image-preview":"max-image-preview:large","max-video-preview":"max-video-preview:-1"},"canonical":"https:\/\/www.pressenza.com\/es\/2013\/05\/conquistemos-territorios-para-la-alegria\/","og_locale":"es_ES","og_type":"article","og_title":"Conquistemos Territorios para la Alegr\u00eda","og_description":"Por Livia Gracola Vamos al grano. En Chile el aborto est\u00e1 tipificado como delito. Hablar de aborto es tab\u00fa. Pedir que se legisle sobre ello, es \u201cpecado\u201d.","og_url":"https:\/\/www.pressenza.com\/es\/2013\/05\/conquistemos-territorios-para-la-alegria\/","og_site_name":"Pressenza","article_publisher":"https:\/\/www.facebook.com\/PressenzaItalia","article_author":"https:\/\/www.facebook.com\/pressenza","article_published_time":"2013-05-23T20:57:02+00:00","article_modified_time":"2013-05-23T21:27:43+00:00","og_image":[{"width":439,"height":257,"url":"https:\/\/www.pressenza.com\/wp-content\/uploads\/2013\/05\/yo-decido.jpg","type":"image\/jpeg"}],"author":"Redacci\u00f3n Chile","twitter_card":"summary_large_image","twitter_creator":"@pressenza","twitter_site":"@PressenzaIPA","twitter_misc":{"Escrito por":"Redacci\u00f3n Chile","Tiempo de lectura":"2 minutos"},"schema":{"@context":"https:\/\/schema.org","@graph":[{"@type":"Article","@id":"https:\/\/www.pressenza.com\/es\/2013\/05\/conquistemos-territorios-para-la-alegria\/#article","isPartOf":{"@id":"https:\/\/www.pressenza.com\/es\/2013\/05\/conquistemos-territorios-para-la-alegria\/"},"author":{"name":"Redacci\u00f3n Chile","@id":"https:\/\/www.pressenza.com\/es\/#\/schema\/person\/d7db40df35d6698ba69ba9ee260944ed"},"headline":"Conquistemos Territorios para la Alegr\u00eda","datePublished":"2013-05-23T20:57:02+00:00","dateModified":"2013-05-23T21:27:43+00:00","mainEntityOfPage":{"@id":"https:\/\/www.pressenza.com\/es\/2013\/05\/conquistemos-territorios-para-la-alegria\/"},"wordCount":498,"publisher":{"@id":"https:\/\/www.pressenza.com\/es\/#organization"},"image":{"@id":"https:\/\/www.pressenza.com\/es\/2013\/05\/conquistemos-territorios-para-la-alegria\/#primaryimage"},"thumbnailUrl":"https:\/\/www.pressenza.com\/wp-content\/uploads\/2013\/05\/yo-decido.jpg","keywords":["G\u00e9nero"],"articleSection":["Educaci\u00f3n","Opiniones","Salud","Sudam\u00e9rica"],"inLanguage":"es"},{"@type":"WebPage","@id":"https:\/\/www.pressenza.com\/es\/2013\/05\/conquistemos-territorios-para-la-alegria\/","url":"https:\/\/www.pressenza.com\/es\/2013\/05\/conquistemos-territorios-para-la-alegria\/","name":"Conquistemos Territorios para la Alegr\u00eda","isPartOf":{"@id":"https:\/\/www.pressenza.com\/es\/#website"},"primaryImageOfPage":{"@id":"https:\/\/www.pressenza.com\/es\/2013\/05\/conquistemos-territorios-para-la-alegria\/#primaryimage"},"image":{"@id":"https:\/\/www.pressenza.com\/es\/2013\/05\/conquistemos-territorios-para-la-alegria\/#primaryimage"},"thumbnailUrl":"https:\/\/www.pressenza.com\/wp-content\/uploads\/2013\/05\/yo-decido.jpg","datePublished":"2013-05-23T20:57:02+00:00","dateModified":"2013-05-23T21:27:43+00:00","description":"Por Livia Gracola Vamos al grano. En Chile el aborto est\u00e1 tipificado como delito. Hablar de aborto es tab\u00fa. Pedir que se legisle sobre ello, es \u201cpecado\u201d.","breadcrumb":{"@id":"https:\/\/www.pressenza.com\/es\/2013\/05\/conquistemos-territorios-para-la-alegria\/#breadcrumb"},"inLanguage":"es","potentialAction":[{"@type":"ReadAction","target":["https:\/\/www.pressenza.com\/es\/2013\/05\/conquistemos-territorios-para-la-alegria\/"]}]},{"@type":"ImageObject","inLanguage":"es","@id":"https:\/\/www.pressenza.com\/es\/2013\/05\/conquistemos-territorios-para-la-alegria\/#primaryimage","url":"https:\/\/www.pressenza.com\/wp-content\/uploads\/2013\/05\/yo-decido.jpg","contentUrl":"https:\/\/www.pressenza.com\/wp-content\/uploads\/2013\/05\/yo-decido.jpg","width":439,"height":257},{"@type":"BreadcrumbList","@id":"https:\/\/www.pressenza.com\/es\/2013\/05\/conquistemos-territorios-para-la-alegria\/#breadcrumb","itemListElement":[{"@type":"ListItem","position":1,"name":"Accueil","item":"https:\/\/www.pressenza.com\/es\/"},{"@type":"ListItem","position":2,"name":"Conquistemos Territorios para la Alegr\u00eda"}]},{"@type":"WebSite","@id":"https:\/\/www.pressenza.com\/es\/#website","url":"https:\/\/www.pressenza.com\/es\/","name":"Pressenza","description":"International Press Agency","publisher":{"@id":"https:\/\/www.pressenza.com\/es\/#organization"},"potentialAction":[{"@type":"SearchAction","target":{"@type":"EntryPoint","urlTemplate":"https:\/\/www.pressenza.com\/es\/?s={search_term_string}"},"query-input":{"@type":"PropertyValueSpecification","valueRequired":true,"valueName":"search_term_string"}}],"inLanguage":"es"},{"@type":"Organization","@id":"https:\/\/www.pressenza.com\/es\/#organization","name":"Pressenza","url":"https:\/\/www.pressenza.com\/es\/","logo":{"@type":"ImageObject","inLanguage":"es","@id":"https:\/\/www.pressenza.com\/es\/#\/schema\/logo\/image\/","url":"https:\/\/www.pressenza.com\/wp-content\/uploads\/2022\/10\/pressenza_logo_200x200.jpg","contentUrl":"https:\/\/www.pressenza.com\/wp-content\/uploads\/2022\/10\/pressenza_logo_200x200.jpg","width":200,"height":200,"caption":"Pressenza"},"image":{"@id":"https:\/\/www.pressenza.com\/es\/#\/schema\/logo\/image\/"},"sameAs":["https:\/\/www.facebook.com\/PressenzaItalia","https:\/\/x.com\/PressenzaIPA"]},{"@type":"Person","@id":"https:\/\/www.pressenza.com\/es\/#\/schema\/person\/d7db40df35d6698ba69ba9ee260944ed","name":"Redacci\u00f3n Chile","description":"News from the Pressenza Bureau in Chile","sameAs":["https:\/\/www.facebook.com\/pressenza","https:\/\/x.com\/pressenza"],"url":"https:\/\/www.pressenza.com\/es\/author\/redaccion-chile\/"}]}},"place":"Santiago de Chile","original_article_url":"","_links":{"self":[{"href":"https:\/\/www.pressenza.com\/es\/wp-json\/wp\/v2\/posts\/53363","targetHints":{"allow":["GET"]}}],"collection":[{"href":"https:\/\/www.pressenza.com\/es\/wp-json\/wp\/v2\/posts"}],"about":[{"href":"https:\/\/www.pressenza.com\/es\/wp-json\/wp\/v2\/types\/post"}],"author":[{"embeddable":true,"href":"https:\/\/www.pressenza.com\/es\/wp-json\/wp\/v2\/users\/43"}],"replies":[{"embeddable":true,"href":"https:\/\/www.pressenza.com\/es\/wp-json\/wp\/v2\/comments?post=53363"}],"version-history":[{"count":0,"href":"https:\/\/www.pressenza.com\/es\/wp-json\/wp\/v2\/posts\/53363\/revisions"}],"wp:featuredmedia":[{"embeddable":true,"href":"https:\/\/www.pressenza.com\/es\/wp-json\/wp\/v2\/media\/53377"}],"wp:attachment":[{"href":"https:\/\/www.pressenza.com\/es\/wp-json\/wp\/v2\/media?parent=53363"}],"wp:term":[{"taxonomy":"category","embeddable":true,"href":"https:\/\/www.pressenza.com\/es\/wp-json\/wp\/v2\/categories?post=53363"},{"taxonomy":"post_tag","embeddable":true,"href":"https:\/\/www.pressenza.com\/es\/wp-json\/wp\/v2\/tags?post=53363"}],"curies":[{"name":"wp","href":"https:\/\/api.w.org\/{rel}","templated":true}]}}