{"id":53306,"date":"2013-05-23T14:06:31","date_gmt":"2013-05-23T13:06:31","guid":{"rendered":"http:\/\/www.pressenza.com\/?p=53306"},"modified":"2013-05-23T14:06:32","modified_gmt":"2013-05-23T13:06:32","slug":"viviendo-en-el-desvario","status":"publish","type":"post","link":"https:\/\/www.pressenza.com\/es\/2013\/05\/viviendo-en-el-desvario\/","title":{"rendered":"Viviendo en el desvar\u00edo"},"content":{"rendered":"<p class=\"mce\"><em><strong> Por Rosa Mar\u00eda Artal para <a href=\"http:\/\/www.eldiario.es\/zonacritica\/Viviendo-desvario_6_135146506.html\">eldiario.es<\/a><\/strong><\/em><\/p>\n<p class=\"mce\">Verlo aparecer, como una apolillada marioneta de cart\u00f3n piedra, sin asomo de autocr\u00edtica, orgulloso de s\u00ed mismo hasta el rid\u00edculo, ofreci\u00e9ndose como salvador patrio insustituible, cerr\u00f3 el c\u00edrculo del diagn\u00f3stico: vivimos en el delirio. Fuera de toda l\u00f3gica, criterio u honestidad. Cuando uno se encuentra inmerso en el desquicie, padeci\u00e9ndolo emocionalmente, se nublan los sentidos y termina siendo c\u00f3mplice de la sinraz\u00f3n. Eso nos est\u00e1 ocurriendo y Aznar y cuanto rode\u00f3 su aparici\u00f3n subliminal fue el dato que faltaba.<\/p>\n<p class=\"mce\">Es de ver, sentir y sufrir\u2026 y no creer. Cada d\u00eda nuevos impactos que, lejos de aclarar, aturden. Hemos llegado a tal nivel de degradaci\u00f3n que parecemos pensar que la vida es as\u00ed y no tiene remedio. Casi por cualquier lado que se mire. Aznar, dios sol centrado en s\u00ed mismo, ni se refiri\u00f3 a Europa. Pero es imprescindible tener en cuenta las desquiciadas pol\u00edticas de austeridad que el multimando de Bruselas est\u00e1 imponiendo para pagar una crisis que la\u00a0 mayor parte de los ciudadanos no provocamos y en la que se empe\u00f1a con una desfachatez despiadada. Mientras, los dirigentes pol\u00edticos la secundan como zombis. O como actores encantados de su papel. La \u00faltima, la reuni\u00f3n de jefes de Estado y de gobierno que deciden \u201credoblar sus esfuerzos\u201d contra el fraude fiscal\u2026 sin aportar una sola medida. Es decir, se han <em class=\"mce\"> comprometido<\/em> a volver a estudiar \u201cla revisi\u00f3n de la directiva sobre fiscalidad del ahorro\u201d para ver si la aprueban antes de fin de a\u00f1o y que los pa\u00edses que buenamente quieran intercambien datos bancarios. En la l\u00ednea de siempre.<\/p>\n<p class=\"mce\">En esa UE podrida, inoperante -salvo para servir a los poderes financieros-, que est\u00e1 aniquilando Europa y a sus ciudadanos, Espa\u00f1a es el colmo del desatino en medio de una, sin duda notable, jaula de grillos que se degradada por minutos. \u00bfQu\u00e9 m\u00e1s se puede pedir? \u00bfQu\u00e9 m\u00e1s nos tiene que pasar? Un partido votado por una mayor\u00eda de incautos porque promete salir de la crisis econ\u00f3mica y atajar el desempleo&#8230; y crea un mill\u00f3n de parados que va a completar la escandalosa cifra de 6.202.700. O eleva la deuda p\u00fablica espa\u00f1ola a ritmo y cuant\u00eda inauditos en nuestra historia. S\u00ed, del 68,5% en que la cogi\u00f3 Rajoy, pas\u00f3 al 84,2% al terminar el a\u00f1o y ha a\u00f1adido 40.000 millones de euros m\u00e1s en un solo trimestre hasta llegar al r\u00e9cord absoluto de casi el 88%. Y a\u00fan espera m\u00e1s. Ser\u00e1. Todos los pa\u00edses tocados por las recetas de la Troika, o de Merkel sin m\u00e1s, <a class=\"mce\" href=\"https:\/\/www.google.es\/publicdata\/explore?ds=ds22a34krhq5p_&amp;met_y=gd_pc_gdp&amp;idim=country:es&amp;dl=es&amp;hl=es&amp;q=deuda%20publica%20espa%C3%B1a#%21ctype=l&amp;strail=false&amp;bcs=d&amp;nselm=h&amp;met_y=gd_pc_gdp&amp;scale_y=lin&amp;ind_y=false&amp;rdim=country_group&amp;idim=country:es:pt:ie&amp;idim=country_group:eu&amp;ifdim=country_group&amp;hl=es&amp;dl=es&amp;ind=false\" target=\"_blank\"> han registrado alzas espectaculares de sus deudas<\/a> cuando han sido\u2026 secuestrados. Como nosotros. Y mucho m\u00e1s cuando localmente las medidas adoptadas son un puro dislate. Esos 40.000 millones de euros m\u00e1s, todos los que vengan, saldr\u00e1n del mismo sitio: de nuestros servicios y derechos. Y seguiremos viendo las muecas de De Guindos diciendo que todo va bien. O las de Montoro. Il Dottore y el Pantaleone de este sainete tr\u00e1gico.<\/p>\n<p class=\"mce\">Eso es lo asombroso, verlos sacar pecho y prometer lo que jam\u00e1s cumplen y que no pase nada. Y que tampoco se desate una masiva reacci\u00f3n social al conocer sus jugosos sobresueldos. \u201cComplementar\u201d con 4.200 euros mensuales un salario notable -como ha reconocido el presidente del Senado- es una total ofensa a una ciudadan\u00eda empobrecida por sus pol\u00edticas, por muy legal que (dicen) sea. Y no es el \u00fanico, qu\u00e9 va, el desfile sigue y se encaja con la misma impudicia que el resto de sus actuaciones. Es dinero p\u00fablico, nuestro. El PP, forzado por la investigaci\u00f3n, admiti\u00f3 que el 95% de su presupuesto procede de fondos del erario. Y ni se inmuta, hay hasta quien lo comprende.<\/p>\n<p class=\"mce\">El resto de la <em class=\"mce\"> troupe<\/em> est\u00e1 a su nivel. Vemos a la singular ministra B\u00e1\u00f1ez invitando a marcharse a los j\u00f3venes espa\u00f1oles pero firmando un convenio para atraer a \u201cprofesionales cualificados\u201d extranjeros. A Wert empecinado en meternos el catecismo cat\u00f3lico en el cerebro <a class=\"mce\" href=\"http:\/\/www.jrmora.com\/blog\/2013\/05\/19\/reforma-de-la-educacion\/\" target=\"_blank\"> con un mazo<\/a> si es preciso y en preparar empleados para el mercado y no ciudadanos.\u00a0A Soraya S\u00e1enz de Santamar\u00eda secund\u00e1ndolo todo, ora contrita en rueda de prensa, ora agresiva en el Parlamento. O a Gallard\u00f3n \u201cremodelando\u201d al gusto ultramontano la justicia, el C\u00f3digo Penal o las libertades de las mujeres. \u00bfNo es incomprensible que todo siga igual?<\/p>\n<p class=\"mce\">Y hay m\u00e1s. Cajas, bancos, empresas, arcas saqueadas a lo largo y ancho del pa\u00eds. Y las idas y venidas del yerno y de la hija, hasta en la casa del Rey. El <a class=\"mce\" href=\"http:\/\/politica.elpais.com\/politica\/2013\/05\/21\/actualidad\/1369160308_848244.html\" target=\"_blank\"> periplo de pol\u00edticos por la oficina de contrataci\u00f3n <\/a>que parece ser presuntamente, a tenor de las informaciones judiciales, la Zarzuela. Y la \u201camiga entra\u00f1able\u201d poniendo salsa picante a la opereta.<\/p>\n<p class=\"mce\">Y G\u00fcrtel. Que paga confetis para las fiestas de los ni\u00f1os de Mato y ella no se entera, y sigue siendo ministra, y sigue destrozando la sanidad p\u00fablica. O una iluminaci\u00f3n de m\u00e1s de 30.000 euros para la boda de la hija de los Aznar, cuando la mayor\u00eda de los invitado se gast\u00f3 400 euros en vajillas cl\u00e1sicas. Y \u201cla duda ofende\u201d si se piensa que sirvi\u00f3 para facilitar contratos. Se ha establecido la relaci\u00f3n directa entre las donaciones al PP y casuales adjudicaciones millonarias de contratos p\u00fablicos por mucho m\u00e1s monto. Lo que ofende es el insulto a la inteligencia.<\/p>\n<p class=\"mce\">Y todo esto no es sino la espuma de un pozo profundo que nos aturde. Oposici\u00f3n \u201cresponsable\u201d\u2026 de quedarse quieta. Insuficientes apuestas de regeneraci\u00f3n. Luchas ya a colmillo desnudo en el PP ara desbancar a cuantos est\u00e1n en el poder y llegar a peor\u2026 si cabe. El museo de los horrores actual tiene desvanes profundos.<\/p>\n<p class=\"mce\">\u00a0No faltaba m\u00e1s que Aznar. Con una entrevista a la medida en la que, como se tocaron \u201ctemas candentes\u201d, se da por buena. O se ha extendido un desesperanzado posibilismo o hemos llegado a olvidar hasta lo que es el periodismo. Rebatir las declaraciones con datos. Preguntar, por ejemplo, por la burbuja inmobiliaria germen fundamental de nuestro descalabro. Ad\u00f3nde fue el dinero obtenido por las privatizaciones de grandes empresas p\u00fablicas. Repreguntar de verdad. Invitar a periodistas cr\u00edticos, es decir a periodistas.<\/p>\n<p class=\"mce\">\u00a0Vivimos en el desvar\u00edo. Con una sociedad que sigue durante ya m\u00e1s de una semana como noticia m\u00e1s vista en uno de los peri\u00f3dicos la\u00a0<a class=\"mce\" href=\"http:\/\/www.elmundo.es\/america\/2013\/05\/21\/colombia\/1369089242.html\" target=\"_blank\"> \u00a0\u201cruleta sexual\u201d <\/a>de Colombia. Que se empecina en el \u201ctodos son iguales\u201d y el \u201cy t\u00fa m\u00e1s\u201d y no ve salidas. La variable que destruye la ecuaci\u00f3n de esa \u201cfelicidad\u201d basada en el miedo y el conformismo es, sin embargo, la realidad. La que nos mantiene tristes y angustiados, a pesar de toda la b\u00fasqueda de gratificaciones ilusorias.<\/p>\n<p class=\"mce\">No es f\u00e1cil \u00a0vivir en la locura, en un ambiente desquiciado, podrido a posta, con total voluntad y ning\u00fan atenuante. Premeditamente dirigido con lucidez malsana -no est\u00e1n locos- a crear rentable desconcierto. Grandes obras de la literatura, desde el Mundo feliz de Huxley a Fahrenheit 451 nos mostraron personas oponi\u00e9ndose a la marea de la inercia. Bichos raros que usaban su cabeza y su dignidad, afrontando riesgos, sobre todo el de la soledad heroica. Pero quiz\u00e1s el primero fue nuestro, D. Quijote de la Mancha. El cuerdo en un mundo perturbado que ha de ser perseguido como anomal\u00eda. \u00bfEspa\u00f1a pa\u00eds de Quijotes? De algunos, s\u00ed, pocos. De quienes entierran la raz\u00f3n que brota pujante, mucho m\u00e1s. Hasta ahora. Porque ahora ya, contar con una masiva conducta contracorriente es cuesti\u00f3n de supervivencia. Sabemos que ma\u00f1ana, pasado y al otro, habr\u00e1 m\u00e1s revelaciones, m\u00e1s desatinos, m\u00e1s sufrimiento, menos futuro.<\/p>\n","protected":false},"excerpt":{"rendered":"<p>Por Rosa Mar\u00eda Artal para eldiario.es Verlo aparecer, como una apolillada marioneta de cart\u00f3n piedra, sin asomo de autocr\u00edtica, orgulloso de s\u00ed mismo hasta el rid\u00edculo, ofreci\u00e9ndose como salvador patrio insustituible, cerr\u00f3 el c\u00edrculo del diagn\u00f3stico: vivimos en el delirio.&hellip;<\/p>\n","protected":false},"author":19,"featured_media":53308,"comment_status":"closed","ping_status":"open","sticky":false,"template":"","format":"standard","meta":{"footnotes":""},"categories":[66,161,74],"tags":[513,355,696,403,1065,1398,984,5072,512,631],"class_list":["post-53306","post","type-post","status-publish","format-standard","has-post-thumbnail","hentry","category-europa-es","category-opiniones","category-politica-es","tag-austeridad","tag-crisis-es","tag-democracia","tag-elecciones","tag-espana","tag-estado-espanol","tag-indignados-es","tag-jose-maria-aznar","tag-recortes","tag-violencia-economica"],"yoast_head":"<!-- This site is optimized with the Yoast SEO plugin v27.1.1 - https:\/\/yoast.com\/product\/yoast-seo-wordpress\/ -->\n<title>Viviendo en el desvar\u00edo<\/title>\n<meta name=\"description\" content=\"Por Rosa Mar\u00eda Artal para eldiario.es Verlo aparecer, como una apolillada marioneta de cart\u00f3n piedra, sin asomo de autocr\u00edtica, orgulloso de s\u00ed mismo\" \/>\n<meta name=\"robots\" content=\"index, follow, max-snippet:-1, max-image-preview:large, max-video-preview:-1\" \/>\n<link rel=\"canonical\" href=\"https:\/\/www.pressenza.com\/es\/2013\/05\/viviendo-en-el-desvario\/\" \/>\n<meta property=\"og:locale\" content=\"es_ES\" \/>\n<meta property=\"og:type\" content=\"article\" \/>\n<meta property=\"og:title\" content=\"Viviendo en el desvar\u00edo\" \/>\n<meta property=\"og:description\" content=\"Por Rosa Mar\u00eda Artal para eldiario.es Verlo aparecer, como una apolillada marioneta de cart\u00f3n piedra, sin asomo de autocr\u00edtica, orgulloso de s\u00ed mismo\" \/>\n<meta property=\"og:url\" content=\"https:\/\/www.pressenza.com\/es\/2013\/05\/viviendo-en-el-desvario\/\" \/>\n<meta property=\"og:site_name\" content=\"Pressenza\" \/>\n<meta property=\"article:publisher\" content=\"https:\/\/www.facebook.com\/PressenzaItalia\" \/>\n<meta property=\"article:author\" content=\"https:\/\/www.facebook.com\/pressenza\" \/>\n<meta property=\"article:published_time\" content=\"2013-05-23T13:06:31+00:00\" \/>\n<meta property=\"article:modified_time\" content=\"2013-05-23T13:06:32+00:00\" \/>\n<meta property=\"og:image\" content=\"https:\/\/www.pressenza.com\/wp-content\/uploads\/2013\/05\/968975_453609998061856_1203139513_n.jpg\" \/>\n\t<meta property=\"og:image:width\" content=\"676\" \/>\n\t<meta property=\"og:image:height\" content=\"960\" \/>\n\t<meta property=\"og:image:type\" content=\"image\/jpeg\" \/>\n<meta name=\"author\" content=\"Pressenza IPA\" \/>\n<meta name=\"twitter:card\" content=\"summary_large_image\" \/>\n<meta name=\"twitter:creator\" content=\"@PressenzaIPA\" \/>\n<meta name=\"twitter:site\" content=\"@PressenzaIPA\" \/>\n<meta name=\"twitter:label1\" content=\"Escrito por\" \/>\n\t<meta name=\"twitter:data1\" content=\"Pressenza IPA\" \/>\n\t<meta name=\"twitter:label2\" content=\"Tiempo de lectura\" \/>\n\t<meta name=\"twitter:data2\" content=\"7 minutos\" \/>\n<script type=\"application\/ld+json\" class=\"yoast-schema-graph\">{\"@context\":\"https:\/\/schema.org\",\"@graph\":[{\"@type\":\"Article\",\"@id\":\"https:\/\/www.pressenza.com\/es\/2013\/05\/viviendo-en-el-desvario\/#article\",\"isPartOf\":{\"@id\":\"https:\/\/www.pressenza.com\/es\/2013\/05\/viviendo-en-el-desvario\/\"},\"author\":{\"name\":\"Pressenza IPA\",\"@id\":\"https:\/\/www.pressenza.com\/es\/#\/schema\/person\/010e5d02bcf40965427a1289a4cc8d75\"},\"headline\":\"Viviendo en el desvar\u00edo\",\"datePublished\":\"2013-05-23T13:06:31+00:00\",\"dateModified\":\"2013-05-23T13:06:32+00:00\",\"mainEntityOfPage\":{\"@id\":\"https:\/\/www.pressenza.com\/es\/2013\/05\/viviendo-en-el-desvario\/\"},\"wordCount\":1338,\"publisher\":{\"@id\":\"https:\/\/www.pressenza.com\/es\/#organization\"},\"image\":{\"@id\":\"https:\/\/www.pressenza.com\/es\/2013\/05\/viviendo-en-el-desvario\/#primaryimage\"},\"thumbnailUrl\":\"https:\/\/www.pressenza.com\/wp-content\/uploads\/2013\/05\/968975_453609998061856_1203139513_n.jpg\",\"keywords\":[\"austeridad\",\"crisis\",\"Democracia\",\"elecciones\",\"Espa\u00f1a\",\"Estado espa\u00f1ol\",\"indignados\",\"Jos\u00e9 Mar\u00eda Aznar\",\"recortes\",\"Violencia econ\u00f3mica\"],\"articleSection\":[\"Europa\",\"Opiniones\",\"Pol\u00edtica\"],\"inLanguage\":\"es\"},{\"@type\":\"WebPage\",\"@id\":\"https:\/\/www.pressenza.com\/es\/2013\/05\/viviendo-en-el-desvario\/\",\"url\":\"https:\/\/www.pressenza.com\/es\/2013\/05\/viviendo-en-el-desvario\/\",\"name\":\"Viviendo en el desvar\u00edo\",\"isPartOf\":{\"@id\":\"https:\/\/www.pressenza.com\/es\/#website\"},\"primaryImageOfPage\":{\"@id\":\"https:\/\/www.pressenza.com\/es\/2013\/05\/viviendo-en-el-desvario\/#primaryimage\"},\"image\":{\"@id\":\"https:\/\/www.pressenza.com\/es\/2013\/05\/viviendo-en-el-desvario\/#primaryimage\"},\"thumbnailUrl\":\"https:\/\/www.pressenza.com\/wp-content\/uploads\/2013\/05\/968975_453609998061856_1203139513_n.jpg\",\"datePublished\":\"2013-05-23T13:06:31+00:00\",\"dateModified\":\"2013-05-23T13:06:32+00:00\",\"description\":\"Por Rosa Mar\u00eda Artal para eldiario.es Verlo aparecer, como una apolillada marioneta de cart\u00f3n piedra, sin asomo de autocr\u00edtica, orgulloso de s\u00ed mismo\",\"breadcrumb\":{\"@id\":\"https:\/\/www.pressenza.com\/es\/2013\/05\/viviendo-en-el-desvario\/#breadcrumb\"},\"inLanguage\":\"es\",\"potentialAction\":[{\"@type\":\"ReadAction\",\"target\":[\"https:\/\/www.pressenza.com\/es\/2013\/05\/viviendo-en-el-desvario\/\"]}]},{\"@type\":\"ImageObject\",\"inLanguage\":\"es\",\"@id\":\"https:\/\/www.pressenza.com\/es\/2013\/05\/viviendo-en-el-desvario\/#primaryimage\",\"url\":\"https:\/\/www.pressenza.com\/wp-content\/uploads\/2013\/05\/968975_453609998061856_1203139513_n.jpg\",\"contentUrl\":\"https:\/\/www.pressenza.com\/wp-content\/uploads\/2013\/05\/968975_453609998061856_1203139513_n.jpg\",\"width\":676,\"height\":960},{\"@type\":\"BreadcrumbList\",\"@id\":\"https:\/\/www.pressenza.com\/es\/2013\/05\/viviendo-en-el-desvario\/#breadcrumb\",\"itemListElement\":[{\"@type\":\"ListItem\",\"position\":1,\"name\":\"Accueil\",\"item\":\"https:\/\/www.pressenza.com\/es\/\"},{\"@type\":\"ListItem\",\"position\":2,\"name\":\"Viviendo en el desvar\u00edo\"}]},{\"@type\":\"WebSite\",\"@id\":\"https:\/\/www.pressenza.com\/es\/#website\",\"url\":\"https:\/\/www.pressenza.com\/es\/\",\"name\":\"Pressenza\",\"description\":\"International Press Agency\",\"publisher\":{\"@id\":\"https:\/\/www.pressenza.com\/es\/#organization\"},\"potentialAction\":[{\"@type\":\"SearchAction\",\"target\":{\"@type\":\"EntryPoint\",\"urlTemplate\":\"https:\/\/www.pressenza.com\/es\/?s={search_term_string}\"},\"query-input\":{\"@type\":\"PropertyValueSpecification\",\"valueRequired\":true,\"valueName\":\"search_term_string\"}}],\"inLanguage\":\"es\"},{\"@type\":\"Organization\",\"@id\":\"https:\/\/www.pressenza.com\/es\/#organization\",\"name\":\"Pressenza\",\"url\":\"https:\/\/www.pressenza.com\/es\/\",\"logo\":{\"@type\":\"ImageObject\",\"inLanguage\":\"es\",\"@id\":\"https:\/\/www.pressenza.com\/es\/#\/schema\/logo\/image\/\",\"url\":\"https:\/\/www.pressenza.com\/wp-content\/uploads\/2022\/10\/pressenza_logo_200x200.jpg\",\"contentUrl\":\"https:\/\/www.pressenza.com\/wp-content\/uploads\/2022\/10\/pressenza_logo_200x200.jpg\",\"width\":200,\"height\":200,\"caption\":\"Pressenza\"},\"image\":{\"@id\":\"https:\/\/www.pressenza.com\/es\/#\/schema\/logo\/image\/\"},\"sameAs\":[\"https:\/\/www.facebook.com\/PressenzaItalia\",\"https:\/\/x.com\/PressenzaIPA\"]},{\"@type\":\"Person\",\"@id\":\"https:\/\/www.pressenza.com\/es\/#\/schema\/person\/010e5d02bcf40965427a1289a4cc8d75\",\"name\":\"Pressenza IPA\",\"description\":\"News from Pressenza IPA correspondents\",\"sameAs\":[\"https:\/\/www.facebook.com\/pressenza\",\"https:\/\/x.com\/PressenzaIPA\"],\"url\":\"https:\/\/www.pressenza.com\/es\/author\/pressenza-ipa\/\"}]}<\/script>\n<!-- \/ Yoast SEO plugin. -->","yoast_head_json":{"title":"Viviendo en el desvar\u00edo","description":"Por Rosa Mar\u00eda Artal para eldiario.es Verlo aparecer, como una apolillada marioneta de cart\u00f3n piedra, sin asomo de autocr\u00edtica, orgulloso de s\u00ed mismo","robots":{"index":"index","follow":"follow","max-snippet":"max-snippet:-1","max-image-preview":"max-image-preview:large","max-video-preview":"max-video-preview:-1"},"canonical":"https:\/\/www.pressenza.com\/es\/2013\/05\/viviendo-en-el-desvario\/","og_locale":"es_ES","og_type":"article","og_title":"Viviendo en el desvar\u00edo","og_description":"Por Rosa Mar\u00eda Artal para eldiario.es Verlo aparecer, como una apolillada marioneta de cart\u00f3n piedra, sin asomo de autocr\u00edtica, orgulloso de s\u00ed mismo","og_url":"https:\/\/www.pressenza.com\/es\/2013\/05\/viviendo-en-el-desvario\/","og_site_name":"Pressenza","article_publisher":"https:\/\/www.facebook.com\/PressenzaItalia","article_author":"https:\/\/www.facebook.com\/pressenza","article_published_time":"2013-05-23T13:06:31+00:00","article_modified_time":"2013-05-23T13:06:32+00:00","og_image":[{"width":676,"height":960,"url":"https:\/\/www.pressenza.com\/wp-content\/uploads\/2013\/05\/968975_453609998061856_1203139513_n.jpg","type":"image\/jpeg"}],"author":"Pressenza IPA","twitter_card":"summary_large_image","twitter_creator":"@PressenzaIPA","twitter_site":"@PressenzaIPA","twitter_misc":{"Escrito por":"Pressenza IPA","Tiempo de lectura":"7 minutos"},"schema":{"@context":"https:\/\/schema.org","@graph":[{"@type":"Article","@id":"https:\/\/www.pressenza.com\/es\/2013\/05\/viviendo-en-el-desvario\/#article","isPartOf":{"@id":"https:\/\/www.pressenza.com\/es\/2013\/05\/viviendo-en-el-desvario\/"},"author":{"name":"Pressenza IPA","@id":"https:\/\/www.pressenza.com\/es\/#\/schema\/person\/010e5d02bcf40965427a1289a4cc8d75"},"headline":"Viviendo en el desvar\u00edo","datePublished":"2013-05-23T13:06:31+00:00","dateModified":"2013-05-23T13:06:32+00:00","mainEntityOfPage":{"@id":"https:\/\/www.pressenza.com\/es\/2013\/05\/viviendo-en-el-desvario\/"},"wordCount":1338,"publisher":{"@id":"https:\/\/www.pressenza.com\/es\/#organization"},"image":{"@id":"https:\/\/www.pressenza.com\/es\/2013\/05\/viviendo-en-el-desvario\/#primaryimage"},"thumbnailUrl":"https:\/\/www.pressenza.com\/wp-content\/uploads\/2013\/05\/968975_453609998061856_1203139513_n.jpg","keywords":["austeridad","crisis","Democracia","elecciones","Espa\u00f1a","Estado espa\u00f1ol","indignados","Jos\u00e9 Mar\u00eda Aznar","recortes","Violencia econ\u00f3mica"],"articleSection":["Europa","Opiniones","Pol\u00edtica"],"inLanguage":"es"},{"@type":"WebPage","@id":"https:\/\/www.pressenza.com\/es\/2013\/05\/viviendo-en-el-desvario\/","url":"https:\/\/www.pressenza.com\/es\/2013\/05\/viviendo-en-el-desvario\/","name":"Viviendo en el desvar\u00edo","isPartOf":{"@id":"https:\/\/www.pressenza.com\/es\/#website"},"primaryImageOfPage":{"@id":"https:\/\/www.pressenza.com\/es\/2013\/05\/viviendo-en-el-desvario\/#primaryimage"},"image":{"@id":"https:\/\/www.pressenza.com\/es\/2013\/05\/viviendo-en-el-desvario\/#primaryimage"},"thumbnailUrl":"https:\/\/www.pressenza.com\/wp-content\/uploads\/2013\/05\/968975_453609998061856_1203139513_n.jpg","datePublished":"2013-05-23T13:06:31+00:00","dateModified":"2013-05-23T13:06:32+00:00","description":"Por Rosa Mar\u00eda Artal para eldiario.es Verlo aparecer, como una apolillada marioneta de cart\u00f3n piedra, sin asomo de autocr\u00edtica, orgulloso de s\u00ed mismo","breadcrumb":{"@id":"https:\/\/www.pressenza.com\/es\/2013\/05\/viviendo-en-el-desvario\/#breadcrumb"},"inLanguage":"es","potentialAction":[{"@type":"ReadAction","target":["https:\/\/www.pressenza.com\/es\/2013\/05\/viviendo-en-el-desvario\/"]}]},{"@type":"ImageObject","inLanguage":"es","@id":"https:\/\/www.pressenza.com\/es\/2013\/05\/viviendo-en-el-desvario\/#primaryimage","url":"https:\/\/www.pressenza.com\/wp-content\/uploads\/2013\/05\/968975_453609998061856_1203139513_n.jpg","contentUrl":"https:\/\/www.pressenza.com\/wp-content\/uploads\/2013\/05\/968975_453609998061856_1203139513_n.jpg","width":676,"height":960},{"@type":"BreadcrumbList","@id":"https:\/\/www.pressenza.com\/es\/2013\/05\/viviendo-en-el-desvario\/#breadcrumb","itemListElement":[{"@type":"ListItem","position":1,"name":"Accueil","item":"https:\/\/www.pressenza.com\/es\/"},{"@type":"ListItem","position":2,"name":"Viviendo en el desvar\u00edo"}]},{"@type":"WebSite","@id":"https:\/\/www.pressenza.com\/es\/#website","url":"https:\/\/www.pressenza.com\/es\/","name":"Pressenza","description":"International Press Agency","publisher":{"@id":"https:\/\/www.pressenza.com\/es\/#organization"},"potentialAction":[{"@type":"SearchAction","target":{"@type":"EntryPoint","urlTemplate":"https:\/\/www.pressenza.com\/es\/?s={search_term_string}"},"query-input":{"@type":"PropertyValueSpecification","valueRequired":true,"valueName":"search_term_string"}}],"inLanguage":"es"},{"@type":"Organization","@id":"https:\/\/www.pressenza.com\/es\/#organization","name":"Pressenza","url":"https:\/\/www.pressenza.com\/es\/","logo":{"@type":"ImageObject","inLanguage":"es","@id":"https:\/\/www.pressenza.com\/es\/#\/schema\/logo\/image\/","url":"https:\/\/www.pressenza.com\/wp-content\/uploads\/2022\/10\/pressenza_logo_200x200.jpg","contentUrl":"https:\/\/www.pressenza.com\/wp-content\/uploads\/2022\/10\/pressenza_logo_200x200.jpg","width":200,"height":200,"caption":"Pressenza"},"image":{"@id":"https:\/\/www.pressenza.com\/es\/#\/schema\/logo\/image\/"},"sameAs":["https:\/\/www.facebook.com\/PressenzaItalia","https:\/\/x.com\/PressenzaIPA"]},{"@type":"Person","@id":"https:\/\/www.pressenza.com\/es\/#\/schema\/person\/010e5d02bcf40965427a1289a4cc8d75","name":"Pressenza IPA","description":"News from Pressenza IPA correspondents","sameAs":["https:\/\/www.facebook.com\/pressenza","https:\/\/x.com\/PressenzaIPA"],"url":"https:\/\/www.pressenza.com\/es\/author\/pressenza-ipa\/"}]}},"place":"Madrid","original_article_url":"","_links":{"self":[{"href":"https:\/\/www.pressenza.com\/es\/wp-json\/wp\/v2\/posts\/53306","targetHints":{"allow":["GET"]}}],"collection":[{"href":"https:\/\/www.pressenza.com\/es\/wp-json\/wp\/v2\/posts"}],"about":[{"href":"https:\/\/www.pressenza.com\/es\/wp-json\/wp\/v2\/types\/post"}],"author":[{"embeddable":true,"href":"https:\/\/www.pressenza.com\/es\/wp-json\/wp\/v2\/users\/19"}],"replies":[{"embeddable":true,"href":"https:\/\/www.pressenza.com\/es\/wp-json\/wp\/v2\/comments?post=53306"}],"version-history":[{"count":0,"href":"https:\/\/www.pressenza.com\/es\/wp-json\/wp\/v2\/posts\/53306\/revisions"}],"wp:featuredmedia":[{"embeddable":true,"href":"https:\/\/www.pressenza.com\/es\/wp-json\/wp\/v2\/media\/53308"}],"wp:attachment":[{"href":"https:\/\/www.pressenza.com\/es\/wp-json\/wp\/v2\/media?parent=53306"}],"wp:term":[{"taxonomy":"category","embeddable":true,"href":"https:\/\/www.pressenza.com\/es\/wp-json\/wp\/v2\/categories?post=53306"},{"taxonomy":"post_tag","embeddable":true,"href":"https:\/\/www.pressenza.com\/es\/wp-json\/wp\/v2\/tags?post=53306"}],"curies":[{"name":"wp","href":"https:\/\/api.w.org\/{rel}","templated":true}]}}