{"id":531788,"date":"2017-10-04T21:50:48","date_gmt":"2017-10-04T20:50:48","guid":{"rendered":"https:\/\/www.pressenza.com\/?p=531788\/"},"modified":"2017-10-04T21:50:48","modified_gmt":"2017-10-04T20:50:48","slug":"993-000-votos-plebiscito-noafp","status":"publish","type":"post","link":"https:\/\/www.pressenza.com\/es\/2017\/10\/993-000-votos-plebiscito-noafp\/","title":{"rendered":"993.000 votos en Plebiscito No+AFP"},"content":{"rendered":"<p>Chile es un pa\u00eds peque\u00f1o y con una tremenda apat\u00eda a la hora de votar. La indiferencia cunde y aparentemente el individualismo tambi\u00e9n. Por eso ha sido tan sorprendente el resultado del Plebiscito organizado \u00edntegramente por la ciudadan\u00eda, sin absolutamente ning\u00fan apoyo oficial, sin cobertura por parte de los medios de comunicaci\u00f3n masivos, para resolver si la gente quiere seguir con el sistema de capitalizaci\u00f3n individual para sus pensiones de vejez o prefiere terminar con las Aseguradoras de Fondos de Pensiones (AFP) y pasar a un sistema de reparto, basado en la solidaridad.<\/p>\n<p>Abre un camino de lucha y alimenta la esperanza que el total de votantes haya llegado a 993.475, con emisi\u00f3n de sufragio presencial 575.998 personas y con voto electr\u00f3nico 417.477 durante los tres d\u00edas que estuvo habilitada la votaci\u00f3n.<\/p>\n<p>El resultado a nivel nacional sumando ambas modalidades, dio para continuar con el sistema actual un 1,74% (17.247 votos), para No+AFP un 96,76% (961.319 votos), siendo nulos un 0,52% de los votos (5.180) y en blanco un 0,98% (9.729 votos).<\/p>\n<p>El foto-reportaje que publicamos ac\u00e1 es de Dalia Chiu:<\/p>\n<div class=\"post-gallery\">\n\t\t\t<figure class=\"post-gallery-item\">\n\t\t\t\t<img decoding=\"async\" src=\"https:\/\/www.pressenza.com\/wp-content\/uploads\/2017\/10\/D1-720x480.jpg\" loading=\"lazy\">\n\t\t\t\t<figcaption>\n\t\t\t\t\t\n\t\t\t\t<\/figcaption>\n\t\t\t<\/figure>\n\t\t\t<figure class=\"post-gallery-item\">\n\t\t\t\t<img decoding=\"async\" src=\"https:\/\/www.pressenza.com\/wp-content\/uploads\/2017\/10\/D2-720x480.jpg\" loading=\"lazy\">\n\t\t\t\t<figcaption>\n\t\t\t\t\t\n\t\t\t\t<\/figcaption>\n\t\t\t<\/figure>\n\t\t\t<figure class=\"post-gallery-item\">\n\t\t\t\t<img decoding=\"async\" src=\"https:\/\/www.pressenza.com\/wp-content\/uploads\/2017\/10\/D3-720x480.jpg\" loading=\"lazy\">\n\t\t\t\t<figcaption>\n\t\t\t\t\t\n\t\t\t\t<\/figcaption>\n\t\t\t<\/figure>\n\t\t\t<figure class=\"post-gallery-item\">\n\t\t\t\t<img decoding=\"async\" src=\"https:\/\/www.pressenza.com\/wp-content\/uploads\/2017\/10\/D4-720x480.jpg\" loading=\"lazy\">\n\t\t\t\t<figcaption>\n\t\t\t\t\t\n\t\t\t\t<\/figcaption>\n\t\t\t<\/figure>\n\t\t\t<figure class=\"post-gallery-item\">\n\t\t\t\t<img decoding=\"async\" src=\"https:\/\/www.pressenza.com\/wp-content\/uploads\/2017\/10\/D6-720x480.jpg\" loading=\"lazy\">\n\t\t\t\t<figcaption>\n\t\t\t\t\t\n\t\t\t\t<\/figcaption>\n\t\t\t<\/figure>\n\t\t\t<figure class=\"post-gallery-item\">\n\t\t\t\t<img decoding=\"async\" src=\"https:\/\/www.pressenza.com\/wp-content\/uploads\/2017\/10\/D7-720x480.jpg\" loading=\"lazy\">\n\t\t\t\t<figcaption>\n\t\t\t\t\t\n\t\t\t\t<\/figcaption>\n\t\t\t<\/figure><\/div>\n","protected":false},"excerpt":{"rendered":"<p>Chile es un pa\u00eds peque\u00f1o y con una tremenda apat\u00eda a la hora de votar. La indiferencia cunde y aparentemente el individualismo tambi\u00e9n. Por eso ha sido tan sorprendente el resultado del Plebiscito organizado \u00edntegramente por la ciudadan\u00eda, sin absolutamente&hellip;<\/p>\n","protected":false},"author":22,"featured_media":531789,"comment_status":"closed","ping_status":"closed","sticky":false,"template":"","format":"standard","meta":{"footnotes":""},"categories":[11389,79,5667,67],"tags":[29,24580,1344],"class_list":["post-531788","post","type-post","status-publish","format-standard","has-post-thumbnail","hentry","category-contenido-original","category-derechos-humanos","category-foto-reportajes","category-sudamerica","tag-chile","tag-noafp","tag-plebiscito"],"yoast_head":"<!-- This site is optimized with the Yoast SEO plugin v27.1.1 - https:\/\/yoast.com\/product\/yoast-seo-wordpress\/ -->\n<title>993.000 votos en Plebiscito No+AFP<\/title>\n<meta name=\"description\" content=\"Chile es un pa\u00eds peque\u00f1o y con una tremenda apat\u00eda a la hora de votar. La indiferencia cunde y aparentemente el individualismo tambi\u00e9n. Por eso ha sido\" \/>\n<meta name=\"robots\" content=\"index, follow, max-snippet:-1, max-image-preview:large, max-video-preview:-1\" \/>\n<link rel=\"canonical\" href=\"https:\/\/www.pressenza.com\/es\/2017\/10\/993-000-votos-plebiscito-noafp\/\" \/>\n<meta property=\"og:locale\" content=\"es_ES\" \/>\n<meta property=\"og:type\" content=\"article\" \/>\n<meta property=\"og:title\" content=\"993.000 votos en Plebiscito No+AFP\" \/>\n<meta property=\"og:description\" content=\"Chile es un pa\u00eds peque\u00f1o y con una tremenda apat\u00eda a la hora de votar. La indiferencia cunde y aparentemente el individualismo tambi\u00e9n. Por eso ha sido\" \/>\n<meta property=\"og:url\" content=\"https:\/\/www.pressenza.com\/es\/2017\/10\/993-000-votos-plebiscito-noafp\/\" \/>\n<meta property=\"og:site_name\" content=\"Pressenza\" \/>\n<meta property=\"article:publisher\" content=\"https:\/\/www.facebook.com\/PressenzaItalia\" \/>\n<meta property=\"article:author\" content=\"https:\/\/www.facebook.com\/pia.figueroa?ref=tn_tnmn\" \/>\n<meta property=\"article:published_time\" content=\"2017-10-04T20:50:48+00:00\" \/>\n<meta property=\"og:image\" content=\"https:\/\/www.pressenza.com\/wp-content\/uploads\/2017\/10\/D5.jpg\" \/>\n\t<meta property=\"og:image:width\" content=\"1600\" \/>\n\t<meta property=\"og:image:height\" content=\"1066\" \/>\n\t<meta property=\"og:image:type\" content=\"image\/jpeg\" \/>\n<meta name=\"author\" content=\"P\u00eda Figueroa\" \/>\n<meta name=\"twitter:card\" content=\"summary_large_image\" \/>\n<meta name=\"twitter:creator\" content=\"@piafigueroa\" \/>\n<meta name=\"twitter:site\" content=\"@PressenzaIPA\" \/>\n<meta name=\"twitter:label1\" content=\"Escrito por\" \/>\n\t<meta name=\"twitter:data1\" content=\"P\u00eda Figueroa\" \/>\n\t<meta name=\"twitter:label2\" content=\"Tiempo de lectura\" \/>\n\t<meta name=\"twitter:data2\" content=\"1 minuto\" \/>\n<script type=\"application\/ld+json\" class=\"yoast-schema-graph\">{\"@context\":\"https:\/\/schema.org\",\"@graph\":[{\"@type\":\"Article\",\"@id\":\"https:\/\/www.pressenza.com\/es\/2017\/10\/993-000-votos-plebiscito-noafp\/#article\",\"isPartOf\":{\"@id\":\"https:\/\/www.pressenza.com\/es\/2017\/10\/993-000-votos-plebiscito-noafp\/\"},\"author\":{\"name\":\"P\u00eda Figueroa\",\"@id\":\"https:\/\/www.pressenza.com\/es\/#\/schema\/person\/8bb53ec73ef39ceec36ca0128a0ccd41\"},\"headline\":\"993.000 votos en Plebiscito No+AFP\",\"datePublished\":\"2017-10-04T20:50:48+00:00\",\"mainEntityOfPage\":{\"@id\":\"https:\/\/www.pressenza.com\/es\/2017\/10\/993-000-votos-plebiscito-noafp\/\"},\"wordCount\":190,\"publisher\":{\"@id\":\"https:\/\/www.pressenza.com\/es\/#organization\"},\"image\":{\"@id\":\"https:\/\/www.pressenza.com\/es\/2017\/10\/993-000-votos-plebiscito-noafp\/#primaryimage\"},\"thumbnailUrl\":\"https:\/\/www.pressenza.com\/wp-content\/uploads\/2017\/10\/D5.jpg\",\"keywords\":[\"Chile\",\"NO+AFP\",\"Plebiscito\"],\"articleSection\":[\"Contenido Original\",\"Derechos Humanos\",\"Fotorreportajes\",\"Sudam\u00e9rica\"],\"inLanguage\":\"es\"},{\"@type\":\"WebPage\",\"@id\":\"https:\/\/www.pressenza.com\/es\/2017\/10\/993-000-votos-plebiscito-noafp\/\",\"url\":\"https:\/\/www.pressenza.com\/es\/2017\/10\/993-000-votos-plebiscito-noafp\/\",\"name\":\"993.000 votos en Plebiscito No+AFP\",\"isPartOf\":{\"@id\":\"https:\/\/www.pressenza.com\/es\/#website\"},\"primaryImageOfPage\":{\"@id\":\"https:\/\/www.pressenza.com\/es\/2017\/10\/993-000-votos-plebiscito-noafp\/#primaryimage\"},\"image\":{\"@id\":\"https:\/\/www.pressenza.com\/es\/2017\/10\/993-000-votos-plebiscito-noafp\/#primaryimage\"},\"thumbnailUrl\":\"https:\/\/www.pressenza.com\/wp-content\/uploads\/2017\/10\/D5.jpg\",\"datePublished\":\"2017-10-04T20:50:48+00:00\",\"description\":\"Chile es un pa\u00eds peque\u00f1o y con una tremenda apat\u00eda a la hora de votar. La indiferencia cunde y aparentemente el individualismo tambi\u00e9n. Por eso ha sido\",\"breadcrumb\":{\"@id\":\"https:\/\/www.pressenza.com\/es\/2017\/10\/993-000-votos-plebiscito-noafp\/#breadcrumb\"},\"inLanguage\":\"es\",\"potentialAction\":[{\"@type\":\"ReadAction\",\"target\":[\"https:\/\/www.pressenza.com\/es\/2017\/10\/993-000-votos-plebiscito-noafp\/\"]}]},{\"@type\":\"ImageObject\",\"inLanguage\":\"es\",\"@id\":\"https:\/\/www.pressenza.com\/es\/2017\/10\/993-000-votos-plebiscito-noafp\/#primaryimage\",\"url\":\"https:\/\/www.pressenza.com\/wp-content\/uploads\/2017\/10\/D5.jpg\",\"contentUrl\":\"https:\/\/www.pressenza.com\/wp-content\/uploads\/2017\/10\/D5.jpg\",\"width\":1600,\"height\":1066},{\"@type\":\"BreadcrumbList\",\"@id\":\"https:\/\/www.pressenza.com\/es\/2017\/10\/993-000-votos-plebiscito-noafp\/#breadcrumb\",\"itemListElement\":[{\"@type\":\"ListItem\",\"position\":1,\"name\":\"Accueil\",\"item\":\"https:\/\/www.pressenza.com\/es\/\"},{\"@type\":\"ListItem\",\"position\":2,\"name\":\"993.000 votos en Plebiscito No+AFP\"}]},{\"@type\":\"WebSite\",\"@id\":\"https:\/\/www.pressenza.com\/es\/#website\",\"url\":\"https:\/\/www.pressenza.com\/es\/\",\"name\":\"Pressenza\",\"description\":\"International Press Agency\",\"publisher\":{\"@id\":\"https:\/\/www.pressenza.com\/es\/#organization\"},\"potentialAction\":[{\"@type\":\"SearchAction\",\"target\":{\"@type\":\"EntryPoint\",\"urlTemplate\":\"https:\/\/www.pressenza.com\/es\/?s={search_term_string}\"},\"query-input\":{\"@type\":\"PropertyValueSpecification\",\"valueRequired\":true,\"valueName\":\"search_term_string\"}}],\"inLanguage\":\"es\"},{\"@type\":\"Organization\",\"@id\":\"https:\/\/www.pressenza.com\/es\/#organization\",\"name\":\"Pressenza\",\"url\":\"https:\/\/www.pressenza.com\/es\/\",\"logo\":{\"@type\":\"ImageObject\",\"inLanguage\":\"es\",\"@id\":\"https:\/\/www.pressenza.com\/es\/#\/schema\/logo\/image\/\",\"url\":\"https:\/\/www.pressenza.com\/wp-content\/uploads\/2022\/10\/pressenza_logo_200x200.jpg\",\"contentUrl\":\"https:\/\/www.pressenza.com\/wp-content\/uploads\/2022\/10\/pressenza_logo_200x200.jpg\",\"width\":200,\"height\":200,\"caption\":\"Pressenza\"},\"image\":{\"@id\":\"https:\/\/www.pressenza.com\/es\/#\/schema\/logo\/image\/\"},\"sameAs\":[\"https:\/\/www.facebook.com\/PressenzaItalia\",\"https:\/\/x.com\/PressenzaIPA\"]},{\"@type\":\"Person\",\"@id\":\"https:\/\/www.pressenza.com\/es\/#\/schema\/person\/8bb53ec73ef39ceec36ca0128a0ccd41\",\"name\":\"P\u00eda Figueroa\",\"description\":\"Founder of Pressenza, life-long humanist, author of several monographs and books.\",\"sameAs\":[\"https:\/\/www.facebook.com\/pia.figueroa?ref=tn_tnmn\",\"https:\/\/x.com\/piafigueroa\"],\"url\":\"https:\/\/www.pressenza.com\/es\/author\/pia-figueroa\/\"}]}<\/script>\n<!-- \/ Yoast SEO plugin. -->","yoast_head_json":{"title":"993.000 votos en Plebiscito No+AFP","description":"Chile es un pa\u00eds peque\u00f1o y con una tremenda apat\u00eda a la hora de votar. La indiferencia cunde y aparentemente el individualismo tambi\u00e9n. Por eso ha sido","robots":{"index":"index","follow":"follow","max-snippet":"max-snippet:-1","max-image-preview":"max-image-preview:large","max-video-preview":"max-video-preview:-1"},"canonical":"https:\/\/www.pressenza.com\/es\/2017\/10\/993-000-votos-plebiscito-noafp\/","og_locale":"es_ES","og_type":"article","og_title":"993.000 votos en Plebiscito No+AFP","og_description":"Chile es un pa\u00eds peque\u00f1o y con una tremenda apat\u00eda a la hora de votar. La indiferencia cunde y aparentemente el individualismo tambi\u00e9n. Por eso ha sido","og_url":"https:\/\/www.pressenza.com\/es\/2017\/10\/993-000-votos-plebiscito-noafp\/","og_site_name":"Pressenza","article_publisher":"https:\/\/www.facebook.com\/PressenzaItalia","article_author":"https:\/\/www.facebook.com\/pia.figueroa?ref=tn_tnmn","article_published_time":"2017-10-04T20:50:48+00:00","og_image":[{"width":1600,"height":1066,"url":"https:\/\/www.pressenza.com\/wp-content\/uploads\/2017\/10\/D5.jpg","type":"image\/jpeg"}],"author":"P\u00eda Figueroa","twitter_card":"summary_large_image","twitter_creator":"@piafigueroa","twitter_site":"@PressenzaIPA","twitter_misc":{"Escrito por":"P\u00eda Figueroa","Tiempo de lectura":"1 minuto"},"schema":{"@context":"https:\/\/schema.org","@graph":[{"@type":"Article","@id":"https:\/\/www.pressenza.com\/es\/2017\/10\/993-000-votos-plebiscito-noafp\/#article","isPartOf":{"@id":"https:\/\/www.pressenza.com\/es\/2017\/10\/993-000-votos-plebiscito-noafp\/"},"author":{"name":"P\u00eda Figueroa","@id":"https:\/\/www.pressenza.com\/es\/#\/schema\/person\/8bb53ec73ef39ceec36ca0128a0ccd41"},"headline":"993.000 votos en Plebiscito No+AFP","datePublished":"2017-10-04T20:50:48+00:00","mainEntityOfPage":{"@id":"https:\/\/www.pressenza.com\/es\/2017\/10\/993-000-votos-plebiscito-noafp\/"},"wordCount":190,"publisher":{"@id":"https:\/\/www.pressenza.com\/es\/#organization"},"image":{"@id":"https:\/\/www.pressenza.com\/es\/2017\/10\/993-000-votos-plebiscito-noafp\/#primaryimage"},"thumbnailUrl":"https:\/\/www.pressenza.com\/wp-content\/uploads\/2017\/10\/D5.jpg","keywords":["Chile","NO+AFP","Plebiscito"],"articleSection":["Contenido Original","Derechos Humanos","Fotorreportajes","Sudam\u00e9rica"],"inLanguage":"es"},{"@type":"WebPage","@id":"https:\/\/www.pressenza.com\/es\/2017\/10\/993-000-votos-plebiscito-noafp\/","url":"https:\/\/www.pressenza.com\/es\/2017\/10\/993-000-votos-plebiscito-noafp\/","name":"993.000 votos en Plebiscito No+AFP","isPartOf":{"@id":"https:\/\/www.pressenza.com\/es\/#website"},"primaryImageOfPage":{"@id":"https:\/\/www.pressenza.com\/es\/2017\/10\/993-000-votos-plebiscito-noafp\/#primaryimage"},"image":{"@id":"https:\/\/www.pressenza.com\/es\/2017\/10\/993-000-votos-plebiscito-noafp\/#primaryimage"},"thumbnailUrl":"https:\/\/www.pressenza.com\/wp-content\/uploads\/2017\/10\/D5.jpg","datePublished":"2017-10-04T20:50:48+00:00","description":"Chile es un pa\u00eds peque\u00f1o y con una tremenda apat\u00eda a la hora de votar. La indiferencia cunde y aparentemente el individualismo tambi\u00e9n. Por eso ha sido","breadcrumb":{"@id":"https:\/\/www.pressenza.com\/es\/2017\/10\/993-000-votos-plebiscito-noafp\/#breadcrumb"},"inLanguage":"es","potentialAction":[{"@type":"ReadAction","target":["https:\/\/www.pressenza.com\/es\/2017\/10\/993-000-votos-plebiscito-noafp\/"]}]},{"@type":"ImageObject","inLanguage":"es","@id":"https:\/\/www.pressenza.com\/es\/2017\/10\/993-000-votos-plebiscito-noafp\/#primaryimage","url":"https:\/\/www.pressenza.com\/wp-content\/uploads\/2017\/10\/D5.jpg","contentUrl":"https:\/\/www.pressenza.com\/wp-content\/uploads\/2017\/10\/D5.jpg","width":1600,"height":1066},{"@type":"BreadcrumbList","@id":"https:\/\/www.pressenza.com\/es\/2017\/10\/993-000-votos-plebiscito-noafp\/#breadcrumb","itemListElement":[{"@type":"ListItem","position":1,"name":"Accueil","item":"https:\/\/www.pressenza.com\/es\/"},{"@type":"ListItem","position":2,"name":"993.000 votos en Plebiscito No+AFP"}]},{"@type":"WebSite","@id":"https:\/\/www.pressenza.com\/es\/#website","url":"https:\/\/www.pressenza.com\/es\/","name":"Pressenza","description":"International Press Agency","publisher":{"@id":"https:\/\/www.pressenza.com\/es\/#organization"},"potentialAction":[{"@type":"SearchAction","target":{"@type":"EntryPoint","urlTemplate":"https:\/\/www.pressenza.com\/es\/?s={search_term_string}"},"query-input":{"@type":"PropertyValueSpecification","valueRequired":true,"valueName":"search_term_string"}}],"inLanguage":"es"},{"@type":"Organization","@id":"https:\/\/www.pressenza.com\/es\/#organization","name":"Pressenza","url":"https:\/\/www.pressenza.com\/es\/","logo":{"@type":"ImageObject","inLanguage":"es","@id":"https:\/\/www.pressenza.com\/es\/#\/schema\/logo\/image\/","url":"https:\/\/www.pressenza.com\/wp-content\/uploads\/2022\/10\/pressenza_logo_200x200.jpg","contentUrl":"https:\/\/www.pressenza.com\/wp-content\/uploads\/2022\/10\/pressenza_logo_200x200.jpg","width":200,"height":200,"caption":"Pressenza"},"image":{"@id":"https:\/\/www.pressenza.com\/es\/#\/schema\/logo\/image\/"},"sameAs":["https:\/\/www.facebook.com\/PressenzaItalia","https:\/\/x.com\/PressenzaIPA"]},{"@type":"Person","@id":"https:\/\/www.pressenza.com\/es\/#\/schema\/person\/8bb53ec73ef39ceec36ca0128a0ccd41","name":"P\u00eda Figueroa","description":"Founder of Pressenza, life-long humanist, author of several monographs and books.","sameAs":["https:\/\/www.facebook.com\/pia.figueroa?ref=tn_tnmn","https:\/\/x.com\/piafigueroa"],"url":"https:\/\/www.pressenza.com\/es\/author\/pia-figueroa\/"}]}},"place":"Santiago de Chile","original_article_url":"","_links":{"self":[{"href":"https:\/\/www.pressenza.com\/es\/wp-json\/wp\/v2\/posts\/531788","targetHints":{"allow":["GET"]}}],"collection":[{"href":"https:\/\/www.pressenza.com\/es\/wp-json\/wp\/v2\/posts"}],"about":[{"href":"https:\/\/www.pressenza.com\/es\/wp-json\/wp\/v2\/types\/post"}],"author":[{"embeddable":true,"href":"https:\/\/www.pressenza.com\/es\/wp-json\/wp\/v2\/users\/22"}],"replies":[{"embeddable":true,"href":"https:\/\/www.pressenza.com\/es\/wp-json\/wp\/v2\/comments?post=531788"}],"version-history":[{"count":0,"href":"https:\/\/www.pressenza.com\/es\/wp-json\/wp\/v2\/posts\/531788\/revisions"}],"wp:featuredmedia":[{"embeddable":true,"href":"https:\/\/www.pressenza.com\/es\/wp-json\/wp\/v2\/media\/531789"}],"wp:attachment":[{"href":"https:\/\/www.pressenza.com\/es\/wp-json\/wp\/v2\/media?parent=531788"}],"wp:term":[{"taxonomy":"category","embeddable":true,"href":"https:\/\/www.pressenza.com\/es\/wp-json\/wp\/v2\/categories?post=531788"},{"taxonomy":"post_tag","embeddable":true,"href":"https:\/\/www.pressenza.com\/es\/wp-json\/wp\/v2\/tags?post=531788"}],"curies":[{"name":"wp","href":"https:\/\/api.w.org\/{rel}","templated":true}]}}