{"id":531702,"date":"2017-10-04T17:59:08","date_gmt":"2017-10-04T16:59:08","guid":{"rendered":"https:\/\/www.pressenza.com\/?p=531702\/"},"modified":"2017-10-04T23:42:23","modified_gmt":"2017-10-04T22:42:23","slug":"vayase-majestad","status":"publish","type":"post","link":"https:\/\/www.pressenza.com\/es\/2017\/10\/vayase-majestad\/","title":{"rendered":"\u00a1V\u00e1yase, Majestad!"},"content":{"rendered":"<blockquote><p>Carta abierta a Felipe VI<\/p><\/blockquote>\n<p>Le tratar\u00e9 con el respeto que usted nos ha negado; la \u00faltima vez ayer con un discurso en el que se olvid\u00f3 de las v\u00edctimas y ech\u00f3 m\u00e1s le\u00f1a al fuego, alimentando los bandos y el conflicto.<\/p>\n<p>Le dir\u00e9 algunas de las razones por las que la instituci\u00f3n que representa debe desaparecer y usted debe dimitir y dedicarse a otras labores. Y no las explicar\u00e9 todas porque no tendr\u00eda suficiente con un libro, s\u00f3lo hablar\u00e9 de ciertos aspectos y de algunas razones obvias.<\/p>\n<p><strong>Algunos pocos motivos de por qu\u00e9 usted debe irse<\/strong>:<\/p>\n<p><strong>Se\u00f1or, usted debe irse<\/strong> porque lidera una <strong>instituci\u00f3n obsoleta<\/strong> que viene de la Edad Media y que es inaceptable en pleno siglo XXI. \u00bfC\u00f3mo se atreve, por cierto, a hablar e intentar dar lecciones de democracia cuando usted est\u00e1 donde est\u00e1 y vive como vive porque naci\u00f3 hijo y nieto de\u2026? \u00bfQui\u00e9n le ha elegido a usted?<\/p>\n<p><strong>Se\u00f1or, usted debe irse<\/strong> porque su \u201cmantenimiento\u201d genera mayor <strong>desigualdad econ\u00f3mica<\/strong>, y por tanto social, entre los espa\u00f1oles. \u00bfCu\u00e1ntas personas podr\u00edan vivir en nuestro pa\u00eds con el presupuesto destinado a su familia cada a\u00f1o -7,800 millones de euros-? \u00bfSabe que su presupuesto es igual a lo que cobran 920 pensionistas que viven con la pensi\u00f3n m\u00ednima, o que es lo mismo que cobran cerca de 800 trabajadores a los cuales se les reconozca el salario m\u00ednimo interprofesional&#8230; que muchos no llegan a esto? Tal vez crea que usted tiene m\u00e1s derechos que ellos.<\/p>\n<p>Si fuera el caso, es un motivo m\u00e1s para que se vaya. Esa creencia no tiene lugar en el futuro que la gente de la calle, normal, pac\u00edfica, queremos construir para nosotros y nuestros hijos: un futuro con iguales derechos e iguales oportunidades para todos.<\/p>\n<p><strong>Se\u00f1or, usted debe irse<\/strong> porque representa la <strong>corrupci\u00f3n<\/strong>. La instituci\u00f3n que encabeza est\u00e1 relacionada con no pocos casos de corruptelas que han perjudicado gravemente y de distintos modos a todos los espa\u00f1oles. \u00bfLe recuerdo los casos?<\/p>\n<p><strong>Se\u00f1or, usted debe irse<\/strong> porque representa la <strong>injusticia<\/strong>. Podr\u00eda explic\u00e1rselo desde muchos \u00e1ngulos pero relacionado con el punto anterior, le recuerdo que desde la Casa Real se movi\u00f3 todo para que su hermana y su cu\u00f1ado, ambos estafadores p\u00fablicos, quedaran finalmente en la calle; su hermana, incluso sin cargos. \u00bfNo me dir\u00e1 que esto es justo o que la justicia es igual para todos y, por tanto, justa?<\/p>\n<p><strong>Se\u00f1or, usted debe irse<\/strong> porque tiene <strong>relaciones de amistad<\/strong>, y no sabemos si tambi\u00e9n en otros campos relacionados con los negocios, con gobiernos que compran <strong>armas<\/strong> en Espa\u00f1a para financiar grupos terroristas e invadir y desestabilizar a otros pa\u00edses y otros pueblos.<\/p>\n<p><strong>Se\u00f1or, usted debe irse<\/strong> porque representa la <strong>opacidad <\/strong>m\u00e1s opaca. \u00bfPor qu\u00e9 sus cuentas, que pagamos todos los espa\u00f1oles, no pueden ser p\u00fablicas? Usted y su familia, m\u00e1s que ning\u00fan otro espa\u00f1ol deber\u00edan ser transparentes.<\/p>\n<p><strong>Se\u00f1or, usted debe irse<\/strong> porque se pone <strong>del lado del verdugo<\/strong> y se olvida de las v\u00edctimas; y en ese ejercicio irresponsable s\u00f3lo habla a parte de los espa\u00f1oles, a los cuales ni siquiera valora aunque ellos lo crean. Pareciera \u00a0hablar s\u00f3lo a quienes pueden defender su sill\u00f3n y su corona, anoche lo demostr\u00f3 una vez m\u00e1s. Nos preguntamos \u00bfPor qu\u00e9 no habl\u00f3 cuando se firm\u00f3 el art\u00edculo 135 a escondidas, poniendo a los intereses del gran capital por delante de toda la poblaci\u00f3n espa\u00f1ola; cuando se privatizaba la sanidad; cuando se entregaba el dinero de las pensiones a los bancos\u2026? \u00bfSer\u00e1 que tiene intereses comunes con quienes han llevado a cabo tales fechor\u00edas?<\/p>\n<p><strong>Se\u00f1or, usted debe irse<\/strong> porque <strong>no tiene respeto<\/strong> alguno por las <strong>instituciones<\/strong> aunque tiene la desverg\u00fcenza de apelar a ellas. Las instituciones deber\u00edan estar conformadas por el pueblo y para el pueblo. Ya en los puntos anteriores, le he comentado algunos de los momentos en los que usted o su familia las han prostituido.<\/p>\n<p>Son tantas causas las que me llevan a pedirle que se vaya\u2026 pero el espacio es limitado.<\/p>\n<p>S\u00f3lo recordarle, por \u00faltimo, que ya tuvo que abdicar su padre por los\u00a0 \u201cfregados\u201d en los que estaba metido, apareciendo usted como salvador de su \u201ccasa\u201d y como el adalid de la honestidad, lo nuevo\u2026 Le agradezco que\u00a0 no se atreviera a pedir al gobierno que convocara un refer\u00e9ndum para contar con el respaldo del pueblo espa\u00f1ol a su mandato \u2013tal vez, en ese caso, hubiera tenido hoy algo m\u00e1s de apoyo moral-, pero no lo hizo y ha ido cometiendo errores que le han dejado al descubierto.<\/p>\n<p>Anoche con su <strong>discurso<\/strong>, comenz\u00f3 a \u201ccavar su propia tumba\u201d. No deseo que se muera; de ning\u00fan modo. Su familia todav\u00eda le necesita y adem\u00e1s <strong>debe<\/strong> vivir para poder <strong>resarcir de todo lo que legal pero no leg\u00edtimamente ha \u201ctomado\u201d de la poblaci\u00f3n espa\u00f1ola<\/strong>. F\u00edjese que le doy el beneficio de la duda, de que usted no ha participado en esas operaciones ilegales que tanta pobreza y desigualdad social nos han tra\u00eddo y que tan en el punto de mira de los terroristas nos han puesto.<\/p>\n<p>Para finalizar, le declaro que creo profundamente en la rehabilitaci\u00f3n de todo ser humano, incluido usted. Esto me lleva a pedirle: <strong>\u00a1V\u00e1yase, Majestad!<\/strong><\/p>\n<p>&nbsp;<\/p>\n<p>&nbsp;<\/p>\n<p>&nbsp;<\/p>\n","protected":false},"excerpt":{"rendered":"<p>Carta abierta a Felipe VI Le tratar\u00e9 con el respeto que usted nos ha negado; la \u00faltima vez ayer con un discurso en el que se olvid\u00f3 de las v\u00edctimas y ech\u00f3 m\u00e1s le\u00f1a al fuego, alimentando los bandos y&hellip;<\/p>\n","protected":false},"author":188,"featured_media":531713,"comment_status":"closed","ping_status":"closed","sticky":false,"template":"","format":"standard","meta":{"footnotes":""},"categories":[11389,39,161,74],"tags":[40612,40721,555,556],"class_list":["post-531702","post","type-post","status-publish","format-standard","has-post-thumbnail","hentry","category-contenido-original","category-internacional","category-opiniones","category-politica-es","tag-catalanreferendum","tag-rey","tag-catalunya","tag-reino-de-espana"],"yoast_head":"<!-- This site is optimized with the Yoast SEO plugin v27.1.1 - https:\/\/yoast.com\/product\/yoast-seo-wordpress\/ -->\n<title>\u00a1V\u00e1yase, Majestad!<\/title>\n<meta name=\"description\" content=\"Carta abierta a Felipe VI Le tratar\u00e9 con el respeto que usted nos ha negado; la \u00faltima vez ayer con un discurso en el que se olvid\u00f3 de las v\u00edctimas y ech\u00f3\" \/>\n<meta name=\"robots\" content=\"index, follow, max-snippet:-1, max-image-preview:large, max-video-preview:-1\" \/>\n<link rel=\"canonical\" href=\"https:\/\/www.pressenza.com\/es\/2017\/10\/vayase-majestad\/\" \/>\n<meta property=\"og:locale\" content=\"es_ES\" \/>\n<meta property=\"og:type\" content=\"article\" \/>\n<meta property=\"og:title\" content=\"\u00a1V\u00e1yase, Majestad!\" \/>\n<meta property=\"og:description\" content=\"Carta abierta a Felipe VI Le tratar\u00e9 con el respeto que usted nos ha negado; la \u00faltima vez ayer con un discurso en el que se olvid\u00f3 de las v\u00edctimas y ech\u00f3\" \/>\n<meta property=\"og:url\" content=\"https:\/\/www.pressenza.com\/es\/2017\/10\/vayase-majestad\/\" \/>\n<meta property=\"og:site_name\" content=\"Pressenza\" \/>\n<meta property=\"article:publisher\" content=\"https:\/\/www.facebook.com\/PressenzaItalia\" \/>\n<meta property=\"article:published_time\" content=\"2017-10-04T16:59:08+00:00\" \/>\n<meta property=\"article:modified_time\" content=\"2017-10-04T22:42:23+00:00\" \/>\n<meta property=\"og:image\" content=\"https:\/\/www.pressenza.com\/wp-content\/uploads\/2017\/10\/Felipe-VI-Foto-Casa-Real_EDIIMA20171003_0978_20.jpg\" \/>\n\t<meta property=\"og:image:width\" content=\"643\" \/>\n\t<meta property=\"og:image:height\" content=\"362\" \/>\n\t<meta property=\"og:image:type\" content=\"image\/jpeg\" \/>\n<meta name=\"author\" content=\"Gabriela Amaya\" \/>\n<meta name=\"twitter:card\" content=\"summary_large_image\" \/>\n<meta name=\"twitter:creator\" content=\"@PressenzaIPA\" \/>\n<meta name=\"twitter:site\" content=\"@PressenzaIPA\" \/>\n<meta name=\"twitter:label1\" content=\"Escrito por\" \/>\n\t<meta name=\"twitter:data1\" content=\"Gabriela Amaya\" \/>\n\t<meta name=\"twitter:label2\" content=\"Tiempo de lectura\" \/>\n\t<meta name=\"twitter:data2\" content=\"5 minutos\" \/>\n<script type=\"application\/ld+json\" class=\"yoast-schema-graph\">{\"@context\":\"https:\/\/schema.org\",\"@graph\":[{\"@type\":\"Article\",\"@id\":\"https:\/\/www.pressenza.com\/es\/2017\/10\/vayase-majestad\/#article\",\"isPartOf\":{\"@id\":\"https:\/\/www.pressenza.com\/es\/2017\/10\/vayase-majestad\/\"},\"author\":{\"name\":\"Gabriela Amaya\",\"@id\":\"https:\/\/www.pressenza.com\/es\/#\/schema\/person\/725d47ccbea4c7854f7dd4011b6670b9\"},\"headline\":\"\u00a1V\u00e1yase, Majestad!\",\"datePublished\":\"2017-10-04T16:59:08+00:00\",\"dateModified\":\"2017-10-04T22:42:23+00:00\",\"mainEntityOfPage\":{\"@id\":\"https:\/\/www.pressenza.com\/es\/2017\/10\/vayase-majestad\/\"},\"wordCount\":930,\"publisher\":{\"@id\":\"https:\/\/www.pressenza.com\/es\/#organization\"},\"image\":{\"@id\":\"https:\/\/www.pressenza.com\/es\/2017\/10\/vayase-majestad\/#primaryimage\"},\"thumbnailUrl\":\"https:\/\/www.pressenza.com\/wp-content\/uploads\/2017\/10\/Felipe-VI-Foto-Casa-Real_EDIIMA20171003_0978_20.jpg\",\"keywords\":[\"#CatalanReferendum\",\"#Rey\",\"Catalunya\",\"Reino de Espa\u00f1a\"],\"articleSection\":[\"Contenido Original\",\"Internacional\",\"Opiniones\",\"Pol\u00edtica\"],\"inLanguage\":\"es\"},{\"@type\":\"WebPage\",\"@id\":\"https:\/\/www.pressenza.com\/es\/2017\/10\/vayase-majestad\/\",\"url\":\"https:\/\/www.pressenza.com\/es\/2017\/10\/vayase-majestad\/\",\"name\":\"\u00a1V\u00e1yase, Majestad!\",\"isPartOf\":{\"@id\":\"https:\/\/www.pressenza.com\/es\/#website\"},\"primaryImageOfPage\":{\"@id\":\"https:\/\/www.pressenza.com\/es\/2017\/10\/vayase-majestad\/#primaryimage\"},\"image\":{\"@id\":\"https:\/\/www.pressenza.com\/es\/2017\/10\/vayase-majestad\/#primaryimage\"},\"thumbnailUrl\":\"https:\/\/www.pressenza.com\/wp-content\/uploads\/2017\/10\/Felipe-VI-Foto-Casa-Real_EDIIMA20171003_0978_20.jpg\",\"datePublished\":\"2017-10-04T16:59:08+00:00\",\"dateModified\":\"2017-10-04T22:42:23+00:00\",\"description\":\"Carta abierta a Felipe VI Le tratar\u00e9 con el respeto que usted nos ha negado; la \u00faltima vez ayer con un discurso en el que se olvid\u00f3 de las v\u00edctimas y ech\u00f3\",\"breadcrumb\":{\"@id\":\"https:\/\/www.pressenza.com\/es\/2017\/10\/vayase-majestad\/#breadcrumb\"},\"inLanguage\":\"es\",\"potentialAction\":[{\"@type\":\"ReadAction\",\"target\":[\"https:\/\/www.pressenza.com\/es\/2017\/10\/vayase-majestad\/\"]}]},{\"@type\":\"ImageObject\",\"inLanguage\":\"es\",\"@id\":\"https:\/\/www.pressenza.com\/es\/2017\/10\/vayase-majestad\/#primaryimage\",\"url\":\"https:\/\/www.pressenza.com\/wp-content\/uploads\/2017\/10\/Felipe-VI-Foto-Casa-Real_EDIIMA20171003_0978_20.jpg\",\"contentUrl\":\"https:\/\/www.pressenza.com\/wp-content\/uploads\/2017\/10\/Felipe-VI-Foto-Casa-Real_EDIIMA20171003_0978_20.jpg\",\"width\":643,\"height\":362},{\"@type\":\"BreadcrumbList\",\"@id\":\"https:\/\/www.pressenza.com\/es\/2017\/10\/vayase-majestad\/#breadcrumb\",\"itemListElement\":[{\"@type\":\"ListItem\",\"position\":1,\"name\":\"Accueil\",\"item\":\"https:\/\/www.pressenza.com\/es\/\"},{\"@type\":\"ListItem\",\"position\":2,\"name\":\"\u00a1V\u00e1yase, Majestad!\"}]},{\"@type\":\"WebSite\",\"@id\":\"https:\/\/www.pressenza.com\/es\/#website\",\"url\":\"https:\/\/www.pressenza.com\/es\/\",\"name\":\"Pressenza\",\"description\":\"International Press Agency\",\"publisher\":{\"@id\":\"https:\/\/www.pressenza.com\/es\/#organization\"},\"potentialAction\":[{\"@type\":\"SearchAction\",\"target\":{\"@type\":\"EntryPoint\",\"urlTemplate\":\"https:\/\/www.pressenza.com\/es\/?s={search_term_string}\"},\"query-input\":{\"@type\":\"PropertyValueSpecification\",\"valueRequired\":true,\"valueName\":\"search_term_string\"}}],\"inLanguage\":\"es\"},{\"@type\":\"Organization\",\"@id\":\"https:\/\/www.pressenza.com\/es\/#organization\",\"name\":\"Pressenza\",\"url\":\"https:\/\/www.pressenza.com\/es\/\",\"logo\":{\"@type\":\"ImageObject\",\"inLanguage\":\"es\",\"@id\":\"https:\/\/www.pressenza.com\/es\/#\/schema\/logo\/image\/\",\"url\":\"https:\/\/www.pressenza.com\/wp-content\/uploads\/2022\/10\/pressenza_logo_200x200.jpg\",\"contentUrl\":\"https:\/\/www.pressenza.com\/wp-content\/uploads\/2022\/10\/pressenza_logo_200x200.jpg\",\"width\":200,\"height\":200,\"caption\":\"Pressenza\"},\"image\":{\"@id\":\"https:\/\/www.pressenza.com\/es\/#\/schema\/logo\/image\/\"},\"sameAs\":[\"https:\/\/www.facebook.com\/PressenzaItalia\",\"https:\/\/x.com\/PressenzaIPA\"]},{\"@type\":\"Person\",\"@id\":\"https:\/\/www.pressenza.com\/es\/#\/schema\/person\/725d47ccbea4c7854f7dd4011b6670b9\",\"name\":\"Gabriela Amaya\",\"description\":\"Editor in Spanish, Gabriel Amaya has worked in radio and written press and years ago decided to develop her journalistic work as a professional volunteer at the service of peace and nonviolence. She is also involved with different collectives and platforms which she supports with her journalism.\",\"url\":\"https:\/\/www.pressenza.com\/es\/author\/gabriela-amaya\/\"}]}<\/script>\n<!-- \/ Yoast SEO plugin. -->","yoast_head_json":{"title":"\u00a1V\u00e1yase, Majestad!","description":"Carta abierta a Felipe VI Le tratar\u00e9 con el respeto que usted nos ha negado; la \u00faltima vez ayer con un discurso en el que se olvid\u00f3 de las v\u00edctimas y ech\u00f3","robots":{"index":"index","follow":"follow","max-snippet":"max-snippet:-1","max-image-preview":"max-image-preview:large","max-video-preview":"max-video-preview:-1"},"canonical":"https:\/\/www.pressenza.com\/es\/2017\/10\/vayase-majestad\/","og_locale":"es_ES","og_type":"article","og_title":"\u00a1V\u00e1yase, Majestad!","og_description":"Carta abierta a Felipe VI Le tratar\u00e9 con el respeto que usted nos ha negado; la \u00faltima vez ayer con un discurso en el que se olvid\u00f3 de las v\u00edctimas y ech\u00f3","og_url":"https:\/\/www.pressenza.com\/es\/2017\/10\/vayase-majestad\/","og_site_name":"Pressenza","article_publisher":"https:\/\/www.facebook.com\/PressenzaItalia","article_published_time":"2017-10-04T16:59:08+00:00","article_modified_time":"2017-10-04T22:42:23+00:00","og_image":[{"width":643,"height":362,"url":"https:\/\/www.pressenza.com\/wp-content\/uploads\/2017\/10\/Felipe-VI-Foto-Casa-Real_EDIIMA20171003_0978_20.jpg","type":"image\/jpeg"}],"author":"Gabriela Amaya","twitter_card":"summary_large_image","twitter_creator":"@PressenzaIPA","twitter_site":"@PressenzaIPA","twitter_misc":{"Escrito por":"Gabriela Amaya","Tiempo de lectura":"5 minutos"},"schema":{"@context":"https:\/\/schema.org","@graph":[{"@type":"Article","@id":"https:\/\/www.pressenza.com\/es\/2017\/10\/vayase-majestad\/#article","isPartOf":{"@id":"https:\/\/www.pressenza.com\/es\/2017\/10\/vayase-majestad\/"},"author":{"name":"Gabriela Amaya","@id":"https:\/\/www.pressenza.com\/es\/#\/schema\/person\/725d47ccbea4c7854f7dd4011b6670b9"},"headline":"\u00a1V\u00e1yase, Majestad!","datePublished":"2017-10-04T16:59:08+00:00","dateModified":"2017-10-04T22:42:23+00:00","mainEntityOfPage":{"@id":"https:\/\/www.pressenza.com\/es\/2017\/10\/vayase-majestad\/"},"wordCount":930,"publisher":{"@id":"https:\/\/www.pressenza.com\/es\/#organization"},"image":{"@id":"https:\/\/www.pressenza.com\/es\/2017\/10\/vayase-majestad\/#primaryimage"},"thumbnailUrl":"https:\/\/www.pressenza.com\/wp-content\/uploads\/2017\/10\/Felipe-VI-Foto-Casa-Real_EDIIMA20171003_0978_20.jpg","keywords":["#CatalanReferendum","#Rey","Catalunya","Reino de Espa\u00f1a"],"articleSection":["Contenido Original","Internacional","Opiniones","Pol\u00edtica"],"inLanguage":"es"},{"@type":"WebPage","@id":"https:\/\/www.pressenza.com\/es\/2017\/10\/vayase-majestad\/","url":"https:\/\/www.pressenza.com\/es\/2017\/10\/vayase-majestad\/","name":"\u00a1V\u00e1yase, Majestad!","isPartOf":{"@id":"https:\/\/www.pressenza.com\/es\/#website"},"primaryImageOfPage":{"@id":"https:\/\/www.pressenza.com\/es\/2017\/10\/vayase-majestad\/#primaryimage"},"image":{"@id":"https:\/\/www.pressenza.com\/es\/2017\/10\/vayase-majestad\/#primaryimage"},"thumbnailUrl":"https:\/\/www.pressenza.com\/wp-content\/uploads\/2017\/10\/Felipe-VI-Foto-Casa-Real_EDIIMA20171003_0978_20.jpg","datePublished":"2017-10-04T16:59:08+00:00","dateModified":"2017-10-04T22:42:23+00:00","description":"Carta abierta a Felipe VI Le tratar\u00e9 con el respeto que usted nos ha negado; la \u00faltima vez ayer con un discurso en el que se olvid\u00f3 de las v\u00edctimas y ech\u00f3","breadcrumb":{"@id":"https:\/\/www.pressenza.com\/es\/2017\/10\/vayase-majestad\/#breadcrumb"},"inLanguage":"es","potentialAction":[{"@type":"ReadAction","target":["https:\/\/www.pressenza.com\/es\/2017\/10\/vayase-majestad\/"]}]},{"@type":"ImageObject","inLanguage":"es","@id":"https:\/\/www.pressenza.com\/es\/2017\/10\/vayase-majestad\/#primaryimage","url":"https:\/\/www.pressenza.com\/wp-content\/uploads\/2017\/10\/Felipe-VI-Foto-Casa-Real_EDIIMA20171003_0978_20.jpg","contentUrl":"https:\/\/www.pressenza.com\/wp-content\/uploads\/2017\/10\/Felipe-VI-Foto-Casa-Real_EDIIMA20171003_0978_20.jpg","width":643,"height":362},{"@type":"BreadcrumbList","@id":"https:\/\/www.pressenza.com\/es\/2017\/10\/vayase-majestad\/#breadcrumb","itemListElement":[{"@type":"ListItem","position":1,"name":"Accueil","item":"https:\/\/www.pressenza.com\/es\/"},{"@type":"ListItem","position":2,"name":"\u00a1V\u00e1yase, Majestad!"}]},{"@type":"WebSite","@id":"https:\/\/www.pressenza.com\/es\/#website","url":"https:\/\/www.pressenza.com\/es\/","name":"Pressenza","description":"International Press Agency","publisher":{"@id":"https:\/\/www.pressenza.com\/es\/#organization"},"potentialAction":[{"@type":"SearchAction","target":{"@type":"EntryPoint","urlTemplate":"https:\/\/www.pressenza.com\/es\/?s={search_term_string}"},"query-input":{"@type":"PropertyValueSpecification","valueRequired":true,"valueName":"search_term_string"}}],"inLanguage":"es"},{"@type":"Organization","@id":"https:\/\/www.pressenza.com\/es\/#organization","name":"Pressenza","url":"https:\/\/www.pressenza.com\/es\/","logo":{"@type":"ImageObject","inLanguage":"es","@id":"https:\/\/www.pressenza.com\/es\/#\/schema\/logo\/image\/","url":"https:\/\/www.pressenza.com\/wp-content\/uploads\/2022\/10\/pressenza_logo_200x200.jpg","contentUrl":"https:\/\/www.pressenza.com\/wp-content\/uploads\/2022\/10\/pressenza_logo_200x200.jpg","width":200,"height":200,"caption":"Pressenza"},"image":{"@id":"https:\/\/www.pressenza.com\/es\/#\/schema\/logo\/image\/"},"sameAs":["https:\/\/www.facebook.com\/PressenzaItalia","https:\/\/x.com\/PressenzaIPA"]},{"@type":"Person","@id":"https:\/\/www.pressenza.com\/es\/#\/schema\/person\/725d47ccbea4c7854f7dd4011b6670b9","name":"Gabriela Amaya","description":"Editor in Spanish, Gabriel Amaya has worked in radio and written press and years ago decided to develop her journalistic work as a professional volunteer at the service of peace and nonviolence. She is also involved with different collectives and platforms which she supports with her journalism.","url":"https:\/\/www.pressenza.com\/es\/author\/gabriela-amaya\/"}]}},"place":"Madrid","original_article_url":"","_links":{"self":[{"href":"https:\/\/www.pressenza.com\/es\/wp-json\/wp\/v2\/posts\/531702","targetHints":{"allow":["GET"]}}],"collection":[{"href":"https:\/\/www.pressenza.com\/es\/wp-json\/wp\/v2\/posts"}],"about":[{"href":"https:\/\/www.pressenza.com\/es\/wp-json\/wp\/v2\/types\/post"}],"author":[{"embeddable":true,"href":"https:\/\/www.pressenza.com\/es\/wp-json\/wp\/v2\/users\/188"}],"replies":[{"embeddable":true,"href":"https:\/\/www.pressenza.com\/es\/wp-json\/wp\/v2\/comments?post=531702"}],"version-history":[{"count":0,"href":"https:\/\/www.pressenza.com\/es\/wp-json\/wp\/v2\/posts\/531702\/revisions"}],"wp:featuredmedia":[{"embeddable":true,"href":"https:\/\/www.pressenza.com\/es\/wp-json\/wp\/v2\/media\/531713"}],"wp:attachment":[{"href":"https:\/\/www.pressenza.com\/es\/wp-json\/wp\/v2\/media?parent=531702"}],"wp:term":[{"taxonomy":"category","embeddable":true,"href":"https:\/\/www.pressenza.com\/es\/wp-json\/wp\/v2\/categories?post=531702"},{"taxonomy":"post_tag","embeddable":true,"href":"https:\/\/www.pressenza.com\/es\/wp-json\/wp\/v2\/tags?post=531702"}],"curies":[{"name":"wp","href":"https:\/\/api.w.org\/{rel}","templated":true}]}}