{"id":531558,"date":"2017-10-04T15:09:36","date_gmt":"2017-10-04T14:09:36","guid":{"rendered":"https:\/\/www.pressenza.com\/?p=531558\/"},"modified":"2017-10-05T16:04:36","modified_gmt":"2017-10-05T15:04:36","slug":"hablamos-parlem","status":"publish","type":"post","link":"https:\/\/www.pressenza.com\/es\/2017\/10\/hablamos-parlem\/","title":{"rendered":"#Hablamos? #Parlem?"},"content":{"rendered":"<p>Ante la incapacidad probada de los pol\u00edticos, responsables de este callej\u00f3n sin salida al que nos han llevado, y frente a las posturas, que elevan a cada momento m\u00e1s la tensi\u00f3n, sin medir las consecuencas de sus acciones para toda la poblaci\u00f3n, un grupo de <strong>j\u00f3venes<\/strong> han lanzado una <strong>propuesta de di\u00e1logo y resoluci\u00f3n del conflicto desde la base<\/strong>. El slogan es simple y claro <strong>#Hablemos?<\/strong> \/ <strong>#Parlem?<\/strong> y la convocatoria es para este<strong> s\u00e1bado 7 de octubre<\/strong> ante los <strong>Ayuntamientos<\/strong> de cada ciudad y cada pueblo de Espa\u00f1a a las <strong>12 de la ma\u00f1ana<\/strong>.<\/p>\n<p>La iniciativa est\u00e1 rodando por las redes. Esperemos que esto se convierta, al menos, en aquel <em>No A La Guerra<\/em> que finalmente termin\u00f3 con el Aznar de las Azores fuera del Palacio de la Moncloa y, por qu\u00e9 no, ojal\u00e1 esto sea el comienzo de la construcci\u00f3n de una realidad social que responda a los anhelos y el compromiso de tanta gente que estos d\u00edas, aguantando la rabia, resiste la violencia y responde pac\u00edficamente ante la violencia, barbarie y deslealtad institucional.<\/p>\n<p><em><strong>Mensaje de la convocatoria<\/strong><\/em><\/p>\n<p><span style=\"color: #0000ff;\"><em>Hola vecino, hola vecina,\u00a0 <\/em><\/span><\/p>\n<p><span style=\"color: #0000ff;\"><em> Es hora de decir que Espa\u00f1a es un pa\u00eds mejor que sus gobernantes.<\/em><\/span><\/p>\n<p><span style=\"color: #0000ff;\"><em>Han sembrado odio, nos enfrentan y dividen. Si no intervenimos como sociedad, Espa\u00f1a se convertir\u00e1 en un pa\u00eds dif\u00edcil de habitar.<\/em><\/span><\/p>\n<p><span style=\"color: #0000ff;\"><em>Por eso debemos dar un paso adelante toda la ciudadan\u00eda y salir el pr\u00f3ximo s\u00e1bado, con ropa blanca o lazos y carteles blancos, para mostrar que no queremos que nos utilicen, que nos enfrenten, que nos mientan, que somos muchos m\u00e1s y que esto no lo resuelven ellos, sino la gente, el di\u00e1logo y la convivencia. #Hablamos? <\/em><\/span><\/p>\n<p><span style=\"color: #0000ff;\"> <em><strong>Lugar: Frente a los Ayuntamientos de todas las ciudades. <\/strong><\/em><\/span><br \/>\n<span style=\"color: #0000ff;\"><em><strong> Color: Blanco<\/strong><\/em><\/span><br \/>\n<span style=\"color: #0000ff;\"><em><strong> D\u00eda: S\u00e1bado 7 de Octubre a las 12h.<\/strong> <\/em><\/span><\/p>\n<p><strong><span style=\"color: #0000ff;\"> <em>\u00a0\u00a1P\u00e1salo!<\/em><\/span><\/strong><\/p>\n","protected":false},"excerpt":{"rendered":"<p>Ante la incapacidad probada de los pol\u00edticos, responsables de este callej\u00f3n sin salida al que nos han llevado, y frente a las posturas, que elevan a cada momento m\u00e1s la tensi\u00f3n, sin medir las consecuencas de sus acciones para toda&hellip;<\/p>\n","protected":false},"author":188,"featured_media":531575,"comment_status":"closed","ping_status":"closed","sticky":false,"template":"","format":"standard","meta":{"footnotes":""},"categories":[11389,39,1242],"tags":[40612,40755,555,40561,3665,1065,383],"class_list":["post-531558","post","type-post","status-publish","format-standard","has-post-thumbnail","hentry","category-contenido-original","category-internacional","category-noviolencia-tema","tag-catalanreferendum","tag-hablemos-parlem-hablamos","tag-catalunya","tag-conflicto-catalan","tag-dialogo","tag-espana","tag-noviolencia"],"yoast_head":"<!-- This site is optimized with the Yoast SEO plugin v27.1.1 - https:\/\/yoast.com\/product\/yoast-seo-wordpress\/ -->\n<title>#Hablamos? #Parlem?<\/title>\n<meta name=\"description\" content=\"Ante la incapacidad probada de los pol\u00edticos, responsables de este callej\u00f3n sin salida al que nos han llevado, y frente a las posturas, que elevan a cada\" \/>\n<meta name=\"robots\" content=\"index, follow, max-snippet:-1, max-image-preview:large, max-video-preview:-1\" \/>\n<link rel=\"canonical\" href=\"https:\/\/www.pressenza.com\/es\/2017\/10\/hablamos-parlem\/\" \/>\n<meta property=\"og:locale\" content=\"es_ES\" \/>\n<meta property=\"og:type\" content=\"article\" \/>\n<meta property=\"og:title\" content=\"#Hablamos? #Parlem?\" \/>\n<meta property=\"og:description\" content=\"Ante la incapacidad probada de los pol\u00edticos, responsables de este callej\u00f3n sin salida al que nos han llevado, y frente a las posturas, que elevan a cada\" \/>\n<meta property=\"og:url\" content=\"https:\/\/www.pressenza.com\/es\/2017\/10\/hablamos-parlem\/\" \/>\n<meta property=\"og:site_name\" content=\"Pressenza\" \/>\n<meta property=\"article:publisher\" content=\"https:\/\/www.facebook.com\/PressenzaItalia\" \/>\n<meta property=\"article:published_time\" content=\"2017-10-04T14:09:36+00:00\" \/>\n<meta property=\"article:modified_time\" content=\"2017-10-05T15:04:36+00:00\" \/>\n<meta property=\"og:image\" content=\"https:\/\/www.pressenza.com\/wp-content\/uploads\/2017\/10\/hablemos-parlem.jpg\" \/>\n\t<meta property=\"og:image:width\" content=\"388\" \/>\n\t<meta property=\"og:image:height\" content=\"388\" \/>\n\t<meta property=\"og:image:type\" content=\"image\/jpeg\" \/>\n<meta name=\"author\" content=\"Gabriela Amaya\" \/>\n<meta name=\"twitter:card\" content=\"summary_large_image\" \/>\n<meta name=\"twitter:creator\" content=\"@PressenzaIPA\" \/>\n<meta name=\"twitter:site\" content=\"@PressenzaIPA\" \/>\n<meta name=\"twitter:label1\" content=\"Escrito por\" \/>\n\t<meta name=\"twitter:data1\" content=\"Gabriela Amaya\" \/>\n\t<meta name=\"twitter:label2\" content=\"Tiempo de lectura\" \/>\n\t<meta name=\"twitter:data2\" content=\"2 minutos\" \/>\n<script type=\"application\/ld+json\" class=\"yoast-schema-graph\">{\"@context\":\"https:\/\/schema.org\",\"@graph\":[{\"@type\":\"Article\",\"@id\":\"https:\/\/www.pressenza.com\/es\/2017\/10\/hablamos-parlem\/#article\",\"isPartOf\":{\"@id\":\"https:\/\/www.pressenza.com\/es\/2017\/10\/hablamos-parlem\/\"},\"author\":{\"name\":\"Gabriela Amaya\",\"@id\":\"https:\/\/www.pressenza.com\/es\/#\/schema\/person\/725d47ccbea4c7854f7dd4011b6670b9\"},\"headline\":\"#Hablamos? #Parlem?\",\"datePublished\":\"2017-10-04T14:09:36+00:00\",\"dateModified\":\"2017-10-05T15:04:36+00:00\",\"mainEntityOfPage\":{\"@id\":\"https:\/\/www.pressenza.com\/es\/2017\/10\/hablamos-parlem\/\"},\"wordCount\":320,\"publisher\":{\"@id\":\"https:\/\/www.pressenza.com\/es\/#organization\"},\"image\":{\"@id\":\"https:\/\/www.pressenza.com\/es\/2017\/10\/hablamos-parlem\/#primaryimage\"},\"thumbnailUrl\":\"https:\/\/www.pressenza.com\/wp-content\/uploads\/2017\/10\/hablemos-parlem.jpg\",\"keywords\":[\"#CatalanReferendum\",\"#Hablemos #parlem? @#Hablamos?\",\"Catalunya\",\"Conflicto Catal\u00e1n\",\"di\u00e1logo\",\"Espa\u00f1a\",\"Noviolencia\"],\"articleSection\":[\"Contenido Original\",\"Internacional\",\"Noviolencia\"],\"inLanguage\":\"es\"},{\"@type\":\"WebPage\",\"@id\":\"https:\/\/www.pressenza.com\/es\/2017\/10\/hablamos-parlem\/\",\"url\":\"https:\/\/www.pressenza.com\/es\/2017\/10\/hablamos-parlem\/\",\"name\":\"#Hablamos? #Parlem?\",\"isPartOf\":{\"@id\":\"https:\/\/www.pressenza.com\/es\/#website\"},\"primaryImageOfPage\":{\"@id\":\"https:\/\/www.pressenza.com\/es\/2017\/10\/hablamos-parlem\/#primaryimage\"},\"image\":{\"@id\":\"https:\/\/www.pressenza.com\/es\/2017\/10\/hablamos-parlem\/#primaryimage\"},\"thumbnailUrl\":\"https:\/\/www.pressenza.com\/wp-content\/uploads\/2017\/10\/hablemos-parlem.jpg\",\"datePublished\":\"2017-10-04T14:09:36+00:00\",\"dateModified\":\"2017-10-05T15:04:36+00:00\",\"description\":\"Ante la incapacidad probada de los pol\u00edticos, responsables de este callej\u00f3n sin salida al que nos han llevado, y frente a las posturas, que elevan a cada\",\"breadcrumb\":{\"@id\":\"https:\/\/www.pressenza.com\/es\/2017\/10\/hablamos-parlem\/#breadcrumb\"},\"inLanguage\":\"es\",\"potentialAction\":[{\"@type\":\"ReadAction\",\"target\":[\"https:\/\/www.pressenza.com\/es\/2017\/10\/hablamos-parlem\/\"]}]},{\"@type\":\"ImageObject\",\"inLanguage\":\"es\",\"@id\":\"https:\/\/www.pressenza.com\/es\/2017\/10\/hablamos-parlem\/#primaryimage\",\"url\":\"https:\/\/www.pressenza.com\/wp-content\/uploads\/2017\/10\/hablemos-parlem.jpg\",\"contentUrl\":\"https:\/\/www.pressenza.com\/wp-content\/uploads\/2017\/10\/hablemos-parlem.jpg\",\"width\":388,\"height\":388},{\"@type\":\"BreadcrumbList\",\"@id\":\"https:\/\/www.pressenza.com\/es\/2017\/10\/hablamos-parlem\/#breadcrumb\",\"itemListElement\":[{\"@type\":\"ListItem\",\"position\":1,\"name\":\"Accueil\",\"item\":\"https:\/\/www.pressenza.com\/es\/\"},{\"@type\":\"ListItem\",\"position\":2,\"name\":\"#Hablamos? #Parlem?\"}]},{\"@type\":\"WebSite\",\"@id\":\"https:\/\/www.pressenza.com\/es\/#website\",\"url\":\"https:\/\/www.pressenza.com\/es\/\",\"name\":\"Pressenza\",\"description\":\"International Press Agency\",\"publisher\":{\"@id\":\"https:\/\/www.pressenza.com\/es\/#organization\"},\"potentialAction\":[{\"@type\":\"SearchAction\",\"target\":{\"@type\":\"EntryPoint\",\"urlTemplate\":\"https:\/\/www.pressenza.com\/es\/?s={search_term_string}\"},\"query-input\":{\"@type\":\"PropertyValueSpecification\",\"valueRequired\":true,\"valueName\":\"search_term_string\"}}],\"inLanguage\":\"es\"},{\"@type\":\"Organization\",\"@id\":\"https:\/\/www.pressenza.com\/es\/#organization\",\"name\":\"Pressenza\",\"url\":\"https:\/\/www.pressenza.com\/es\/\",\"logo\":{\"@type\":\"ImageObject\",\"inLanguage\":\"es\",\"@id\":\"https:\/\/www.pressenza.com\/es\/#\/schema\/logo\/image\/\",\"url\":\"https:\/\/www.pressenza.com\/wp-content\/uploads\/2022\/10\/pressenza_logo_200x200.jpg\",\"contentUrl\":\"https:\/\/www.pressenza.com\/wp-content\/uploads\/2022\/10\/pressenza_logo_200x200.jpg\",\"width\":200,\"height\":200,\"caption\":\"Pressenza\"},\"image\":{\"@id\":\"https:\/\/www.pressenza.com\/es\/#\/schema\/logo\/image\/\"},\"sameAs\":[\"https:\/\/www.facebook.com\/PressenzaItalia\",\"https:\/\/x.com\/PressenzaIPA\"]},{\"@type\":\"Person\",\"@id\":\"https:\/\/www.pressenza.com\/es\/#\/schema\/person\/725d47ccbea4c7854f7dd4011b6670b9\",\"name\":\"Gabriela Amaya\",\"description\":\"Editor in Spanish, Gabriel Amaya has worked in radio and written press and years ago decided to develop her journalistic work as a professional volunteer at the service of peace and nonviolence. She is also involved with different collectives and platforms which she supports with her journalism.\",\"url\":\"https:\/\/www.pressenza.com\/es\/author\/gabriela-amaya\/\"}]}<\/script>\n<!-- \/ Yoast SEO plugin. -->","yoast_head_json":{"title":"#Hablamos? #Parlem?","description":"Ante la incapacidad probada de los pol\u00edticos, responsables de este callej\u00f3n sin salida al que nos han llevado, y frente a las posturas, que elevan a cada","robots":{"index":"index","follow":"follow","max-snippet":"max-snippet:-1","max-image-preview":"max-image-preview:large","max-video-preview":"max-video-preview:-1"},"canonical":"https:\/\/www.pressenza.com\/es\/2017\/10\/hablamos-parlem\/","og_locale":"es_ES","og_type":"article","og_title":"#Hablamos? #Parlem?","og_description":"Ante la incapacidad probada de los pol\u00edticos, responsables de este callej\u00f3n sin salida al que nos han llevado, y frente a las posturas, que elevan a cada","og_url":"https:\/\/www.pressenza.com\/es\/2017\/10\/hablamos-parlem\/","og_site_name":"Pressenza","article_publisher":"https:\/\/www.facebook.com\/PressenzaItalia","article_published_time":"2017-10-04T14:09:36+00:00","article_modified_time":"2017-10-05T15:04:36+00:00","og_image":[{"width":388,"height":388,"url":"https:\/\/www.pressenza.com\/wp-content\/uploads\/2017\/10\/hablemos-parlem.jpg","type":"image\/jpeg"}],"author":"Gabriela Amaya","twitter_card":"summary_large_image","twitter_creator":"@PressenzaIPA","twitter_site":"@PressenzaIPA","twitter_misc":{"Escrito por":"Gabriela Amaya","Tiempo de lectura":"2 minutos"},"schema":{"@context":"https:\/\/schema.org","@graph":[{"@type":"Article","@id":"https:\/\/www.pressenza.com\/es\/2017\/10\/hablamos-parlem\/#article","isPartOf":{"@id":"https:\/\/www.pressenza.com\/es\/2017\/10\/hablamos-parlem\/"},"author":{"name":"Gabriela Amaya","@id":"https:\/\/www.pressenza.com\/es\/#\/schema\/person\/725d47ccbea4c7854f7dd4011b6670b9"},"headline":"#Hablamos? #Parlem?","datePublished":"2017-10-04T14:09:36+00:00","dateModified":"2017-10-05T15:04:36+00:00","mainEntityOfPage":{"@id":"https:\/\/www.pressenza.com\/es\/2017\/10\/hablamos-parlem\/"},"wordCount":320,"publisher":{"@id":"https:\/\/www.pressenza.com\/es\/#organization"},"image":{"@id":"https:\/\/www.pressenza.com\/es\/2017\/10\/hablamos-parlem\/#primaryimage"},"thumbnailUrl":"https:\/\/www.pressenza.com\/wp-content\/uploads\/2017\/10\/hablemos-parlem.jpg","keywords":["#CatalanReferendum","#Hablemos #parlem? @#Hablamos?","Catalunya","Conflicto Catal\u00e1n","di\u00e1logo","Espa\u00f1a","Noviolencia"],"articleSection":["Contenido Original","Internacional","Noviolencia"],"inLanguage":"es"},{"@type":"WebPage","@id":"https:\/\/www.pressenza.com\/es\/2017\/10\/hablamos-parlem\/","url":"https:\/\/www.pressenza.com\/es\/2017\/10\/hablamos-parlem\/","name":"#Hablamos? #Parlem?","isPartOf":{"@id":"https:\/\/www.pressenza.com\/es\/#website"},"primaryImageOfPage":{"@id":"https:\/\/www.pressenza.com\/es\/2017\/10\/hablamos-parlem\/#primaryimage"},"image":{"@id":"https:\/\/www.pressenza.com\/es\/2017\/10\/hablamos-parlem\/#primaryimage"},"thumbnailUrl":"https:\/\/www.pressenza.com\/wp-content\/uploads\/2017\/10\/hablemos-parlem.jpg","datePublished":"2017-10-04T14:09:36+00:00","dateModified":"2017-10-05T15:04:36+00:00","description":"Ante la incapacidad probada de los pol\u00edticos, responsables de este callej\u00f3n sin salida al que nos han llevado, y frente a las posturas, que elevan a cada","breadcrumb":{"@id":"https:\/\/www.pressenza.com\/es\/2017\/10\/hablamos-parlem\/#breadcrumb"},"inLanguage":"es","potentialAction":[{"@type":"ReadAction","target":["https:\/\/www.pressenza.com\/es\/2017\/10\/hablamos-parlem\/"]}]},{"@type":"ImageObject","inLanguage":"es","@id":"https:\/\/www.pressenza.com\/es\/2017\/10\/hablamos-parlem\/#primaryimage","url":"https:\/\/www.pressenza.com\/wp-content\/uploads\/2017\/10\/hablemos-parlem.jpg","contentUrl":"https:\/\/www.pressenza.com\/wp-content\/uploads\/2017\/10\/hablemos-parlem.jpg","width":388,"height":388},{"@type":"BreadcrumbList","@id":"https:\/\/www.pressenza.com\/es\/2017\/10\/hablamos-parlem\/#breadcrumb","itemListElement":[{"@type":"ListItem","position":1,"name":"Accueil","item":"https:\/\/www.pressenza.com\/es\/"},{"@type":"ListItem","position":2,"name":"#Hablamos? #Parlem?"}]},{"@type":"WebSite","@id":"https:\/\/www.pressenza.com\/es\/#website","url":"https:\/\/www.pressenza.com\/es\/","name":"Pressenza","description":"International Press Agency","publisher":{"@id":"https:\/\/www.pressenza.com\/es\/#organization"},"potentialAction":[{"@type":"SearchAction","target":{"@type":"EntryPoint","urlTemplate":"https:\/\/www.pressenza.com\/es\/?s={search_term_string}"},"query-input":{"@type":"PropertyValueSpecification","valueRequired":true,"valueName":"search_term_string"}}],"inLanguage":"es"},{"@type":"Organization","@id":"https:\/\/www.pressenza.com\/es\/#organization","name":"Pressenza","url":"https:\/\/www.pressenza.com\/es\/","logo":{"@type":"ImageObject","inLanguage":"es","@id":"https:\/\/www.pressenza.com\/es\/#\/schema\/logo\/image\/","url":"https:\/\/www.pressenza.com\/wp-content\/uploads\/2022\/10\/pressenza_logo_200x200.jpg","contentUrl":"https:\/\/www.pressenza.com\/wp-content\/uploads\/2022\/10\/pressenza_logo_200x200.jpg","width":200,"height":200,"caption":"Pressenza"},"image":{"@id":"https:\/\/www.pressenza.com\/es\/#\/schema\/logo\/image\/"},"sameAs":["https:\/\/www.facebook.com\/PressenzaItalia","https:\/\/x.com\/PressenzaIPA"]},{"@type":"Person","@id":"https:\/\/www.pressenza.com\/es\/#\/schema\/person\/725d47ccbea4c7854f7dd4011b6670b9","name":"Gabriela Amaya","description":"Editor in Spanish, Gabriel Amaya has worked in radio and written press and years ago decided to develop her journalistic work as a professional volunteer at the service of peace and nonviolence. She is also involved with different collectives and platforms which she supports with her journalism.","url":"https:\/\/www.pressenza.com\/es\/author\/gabriela-amaya\/"}]}},"place":"Madrid","original_article_url":"","_links":{"self":[{"href":"https:\/\/www.pressenza.com\/es\/wp-json\/wp\/v2\/posts\/531558","targetHints":{"allow":["GET"]}}],"collection":[{"href":"https:\/\/www.pressenza.com\/es\/wp-json\/wp\/v2\/posts"}],"about":[{"href":"https:\/\/www.pressenza.com\/es\/wp-json\/wp\/v2\/types\/post"}],"author":[{"embeddable":true,"href":"https:\/\/www.pressenza.com\/es\/wp-json\/wp\/v2\/users\/188"}],"replies":[{"embeddable":true,"href":"https:\/\/www.pressenza.com\/es\/wp-json\/wp\/v2\/comments?post=531558"}],"version-history":[{"count":0,"href":"https:\/\/www.pressenza.com\/es\/wp-json\/wp\/v2\/posts\/531558\/revisions"}],"wp:featuredmedia":[{"embeddable":true,"href":"https:\/\/www.pressenza.com\/es\/wp-json\/wp\/v2\/media\/531575"}],"wp:attachment":[{"href":"https:\/\/www.pressenza.com\/es\/wp-json\/wp\/v2\/media?parent=531558"}],"wp:term":[{"taxonomy":"category","embeddable":true,"href":"https:\/\/www.pressenza.com\/es\/wp-json\/wp\/v2\/categories?post=531558"},{"taxonomy":"post_tag","embeddable":true,"href":"https:\/\/www.pressenza.com\/es\/wp-json\/wp\/v2\/tags?post=531558"}],"curies":[{"name":"wp","href":"https:\/\/api.w.org\/{rel}","templated":true}]}}