{"id":53085,"date":"2013-05-22T02:29:18","date_gmt":"2013-05-22T01:29:18","guid":{"rendered":"http:\/\/www.pressenza.com\/?p=53085"},"modified":"2013-05-22T02:29:18","modified_gmt":"2013-05-22T01:29:18","slug":"carrio-no-es-humanista","status":"publish","type":"post","link":"https:\/\/www.pressenza.com\/es\/2013\/05\/carrio-no-es-humanista\/","title":{"rendered":"Carri\u00f3 no es Humanista"},"content":{"rendered":"<p style=\"text-align: justify;\">A finales de la d\u00e9cada de los\u00a0\u201960 <strong>Mario Luis Rodr\u00edguez Cobo (Silo)<\/strong> comenz\u00f3 a entregar las primeras definiciones de lo que luego ser\u00eda el Humanismo Universalista o Nuevo Humanismo. Fue un proceso donde se expuso como primera diferenciaci\u00f3n con el humanismo hist\u00f3rico y otras vertientes ideol\u00f3gicas (marxismo, cristianismo) la importancia de una transformaci\u00f3n simult\u00e1nea del individuo y de la sociedad. La lucha contra el sistema capitalista y el poder financiero, tanto como la denuncia\u00a0del armamentismo que sustenta a los imperialismos qued\u00f3 consagrada junto a un expreso rechazo a toda forma de violencia y de discriminaci\u00f3n.<\/p>\n<p style=\"text-align: justify;\">Con el transcurso del tiempo, la corriente humanista impulsada por Silo se plasm\u00f3 en libros (alrededor de 50 obras de diversos autores) y cientos de acciones en todo el mundo (contra el apartheid in South \u00c1frica, por el Servicio Militar Optativo, por el desarme mundial, contra la discriminaci\u00f3n en cualquiera de sus formas, por la no violencia en la educaci\u00f3n, en la familia, en las escuelas; contra la desocupaci\u00f3n, por los jubilados, contra el ALCA, por la asignaci\u00f3n universal por hijo, y un sinn\u00famero de otras campa\u00f1as planetarias que culminaron con la Marcha Mundial por la Paz y la No violencia que recorri\u00f3 93 pa\u00edses para concluir en Punta de Vacas, Mendoza, Argentina, el 2 de enero de 2010).<\/p>\n<p style=\"text-align: justify;\">Lo dicho, sin contar la actividad espec\u00edfica de los partidos pol\u00edticos, La Comunidad para el desarrollo humano, Convergencia de las Culturas, Mundo sin Guerras, Centro mundial de Estudios y frentes de acci\u00f3n de base.<\/p>\n<p style=\"text-align: justify;\">Eso es el Movimiento Humanista creado por Silo: la denominaci\u00f3n que incluye a una variedad de expresiones que llevan la misma doctrina\u00a0 a diferentes campos de acci\u00f3n.<\/p>\n<p style=\"text-align: justify;\">El a\u00f1o 2012 se present\u00f3 en Buenos Aires, ante unas 150 personas invitadas a desayunar, el nuevo invento pol\u00edtico de Elisa Carri\u00f3, una ex radical y ex colaboradora en la justicia chaque\u00f1a durante la dictadura c\u00edvico militar. Se trataba del\u00a0 \u201cMovimiento Humanista de la Resistencia\u201d.<\/p>\n<p style=\"text-align: justify;\">Por cierto, en la vereda de la instituci\u00f3n donde se celebraba el \u201cparto\u201d de Carri\u00f3 entre \u201cmedias lunas\u201d y caf\u00e9 con leche, los humanistas protagonizamos un escrache a ese engendro nacido de la voluntad de trampear.<\/p>\n<p style=\"text-align: justify;\">Luego, como nos ha ocurrido en otras ocasiones, prim\u00f3 entre los humanistas silo\u00edstas, la voluntad de avanzar y crear antes que defender derechos intelectuales. Pero esto no implica que no diferenciemos las cosas cuando pueda haber confusi\u00f3n. Por eso, en ocasi\u00f3n de incursionar en Entre R\u00edos desde el Movimiento Humanista de Concordia nuestros compa\u00f1eros salieron a aclarar que \u201cel Partido Humanista y el Movimiento Humanista, no tienen nada que ver con Carri\u00f3\u201d.<\/p>\n<p style=\"text-align: justify;\">Ante la llegada a Concordia de la controvertida dirigente, el partido y movimiento social que legaliz\u00f3 ante la justicia el nombre de Humanista hace casi 30 a\u00f1os, se identifica con el color naranja, y tiene el s\u00edmbolo del infinito (cinta de Moebius) como estandarte, han salido nuevamente a aclarar que no existe ninguna relaci\u00f3n con Elisa Carri\u00f3.<\/p>\n<p style=\"text-align: justify;\">Bernardita Zalis\u00f1ak, referente del humanismo, explic\u00f3 a la prensa <em>\u201cEl Movimiento Humanista es una corriente de pensamiento y acci\u00f3n inspirado en Silo y se ha conocido en el mundo por su influencia y lucha por la no violencia y la no discriminaci\u00f3n. Carri\u00f3 no tiene nada que ver con este movimiento, no hay alianza ni acercamiento alguno y ella\u00a0no es humanista. Cuando hemos hecho alianzas con el Partido Comunista y los dem\u00e1s partidos del Frente para la Victoria lo hemos hecho abiertamente, y abiertamente dejamos claro que no hemos hecho ni haremos frentes ni alianzas con esta se\u00f1ora\u201d. <\/em>Clar\u00edsimo.<\/p>\n<p style=\"text-align: justify;\">Sin \u00e1nimo de ofender, es pat\u00e9tico que un partido de acci\u00f3n err\u00e1tica, sin un respaldo intelectual propio y conducido por una persona psicol\u00f3gicamente inestable,\u00a0 pretenda confundir a los desprevenidos utilizando el nombre de una construcci\u00f3n s\u00f3lida y con aportes por m\u00e1s de cincuenta a\u00f1os en 90 pa\u00edses del mundo. <strong>Hoy, el Humanismo es\u00a0\u00a0Silo\u00edsmo.<\/strong><\/p>\n","protected":false},"excerpt":{"rendered":"<p>A finales de la d\u00e9cada de los\u00a0\u201960 Mario Luis Rodr\u00edguez Cobo (Silo) comenz\u00f3 a entregar las primeras definiciones de lo que luego ser\u00eda el Humanismo Universalista o Nuevo Humanismo. Fue un proceso donde se expuso como primera diferenciaci\u00f3n con el&hellip;<\/p>\n","protected":false},"author":84,"featured_media":53086,"comment_status":"closed","ping_status":"open","sticky":false,"template":"","format":"standard","meta":{"footnotes":""},"categories":[1240,161,67],"tags":[418,543],"class_list":["post-53085","post","type-post","status-publish","format-standard","has-post-thumbnail","hentry","category-humanismo-espiritualidad","category-opiniones","category-sudamerica","tag-partido-humanista","tag-silo-es"],"yoast_head":"<!-- This site is optimized with the Yoast SEO plugin v27.1.1 - https:\/\/yoast.com\/product\/yoast-seo-wordpress\/ -->\n<title>Carri\u00f3 no es Humanista<\/title>\n<meta name=\"description\" content=\"A finales de la d\u00e9cada de los\u00a0\u201960 Mario Luis Rodr\u00edguez Cobo (Silo) comenz\u00f3 a entregar las primeras definiciones de lo que luego ser\u00eda el Humanismo\" \/>\n<meta name=\"robots\" content=\"index, follow, max-snippet:-1, max-image-preview:large, max-video-preview:-1\" \/>\n<link rel=\"canonical\" href=\"https:\/\/www.pressenza.com\/es\/2013\/05\/carrio-no-es-humanista\/\" \/>\n<meta property=\"og:locale\" content=\"es_ES\" \/>\n<meta property=\"og:type\" content=\"article\" \/>\n<meta property=\"og:title\" content=\"Carri\u00f3 no es Humanista\" \/>\n<meta property=\"og:description\" content=\"A finales de la d\u00e9cada de los\u00a0\u201960 Mario Luis Rodr\u00edguez Cobo (Silo) comenz\u00f3 a entregar las primeras definiciones de lo que luego ser\u00eda el Humanismo\" \/>\n<meta property=\"og:url\" content=\"https:\/\/www.pressenza.com\/es\/2013\/05\/carrio-no-es-humanista\/\" \/>\n<meta property=\"og:site_name\" content=\"Pressenza\" \/>\n<meta property=\"article:publisher\" content=\"https:\/\/www.facebook.com\/PressenzaItalia\" \/>\n<meta property=\"article:published_time\" content=\"2013-05-22T01:29:18+00:00\" \/>\n<meta property=\"og:image\" content=\"https:\/\/www.pressenza.com\/wp-content\/uploads\/2013\/05\/ph.jpg\" \/>\n\t<meta property=\"og:image:width\" content=\"271\" \/>\n\t<meta property=\"og:image:height\" content=\"186\" \/>\n\t<meta property=\"og:image:type\" content=\"image\/jpeg\" \/>\n<meta name=\"author\" content=\"Luis Ammann\" \/>\n<meta name=\"twitter:card\" content=\"summary_large_image\" \/>\n<meta name=\"twitter:creator\" content=\"@PressenzaIPA\" \/>\n<meta name=\"twitter:site\" content=\"@PressenzaIPA\" \/>\n<meta name=\"twitter:label1\" content=\"Escrito por\" \/>\n\t<meta name=\"twitter:data1\" content=\"Luis Ammann\" \/>\n\t<meta name=\"twitter:label2\" content=\"Tiempo de lectura\" \/>\n\t<meta name=\"twitter:data2\" content=\"3 minutos\" \/>\n<script type=\"application\/ld+json\" class=\"yoast-schema-graph\">{\"@context\":\"https:\/\/schema.org\",\"@graph\":[{\"@type\":\"Article\",\"@id\":\"https:\/\/www.pressenza.com\/es\/2013\/05\/carrio-no-es-humanista\/#article\",\"isPartOf\":{\"@id\":\"https:\/\/www.pressenza.com\/es\/2013\/05\/carrio-no-es-humanista\/\"},\"author\":{\"name\":\"Luis Ammann\",\"@id\":\"https:\/\/www.pressenza.com\/es\/#\/schema\/person\/e30e241b8a43d47c996cf31dbc7b882c\"},\"headline\":\"Carri\u00f3 no es Humanista\",\"datePublished\":\"2013-05-22T01:29:18+00:00\",\"mainEntityOfPage\":{\"@id\":\"https:\/\/www.pressenza.com\/es\/2013\/05\/carrio-no-es-humanista\/\"},\"wordCount\":686,\"publisher\":{\"@id\":\"https:\/\/www.pressenza.com\/es\/#organization\"},\"image\":{\"@id\":\"https:\/\/www.pressenza.com\/es\/2013\/05\/carrio-no-es-humanista\/#primaryimage\"},\"thumbnailUrl\":\"https:\/\/www.pressenza.com\/wp-content\/uploads\/2013\/05\/ph.jpg\",\"keywords\":[\"Partido Humanista\",\"Silo\"],\"articleSection\":[\"Humanismo y Espiritualidad\",\"Opiniones\",\"Sudam\u00e9rica\"],\"inLanguage\":\"es\"},{\"@type\":\"WebPage\",\"@id\":\"https:\/\/www.pressenza.com\/es\/2013\/05\/carrio-no-es-humanista\/\",\"url\":\"https:\/\/www.pressenza.com\/es\/2013\/05\/carrio-no-es-humanista\/\",\"name\":\"Carri\u00f3 no es Humanista\",\"isPartOf\":{\"@id\":\"https:\/\/www.pressenza.com\/es\/#website\"},\"primaryImageOfPage\":{\"@id\":\"https:\/\/www.pressenza.com\/es\/2013\/05\/carrio-no-es-humanista\/#primaryimage\"},\"image\":{\"@id\":\"https:\/\/www.pressenza.com\/es\/2013\/05\/carrio-no-es-humanista\/#primaryimage\"},\"thumbnailUrl\":\"https:\/\/www.pressenza.com\/wp-content\/uploads\/2013\/05\/ph.jpg\",\"datePublished\":\"2013-05-22T01:29:18+00:00\",\"description\":\"A finales de la d\u00e9cada de los\u00a0\u201960 Mario Luis Rodr\u00edguez Cobo (Silo) comenz\u00f3 a entregar las primeras definiciones de lo que luego ser\u00eda el Humanismo\",\"breadcrumb\":{\"@id\":\"https:\/\/www.pressenza.com\/es\/2013\/05\/carrio-no-es-humanista\/#breadcrumb\"},\"inLanguage\":\"es\",\"potentialAction\":[{\"@type\":\"ReadAction\",\"target\":[\"https:\/\/www.pressenza.com\/es\/2013\/05\/carrio-no-es-humanista\/\"]}]},{\"@type\":\"ImageObject\",\"inLanguage\":\"es\",\"@id\":\"https:\/\/www.pressenza.com\/es\/2013\/05\/carrio-no-es-humanista\/#primaryimage\",\"url\":\"https:\/\/www.pressenza.com\/wp-content\/uploads\/2013\/05\/ph.jpg\",\"contentUrl\":\"https:\/\/www.pressenza.com\/wp-content\/uploads\/2013\/05\/ph.jpg\",\"width\":271,\"height\":186},{\"@type\":\"BreadcrumbList\",\"@id\":\"https:\/\/www.pressenza.com\/es\/2013\/05\/carrio-no-es-humanista\/#breadcrumb\",\"itemListElement\":[{\"@type\":\"ListItem\",\"position\":1,\"name\":\"Accueil\",\"item\":\"https:\/\/www.pressenza.com\/es\/\"},{\"@type\":\"ListItem\",\"position\":2,\"name\":\"Carri\u00f3 no es Humanista\"}]},{\"@type\":\"WebSite\",\"@id\":\"https:\/\/www.pressenza.com\/es\/#website\",\"url\":\"https:\/\/www.pressenza.com\/es\/\",\"name\":\"Pressenza\",\"description\":\"International Press Agency\",\"publisher\":{\"@id\":\"https:\/\/www.pressenza.com\/es\/#organization\"},\"potentialAction\":[{\"@type\":\"SearchAction\",\"target\":{\"@type\":\"EntryPoint\",\"urlTemplate\":\"https:\/\/www.pressenza.com\/es\/?s={search_term_string}\"},\"query-input\":{\"@type\":\"PropertyValueSpecification\",\"valueRequired\":true,\"valueName\":\"search_term_string\"}}],\"inLanguage\":\"es\"},{\"@type\":\"Organization\",\"@id\":\"https:\/\/www.pressenza.com\/es\/#organization\",\"name\":\"Pressenza\",\"url\":\"https:\/\/www.pressenza.com\/es\/\",\"logo\":{\"@type\":\"ImageObject\",\"inLanguage\":\"es\",\"@id\":\"https:\/\/www.pressenza.com\/es\/#\/schema\/logo\/image\/\",\"url\":\"https:\/\/www.pressenza.com\/wp-content\/uploads\/2022\/10\/pressenza_logo_200x200.jpg\",\"contentUrl\":\"https:\/\/www.pressenza.com\/wp-content\/uploads\/2022\/10\/pressenza_logo_200x200.jpg\",\"width\":200,\"height\":200,\"caption\":\"Pressenza\"},\"image\":{\"@id\":\"https:\/\/www.pressenza.com\/es\/#\/schema\/logo\/image\/\"},\"sameAs\":[\"https:\/\/www.facebook.com\/PressenzaItalia\",\"https:\/\/x.com\/PressenzaIPA\"]},{\"@type\":\"Person\",\"@id\":\"https:\/\/www.pressenza.com\/es\/#\/schema\/person\/e30e241b8a43d47c996cf31dbc7b882c\",\"name\":\"Luis Ammann\",\"description\":\"Escritor, Periodista y Pol\u00edtico Humanista\",\"url\":\"https:\/\/www.pressenza.com\/es\/author\/luis-ammann\/\"}]}<\/script>\n<!-- \/ Yoast SEO plugin. -->","yoast_head_json":{"title":"Carri\u00f3 no es Humanista","description":"A finales de la d\u00e9cada de los\u00a0\u201960 Mario Luis Rodr\u00edguez Cobo (Silo) comenz\u00f3 a entregar las primeras definiciones de lo que luego ser\u00eda el Humanismo","robots":{"index":"index","follow":"follow","max-snippet":"max-snippet:-1","max-image-preview":"max-image-preview:large","max-video-preview":"max-video-preview:-1"},"canonical":"https:\/\/www.pressenza.com\/es\/2013\/05\/carrio-no-es-humanista\/","og_locale":"es_ES","og_type":"article","og_title":"Carri\u00f3 no es Humanista","og_description":"A finales de la d\u00e9cada de los\u00a0\u201960 Mario Luis Rodr\u00edguez Cobo (Silo) comenz\u00f3 a entregar las primeras definiciones de lo que luego ser\u00eda el Humanismo","og_url":"https:\/\/www.pressenza.com\/es\/2013\/05\/carrio-no-es-humanista\/","og_site_name":"Pressenza","article_publisher":"https:\/\/www.facebook.com\/PressenzaItalia","article_published_time":"2013-05-22T01:29:18+00:00","og_image":[{"width":271,"height":186,"url":"https:\/\/www.pressenza.com\/wp-content\/uploads\/2013\/05\/ph.jpg","type":"image\/jpeg"}],"author":"Luis Ammann","twitter_card":"summary_large_image","twitter_creator":"@PressenzaIPA","twitter_site":"@PressenzaIPA","twitter_misc":{"Escrito por":"Luis Ammann","Tiempo de lectura":"3 minutos"},"schema":{"@context":"https:\/\/schema.org","@graph":[{"@type":"Article","@id":"https:\/\/www.pressenza.com\/es\/2013\/05\/carrio-no-es-humanista\/#article","isPartOf":{"@id":"https:\/\/www.pressenza.com\/es\/2013\/05\/carrio-no-es-humanista\/"},"author":{"name":"Luis Ammann","@id":"https:\/\/www.pressenza.com\/es\/#\/schema\/person\/e30e241b8a43d47c996cf31dbc7b882c"},"headline":"Carri\u00f3 no es Humanista","datePublished":"2013-05-22T01:29:18+00:00","mainEntityOfPage":{"@id":"https:\/\/www.pressenza.com\/es\/2013\/05\/carrio-no-es-humanista\/"},"wordCount":686,"publisher":{"@id":"https:\/\/www.pressenza.com\/es\/#organization"},"image":{"@id":"https:\/\/www.pressenza.com\/es\/2013\/05\/carrio-no-es-humanista\/#primaryimage"},"thumbnailUrl":"https:\/\/www.pressenza.com\/wp-content\/uploads\/2013\/05\/ph.jpg","keywords":["Partido Humanista","Silo"],"articleSection":["Humanismo y Espiritualidad","Opiniones","Sudam\u00e9rica"],"inLanguage":"es"},{"@type":"WebPage","@id":"https:\/\/www.pressenza.com\/es\/2013\/05\/carrio-no-es-humanista\/","url":"https:\/\/www.pressenza.com\/es\/2013\/05\/carrio-no-es-humanista\/","name":"Carri\u00f3 no es Humanista","isPartOf":{"@id":"https:\/\/www.pressenza.com\/es\/#website"},"primaryImageOfPage":{"@id":"https:\/\/www.pressenza.com\/es\/2013\/05\/carrio-no-es-humanista\/#primaryimage"},"image":{"@id":"https:\/\/www.pressenza.com\/es\/2013\/05\/carrio-no-es-humanista\/#primaryimage"},"thumbnailUrl":"https:\/\/www.pressenza.com\/wp-content\/uploads\/2013\/05\/ph.jpg","datePublished":"2013-05-22T01:29:18+00:00","description":"A finales de la d\u00e9cada de los\u00a0\u201960 Mario Luis Rodr\u00edguez Cobo (Silo) comenz\u00f3 a entregar las primeras definiciones de lo que luego ser\u00eda el Humanismo","breadcrumb":{"@id":"https:\/\/www.pressenza.com\/es\/2013\/05\/carrio-no-es-humanista\/#breadcrumb"},"inLanguage":"es","potentialAction":[{"@type":"ReadAction","target":["https:\/\/www.pressenza.com\/es\/2013\/05\/carrio-no-es-humanista\/"]}]},{"@type":"ImageObject","inLanguage":"es","@id":"https:\/\/www.pressenza.com\/es\/2013\/05\/carrio-no-es-humanista\/#primaryimage","url":"https:\/\/www.pressenza.com\/wp-content\/uploads\/2013\/05\/ph.jpg","contentUrl":"https:\/\/www.pressenza.com\/wp-content\/uploads\/2013\/05\/ph.jpg","width":271,"height":186},{"@type":"BreadcrumbList","@id":"https:\/\/www.pressenza.com\/es\/2013\/05\/carrio-no-es-humanista\/#breadcrumb","itemListElement":[{"@type":"ListItem","position":1,"name":"Accueil","item":"https:\/\/www.pressenza.com\/es\/"},{"@type":"ListItem","position":2,"name":"Carri\u00f3 no es Humanista"}]},{"@type":"WebSite","@id":"https:\/\/www.pressenza.com\/es\/#website","url":"https:\/\/www.pressenza.com\/es\/","name":"Pressenza","description":"International Press Agency","publisher":{"@id":"https:\/\/www.pressenza.com\/es\/#organization"},"potentialAction":[{"@type":"SearchAction","target":{"@type":"EntryPoint","urlTemplate":"https:\/\/www.pressenza.com\/es\/?s={search_term_string}"},"query-input":{"@type":"PropertyValueSpecification","valueRequired":true,"valueName":"search_term_string"}}],"inLanguage":"es"},{"@type":"Organization","@id":"https:\/\/www.pressenza.com\/es\/#organization","name":"Pressenza","url":"https:\/\/www.pressenza.com\/es\/","logo":{"@type":"ImageObject","inLanguage":"es","@id":"https:\/\/www.pressenza.com\/es\/#\/schema\/logo\/image\/","url":"https:\/\/www.pressenza.com\/wp-content\/uploads\/2022\/10\/pressenza_logo_200x200.jpg","contentUrl":"https:\/\/www.pressenza.com\/wp-content\/uploads\/2022\/10\/pressenza_logo_200x200.jpg","width":200,"height":200,"caption":"Pressenza"},"image":{"@id":"https:\/\/www.pressenza.com\/es\/#\/schema\/logo\/image\/"},"sameAs":["https:\/\/www.facebook.com\/PressenzaItalia","https:\/\/x.com\/PressenzaIPA"]},{"@type":"Person","@id":"https:\/\/www.pressenza.com\/es\/#\/schema\/person\/e30e241b8a43d47c996cf31dbc7b882c","name":"Luis Ammann","description":"Escritor, Periodista y Pol\u00edtico Humanista","url":"https:\/\/www.pressenza.com\/es\/author\/luis-ammann\/"}]}},"place":"Buenos Aires","original_article_url":"","_links":{"self":[{"href":"https:\/\/www.pressenza.com\/es\/wp-json\/wp\/v2\/posts\/53085","targetHints":{"allow":["GET"]}}],"collection":[{"href":"https:\/\/www.pressenza.com\/es\/wp-json\/wp\/v2\/posts"}],"about":[{"href":"https:\/\/www.pressenza.com\/es\/wp-json\/wp\/v2\/types\/post"}],"author":[{"embeddable":true,"href":"https:\/\/www.pressenza.com\/es\/wp-json\/wp\/v2\/users\/84"}],"replies":[{"embeddable":true,"href":"https:\/\/www.pressenza.com\/es\/wp-json\/wp\/v2\/comments?post=53085"}],"version-history":[{"count":0,"href":"https:\/\/www.pressenza.com\/es\/wp-json\/wp\/v2\/posts\/53085\/revisions"}],"wp:featuredmedia":[{"embeddable":true,"href":"https:\/\/www.pressenza.com\/es\/wp-json\/wp\/v2\/media\/53086"}],"wp:attachment":[{"href":"https:\/\/www.pressenza.com\/es\/wp-json\/wp\/v2\/media?parent=53085"}],"wp:term":[{"taxonomy":"category","embeddable":true,"href":"https:\/\/www.pressenza.com\/es\/wp-json\/wp\/v2\/categories?post=53085"},{"taxonomy":"post_tag","embeddable":true,"href":"https:\/\/www.pressenza.com\/es\/wp-json\/wp\/v2\/tags?post=53085"}],"curies":[{"name":"wp","href":"https:\/\/api.w.org\/{rel}","templated":true}]}}