{"id":530181,"date":"2017-10-03T12:22:43","date_gmt":"2017-10-03T11:22:43","guid":{"rendered":"https:\/\/www.pressenza.com\/?p=530181\/"},"modified":"2017-10-03T12:22:43","modified_gmt":"2017-10-03T11:22:43","slug":"organizaciones-chile-argentina-denuncian-escalada-represiva-pueblo-mapuche","status":"publish","type":"post","link":"https:\/\/www.pressenza.com\/es\/2017\/10\/organizaciones-chile-argentina-denuncian-escalada-represiva-pueblo-mapuche\/","title":{"rendered":"Organizaciones en Chile y Argentina denuncian escalada represiva contra el Pueblo Mapuche"},"content":{"rendered":"<p><em>Por<strong> mapuexpress<\/strong><\/em><\/p>\n<p>M\u00e1s de un centenar de organizaciones de ambos lados de la cordillera <a href=\"https:\/\/www.facebook.com\/MarabuntaArg\/posts\/861769607322971\" target=\"_blank\" rel=\"noopener noreferrer\">publicaron hoy un comunicado<\/a> denunciando la radicalizaci\u00f3n de las acciones policiales en comunidades mapuche durante los \u00faltimos meses.\u00a0 En el texto, destacan una \u201carticulaci\u00f3n binacional para reprimir al Pueblo Mapuche\u201d, al mismo tiempo que se\u00f1alan estar en solidaridad con las luchas de defensa territorial porque, dicen \u201cm\u00e1s all\u00e1 de las diversas perspectivas, el \u00fanico camino para frenar el avance capitalista en nuestros territorios es la unidad de acci\u00f3n\u201d.<\/p>\n<p>La grave situaci\u00f3n represiva de los \u00faltimos meses hoy tuvo un respuesta de parte de comunidades y organizaciones sociales y pol\u00edticas en Chile y Argentina. A trav\u00e9s del comunicado \u201cLa represi\u00f3n contra el Pueblo Mapuche es una sola de los dos lados de la cordillera\u201d, m\u00e1s de un centenar de espacios salieron a denunciar la violencia estatal.<\/p>\n<p>El comunicado denuncia el avance represivo de ambos estados el cual se ha intensificado con decenas de allanamientos, represiones y detenciones en los \u00faltimos tres meses, periodo marcado a fuego por la desaparici\u00f3n del activista Santiago Maldonado en el marco de la represi\u00f3n a los Pu Lof Cushamen en Chubut. Dichas comunidades recuperaron territorios ancestrales hoy a t\u00edtulo de la trasnacional Benetton, y debido a esa acci\u00f3n est\u00e1n siendo criminalizadas.<\/p>\n<p>\u201cEntendemos que toda esta represi\u00f3n y negaci\u00f3n de derechos en contra de las comunidades mapuche y otros pueblos ind\u00edgenas en ambos pa\u00edses, se debe a que sus territorios son codiciados por el capital nacional y trasnacional que busca desarrollar en ellos actividades como la miner\u00eda, la extracci\u00f3n de hidrocarburos, las plantaciones forestales y el agronegocio, entre otros\u201d, sostienen en el comunicado. Destacan que dicho modelo econ\u00f3mico -el extractivismo- es el sost\u00e9n del modelo pol\u00edtico en ambos pa\u00edses. \u201cLa represi\u00f3n a las comunidades ind\u00edgenas, entonces, no es m\u00e1s que una condici\u00f3n necesaria para el desarrollo del capitalismo que promueven estos gobiernos\u201d, agregan.<\/p>\n<p>Respecto de la situaci\u00f3n en Argentina, el comunicado se\u00f1ala que durante el gobierno de Mauricio Macri ha habido una nacionalizaci\u00f3n de la represi\u00f3n con el objetivo de generar un enemigo interno supuestamente terrorista. En ese contexto destaca no solo la desaparici\u00f3n de Santiago Maldonado, sino tambi\u00e9n la detenci\u00f3n de Facundo Jones Huala y el dirigente wich\u00ed Agust\u00edn Santill\u00e1n, adem\u00e1s de la represi\u00f3n en acciones de solidaridad a estos procesos que dejaron 52 detenidos en marchas en los \u00faltimos tres meses.<\/p>\n<p>Sobre la situaci\u00f3n en Chile, las organizaciones destacan que ese pa\u00eds es visto como un modelo de la represi\u00f3n a los pueblos ind\u00edgenas en el continente. Contexto que se agrava en los \u00faltimos meses con diversos procesos judiciales amparados en normas excepcionales, como la ley antiterrorista, que han servido como forma de criminalizaci\u00f3n de las comunidades en resistencia. \u201cEste marco represivo es parte de un hist\u00f3rico actuar de los gobiernos chilenos en la posdictadura: negar el contenido pol\u00edtico de la demanda mapuche para abordarla como hechos policiales\u201d, agregan en el comunicado.<\/p>\n<p>Finalmente las organizaciones destacan la resistencia del pueblo mapuche, proceso con el que se consideran hermandados \u201cporque entendemos que, m\u00e1s all\u00e1 de las diversas perspectivas, el \u00fanico camino para frenar el avance capitalista en nuestros territorios es la unidad de acci\u00f3n\u201d, sostienen.<\/p>\n<p><strong>Compartimos el texto del comunicado<\/strong><\/p>\n<p><em>La represi\u00f3n contra el Pueblo Mapuche es una sola de los dos lados de la cordillera<\/em><br \/>\n<em>Las abajo firmantes, organizaciones, comunidades y personas mapuche, argentinas y chilenas, denunciamos la escalada represiva en contra del pueblo mapuche que, como tantas veces durante los largos siglos coloniales, se ha radicalizado en los \u00faltimos meses. En este tiempo se realizaron decenas de allanamientos, detenciones, e imputaciones, vulnerando los derechos supuestamente consagrados contra estas comunidades. La desaparici\u00f3n de Santiago Maldonado es parte de esta ofensiva colonial que en ambos lados de la cordillera reprime al movimiento mapuche.<\/em><\/p>\n<p><em>En Puelmapu\/Argentina desde hace algunos a\u00f1os los poderes empresariales-gubernamentales buscan agitar la amenaza de una supuesta \u201cguerrilla terrorista mapuche\u201d. El actual gobierno de Mauricio Macri a trav\u00e9s de su ministra de Seguridad, Patricia Bullrich, ha ido un paso m\u00e1s al nacionalizar el proceso de construcci\u00f3n de un enemigo interno en zonas como Vaca Muerta (Neuqu\u00e9n) y Cushamen (Chubut). En ese marco fue detenido el Lonko Facundo Jones Huala para enfrentar un segundo proceso de extradici\u00f3n a Chile, donde fue judicializado por participar de un proceso de defensa territorial en R\u00edo Bueno.<\/em><\/p>\n<p><em>Desde entonces las masivas muestras de solidaridad con el Lonko comenzaron a ser reprimidas, hasta el punto que el 1 de agosto al interior de Pu Lof (las comunidades) en Resistencia del Departamento de Cushamen fue desaparecido el militante social Santiago Maldonado, solidario con la causa mapuche. La responsabilidad de esta desaparici\u00f3n forzada en democracia recae en Gendarmer\u00eda y en el Gobierno Nacional, toda vez que el operativo estuvo dirigido por el jefe de Gabinete de la Ministra Bullrich, Pablo Noceti. Desde entonces el gobierno, en complicidad con los principales medios de comunicaci\u00f3n y el poder judicial, ha buscado una y otra vez desviar su responsabilidad sobre el hecho.<\/em><\/p>\n<p><em>Adem\u00e1s de los allanamientos en Cushamen, han sufrido intentos de desalojos las comunidades Fuxa Trayen, Campo Maripe y Raquituwe (Neuqu\u00e9n) y la quema de una casa en el Lof Vuelta del R\u00edo (Chubut). Al mismo tiempo en los distintos allanamientos y marchas de solidaridad han sido detenidas diversas personas en Buenos Aires (38), Neuqu\u00e9n (3 comuneros de Fuxa Trayen), Mendoza (2), Bariloche y Cushamen (10 detenidos\/as del Lof Cushamen), totalizando 53 detenidos\/as a los que se suma el Lonko Facundo Jones Huala.<\/em><\/p>\n<p><em>Por su parte en Ngulumapu\/Chile, uno de los pa\u00edses modelo de la represi\u00f3n a los ind\u00edgenas en el continente, se est\u00e1 viviendo un marco a\u00fan m\u00e1s violento que el acostumbrado en los \u00faltimos a\u00f1os. El 7 de junio cuatro presos \u2013Ariel, Benito y Pablo Trangol y el Lonko Alfredo Tralcal\u2013 iniciaron una huelga de hambre depuesta luego de que pasaran m\u00e1s de 110 d\u00edas, tras cumplir m\u00e1s de un a\u00f1o de prisi\u00f3n preventiva, procesados por la Ley Antiterrorista. Estas largas medidas cautelares (como la prisi\u00f3n preventiva) m\u00e1s all\u00e1 de buscar condenas efectivas lo que pretenden es criminalizar a los\/as l\u00edderes del movimiento mapuche y disminuir la presi\u00f3n de las demandas en las comunidades.<\/em><\/p>\n<p><em>Es el caso de los\/as diez detenidos\/as por el Caso Luchsinger Mackay quienes se encuentran con diversas medidas cautelares desde abril de 2016, y cuyo juicio est\u00e1 en proceso. Todas estas personas fueron detenidas debido a la supuesta delaci\u00f3n de un \u00fanico testigo protegido, quien posteriormente se retract\u00f3 de sus declaraciones. Adem\u00e1s, de este grupo tambi\u00e9n fueron inculpados dos machi (autoridades espirituales): Francisca Linconao (que enfrenta un segundo proceso por esta causa) y Celestino C\u00f3rdoba, condenado a 18 a\u00f1os de c\u00e1rcel, aunque no fue encontrado culpable. En estas fechas tambi\u00e9n fue exhumado el cuerpo de Macarena Vald\u00e9s, debido a que la comunidad Newen Tranguil denuncia que fue asesinada por sicarios de la empresa\u00a0RP Global, ahora RP Arroyo, por oponerse a la instalaci\u00f3n de un proyecto hidroel\u00e9ctrico.<\/em><\/p>\n<p><em>Toda esta persecuci\u00f3n lleg\u00f3 a un punto m\u00e1ximo con la detenci\u00f3n de ocho referentes mapuche el d\u00eda s\u00e1bado 23 de septiembre en el marco de la \u201cOperaci\u00f3n Hurac\u00e1n\u201d. Al d\u00eda siguiente el tribunal de Temuco permiti\u00f3 que las ocho personas quedaran detenidas a pesar de no contar con pruebas contundentes: solo conversaciones por aplicaciones de mensajer\u00eda que en ning\u00fan momento se ha probado que provengan de los celulares de los pe\u00f1i. Este marco represivo es parte de un hist\u00f3rico actuar de los gobiernos chilenos en la posdictadura: negar el contenido pol\u00edtico de la demanda mapuche para abordarla como hechos policiales.<\/em><\/p>\n<p><em>Entendemos que toda esta represi\u00f3n y negaci\u00f3n de derechos en contra de las comunidades mapuche y otros pueblos ind\u00edgenas en ambos pa\u00edses, se debe a que sus territorios son codiciados por el capital nacional y trasnacional que busca desarrollar en ellos actividades como la miner\u00eda, la extracci\u00f3n de hidrocarburos, las plantaciones forestales y el agronegocio, entre otros. Ese modelo extractivo es el sost\u00e9n econ\u00f3mico del modelo pol\u00edtico a ambos lados de la cordillera, m\u00e1s all\u00e1 de las aparentes diferencias entre unos y otros gobiernos (los actuales y los pasados).<\/em><\/p>\n<p><em>La represi\u00f3n a las comunidades ind\u00edgenas, entonces, no es m\u00e1s que una condici\u00f3n necesaria para el desarrollo del capitalismo que promueven estos gobiernos. El intento de desarticulaci\u00f3n de la demanda pol\u00edtica y social mapuche ha requerido de la complicidad de gobiernos, jueces, fiscales, fuerzas de seguridad y empresarios. Del mismo modo se ha articulado a nivel binacional: para reprimir al Pueblo Mapuche, los Estados de Argentina y Chile no hacen diferencia, como demuestra la reuni\u00f3n que sostuvieron el viernes el Mahmud Aluy, Subsecretario del Interior de Chile con Patricia Bullrich, ministra de Seguridad de Argentina para coordinar la pol\u00edtica represiva a ambos lados de la cordillera.<\/em><\/p>\n<p><em>Sin embargo el Pueblo Mapuche sigue viviendo, sigue dando su lucha incansable en contra de un colonialismo que no cesa, desde el genocidio que ambos estados cometieron para integrar a estas comunidades dentro de sus fronteras. En ese sentido nos mostramos abiertamente hermanados\/as, solidarios\/as y compa\u00f1eros\/as de estas comunidades en lucha. Porque entendemos que, m\u00e1s all\u00e1 de las diversas perspectivas, el \u00fanico camino para frenar el avance capitalista en nuestros territorios es la unidad de acci\u00f3n.<\/em><\/p>\n<p><em>Libertad a los\/as presos\/as por luchar<\/em><\/p>\n<p><em>Aparici\u00f3n con vida de Santiago Maldonado, el Estado es responsable<\/em><\/p>\n<p><em>Por la anulaci\u00f3n de las leyes antiterroristas en Chile y Argentina.<\/em><\/p>\n<p>Firman:<\/p>\n<p><strong>Wallmapu:<\/strong><br \/>\nMapuexpress<br \/>\nParlamento de Koz Koz<br \/>\nCentro de Estudios e Investigaciones Mapuche \u2013 Comunidad de Historia Mapuche<br \/>\nKom Kim Mapudunguai\u00f1 Warria Mew<br \/>\nMeli Wixan Mapu<br \/>\nLof Campo Maripe<br \/>\nLof Fvta Xayen<br \/>\nLof Puel Pvjv<br \/>\nLof Kolv Kvra<br \/>\nLof Wirkalew<br \/>\nLof Trankura<br \/>\nComunidad Mapuche Newen (Tranguil)<br \/>\nPueblos Originarios Achery Museum<br \/>\nPeri\u00f3dico Mapuche Werken<br \/>\nRed Defensa Derechos de Infancia \u2013 Wallmapu<br \/>\nConfederaci\u00f3n Mapuche de Neuqu\u00e9n<br \/>\nMovimiento Autonomista Wallmapuwen<br \/>\nLelf\u00fcn, desarrollo social y agropecuario<br \/>\nAsociacion Mapuche Makewe Kimun<br \/>\nCoordinadora Justicia para Macarena Vald\u00e9s<br \/>\nRed de Apoyo a los Presos Pol\u00edticos Mapuche<br \/>\nRed de Acci\u00f3n por los Derechos Ambientales \u2013 RADA<br \/>\nMapudunguletuai\u00f1 UChile<br \/>\nMapuzuguletuai\u00f1 Wallmapu Mew<\/p>\n<p><strong>Argentina:<\/strong><br \/>\nCorriente Social y Pol\u00edtica Marabunta<br \/>\nObservatorio Petrolero Sur<br \/>\nMOVADEF \u2013 Argentina<br \/>\nComit\u00e9 por la libertad de lxs presxs ind\u00edgenas<br \/>\nMarcha de Mujeres Originarias<br \/>\nColectiva Feminista La Revuelta<br \/>\nUnidad Popular Nacional<br \/>\nUnidad Popular Ciudad de Buenos Aires<br \/>\nAcci\u00f3n por la Biodiversidad<br \/>\nHagamos Lo Imposible<br \/>\nAgrupaci\u00f3n Lxs Invisibles<br \/>\nObservatorio del Derecho a la Ciudad<br \/>\nAsociaci\u00f3n Animalista Libera, Tucuman<br \/>\nAsamblea de la Plaza, Tucuman<br \/>\nEspacio Justicia Por Chocobar (Comunidad Ind\u00edgena de Chuschagasta; Uni\u00f3n de los Pueblos de la Naci\u00f3n Diaguita de Tucum\u00e1n; Andhes \u2013 Abogadas y Abogados del NOA en DDHH y Estudios Sociales; H.I.J.O.S. \u2013 Hijos e Hijas por la Identidad y la Justicia contra el Olvido y el Silencio; FSyP La Brecha regional Tucum\u00e1n; La Palta Comunicaci\u00f3n Popular; APDH \u2013 Asamblea Permanente por los Derechos Humanos; La 49)<br \/>\nORCOPO. Organizaci\u00f3n de Comunidades de Pueblos Originarios<br \/>\nDemocracia Socialista<br \/>\nC\u00f3rdoba Originaria<br \/>\nAtico ImplicArte y Voces de los Muros<br \/>\nMULCS, Movimiento por la Unidad latinoamericana y el Cambio Social<br \/>\nCORREPI Bs.As.<br \/>\nVecinos Autoconvocados Por la Vida de Berazaetgui, Bs. As<br \/>\nRed de Solidaridad con Chiapas<br \/>\nLista Verde-Roja-Negra de ATE-Ministerio de Educaci\u00f3n<br \/>\nConvergencia de las Culturas<br \/>\nCentro\u00a0 de\u00a0 Militares\u00a0 para\u00a0 la\u00a0 Democracia\u00a0 Argentina<br \/>\nCorriente Nacional Emancipaci\u00f3n Sur<br \/>\nMovimiento Popular La Dignidad<br \/>\nFrente Amplio Chile en Argentina<br \/>\nRadio Internacional SOS<br \/>\nUnidos por el R\u00edo (Vicente L\u00f3pez)<br \/>\nResistencia Qom<br \/>\nOLNyS Fogoneros<br \/>\nJuventud Guevarista<br \/>\nFrente de Acci\u00f3n Revolucionaria\u00a0 (Argentina)<br \/>\nEcosur, Ecologia Cultura y Educaci\u00f3n Desde los Pueblos del Sur<br \/>\nAsociaci\u00f3n de ex Detenidos Desaparecidos<br \/>\nSERPAJ<br \/>\nEspacio de Lucha Territorial R\u00edo Bravo y Frente Universitario de Luj\u00e1n, agrupados en SUBVERSI\u00d3N<br \/>\nAsamblea de Chilenxs en Argentina<\/p>\n<p><strong>Chile:<\/strong><br \/>\nObservatorio Latinoamericano de Conflictos Ambientales \u2013 OLCA<br \/>\nMovimiento SOL<br \/>\nFederaci\u00f3n Regional de Estudiantes Secundario los R\u00edos<br \/>\nIzquierda Guevarista de Chile<br \/>\nRadio La Voz de Paine<br \/>\nDiario El Itihue<br \/>\nMovimiento Popular Guachuneit, MPG.<br \/>\nEscuela P\u00fablica Comunitaria<br \/>\nAIT- Asociacion Intersindical de Trabajadoras y Trabajadores Clasistas<br \/>\nColectivo Parque Las Moscas<br \/>\nMODATIMA<br \/>\nCoordinadora Ciudadana No Alto Maipo<br \/>\nMujeres de Zonas de Sacrificio en Resistencia, Quintero, Puchuncavi.<br \/>\nComisi\u00f3n Justicia y Paz<br \/>\nAsamblea de Freirina<br \/>\nMujeres en Movimiento (MEM)<br \/>\nAgrupaci\u00f3n Ecol\u00f3gica y Cultural Valle El Durazno, Combarbal\u00e1 Regi\u00f3n de Coquimbo,<br \/>\nRadio Placeres<br \/>\nAcci\u00f3n Comunal Medioambiental de Combarbal\u00e1<br \/>\nSegmento Social de la Mesa de Desarrollo Rural, comuna de Combarbal\u00e1<br \/>\nConvergencia 2 de Abril \u2013 ContraCorriente<br \/>\nColectiva de Mujeres Afrodescendientes \u201cLuanda\u201d<br \/>\nCODEFF<br \/>\nMovimiento Salud Para Todos y Todas<\/p>\n<p><strong>Internacional:<\/strong><br \/>\nUpside Down World<br \/>\nComit\u00e9 de Apoyo al Pueblo Mapuche de Montr\u00e9al<br \/>\nRevista La Guada\u00f1a (M\u00e9xico)<br \/>\nLatin American Solidarity Network (LASNET), Australia<br \/>\nTerritorio Internacional del Movimiento Autonomista bases: Am\u00e9rica, Reino Unido y Espa\u00f1a + Europa Central<br \/>\nFrente Amplio- Nueva York<\/p>\n<p><strong>Individuales:<br \/>\n<\/strong>Alcira Argumedo \u2013 Diputada Nacional ArgentinaProyecto Sur; Liliana Marzano;\u00a0 Gustavo Lahoud; Pablo Bergel Legislador de CABA (MC);Claudio Alvarado Lincopi, miembro de la Comunidad de Historia Mapuche; Andr\u00e9s Figueroa Cornejo; Guillermo Bahamonde Paillalef; Susana Capriles, directora Radio La Voz de Paine; Arnaldo P\u00e9rez Guerra, historiador y periodista; Santiago Alonso, Escritor y Artista Pl\u00e1stico;\u00a0 Myrian Genisans Directora Instituto de Investigacion sobre Cultura Popular \u2013 FAUNT; Maria de las Mercedes Molina; Mar\u00eda Irene Kossmann; Jos\u00e9 Carlos Llerena Robles; Andr\u00e9s Asiain; \u00c1ngel Eugenio Perrone; Alberto Moya, periodista; Tulio Fernando Ca\u00f1umil; Alba Silva, periodista; Elena Corbal\u00e1n, periodista; Roverto Rabello; Mariela Eva Rodr\u00edguez; Carlos Roberto; Pablo Daniel Felipe Lanza; Eleonora Baffigi; Ximena Cuadra Montoya; Waldo Torres; V\u00edctor Valenzuela Carileo; Crolina Echeverria; Eria Carril Antipil; Lidia Ca\u00f1ete; Luis Lloredo, dr. en Filosof\u00eda; Omar Lehner<\/p>\n<p>Envianos tu adhesi\u00f3n a\u00a0marabunta.arg@gmail.com<\/p>\n","protected":false},"excerpt":{"rendered":"<p>Por mapuexpress M\u00e1s de un centenar de organizaciones de ambos lados de la cordillera publicaron hoy un comunicado denunciando la radicalizaci\u00f3n de las acciones policiales en comunidades mapuche durante los \u00faltimos meses.\u00a0 En el texto, destacan una \u201carticulaci\u00f3n binacional para&hellip;<\/p>\n","protected":false},"author":1254,"featured_media":530182,"comment_status":"closed","ping_status":"closed","sticky":false,"template":"","format":"standard","meta":{"footnotes":""},"categories":[149,80,67],"tags":[26,29,23342,34369,5323,12811,22210,39326,18507],"class_list":["post-530181","post","type-post","status-publish","format-standard","has-post-thumbnail","hentry","category-comunicados-de-prensa","category-pueblos-originarios","category-sudamerica","tag-argentina","tag-chile","tag-criminalizacion","tag-cushamen","tag-indigenas","tag-mapuches-es","tag-pueblos-originarios","tag-santiago-maldonado","tag-territorios"],"yoast_head":"<!-- This site is optimized with the Yoast SEO plugin v27.1.1 - https:\/\/yoast.com\/product\/yoast-seo-wordpress\/ -->\n<title>Organizaciones en Chile y Argentina denuncian escalada represiva contra el Pueblo Mapuche<\/title>\n<meta name=\"description\" content=\"Por mapuexpress M\u00e1s de un centenar de organizaciones de ambos lados de la cordillera publicaron hoy un comunicado denunciando la radicalizaci\u00f3n de las\" \/>\n<meta name=\"robots\" content=\"index, follow, max-snippet:-1, max-image-preview:large, max-video-preview:-1\" \/>\n<link rel=\"canonical\" href=\"https:\/\/www.pressenza.com\/es\/2017\/10\/organizaciones-chile-argentina-denuncian-escalada-represiva-pueblo-mapuche\/\" \/>\n<meta property=\"og:locale\" content=\"es_ES\" \/>\n<meta property=\"og:type\" content=\"article\" \/>\n<meta property=\"og:title\" content=\"Organizaciones en Chile y Argentina denuncian escalada represiva contra el Pueblo Mapuche\" \/>\n<meta property=\"og:description\" content=\"Por mapuexpress M\u00e1s de un centenar de organizaciones de ambos lados de la cordillera publicaron hoy un comunicado denunciando la radicalizaci\u00f3n de las\" \/>\n<meta property=\"og:url\" content=\"https:\/\/www.pressenza.com\/es\/2017\/10\/organizaciones-chile-argentina-denuncian-escalada-represiva-pueblo-mapuche\/\" \/>\n<meta property=\"og:site_name\" content=\"Pressenza\" \/>\n<meta property=\"article:publisher\" content=\"https:\/\/www.facebook.com\/PressenzaItalia\" \/>\n<meta property=\"article:author\" content=\"https:\/\/www.facebook.com\/pressenza\" \/>\n<meta property=\"article:published_time\" content=\"2017-10-03T11:22:43+00:00\" \/>\n<meta property=\"og:image\" content=\"https:\/\/www.pressenza.com\/wp-content\/uploads\/2017\/10\/mapuches-Felipe-Duran.jpg\" \/>\n\t<meta property=\"og:image:width\" content=\"1024\" \/>\n\t<meta property=\"og:image:height\" content=\"683\" \/>\n\t<meta property=\"og:image:type\" content=\"image\/jpeg\" \/>\n<meta name=\"author\" content=\"Redacci\u00f3n Mar del Plata\" \/>\n<meta name=\"twitter:card\" content=\"summary_large_image\" \/>\n<meta name=\"twitter:creator\" content=\"@Pressenza\" \/>\n<meta name=\"twitter:site\" content=\"@PressenzaIPA\" \/>\n<meta name=\"twitter:label1\" content=\"Escrito por\" \/>\n\t<meta name=\"twitter:data1\" content=\"Redacci\u00f3n Mar del Plata\" \/>\n\t<meta name=\"twitter:label2\" content=\"Tiempo de lectura\" \/>\n\t<meta name=\"twitter:data2\" content=\"12 minutos\" \/>\n<script type=\"application\/ld+json\" class=\"yoast-schema-graph\">{\"@context\":\"https:\/\/schema.org\",\"@graph\":[{\"@type\":\"Article\",\"@id\":\"https:\/\/www.pressenza.com\/es\/2017\/10\/organizaciones-chile-argentina-denuncian-escalada-represiva-pueblo-mapuche\/#article\",\"isPartOf\":{\"@id\":\"https:\/\/www.pressenza.com\/es\/2017\/10\/organizaciones-chile-argentina-denuncian-escalada-represiva-pueblo-mapuche\/\"},\"author\":{\"name\":\"Redacci\u00f3n Mar del Plata\",\"@id\":\"https:\/\/www.pressenza.com\/es\/#\/schema\/person\/738658b5125ecea661a8a0b96dba8b69\"},\"headline\":\"Organizaciones en Chile y Argentina denuncian escalada represiva contra el Pueblo Mapuche\",\"datePublished\":\"2017-10-03T11:22:43+00:00\",\"mainEntityOfPage\":{\"@id\":\"https:\/\/www.pressenza.com\/es\/2017\/10\/organizaciones-chile-argentina-denuncian-escalada-represiva-pueblo-mapuche\/\"},\"wordCount\":2384,\"publisher\":{\"@id\":\"https:\/\/www.pressenza.com\/es\/#organization\"},\"image\":{\"@id\":\"https:\/\/www.pressenza.com\/es\/2017\/10\/organizaciones-chile-argentina-denuncian-escalada-represiva-pueblo-mapuche\/#primaryimage\"},\"thumbnailUrl\":\"https:\/\/www.pressenza.com\/wp-content\/uploads\/2017\/10\/mapuches-Felipe-Duran.jpg\",\"keywords\":[\"Argentina\",\"Chile\",\"criminalizaci\u00f3n\",\"Cushamen\",\"indigenas\",\"mapuches\",\"Pueblos Originarios\",\"Santiago Maldonado\",\"territorios\"],\"articleSection\":[\"Comunicados de Prensa\",\"Pueblos Originarios\",\"Sudam\u00e9rica\"],\"inLanguage\":\"es\"},{\"@type\":\"WebPage\",\"@id\":\"https:\/\/www.pressenza.com\/es\/2017\/10\/organizaciones-chile-argentina-denuncian-escalada-represiva-pueblo-mapuche\/\",\"url\":\"https:\/\/www.pressenza.com\/es\/2017\/10\/organizaciones-chile-argentina-denuncian-escalada-represiva-pueblo-mapuche\/\",\"name\":\"Organizaciones en Chile y Argentina denuncian escalada represiva contra el Pueblo Mapuche\",\"isPartOf\":{\"@id\":\"https:\/\/www.pressenza.com\/es\/#website\"},\"primaryImageOfPage\":{\"@id\":\"https:\/\/www.pressenza.com\/es\/2017\/10\/organizaciones-chile-argentina-denuncian-escalada-represiva-pueblo-mapuche\/#primaryimage\"},\"image\":{\"@id\":\"https:\/\/www.pressenza.com\/es\/2017\/10\/organizaciones-chile-argentina-denuncian-escalada-represiva-pueblo-mapuche\/#primaryimage\"},\"thumbnailUrl\":\"https:\/\/www.pressenza.com\/wp-content\/uploads\/2017\/10\/mapuches-Felipe-Duran.jpg\",\"datePublished\":\"2017-10-03T11:22:43+00:00\",\"description\":\"Por mapuexpress M\u00e1s de un centenar de organizaciones de ambos lados de la cordillera publicaron hoy un comunicado denunciando la radicalizaci\u00f3n de las\",\"breadcrumb\":{\"@id\":\"https:\/\/www.pressenza.com\/es\/2017\/10\/organizaciones-chile-argentina-denuncian-escalada-represiva-pueblo-mapuche\/#breadcrumb\"},\"inLanguage\":\"es\",\"potentialAction\":[{\"@type\":\"ReadAction\",\"target\":[\"https:\/\/www.pressenza.com\/es\/2017\/10\/organizaciones-chile-argentina-denuncian-escalada-represiva-pueblo-mapuche\/\"]}]},{\"@type\":\"ImageObject\",\"inLanguage\":\"es\",\"@id\":\"https:\/\/www.pressenza.com\/es\/2017\/10\/organizaciones-chile-argentina-denuncian-escalada-represiva-pueblo-mapuche\/#primaryimage\",\"url\":\"https:\/\/www.pressenza.com\/wp-content\/uploads\/2017\/10\/mapuches-Felipe-Duran.jpg\",\"contentUrl\":\"https:\/\/www.pressenza.com\/wp-content\/uploads\/2017\/10\/mapuches-Felipe-Duran.jpg\",\"width\":1024,\"height\":683},{\"@type\":\"BreadcrumbList\",\"@id\":\"https:\/\/www.pressenza.com\/es\/2017\/10\/organizaciones-chile-argentina-denuncian-escalada-represiva-pueblo-mapuche\/#breadcrumb\",\"itemListElement\":[{\"@type\":\"ListItem\",\"position\":1,\"name\":\"Accueil\",\"item\":\"https:\/\/www.pressenza.com\/es\/\"},{\"@type\":\"ListItem\",\"position\":2,\"name\":\"Organizaciones en Chile y Argentina denuncian escalada represiva contra el Pueblo Mapuche\"}]},{\"@type\":\"WebSite\",\"@id\":\"https:\/\/www.pressenza.com\/es\/#website\",\"url\":\"https:\/\/www.pressenza.com\/es\/\",\"name\":\"Pressenza\",\"description\":\"International Press Agency\",\"publisher\":{\"@id\":\"https:\/\/www.pressenza.com\/es\/#organization\"},\"potentialAction\":[{\"@type\":\"SearchAction\",\"target\":{\"@type\":\"EntryPoint\",\"urlTemplate\":\"https:\/\/www.pressenza.com\/es\/?s={search_term_string}\"},\"query-input\":{\"@type\":\"PropertyValueSpecification\",\"valueRequired\":true,\"valueName\":\"search_term_string\"}}],\"inLanguage\":\"es\"},{\"@type\":\"Organization\",\"@id\":\"https:\/\/www.pressenza.com\/es\/#organization\",\"name\":\"Pressenza\",\"url\":\"https:\/\/www.pressenza.com\/es\/\",\"logo\":{\"@type\":\"ImageObject\",\"inLanguage\":\"es\",\"@id\":\"https:\/\/www.pressenza.com\/es\/#\/schema\/logo\/image\/\",\"url\":\"https:\/\/www.pressenza.com\/wp-content\/uploads\/2022\/10\/pressenza_logo_200x200.jpg\",\"contentUrl\":\"https:\/\/www.pressenza.com\/wp-content\/uploads\/2022\/10\/pressenza_logo_200x200.jpg\",\"width\":200,\"height\":200,\"caption\":\"Pressenza\"},\"image\":{\"@id\":\"https:\/\/www.pressenza.com\/es\/#\/schema\/logo\/image\/\"},\"sameAs\":[\"https:\/\/www.facebook.com\/PressenzaItalia\",\"https:\/\/x.com\/PressenzaIPA\"]},{\"@type\":\"Person\",\"@id\":\"https:\/\/www.pressenza.com\/es\/#\/schema\/person\/738658b5125ecea661a8a0b96dba8b69\",\"name\":\"Redacci\u00f3n Mar del Plata\",\"description\":\"News published by the Pressenza bureau in Mar Del Plata, Argentina\",\"sameAs\":[\"https:\/\/www.facebook.com\/pressenza\",\"https:\/\/x.com\/Pressenza\"],\"url\":\"https:\/\/www.pressenza.com\/es\/author\/redaccion-mar-del-plata\/\"}]}<\/script>\n<!-- \/ Yoast SEO plugin. -->","yoast_head_json":{"title":"Organizaciones en Chile y Argentina denuncian escalada represiva contra el Pueblo Mapuche","description":"Por mapuexpress M\u00e1s de un centenar de organizaciones de ambos lados de la cordillera publicaron hoy un comunicado denunciando la radicalizaci\u00f3n de las","robots":{"index":"index","follow":"follow","max-snippet":"max-snippet:-1","max-image-preview":"max-image-preview:large","max-video-preview":"max-video-preview:-1"},"canonical":"https:\/\/www.pressenza.com\/es\/2017\/10\/organizaciones-chile-argentina-denuncian-escalada-represiva-pueblo-mapuche\/","og_locale":"es_ES","og_type":"article","og_title":"Organizaciones en Chile y Argentina denuncian escalada represiva contra el Pueblo Mapuche","og_description":"Por mapuexpress M\u00e1s de un centenar de organizaciones de ambos lados de la cordillera publicaron hoy un comunicado denunciando la radicalizaci\u00f3n de las","og_url":"https:\/\/www.pressenza.com\/es\/2017\/10\/organizaciones-chile-argentina-denuncian-escalada-represiva-pueblo-mapuche\/","og_site_name":"Pressenza","article_publisher":"https:\/\/www.facebook.com\/PressenzaItalia","article_author":"https:\/\/www.facebook.com\/pressenza","article_published_time":"2017-10-03T11:22:43+00:00","og_image":[{"width":1024,"height":683,"url":"https:\/\/www.pressenza.com\/wp-content\/uploads\/2017\/10\/mapuches-Felipe-Duran.jpg","type":"image\/jpeg"}],"author":"Redacci\u00f3n Mar del Plata","twitter_card":"summary_large_image","twitter_creator":"@Pressenza","twitter_site":"@PressenzaIPA","twitter_misc":{"Escrito por":"Redacci\u00f3n Mar del Plata","Tiempo de lectura":"12 minutos"},"schema":{"@context":"https:\/\/schema.org","@graph":[{"@type":"Article","@id":"https:\/\/www.pressenza.com\/es\/2017\/10\/organizaciones-chile-argentina-denuncian-escalada-represiva-pueblo-mapuche\/#article","isPartOf":{"@id":"https:\/\/www.pressenza.com\/es\/2017\/10\/organizaciones-chile-argentina-denuncian-escalada-represiva-pueblo-mapuche\/"},"author":{"name":"Redacci\u00f3n Mar del Plata","@id":"https:\/\/www.pressenza.com\/es\/#\/schema\/person\/738658b5125ecea661a8a0b96dba8b69"},"headline":"Organizaciones en Chile y Argentina denuncian escalada represiva contra el Pueblo Mapuche","datePublished":"2017-10-03T11:22:43+00:00","mainEntityOfPage":{"@id":"https:\/\/www.pressenza.com\/es\/2017\/10\/organizaciones-chile-argentina-denuncian-escalada-represiva-pueblo-mapuche\/"},"wordCount":2384,"publisher":{"@id":"https:\/\/www.pressenza.com\/es\/#organization"},"image":{"@id":"https:\/\/www.pressenza.com\/es\/2017\/10\/organizaciones-chile-argentina-denuncian-escalada-represiva-pueblo-mapuche\/#primaryimage"},"thumbnailUrl":"https:\/\/www.pressenza.com\/wp-content\/uploads\/2017\/10\/mapuches-Felipe-Duran.jpg","keywords":["Argentina","Chile","criminalizaci\u00f3n","Cushamen","indigenas","mapuches","Pueblos Originarios","Santiago Maldonado","territorios"],"articleSection":["Comunicados de Prensa","Pueblos Originarios","Sudam\u00e9rica"],"inLanguage":"es"},{"@type":"WebPage","@id":"https:\/\/www.pressenza.com\/es\/2017\/10\/organizaciones-chile-argentina-denuncian-escalada-represiva-pueblo-mapuche\/","url":"https:\/\/www.pressenza.com\/es\/2017\/10\/organizaciones-chile-argentina-denuncian-escalada-represiva-pueblo-mapuche\/","name":"Organizaciones en Chile y Argentina denuncian escalada represiva contra el Pueblo Mapuche","isPartOf":{"@id":"https:\/\/www.pressenza.com\/es\/#website"},"primaryImageOfPage":{"@id":"https:\/\/www.pressenza.com\/es\/2017\/10\/organizaciones-chile-argentina-denuncian-escalada-represiva-pueblo-mapuche\/#primaryimage"},"image":{"@id":"https:\/\/www.pressenza.com\/es\/2017\/10\/organizaciones-chile-argentina-denuncian-escalada-represiva-pueblo-mapuche\/#primaryimage"},"thumbnailUrl":"https:\/\/www.pressenza.com\/wp-content\/uploads\/2017\/10\/mapuches-Felipe-Duran.jpg","datePublished":"2017-10-03T11:22:43+00:00","description":"Por mapuexpress M\u00e1s de un centenar de organizaciones de ambos lados de la cordillera publicaron hoy un comunicado denunciando la radicalizaci\u00f3n de las","breadcrumb":{"@id":"https:\/\/www.pressenza.com\/es\/2017\/10\/organizaciones-chile-argentina-denuncian-escalada-represiva-pueblo-mapuche\/#breadcrumb"},"inLanguage":"es","potentialAction":[{"@type":"ReadAction","target":["https:\/\/www.pressenza.com\/es\/2017\/10\/organizaciones-chile-argentina-denuncian-escalada-represiva-pueblo-mapuche\/"]}]},{"@type":"ImageObject","inLanguage":"es","@id":"https:\/\/www.pressenza.com\/es\/2017\/10\/organizaciones-chile-argentina-denuncian-escalada-represiva-pueblo-mapuche\/#primaryimage","url":"https:\/\/www.pressenza.com\/wp-content\/uploads\/2017\/10\/mapuches-Felipe-Duran.jpg","contentUrl":"https:\/\/www.pressenza.com\/wp-content\/uploads\/2017\/10\/mapuches-Felipe-Duran.jpg","width":1024,"height":683},{"@type":"BreadcrumbList","@id":"https:\/\/www.pressenza.com\/es\/2017\/10\/organizaciones-chile-argentina-denuncian-escalada-represiva-pueblo-mapuche\/#breadcrumb","itemListElement":[{"@type":"ListItem","position":1,"name":"Accueil","item":"https:\/\/www.pressenza.com\/es\/"},{"@type":"ListItem","position":2,"name":"Organizaciones en Chile y Argentina denuncian escalada represiva contra el Pueblo Mapuche"}]},{"@type":"WebSite","@id":"https:\/\/www.pressenza.com\/es\/#website","url":"https:\/\/www.pressenza.com\/es\/","name":"Pressenza","description":"International Press Agency","publisher":{"@id":"https:\/\/www.pressenza.com\/es\/#organization"},"potentialAction":[{"@type":"SearchAction","target":{"@type":"EntryPoint","urlTemplate":"https:\/\/www.pressenza.com\/es\/?s={search_term_string}"},"query-input":{"@type":"PropertyValueSpecification","valueRequired":true,"valueName":"search_term_string"}}],"inLanguage":"es"},{"@type":"Organization","@id":"https:\/\/www.pressenza.com\/es\/#organization","name":"Pressenza","url":"https:\/\/www.pressenza.com\/es\/","logo":{"@type":"ImageObject","inLanguage":"es","@id":"https:\/\/www.pressenza.com\/es\/#\/schema\/logo\/image\/","url":"https:\/\/www.pressenza.com\/wp-content\/uploads\/2022\/10\/pressenza_logo_200x200.jpg","contentUrl":"https:\/\/www.pressenza.com\/wp-content\/uploads\/2022\/10\/pressenza_logo_200x200.jpg","width":200,"height":200,"caption":"Pressenza"},"image":{"@id":"https:\/\/www.pressenza.com\/es\/#\/schema\/logo\/image\/"},"sameAs":["https:\/\/www.facebook.com\/PressenzaItalia","https:\/\/x.com\/PressenzaIPA"]},{"@type":"Person","@id":"https:\/\/www.pressenza.com\/es\/#\/schema\/person\/738658b5125ecea661a8a0b96dba8b69","name":"Redacci\u00f3n Mar del Plata","description":"News published by the Pressenza bureau in Mar Del Plata, Argentina","sameAs":["https:\/\/www.facebook.com\/pressenza","https:\/\/x.com\/Pressenza"],"url":"https:\/\/www.pressenza.com\/es\/author\/redaccion-mar-del-plata\/"}]}},"place":"Argentina-Chile","original_article_url":"http:\/\/www.mapuexpress.org\/?p=21133#","_links":{"self":[{"href":"https:\/\/www.pressenza.com\/es\/wp-json\/wp\/v2\/posts\/530181","targetHints":{"allow":["GET"]}}],"collection":[{"href":"https:\/\/www.pressenza.com\/es\/wp-json\/wp\/v2\/posts"}],"about":[{"href":"https:\/\/www.pressenza.com\/es\/wp-json\/wp\/v2\/types\/post"}],"author":[{"embeddable":true,"href":"https:\/\/www.pressenza.com\/es\/wp-json\/wp\/v2\/users\/1254"}],"replies":[{"embeddable":true,"href":"https:\/\/www.pressenza.com\/es\/wp-json\/wp\/v2\/comments?post=530181"}],"version-history":[{"count":0,"href":"https:\/\/www.pressenza.com\/es\/wp-json\/wp\/v2\/posts\/530181\/revisions"}],"wp:featuredmedia":[{"embeddable":true,"href":"https:\/\/www.pressenza.com\/es\/wp-json\/wp\/v2\/media\/530182"}],"wp:attachment":[{"href":"https:\/\/www.pressenza.com\/es\/wp-json\/wp\/v2\/media?parent=530181"}],"wp:term":[{"taxonomy":"category","embeddable":true,"href":"https:\/\/www.pressenza.com\/es\/wp-json\/wp\/v2\/categories?post=530181"},{"taxonomy":"post_tag","embeddable":true,"href":"https:\/\/www.pressenza.com\/es\/wp-json\/wp\/v2\/tags?post=530181"}],"curies":[{"name":"wp","href":"https:\/\/api.w.org\/{rel}","templated":true}]}}