{"id":52952,"date":"2013-05-21T15:34:42","date_gmt":"2013-05-21T14:34:42","guid":{"rendered":"http:\/\/www.pressenza.com\/?p=52952"},"modified":"2013-05-21T15:34:42","modified_gmt":"2013-05-21T14:34:42","slug":"comer-insectos-para-acabar-con-el-hambre","status":"publish","type":"post","link":"https:\/\/www.pressenza.com\/es\/2013\/05\/comer-insectos-para-acabar-con-el-hambre\/","title":{"rendered":"\u00bfComer insectos para acabar con el hambre?"},"content":{"rendered":"<p>La Organizaci\u00f3n de las Naciones Unidas para la Alimentaci\u00f3n y la Agricultura, la FAO, ha publicado esta semana un informe que ha despertado cierto revuelo: Insectos comestibles. Perspectivas de futuro para la seguridad alimentaria y la alimentaci\u00f3n, y donde recomienda el consumo de insectos para dar de comer a un n\u00famero cada vez mayor de personas. Pero, \u00bfacabar con el hambre en el mundo pasa por empezar a consumir insectos o hacer accesible la comida a la gente? Yo me decanto por la segunda opci\u00f3n.<\/p>\n<p>No tengo nada en contra el consumo de \u00abbichos\u00bb, que en otras latitudes est\u00e1 plenamente extendido. Seg\u00fan la FAO, hoy en el planeta al menos dos mil millones de personas los ingieren regularmente: escarabajos, orugas, abejas, hormigas, saltamontes, langostas y un largo etc\u00e9tera. Un total de 1.900 especies que se comen en pa\u00edses de \u00c1frica, Asia y, tambi\u00e9n, Am\u00e9rica Latina. Y, seg\u00fan dicho informe tienen un alto contenido en prote\u00ednas, materias grasas y minerales. Aqu\u00ed, pero, la sola idea de llevarnos a la boca dichos insectos no nos produce sino asco.<\/p>\n<p>Las tertulias y debates que estos d\u00edas han girado alrededor de la propuesta de la FAO en medios de comunicaci\u00f3n variopintos, lo han hecho con una clara mirada etnoc\u00e9ntrica de lo que comemos. Asociando el consumo de insectos a un comportamiento primitivo, como si nosotros tuvi\u00e9semos la verdad absoluta sobre qu\u00e9 se puede y qu\u00e9 no se puede comer. Me pregunto, \u00bfqu\u00e9 pensar\u00e1n en otros pa\u00edses de los caracoles en salsa, del conejo asado o, para rizar el rizo, de la paella de arroz y conejo con caracoles? Creo que m\u00e1s de un centro europeo no aguantar\u00eda ni dos minutos en la mesa, imaginando su conejo mascota cocinado como un bistec y rodeado de moluscos babosos.<\/p>\n<p>Pero, m\u00e1s all\u00e1 de consideraciones culturales, creo que el problema del hambre tiene que abordarse desde otra perspectiva. No se trata, como soluci\u00f3n m\u00e1gica, de apostar por la ingesta de insectos, independientemente de las virtudes nutritivas que estos puedan tener, sino el kid de la cuesti\u00f3n est\u00e1 en preguntarnos c\u00f3mo en un mundo de la abundancia de alimentos hay tantas personas que no tienen qu\u00e9 comer. Hoy el problema del hambre no radica en la producci\u00f3n sino en la distribuci\u00f3n. No se trata de producir m\u00e1s, o buscar nuevos comestibles, sino de distribuir aquellos que ya existen y hacerlos accesibles a la gente.<\/p>\n<p>Seg\u00fan la FAO, en la actualidad, se cultiva suficiente como para alimentar a 12 mil millones de personas, y en planeta somos 7 mil millones. Hay comida. El problema radica en manos de qui\u00e9n est\u00e1. Los alimentos se han convertido en un instrumento de negocio por parte de unas pocas multinacionales de la agroindustria, que priorizan sus intereses empresariales a las necesidades alimentarias de las personas. De este modo, si no tienes dinero para pagar el precio cada d\u00eda m\u00e1s caro de la comida o acceso a los medios de producci\u00f3n, como tierra, agua y semillas, no comes.<\/p>\n<p>Acabar con el hambre pasa por exigir justicia y democracia en las pol\u00edticas agr\u00edcolas y alimentarias. Y devolver a los pueblos la soberan\u00eda alimentaria, la capacidad de decidir sobre qu\u00e9 y c\u00f3mo se produce, distribuye y se consume. Anteponer derechos a privilegios. Y apostar por otro modelo de agricultura y alimentaci\u00f3n: de proximidad, campesina, agroecol\u00f3gica&#8230; S\u00f3lo as\u00ed todo el mundo podr\u00e1 comer.<\/p>\n<p>*Art\u00edculo en P\u00fablico, 18\/05\/2013.<\/p>\n","protected":false},"excerpt":{"rendered":"<p>La Organizaci\u00f3n de las Naciones Unidas para la Alimentaci\u00f3n y la Agricultura, la FAO, ha publicado esta semana un informe que ha despertado cierto revuelo: Insectos comestibles. Perspectivas de futuro para la seguridad alimentaria y la alimentaci\u00f3n, y donde recomienda&hellip;<\/p>\n","protected":false},"author":895,"featured_media":52966,"comment_status":"closed","ping_status":"open","sticky":false,"template":"","format":"standard","meta":{"footnotes":""},"categories":[79,81,39,161],"tags":[355,398,407,381,631],"class_list":["post-52952","post","type-post","status-publish","format-standard","has-post-thumbnail","hentry","category-derechos-humanos","category-economia-es","category-internacional","category-opiniones","tag-crisis-es","tag-justicia","tag-medio-ambiente","tag-recursos-naturales","tag-violencia-economica"],"yoast_head":"<!-- This site is optimized with the Yoast SEO plugin v27.1.1 - https:\/\/yoast.com\/product\/yoast-seo-wordpress\/ -->\n<title>\u00bfComer insectos para acabar con el hambre?<\/title>\n<meta name=\"description\" content=\"La Organizaci\u00f3n de las Naciones Unidas para la Alimentaci\u00f3n y la Agricultura, la FAO, ha publicado esta semana un informe que ha despertado cierto\" \/>\n<meta name=\"robots\" content=\"index, follow, max-snippet:-1, max-image-preview:large, max-video-preview:-1\" \/>\n<link rel=\"canonical\" href=\"https:\/\/www.pressenza.com\/es\/2013\/05\/comer-insectos-para-acabar-con-el-hambre\/\" \/>\n<meta property=\"og:locale\" content=\"es_ES\" \/>\n<meta property=\"og:type\" content=\"article\" \/>\n<meta property=\"og:title\" content=\"\u00bfComer insectos para acabar con el hambre?\" \/>\n<meta property=\"og:description\" content=\"La Organizaci\u00f3n de las Naciones Unidas para la Alimentaci\u00f3n y la Agricultura, la FAO, ha publicado esta semana un informe que ha despertado cierto\" \/>\n<meta property=\"og:url\" content=\"https:\/\/www.pressenza.com\/es\/2013\/05\/comer-insectos-para-acabar-con-el-hambre\/\" \/>\n<meta property=\"og:site_name\" content=\"Pressenza\" \/>\n<meta property=\"article:publisher\" content=\"https:\/\/www.facebook.com\/PressenzaItalia\" \/>\n<meta property=\"article:published_time\" content=\"2013-05-21T14:34:42+00:00\" \/>\n<meta property=\"og:image\" content=\"https:\/\/www.pressenza.com\/wp-content\/uploads\/2013\/05\/Insects_by_novac.jpg\" \/>\n\t<meta property=\"og:image:width\" content=\"800\" \/>\n\t<meta property=\"og:image:height\" content=\"376\" \/>\n\t<meta property=\"og:image:type\" content=\"image\/jpeg\" \/>\n<meta name=\"author\" content=\"Esther Vivas\" \/>\n<meta name=\"twitter:card\" content=\"summary_large_image\" \/>\n<meta name=\"twitter:creator\" content=\"@PressenzaIPA\" \/>\n<meta name=\"twitter:site\" content=\"@PressenzaIPA\" \/>\n<meta name=\"twitter:label1\" content=\"Escrito por\" \/>\n\t<meta name=\"twitter:data1\" content=\"Esther Vivas\" \/>\n\t<meta name=\"twitter:label2\" content=\"Tiempo de lectura\" \/>\n\t<meta name=\"twitter:data2\" content=\"3 minutos\" \/>\n<script type=\"application\/ld+json\" class=\"yoast-schema-graph\">{\"@context\":\"https:\/\/schema.org\",\"@graph\":[{\"@type\":\"Article\",\"@id\":\"https:\/\/www.pressenza.com\/es\/2013\/05\/comer-insectos-para-acabar-con-el-hambre\/#article\",\"isPartOf\":{\"@id\":\"https:\/\/www.pressenza.com\/es\/2013\/05\/comer-insectos-para-acabar-con-el-hambre\/\"},\"author\":{\"name\":\"Esther Vivas\",\"@id\":\"https:\/\/www.pressenza.com\/es\/#\/schema\/person\/3e97417b680c48cd8fb0cbd3d60ce87e\"},\"headline\":\"\u00bfComer insectos para acabar con el hambre?\",\"datePublished\":\"2013-05-21T14:34:42+00:00\",\"mainEntityOfPage\":{\"@id\":\"https:\/\/www.pressenza.com\/es\/2013\/05\/comer-insectos-para-acabar-con-el-hambre\/\"},\"wordCount\":604,\"publisher\":{\"@id\":\"https:\/\/www.pressenza.com\/es\/#organization\"},\"image\":{\"@id\":\"https:\/\/www.pressenza.com\/es\/2013\/05\/comer-insectos-para-acabar-con-el-hambre\/#primaryimage\"},\"thumbnailUrl\":\"https:\/\/www.pressenza.com\/wp-content\/uploads\/2013\/05\/Insects_by_novac.jpg\",\"keywords\":[\"crisis\",\"justicia\",\"medio ambiente\",\"Recursos naturales\",\"Violencia econ\u00f3mica\"],\"articleSection\":[\"Derechos Humanos\",\"Econom\u00eda\",\"Internacional\",\"Opiniones\"],\"inLanguage\":\"es\"},{\"@type\":\"WebPage\",\"@id\":\"https:\/\/www.pressenza.com\/es\/2013\/05\/comer-insectos-para-acabar-con-el-hambre\/\",\"url\":\"https:\/\/www.pressenza.com\/es\/2013\/05\/comer-insectos-para-acabar-con-el-hambre\/\",\"name\":\"\u00bfComer insectos para acabar con el hambre?\",\"isPartOf\":{\"@id\":\"https:\/\/www.pressenza.com\/es\/#website\"},\"primaryImageOfPage\":{\"@id\":\"https:\/\/www.pressenza.com\/es\/2013\/05\/comer-insectos-para-acabar-con-el-hambre\/#primaryimage\"},\"image\":{\"@id\":\"https:\/\/www.pressenza.com\/es\/2013\/05\/comer-insectos-para-acabar-con-el-hambre\/#primaryimage\"},\"thumbnailUrl\":\"https:\/\/www.pressenza.com\/wp-content\/uploads\/2013\/05\/Insects_by_novac.jpg\",\"datePublished\":\"2013-05-21T14:34:42+00:00\",\"description\":\"La Organizaci\u00f3n de las Naciones Unidas para la Alimentaci\u00f3n y la Agricultura, la FAO, ha publicado esta semana un informe que ha despertado cierto\",\"breadcrumb\":{\"@id\":\"https:\/\/www.pressenza.com\/es\/2013\/05\/comer-insectos-para-acabar-con-el-hambre\/#breadcrumb\"},\"inLanguage\":\"es\",\"potentialAction\":[{\"@type\":\"ReadAction\",\"target\":[\"https:\/\/www.pressenza.com\/es\/2013\/05\/comer-insectos-para-acabar-con-el-hambre\/\"]}]},{\"@type\":\"ImageObject\",\"inLanguage\":\"es\",\"@id\":\"https:\/\/www.pressenza.com\/es\/2013\/05\/comer-insectos-para-acabar-con-el-hambre\/#primaryimage\",\"url\":\"https:\/\/www.pressenza.com\/wp-content\/uploads\/2013\/05\/Insects_by_novac.jpg\",\"contentUrl\":\"https:\/\/www.pressenza.com\/wp-content\/uploads\/2013\/05\/Insects_by_novac.jpg\",\"width\":800,\"height\":376},{\"@type\":\"BreadcrumbList\",\"@id\":\"https:\/\/www.pressenza.com\/es\/2013\/05\/comer-insectos-para-acabar-con-el-hambre\/#breadcrumb\",\"itemListElement\":[{\"@type\":\"ListItem\",\"position\":1,\"name\":\"Accueil\",\"item\":\"https:\/\/www.pressenza.com\/es\/\"},{\"@type\":\"ListItem\",\"position\":2,\"name\":\"\u00bfComer insectos para acabar con el hambre?\"}]},{\"@type\":\"WebSite\",\"@id\":\"https:\/\/www.pressenza.com\/es\/#website\",\"url\":\"https:\/\/www.pressenza.com\/es\/\",\"name\":\"Pressenza\",\"description\":\"International Press Agency\",\"publisher\":{\"@id\":\"https:\/\/www.pressenza.com\/es\/#organization\"},\"potentialAction\":[{\"@type\":\"SearchAction\",\"target\":{\"@type\":\"EntryPoint\",\"urlTemplate\":\"https:\/\/www.pressenza.com\/es\/?s={search_term_string}\"},\"query-input\":{\"@type\":\"PropertyValueSpecification\",\"valueRequired\":true,\"valueName\":\"search_term_string\"}}],\"inLanguage\":\"es\"},{\"@type\":\"Organization\",\"@id\":\"https:\/\/www.pressenza.com\/es\/#organization\",\"name\":\"Pressenza\",\"url\":\"https:\/\/www.pressenza.com\/es\/\",\"logo\":{\"@type\":\"ImageObject\",\"inLanguage\":\"es\",\"@id\":\"https:\/\/www.pressenza.com\/es\/#\/schema\/logo\/image\/\",\"url\":\"https:\/\/www.pressenza.com\/wp-content\/uploads\/2022\/10\/pressenza_logo_200x200.jpg\",\"contentUrl\":\"https:\/\/www.pressenza.com\/wp-content\/uploads\/2022\/10\/pressenza_logo_200x200.jpg\",\"width\":200,\"height\":200,\"caption\":\"Pressenza\"},\"image\":{\"@id\":\"https:\/\/www.pressenza.com\/es\/#\/schema\/logo\/image\/\"},\"sameAs\":[\"https:\/\/www.facebook.com\/PressenzaItalia\",\"https:\/\/x.com\/PressenzaIPA\"]},{\"@type\":\"Person\",\"@id\":\"https:\/\/www.pressenza.com\/es\/#\/schema\/person\/3e97417b680c48cd8fb0cbd3d60ce87e\",\"name\":\"Esther Vivas\",\"description\":\"Activista e investigadora en movimientos sociales y pol\u00edticas agr\u00edcolas y alimentarias. Es licenciada en periodismo y m\u00e1ster en sociolog\u00eda. Forma parte del Centro de Estudios sobre Movimientos Sociales (CEMS) en la Universidad Pompeu Fabra. Es autora de varios libros, entre ellos \\\"Planeta indignado. Ocupando el futuro\\\" y \\\"Del campo al plato. Los circuitos de producci\u00f3n y distribuci\u00f3n de alimentos\\\". http:\/\/esthervivas.com\",\"url\":\"https:\/\/www.pressenza.com\/es\/author\/esther-vivas\/\"}]}<\/script>\n<!-- \/ Yoast SEO plugin. -->","yoast_head_json":{"title":"\u00bfComer insectos para acabar con el hambre?","description":"La Organizaci\u00f3n de las Naciones Unidas para la Alimentaci\u00f3n y la Agricultura, la FAO, ha publicado esta semana un informe que ha despertado cierto","robots":{"index":"index","follow":"follow","max-snippet":"max-snippet:-1","max-image-preview":"max-image-preview:large","max-video-preview":"max-video-preview:-1"},"canonical":"https:\/\/www.pressenza.com\/es\/2013\/05\/comer-insectos-para-acabar-con-el-hambre\/","og_locale":"es_ES","og_type":"article","og_title":"\u00bfComer insectos para acabar con el hambre?","og_description":"La Organizaci\u00f3n de las Naciones Unidas para la Alimentaci\u00f3n y la Agricultura, la FAO, ha publicado esta semana un informe que ha despertado cierto","og_url":"https:\/\/www.pressenza.com\/es\/2013\/05\/comer-insectos-para-acabar-con-el-hambre\/","og_site_name":"Pressenza","article_publisher":"https:\/\/www.facebook.com\/PressenzaItalia","article_published_time":"2013-05-21T14:34:42+00:00","og_image":[{"width":800,"height":376,"url":"https:\/\/www.pressenza.com\/wp-content\/uploads\/2013\/05\/Insects_by_novac.jpg","type":"image\/jpeg"}],"author":"Esther Vivas","twitter_card":"summary_large_image","twitter_creator":"@PressenzaIPA","twitter_site":"@PressenzaIPA","twitter_misc":{"Escrito por":"Esther Vivas","Tiempo de lectura":"3 minutos"},"schema":{"@context":"https:\/\/schema.org","@graph":[{"@type":"Article","@id":"https:\/\/www.pressenza.com\/es\/2013\/05\/comer-insectos-para-acabar-con-el-hambre\/#article","isPartOf":{"@id":"https:\/\/www.pressenza.com\/es\/2013\/05\/comer-insectos-para-acabar-con-el-hambre\/"},"author":{"name":"Esther Vivas","@id":"https:\/\/www.pressenza.com\/es\/#\/schema\/person\/3e97417b680c48cd8fb0cbd3d60ce87e"},"headline":"\u00bfComer insectos para acabar con el hambre?","datePublished":"2013-05-21T14:34:42+00:00","mainEntityOfPage":{"@id":"https:\/\/www.pressenza.com\/es\/2013\/05\/comer-insectos-para-acabar-con-el-hambre\/"},"wordCount":604,"publisher":{"@id":"https:\/\/www.pressenza.com\/es\/#organization"},"image":{"@id":"https:\/\/www.pressenza.com\/es\/2013\/05\/comer-insectos-para-acabar-con-el-hambre\/#primaryimage"},"thumbnailUrl":"https:\/\/www.pressenza.com\/wp-content\/uploads\/2013\/05\/Insects_by_novac.jpg","keywords":["crisis","justicia","medio ambiente","Recursos naturales","Violencia econ\u00f3mica"],"articleSection":["Derechos Humanos","Econom\u00eda","Internacional","Opiniones"],"inLanguage":"es"},{"@type":"WebPage","@id":"https:\/\/www.pressenza.com\/es\/2013\/05\/comer-insectos-para-acabar-con-el-hambre\/","url":"https:\/\/www.pressenza.com\/es\/2013\/05\/comer-insectos-para-acabar-con-el-hambre\/","name":"\u00bfComer insectos para acabar con el hambre?","isPartOf":{"@id":"https:\/\/www.pressenza.com\/es\/#website"},"primaryImageOfPage":{"@id":"https:\/\/www.pressenza.com\/es\/2013\/05\/comer-insectos-para-acabar-con-el-hambre\/#primaryimage"},"image":{"@id":"https:\/\/www.pressenza.com\/es\/2013\/05\/comer-insectos-para-acabar-con-el-hambre\/#primaryimage"},"thumbnailUrl":"https:\/\/www.pressenza.com\/wp-content\/uploads\/2013\/05\/Insects_by_novac.jpg","datePublished":"2013-05-21T14:34:42+00:00","description":"La Organizaci\u00f3n de las Naciones Unidas para la Alimentaci\u00f3n y la Agricultura, la FAO, ha publicado esta semana un informe que ha despertado cierto","breadcrumb":{"@id":"https:\/\/www.pressenza.com\/es\/2013\/05\/comer-insectos-para-acabar-con-el-hambre\/#breadcrumb"},"inLanguage":"es","potentialAction":[{"@type":"ReadAction","target":["https:\/\/www.pressenza.com\/es\/2013\/05\/comer-insectos-para-acabar-con-el-hambre\/"]}]},{"@type":"ImageObject","inLanguage":"es","@id":"https:\/\/www.pressenza.com\/es\/2013\/05\/comer-insectos-para-acabar-con-el-hambre\/#primaryimage","url":"https:\/\/www.pressenza.com\/wp-content\/uploads\/2013\/05\/Insects_by_novac.jpg","contentUrl":"https:\/\/www.pressenza.com\/wp-content\/uploads\/2013\/05\/Insects_by_novac.jpg","width":800,"height":376},{"@type":"BreadcrumbList","@id":"https:\/\/www.pressenza.com\/es\/2013\/05\/comer-insectos-para-acabar-con-el-hambre\/#breadcrumb","itemListElement":[{"@type":"ListItem","position":1,"name":"Accueil","item":"https:\/\/www.pressenza.com\/es\/"},{"@type":"ListItem","position":2,"name":"\u00bfComer insectos para acabar con el hambre?"}]},{"@type":"WebSite","@id":"https:\/\/www.pressenza.com\/es\/#website","url":"https:\/\/www.pressenza.com\/es\/","name":"Pressenza","description":"International Press Agency","publisher":{"@id":"https:\/\/www.pressenza.com\/es\/#organization"},"potentialAction":[{"@type":"SearchAction","target":{"@type":"EntryPoint","urlTemplate":"https:\/\/www.pressenza.com\/es\/?s={search_term_string}"},"query-input":{"@type":"PropertyValueSpecification","valueRequired":true,"valueName":"search_term_string"}}],"inLanguage":"es"},{"@type":"Organization","@id":"https:\/\/www.pressenza.com\/es\/#organization","name":"Pressenza","url":"https:\/\/www.pressenza.com\/es\/","logo":{"@type":"ImageObject","inLanguage":"es","@id":"https:\/\/www.pressenza.com\/es\/#\/schema\/logo\/image\/","url":"https:\/\/www.pressenza.com\/wp-content\/uploads\/2022\/10\/pressenza_logo_200x200.jpg","contentUrl":"https:\/\/www.pressenza.com\/wp-content\/uploads\/2022\/10\/pressenza_logo_200x200.jpg","width":200,"height":200,"caption":"Pressenza"},"image":{"@id":"https:\/\/www.pressenza.com\/es\/#\/schema\/logo\/image\/"},"sameAs":["https:\/\/www.facebook.com\/PressenzaItalia","https:\/\/x.com\/PressenzaIPA"]},{"@type":"Person","@id":"https:\/\/www.pressenza.com\/es\/#\/schema\/person\/3e97417b680c48cd8fb0cbd3d60ce87e","name":"Esther Vivas","description":"Activista e investigadora en movimientos sociales y pol\u00edticas agr\u00edcolas y alimentarias. Es licenciada en periodismo y m\u00e1ster en sociolog\u00eda. Forma parte del Centro de Estudios sobre Movimientos Sociales (CEMS) en la Universidad Pompeu Fabra. Es autora de varios libros, entre ellos \"Planeta indignado. Ocupando el futuro\" y \"Del campo al plato. Los circuitos de producci\u00f3n y distribuci\u00f3n de alimentos\". http:\/\/esthervivas.com","url":"https:\/\/www.pressenza.com\/es\/author\/esther-vivas\/"}]}},"place":"Barcelona","original_article_url":"","_links":{"self":[{"href":"https:\/\/www.pressenza.com\/es\/wp-json\/wp\/v2\/posts\/52952","targetHints":{"allow":["GET"]}}],"collection":[{"href":"https:\/\/www.pressenza.com\/es\/wp-json\/wp\/v2\/posts"}],"about":[{"href":"https:\/\/www.pressenza.com\/es\/wp-json\/wp\/v2\/types\/post"}],"author":[{"embeddable":true,"href":"https:\/\/www.pressenza.com\/es\/wp-json\/wp\/v2\/users\/895"}],"replies":[{"embeddable":true,"href":"https:\/\/www.pressenza.com\/es\/wp-json\/wp\/v2\/comments?post=52952"}],"version-history":[{"count":0,"href":"https:\/\/www.pressenza.com\/es\/wp-json\/wp\/v2\/posts\/52952\/revisions"}],"wp:featuredmedia":[{"embeddable":true,"href":"https:\/\/www.pressenza.com\/es\/wp-json\/wp\/v2\/media\/52966"}],"wp:attachment":[{"href":"https:\/\/www.pressenza.com\/es\/wp-json\/wp\/v2\/media?parent=52952"}],"wp:term":[{"taxonomy":"category","embeddable":true,"href":"https:\/\/www.pressenza.com\/es\/wp-json\/wp\/v2\/categories?post=52952"},{"taxonomy":"post_tag","embeddable":true,"href":"https:\/\/www.pressenza.com\/es\/wp-json\/wp\/v2\/tags?post=52952"}],"curies":[{"name":"wp","href":"https:\/\/api.w.org\/{rel}","templated":true}]}}