{"id":52889,"date":"2013-05-20T22:06:51","date_gmt":"2013-05-20T21:06:51","guid":{"rendered":"http:\/\/www.pressenza.com\/?p=52889"},"modified":"2013-05-21T15:03:03","modified_gmt":"2013-05-21T14:03:03","slug":"vayanse-todos","status":"publish","type":"post","link":"https:\/\/www.pressenza.com\/es\/2013\/05\/vayanse-todos\/","title":{"rendered":"\u00a1V\u00e1yanse todos!"},"content":{"rendered":"<p><strong>Por Patricio Araya<\/strong><\/p>\n<p style=\"text-align: justify;\">\u201cEstoy contenta. Me encanta esta etapa. Lo que a m\u00ed no me acomoda es cuando los per\u00edodos electorales se transforman en algo distinto a lo que debieran ser, al debate de las ideas, de las propuestas. Me refiero a cuando se transforman en campa\u00f1as del miedo, guerras de guerrillas absurdas que adem\u00e1s provoca que los ciudadanos se sientan confundidos, enojados, no les gusta\u201d, afirma <strong>Michelle Bachelet<\/strong> en <a href=\"http:\/\/www.revistamujeres.cl\/michelle-bachelet-no-podia-quedarme-fuera\/prontus_revistamujeres\/2013-05-14\/094354.html\" target=\"_blank\"><em>Publimetro<\/em><\/a>. Y agrega:\u201dEsto de la campa\u00f1a, de estar en contacto con la gente, siento que vale la pena. Si no, no habr\u00eda vuelto. Sent\u00ed que pod\u00eda contribuir. En mi vida mi prioridad es eso, contribuir. Y no pod\u00eda quedarme fuera\u201d.<\/p>\n<p style=\"text-align: justify;\">A simple vista es posible percibir que la candidata a la presidencia chilena Bachelet est\u00e1 inc\u00f3moda, ella quiere debatir ideas, propuestas, y no tener que ser testigo de peleas rascas. Tal vez est\u00e1 arrepentida de haber abandonado su pega en la <strong>ONU<\/strong> para regresar a lo mismo de siempre. Sin embargo, ella est\u00e1 desconectada de la calle. Sus asesores, sus avanzadas, sus anfitriones, le arman \u201cencuentros ciudadanos\u201d en comunas dirigidas por alcaldes concertacionistas \u2013no comunas concertacionistas\u2013, la suben y la bajan de escenarios como a <strong>Shakira<\/strong>, nadie puede conversar con ella, s\u00f3lo tocarla a la pasada; ning\u00fan vecino puede plantearle nada, no hay tiempo. Ni inter\u00e9s.<\/p>\n<p style=\"text-align: justify;\">Su rostro denota que no quiere seguir perdiendo su popularidad a manos de unos que ya se farrearon la que alguna vez tuvieron. Tampoco le debe resultar muy atractivo el cambio de candidato en el oficialismo. Antes de su regreso al pa\u00eds, la pregunta era: \u00bfqui\u00e9n le puede ganar a Bachelet? En la <strong>Alianza<\/strong> resolvieron esa pregunta no desde la doctrina, sino desde la obviedad de las encuestas y el <em>marketing<\/em>, y pusieron en el tablero a un candidato ajeno, como <strong>Laurence Golborne<\/strong>, conscientes que \u00e9l respond\u00eda a la misma l\u00f3gica que hab\u00eda llevado a Bachelet a <strong>La Moneda<\/strong>: el populismo, la imagen. A ella le bast\u00f3 subirse a un tanque; a \u00e9l, un derrumbe.<\/p>\n<p style=\"text-align: justify;\">Desde esa perspectiva, Golborne era el candidato ideal para enfrentarse a una ex mandataria con altos \u00edndices de popularidad, sin mucha densidad ni liderazgo pol\u00edtico palpable \u2013no se sabe de obra alguna de su autor\u00eda que permita conocer su pensamiento. Ella fue incapaz de golpearle la mesa al rey de <strong>Espa\u00f1a<\/strong> y a <strong>Ch\u00e1vez<\/strong> cuando se palabrearon delante suyo en <strong>Santiago<\/strong>; no tuvo car\u00e1cter. Igual en el caso de la madrugada de 27 de febrero de 2010 en la <strong>Onemi<\/strong>, cuando las \u00f3rdenes las daba la Jupi, su secretaria.<\/p>\n<p style=\"text-align: justify;\">Con la entrada del ex ministro de <strong>Econom\u00eda<\/strong> en escena la pregunta se invirti\u00f3: \u00bfqui\u00e9n le puede ganar a <strong>Pablo Longueira<\/strong>? Al parecer, estamos <em>ad portas<\/em> de un nuevo cambio de candidato, esta vez en la <strong>Concertaci\u00f3n<\/strong>. Bachelet no posee ni el histrionismo ni las agallas de <strong>Ricardo Lagos<\/strong>. Si Golborne serv\u00eda para disputarle la popularidad a Bachelet, resulta evidente que ella no es la mejor candidata para enfrentar a un duro como Longueira. No obstante, esto no cambia las cosas para la candidata opositora ni para la elite de la que ella forma parte \u2013esa clase desconectada de la calle, de los sueldos de hambre, de las pensiones de miseria; esa elite que hace mucho se deshizo de esa lucha entre capital y fuerza de trabajo, y en su reemplazo adhiri\u00f3 al modelo que la enriqueci\u00f3, que la instal\u00f3 en directorios de empresas, que le asegur\u00f3 cupos parlamentarios y premios de consuelo, como embajadas, ministerios, intendencias, gobernaciones\u2013, s\u00ed para sus adl\u00e1teres, los \u00fanicos que se juegan algo importante en esta y en cualquier elecci\u00f3n.<\/p>\n<p style=\"text-align: justify;\">En especial la candidatura de Bachelet tiene un extra\u00f1o sabor a agencia de empleos. En torno a ella pululan miles de interesados, dotados de una particular \u201cvocaci\u00f3n\u201d por el servicio p\u00fablico\u2026 \u00bfCu\u00e1ntos ser\u00e1n\u2026 3 mil, 5 mil servidores? Ellos son los \u00fanicos y reales interesados en que su candidata convierta. La nueva elite, la conformada por los vencedores y vencidos del 73 y del 88, nunca es afectada por el resultado. En cualquier caso usar\u00e1n una \u201cO\u201d en la solapa, ya sea la de oficialismo, ya sea la de oposici\u00f3n.<\/p>\n<p style=\"text-align: justify;\">Que Bachelet gane o pierda en noviembre, incluso, que sea reemplazada en la papeleta del general <strong>Cheyre<\/strong>, no es relevante; tampoco lo es si gana Longueira o <strong>Allamand<\/strong>. Todos son parte de la elite, y \u00e9sta ya se acomod\u00f3 hace muchos a\u00f1os, es inmune a la derrota. Al final del d\u00eda, tampoco tendr\u00e1 ninguna importancia si <strong>Camilo Escalona<\/strong> y <strong>Gutenberg Mart\u00ednez<\/strong>, se confabularon o no para botar las primarias, con tal de retener su esca\u00f1o y el de <strong>Soledad Alvear<\/strong>, o si la mitad de la <strong>DC<\/strong> se une a <strong>RN<\/strong> para apoyar a Allamand, con tal de no competir con Longueira, o si Alianza y Concertaci\u00f3n se \u201cparearon\u201d para salvar a Bachelet por el caso <em>Tsunami<\/em>, y a Longueira por el Censo 2012\u2026<\/p>\n<p style=\"text-align: justify;\">Al contrario de lo que suele decir <strong>Coco Legrand<\/strong> en sus presentaciones, respecto que \u201ctodo ha cambiado en este pa\u00eds\u201d, en nuestra pol\u00edtica, nada ha cambiado, ni tampoco cambiar\u00e1, salvo que la calle diga lo contrario, salvo que la gente, la <em>people<\/em>, el pueblo, la chusma \u2013aquella masa obediente que a diario realiza el ejercicio de la esclavitud, en favor de la acumulaci\u00f3n de riqueza de la elite\u2013 se una y diga \u00a1basta ya!<\/p>\n<p style=\"text-align: justify;\">Fuera de aqu\u00ed los conglomerados que han hecho del consenso una forma de enriquecimiento y de impunidad, fuera de aqu\u00ed aquellos que han encontrado en la sobrerrepresentaci\u00f3n la mejor forma de validarse, que han avalado la esclavitud y la sumisi\u00f3n de un pueblo entero, que han hecho de <strong>Chile<\/strong> una <strong>Sud\u00e1frica<\/strong> segregada.<\/p>\n<p style=\"text-align: justify;\">Quiero que mis nietos vivan en un pa\u00eds que el 5 de octubre de 1988, les promet\u00ed a mis hijos, y que hasta hoy me ha sido imposible mostrarles.<\/p>\n","protected":false},"excerpt":{"rendered":"<p>Por Patricio Araya \u201cEstoy contenta. Me encanta esta etapa. Lo que a m\u00ed no me acomoda es cuando los per\u00edodos electorales se transforman en algo distinto a lo que debieran ser, al debate de las ideas, de las propuestas. Me&hellip;<\/p>\n","protected":false},"author":616,"featured_media":52962,"comment_status":"closed","ping_status":"open","sticky":false,"template":"","format":"standard","meta":{"footnotes":""},"categories":[161,74,67],"tags":[403],"class_list":["post-52889","post","type-post","status-publish","format-standard","has-post-thumbnail","hentry","category-opiniones","category-politica-es","category-sudamerica","tag-elecciones"],"yoast_head":"<!-- This site is optimized with the Yoast SEO plugin v27.1.1 - https:\/\/yoast.com\/product\/yoast-seo-wordpress\/ -->\n<title>\u00a1V\u00e1yanse todos!<\/title>\n<meta name=\"description\" content=\"Por Patricio Araya \u201cEstoy contenta. Me encanta esta etapa. Lo que a m\u00ed no me acomoda es cuando los per\u00edodos electorales se transforman en algo distinto a\" \/>\n<meta name=\"robots\" content=\"index, follow, max-snippet:-1, max-image-preview:large, max-video-preview:-1\" \/>\n<link rel=\"canonical\" href=\"https:\/\/www.pressenza.com\/es\/2013\/05\/vayanse-todos\/\" \/>\n<meta property=\"og:locale\" content=\"es_ES\" \/>\n<meta property=\"og:type\" content=\"article\" \/>\n<meta property=\"og:title\" content=\"\u00a1V\u00e1yanse todos!\" \/>\n<meta property=\"og:description\" content=\"Por Patricio Araya \u201cEstoy contenta. Me encanta esta etapa. Lo que a m\u00ed no me acomoda es cuando los per\u00edodos electorales se transforman en algo distinto a\" \/>\n<meta property=\"og:url\" content=\"https:\/\/www.pressenza.com\/es\/2013\/05\/vayanse-todos\/\" \/>\n<meta property=\"og:site_name\" content=\"Pressenza\" \/>\n<meta property=\"article:publisher\" content=\"https:\/\/www.facebook.com\/PressenzaItalia\" \/>\n<meta property=\"article:published_time\" content=\"2013-05-20T21:06:51+00:00\" \/>\n<meta property=\"article:modified_time\" content=\"2013-05-21T14:03:03+00:00\" \/>\n<meta property=\"og:image\" content=\"https:\/\/www.pressenza.com\/wp-content\/uploads\/2013\/05\/Patricio-Araya_X-e1357139111114.jpg\" \/>\n\t<meta property=\"og:image:width\" content=\"300\" \/>\n\t<meta property=\"og:image:height\" content=\"473\" \/>\n\t<meta property=\"og:image:type\" content=\"image\/jpeg\" \/>\n<meta name=\"author\" content=\"El Ciudadano\" \/>\n<meta name=\"twitter:card\" content=\"summary_large_image\" \/>\n<meta name=\"twitter:creator\" content=\"@PressenzaIPA\" \/>\n<meta name=\"twitter:site\" content=\"@PressenzaIPA\" \/>\n<meta name=\"twitter:label1\" content=\"Escrito por\" \/>\n\t<meta name=\"twitter:data1\" content=\"El Ciudadano\" \/>\n\t<meta name=\"twitter:label2\" content=\"Tiempo de lectura\" \/>\n\t<meta name=\"twitter:data2\" content=\"5 minutos\" \/>\n<script type=\"application\/ld+json\" class=\"yoast-schema-graph\">{\"@context\":\"https:\/\/schema.org\",\"@graph\":[{\"@type\":\"Article\",\"@id\":\"https:\/\/www.pressenza.com\/es\/2013\/05\/vayanse-todos\/#article\",\"isPartOf\":{\"@id\":\"https:\/\/www.pressenza.com\/es\/2013\/05\/vayanse-todos\/\"},\"author\":{\"name\":\"El Ciudadano\",\"@id\":\"https:\/\/www.pressenza.com\/es\/#\/schema\/person\/6522eecb4cd68e074b27e251e4b04ef8\"},\"headline\":\"\u00a1V\u00e1yanse todos!\",\"datePublished\":\"2013-05-20T21:06:51+00:00\",\"dateModified\":\"2013-05-21T14:03:03+00:00\",\"mainEntityOfPage\":{\"@id\":\"https:\/\/www.pressenza.com\/es\/2013\/05\/vayanse-todos\/\"},\"wordCount\":1005,\"publisher\":{\"@id\":\"https:\/\/www.pressenza.com\/es\/#organization\"},\"image\":{\"@id\":\"https:\/\/www.pressenza.com\/es\/2013\/05\/vayanse-todos\/#primaryimage\"},\"thumbnailUrl\":\"https:\/\/www.pressenza.com\/wp-content\/uploads\/2013\/05\/Patricio-Araya_X-e1357139111114.jpg\",\"keywords\":[\"elecciones\"],\"articleSection\":[\"Opiniones\",\"Pol\u00edtica\",\"Sudam\u00e9rica\"],\"inLanguage\":\"es\"},{\"@type\":\"WebPage\",\"@id\":\"https:\/\/www.pressenza.com\/es\/2013\/05\/vayanse-todos\/\",\"url\":\"https:\/\/www.pressenza.com\/es\/2013\/05\/vayanse-todos\/\",\"name\":\"\u00a1V\u00e1yanse todos!\",\"isPartOf\":{\"@id\":\"https:\/\/www.pressenza.com\/es\/#website\"},\"primaryImageOfPage\":{\"@id\":\"https:\/\/www.pressenza.com\/es\/2013\/05\/vayanse-todos\/#primaryimage\"},\"image\":{\"@id\":\"https:\/\/www.pressenza.com\/es\/2013\/05\/vayanse-todos\/#primaryimage\"},\"thumbnailUrl\":\"https:\/\/www.pressenza.com\/wp-content\/uploads\/2013\/05\/Patricio-Araya_X-e1357139111114.jpg\",\"datePublished\":\"2013-05-20T21:06:51+00:00\",\"dateModified\":\"2013-05-21T14:03:03+00:00\",\"description\":\"Por Patricio Araya \u201cEstoy contenta. Me encanta esta etapa. Lo que a m\u00ed no me acomoda es cuando los per\u00edodos electorales se transforman en algo distinto a\",\"breadcrumb\":{\"@id\":\"https:\/\/www.pressenza.com\/es\/2013\/05\/vayanse-todos\/#breadcrumb\"},\"inLanguage\":\"es\",\"potentialAction\":[{\"@type\":\"ReadAction\",\"target\":[\"https:\/\/www.pressenza.com\/es\/2013\/05\/vayanse-todos\/\"]}]},{\"@type\":\"ImageObject\",\"inLanguage\":\"es\",\"@id\":\"https:\/\/www.pressenza.com\/es\/2013\/05\/vayanse-todos\/#primaryimage\",\"url\":\"https:\/\/www.pressenza.com\/wp-content\/uploads\/2013\/05\/Patricio-Araya_X-e1357139111114.jpg\",\"contentUrl\":\"https:\/\/www.pressenza.com\/wp-content\/uploads\/2013\/05\/Patricio-Araya_X-e1357139111114.jpg\",\"width\":300,\"height\":473},{\"@type\":\"BreadcrumbList\",\"@id\":\"https:\/\/www.pressenza.com\/es\/2013\/05\/vayanse-todos\/#breadcrumb\",\"itemListElement\":[{\"@type\":\"ListItem\",\"position\":1,\"name\":\"Accueil\",\"item\":\"https:\/\/www.pressenza.com\/es\/\"},{\"@type\":\"ListItem\",\"position\":2,\"name\":\"\u00a1V\u00e1yanse todos!\"}]},{\"@type\":\"WebSite\",\"@id\":\"https:\/\/www.pressenza.com\/es\/#website\",\"url\":\"https:\/\/www.pressenza.com\/es\/\",\"name\":\"Pressenza\",\"description\":\"International Press Agency\",\"publisher\":{\"@id\":\"https:\/\/www.pressenza.com\/es\/#organization\"},\"potentialAction\":[{\"@type\":\"SearchAction\",\"target\":{\"@type\":\"EntryPoint\",\"urlTemplate\":\"https:\/\/www.pressenza.com\/es\/?s={search_term_string}\"},\"query-input\":{\"@type\":\"PropertyValueSpecification\",\"valueRequired\":true,\"valueName\":\"search_term_string\"}}],\"inLanguage\":\"es\"},{\"@type\":\"Organization\",\"@id\":\"https:\/\/www.pressenza.com\/es\/#organization\",\"name\":\"Pressenza\",\"url\":\"https:\/\/www.pressenza.com\/es\/\",\"logo\":{\"@type\":\"ImageObject\",\"inLanguage\":\"es\",\"@id\":\"https:\/\/www.pressenza.com\/es\/#\/schema\/logo\/image\/\",\"url\":\"https:\/\/www.pressenza.com\/wp-content\/uploads\/2022\/10\/pressenza_logo_200x200.jpg\",\"contentUrl\":\"https:\/\/www.pressenza.com\/wp-content\/uploads\/2022\/10\/pressenza_logo_200x200.jpg\",\"width\":200,\"height\":200,\"caption\":\"Pressenza\"},\"image\":{\"@id\":\"https:\/\/www.pressenza.com\/es\/#\/schema\/logo\/image\/\"},\"sameAs\":[\"https:\/\/www.facebook.com\/PressenzaItalia\",\"https:\/\/x.com\/PressenzaIPA\"]},{\"@type\":\"Person\",\"@id\":\"https:\/\/www.pressenza.com\/es\/#\/schema\/person\/6522eecb4cd68e074b27e251e4b04ef8\",\"name\":\"El Ciudadano\",\"description\":\"El Ciudadano es un medio de comunicaci\u00f3n de circulaci\u00f3n mensual en papel y de funcionamiento diario en la web. Forma parte de la Red de Medios de los Pueblos por lo que se declara como un medio del Tercer Sector para romper el cerco informativo. El Ciudadano es una publicaci\u00f3n que busca elevar desde lo local a lo global las demandas de la organizaci\u00f3n social chilena como tambi\u00e9n promover la acci\u00f3n directa de la ciudadan\u00eda por su derecho a autodeterminaci\u00f3n. elciudadano.cl\",\"url\":\"https:\/\/www.pressenza.com\/es\/author\/el-ciudadano\/\"}]}<\/script>\n<!-- \/ Yoast SEO plugin. -->","yoast_head_json":{"title":"\u00a1V\u00e1yanse todos!","description":"Por Patricio Araya \u201cEstoy contenta. Me encanta esta etapa. Lo que a m\u00ed no me acomoda es cuando los per\u00edodos electorales se transforman en algo distinto a","robots":{"index":"index","follow":"follow","max-snippet":"max-snippet:-1","max-image-preview":"max-image-preview:large","max-video-preview":"max-video-preview:-1"},"canonical":"https:\/\/www.pressenza.com\/es\/2013\/05\/vayanse-todos\/","og_locale":"es_ES","og_type":"article","og_title":"\u00a1V\u00e1yanse todos!","og_description":"Por Patricio Araya \u201cEstoy contenta. Me encanta esta etapa. Lo que a m\u00ed no me acomoda es cuando los per\u00edodos electorales se transforman en algo distinto a","og_url":"https:\/\/www.pressenza.com\/es\/2013\/05\/vayanse-todos\/","og_site_name":"Pressenza","article_publisher":"https:\/\/www.facebook.com\/PressenzaItalia","article_published_time":"2013-05-20T21:06:51+00:00","article_modified_time":"2013-05-21T14:03:03+00:00","og_image":[{"width":300,"height":473,"url":"https:\/\/www.pressenza.com\/wp-content\/uploads\/2013\/05\/Patricio-Araya_X-e1357139111114.jpg","type":"image\/jpeg"}],"author":"El Ciudadano","twitter_card":"summary_large_image","twitter_creator":"@PressenzaIPA","twitter_site":"@PressenzaIPA","twitter_misc":{"Escrito por":"El Ciudadano","Tiempo de lectura":"5 minutos"},"schema":{"@context":"https:\/\/schema.org","@graph":[{"@type":"Article","@id":"https:\/\/www.pressenza.com\/es\/2013\/05\/vayanse-todos\/#article","isPartOf":{"@id":"https:\/\/www.pressenza.com\/es\/2013\/05\/vayanse-todos\/"},"author":{"name":"El Ciudadano","@id":"https:\/\/www.pressenza.com\/es\/#\/schema\/person\/6522eecb4cd68e074b27e251e4b04ef8"},"headline":"\u00a1V\u00e1yanse todos!","datePublished":"2013-05-20T21:06:51+00:00","dateModified":"2013-05-21T14:03:03+00:00","mainEntityOfPage":{"@id":"https:\/\/www.pressenza.com\/es\/2013\/05\/vayanse-todos\/"},"wordCount":1005,"publisher":{"@id":"https:\/\/www.pressenza.com\/es\/#organization"},"image":{"@id":"https:\/\/www.pressenza.com\/es\/2013\/05\/vayanse-todos\/#primaryimage"},"thumbnailUrl":"https:\/\/www.pressenza.com\/wp-content\/uploads\/2013\/05\/Patricio-Araya_X-e1357139111114.jpg","keywords":["elecciones"],"articleSection":["Opiniones","Pol\u00edtica","Sudam\u00e9rica"],"inLanguage":"es"},{"@type":"WebPage","@id":"https:\/\/www.pressenza.com\/es\/2013\/05\/vayanse-todos\/","url":"https:\/\/www.pressenza.com\/es\/2013\/05\/vayanse-todos\/","name":"\u00a1V\u00e1yanse todos!","isPartOf":{"@id":"https:\/\/www.pressenza.com\/es\/#website"},"primaryImageOfPage":{"@id":"https:\/\/www.pressenza.com\/es\/2013\/05\/vayanse-todos\/#primaryimage"},"image":{"@id":"https:\/\/www.pressenza.com\/es\/2013\/05\/vayanse-todos\/#primaryimage"},"thumbnailUrl":"https:\/\/www.pressenza.com\/wp-content\/uploads\/2013\/05\/Patricio-Araya_X-e1357139111114.jpg","datePublished":"2013-05-20T21:06:51+00:00","dateModified":"2013-05-21T14:03:03+00:00","description":"Por Patricio Araya \u201cEstoy contenta. Me encanta esta etapa. Lo que a m\u00ed no me acomoda es cuando los per\u00edodos electorales se transforman en algo distinto a","breadcrumb":{"@id":"https:\/\/www.pressenza.com\/es\/2013\/05\/vayanse-todos\/#breadcrumb"},"inLanguage":"es","potentialAction":[{"@type":"ReadAction","target":["https:\/\/www.pressenza.com\/es\/2013\/05\/vayanse-todos\/"]}]},{"@type":"ImageObject","inLanguage":"es","@id":"https:\/\/www.pressenza.com\/es\/2013\/05\/vayanse-todos\/#primaryimage","url":"https:\/\/www.pressenza.com\/wp-content\/uploads\/2013\/05\/Patricio-Araya_X-e1357139111114.jpg","contentUrl":"https:\/\/www.pressenza.com\/wp-content\/uploads\/2013\/05\/Patricio-Araya_X-e1357139111114.jpg","width":300,"height":473},{"@type":"BreadcrumbList","@id":"https:\/\/www.pressenza.com\/es\/2013\/05\/vayanse-todos\/#breadcrumb","itemListElement":[{"@type":"ListItem","position":1,"name":"Accueil","item":"https:\/\/www.pressenza.com\/es\/"},{"@type":"ListItem","position":2,"name":"\u00a1V\u00e1yanse todos!"}]},{"@type":"WebSite","@id":"https:\/\/www.pressenza.com\/es\/#website","url":"https:\/\/www.pressenza.com\/es\/","name":"Pressenza","description":"International Press Agency","publisher":{"@id":"https:\/\/www.pressenza.com\/es\/#organization"},"potentialAction":[{"@type":"SearchAction","target":{"@type":"EntryPoint","urlTemplate":"https:\/\/www.pressenza.com\/es\/?s={search_term_string}"},"query-input":{"@type":"PropertyValueSpecification","valueRequired":true,"valueName":"search_term_string"}}],"inLanguage":"es"},{"@type":"Organization","@id":"https:\/\/www.pressenza.com\/es\/#organization","name":"Pressenza","url":"https:\/\/www.pressenza.com\/es\/","logo":{"@type":"ImageObject","inLanguage":"es","@id":"https:\/\/www.pressenza.com\/es\/#\/schema\/logo\/image\/","url":"https:\/\/www.pressenza.com\/wp-content\/uploads\/2022\/10\/pressenza_logo_200x200.jpg","contentUrl":"https:\/\/www.pressenza.com\/wp-content\/uploads\/2022\/10\/pressenza_logo_200x200.jpg","width":200,"height":200,"caption":"Pressenza"},"image":{"@id":"https:\/\/www.pressenza.com\/es\/#\/schema\/logo\/image\/"},"sameAs":["https:\/\/www.facebook.com\/PressenzaItalia","https:\/\/x.com\/PressenzaIPA"]},{"@type":"Person","@id":"https:\/\/www.pressenza.com\/es\/#\/schema\/person\/6522eecb4cd68e074b27e251e4b04ef8","name":"El Ciudadano","description":"El Ciudadano es un medio de comunicaci\u00f3n de circulaci\u00f3n mensual en papel y de funcionamiento diario en la web. Forma parte de la Red de Medios de los Pueblos por lo que se declara como un medio del Tercer Sector para romper el cerco informativo. El Ciudadano es una publicaci\u00f3n que busca elevar desde lo local a lo global las demandas de la organizaci\u00f3n social chilena como tambi\u00e9n promover la acci\u00f3n directa de la ciudadan\u00eda por su derecho a autodeterminaci\u00f3n. elciudadano.cl","url":"https:\/\/www.pressenza.com\/es\/author\/el-ciudadano\/"}]}},"place":"Santiago de Chile","original_article_url":"","_links":{"self":[{"href":"https:\/\/www.pressenza.com\/es\/wp-json\/wp\/v2\/posts\/52889","targetHints":{"allow":["GET"]}}],"collection":[{"href":"https:\/\/www.pressenza.com\/es\/wp-json\/wp\/v2\/posts"}],"about":[{"href":"https:\/\/www.pressenza.com\/es\/wp-json\/wp\/v2\/types\/post"}],"author":[{"embeddable":true,"href":"https:\/\/www.pressenza.com\/es\/wp-json\/wp\/v2\/users\/616"}],"replies":[{"embeddable":true,"href":"https:\/\/www.pressenza.com\/es\/wp-json\/wp\/v2\/comments?post=52889"}],"version-history":[{"count":0,"href":"https:\/\/www.pressenza.com\/es\/wp-json\/wp\/v2\/posts\/52889\/revisions"}],"wp:featuredmedia":[{"embeddable":true,"href":"https:\/\/www.pressenza.com\/es\/wp-json\/wp\/v2\/media\/52962"}],"wp:attachment":[{"href":"https:\/\/www.pressenza.com\/es\/wp-json\/wp\/v2\/media?parent=52889"}],"wp:term":[{"taxonomy":"category","embeddable":true,"href":"https:\/\/www.pressenza.com\/es\/wp-json\/wp\/v2\/categories?post=52889"},{"taxonomy":"post_tag","embeddable":true,"href":"https:\/\/www.pressenza.com\/es\/wp-json\/wp\/v2\/tags?post=52889"}],"curies":[{"name":"wp","href":"https:\/\/api.w.org\/{rel}","templated":true}]}}