{"id":52868,"date":"2013-05-20T21:26:11","date_gmt":"2013-05-20T20:26:11","guid":{"rendered":"http:\/\/www.pressenza.com\/?p=52868"},"modified":"2013-05-20T22:01:00","modified_gmt":"2013-05-20T21:01:00","slug":"critican-aumento-de-desigualdad-durante-gobierno-de-presidente-pinera","status":"publish","type":"post","link":"https:\/\/www.pressenza.com\/es\/2013\/05\/critican-aumento-de-desigualdad-durante-gobierno-de-presidente-pinera\/","title":{"rendered":"Critican aumento de desigualdad durante Gobierno de Presidente Pi\u00f1era"},"content":{"rendered":"<p style=\"text-align: justify;\"><b>Diversas personalidades chilenas han cuestionado la falta de avance en materia social y el aumento de la desigualdad en el pa\u00eds. E<b>l Senador PPD Girardi, s<\/b>olicit\u00f3 que el Discurso Presidencial del 21 de mayo tenga \u00e9nfasis en graves carencias en salud como falta de m\u00e9dicos en hospitales, abuso de las isapres y alto costo de medicamentos.<\/b><\/p>\n<p style=\"text-align: justify;\">\u201cSi hay algo que se ha profundizado es la desigualdad, los poderosos son m\u00e1s poderosos, los ricos m\u00e1s ricos\u201d, sentenci\u00f3 Girardi al evaluar los tres a\u00f1os de Gobierno del Presidente Sebasti\u00e1n Pi\u00f1era. A su juicio, la sociedad chilena es m\u00e1s desigual ubic\u00e1ndonos en el lugar 147 de desigualdad en el mundo. \u201cLas pol\u00edticas que hemos tenido no han resuelto los problemas de desigualdad, un ni\u00f1o que vive en una comuna pobre no tiene las mismas oportunidades que una comuna rica, lo mismo pasa con el acceso y calidad de salud, y en eso se traduce la desigualdad\u201d.<\/p>\n<p style=\"text-align: justify;\">En este contexto, en materia de abusos la concertaci\u00f3n \u00a0econ\u00f3mica ha propiciado un escenario de a\u00fan m\u00e1s abusos; las Isapres, las AFP, la colusi\u00f3n de las farmacias, los abusos de la banca Hay una sensaci\u00f3n de que se privilegian las visiones rentistas por sobre los intereses ciudadanos, en desmedro de la clase media.<\/p>\n<p style=\"text-align: justify;\">Tambi\u00e9n es notable la inexistencia de avances en materia social, especialmente en el \u00e1mbito de la salud y la educaci\u00f3n, d\u00e1ndose una creciente profundizaci\u00f3n del modelo privatizador.<\/p>\n<p style=\"text-align: justify;\">\u201cEste Gobierno ha hecho de su principal modelo de desarrollo, el modelo del chorreo econ\u00f3mico pero no aplico medidas de igualdad, lo que permiti\u00f3 que se profundizara el abuso. Los ciudadanos son los que van a responder si los que est\u00e1n en AFP, en las Isapres, en la banca, han visto un reguardo a sus derechos o si quienes a utilizan la salud p\u00fablica han visto un mejoramiento, o si los pap\u00e1s han visto un mejoramiento de la calidad. Le creo m\u00e1s a la evaluaci\u00f3n que hacen los ciudadanos en vez de la auto evaluaci\u00f3n del Gobierno\u201d, destac\u00f3 Girardi.<\/p>\n<p style=\"text-align: justify;\">El Senador fue enf\u00e1tico en indicar que el Gobierno le ha dado la espalda a la ciudadan\u00eda porque s\u00f3lo escucha a los poderosos, y que la nueva mayor\u00eda tiene que ser precisamente para resolver este tipo de problemas.<\/p>\n<p style=\"text-align: justify;\">\u201cEsperamos que haya una evaluaci\u00f3n por parte de la ciudadan\u00eda y que este 21 de mayo el Presidente corrija materias fundamentales como la salud; que aumente el n\u00famero de especialistas, es una p\u00e9sima se\u00f1al que se anul\u00e9 el examen m\u00e9dico y se deben dar se\u00f1ales claras: en vez de tener Sernac de salud, Sernac financiero, se entregue mayor autoridad a instituciones que tengan poder para sancionar\u00bb, finaliz\u00f3.<\/p>\n<div>\n<div id=\":639\" tabindex=\"0\" role=\"button\" data-tooltip=\"Muestra el contenido reducido\"><img decoding=\"async\" alt=\"\" src=\"https:\/\/mail.google.com\/mail\/u\/0\/images\/cleardot.gif\" \/><\/div>\n<\/div>\n","protected":false},"excerpt":{"rendered":"<p>Diversas personalidades chilenas han cuestionado la falta de avance en materia social y el aumento de la desigualdad en el pa\u00eds. El Senador PPD Girardi, solicit\u00f3 que el Discurso Presidencial del 21 de mayo tenga \u00e9nfasis en graves carencias en&hellip;<\/p>\n","protected":false},"author":43,"featured_media":52886,"comment_status":"closed","ping_status":"open","sticky":false,"template":"","format":"standard","meta":{"footnotes":""},"categories":[1239,67],"tags":[441],"class_list":["post-52868","post","type-post","status-publish","format-standard","has-post-thumbnail","hentry","category-salud","category-sudamerica","tag-derechos-humanos"],"yoast_head":"<!-- This site is optimized with the Yoast SEO plugin v27.1.1 - https:\/\/yoast.com\/product\/yoast-seo-wordpress\/ -->\n<title>Critican aumento de desigualdad durante Gobierno de Presidente Pi\u00f1era<\/title>\n<meta name=\"description\" content=\"Diversas personalidades chilenas han cuestionado la falta de avance en materia social y el aumento de la desigualdad en el pa\u00eds. El Senador PPD Girardi,\" \/>\n<meta name=\"robots\" content=\"index, follow, max-snippet:-1, max-image-preview:large, max-video-preview:-1\" \/>\n<link rel=\"canonical\" href=\"https:\/\/www.pressenza.com\/es\/2013\/05\/critican-aumento-de-desigualdad-durante-gobierno-de-presidente-pinera\/\" \/>\n<meta property=\"og:locale\" content=\"es_ES\" \/>\n<meta property=\"og:type\" content=\"article\" \/>\n<meta property=\"og:title\" content=\"Critican aumento de desigualdad durante Gobierno de Presidente Pi\u00f1era\" \/>\n<meta property=\"og:description\" content=\"Diversas personalidades chilenas han cuestionado la falta de avance en materia social y el aumento de la desigualdad en el pa\u00eds. El Senador PPD Girardi,\" \/>\n<meta property=\"og:url\" content=\"https:\/\/www.pressenza.com\/es\/2013\/05\/critican-aumento-de-desigualdad-durante-gobierno-de-presidente-pinera\/\" \/>\n<meta property=\"og:site_name\" content=\"Pressenza\" \/>\n<meta property=\"article:publisher\" content=\"https:\/\/www.facebook.com\/PressenzaItalia\" \/>\n<meta property=\"article:author\" content=\"https:\/\/www.facebook.com\/pressenza\" \/>\n<meta property=\"article:published_time\" content=\"2013-05-20T20:26:11+00:00\" \/>\n<meta property=\"article:modified_time\" content=\"2013-05-20T21:01:00+00:00\" \/>\n<meta property=\"og:image\" content=\"https:\/\/www.pressenza.com\/wp-content\/uploads\/2013\/05\/pedirenlacalle.jpg\" \/>\n\t<meta property=\"og:image:width\" content=\"1000\" \/>\n\t<meta property=\"og:image:height\" content=\"626\" \/>\n\t<meta property=\"og:image:type\" content=\"image\/jpeg\" \/>\n<meta name=\"author\" content=\"Redacci\u00f3n Chile\" \/>\n<meta name=\"twitter:card\" content=\"summary_large_image\" \/>\n<meta name=\"twitter:creator\" content=\"@pressenza\" \/>\n<meta name=\"twitter:site\" content=\"@PressenzaIPA\" \/>\n<meta name=\"twitter:label1\" content=\"Escrito por\" \/>\n\t<meta name=\"twitter:data1\" content=\"Redacci\u00f3n Chile\" \/>\n\t<meta name=\"twitter:label2\" content=\"Tiempo de lectura\" \/>\n\t<meta name=\"twitter:data2\" content=\"2 minutos\" \/>\n<script type=\"application\/ld+json\" class=\"yoast-schema-graph\">{\"@context\":\"https:\/\/schema.org\",\"@graph\":[{\"@type\":\"Article\",\"@id\":\"https:\/\/www.pressenza.com\/es\/2013\/05\/critican-aumento-de-desigualdad-durante-gobierno-de-presidente-pinera\/#article\",\"isPartOf\":{\"@id\":\"https:\/\/www.pressenza.com\/es\/2013\/05\/critican-aumento-de-desigualdad-durante-gobierno-de-presidente-pinera\/\"},\"author\":{\"name\":\"Redacci\u00f3n Chile\",\"@id\":\"https:\/\/www.pressenza.com\/es\/#\/schema\/person\/d7db40df35d6698ba69ba9ee260944ed\"},\"headline\":\"Critican aumento de desigualdad durante Gobierno de Presidente Pi\u00f1era\",\"datePublished\":\"2013-05-20T20:26:11+00:00\",\"dateModified\":\"2013-05-20T21:01:00+00:00\",\"mainEntityOfPage\":{\"@id\":\"https:\/\/www.pressenza.com\/es\/2013\/05\/critican-aumento-de-desigualdad-durante-gobierno-de-presidente-pinera\/\"},\"wordCount\":483,\"publisher\":{\"@id\":\"https:\/\/www.pressenza.com\/es\/#organization\"},\"image\":{\"@id\":\"https:\/\/www.pressenza.com\/es\/2013\/05\/critican-aumento-de-desigualdad-durante-gobierno-de-presidente-pinera\/#primaryimage\"},\"thumbnailUrl\":\"https:\/\/www.pressenza.com\/wp-content\/uploads\/2013\/05\/pedirenlacalle.jpg\",\"keywords\":[\"Derechos humanos\"],\"articleSection\":[\"Salud\",\"Sudam\u00e9rica\"],\"inLanguage\":\"es\"},{\"@type\":\"WebPage\",\"@id\":\"https:\/\/www.pressenza.com\/es\/2013\/05\/critican-aumento-de-desigualdad-durante-gobierno-de-presidente-pinera\/\",\"url\":\"https:\/\/www.pressenza.com\/es\/2013\/05\/critican-aumento-de-desigualdad-durante-gobierno-de-presidente-pinera\/\",\"name\":\"Critican aumento de desigualdad durante Gobierno de Presidente Pi\u00f1era\",\"isPartOf\":{\"@id\":\"https:\/\/www.pressenza.com\/es\/#website\"},\"primaryImageOfPage\":{\"@id\":\"https:\/\/www.pressenza.com\/es\/2013\/05\/critican-aumento-de-desigualdad-durante-gobierno-de-presidente-pinera\/#primaryimage\"},\"image\":{\"@id\":\"https:\/\/www.pressenza.com\/es\/2013\/05\/critican-aumento-de-desigualdad-durante-gobierno-de-presidente-pinera\/#primaryimage\"},\"thumbnailUrl\":\"https:\/\/www.pressenza.com\/wp-content\/uploads\/2013\/05\/pedirenlacalle.jpg\",\"datePublished\":\"2013-05-20T20:26:11+00:00\",\"dateModified\":\"2013-05-20T21:01:00+00:00\",\"description\":\"Diversas personalidades chilenas han cuestionado la falta de avance en materia social y el aumento de la desigualdad en el pa\u00eds. El Senador PPD Girardi,\",\"breadcrumb\":{\"@id\":\"https:\/\/www.pressenza.com\/es\/2013\/05\/critican-aumento-de-desigualdad-durante-gobierno-de-presidente-pinera\/#breadcrumb\"},\"inLanguage\":\"es\",\"potentialAction\":[{\"@type\":\"ReadAction\",\"target\":[\"https:\/\/www.pressenza.com\/es\/2013\/05\/critican-aumento-de-desigualdad-durante-gobierno-de-presidente-pinera\/\"]}]},{\"@type\":\"ImageObject\",\"inLanguage\":\"es\",\"@id\":\"https:\/\/www.pressenza.com\/es\/2013\/05\/critican-aumento-de-desigualdad-durante-gobierno-de-presidente-pinera\/#primaryimage\",\"url\":\"https:\/\/www.pressenza.com\/wp-content\/uploads\/2013\/05\/pedirenlacalle.jpg\",\"contentUrl\":\"https:\/\/www.pressenza.com\/wp-content\/uploads\/2013\/05\/pedirenlacalle.jpg\",\"width\":1000,\"height\":626,\"caption\":\"plaza italia\"},{\"@type\":\"BreadcrumbList\",\"@id\":\"https:\/\/www.pressenza.com\/es\/2013\/05\/critican-aumento-de-desigualdad-durante-gobierno-de-presidente-pinera\/#breadcrumb\",\"itemListElement\":[{\"@type\":\"ListItem\",\"position\":1,\"name\":\"Accueil\",\"item\":\"https:\/\/www.pressenza.com\/es\/\"},{\"@type\":\"ListItem\",\"position\":2,\"name\":\"Critican aumento de desigualdad durante Gobierno de Presidente Pi\u00f1era\"}]},{\"@type\":\"WebSite\",\"@id\":\"https:\/\/www.pressenza.com\/es\/#website\",\"url\":\"https:\/\/www.pressenza.com\/es\/\",\"name\":\"Pressenza\",\"description\":\"International Press Agency\",\"publisher\":{\"@id\":\"https:\/\/www.pressenza.com\/es\/#organization\"},\"potentialAction\":[{\"@type\":\"SearchAction\",\"target\":{\"@type\":\"EntryPoint\",\"urlTemplate\":\"https:\/\/www.pressenza.com\/es\/?s={search_term_string}\"},\"query-input\":{\"@type\":\"PropertyValueSpecification\",\"valueRequired\":true,\"valueName\":\"search_term_string\"}}],\"inLanguage\":\"es\"},{\"@type\":\"Organization\",\"@id\":\"https:\/\/www.pressenza.com\/es\/#organization\",\"name\":\"Pressenza\",\"url\":\"https:\/\/www.pressenza.com\/es\/\",\"logo\":{\"@type\":\"ImageObject\",\"inLanguage\":\"es\",\"@id\":\"https:\/\/www.pressenza.com\/es\/#\/schema\/logo\/image\/\",\"url\":\"https:\/\/www.pressenza.com\/wp-content\/uploads\/2022\/10\/pressenza_logo_200x200.jpg\",\"contentUrl\":\"https:\/\/www.pressenza.com\/wp-content\/uploads\/2022\/10\/pressenza_logo_200x200.jpg\",\"width\":200,\"height\":200,\"caption\":\"Pressenza\"},\"image\":{\"@id\":\"https:\/\/www.pressenza.com\/es\/#\/schema\/logo\/image\/\"},\"sameAs\":[\"https:\/\/www.facebook.com\/PressenzaItalia\",\"https:\/\/x.com\/PressenzaIPA\"]},{\"@type\":\"Person\",\"@id\":\"https:\/\/www.pressenza.com\/es\/#\/schema\/person\/d7db40df35d6698ba69ba9ee260944ed\",\"name\":\"Redacci\u00f3n Chile\",\"description\":\"News from the Pressenza Bureau in Chile\",\"sameAs\":[\"https:\/\/www.facebook.com\/pressenza\",\"https:\/\/x.com\/pressenza\"],\"url\":\"https:\/\/www.pressenza.com\/es\/author\/redaccion-chile\/\"}]}<\/script>\n<!-- \/ Yoast SEO plugin. -->","yoast_head_json":{"title":"Critican aumento de desigualdad durante Gobierno de Presidente Pi\u00f1era","description":"Diversas personalidades chilenas han cuestionado la falta de avance en materia social y el aumento de la desigualdad en el pa\u00eds. El Senador PPD Girardi,","robots":{"index":"index","follow":"follow","max-snippet":"max-snippet:-1","max-image-preview":"max-image-preview:large","max-video-preview":"max-video-preview:-1"},"canonical":"https:\/\/www.pressenza.com\/es\/2013\/05\/critican-aumento-de-desigualdad-durante-gobierno-de-presidente-pinera\/","og_locale":"es_ES","og_type":"article","og_title":"Critican aumento de desigualdad durante Gobierno de Presidente Pi\u00f1era","og_description":"Diversas personalidades chilenas han cuestionado la falta de avance en materia social y el aumento de la desigualdad en el pa\u00eds. El Senador PPD Girardi,","og_url":"https:\/\/www.pressenza.com\/es\/2013\/05\/critican-aumento-de-desigualdad-durante-gobierno-de-presidente-pinera\/","og_site_name":"Pressenza","article_publisher":"https:\/\/www.facebook.com\/PressenzaItalia","article_author":"https:\/\/www.facebook.com\/pressenza","article_published_time":"2013-05-20T20:26:11+00:00","article_modified_time":"2013-05-20T21:01:00+00:00","og_image":[{"width":1000,"height":626,"url":"https:\/\/www.pressenza.com\/wp-content\/uploads\/2013\/05\/pedirenlacalle.jpg","type":"image\/jpeg"}],"author":"Redacci\u00f3n Chile","twitter_card":"summary_large_image","twitter_creator":"@pressenza","twitter_site":"@PressenzaIPA","twitter_misc":{"Escrito por":"Redacci\u00f3n Chile","Tiempo de lectura":"2 minutos"},"schema":{"@context":"https:\/\/schema.org","@graph":[{"@type":"Article","@id":"https:\/\/www.pressenza.com\/es\/2013\/05\/critican-aumento-de-desigualdad-durante-gobierno-de-presidente-pinera\/#article","isPartOf":{"@id":"https:\/\/www.pressenza.com\/es\/2013\/05\/critican-aumento-de-desigualdad-durante-gobierno-de-presidente-pinera\/"},"author":{"name":"Redacci\u00f3n Chile","@id":"https:\/\/www.pressenza.com\/es\/#\/schema\/person\/d7db40df35d6698ba69ba9ee260944ed"},"headline":"Critican aumento de desigualdad durante Gobierno de Presidente Pi\u00f1era","datePublished":"2013-05-20T20:26:11+00:00","dateModified":"2013-05-20T21:01:00+00:00","mainEntityOfPage":{"@id":"https:\/\/www.pressenza.com\/es\/2013\/05\/critican-aumento-de-desigualdad-durante-gobierno-de-presidente-pinera\/"},"wordCount":483,"publisher":{"@id":"https:\/\/www.pressenza.com\/es\/#organization"},"image":{"@id":"https:\/\/www.pressenza.com\/es\/2013\/05\/critican-aumento-de-desigualdad-durante-gobierno-de-presidente-pinera\/#primaryimage"},"thumbnailUrl":"https:\/\/www.pressenza.com\/wp-content\/uploads\/2013\/05\/pedirenlacalle.jpg","keywords":["Derechos humanos"],"articleSection":["Salud","Sudam\u00e9rica"],"inLanguage":"es"},{"@type":"WebPage","@id":"https:\/\/www.pressenza.com\/es\/2013\/05\/critican-aumento-de-desigualdad-durante-gobierno-de-presidente-pinera\/","url":"https:\/\/www.pressenza.com\/es\/2013\/05\/critican-aumento-de-desigualdad-durante-gobierno-de-presidente-pinera\/","name":"Critican aumento de desigualdad durante Gobierno de Presidente Pi\u00f1era","isPartOf":{"@id":"https:\/\/www.pressenza.com\/es\/#website"},"primaryImageOfPage":{"@id":"https:\/\/www.pressenza.com\/es\/2013\/05\/critican-aumento-de-desigualdad-durante-gobierno-de-presidente-pinera\/#primaryimage"},"image":{"@id":"https:\/\/www.pressenza.com\/es\/2013\/05\/critican-aumento-de-desigualdad-durante-gobierno-de-presidente-pinera\/#primaryimage"},"thumbnailUrl":"https:\/\/www.pressenza.com\/wp-content\/uploads\/2013\/05\/pedirenlacalle.jpg","datePublished":"2013-05-20T20:26:11+00:00","dateModified":"2013-05-20T21:01:00+00:00","description":"Diversas personalidades chilenas han cuestionado la falta de avance en materia social y el aumento de la desigualdad en el pa\u00eds. El Senador PPD Girardi,","breadcrumb":{"@id":"https:\/\/www.pressenza.com\/es\/2013\/05\/critican-aumento-de-desigualdad-durante-gobierno-de-presidente-pinera\/#breadcrumb"},"inLanguage":"es","potentialAction":[{"@type":"ReadAction","target":["https:\/\/www.pressenza.com\/es\/2013\/05\/critican-aumento-de-desigualdad-durante-gobierno-de-presidente-pinera\/"]}]},{"@type":"ImageObject","inLanguage":"es","@id":"https:\/\/www.pressenza.com\/es\/2013\/05\/critican-aumento-de-desigualdad-durante-gobierno-de-presidente-pinera\/#primaryimage","url":"https:\/\/www.pressenza.com\/wp-content\/uploads\/2013\/05\/pedirenlacalle.jpg","contentUrl":"https:\/\/www.pressenza.com\/wp-content\/uploads\/2013\/05\/pedirenlacalle.jpg","width":1000,"height":626,"caption":"plaza italia"},{"@type":"BreadcrumbList","@id":"https:\/\/www.pressenza.com\/es\/2013\/05\/critican-aumento-de-desigualdad-durante-gobierno-de-presidente-pinera\/#breadcrumb","itemListElement":[{"@type":"ListItem","position":1,"name":"Accueil","item":"https:\/\/www.pressenza.com\/es\/"},{"@type":"ListItem","position":2,"name":"Critican aumento de desigualdad durante Gobierno de Presidente Pi\u00f1era"}]},{"@type":"WebSite","@id":"https:\/\/www.pressenza.com\/es\/#website","url":"https:\/\/www.pressenza.com\/es\/","name":"Pressenza","description":"International Press Agency","publisher":{"@id":"https:\/\/www.pressenza.com\/es\/#organization"},"potentialAction":[{"@type":"SearchAction","target":{"@type":"EntryPoint","urlTemplate":"https:\/\/www.pressenza.com\/es\/?s={search_term_string}"},"query-input":{"@type":"PropertyValueSpecification","valueRequired":true,"valueName":"search_term_string"}}],"inLanguage":"es"},{"@type":"Organization","@id":"https:\/\/www.pressenza.com\/es\/#organization","name":"Pressenza","url":"https:\/\/www.pressenza.com\/es\/","logo":{"@type":"ImageObject","inLanguage":"es","@id":"https:\/\/www.pressenza.com\/es\/#\/schema\/logo\/image\/","url":"https:\/\/www.pressenza.com\/wp-content\/uploads\/2022\/10\/pressenza_logo_200x200.jpg","contentUrl":"https:\/\/www.pressenza.com\/wp-content\/uploads\/2022\/10\/pressenza_logo_200x200.jpg","width":200,"height":200,"caption":"Pressenza"},"image":{"@id":"https:\/\/www.pressenza.com\/es\/#\/schema\/logo\/image\/"},"sameAs":["https:\/\/www.facebook.com\/PressenzaItalia","https:\/\/x.com\/PressenzaIPA"]},{"@type":"Person","@id":"https:\/\/www.pressenza.com\/es\/#\/schema\/person\/d7db40df35d6698ba69ba9ee260944ed","name":"Redacci\u00f3n Chile","description":"News from the Pressenza Bureau in Chile","sameAs":["https:\/\/www.facebook.com\/pressenza","https:\/\/x.com\/pressenza"],"url":"https:\/\/www.pressenza.com\/es\/author\/redaccion-chile\/"}]}},"place":"Santiago de Chile","original_article_url":"","_links":{"self":[{"href":"https:\/\/www.pressenza.com\/es\/wp-json\/wp\/v2\/posts\/52868","targetHints":{"allow":["GET"]}}],"collection":[{"href":"https:\/\/www.pressenza.com\/es\/wp-json\/wp\/v2\/posts"}],"about":[{"href":"https:\/\/www.pressenza.com\/es\/wp-json\/wp\/v2\/types\/post"}],"author":[{"embeddable":true,"href":"https:\/\/www.pressenza.com\/es\/wp-json\/wp\/v2\/users\/43"}],"replies":[{"embeddable":true,"href":"https:\/\/www.pressenza.com\/es\/wp-json\/wp\/v2\/comments?post=52868"}],"version-history":[{"count":0,"href":"https:\/\/www.pressenza.com\/es\/wp-json\/wp\/v2\/posts\/52868\/revisions"}],"wp:featuredmedia":[{"embeddable":true,"href":"https:\/\/www.pressenza.com\/es\/wp-json\/wp\/v2\/media\/52886"}],"wp:attachment":[{"href":"https:\/\/www.pressenza.com\/es\/wp-json\/wp\/v2\/media?parent=52868"}],"wp:term":[{"taxonomy":"category","embeddable":true,"href":"https:\/\/www.pressenza.com\/es\/wp-json\/wp\/v2\/categories?post=52868"},{"taxonomy":"post_tag","embeddable":true,"href":"https:\/\/www.pressenza.com\/es\/wp-json\/wp\/v2\/tags?post=52868"}],"curies":[{"name":"wp","href":"https:\/\/api.w.org\/{rel}","templated":true}]}}