{"id":52862,"date":"2013-05-20T20:49:40","date_gmt":"2013-05-20T19:49:40","guid":{"rendered":"http:\/\/www.pressenza.com\/?p=52862"},"modified":"2013-05-21T15:12:25","modified_gmt":"2013-05-21T14:12:25","slug":"jrv","status":"publish","type":"post","link":"https:\/\/www.pressenza.com\/es\/2013\/05\/jrv\/","title":{"rendered":"JRV"},"content":{"rendered":"<p><em>A Silvia Ontivero<\/em><\/p>\n<div><\/div>\n<div style=\"text-align: justify;\">No lamento su muerte. Lamento su vida. Que significa muerte, desaparici\u00f3n forzada de personas, robo de ni\u00f1os, destrucci\u00f3n de ciudadan\u00eda, aniquilaci\u00f3n del aparato productivo, monopolizaci\u00f3n y privatizaci\u00f3n de bienes y servicios p\u00fablicos, censura, terror estatal, genuflexi\u00f3n ante los capitalistas de afuera y, sobre todo, de adentro. Lamento esa vida dedicada a proteger a los privilegiados y someter a los desesperados.<\/div>\n<div><\/div>\n<div style=\"text-align: justify;\">Si Auschwitz fue la c\u00faspide t\u00e9cnica al servicio del mal absoluto, la vida de este hombre gris es m\u00e1s importante, mucho m\u00e1s importante que su muerte. Que haya fallecido sentado en el inodoro o en la ducha es, en todo caso, anecd\u00f3tico o, si usted prefiere, aleg\u00f3rico, porque ni el cielo ni el infierno, si es que existen como sitios o destinos posmortem, tendr\u00e1n el benepl\u00e1cito de recibir a este ser humano (s\u00ed, tal vez haya sido la peor cara de la condici\u00f3n humana, pero ser\u00eda absurdo negar que fue un hombre de su tiempo. Aunque duela). Como descreo de esas imaginer\u00edas tranquilizantes ocupo estas l\u00edneas para mirarnos en esa foto de la perversi\u00f3n que gritaba los goles nacionales en el 78, en el apret\u00f3n de manos con Bartolom\u00e9 Mitre (h) y Ernestina Herrera de Noble mientras se apropiaban de Papel Prensa en la sala de torturas o en su mal\u00e9fica definici\u00f3n de esa categor\u00eda infame: los desaparecidos.<\/div>\n<div><\/div>\n<div style=\"text-align: justify;\">Quiz\u00e1 la vida y la obra del finado, y sus socios civiles y eclesi\u00e1sticos, sea una de las pruebas m\u00e1s contundentes de la inexistencia de cualquier deidad. Queda claro que, en todo caso, dios no es argentino, pero como dijo Jos\u00e9 Saramago a prop\u00f3sito del 11-S: \u00abDios es inocente. Inocente como algo que no existe\u00bb (\u00abEl factor Dios\u00bb, Diario \u00abEl Pa\u00eds\u00bb, 18 de setiembre de 2001). Entonces, la sociedad nuestra deb\u00eda hacerse cargo de haber permitido y, en algunos casos, colaborado y festejado a estas lacras. Y lo hizo. De la mano y por impulso de Madres y Abuelas primero, de familiares y compa\u00f1eros luego. Por la voluntad pol\u00edtica de un ping\u00fcino l\u00facido y valiente. Conviene recordar que el mism\u00edsimo JRV galardon\u00f3 a N\u00e9stor y a Cristina con esta definici\u00f3n: \u00abLos Kirchner fueron lo peor que nos pas\u00f3\u00bb.<\/div>\n<div><\/div>\n<div style=\"text-align: justify;\">Mientras tanto, con paciencia infinita, sigo esperando las sabias y piadosas palabras del sucesor de Pedro, el muy argentino y cuervo se\u00f1or del Vaticano. Como sigo esperando que dejen de proteger a un condenado a perpetua por genocidio, Christian von Wernich.<\/div>\n<div><\/div>\n<div style=\"text-align: justify;\">Mientras tanto, con paciencia finita, leo a los grandes diarios nacionales y sus sucursales de pago chico redactar las necrol\u00f3gicas del tipo como si no hubiesen sido sus c\u00f3mplices medi\u00e1ticos, como si no se hubiesen beneficiado hasta la obscenidad con sus negociados infames. Ellos, que hoy declaman pureza moral \u00a0e independencia y reclaman por la corrupci\u00f3n estructural argentina. La corrupci\u00f3n, esa excusa esgrimida por cada golpe de Estado, desde 1930 hasta el 1976, en todos. Un ejemplo, s\u00f3lo uno, para ilustrar esta obra maestra de la hipocres\u00eda. El mendocino diario \u00abLos Andes\u00bb, en la bajada de su nota, al d\u00eda siguiente del deceso public\u00f3, textualmente: \u00abImpuso un salvaje sistema econ\u00f3mico\u00bb, como si el art\u00edculo nos trasladara a Mauritania o Singapur, al siglo XIX o ellos reci\u00e9n se hubiesen enterado de la cuesti\u00f3n buscando en Google.<\/div>\n<div><\/div>\n<div style=\"text-align: justify;\">Ayer, como hoy, los maestros del miedo, los embaucadores, los asaltantes del Estado de Derecho para instalar el Estado de Derecha, siempre listos para sembrar las semillas de hongos venenosos que nos intoxiquen y nos dejen fuera de combate.<\/div>\n<div><\/div>\n<div style=\"text-align: justify;\">El s\u00edmbolo armado de la Sociedad Rural y los grupos concentrados de la palabra y la imagen tendr\u00e1 su tumba, su lugar en el mundo. Y los cachorros de chacal podr\u00e1n ir a llorarlo, si es que.<\/div>\n","protected":false},"excerpt":{"rendered":"<p>A Silvia Ontivero No lamento su muerte. Lamento su vida. Que significa muerte, desaparici\u00f3n forzada de personas, robo de ni\u00f1os, destrucci\u00f3n de ciudadan\u00eda, aniquilaci\u00f3n del aparato productivo, monopolizaci\u00f3n y privatizaci\u00f3n de bienes y servicios p\u00fablicos, censura, terror estatal, genuflexi\u00f3n ante&hellip;<\/p>\n","protected":false},"author":922,"featured_media":52964,"comment_status":"closed","ping_status":"open","sticky":false,"template":"","format":"standard","meta":{"footnotes":""},"categories":[161,74,67],"tags":[441],"class_list":["post-52862","post","type-post","status-publish","format-standard","has-post-thumbnail","hentry","category-opiniones","category-politica-es","category-sudamerica","tag-derechos-humanos"],"yoast_head":"<!-- This site is optimized with the Yoast SEO plugin v27.1.1 - https:\/\/yoast.com\/product\/yoast-seo-wordpress\/ -->\n<title>JRV<\/title>\n<meta name=\"description\" content=\"A Silvia Ontivero No lamento su muerte. Lamento su vida. Que significa muerte, desaparici\u00f3n forzada de personas, robo de ni\u00f1os, destrucci\u00f3n de ciudadan\u00eda,\" \/>\n<meta name=\"robots\" content=\"index, follow, max-snippet:-1, max-image-preview:large, max-video-preview:-1\" \/>\n<link rel=\"canonical\" href=\"https:\/\/www.pressenza.com\/es\/2013\/05\/jrv\/\" \/>\n<meta property=\"og:locale\" content=\"es_ES\" \/>\n<meta property=\"og:type\" content=\"article\" \/>\n<meta property=\"og:title\" content=\"JRV\" \/>\n<meta property=\"og:description\" content=\"A Silvia Ontivero No lamento su muerte. Lamento su vida. Que significa muerte, desaparici\u00f3n forzada de personas, robo de ni\u00f1os, destrucci\u00f3n de ciudadan\u00eda,\" \/>\n<meta property=\"og:url\" content=\"https:\/\/www.pressenza.com\/es\/2013\/05\/jrv\/\" \/>\n<meta property=\"og:site_name\" content=\"Pressenza\" \/>\n<meta property=\"article:publisher\" content=\"https:\/\/www.facebook.com\/PressenzaItalia\" \/>\n<meta property=\"article:published_time\" content=\"2013-05-20T19:49:40+00:00\" \/>\n<meta property=\"article:modified_time\" content=\"2013-05-21T14:12:25+00:00\" \/>\n<meta property=\"og:image\" content=\"https:\/\/www.pressenza.com\/wp-content\/uploads\/2013\/05\/Videla-chico.jpg\" \/>\n\t<meta property=\"og:image:width\" content=\"500\" \/>\n\t<meta property=\"og:image:height\" content=\"688\" \/>\n\t<meta property=\"og:image:type\" content=\"image\/jpeg\" \/>\n<meta name=\"author\" content=\"Julio Rudman\" \/>\n<meta name=\"twitter:card\" content=\"summary_large_image\" \/>\n<meta name=\"twitter:creator\" content=\"@PressenzaIPA\" \/>\n<meta name=\"twitter:site\" content=\"@PressenzaIPA\" \/>\n<meta name=\"twitter:label1\" content=\"Escrito por\" \/>\n\t<meta name=\"twitter:data1\" content=\"Julio Rudman\" \/>\n\t<meta name=\"twitter:label2\" content=\"Tiempo de lectura\" \/>\n\t<meta name=\"twitter:data2\" content=\"3 minutos\" \/>\n<script type=\"application\/ld+json\" class=\"yoast-schema-graph\">{\"@context\":\"https:\/\/schema.org\",\"@graph\":[{\"@type\":\"Article\",\"@id\":\"https:\/\/www.pressenza.com\/es\/2013\/05\/jrv\/#article\",\"isPartOf\":{\"@id\":\"https:\/\/www.pressenza.com\/es\/2013\/05\/jrv\/\"},\"author\":{\"name\":\"Julio Rudman\",\"@id\":\"https:\/\/www.pressenza.com\/es\/#\/schema\/person\/bfb2123ddd224e1ceebc4f8ae8a61b3d\"},\"headline\":\"JRV\",\"datePublished\":\"2013-05-20T19:49:40+00:00\",\"dateModified\":\"2013-05-21T14:12:25+00:00\",\"mainEntityOfPage\":{\"@id\":\"https:\/\/www.pressenza.com\/es\/2013\/05\/jrv\/\"},\"wordCount\":660,\"publisher\":{\"@id\":\"https:\/\/www.pressenza.com\/es\/#organization\"},\"image\":{\"@id\":\"https:\/\/www.pressenza.com\/es\/2013\/05\/jrv\/#primaryimage\"},\"thumbnailUrl\":\"https:\/\/www.pressenza.com\/wp-content\/uploads\/2013\/05\/Videla-chico.jpg\",\"keywords\":[\"Derechos humanos\"],\"articleSection\":[\"Opiniones\",\"Pol\u00edtica\",\"Sudam\u00e9rica\"],\"inLanguage\":\"es\"},{\"@type\":\"WebPage\",\"@id\":\"https:\/\/www.pressenza.com\/es\/2013\/05\/jrv\/\",\"url\":\"https:\/\/www.pressenza.com\/es\/2013\/05\/jrv\/\",\"name\":\"JRV\",\"isPartOf\":{\"@id\":\"https:\/\/www.pressenza.com\/es\/#website\"},\"primaryImageOfPage\":{\"@id\":\"https:\/\/www.pressenza.com\/es\/2013\/05\/jrv\/#primaryimage\"},\"image\":{\"@id\":\"https:\/\/www.pressenza.com\/es\/2013\/05\/jrv\/#primaryimage\"},\"thumbnailUrl\":\"https:\/\/www.pressenza.com\/wp-content\/uploads\/2013\/05\/Videla-chico.jpg\",\"datePublished\":\"2013-05-20T19:49:40+00:00\",\"dateModified\":\"2013-05-21T14:12:25+00:00\",\"description\":\"A Silvia Ontivero No lamento su muerte. Lamento su vida. Que significa muerte, desaparici\u00f3n forzada de personas, robo de ni\u00f1os, destrucci\u00f3n de ciudadan\u00eda,\",\"breadcrumb\":{\"@id\":\"https:\/\/www.pressenza.com\/es\/2013\/05\/jrv\/#breadcrumb\"},\"inLanguage\":\"es\",\"potentialAction\":[{\"@type\":\"ReadAction\",\"target\":[\"https:\/\/www.pressenza.com\/es\/2013\/05\/jrv\/\"]}]},{\"@type\":\"ImageObject\",\"inLanguage\":\"es\",\"@id\":\"https:\/\/www.pressenza.com\/es\/2013\/05\/jrv\/#primaryimage\",\"url\":\"https:\/\/www.pressenza.com\/wp-content\/uploads\/2013\/05\/Videla-chico.jpg\",\"contentUrl\":\"https:\/\/www.pressenza.com\/wp-content\/uploads\/2013\/05\/Videla-chico.jpg\",\"width\":500,\"height\":688},{\"@type\":\"BreadcrumbList\",\"@id\":\"https:\/\/www.pressenza.com\/es\/2013\/05\/jrv\/#breadcrumb\",\"itemListElement\":[{\"@type\":\"ListItem\",\"position\":1,\"name\":\"Accueil\",\"item\":\"https:\/\/www.pressenza.com\/es\/\"},{\"@type\":\"ListItem\",\"position\":2,\"name\":\"JRV\"}]},{\"@type\":\"WebSite\",\"@id\":\"https:\/\/www.pressenza.com\/es\/#website\",\"url\":\"https:\/\/www.pressenza.com\/es\/\",\"name\":\"Pressenza\",\"description\":\"International Press Agency\",\"publisher\":{\"@id\":\"https:\/\/www.pressenza.com\/es\/#organization\"},\"potentialAction\":[{\"@type\":\"SearchAction\",\"target\":{\"@type\":\"EntryPoint\",\"urlTemplate\":\"https:\/\/www.pressenza.com\/es\/?s={search_term_string}\"},\"query-input\":{\"@type\":\"PropertyValueSpecification\",\"valueRequired\":true,\"valueName\":\"search_term_string\"}}],\"inLanguage\":\"es\"},{\"@type\":\"Organization\",\"@id\":\"https:\/\/www.pressenza.com\/es\/#organization\",\"name\":\"Pressenza\",\"url\":\"https:\/\/www.pressenza.com\/es\/\",\"logo\":{\"@type\":\"ImageObject\",\"inLanguage\":\"es\",\"@id\":\"https:\/\/www.pressenza.com\/es\/#\/schema\/logo\/image\/\",\"url\":\"https:\/\/www.pressenza.com\/wp-content\/uploads\/2022\/10\/pressenza_logo_200x200.jpg\",\"contentUrl\":\"https:\/\/www.pressenza.com\/wp-content\/uploads\/2022\/10\/pressenza_logo_200x200.jpg\",\"width\":200,\"height\":200,\"caption\":\"Pressenza\"},\"image\":{\"@id\":\"https:\/\/www.pressenza.com\/es\/#\/schema\/logo\/image\/\"},\"sameAs\":[\"https:\/\/www.facebook.com\/PressenzaItalia\",\"https:\/\/x.com\/PressenzaIPA\"]},{\"@type\":\"Person\",\"@id\":\"https:\/\/www.pressenza.com\/es\/#\/schema\/person\/bfb2123ddd224e1ceebc4f8ae8a61b3d\",\"name\":\"Julio Rudman\",\"url\":\"https:\/\/www.pressenza.com\/es\/author\/juliorudman\/\"}]}<\/script>\n<!-- \/ Yoast SEO plugin. -->","yoast_head_json":{"title":"JRV","description":"A Silvia Ontivero No lamento su muerte. Lamento su vida. Que significa muerte, desaparici\u00f3n forzada de personas, robo de ni\u00f1os, destrucci\u00f3n de ciudadan\u00eda,","robots":{"index":"index","follow":"follow","max-snippet":"max-snippet:-1","max-image-preview":"max-image-preview:large","max-video-preview":"max-video-preview:-1"},"canonical":"https:\/\/www.pressenza.com\/es\/2013\/05\/jrv\/","og_locale":"es_ES","og_type":"article","og_title":"JRV","og_description":"A Silvia Ontivero No lamento su muerte. Lamento su vida. Que significa muerte, desaparici\u00f3n forzada de personas, robo de ni\u00f1os, destrucci\u00f3n de ciudadan\u00eda,","og_url":"https:\/\/www.pressenza.com\/es\/2013\/05\/jrv\/","og_site_name":"Pressenza","article_publisher":"https:\/\/www.facebook.com\/PressenzaItalia","article_published_time":"2013-05-20T19:49:40+00:00","article_modified_time":"2013-05-21T14:12:25+00:00","og_image":[{"width":500,"height":688,"url":"https:\/\/www.pressenza.com\/wp-content\/uploads\/2013\/05\/Videla-chico.jpg","type":"image\/jpeg"}],"author":"Julio Rudman","twitter_card":"summary_large_image","twitter_creator":"@PressenzaIPA","twitter_site":"@PressenzaIPA","twitter_misc":{"Escrito por":"Julio Rudman","Tiempo de lectura":"3 minutos"},"schema":{"@context":"https:\/\/schema.org","@graph":[{"@type":"Article","@id":"https:\/\/www.pressenza.com\/es\/2013\/05\/jrv\/#article","isPartOf":{"@id":"https:\/\/www.pressenza.com\/es\/2013\/05\/jrv\/"},"author":{"name":"Julio Rudman","@id":"https:\/\/www.pressenza.com\/es\/#\/schema\/person\/bfb2123ddd224e1ceebc4f8ae8a61b3d"},"headline":"JRV","datePublished":"2013-05-20T19:49:40+00:00","dateModified":"2013-05-21T14:12:25+00:00","mainEntityOfPage":{"@id":"https:\/\/www.pressenza.com\/es\/2013\/05\/jrv\/"},"wordCount":660,"publisher":{"@id":"https:\/\/www.pressenza.com\/es\/#organization"},"image":{"@id":"https:\/\/www.pressenza.com\/es\/2013\/05\/jrv\/#primaryimage"},"thumbnailUrl":"https:\/\/www.pressenza.com\/wp-content\/uploads\/2013\/05\/Videla-chico.jpg","keywords":["Derechos humanos"],"articleSection":["Opiniones","Pol\u00edtica","Sudam\u00e9rica"],"inLanguage":"es"},{"@type":"WebPage","@id":"https:\/\/www.pressenza.com\/es\/2013\/05\/jrv\/","url":"https:\/\/www.pressenza.com\/es\/2013\/05\/jrv\/","name":"JRV","isPartOf":{"@id":"https:\/\/www.pressenza.com\/es\/#website"},"primaryImageOfPage":{"@id":"https:\/\/www.pressenza.com\/es\/2013\/05\/jrv\/#primaryimage"},"image":{"@id":"https:\/\/www.pressenza.com\/es\/2013\/05\/jrv\/#primaryimage"},"thumbnailUrl":"https:\/\/www.pressenza.com\/wp-content\/uploads\/2013\/05\/Videla-chico.jpg","datePublished":"2013-05-20T19:49:40+00:00","dateModified":"2013-05-21T14:12:25+00:00","description":"A Silvia Ontivero No lamento su muerte. Lamento su vida. Que significa muerte, desaparici\u00f3n forzada de personas, robo de ni\u00f1os, destrucci\u00f3n de ciudadan\u00eda,","breadcrumb":{"@id":"https:\/\/www.pressenza.com\/es\/2013\/05\/jrv\/#breadcrumb"},"inLanguage":"es","potentialAction":[{"@type":"ReadAction","target":["https:\/\/www.pressenza.com\/es\/2013\/05\/jrv\/"]}]},{"@type":"ImageObject","inLanguage":"es","@id":"https:\/\/www.pressenza.com\/es\/2013\/05\/jrv\/#primaryimage","url":"https:\/\/www.pressenza.com\/wp-content\/uploads\/2013\/05\/Videla-chico.jpg","contentUrl":"https:\/\/www.pressenza.com\/wp-content\/uploads\/2013\/05\/Videla-chico.jpg","width":500,"height":688},{"@type":"BreadcrumbList","@id":"https:\/\/www.pressenza.com\/es\/2013\/05\/jrv\/#breadcrumb","itemListElement":[{"@type":"ListItem","position":1,"name":"Accueil","item":"https:\/\/www.pressenza.com\/es\/"},{"@type":"ListItem","position":2,"name":"JRV"}]},{"@type":"WebSite","@id":"https:\/\/www.pressenza.com\/es\/#website","url":"https:\/\/www.pressenza.com\/es\/","name":"Pressenza","description":"International Press Agency","publisher":{"@id":"https:\/\/www.pressenza.com\/es\/#organization"},"potentialAction":[{"@type":"SearchAction","target":{"@type":"EntryPoint","urlTemplate":"https:\/\/www.pressenza.com\/es\/?s={search_term_string}"},"query-input":{"@type":"PropertyValueSpecification","valueRequired":true,"valueName":"search_term_string"}}],"inLanguage":"es"},{"@type":"Organization","@id":"https:\/\/www.pressenza.com\/es\/#organization","name":"Pressenza","url":"https:\/\/www.pressenza.com\/es\/","logo":{"@type":"ImageObject","inLanguage":"es","@id":"https:\/\/www.pressenza.com\/es\/#\/schema\/logo\/image\/","url":"https:\/\/www.pressenza.com\/wp-content\/uploads\/2022\/10\/pressenza_logo_200x200.jpg","contentUrl":"https:\/\/www.pressenza.com\/wp-content\/uploads\/2022\/10\/pressenza_logo_200x200.jpg","width":200,"height":200,"caption":"Pressenza"},"image":{"@id":"https:\/\/www.pressenza.com\/es\/#\/schema\/logo\/image\/"},"sameAs":["https:\/\/www.facebook.com\/PressenzaItalia","https:\/\/x.com\/PressenzaIPA"]},{"@type":"Person","@id":"https:\/\/www.pressenza.com\/es\/#\/schema\/person\/bfb2123ddd224e1ceebc4f8ae8a61b3d","name":"Julio Rudman","url":"https:\/\/www.pressenza.com\/es\/author\/juliorudman\/"}]}},"place":"Mendoza","original_article_url":"","_links":{"self":[{"href":"https:\/\/www.pressenza.com\/es\/wp-json\/wp\/v2\/posts\/52862","targetHints":{"allow":["GET"]}}],"collection":[{"href":"https:\/\/www.pressenza.com\/es\/wp-json\/wp\/v2\/posts"}],"about":[{"href":"https:\/\/www.pressenza.com\/es\/wp-json\/wp\/v2\/types\/post"}],"author":[{"embeddable":true,"href":"https:\/\/www.pressenza.com\/es\/wp-json\/wp\/v2\/users\/922"}],"replies":[{"embeddable":true,"href":"https:\/\/www.pressenza.com\/es\/wp-json\/wp\/v2\/comments?post=52862"}],"version-history":[{"count":0,"href":"https:\/\/www.pressenza.com\/es\/wp-json\/wp\/v2\/posts\/52862\/revisions"}],"wp:featuredmedia":[{"embeddable":true,"href":"https:\/\/www.pressenza.com\/es\/wp-json\/wp\/v2\/media\/52964"}],"wp:attachment":[{"href":"https:\/\/www.pressenza.com\/es\/wp-json\/wp\/v2\/media?parent=52862"}],"wp:term":[{"taxonomy":"category","embeddable":true,"href":"https:\/\/www.pressenza.com\/es\/wp-json\/wp\/v2\/categories?post=52862"},{"taxonomy":"post_tag","embeddable":true,"href":"https:\/\/www.pressenza.com\/es\/wp-json\/wp\/v2\/tags?post=52862"}],"curies":[{"name":"wp","href":"https:\/\/api.w.org\/{rel}","templated":true}]}}