{"id":52819,"date":"2013-05-20T00:18:22","date_gmt":"2013-05-19T23:18:22","guid":{"rendered":"http:\/\/www.pressenza.com\/?p=52819"},"modified":"2013-05-20T00:18:22","modified_gmt":"2013-05-19T23:18:22","slug":"videla-la-dictadura-y-los-que-nacimos-en-democracia","status":"publish","type":"post","link":"https:\/\/www.pressenza.com\/es\/2013\/05\/videla-la-dictadura-y-los-que-nacimos-en-democracia\/","title":{"rendered":"Videla, la dictadura y los que nacimos en democracia"},"content":{"rendered":"<p><strong>Por Pablo Mendez Shiff<\/strong><\/p>\n<p style=\"text-align: justify;\">Los nacidos en democracia, que representamos el 30% del padr\u00f3n que votar\u00e1 en las pr\u00f3ximas elecciones, no tenemos dimensi\u00f3n de lo que signific\u00f3 la dictadura en la vida cotidiana. Comparar aquellos a\u00f1os con los actuales nos permitir\u00e1 comprender los avances que hemos dado como sociedad en estos 30 a\u00f1os de democracia, en tiempos en que los t\u00e9rminos son banalizados.<\/p>\n<p style=\"text-align: justify;\">La muerte del dictador Jorge Rafael Videla conmovi\u00f3 profundamente a la sociedad argentina; oblig\u00f3 a hacer un nuevo balance sobre los a\u00f1os de plomo que azotaron al pa\u00eds durante la \u00faltima dictadura c\u00edvico-militar que \u00e9l comand\u00f3 entre 1976 y 1981.\u00a0Dirigentes pol\u00edticos de todos los sectores, representantes de organismos de derechos humanos, sobrevivientes, argentinos que debieron exiliarse, nietos recuperados, repudiaron su figura y hablaron sobre lo que represent\u00f3 su gobierno.<\/p>\n<p>Los an\u00e1lisis y comentarios se extendieron por todos los portales de noticias y, claro, las redes sociales. En Twitter fue notable, por ejemplo, la participaci\u00f3n que tuvo la defensora de represores Cecilia Pando. La activista, que fue la primera en confirmar e fallecimiento de Videla, manifest\u00f3 su pesar y compar\u00f3 a la presidenta Cristina Fern\u00e1ndez de Kirchner con el ex presidente de facto. En un curioso giro de su discurso, dijo estar en contra de toda dictadura y le pidi\u00f3 a la actual mandataria que \u201cdeje de imitar a Videla\u201d (sic).<\/p>\n<p style=\"text-align: justify;\">La mayor\u00eda de los usuarios de Twitter no tard\u00f3 en responderle a Pando, quien adem\u00e1s reaviv\u00f3 la teor\u00eda de los dos demonios e insult\u00f3 a la periodista Miriam Lewin. El repudio fue casi un\u00e1nime y ninguno de los que se expresaron tuvo miedo de hacerlo. Todos sab\u00edan que no les pod\u00eda pasar nada por expresar su opini\u00f3n en la esfera p\u00fablica. Cuando me percat\u00e9 de eso, pens\u00e9 que era un buen ejemplo para comparar aquellos a\u00f1os con los tiempos que corren. Aquellos que nacimos en democracia y configuramos el 30% del padr\u00f3n que votar\u00e1 en las pr\u00f3ximas elecciones conocemos el horror de la dictadura por la documentaci\u00f3n y los testimonios que hemos le\u00eddo. Podemos hablar con soltura del horror y pedir justicia por los cr\u00edmenes de lesa humanidad, pero muchas veces no tenemos la noci\u00f3n concreta, real, palpable, de lo que era vivir bajo el reino del terror absoluto.<\/p>\n<p>Cuando gobernaban Videla y sus secuaces de la Junta Militar, aquellos que se opon\u00edan al r\u00e9gimen eran perseguidos, en algunos casos secuestrados y asesinados, en otros detenidos y en todos, absolutamente todos, eran condenados a pasar sus d\u00edas con miedo. Jos\u00e9 Pablo Feinmann cuenta, por ejemplo, que desarroll\u00f3 una dura enfermedad producto del p\u00e1nico que sent\u00eda, del terror de pensar que un grupo de tareas iba a entrar a su casa, a la que cerraba con siete llaves. Eso era la dictadura: vivir con miedo permanente y no saber qu\u00e9\u00a0 te pod\u00eda llegar pasar a vos, a tus seres queridos, a tus conocidos, a tus vecinos. No hab\u00eda reglas y no se pod\u00eda recurrir a ninguna instituci\u00f3n: el Congreso estaba cerrado, los miembros del Poder Judicial hab\u00edan tenido que firmar bajo el Estatuto del Proceso que anulaba la Constituci\u00f3n Nacional. Hubo pocos h\u00e9roes, como los abogados que presentaron recursos de h\u00e1beas corpus y los jueces que los aceptaron, pero los organismos de derechos humanos debieron mayormente recurrir a la presi\u00f3n internacional para visibilizar lo que la dictadura se obstinaba en esconder.<\/p>\n<p>La desaparici\u00f3n forzada de personas fue el mecanismo m\u00e1s vil empleado por los dictadores, algo que se conoce como la peculiaridad argentina. Los opositores no fueron solamente detenidos de manera ilegal, secuestrados, torturados y asesinados, sino que sus cuerpos fueron desaparecidos del mapa: los borraron de un plumazo como si nunca hubieran existido. Esta brutalidad impact\u00f3 en las familias de cada una de esas personas: los esperaron, siguieron falsas pistas sobre sus paraderos, no pudieron velarlos. La mayor\u00eda de los familiares no pudo ver el cuerpo de sus seres queridos, no tiene tumbas a las que ir a llorarlos. No pudieron duelarlos de acuerdo a los par\u00e1metros civilizatorios que comparte la humanidad.<\/p>\n<p>Un aspecto importante de la \u00faltima dictadura es el que tiene que ver con la vida cotidiana, algo que los j\u00f3venes de hoy no sabemos apreciar de manera suficiente, algo que no alcanzamos a ver con la fuerza y la potencia que merece. En aquellos a\u00f1os, los varones no pod\u00edan usar el pelo largo, mucho menos aritos, las mujeres ten\u00edan que vestirse de manera \u201crecatada\u201d. Nadie se sent\u00eda seguro para \u00a1hablar! de pol\u00edtica por temor a lo que le pudiera pasar. Hab\u00eda que salir s\u00ed o s\u00ed con el documento en el bolsillo y estar preparado para que en cualquier lugar \u2013en el colectivo, en la universidad, en el tren, en la calle- las fuerzas de seguridad pudieran hacer una requisa, sin m\u00e1s motivos que la voluntad de sus agentes. Las parejas no se pod\u00edan besar en las calles ni en las plazas. A los detenidos de la colectividad jud\u00eda les hac\u00edan repetir consignas nazis. Los gays y las lesbianas deb\u00edan vivir puertas para adentro, sin visibilizar ni sus preferencias sexuales ni exteriorizar muestras de cari\u00f1o.<\/p>\n<p>En la democracia contempor\u00e1nea subsisten problemas, por supuesto. Se conocen casos de gatillo f\u00e1cil, de discriminaci\u00f3n por orientaci\u00f3n sexual, de represi\u00f3n a pueblos originarios, etc\u00e9tera. Pero la diferencia radica en que, ante cualquier atropello que podamos sufrir, los ciudadanos tenemos instituciones a las que acudir. El Congreso est\u00e1 abierto, la Justicia funciona libremente, hay medios de comunicaci\u00f3n con diferentes l\u00edneas ideol\u00f3gicas. Adem\u00e1s, la sociedad civil es muy activa y tiene muchas organizaciones que defienden a diferentes grupos postergados. En definitiva, el poder p\u00fablico no est\u00e1 concentrado y eso significa, en los hechos, que nadie puede hacer lo que se le antoje con nosotros. Este andamiaje institucional repercuti\u00f3 obviamente en la sociedad argentina, que hoy es mucho m\u00e1s abierta y democr\u00e1tica que en 1976.<\/p>\n<p>La confianza en las instituciones democr\u00e1ticas, sin embargo, no es un fen\u00f3meno que se haya producido de manera instant\u00e1nea y permanente. Despu\u00e9s de las promesas iniciales de Ra\u00fal Alfons\u00edn y la importancia hist\u00f3rica del Juicio a las Juntas, lleg\u00f3 su claudicaci\u00f3n cuando impuls\u00f3 la sanci\u00f3n de las leyes de Obediencia Debida y Punto Final. M\u00e1s tarde fue el turno de Carlos Menem y su indulto a los jerarcas, que eran los \u00fanicos que segu\u00edan en la c\u00e1rcel. El ef\u00edmero gobierno de Fernando de la R\u00faa no hizo nada por terminar con la impunidad y hasta se neg\u00f3 a que algunos acusados fueran extraditados a Espa\u00f1a, donde el juez Baltasar Garz\u00f3n tramitaba causas judiciales. En su breve interinato, Eduardo Duhalde quiso dar vuelta la p\u00e1gina, como si nada hubiera pasado.<\/p>\n<p style=\"text-align: justify;\">Y tuvo que llegar N\u00e9stor Kirchner para demostrar que la Justicia era posible; es m\u00e1s, para demostrar que la condena a los cr\u00edmenes de la dictadura era una condici\u00f3n necesaria para la consolidaci\u00f3n de la legitimidad democr\u00e1tica. No solamente recogi\u00f3 las demandas hist\u00f3ricas de los organismos y consigui\u00f3 que se deroguen las leyes de impunidad, sino que adem\u00e1s demostr\u00f3, en todo momento, que no iba a dar marcha atr\u00e1s en el tema. En un pa\u00eds que estaba devastado tras la crisis de 2001 y en el que nadie cre\u00eda en nadie, mucho menos en la dirigencia pol\u00edtica, vino un presidente que cumpli\u00f3 con su palabra. Yo ten\u00eda 15 a\u00f1os cuando N\u00e9stor baj\u00f3 los cuadros de Videla y Bignone del Colegio Militar. Llor\u00e9 en ese momento y vuelvo a llorar cada vez que miro ese video. Si alguien quiere analizar por qu\u00e9 tantos j\u00f3venes se sienten identificados con el kirchnerismo, no tienen m\u00e1s que remontarse a aquel momento inicial de reparaci\u00f3n. Fue un momento, un instante en el que muchos sentimos que hab\u00eda motivos para creer en ese hombre que ven\u00eda del Sur y que pon\u00eda sobre la mesa algo que muchos quer\u00edan olvidar.<\/p>\n<p>Desde los sectores progresistas, celebraron la valent\u00eda de Kirchner y desde los sectores m\u00e1s conservadores lo acusaron de oportunista y vengativo. En ese sentido se inscriben las primeras cr\u00edticas que recibi\u00f3 su gobierno, tanto del diario La Naci\u00f3n como de gobernadores del PJ y de Mirtha Legrand, con su famoso \u201cSe viene el zurdaje\u201d.<\/p>\n<p>El ciclo kirchnerista vino a cicatrizar las heridas de la \u00fanica manera en que se puede hacer, con Justicia. Sin ella, no hay posibilidad alguna de avance en materia democr\u00e1tica. Me parece importante que nosotros, los que nacimos en democracia, hagamos el esfuerzo de reconocer lo logrado y de dimensionar lo que era vivir en una dictadura salvaje. Me parece importante que pensemos en las cosas que hacemos ahora, desde las m\u00e1s fr\u00edvolas a las m\u00e1s serias, y tratemos de ver si las pod\u00edamos hacer en ese entonces. Ese es el mejor ejercicio de reflexi\u00f3n y memoria que podemos hacer para construir una ciudadan\u00eda democr\u00e1tica, sobre todo en tiempos en que dirigentes irresponsables como Elisa Carri\u00f3 dicen que estamos viviendo en una \u201cdictadura avasalladora\u201d de la que s\u00f3lo puede defendernos el Grupo Clar\u00edn.<\/p>\n","protected":false},"excerpt":{"rendered":"<p>Por Pablo Mendez Shiff Los nacidos en democracia, que representamos el 30% del padr\u00f3n que votar\u00e1 en las pr\u00f3ximas elecciones, no tenemos dimensi\u00f3n de lo que signific\u00f3 la dictadura en la vida cotidiana. Comparar aquellos a\u00f1os con los actuales nos&hellip;<\/p>\n","protected":false},"author":494,"featured_media":52821,"comment_status":"closed","ping_status":"open","sticky":false,"template":"","format":"standard","meta":{"footnotes":""},"categories":[79,161,67],"tags":[696,441],"class_list":["post-52819","post","type-post","status-publish","format-standard","has-post-thumbnail","hentry","category-derechos-humanos","category-opiniones","category-sudamerica","tag-democracia","tag-derechos-humanos"],"yoast_head":"<!-- This site is optimized with the Yoast SEO plugin v27.1.1 - https:\/\/yoast.com\/product\/yoast-seo-wordpress\/ -->\n<title>Videla, la dictadura y los que nacimos en democracia<\/title>\n<meta name=\"description\" content=\"Por Pablo Mendez Shiff Los nacidos en democracia, que representamos el 30% del padr\u00f3n que votar\u00e1 en las pr\u00f3ximas elecciones, no tenemos dimensi\u00f3n de lo\" \/>\n<meta name=\"robots\" content=\"index, follow, max-snippet:-1, max-image-preview:large, max-video-preview:-1\" \/>\n<link rel=\"canonical\" href=\"https:\/\/www.pressenza.com\/es\/2013\/05\/videla-la-dictadura-y-los-que-nacimos-en-democracia\/\" \/>\n<meta property=\"og:locale\" content=\"es_ES\" \/>\n<meta property=\"og:type\" content=\"article\" \/>\n<meta property=\"og:title\" content=\"Videla, la dictadura y los que nacimos en democracia\" \/>\n<meta property=\"og:description\" content=\"Por Pablo Mendez Shiff Los nacidos en democracia, que representamos el 30% del padr\u00f3n que votar\u00e1 en las pr\u00f3ximas elecciones, no tenemos dimensi\u00f3n de lo\" \/>\n<meta property=\"og:url\" content=\"https:\/\/www.pressenza.com\/es\/2013\/05\/videla-la-dictadura-y-los-que-nacimos-en-democracia\/\" \/>\n<meta property=\"og:site_name\" content=\"Pressenza\" \/>\n<meta property=\"article:publisher\" content=\"https:\/\/www.facebook.com\/PressenzaItalia\" \/>\n<meta property=\"article:author\" content=\"https:\/\/www.facebook.com\/AgenciaTELAM\" \/>\n<meta property=\"article:published_time\" content=\"2013-05-19T23:18:22+00:00\" \/>\n<meta property=\"og:image\" content=\"https:\/\/www.pressenza.com\/wp-content\/uploads\/2013\/05\/5198c9af3ca89_510x338.jpg\" \/>\n\t<meta property=\"og:image:width\" content=\"510\" \/>\n\t<meta property=\"og:image:height\" content=\"338\" \/>\n\t<meta property=\"og:image:type\" content=\"image\/jpeg\" \/>\n<meta name=\"author\" content=\"T\u00e9lam - Agencia Nacional de Noticias de la Rep\u00fablica Argentina\" \/>\n<meta name=\"twitter:card\" content=\"summary_large_image\" \/>\n<meta name=\"twitter:creator\" content=\"@AgenciaTelam\" \/>\n<meta name=\"twitter:site\" content=\"@PressenzaIPA\" \/>\n<meta name=\"twitter:label1\" content=\"Escrito por\" \/>\n\t<meta name=\"twitter:data1\" content=\"T\u00e9lam - Agencia Nacional de Noticias de la Rep\u00fablica Argentina\" \/>\n\t<meta name=\"twitter:label2\" content=\"Tiempo de lectura\" \/>\n\t<meta name=\"twitter:data2\" content=\"8 minutos\" \/>\n<script type=\"application\/ld+json\" class=\"yoast-schema-graph\">{\"@context\":\"https:\/\/schema.org\",\"@graph\":[{\"@type\":\"Article\",\"@id\":\"https:\/\/www.pressenza.com\/es\/2013\/05\/videla-la-dictadura-y-los-que-nacimos-en-democracia\/#article\",\"isPartOf\":{\"@id\":\"https:\/\/www.pressenza.com\/es\/2013\/05\/videla-la-dictadura-y-los-que-nacimos-en-democracia\/\"},\"author\":{\"name\":\"T\u00e9lam - Agencia Nacional de Noticias de la Rep\u00fablica Argentina\",\"@id\":\"https:\/\/www.pressenza.com\/es\/#\/schema\/person\/f1a879435e38cd8f69eac14ebf21489e\"},\"headline\":\"Videla, la dictadura y los que nacimos en democracia\",\"datePublished\":\"2013-05-19T23:18:22+00:00\",\"mainEntityOfPage\":{\"@id\":\"https:\/\/www.pressenza.com\/es\/2013\/05\/videla-la-dictadura-y-los-que-nacimos-en-democracia\/\"},\"wordCount\":1600,\"publisher\":{\"@id\":\"https:\/\/www.pressenza.com\/es\/#organization\"},\"image\":{\"@id\":\"https:\/\/www.pressenza.com\/es\/2013\/05\/videla-la-dictadura-y-los-que-nacimos-en-democracia\/#primaryimage\"},\"thumbnailUrl\":\"https:\/\/www.pressenza.com\/wp-content\/uploads\/2013\/05\/5198c9af3ca89_510x338.jpg\",\"keywords\":[\"Democracia\",\"Derechos humanos\"],\"articleSection\":[\"Derechos Humanos\",\"Opiniones\",\"Sudam\u00e9rica\"],\"inLanguage\":\"es\"},{\"@type\":\"WebPage\",\"@id\":\"https:\/\/www.pressenza.com\/es\/2013\/05\/videla-la-dictadura-y-los-que-nacimos-en-democracia\/\",\"url\":\"https:\/\/www.pressenza.com\/es\/2013\/05\/videla-la-dictadura-y-los-que-nacimos-en-democracia\/\",\"name\":\"Videla, la dictadura y los que nacimos en democracia\",\"isPartOf\":{\"@id\":\"https:\/\/www.pressenza.com\/es\/#website\"},\"primaryImageOfPage\":{\"@id\":\"https:\/\/www.pressenza.com\/es\/2013\/05\/videla-la-dictadura-y-los-que-nacimos-en-democracia\/#primaryimage\"},\"image\":{\"@id\":\"https:\/\/www.pressenza.com\/es\/2013\/05\/videla-la-dictadura-y-los-que-nacimos-en-democracia\/#primaryimage\"},\"thumbnailUrl\":\"https:\/\/www.pressenza.com\/wp-content\/uploads\/2013\/05\/5198c9af3ca89_510x338.jpg\",\"datePublished\":\"2013-05-19T23:18:22+00:00\",\"description\":\"Por Pablo Mendez Shiff Los nacidos en democracia, que representamos el 30% del padr\u00f3n que votar\u00e1 en las pr\u00f3ximas elecciones, no tenemos dimensi\u00f3n de lo\",\"breadcrumb\":{\"@id\":\"https:\/\/www.pressenza.com\/es\/2013\/05\/videla-la-dictadura-y-los-que-nacimos-en-democracia\/#breadcrumb\"},\"inLanguage\":\"es\",\"potentialAction\":[{\"@type\":\"ReadAction\",\"target\":[\"https:\/\/www.pressenza.com\/es\/2013\/05\/videla-la-dictadura-y-los-que-nacimos-en-democracia\/\"]}]},{\"@type\":\"ImageObject\",\"inLanguage\":\"es\",\"@id\":\"https:\/\/www.pressenza.com\/es\/2013\/05\/videla-la-dictadura-y-los-que-nacimos-en-democracia\/#primaryimage\",\"url\":\"https:\/\/www.pressenza.com\/wp-content\/uploads\/2013\/05\/5198c9af3ca89_510x338.jpg\",\"contentUrl\":\"https:\/\/www.pressenza.com\/wp-content\/uploads\/2013\/05\/5198c9af3ca89_510x338.jpg\",\"width\":510,\"height\":338},{\"@type\":\"BreadcrumbList\",\"@id\":\"https:\/\/www.pressenza.com\/es\/2013\/05\/videla-la-dictadura-y-los-que-nacimos-en-democracia\/#breadcrumb\",\"itemListElement\":[{\"@type\":\"ListItem\",\"position\":1,\"name\":\"Accueil\",\"item\":\"https:\/\/www.pressenza.com\/es\/\"},{\"@type\":\"ListItem\",\"position\":2,\"name\":\"Videla, la dictadura y los que nacimos en democracia\"}]},{\"@type\":\"WebSite\",\"@id\":\"https:\/\/www.pressenza.com\/es\/#website\",\"url\":\"https:\/\/www.pressenza.com\/es\/\",\"name\":\"Pressenza\",\"description\":\"International Press Agency\",\"publisher\":{\"@id\":\"https:\/\/www.pressenza.com\/es\/#organization\"},\"potentialAction\":[{\"@type\":\"SearchAction\",\"target\":{\"@type\":\"EntryPoint\",\"urlTemplate\":\"https:\/\/www.pressenza.com\/es\/?s={search_term_string}\"},\"query-input\":{\"@type\":\"PropertyValueSpecification\",\"valueRequired\":true,\"valueName\":\"search_term_string\"}}],\"inLanguage\":\"es\"},{\"@type\":\"Organization\",\"@id\":\"https:\/\/www.pressenza.com\/es\/#organization\",\"name\":\"Pressenza\",\"url\":\"https:\/\/www.pressenza.com\/es\/\",\"logo\":{\"@type\":\"ImageObject\",\"inLanguage\":\"es\",\"@id\":\"https:\/\/www.pressenza.com\/es\/#\/schema\/logo\/image\/\",\"url\":\"https:\/\/www.pressenza.com\/wp-content\/uploads\/2022\/10\/pressenza_logo_200x200.jpg\",\"contentUrl\":\"https:\/\/www.pressenza.com\/wp-content\/uploads\/2022\/10\/pressenza_logo_200x200.jpg\",\"width\":200,\"height\":200,\"caption\":\"Pressenza\"},\"image\":{\"@id\":\"https:\/\/www.pressenza.com\/es\/#\/schema\/logo\/image\/\"},\"sameAs\":[\"https:\/\/www.facebook.com\/PressenzaItalia\",\"https:\/\/x.com\/PressenzaIPA\"]},{\"@type\":\"Person\",\"@id\":\"https:\/\/www.pressenza.com\/es\/#\/schema\/person\/f1a879435e38cd8f69eac14ebf21489e\",\"name\":\"T\u00e9lam - Agencia Nacional de Noticias de la Rep\u00fablica Argentina\",\"description\":\"T\u00e9lam es una de las grandes agencias de noticias a nivel regional. El prestigio, acceso a fuentes oficiales, la cobertura en todo el territorio nacional y corresponsal\u00edas en el exterior; y la responsabilidad en el tratamiento informativo son caracter\u00edsticas que colocan a T\u00e9lam en referente period\u00edstico confiable y cre\u00edble en el pa\u00eds y en el mundo. Sostiene un servicio actualizado, detallado y original en diversos formatos, las 24 horas del d\u00eda, todos los d\u00edas del a\u00f1o. Es l\u00edder en el mercado nacional y sostiene alianzas a nivel regional y mundial que le permiten expandir los servicios period\u00edsticos. Suministra sus productos v\u00eda on line, tanto a nivel local como internacional. En la actualidad, la Agencia suma a sus servicios tradicionales, nuevos desaf\u00edos a partir de la realizaci\u00f3n de producciones multimedia para diversas plataformas. www.telam.com.ar\",\"sameAs\":[\"https:\/\/www.facebook.com\/AgenciaTELAM\",\"https:\/\/x.com\/AgenciaTelam\"],\"url\":\"https:\/\/www.pressenza.com\/es\/author\/telam\/\"}]}<\/script>\n<!-- \/ Yoast SEO plugin. -->","yoast_head_json":{"title":"Videla, la dictadura y los que nacimos en democracia","description":"Por Pablo Mendez Shiff Los nacidos en democracia, que representamos el 30% del padr\u00f3n que votar\u00e1 en las pr\u00f3ximas elecciones, no tenemos dimensi\u00f3n de lo","robots":{"index":"index","follow":"follow","max-snippet":"max-snippet:-1","max-image-preview":"max-image-preview:large","max-video-preview":"max-video-preview:-1"},"canonical":"https:\/\/www.pressenza.com\/es\/2013\/05\/videla-la-dictadura-y-los-que-nacimos-en-democracia\/","og_locale":"es_ES","og_type":"article","og_title":"Videla, la dictadura y los que nacimos en democracia","og_description":"Por Pablo Mendez Shiff Los nacidos en democracia, que representamos el 30% del padr\u00f3n que votar\u00e1 en las pr\u00f3ximas elecciones, no tenemos dimensi\u00f3n de lo","og_url":"https:\/\/www.pressenza.com\/es\/2013\/05\/videla-la-dictadura-y-los-que-nacimos-en-democracia\/","og_site_name":"Pressenza","article_publisher":"https:\/\/www.facebook.com\/PressenzaItalia","article_author":"https:\/\/www.facebook.com\/AgenciaTELAM","article_published_time":"2013-05-19T23:18:22+00:00","og_image":[{"width":510,"height":338,"url":"https:\/\/www.pressenza.com\/wp-content\/uploads\/2013\/05\/5198c9af3ca89_510x338.jpg","type":"image\/jpeg"}],"author":"T\u00e9lam - Agencia Nacional de Noticias de la Rep\u00fablica Argentina","twitter_card":"summary_large_image","twitter_creator":"@AgenciaTelam","twitter_site":"@PressenzaIPA","twitter_misc":{"Escrito por":"T\u00e9lam - Agencia Nacional de Noticias de la Rep\u00fablica Argentina","Tiempo de lectura":"8 minutos"},"schema":{"@context":"https:\/\/schema.org","@graph":[{"@type":"Article","@id":"https:\/\/www.pressenza.com\/es\/2013\/05\/videla-la-dictadura-y-los-que-nacimos-en-democracia\/#article","isPartOf":{"@id":"https:\/\/www.pressenza.com\/es\/2013\/05\/videla-la-dictadura-y-los-que-nacimos-en-democracia\/"},"author":{"name":"T\u00e9lam - Agencia Nacional de Noticias de la Rep\u00fablica Argentina","@id":"https:\/\/www.pressenza.com\/es\/#\/schema\/person\/f1a879435e38cd8f69eac14ebf21489e"},"headline":"Videla, la dictadura y los que nacimos en democracia","datePublished":"2013-05-19T23:18:22+00:00","mainEntityOfPage":{"@id":"https:\/\/www.pressenza.com\/es\/2013\/05\/videla-la-dictadura-y-los-que-nacimos-en-democracia\/"},"wordCount":1600,"publisher":{"@id":"https:\/\/www.pressenza.com\/es\/#organization"},"image":{"@id":"https:\/\/www.pressenza.com\/es\/2013\/05\/videla-la-dictadura-y-los-que-nacimos-en-democracia\/#primaryimage"},"thumbnailUrl":"https:\/\/www.pressenza.com\/wp-content\/uploads\/2013\/05\/5198c9af3ca89_510x338.jpg","keywords":["Democracia","Derechos humanos"],"articleSection":["Derechos Humanos","Opiniones","Sudam\u00e9rica"],"inLanguage":"es"},{"@type":"WebPage","@id":"https:\/\/www.pressenza.com\/es\/2013\/05\/videla-la-dictadura-y-los-que-nacimos-en-democracia\/","url":"https:\/\/www.pressenza.com\/es\/2013\/05\/videla-la-dictadura-y-los-que-nacimos-en-democracia\/","name":"Videla, la dictadura y los que nacimos en democracia","isPartOf":{"@id":"https:\/\/www.pressenza.com\/es\/#website"},"primaryImageOfPage":{"@id":"https:\/\/www.pressenza.com\/es\/2013\/05\/videla-la-dictadura-y-los-que-nacimos-en-democracia\/#primaryimage"},"image":{"@id":"https:\/\/www.pressenza.com\/es\/2013\/05\/videla-la-dictadura-y-los-que-nacimos-en-democracia\/#primaryimage"},"thumbnailUrl":"https:\/\/www.pressenza.com\/wp-content\/uploads\/2013\/05\/5198c9af3ca89_510x338.jpg","datePublished":"2013-05-19T23:18:22+00:00","description":"Por Pablo Mendez Shiff Los nacidos en democracia, que representamos el 30% del padr\u00f3n que votar\u00e1 en las pr\u00f3ximas elecciones, no tenemos dimensi\u00f3n de lo","breadcrumb":{"@id":"https:\/\/www.pressenza.com\/es\/2013\/05\/videla-la-dictadura-y-los-que-nacimos-en-democracia\/#breadcrumb"},"inLanguage":"es","potentialAction":[{"@type":"ReadAction","target":["https:\/\/www.pressenza.com\/es\/2013\/05\/videla-la-dictadura-y-los-que-nacimos-en-democracia\/"]}]},{"@type":"ImageObject","inLanguage":"es","@id":"https:\/\/www.pressenza.com\/es\/2013\/05\/videla-la-dictadura-y-los-que-nacimos-en-democracia\/#primaryimage","url":"https:\/\/www.pressenza.com\/wp-content\/uploads\/2013\/05\/5198c9af3ca89_510x338.jpg","contentUrl":"https:\/\/www.pressenza.com\/wp-content\/uploads\/2013\/05\/5198c9af3ca89_510x338.jpg","width":510,"height":338},{"@type":"BreadcrumbList","@id":"https:\/\/www.pressenza.com\/es\/2013\/05\/videla-la-dictadura-y-los-que-nacimos-en-democracia\/#breadcrumb","itemListElement":[{"@type":"ListItem","position":1,"name":"Accueil","item":"https:\/\/www.pressenza.com\/es\/"},{"@type":"ListItem","position":2,"name":"Videla, la dictadura y los que nacimos en democracia"}]},{"@type":"WebSite","@id":"https:\/\/www.pressenza.com\/es\/#website","url":"https:\/\/www.pressenza.com\/es\/","name":"Pressenza","description":"International Press Agency","publisher":{"@id":"https:\/\/www.pressenza.com\/es\/#organization"},"potentialAction":[{"@type":"SearchAction","target":{"@type":"EntryPoint","urlTemplate":"https:\/\/www.pressenza.com\/es\/?s={search_term_string}"},"query-input":{"@type":"PropertyValueSpecification","valueRequired":true,"valueName":"search_term_string"}}],"inLanguage":"es"},{"@type":"Organization","@id":"https:\/\/www.pressenza.com\/es\/#organization","name":"Pressenza","url":"https:\/\/www.pressenza.com\/es\/","logo":{"@type":"ImageObject","inLanguage":"es","@id":"https:\/\/www.pressenza.com\/es\/#\/schema\/logo\/image\/","url":"https:\/\/www.pressenza.com\/wp-content\/uploads\/2022\/10\/pressenza_logo_200x200.jpg","contentUrl":"https:\/\/www.pressenza.com\/wp-content\/uploads\/2022\/10\/pressenza_logo_200x200.jpg","width":200,"height":200,"caption":"Pressenza"},"image":{"@id":"https:\/\/www.pressenza.com\/es\/#\/schema\/logo\/image\/"},"sameAs":["https:\/\/www.facebook.com\/PressenzaItalia","https:\/\/x.com\/PressenzaIPA"]},{"@type":"Person","@id":"https:\/\/www.pressenza.com\/es\/#\/schema\/person\/f1a879435e38cd8f69eac14ebf21489e","name":"T\u00e9lam - Agencia Nacional de Noticias de la Rep\u00fablica Argentina","description":"T\u00e9lam es una de las grandes agencias de noticias a nivel regional. El prestigio, acceso a fuentes oficiales, la cobertura en todo el territorio nacional y corresponsal\u00edas en el exterior; y la responsabilidad en el tratamiento informativo son caracter\u00edsticas que colocan a T\u00e9lam en referente period\u00edstico confiable y cre\u00edble en el pa\u00eds y en el mundo. Sostiene un servicio actualizado, detallado y original en diversos formatos, las 24 horas del d\u00eda, todos los d\u00edas del a\u00f1o. Es l\u00edder en el mercado nacional y sostiene alianzas a nivel regional y mundial que le permiten expandir los servicios period\u00edsticos. Suministra sus productos v\u00eda on line, tanto a nivel local como internacional. En la actualidad, la Agencia suma a sus servicios tradicionales, nuevos desaf\u00edos a partir de la realizaci\u00f3n de producciones multimedia para diversas plataformas. www.telam.com.ar","sameAs":["https:\/\/www.facebook.com\/AgenciaTELAM","https:\/\/x.com\/AgenciaTelam"],"url":"https:\/\/www.pressenza.com\/es\/author\/telam\/"}]}},"place":"Buenos Aires","original_article_url":"","_links":{"self":[{"href":"https:\/\/www.pressenza.com\/es\/wp-json\/wp\/v2\/posts\/52819","targetHints":{"allow":["GET"]}}],"collection":[{"href":"https:\/\/www.pressenza.com\/es\/wp-json\/wp\/v2\/posts"}],"about":[{"href":"https:\/\/www.pressenza.com\/es\/wp-json\/wp\/v2\/types\/post"}],"author":[{"embeddable":true,"href":"https:\/\/www.pressenza.com\/es\/wp-json\/wp\/v2\/users\/494"}],"replies":[{"embeddable":true,"href":"https:\/\/www.pressenza.com\/es\/wp-json\/wp\/v2\/comments?post=52819"}],"version-history":[{"count":0,"href":"https:\/\/www.pressenza.com\/es\/wp-json\/wp\/v2\/posts\/52819\/revisions"}],"wp:featuredmedia":[{"embeddable":true,"href":"https:\/\/www.pressenza.com\/es\/wp-json\/wp\/v2\/media\/52821"}],"wp:attachment":[{"href":"https:\/\/www.pressenza.com\/es\/wp-json\/wp\/v2\/media?parent=52819"}],"wp:term":[{"taxonomy":"category","embeddable":true,"href":"https:\/\/www.pressenza.com\/es\/wp-json\/wp\/v2\/categories?post=52819"},{"taxonomy":"post_tag","embeddable":true,"href":"https:\/\/www.pressenza.com\/es\/wp-json\/wp\/v2\/tags?post=52819"}],"curies":[{"name":"wp","href":"https:\/\/api.w.org\/{rel}","templated":true}]}}